{"id":1946,"date":"2023-08-09T00:03:42","date_gmt":"2023-08-09T06:03:42","guid":{"rendered":"https:\/\/masquenoticias.mx\/?p=1946"},"modified":"2023-08-09T00:03:42","modified_gmt":"2023-08-09T06:03:42","slug":"movilidad-colima-convoca-a-revision-vehicular-a-taxis-en-manzanillo-y-minatitlan","status":"publish","type":"post","link":"https:\/\/masquenoticias.mx\/index.php\/2023\/08\/09\/movilidad-colima-convoca-a-revision-vehicular-a-taxis-en-manzanillo-y-minatitlan\/","title":{"rendered":"Movilidad Colima convoca a revisi\u00f3n vehicular a taxis en Manzanillo y Minatitl\u00e1n"},"content":{"rendered":"<p>El Gobierno del Estado de Colima, a trav\u00e9s de la Subsecretar\u00eda de Movilidad (Subsemov) convoca a la revisi\u00f3n vehicular 2023, dirigida a personas concesionarias de veh\u00edculos de transporte p\u00fablico individual y taxis en los municipios de Manzanillo y Minatitl\u00e1n, iniciativa que tiene como objetivo garantizar la seguridad, calidad y eficiencia en el servicio de transporte p\u00fablico en la regi\u00f3n, promoviendo un ambiente seguro y confiable para las personas usuarias y conductoras por igual.<\/p>\n<p>La revisi\u00f3n f\u00edsica de las unidades automotrices se efectuar\u00e1 en las oficinas de Movilidad en Manzanillo, ubicadas en calle El\u00edas Zamora Verduzco #2213, colonia Valle de las Garzas, de 3:00 a 7:00 de la tarde, hasta el 11 de agosto del presente a\u00f1o 2023. Este proceso permitir\u00e1 evaluar exhaustivamente el estado t\u00e9cnico y funcional de los veh\u00edculos, asegurando que cumplan con los requisitos establecidos en t\u00e9rminos de seguridad, emisiones y condiciones generales.<\/p>\n<p>La importancia de la revista vehicular radica en el compromiso del Gobierno del Estado de Colima con la seguridad y bienestar de la poblaci\u00f3n. Los veh\u00edculos de transporte p\u00fablico individual o taxis son una parte esencial de la movilidad urbana y, por lo tanto, es fundamental que se encuentren en \u00f3ptimas condiciones, para brindar un servicio confiable y seguro.<\/p>\n<p>Mediante esta revisi\u00f3n, se busca identificar y corregir posibles problemas mec\u00e1nicos, el\u00e9ctricos o estructurales que eventualmente pongan en riesgo la seguridad de las personas usuarias y conductoras. Asimismo, la revisi\u00f3n vehicular contribuye a reducir la emisi\u00f3n de contaminantes al ambiente, apoyando los esfuerzos de la administraci\u00f3n que encabeza la gobernadora Indira Vizca\u00edno Silva, por promover una movilidad m\u00e1s sustentable y amigable con el entorno.<\/p>\n<p>Subsemov exhort\u00f3 a todas las personas concesionarias de veh\u00edculos de transporte p\u00fablico individual y taxis de Manzanillo y Minatitl\u00e1n, para cumplir con este importante proceso de revisi\u00f3n. La seguridad y la calidad del servicio dependen en gran medida del compromiso de cada actor(a) en la cadena de movilidad.<\/p>\n","protected":false},"excerpt":{"rendered":"<p>El Gobierno del Estado de Colima, a trav\u00e9s de la Subsecretar\u00eda de Movilidad (Subsemov) convoca a la revisi\u00f3n vehicular 2023, dirigida a personas concesionarias de veh\u00edculos de transporte p\u00fablico individual y taxis en los municipios de Manzanillo y Minatitl\u00e1n, iniciativa que tiene como objetivo garantizar la seguridad, calidad y eficiencia en el servicio de transporte [&hellip;]<\/p>\n","protected":false},"author":1,"featured_media":1947,"comment_status":"open","ping_status":"open","sticky":false,"template":"","format":"standard","meta":{"_jetpack_memberships_contains_paid_content":false,"footnotes":""},"categories":[24],"tags":[37,191],"class_list":["post-1946","post","type-post","status-publish","format-standard","has-post-thumbnail","hentry","category-estado","tag-manzanillo","tag-subsemov"],"yoast_head":"<!-- This site is optimized with the Yoast SEO plugin v26.6 - https:\/\/yoast.com\/wordpress\/plugins\/seo\/ -->\n<title>Movilidad Colima convoca a revisi\u00f3n vehicular a taxis en Manzanillo y Minatitl\u00e1n - M\u00e1s Que Noticias<\/title>\n<meta name=\"robots\" content=\"index, follow, max-snippet:-1, max-image-preview:large, max-video-preview:-1\" \/>\n<link rel=\"canonical\" href=\"https:\/\/masquenoticias.mx\/index.php\/2023\/08\/09\/movilidad-colima-convoca-a-revision-vehicular-a-taxis-en-manzanillo-y-minatitlan\/\" \/>\n<meta property=\"og:locale\" content=\"es_MX\" \/>\n<meta property=\"og:type\" content=\"article\" \/>\n<meta property=\"og:title\" content=\"Movilidad Colima convoca a revisi\u00f3n vehicular a taxis en Manzanillo y Minatitl\u00e1n - M\u00e1s Que Noticias\" \/>\n<meta property=\"og:description\" content=\"El Gobierno del Estado de Colima, a trav\u00e9s de la Subsecretar\u00eda de Movilidad (Subsemov) convoca a la revisi\u00f3n vehicular 2023, dirigida a personas concesionarias de veh\u00edculos de transporte p\u00fablico individual y taxis en los municipios de Manzanillo y Minatitl\u00e1n, iniciativa que tiene como objetivo garantizar la seguridad, calidad y eficiencia en el servicio de transporte [&hellip;]\" \/>\n<meta property=\"og:url\" content=\"https:\/\/masquenoticias.mx\/index.php\/2023\/08\/09\/movilidad-colima-convoca-a-revision-vehicular-a-taxis-en-manzanillo-y-minatitlan\/\" \/>\n<meta property=\"og:site_name\" content=\"M\u00e1s Que Noticias\" \/>\n<meta property=\"article:publisher\" content=\"https:\/\/www.facebook.com\/masquenoticiascolima\" \/>\n<meta property=\"article:published_time\" content=\"2023-08-09T06:03:42+00:00\" \/>\n<meta property=\"og:image\" content=\"https:\/\/i0.wp.com\/masquenoticias.mx\/wp-content\/uploads\/2023\/08\/WhatsApp-Image-2023-08-08-at-1.58.42-PM-jpeg.webp?fit=1280%2C853&ssl=1\" \/>\n\t<meta property=\"og:image:width\" content=\"1280\" \/>\n\t<meta property=\"og:image:height\" content=\"853\" \/>\n\t<meta property=\"og:image:type\" content=\"image\/jpeg\" \/>\n<meta name=\"author\" content=\"Redacci\u00f3n\" \/>\n<meta name=\"twitter:card\" content=\"summary_large_image\" \/>\n<meta name=\"twitter:creator\" content=\"@edgartove\" \/>\n<meta name=\"twitter:site\" content=\"@edgartove\" \/>\n<meta name=\"twitter:label1\" content=\"Escrito por\" \/>\n\t<meta name=\"twitter:data1\" content=\"Redacci\u00f3n\" \/>\n\t<meta name=\"twitter:label2\" content=\"Tiempo de lectura\" \/>\n\t<meta name=\"twitter:data2\" content=\"2 minutos\" \/>\n<script type=\"application\/ld+json\" class=\"yoast-schema-graph\">{\"@context\":\"https:\/\/schema.org\",\"@graph\":[{\"@type\":\"Article\",\"@id\":\"https:\/\/masquenoticias.mx\/index.php\/2023\/08\/09\/movilidad-colima-convoca-a-revision-vehicular-a-taxis-en-manzanillo-y-minatitlan\/#article\",\"isPartOf\":{\"@id\":\"https:\/\/masquenoticias.mx\/index.php\/2023\/08\/09\/movilidad-colima-convoca-a-revision-vehicular-a-taxis-en-manzanillo-y-minatitlan\/\"},\"author\":{\"name\":\"Redacci\u00f3n\",\"@id\":\"https:\/\/masquenoticias.mx\/#\/schema\/person\/544d19989ef23d34615f691f7a96e622\"},\"headline\":\"Movilidad Colima convoca a revisi\u00f3n vehicular a taxis en Manzanillo y Minatitl\u00e1n\",\"datePublished\":\"2023-08-09T06:03:42+00:00\",\"mainEntityOfPage\":{\"@id\":\"https:\/\/masquenoticias.mx\/index.php\/2023\/08\/09\/movilidad-colima-convoca-a-revision-vehicular-a-taxis-en-manzanillo-y-minatitlan\/\"},\"wordCount\":355,\"commentCount\":0,\"publisher\":{\"@id\":\"https:\/\/masquenoticias.mx\/#organization\"},\"image\":{\"@id\":\"https:\/\/masquenoticias.mx\/index.php\/2023\/08\/09\/movilidad-colima-convoca-a-revision-vehicular-a-taxis-en-manzanillo-y-minatitlan\/#primaryimage\"},\"thumbnailUrl\":\"https:\/\/i0.wp.com\/masquenoticias.mx\/wp-content\/uploads\/2023\/08\/WhatsApp-Image-2023-08-08-at-1.58.42-PM-jpeg.webp?fit=1280%2C853&ssl=1\",\"keywords\":[\"Manzanillo\",\"Subsemov\"],\"articleSection\":[\"Estado\"],\"inLanguage\":\"es\",\"potentialAction\":[{\"@type\":\"CommentAction\",\"name\":\"Comment\",\"target\":[\"https:\/\/masquenoticias.mx\/index.php\/2023\/08\/09\/movilidad-colima-convoca-a-revision-vehicular-a-taxis-en-manzanillo-y-minatitlan\/#respond\"]}]},{\"@type\":\"WebPage\",\"@id\":\"https:\/\/masquenoticias.mx\/index.php\/2023\/08\/09\/movilidad-colima-convoca-a-revision-vehicular-a-taxis-en-manzanillo-y-minatitlan\/\",\"url\":\"https:\/\/masquenoticias.mx\/index.php\/2023\/08\/09\/movilidad-colima-convoca-a-revision-vehicular-a-taxis-en-manzanillo-y-minatitlan\/\",\"name\":\"Movilidad Colima convoca a revisi\u00f3n vehicular a taxis en Manzanillo y Minatitl\u00e1n - M\u00e1s Que Noticias\",\"isPartOf\":{\"@id\":\"https:\/\/masquenoticias.mx\/#website\"},\"primaryImageOfPage\":{\"@id\":\"https:\/\/masquenoticias.mx\/index.php\/2023\/08\/09\/movilidad-colima-convoca-a-revision-vehicular-a-taxis-en-manzanillo-y-minatitlan\/#primaryimage\"},\"image\":{\"@id\":\"https:\/\/masquenoticias.mx\/index.php\/2023\/08\/09\/movilidad-colima-convoca-a-revision-vehicular-a-taxis-en-manzanillo-y-minatitlan\/#primaryimage\"},\"thumbnailUrl\":\"https:\/\/i0.wp.com\/masquenoticias.mx\/wp-content\/uploads\/2023\/08\/WhatsApp-Image-2023-08-08-at-1.58.42-PM-jpeg.webp?fit=1280%2C853&ssl=1\",\"datePublished\":\"2023-08-09T06:03:42+00:00\",\"breadcrumb\":{\"@id\":\"https:\/\/masquenoticias.mx\/index.php\/2023\/08\/09\/movilidad-colima-convoca-a-revision-vehicular-a-taxis-en-manzanillo-y-minatitlan\/#breadcrumb\"},\"inLanguage\":\"es\",\"potentialAction\":[{\"@type\":\"ReadAction\",\"target\":[\"https:\/\/masquenoticias.mx\/index.php\/2023\/08\/09\/movilidad-colima-convoca-a-revision-vehicular-a-taxis-en-manzanillo-y-minatitlan\/\"]}]},{\"@type\":\"ImageObject\",\"inLanguage\":\"es\",\"@id\":\"https:\/\/masquenoticias.mx\/index.php\/2023\/08\/09\/movilidad-colima-convoca-a-revision-vehicular-a-taxis-en-manzanillo-y-minatitlan\/#primaryimage\",\"url\":\"https:\/\/i0.wp.com\/masquenoticias.mx\/wp-content\/uploads\/2023\/08\/WhatsApp-Image-2023-08-08-at-1.58.42-PM-jpeg.webp?fit=1280%2C853&ssl=1\",\"contentUrl\":\"https:\/\/i0.wp.com\/masquenoticias.mx\/wp-content\/uploads\/2023\/08\/WhatsApp-Image-2023-08-08-at-1.58.42-PM-jpeg.webp?fit=1280%2C853&ssl=1\",\"width\":1280,\"height\":853},{\"@type\":\"BreadcrumbList\",\"@id\":\"https:\/\/masquenoticias.mx\/index.php\/2023\/08\/09\/movilidad-colima-convoca-a-revision-vehicular-a-taxis-en-manzanillo-y-minatitlan\/#breadcrumb\",\"itemListElement\":[{\"@type\":\"ListItem\",\"position\":1,\"name\":\"Inicio\",\"item\":\"https:\/\/masquenoticias.mx\/\"},{\"@type\":\"ListItem\",\"position\":2,\"name\":\"Movilidad Colima convoca a revisi\u00f3n vehicular a taxis en Manzanillo y Minatitl\u00e1n\"}]},{\"@type\":\"WebSite\",\"@id\":\"https:\/\/masquenoticias.mx\/#website\",\"url\":\"https:\/\/masquenoticias.mx\/\",\"name\":\"M\u00e1s Que Noticias\",\"description\":\"Noticias de Colima, M\u00e9xico y el Mundo\",\"publisher\":{\"@id\":\"https:\/\/masquenoticias.mx\/#organization\"},\"potentialAction\":[{\"@type\":\"SearchAction\",\"target\":{\"@type\":\"EntryPoint\",\"urlTemplate\":\"https:\/\/masquenoticias.mx\/?s={search_term_string}\"},\"query-input\":{\"@type\":\"PropertyValueSpecification\",\"valueRequired\":true,\"valueName\":\"search_term_string\"}}],\"inLanguage\":\"es\"},{\"@type\":\"Organization\",\"@id\":\"https:\/\/masquenoticias.mx\/#organization\",\"name\":\"M\u00e1s Que Noticias\",\"url\":\"https:\/\/masquenoticias.mx\/\",\"logo\":{\"@type\":\"ImageObject\",\"inLanguage\":\"es\",\"@id\":\"https:\/\/masquenoticias.mx\/#\/schema\/logo\/image\/\",\"url\":\"https:\/\/i0.wp.com\/masquenoticias.mx\/wp-content\/uploads\/2024\/04\/IMG_0004.png?fit=2560%2C1656&ssl=1\",\"contentUrl\":\"https:\/\/i0.wp.com\/masquenoticias.mx\/wp-content\/uploads\/2024\/04\/IMG_0004.png?fit=2560%2C1656&ssl=1\",\"width\":2560,\"height\":1656,\"caption\":\"M\u00e1s Que Noticias\"},\"image\":{\"@id\":\"https:\/\/masquenoticias.mx\/#\/schema\/logo\/image\/\"},\"sameAs\":[\"https:\/\/www.facebook.com\/masquenoticiascolima\",\"https:\/\/x.com\/edgartove\",\"https:\/\/www.instagram.com\/masquenoticiascolima\/\"]},{\"@type\":\"Person\",\"@id\":\"https:\/\/masquenoticias.mx\/#\/schema\/person\/544d19989ef23d34615f691f7a96e622\",\"name\":\"Redacci\u00f3n\",\"image\":{\"@type\":\"ImageObject\",\"inLanguage\":\"es\",\"@id\":\"https:\/\/masquenoticias.mx\/#\/schema\/person\/image\/\",\"url\":\"https:\/\/secure.gravatar.com\/avatar\/7fcc926d5b058d3f3d52d95b4d05dd58?s=96&d=mm&r=g\",\"contentUrl\":\"https:\/\/secure.gravatar.com\/avatar\/7fcc926d5b058d3f3d52d95b4d05dd58?s=96&d=mm&r=g\",\"caption\":\"Redacci\u00f3n\"},\"sameAs\":[\"http:\/\/masquenoticias.mx\"],\"url\":\"https:\/\/masquenoticias.mx\/index.php\/author\/edgartovegmail-com\/\"}]}<\/script>\n<!-- \/ Yoast SEO plugin. -->","yoast_head_json":{"title":"Movilidad Colima convoca a revisi\u00f3n vehicular a taxis en Manzanillo y Minatitl\u00e1n - M\u00e1s Que Noticias","robots":{"index":"index","follow":"follow","max-snippet":"max-snippet:-1","max-image-preview":"max-image-preview:large","max-video-preview":"max-video-preview:-1"},"canonical":"https:\/\/masquenoticias.mx\/index.php\/2023\/08\/09\/movilidad-colima-convoca-a-revision-vehicular-a-taxis-en-manzanillo-y-minatitlan\/","og_locale":"es_MX","og_type":"article","og_title":"Movilidad Colima convoca a revisi\u00f3n vehicular a taxis en Manzanillo y Minatitl\u00e1n - M\u00e1s Que Noticias","og_description":"El Gobierno del Estado de Colima, a trav\u00e9s de la Subsecretar\u00eda de Movilidad (Subsemov) convoca a la revisi\u00f3n vehicular 2023, dirigida a personas concesionarias de veh\u00edculos de transporte p\u00fablico individual y taxis en los municipios de Manzanillo y Minatitl\u00e1n, iniciativa que tiene como objetivo garantizar la seguridad, calidad y eficiencia en el servicio de transporte [&hellip;]","og_url":"https:\/\/masquenoticias.mx\/index.php\/2023\/08\/09\/movilidad-colima-convoca-a-revision-vehicular-a-taxis-en-manzanillo-y-minatitlan\/","og_site_name":"M\u00e1s Que Noticias","article_publisher":"https:\/\/www.facebook.com\/masquenoticiascolima","article_published_time":"2023-08-09T06:03:42+00:00","og_image":[{"width":1280,"height":853,"url":"https:\/\/i0.wp.com\/masquenoticias.mx\/wp-content\/uploads\/2023\/08\/WhatsApp-Image-2023-08-08-at-1.58.42-PM-jpeg.webp?fit=1280%2C853&ssl=1","type":"image\/jpeg"}],"author":"Redacci\u00f3n","twitter_card":"summary_large_image","twitter_creator":"@edgartove","twitter_site":"@edgartove","twitter_misc":{"Escrito por":"Redacci\u00f3n","Tiempo de lectura":"2 minutos"},"schema":{"@context":"https:\/\/schema.org","@graph":[{"@type":"Article","@id":"https:\/\/masquenoticias.mx\/index.php\/2023\/08\/09\/movilidad-colima-convoca-a-revision-vehicular-a-taxis-en-manzanillo-y-minatitlan\/#article","isPartOf":{"@id":"https:\/\/masquenoticias.mx\/index.php\/2023\/08\/09\/movilidad-colima-convoca-a-revision-vehicular-a-taxis-en-manzanillo-y-minatitlan\/"},"author":{"name":"Redacci\u00f3n","@id":"https:\/\/masquenoticias.mx\/#\/schema\/person\/544d19989ef23d34615f691f7a96e622"},"headline":"Movilidad Colima convoca a revisi\u00f3n vehicular a taxis en Manzanillo y Minatitl\u00e1n","datePublished":"2023-08-09T06:03:42+00:00","mainEntityOfPage":{"@id":"https:\/\/masquenoticias.mx\/index.php\/2023\/08\/09\/movilidad-colima-convoca-a-revision-vehicular-a-taxis-en-manzanillo-y-minatitlan\/"},"wordCount":355,"commentCount":0,"publisher":{"@id":"https:\/\/masquenoticias.mx\/#organization"},"image":{"@id":"https:\/\/masquenoticias.mx\/index.php\/2023\/08\/09\/movilidad-colima-convoca-a-revision-vehicular-a-taxis-en-manzanillo-y-minatitlan\/#primaryimage"},"thumbnailUrl":"https:\/\/i0.wp.com\/masquenoticias.mx\/wp-content\/uploads\/2023\/08\/WhatsApp-Image-2023-08-08-at-1.58.42-PM-jpeg.webp?fit=1280%2C853&ssl=1","keywords":["Manzanillo","Subsemov"],"articleSection":["Estado"],"inLanguage":"es","potentialAction":[{"@type":"CommentAction","name":"Comment","target":["https:\/\/masquenoticias.mx\/index.php\/2023\/08\/09\/movilidad-colima-convoca-a-revision-vehicular-a-taxis-en-manzanillo-y-minatitlan\/#respond"]}]},{"@type":"WebPage","@id":"https:\/\/masquenoticias.mx\/index.php\/2023\/08\/09\/movilidad-colima-convoca-a-revision-vehicular-a-taxis-en-manzanillo-y-minatitlan\/","url":"https:\/\/masquenoticias.mx\/index.php\/2023\/08\/09\/movilidad-colima-convoca-a-revision-vehicular-a-taxis-en-manzanillo-y-minatitlan\/","name":"Movilidad Colima convoca a revisi\u00f3n vehicular a taxis en Manzanillo y Minatitl\u00e1n - M\u00e1s Que Noticias","isPartOf":{"@id":"https:\/\/masquenoticias.mx\/#website"},"primaryImageOfPage":{"@id":"https:\/\/masquenoticias.mx\/index.php\/2023\/08\/09\/movilidad-colima-convoca-a-revision-vehicular-a-taxis-en-manzanillo-y-minatitlan\/#primaryimage"},"image":{"@id":"https:\/\/masquenoticias.mx\/index.php\/2023\/08\/09\/movilidad-colima-convoca-a-revision-vehicular-a-taxis-en-manzanillo-y-minatitlan\/#primaryimage"},"thumbnailUrl":"https:\/\/i0.wp.com\/masquenoticias.mx\/wp-content\/uploads\/2023\/08\/WhatsApp-Image-2023-08-08-at-1.58.42-PM-jpeg.webp?fit=1280%2C853&ssl=1","datePublished":"2023-08-09T06:03:42+00:00","breadcrumb":{"@id":"https:\/\/masquenoticias.mx\/index.php\/2023\/08\/09\/movilidad-colima-convoca-a-revision-vehicular-a-taxis-en-manzanillo-y-minatitlan\/#breadcrumb"},"inLanguage":"es","potentialAction":[{"@type":"ReadAction","target":["https:\/\/masquenoticias.mx\/index.php\/2023\/08\/09\/movilidad-colima-convoca-a-revision-vehicular-a-taxis-en-manzanillo-y-minatitlan\/"]}]},{"@type":"ImageObject","inLanguage":"es","@id":"https:\/\/masquenoticias.mx\/index.php\/2023\/08\/09\/movilidad-colima-convoca-a-revision-vehicular-a-taxis-en-manzanillo-y-minatitlan\/#primaryimage","url":"https:\/\/i0.wp.com\/masquenoticias.mx\/wp-content\/uploads\/2023\/08\/WhatsApp-Image-2023-08-08-at-1.58.42-PM-jpeg.webp?fit=1280%2C853&ssl=1","contentUrl":"https:\/\/i0.wp.com\/masquenoticias.mx\/wp-content\/uploads\/2023\/08\/WhatsApp-Image-2023-08-08-at-1.58.42-PM-jpeg.webp?fit=1280%2C853&ssl=1","width":1280,"height":853},{"@type":"BreadcrumbList","@id":"https:\/\/masquenoticias.mx\/index.php\/2023\/08\/09\/movilidad-colima-convoca-a-revision-vehicular-a-taxis-en-manzanillo-y-minatitlan\/#breadcrumb","itemListElement":[{"@type":"ListItem","position":1,"name":"Inicio","item":"https:\/\/masquenoticias.mx\/"},{"@type":"ListItem","position":2,"name":"Movilidad Colima convoca a revisi\u00f3n vehicular a taxis en Manzanillo y Minatitl\u00e1n"}]},{"@type":"WebSite","@id":"https:\/\/masquenoticias.mx\/#website","url":"https:\/\/masquenoticias.mx\/","name":"M\u00e1s Que Noticias","description":"Noticias de Colima, M\u00e9xico y el Mundo","publisher":{"@id":"https:\/\/masquenoticias.mx\/#organization"},"potentialAction":[{"@type":"SearchAction","target":{"@type":"EntryPoint","urlTemplate":"https:\/\/masquenoticias.mx\/?s={search_term_string}"},"query-input":{"@type":"PropertyValueSpecification","valueRequired":true,"valueName":"search_term_string"}}],"inLanguage":"es"},{"@type":"Organization","@id":"https:\/\/masquenoticias.mx\/#organization","name":"M\u00e1s Que Noticias","url":"https:\/\/masquenoticias.mx\/","logo":{"@type":"ImageObject","inLanguage":"es","@id":"https:\/\/masquenoticias.mx\/#\/schema\/logo\/image\/","url":"https:\/\/i0.wp.com\/masquenoticias.mx\/wp-content\/uploads\/2024\/04\/IMG_0004.png?fit=2560%2C1656&ssl=1","contentUrl":"https:\/\/i0.wp.com\/masquenoticias.mx\/wp-content\/uploads\/2024\/04\/IMG_0004.png?fit=2560%2C1656&ssl=1","width":2560,"height":1656,"caption":"M\u00e1s Que Noticias"},"image":{"@id":"https:\/\/masquenoticias.mx\/#\/schema\/logo\/image\/"},"sameAs":["https:\/\/www.facebook.com\/masquenoticiascolima","https:\/\/x.com\/edgartove","https:\/\/www.instagram.com\/masquenoticiascolima\/"]},{"@type":"Person","@id":"https:\/\/masquenoticias.mx\/#\/schema\/person\/544d19989ef23d34615f691f7a96e622","name":"Redacci\u00f3n","image":{"@type":"ImageObject","inLanguage":"es","@id":"https:\/\/masquenoticias.mx\/#\/schema\/person\/image\/","url":"https:\/\/secure.gravatar.com\/avatar\/7fcc926d5b058d3f3d52d95b4d05dd58?s=96&d=mm&r=g","contentUrl":"https:\/\/secure.gravatar.com\/avatar\/7fcc926d5b058d3f3d52d95b4d05dd58?s=96&d=mm&r=g","caption":"Redacci\u00f3n"},"sameAs":["http:\/\/masquenoticias.mx"],"url":"https:\/\/masquenoticias.mx\/index.php\/author\/edgartovegmail-com\/"}]}},"jetpack_featured_media_url":"https:\/\/i0.wp.com\/masquenoticias.mx\/wp-content\/uploads\/2023\/08\/WhatsApp-Image-2023-08-08-at-1.58.42-PM-jpeg.webp?fit=1280%2C853&ssl=1","blog_post_layout_featured_media_urls":{"thumbnail":["https:\/\/i0.wp.com\/masquenoticias.mx\/wp-content\/uploads\/2023\/08\/WhatsApp-Image-2023-08-08-at-1.58.42-PM-jpeg.webp?resize=150%2C150&ssl=1",150,150,true],"full":["https:\/\/i0.wp.com\/masquenoticias.mx\/wp-content\/uploads\/2023\/08\/WhatsApp-Image-2023-08-08-at-1.58.42-PM-jpeg.webp?fit=1280%2C853&ssl=1",1280,853,false]},"categories_names":{"24":{"name":"Estado","link":"https:\/\/masquenoticias.mx\/index.php\/category\/estado\/"}},"tags_names":{"37":{"name":"Manzanillo","link":"https:\/\/masquenoticias.mx\/index.php\/tag\/manzanillo\/"},"191":{"name":"Subsemov","link":"https:\/\/masquenoticias.mx\/index.php\/tag\/subsemov\/"}},"comments_number":"0","wpmagazine_modules_lite_featured_media_urls":{"thumbnail":["https:\/\/i0.wp.com\/masquenoticias.mx\/wp-content\/uploads\/2023\/08\/WhatsApp-Image-2023-08-08-at-1.58.42-PM-jpeg.webp?resize=150%2C150&ssl=1",150,150,true],"cvmm-medium":["https:\/\/i0.wp.com\/masquenoticias.mx\/wp-content\/uploads\/2023\/08\/WhatsApp-Image-2023-08-08-at-1.58.42-PM-jpeg.webp?resize=300%2C300&ssl=1",300,300,true],"cvmm-medium-plus":["https:\/\/i0.wp.com\/masquenoticias.mx\/wp-content\/uploads\/2023\/08\/WhatsApp-Image-2023-08-08-at-1.58.42-PM-jpeg.webp?resize=305%2C207&ssl=1",305,207,true],"cvmm-portrait":["https:\/\/i0.wp.com\/masquenoticias.mx\/wp-content\/uploads\/2023\/08\/WhatsApp-Image-2023-08-08-at-1.58.42-PM-jpeg.webp?resize=400%2C600&ssl=1",400,600,true],"cvmm-medium-square":["https:\/\/i0.wp.com\/masquenoticias.mx\/wp-content\/uploads\/2023\/08\/WhatsApp-Image-2023-08-08-at-1.58.42-PM-jpeg.webp?resize=600%2C600&ssl=1",600,600,true],"cvmm-large":["https:\/\/i0.wp.com\/masquenoticias.mx\/wp-content\/uploads\/2023\/08\/WhatsApp-Image-2023-08-08-at-1.58.42-PM-jpeg.webp?resize=1024%2C853&ssl=1",1024,853,true],"cvmm-small":["https:\/\/i0.wp.com\/masquenoticias.mx\/wp-content\/uploads\/2023\/08\/WhatsApp-Image-2023-08-08-at-1.58.42-PM-jpeg.webp?resize=130%2C95&ssl=1",130,95,true],"full":["https:\/\/i0.wp.com\/masquenoticias.mx\/wp-content\/uploads\/2023\/08\/WhatsApp-Image-2023-08-08-at-1.58.42-PM-jpeg.webp?fit=1280%2C853&ssl=1",1280,853,false]},"jetpack-related-posts":[],"jetpack_sharing_enabled":true,"jetpack_likes_enabled":true,"jetpack_shortlink":"https:\/\/wp.me\/pf7pkt-vo","_links":{"self":[{"href":"https:\/\/masquenoticias.mx\/index.php\/wp-json\/wp\/v2\/posts\/1946","targetHints":{"allow":["GET"]}}],"collection":[{"href":"https:\/\/masquenoticias.mx\/index.php\/wp-json\/wp\/v2\/posts"}],"about":[{"href":"https:\/\/masquenoticias.mx\/index.php\/wp-json\/wp\/v2\/types\/post"}],"author":[{"embeddable":true,"href":"https:\/\/masquenoticias.mx\/index.php\/wp-json\/wp\/v2\/users\/1"}],"replies":[{"embeddable":true,"href":"https:\/\/masquenoticias.mx\/index.php\/wp-json\/wp\/v2\/comments?post=1946"}],"version-history":[{"count":0,"href":"https:\/\/masquenoticias.mx\/index.php\/wp-json\/wp\/v2\/posts\/1946\/revisions"}],"wp:featuredmedia":[{"embeddable":true,"href":"https:\/\/masquenoticias.mx\/index.php\/wp-json\/wp\/v2\/media\/1947"}],"wp:attachment":[{"href":"https:\/\/masquenoticias.mx\/index.php\/wp-json\/wp\/v2\/media?parent=1946"}],"wp:term":[{"taxonomy":"category","embeddable":true,"href":"https:\/\/masquenoticias.mx\/index.php\/wp-json\/wp\/v2\/categories?post=1946"},{"taxonomy":"post_tag","embeddable":true,"href":"https:\/\/masquenoticias.mx\/index.php\/wp-json\/wp\/v2\/tags?post=1946"}],"curies":[{"name":"wp","href":"https:\/\/api.w.org\/{rel}","templated":true}]}}