{"id":19293,"date":"2025-10-21T22:12:45","date_gmt":"2025-10-22T04:12:45","guid":{"rendered":"https:\/\/masquenoticias.mx\/?p=19293"},"modified":"2025-10-21T22:12:45","modified_gmt":"2025-10-22T04:12:45","slug":"rosi-bayardo-el-puerto-de-manzanillo-es-orgullo-de-las-y-los-colimenses-construyamos-juntas-y-juntos-su-futuro","status":"publish","type":"post","link":"https:\/\/masquenoticias.mx\/index.php\/2025\/10\/21\/rosi-bayardo-el-puerto-de-manzanillo-es-orgullo-de-las-y-los-colimenses-construyamos-juntas-y-juntos-su-futuro\/","title":{"rendered":"Rosi Bayardo: El puerto de Manzanillo es orgullo de las y los colimenses; construyamos juntas y juntos su futuro"},"content":{"rendered":"\n<p><\/p>\n\n\n\n<p>La presidenta municipal de Manzanillo, Rosa Mar\u00eda Bayardo Cabrera, encabez\u00f3 la Ceremonia Solemne por los 200 a\u00f1os de Manzanillo como Puerto de Cabotaje y Altura, desde el Muelle de Cruceros Tur\u00edsticos en el Centro Hist\u00f3rico de Manzanillo.<\/p>\n\n\n\n<p>Desde ah\u00ed, reconoci\u00f3 el \u00e1nimo aguerrido de las y los manzanillenses y colimenses, as\u00ed como su capacidad de trabajo y esfuerzo constante, que ha hecho posible que el Puerto de Manzanillo sea hoy la puerta comercial de M\u00e9xico al mundo.<\/p>\n\n\n\n<p>\u201cAl puerto lo moldearon miles de manos con el paso del tiempo; lo construyeron d\u00eda a d\u00eda generaciones y generaciones de manzanillenses, de colimenses, pero tambi\u00e9n de personas que llegaron a nuestro municipio y amaron profundamente a esta tierra\u201d, destac\u00f3.<\/p>\n\n\n\n<p>La presidenta destac\u00f3 la estrecha coordinaci\u00f3n entre los tres niveles de gobierno, que ha permitido impulsar un crecimiento portuario sin precedentes, y agreg\u00f3 que su ampliaci\u00f3n debe traducirse en bienestar y justicia social.<br \/>\u200b\u200b\u200b\u200b\u200b<br \/>\u201cEste puerto es motivo de orgullo para todas y todos los colimenses, y en ese sentido, nos corresponde a todas y todos involucrarnos en su progreso y en su provenir\u201d, subray\u00f3 Rosi Bayardo.<br \/>\u200b\u200b\u200b\u200b\u200b\u200b<br \/>RECONOCIMIENTO A QUIENES HAN DEJADO HUELLA<\/p>\n\n\n\n<p>Como parte de la ceremonia, la presidenta municipal entreg\u00f3 reconocimientos a quienes han contribuido al desarrollo del puerto:\u200b<br \/>\u200b<br \/>Guillermo Woodward Rojas, impulsor del desarrollo portuario y econ\u00f3mico de la regi\u00f3n; Gustavo Rol\u00f3n Due\u00f1as, fundador de la naviera L\u00ednea Mexicana; Miguel Jaramillo, carpintero de ribera; Higinio P\u00e9rez, fundador y primer secretario de la Uni\u00f3n de Estibadores y Jornaleros del Pac\u00edfico.<\/p>\n\n\n\n<p>Guillermo Romero, marino y capit\u00e1n de altura dedicado a la actividad portuaria; Jos\u00e9 Luis de los Santos, con destacada trayectoria al frente de embarcaciones; Rub\u00e9n \u00c1lamo Zuazo, constructor de importantes obras portuarias.<br>Capitana Connie Woodward, primera manzanillense egresada de la Escuela N\u00e1utica de Mazatl\u00e1n; capitanas de remolcadores Anah\u00ed Vega y Am\u00e9rica P\u00e9rez; Mar\u00eda Cristina del R\u00edo, primera agente aduanal en el Pac\u00edfico mexicano; Juan Carlos P\u00e9rez, estibador con m\u00e1s de tres d\u00e9cadas de servicio; y a Blanca G\u00f3mez, con 36 a\u00f1os dedicados a la Asipona.<\/p>\n","protected":false},"excerpt":{"rendered":"<p>La presidenta municipal de Manzanillo, Rosa Mar\u00eda Bayardo Cabrera, encabez\u00f3 la Ceremonia Solemne por los 200 a\u00f1os de Manzanillo como Puerto de Cabotaje y Altura, desde el Muelle de Cruceros Tur\u00edsticos en el Centro Hist\u00f3rico de Manzanillo. Desde ah\u00ed, reconoci\u00f3 el \u00e1nimo aguerrido de las y los manzanillenses y colimenses, as\u00ed como su capacidad de [&hellip;]<\/p>\n","protected":false},"author":1,"featured_media":19292,"comment_status":"closed","ping_status":"open","sticky":false,"template":"","format":"standard","meta":{"_jetpack_memberships_contains_paid_content":false,"footnotes":""},"categories":[28],"tags":[37],"class_list":["post-19293","post","type-post","status-publish","format-standard","has-post-thumbnail","hentry","category-municipios","tag-manzanillo"],"yoast_head":"<!-- This site is optimized with the Yoast SEO plugin v26.6 - https:\/\/yoast.com\/wordpress\/plugins\/seo\/ -->\n<title>Rosi Bayardo: El puerto de Manzanillo es orgullo de las y los colimenses; construyamos juntas y juntos su futuro - M\u00e1s Que Noticias<\/title>\n<meta name=\"robots\" content=\"index, follow, max-snippet:-1, max-image-preview:large, max-video-preview:-1\" \/>\n<link rel=\"canonical\" href=\"https:\/\/masquenoticias.mx\/index.php\/2025\/10\/21\/rosi-bayardo-el-puerto-de-manzanillo-es-orgullo-de-las-y-los-colimenses-construyamos-juntas-y-juntos-su-futuro\/\" \/>\n<meta property=\"og:locale\" content=\"es_MX\" \/>\n<meta property=\"og:type\" content=\"article\" \/>\n<meta property=\"og:title\" content=\"Rosi Bayardo: El puerto de Manzanillo es orgullo de las y los colimenses; construyamos juntas y juntos su futuro - M\u00e1s Que Noticias\" \/>\n<meta property=\"og:description\" content=\"La presidenta municipal de Manzanillo, Rosa Mar\u00eda Bayardo Cabrera, encabez\u00f3 la Ceremonia Solemne por los 200 a\u00f1os de Manzanillo como Puerto de Cabotaje y Altura, desde el Muelle de Cruceros Tur\u00edsticos en el Centro Hist\u00f3rico de Manzanillo. Desde ah\u00ed, reconoci\u00f3 el \u00e1nimo aguerrido de las y los manzanillenses y colimenses, as\u00ed como su capacidad de [&hellip;]\" \/>\n<meta property=\"og:url\" content=\"https:\/\/masquenoticias.mx\/index.php\/2025\/10\/21\/rosi-bayardo-el-puerto-de-manzanillo-es-orgullo-de-las-y-los-colimenses-construyamos-juntas-y-juntos-su-futuro\/\" \/>\n<meta property=\"og:site_name\" content=\"M\u00e1s Que Noticias\" \/>\n<meta property=\"article:publisher\" content=\"https:\/\/www.facebook.com\/masquenoticiascolima\" \/>\n<meta property=\"article:published_time\" content=\"2025-10-22T04:12:45+00:00\" \/>\n<meta property=\"og:image\" content=\"https:\/\/i0.wp.com\/masquenoticias.mx\/wp-content\/uploads\/2025\/10\/115c17aa-a5b3-4462-955b-73d4c08614ab.jpg?fit=1280%2C721&ssl=1\" \/>\n\t<meta property=\"og:image:width\" content=\"1280\" \/>\n\t<meta property=\"og:image:height\" content=\"721\" \/>\n\t<meta property=\"og:image:type\" content=\"image\/jpeg\" \/>\n<meta name=\"author\" content=\"Redacci\u00f3n\" \/>\n<meta name=\"twitter:card\" content=\"summary_large_image\" \/>\n<meta name=\"twitter:creator\" content=\"@edgartove\" \/>\n<meta name=\"twitter:site\" content=\"@edgartove\" \/>\n<meta name=\"twitter:label1\" content=\"Escrito por\" \/>\n\t<meta name=\"twitter:data1\" content=\"Redacci\u00f3n\" \/>\n\t<meta name=\"twitter:label2\" content=\"Tiempo de lectura\" \/>\n\t<meta name=\"twitter:data2\" content=\"2 minutos\" \/>\n<script type=\"application\/ld+json\" class=\"yoast-schema-graph\">{\"@context\":\"https:\/\/schema.org\",\"@graph\":[{\"@type\":\"Article\",\"@id\":\"https:\/\/masquenoticias.mx\/index.php\/2025\/10\/21\/rosi-bayardo-el-puerto-de-manzanillo-es-orgullo-de-las-y-los-colimenses-construyamos-juntas-y-juntos-su-futuro\/#article\",\"isPartOf\":{\"@id\":\"https:\/\/masquenoticias.mx\/index.php\/2025\/10\/21\/rosi-bayardo-el-puerto-de-manzanillo-es-orgullo-de-las-y-los-colimenses-construyamos-juntas-y-juntos-su-futuro\/\"},\"author\":{\"name\":\"Redacci\u00f3n\",\"@id\":\"https:\/\/masquenoticias.mx\/#\/schema\/person\/544d19989ef23d34615f691f7a96e622\"},\"headline\":\"Rosi Bayardo: El puerto de Manzanillo es orgullo de las y los colimenses; construyamos juntas y juntos su futuro\",\"datePublished\":\"2025-10-22T04:12:45+00:00\",\"mainEntityOfPage\":{\"@id\":\"https:\/\/masquenoticias.mx\/index.php\/2025\/10\/21\/rosi-bayardo-el-puerto-de-manzanillo-es-orgullo-de-las-y-los-colimenses-construyamos-juntas-y-juntos-su-futuro\/\"},\"wordCount\":382,\"publisher\":{\"@id\":\"https:\/\/masquenoticias.mx\/#organization\"},\"image\":{\"@id\":\"https:\/\/masquenoticias.mx\/index.php\/2025\/10\/21\/rosi-bayardo-el-puerto-de-manzanillo-es-orgullo-de-las-y-los-colimenses-construyamos-juntas-y-juntos-su-futuro\/#primaryimage\"},\"thumbnailUrl\":\"https:\/\/i0.wp.com\/masquenoticias.mx\/wp-content\/uploads\/2025\/10\/115c17aa-a5b3-4462-955b-73d4c08614ab.jpg?fit=1280%2C721&ssl=1\",\"keywords\":[\"Manzanillo\"],\"articleSection\":[\"Municipios\"],\"inLanguage\":\"es\"},{\"@type\":\"WebPage\",\"@id\":\"https:\/\/masquenoticias.mx\/index.php\/2025\/10\/21\/rosi-bayardo-el-puerto-de-manzanillo-es-orgullo-de-las-y-los-colimenses-construyamos-juntas-y-juntos-su-futuro\/\",\"url\":\"https:\/\/masquenoticias.mx\/index.php\/2025\/10\/21\/rosi-bayardo-el-puerto-de-manzanillo-es-orgullo-de-las-y-los-colimenses-construyamos-juntas-y-juntos-su-futuro\/\",\"name\":\"Rosi Bayardo: El puerto de Manzanillo es orgullo de las y los colimenses; construyamos juntas y juntos su futuro - M\u00e1s Que Noticias\",\"isPartOf\":{\"@id\":\"https:\/\/masquenoticias.mx\/#website\"},\"primaryImageOfPage\":{\"@id\":\"https:\/\/masquenoticias.mx\/index.php\/2025\/10\/21\/rosi-bayardo-el-puerto-de-manzanillo-es-orgullo-de-las-y-los-colimenses-construyamos-juntas-y-juntos-su-futuro\/#primaryimage\"},\"image\":{\"@id\":\"https:\/\/masquenoticias.mx\/index.php\/2025\/10\/21\/rosi-bayardo-el-puerto-de-manzanillo-es-orgullo-de-las-y-los-colimenses-construyamos-juntas-y-juntos-su-futuro\/#primaryimage\"},\"thumbnailUrl\":\"https:\/\/i0.wp.com\/masquenoticias.mx\/wp-content\/uploads\/2025\/10\/115c17aa-a5b3-4462-955b-73d4c08614ab.jpg?fit=1280%2C721&ssl=1\",\"datePublished\":\"2025-10-22T04:12:45+00:00\",\"breadcrumb\":{\"@id\":\"https:\/\/masquenoticias.mx\/index.php\/2025\/10\/21\/rosi-bayardo-el-puerto-de-manzanillo-es-orgullo-de-las-y-los-colimenses-construyamos-juntas-y-juntos-su-futuro\/#breadcrumb\"},\"inLanguage\":\"es\",\"potentialAction\":[{\"@type\":\"ReadAction\",\"target\":[\"https:\/\/masquenoticias.mx\/index.php\/2025\/10\/21\/rosi-bayardo-el-puerto-de-manzanillo-es-orgullo-de-las-y-los-colimenses-construyamos-juntas-y-juntos-su-futuro\/\"]}]},{\"@type\":\"ImageObject\",\"inLanguage\":\"es\",\"@id\":\"https:\/\/masquenoticias.mx\/index.php\/2025\/10\/21\/rosi-bayardo-el-puerto-de-manzanillo-es-orgullo-de-las-y-los-colimenses-construyamos-juntas-y-juntos-su-futuro\/#primaryimage\",\"url\":\"https:\/\/i0.wp.com\/masquenoticias.mx\/wp-content\/uploads\/2025\/10\/115c17aa-a5b3-4462-955b-73d4c08614ab.jpg?fit=1280%2C721&ssl=1\",\"contentUrl\":\"https:\/\/i0.wp.com\/masquenoticias.mx\/wp-content\/uploads\/2025\/10\/115c17aa-a5b3-4462-955b-73d4c08614ab.jpg?fit=1280%2C721&ssl=1\",\"width\":1280,\"height\":721},{\"@type\":\"BreadcrumbList\",\"@id\":\"https:\/\/masquenoticias.mx\/index.php\/2025\/10\/21\/rosi-bayardo-el-puerto-de-manzanillo-es-orgullo-de-las-y-los-colimenses-construyamos-juntas-y-juntos-su-futuro\/#breadcrumb\",\"itemListElement\":[{\"@type\":\"ListItem\",\"position\":1,\"name\":\"Inicio\",\"item\":\"https:\/\/masquenoticias.mx\/\"},{\"@type\":\"ListItem\",\"position\":2,\"name\":\"Rosi Bayardo: El puerto de Manzanillo es orgullo de las y los colimenses; construyamos juntas y juntos su futuro\"}]},{\"@type\":\"WebSite\",\"@id\":\"https:\/\/masquenoticias.mx\/#website\",\"url\":\"https:\/\/masquenoticias.mx\/\",\"name\":\"M\u00e1s Que Noticias\",\"description\":\"Noticias de Colima, M\u00e9xico y el Mundo\",\"publisher\":{\"@id\":\"https:\/\/masquenoticias.mx\/#organization\"},\"potentialAction\":[{\"@type\":\"SearchAction\",\"target\":{\"@type\":\"EntryPoint\",\"urlTemplate\":\"https:\/\/masquenoticias.mx\/?s={search_term_string}\"},\"query-input\":{\"@type\":\"PropertyValueSpecification\",\"valueRequired\":true,\"valueName\":\"search_term_string\"}}],\"inLanguage\":\"es\"},{\"@type\":\"Organization\",\"@id\":\"https:\/\/masquenoticias.mx\/#organization\",\"name\":\"M\u00e1s Que Noticias\",\"url\":\"https:\/\/masquenoticias.mx\/\",\"logo\":{\"@type\":\"ImageObject\",\"inLanguage\":\"es\",\"@id\":\"https:\/\/masquenoticias.mx\/#\/schema\/logo\/image\/\",\"url\":\"https:\/\/i0.wp.com\/masquenoticias.mx\/wp-content\/uploads\/2024\/04\/IMG_0004.png?fit=2560%2C1656&ssl=1\",\"contentUrl\":\"https:\/\/i0.wp.com\/masquenoticias.mx\/wp-content\/uploads\/2024\/04\/IMG_0004.png?fit=2560%2C1656&ssl=1\",\"width\":2560,\"height\":1656,\"caption\":\"M\u00e1s Que Noticias\"},\"image\":{\"@id\":\"https:\/\/masquenoticias.mx\/#\/schema\/logo\/image\/\"},\"sameAs\":[\"https:\/\/www.facebook.com\/masquenoticiascolima\",\"https:\/\/x.com\/edgartove\",\"https:\/\/www.instagram.com\/masquenoticiascolima\/\"]},{\"@type\":\"Person\",\"@id\":\"https:\/\/masquenoticias.mx\/#\/schema\/person\/544d19989ef23d34615f691f7a96e622\",\"name\":\"Redacci\u00f3n\",\"image\":{\"@type\":\"ImageObject\",\"inLanguage\":\"es\",\"@id\":\"https:\/\/masquenoticias.mx\/#\/schema\/person\/image\/\",\"url\":\"https:\/\/secure.gravatar.com\/avatar\/7fcc926d5b058d3f3d52d95b4d05dd58?s=96&d=mm&r=g\",\"contentUrl\":\"https:\/\/secure.gravatar.com\/avatar\/7fcc926d5b058d3f3d52d95b4d05dd58?s=96&d=mm&r=g\",\"caption\":\"Redacci\u00f3n\"},\"sameAs\":[\"http:\/\/masquenoticias.mx\"],\"url\":\"https:\/\/masquenoticias.mx\/index.php\/author\/edgartovegmail-com\/\"}]}<\/script>\n<!-- \/ Yoast SEO plugin. -->","yoast_head_json":{"title":"Rosi Bayardo: El puerto de Manzanillo es orgullo de las y los colimenses; construyamos juntas y juntos su futuro - M\u00e1s Que Noticias","robots":{"index":"index","follow":"follow","max-snippet":"max-snippet:-1","max-image-preview":"max-image-preview:large","max-video-preview":"max-video-preview:-1"},"canonical":"https:\/\/masquenoticias.mx\/index.php\/2025\/10\/21\/rosi-bayardo-el-puerto-de-manzanillo-es-orgullo-de-las-y-los-colimenses-construyamos-juntas-y-juntos-su-futuro\/","og_locale":"es_MX","og_type":"article","og_title":"Rosi Bayardo: El puerto de Manzanillo es orgullo de las y los colimenses; construyamos juntas y juntos su futuro - M\u00e1s Que Noticias","og_description":"La presidenta municipal de Manzanillo, Rosa Mar\u00eda Bayardo Cabrera, encabez\u00f3 la Ceremonia Solemne por los 200 a\u00f1os de Manzanillo como Puerto de Cabotaje y Altura, desde el Muelle de Cruceros Tur\u00edsticos en el Centro Hist\u00f3rico de Manzanillo. Desde ah\u00ed, reconoci\u00f3 el \u00e1nimo aguerrido de las y los manzanillenses y colimenses, as\u00ed como su capacidad de [&hellip;]","og_url":"https:\/\/masquenoticias.mx\/index.php\/2025\/10\/21\/rosi-bayardo-el-puerto-de-manzanillo-es-orgullo-de-las-y-los-colimenses-construyamos-juntas-y-juntos-su-futuro\/","og_site_name":"M\u00e1s Que Noticias","article_publisher":"https:\/\/www.facebook.com\/masquenoticiascolima","article_published_time":"2025-10-22T04:12:45+00:00","og_image":[{"width":1280,"height":721,"url":"https:\/\/i0.wp.com\/masquenoticias.mx\/wp-content\/uploads\/2025\/10\/115c17aa-a5b3-4462-955b-73d4c08614ab.jpg?fit=1280%2C721&ssl=1","type":"image\/jpeg"}],"author":"Redacci\u00f3n","twitter_card":"summary_large_image","twitter_creator":"@edgartove","twitter_site":"@edgartove","twitter_misc":{"Escrito por":"Redacci\u00f3n","Tiempo de lectura":"2 minutos"},"schema":{"@context":"https:\/\/schema.org","@graph":[{"@type":"Article","@id":"https:\/\/masquenoticias.mx\/index.php\/2025\/10\/21\/rosi-bayardo-el-puerto-de-manzanillo-es-orgullo-de-las-y-los-colimenses-construyamos-juntas-y-juntos-su-futuro\/#article","isPartOf":{"@id":"https:\/\/masquenoticias.mx\/index.php\/2025\/10\/21\/rosi-bayardo-el-puerto-de-manzanillo-es-orgullo-de-las-y-los-colimenses-construyamos-juntas-y-juntos-su-futuro\/"},"author":{"name":"Redacci\u00f3n","@id":"https:\/\/masquenoticias.mx\/#\/schema\/person\/544d19989ef23d34615f691f7a96e622"},"headline":"Rosi Bayardo: El puerto de Manzanillo es orgullo de las y los colimenses; construyamos juntas y juntos su futuro","datePublished":"2025-10-22T04:12:45+00:00","mainEntityOfPage":{"@id":"https:\/\/masquenoticias.mx\/index.php\/2025\/10\/21\/rosi-bayardo-el-puerto-de-manzanillo-es-orgullo-de-las-y-los-colimenses-construyamos-juntas-y-juntos-su-futuro\/"},"wordCount":382,"publisher":{"@id":"https:\/\/masquenoticias.mx\/#organization"},"image":{"@id":"https:\/\/masquenoticias.mx\/index.php\/2025\/10\/21\/rosi-bayardo-el-puerto-de-manzanillo-es-orgullo-de-las-y-los-colimenses-construyamos-juntas-y-juntos-su-futuro\/#primaryimage"},"thumbnailUrl":"https:\/\/i0.wp.com\/masquenoticias.mx\/wp-content\/uploads\/2025\/10\/115c17aa-a5b3-4462-955b-73d4c08614ab.jpg?fit=1280%2C721&ssl=1","keywords":["Manzanillo"],"articleSection":["Municipios"],"inLanguage":"es"},{"@type":"WebPage","@id":"https:\/\/masquenoticias.mx\/index.php\/2025\/10\/21\/rosi-bayardo-el-puerto-de-manzanillo-es-orgullo-de-las-y-los-colimenses-construyamos-juntas-y-juntos-su-futuro\/","url":"https:\/\/masquenoticias.mx\/index.php\/2025\/10\/21\/rosi-bayardo-el-puerto-de-manzanillo-es-orgullo-de-las-y-los-colimenses-construyamos-juntas-y-juntos-su-futuro\/","name":"Rosi Bayardo: El puerto de Manzanillo es orgullo de las y los colimenses; construyamos juntas y juntos su futuro - M\u00e1s Que Noticias","isPartOf":{"@id":"https:\/\/masquenoticias.mx\/#website"},"primaryImageOfPage":{"@id":"https:\/\/masquenoticias.mx\/index.php\/2025\/10\/21\/rosi-bayardo-el-puerto-de-manzanillo-es-orgullo-de-las-y-los-colimenses-construyamos-juntas-y-juntos-su-futuro\/#primaryimage"},"image":{"@id":"https:\/\/masquenoticias.mx\/index.php\/2025\/10\/21\/rosi-bayardo-el-puerto-de-manzanillo-es-orgullo-de-las-y-los-colimenses-construyamos-juntas-y-juntos-su-futuro\/#primaryimage"},"thumbnailUrl":"https:\/\/i0.wp.com\/masquenoticias.mx\/wp-content\/uploads\/2025\/10\/115c17aa-a5b3-4462-955b-73d4c08614ab.jpg?fit=1280%2C721&ssl=1","datePublished":"2025-10-22T04:12:45+00:00","breadcrumb":{"@id":"https:\/\/masquenoticias.mx\/index.php\/2025\/10\/21\/rosi-bayardo-el-puerto-de-manzanillo-es-orgullo-de-las-y-los-colimenses-construyamos-juntas-y-juntos-su-futuro\/#breadcrumb"},"inLanguage":"es","potentialAction":[{"@type":"ReadAction","target":["https:\/\/masquenoticias.mx\/index.php\/2025\/10\/21\/rosi-bayardo-el-puerto-de-manzanillo-es-orgullo-de-las-y-los-colimenses-construyamos-juntas-y-juntos-su-futuro\/"]}]},{"@type":"ImageObject","inLanguage":"es","@id":"https:\/\/masquenoticias.mx\/index.php\/2025\/10\/21\/rosi-bayardo-el-puerto-de-manzanillo-es-orgullo-de-las-y-los-colimenses-construyamos-juntas-y-juntos-su-futuro\/#primaryimage","url":"https:\/\/i0.wp.com\/masquenoticias.mx\/wp-content\/uploads\/2025\/10\/115c17aa-a5b3-4462-955b-73d4c08614ab.jpg?fit=1280%2C721&ssl=1","contentUrl":"https:\/\/i0.wp.com\/masquenoticias.mx\/wp-content\/uploads\/2025\/10\/115c17aa-a5b3-4462-955b-73d4c08614ab.jpg?fit=1280%2C721&ssl=1","width":1280,"height":721},{"@type":"BreadcrumbList","@id":"https:\/\/masquenoticias.mx\/index.php\/2025\/10\/21\/rosi-bayardo-el-puerto-de-manzanillo-es-orgullo-de-las-y-los-colimenses-construyamos-juntas-y-juntos-su-futuro\/#breadcrumb","itemListElement":[{"@type":"ListItem","position":1,"name":"Inicio","item":"https:\/\/masquenoticias.mx\/"},{"@type":"ListItem","position":2,"name":"Rosi Bayardo: El puerto de Manzanillo es orgullo de las y los colimenses; construyamos juntas y juntos su futuro"}]},{"@type":"WebSite","@id":"https:\/\/masquenoticias.mx\/#website","url":"https:\/\/masquenoticias.mx\/","name":"M\u00e1s Que Noticias","description":"Noticias de Colima, M\u00e9xico y el Mundo","publisher":{"@id":"https:\/\/masquenoticias.mx\/#organization"},"potentialAction":[{"@type":"SearchAction","target":{"@type":"EntryPoint","urlTemplate":"https:\/\/masquenoticias.mx\/?s={search_term_string}"},"query-input":{"@type":"PropertyValueSpecification","valueRequired":true,"valueName":"search_term_string"}}],"inLanguage":"es"},{"@type":"Organization","@id":"https:\/\/masquenoticias.mx\/#organization","name":"M\u00e1s Que Noticias","url":"https:\/\/masquenoticias.mx\/","logo":{"@type":"ImageObject","inLanguage":"es","@id":"https:\/\/masquenoticias.mx\/#\/schema\/logo\/image\/","url":"https:\/\/i0.wp.com\/masquenoticias.mx\/wp-content\/uploads\/2024\/04\/IMG_0004.png?fit=2560%2C1656&ssl=1","contentUrl":"https:\/\/i0.wp.com\/masquenoticias.mx\/wp-content\/uploads\/2024\/04\/IMG_0004.png?fit=2560%2C1656&ssl=1","width":2560,"height":1656,"caption":"M\u00e1s Que Noticias"},"image":{"@id":"https:\/\/masquenoticias.mx\/#\/schema\/logo\/image\/"},"sameAs":["https:\/\/www.facebook.com\/masquenoticiascolima","https:\/\/x.com\/edgartove","https:\/\/www.instagram.com\/masquenoticiascolima\/"]},{"@type":"Person","@id":"https:\/\/masquenoticias.mx\/#\/schema\/person\/544d19989ef23d34615f691f7a96e622","name":"Redacci\u00f3n","image":{"@type":"ImageObject","inLanguage":"es","@id":"https:\/\/masquenoticias.mx\/#\/schema\/person\/image\/","url":"https:\/\/secure.gravatar.com\/avatar\/7fcc926d5b058d3f3d52d95b4d05dd58?s=96&d=mm&r=g","contentUrl":"https:\/\/secure.gravatar.com\/avatar\/7fcc926d5b058d3f3d52d95b4d05dd58?s=96&d=mm&r=g","caption":"Redacci\u00f3n"},"sameAs":["http:\/\/masquenoticias.mx"],"url":"https:\/\/masquenoticias.mx\/index.php\/author\/edgartovegmail-com\/"}]}},"jetpack_featured_media_url":"https:\/\/i0.wp.com\/masquenoticias.mx\/wp-content\/uploads\/2025\/10\/115c17aa-a5b3-4462-955b-73d4c08614ab.jpg?fit=1280%2C721&ssl=1","blog_post_layout_featured_media_urls":{"thumbnail":["https:\/\/i0.wp.com\/masquenoticias.mx\/wp-content\/uploads\/2025\/10\/115c17aa-a5b3-4462-955b-73d4c08614ab.jpg?resize=150%2C150&ssl=1",150,150,true],"full":["https:\/\/i0.wp.com\/masquenoticias.mx\/wp-content\/uploads\/2025\/10\/115c17aa-a5b3-4462-955b-73d4c08614ab.jpg?fit=1280%2C721&ssl=1",1280,721,false]},"categories_names":{"28":{"name":"Municipios","link":"https:\/\/masquenoticias.mx\/index.php\/category\/municipios\/"}},"tags_names":{"37":{"name":"Manzanillo","link":"https:\/\/masquenoticias.mx\/index.php\/tag\/manzanillo\/"}},"comments_number":"0","wpmagazine_modules_lite_featured_media_urls":{"thumbnail":["https:\/\/i0.wp.com\/masquenoticias.mx\/wp-content\/uploads\/2025\/10\/115c17aa-a5b3-4462-955b-73d4c08614ab.jpg?resize=150%2C150&ssl=1",150,150,true],"cvmm-medium":["https:\/\/i0.wp.com\/masquenoticias.mx\/wp-content\/uploads\/2025\/10\/115c17aa-a5b3-4462-955b-73d4c08614ab.jpg?resize=300%2C300&ssl=1",300,300,true],"cvmm-medium-plus":["https:\/\/i0.wp.com\/masquenoticias.mx\/wp-content\/uploads\/2025\/10\/115c17aa-a5b3-4462-955b-73d4c08614ab.jpg?resize=305%2C207&ssl=1",305,207,true],"cvmm-portrait":["https:\/\/i0.wp.com\/masquenoticias.mx\/wp-content\/uploads\/2025\/10\/115c17aa-a5b3-4462-955b-73d4c08614ab.jpg?resize=400%2C600&ssl=1",400,600,true],"cvmm-medium-square":["https:\/\/i0.wp.com\/masquenoticias.mx\/wp-content\/uploads\/2025\/10\/115c17aa-a5b3-4462-955b-73d4c08614ab.jpg?resize=600%2C600&ssl=1",600,600,true],"cvmm-large":["https:\/\/i0.wp.com\/masquenoticias.mx\/wp-content\/uploads\/2025\/10\/115c17aa-a5b3-4462-955b-73d4c08614ab.jpg?resize=1024%2C721&ssl=1",1024,721,true],"cvmm-small":["https:\/\/i0.wp.com\/masquenoticias.mx\/wp-content\/uploads\/2025\/10\/115c17aa-a5b3-4462-955b-73d4c08614ab.jpg?resize=130%2C95&ssl=1",130,95,true],"full":["https:\/\/i0.wp.com\/masquenoticias.mx\/wp-content\/uploads\/2025\/10\/115c17aa-a5b3-4462-955b-73d4c08614ab.jpg?fit=1280%2C721&ssl=1",1280,721,false]},"jetpack-related-posts":[],"jetpack_sharing_enabled":true,"jetpack_likes_enabled":true,"jetpack_shortlink":"https:\/\/wp.me\/pf7pkt-51b","_links":{"self":[{"href":"https:\/\/masquenoticias.mx\/index.php\/wp-json\/wp\/v2\/posts\/19293","targetHints":{"allow":["GET"]}}],"collection":[{"href":"https:\/\/masquenoticias.mx\/index.php\/wp-json\/wp\/v2\/posts"}],"about":[{"href":"https:\/\/masquenoticias.mx\/index.php\/wp-json\/wp\/v2\/types\/post"}],"author":[{"embeddable":true,"href":"https:\/\/masquenoticias.mx\/index.php\/wp-json\/wp\/v2\/users\/1"}],"replies":[{"embeddable":true,"href":"https:\/\/masquenoticias.mx\/index.php\/wp-json\/wp\/v2\/comments?post=19293"}],"version-history":[{"count":1,"href":"https:\/\/masquenoticias.mx\/index.php\/wp-json\/wp\/v2\/posts\/19293\/revisions"}],"predecessor-version":[{"id":19294,"href":"https:\/\/masquenoticias.mx\/index.php\/wp-json\/wp\/v2\/posts\/19293\/revisions\/19294"}],"wp:featuredmedia":[{"embeddable":true,"href":"https:\/\/masquenoticias.mx\/index.php\/wp-json\/wp\/v2\/media\/19292"}],"wp:attachment":[{"href":"https:\/\/masquenoticias.mx\/index.php\/wp-json\/wp\/v2\/media?parent=19293"}],"wp:term":[{"taxonomy":"category","embeddable":true,"href":"https:\/\/masquenoticias.mx\/index.php\/wp-json\/wp\/v2\/categories?post=19293"},{"taxonomy":"post_tag","embeddable":true,"href":"https:\/\/masquenoticias.mx\/index.php\/wp-json\/wp\/v2\/tags?post=19293"}],"curies":[{"name":"wp","href":"https:\/\/api.w.org\/{rel}","templated":true}]}}