{"id":1929,"date":"2023-08-08T09:16:27","date_gmt":"2023-08-08T15:16:27","guid":{"rendered":"https:\/\/masquenoticias.mx\/?p=1929"},"modified":"2023-08-08T09:16:27","modified_gmt":"2023-08-08T15:16:27","slug":"realizan-trabajo-coordinado-para-mejorar-la-calidad-de-vida-de-personas-adultas-mayores-en-colima","status":"publish","type":"post","link":"https:\/\/masquenoticias.mx\/index.php\/2023\/08\/08\/realizan-trabajo-coordinado-para-mejorar-la-calidad-de-vida-de-personas-adultas-mayores-en-colima\/","title":{"rendered":"Realizan trabajo coordinado para mejorar la calidad de vida de personas adultas mayores en Colima"},"content":{"rendered":"<p>En un esfuerzo por fortalecer la atenci\u00f3n y los servicios dirigidos a las personas adultas mayores en el estado de Colima, se efectu\u00f3 una mesa de trabajo entre titulares del Instituto para la Atenci\u00f3n de los Adultos Mayores (IAAM), la Procuradur\u00eda de la Defensa del Adulto Mayor, la Direcci\u00f3n Estatal del Registro Civil y la diputada de la LX Legislatura, Sonia Hern\u00e1ndez Cayetano, para acordar estrategias y acciones concretas, destinadas a mejorar las condiciones de vida de este grupo etario de la poblaci\u00f3n.<\/p>\n<p>Durante la reuni\u00f3n se abordaron temas clave relacionados con el bienestar y la calidad de vida de las y los adultos mayores; explorando propuestas para la implementaci\u00f3n de programas y actividades que fomenten la participaci\u00f3n activa de este grupo en la sociedad, as\u00ed como el fortalecimiento de las redes de apoyo social y servicios m\u00e9dicos para asegurar su cuidado integral.<\/p>\n<p>La directora del Registro Civil Estatal, Brenda del Carmen Guti\u00e9rrez Vega, manifest\u00f3 que esta mesa de trabajo refleja el compromiso del Gobierno del Estado de Colima y de esta dependencia con las personas adultas mayores de Colima; \u201ctrabajando en conjunto, podemos asegurar un futuro enriquecedor para esta parte esencial de nuestra comunidad&#8221;.<\/p>\n<p>La participaci\u00f3n del director general del Instituto para la Atenci\u00f3n de los Adultos Mayores, Juan Manuel Preciado Barbosa, y la procuradora de la Defensa del Adulto Mayor, Edith Mungu\u00eda Preciado, aport\u00f3 una perspectiva s\u00f3lida y especializada a las conversaciones, en busca de mejores horizontes para este sector de la poblaci\u00f3n.<\/p>\n<p>La diputada Sonia Hern\u00e1ndez Cayetano destac\u00f3 que \u201cnuestra labor es asegurar que los derechos de las y los adultos mayores sean respetados y protegidos; esta mesa de trabajo es un paso importante hacia este noble objetivo, que nos congratula&#8221;.<\/p>\n<p>La mesa de trabajo culmin\u00f3 con la formulaci\u00f3n del Plan de Acci\u00f3n Integral que detalla objetivos espec\u00edficos y plazos para la implementaci\u00f3n de iniciativas destinadas a mejorar la vida de las personas adultas mayores.<\/p>\n<p>Se acord\u00f3 mantener un esfuerzo continuo de colaboraci\u00f3n y celebrar reuniones de seguimiento para evaluar el progreso y ajustar estrategias, seg\u00fan sea necesario. Esta iniciativa conjunta refleja un firme compromiso con el bienestar de esta comunidad en crecimiento.<\/p>\n","protected":false},"excerpt":{"rendered":"<p>En un esfuerzo por fortalecer la atenci\u00f3n y los servicios dirigidos a las personas adultas mayores en el estado de Colima, se efectu\u00f3 una mesa de trabajo entre titulares del Instituto para la Atenci\u00f3n de los Adultos Mayores (IAAM), la Procuradur\u00eda de la Defensa del Adulto Mayor, la Direcci\u00f3n Estatal del Registro Civil y la [&hellip;]<\/p>\n","protected":false},"author":1,"featured_media":1930,"comment_status":"open","ping_status":"open","sticky":false,"template":"","format":"standard","meta":{"_jetpack_memberships_contains_paid_content":false,"footnotes":""},"categories":[24],"tags":[207],"class_list":["post-1929","post","type-post","status-publish","format-standard","has-post-thumbnail","hentry","category-estado","tag-iaam"],"yoast_head":"<!-- This site is optimized with the Yoast SEO plugin v26.6 - https:\/\/yoast.com\/wordpress\/plugins\/seo\/ -->\n<title>Realizan trabajo coordinado para mejorar la calidad de vida de personas adultas mayores en Colima - M\u00e1s Que Noticias<\/title>\n<meta name=\"robots\" content=\"index, follow, max-snippet:-1, max-image-preview:large, max-video-preview:-1\" \/>\n<link rel=\"canonical\" href=\"https:\/\/masquenoticias.mx\/index.php\/2023\/08\/08\/realizan-trabajo-coordinado-para-mejorar-la-calidad-de-vida-de-personas-adultas-mayores-en-colima\/\" \/>\n<meta property=\"og:locale\" content=\"es_MX\" \/>\n<meta property=\"og:type\" content=\"article\" \/>\n<meta property=\"og:title\" content=\"Realizan trabajo coordinado para mejorar la calidad de vida de personas adultas mayores en Colima - M\u00e1s Que Noticias\" \/>\n<meta property=\"og:description\" content=\"En un esfuerzo por fortalecer la atenci\u00f3n y los servicios dirigidos a las personas adultas mayores en el estado de Colima, se efectu\u00f3 una mesa de trabajo entre titulares del Instituto para la Atenci\u00f3n de los Adultos Mayores (IAAM), la Procuradur\u00eda de la Defensa del Adulto Mayor, la Direcci\u00f3n Estatal del Registro Civil y la [&hellip;]\" \/>\n<meta property=\"og:url\" content=\"https:\/\/masquenoticias.mx\/index.php\/2023\/08\/08\/realizan-trabajo-coordinado-para-mejorar-la-calidad-de-vida-de-personas-adultas-mayores-en-colima\/\" \/>\n<meta property=\"og:site_name\" content=\"M\u00e1s Que Noticias\" \/>\n<meta property=\"article:publisher\" content=\"https:\/\/www.facebook.com\/masquenoticiascolima\" \/>\n<meta property=\"article:published_time\" content=\"2023-08-08T15:16:27+00:00\" \/>\n<meta property=\"og:image\" content=\"https:\/\/i0.wp.com\/masquenoticias.mx\/wp-content\/uploads\/2023\/08\/IAAM-Colima-jpeg.webp?fit=1600%2C1200&ssl=1\" \/>\n\t<meta property=\"og:image:width\" content=\"1600\" \/>\n\t<meta property=\"og:image:height\" content=\"1200\" \/>\n\t<meta property=\"og:image:type\" content=\"image\/jpeg\" \/>\n<meta name=\"author\" content=\"Redacci\u00f3n\" \/>\n<meta name=\"twitter:card\" content=\"summary_large_image\" \/>\n<meta name=\"twitter:creator\" content=\"@edgartove\" \/>\n<meta name=\"twitter:site\" content=\"@edgartove\" \/>\n<meta name=\"twitter:label1\" content=\"Escrito por\" \/>\n\t<meta name=\"twitter:data1\" content=\"Redacci\u00f3n\" \/>\n\t<meta name=\"twitter:label2\" content=\"Tiempo de lectura\" \/>\n\t<meta name=\"twitter:data2\" content=\"2 minutos\" \/>\n<script type=\"application\/ld+json\" class=\"yoast-schema-graph\">{\"@context\":\"https:\/\/schema.org\",\"@graph\":[{\"@type\":\"Article\",\"@id\":\"https:\/\/masquenoticias.mx\/index.php\/2023\/08\/08\/realizan-trabajo-coordinado-para-mejorar-la-calidad-de-vida-de-personas-adultas-mayores-en-colima\/#article\",\"isPartOf\":{\"@id\":\"https:\/\/masquenoticias.mx\/index.php\/2023\/08\/08\/realizan-trabajo-coordinado-para-mejorar-la-calidad-de-vida-de-personas-adultas-mayores-en-colima\/\"},\"author\":{\"name\":\"Redacci\u00f3n\",\"@id\":\"https:\/\/masquenoticias.mx\/#\/schema\/person\/544d19989ef23d34615f691f7a96e622\"},\"headline\":\"Realizan trabajo coordinado para mejorar la calidad de vida de personas adultas mayores en Colima\",\"datePublished\":\"2023-08-08T15:16:27+00:00\",\"mainEntityOfPage\":{\"@id\":\"https:\/\/masquenoticias.mx\/index.php\/2023\/08\/08\/realizan-trabajo-coordinado-para-mejorar-la-calidad-de-vida-de-personas-adultas-mayores-en-colima\/\"},\"wordCount\":394,\"commentCount\":0,\"publisher\":{\"@id\":\"https:\/\/masquenoticias.mx\/#organization\"},\"image\":{\"@id\":\"https:\/\/masquenoticias.mx\/index.php\/2023\/08\/08\/realizan-trabajo-coordinado-para-mejorar-la-calidad-de-vida-de-personas-adultas-mayores-en-colima\/#primaryimage\"},\"thumbnailUrl\":\"https:\/\/i0.wp.com\/masquenoticias.mx\/wp-content\/uploads\/2023\/08\/IAAM-Colima-jpeg.webp?fit=1600%2C1200&ssl=1\",\"keywords\":[\"IAAM\"],\"articleSection\":[\"Estado\"],\"inLanguage\":\"es\",\"potentialAction\":[{\"@type\":\"CommentAction\",\"name\":\"Comment\",\"target\":[\"https:\/\/masquenoticias.mx\/index.php\/2023\/08\/08\/realizan-trabajo-coordinado-para-mejorar-la-calidad-de-vida-de-personas-adultas-mayores-en-colima\/#respond\"]}]},{\"@type\":\"WebPage\",\"@id\":\"https:\/\/masquenoticias.mx\/index.php\/2023\/08\/08\/realizan-trabajo-coordinado-para-mejorar-la-calidad-de-vida-de-personas-adultas-mayores-en-colima\/\",\"url\":\"https:\/\/masquenoticias.mx\/index.php\/2023\/08\/08\/realizan-trabajo-coordinado-para-mejorar-la-calidad-de-vida-de-personas-adultas-mayores-en-colima\/\",\"name\":\"Realizan trabajo coordinado para mejorar la calidad de vida de personas adultas mayores en Colima - M\u00e1s Que Noticias\",\"isPartOf\":{\"@id\":\"https:\/\/masquenoticias.mx\/#website\"},\"primaryImageOfPage\":{\"@id\":\"https:\/\/masquenoticias.mx\/index.php\/2023\/08\/08\/realizan-trabajo-coordinado-para-mejorar-la-calidad-de-vida-de-personas-adultas-mayores-en-colima\/#primaryimage\"},\"image\":{\"@id\":\"https:\/\/masquenoticias.mx\/index.php\/2023\/08\/08\/realizan-trabajo-coordinado-para-mejorar-la-calidad-de-vida-de-personas-adultas-mayores-en-colima\/#primaryimage\"},\"thumbnailUrl\":\"https:\/\/i0.wp.com\/masquenoticias.mx\/wp-content\/uploads\/2023\/08\/IAAM-Colima-jpeg.webp?fit=1600%2C1200&ssl=1\",\"datePublished\":\"2023-08-08T15:16:27+00:00\",\"breadcrumb\":{\"@id\":\"https:\/\/masquenoticias.mx\/index.php\/2023\/08\/08\/realizan-trabajo-coordinado-para-mejorar-la-calidad-de-vida-de-personas-adultas-mayores-en-colima\/#breadcrumb\"},\"inLanguage\":\"es\",\"potentialAction\":[{\"@type\":\"ReadAction\",\"target\":[\"https:\/\/masquenoticias.mx\/index.php\/2023\/08\/08\/realizan-trabajo-coordinado-para-mejorar-la-calidad-de-vida-de-personas-adultas-mayores-en-colima\/\"]}]},{\"@type\":\"ImageObject\",\"inLanguage\":\"es\",\"@id\":\"https:\/\/masquenoticias.mx\/index.php\/2023\/08\/08\/realizan-trabajo-coordinado-para-mejorar-la-calidad-de-vida-de-personas-adultas-mayores-en-colima\/#primaryimage\",\"url\":\"https:\/\/i0.wp.com\/masquenoticias.mx\/wp-content\/uploads\/2023\/08\/IAAM-Colima-jpeg.webp?fit=1600%2C1200&ssl=1\",\"contentUrl\":\"https:\/\/i0.wp.com\/masquenoticias.mx\/wp-content\/uploads\/2023\/08\/IAAM-Colima-jpeg.webp?fit=1600%2C1200&ssl=1\",\"width\":1600,\"height\":1200},{\"@type\":\"BreadcrumbList\",\"@id\":\"https:\/\/masquenoticias.mx\/index.php\/2023\/08\/08\/realizan-trabajo-coordinado-para-mejorar-la-calidad-de-vida-de-personas-adultas-mayores-en-colima\/#breadcrumb\",\"itemListElement\":[{\"@type\":\"ListItem\",\"position\":1,\"name\":\"Inicio\",\"item\":\"https:\/\/masquenoticias.mx\/\"},{\"@type\":\"ListItem\",\"position\":2,\"name\":\"Realizan trabajo coordinado para mejorar la calidad de vida de personas adultas mayores en Colima\"}]},{\"@type\":\"WebSite\",\"@id\":\"https:\/\/masquenoticias.mx\/#website\",\"url\":\"https:\/\/masquenoticias.mx\/\",\"name\":\"M\u00e1s Que Noticias\",\"description\":\"Noticias de Colima, M\u00e9xico y el Mundo\",\"publisher\":{\"@id\":\"https:\/\/masquenoticias.mx\/#organization\"},\"potentialAction\":[{\"@type\":\"SearchAction\",\"target\":{\"@type\":\"EntryPoint\",\"urlTemplate\":\"https:\/\/masquenoticias.mx\/?s={search_term_string}\"},\"query-input\":{\"@type\":\"PropertyValueSpecification\",\"valueRequired\":true,\"valueName\":\"search_term_string\"}}],\"inLanguage\":\"es\"},{\"@type\":\"Organization\",\"@id\":\"https:\/\/masquenoticias.mx\/#organization\",\"name\":\"M\u00e1s Que Noticias\",\"url\":\"https:\/\/masquenoticias.mx\/\",\"logo\":{\"@type\":\"ImageObject\",\"inLanguage\":\"es\",\"@id\":\"https:\/\/masquenoticias.mx\/#\/schema\/logo\/image\/\",\"url\":\"https:\/\/i0.wp.com\/masquenoticias.mx\/wp-content\/uploads\/2024\/04\/IMG_0004.png?fit=2560%2C1656&ssl=1\",\"contentUrl\":\"https:\/\/i0.wp.com\/masquenoticias.mx\/wp-content\/uploads\/2024\/04\/IMG_0004.png?fit=2560%2C1656&ssl=1\",\"width\":2560,\"height\":1656,\"caption\":\"M\u00e1s Que Noticias\"},\"image\":{\"@id\":\"https:\/\/masquenoticias.mx\/#\/schema\/logo\/image\/\"},\"sameAs\":[\"https:\/\/www.facebook.com\/masquenoticiascolima\",\"https:\/\/x.com\/edgartove\",\"https:\/\/www.instagram.com\/masquenoticiascolima\/\"]},{\"@type\":\"Person\",\"@id\":\"https:\/\/masquenoticias.mx\/#\/schema\/person\/544d19989ef23d34615f691f7a96e622\",\"name\":\"Redacci\u00f3n\",\"image\":{\"@type\":\"ImageObject\",\"inLanguage\":\"es\",\"@id\":\"https:\/\/masquenoticias.mx\/#\/schema\/person\/image\/\",\"url\":\"https:\/\/secure.gravatar.com\/avatar\/7fcc926d5b058d3f3d52d95b4d05dd58?s=96&d=mm&r=g\",\"contentUrl\":\"https:\/\/secure.gravatar.com\/avatar\/7fcc926d5b058d3f3d52d95b4d05dd58?s=96&d=mm&r=g\",\"caption\":\"Redacci\u00f3n\"},\"sameAs\":[\"http:\/\/masquenoticias.mx\"],\"url\":\"https:\/\/masquenoticias.mx\/index.php\/author\/edgartovegmail-com\/\"}]}<\/script>\n<!-- \/ Yoast SEO plugin. -->","yoast_head_json":{"title":"Realizan trabajo coordinado para mejorar la calidad de vida de personas adultas mayores en Colima - M\u00e1s Que Noticias","robots":{"index":"index","follow":"follow","max-snippet":"max-snippet:-1","max-image-preview":"max-image-preview:large","max-video-preview":"max-video-preview:-1"},"canonical":"https:\/\/masquenoticias.mx\/index.php\/2023\/08\/08\/realizan-trabajo-coordinado-para-mejorar-la-calidad-de-vida-de-personas-adultas-mayores-en-colima\/","og_locale":"es_MX","og_type":"article","og_title":"Realizan trabajo coordinado para mejorar la calidad de vida de personas adultas mayores en Colima - M\u00e1s Que Noticias","og_description":"En un esfuerzo por fortalecer la atenci\u00f3n y los servicios dirigidos a las personas adultas mayores en el estado de Colima, se efectu\u00f3 una mesa de trabajo entre titulares del Instituto para la Atenci\u00f3n de los Adultos Mayores (IAAM), la Procuradur\u00eda de la Defensa del Adulto Mayor, la Direcci\u00f3n Estatal del Registro Civil y la [&hellip;]","og_url":"https:\/\/masquenoticias.mx\/index.php\/2023\/08\/08\/realizan-trabajo-coordinado-para-mejorar-la-calidad-de-vida-de-personas-adultas-mayores-en-colima\/","og_site_name":"M\u00e1s Que Noticias","article_publisher":"https:\/\/www.facebook.com\/masquenoticiascolima","article_published_time":"2023-08-08T15:16:27+00:00","og_image":[{"width":1600,"height":1200,"url":"https:\/\/i0.wp.com\/masquenoticias.mx\/wp-content\/uploads\/2023\/08\/IAAM-Colima-jpeg.webp?fit=1600%2C1200&ssl=1","type":"image\/jpeg"}],"author":"Redacci\u00f3n","twitter_card":"summary_large_image","twitter_creator":"@edgartove","twitter_site":"@edgartove","twitter_misc":{"Escrito por":"Redacci\u00f3n","Tiempo de lectura":"2 minutos"},"schema":{"@context":"https:\/\/schema.org","@graph":[{"@type":"Article","@id":"https:\/\/masquenoticias.mx\/index.php\/2023\/08\/08\/realizan-trabajo-coordinado-para-mejorar-la-calidad-de-vida-de-personas-adultas-mayores-en-colima\/#article","isPartOf":{"@id":"https:\/\/masquenoticias.mx\/index.php\/2023\/08\/08\/realizan-trabajo-coordinado-para-mejorar-la-calidad-de-vida-de-personas-adultas-mayores-en-colima\/"},"author":{"name":"Redacci\u00f3n","@id":"https:\/\/masquenoticias.mx\/#\/schema\/person\/544d19989ef23d34615f691f7a96e622"},"headline":"Realizan trabajo coordinado para mejorar la calidad de vida de personas adultas mayores en Colima","datePublished":"2023-08-08T15:16:27+00:00","mainEntityOfPage":{"@id":"https:\/\/masquenoticias.mx\/index.php\/2023\/08\/08\/realizan-trabajo-coordinado-para-mejorar-la-calidad-de-vida-de-personas-adultas-mayores-en-colima\/"},"wordCount":394,"commentCount":0,"publisher":{"@id":"https:\/\/masquenoticias.mx\/#organization"},"image":{"@id":"https:\/\/masquenoticias.mx\/index.php\/2023\/08\/08\/realizan-trabajo-coordinado-para-mejorar-la-calidad-de-vida-de-personas-adultas-mayores-en-colima\/#primaryimage"},"thumbnailUrl":"https:\/\/i0.wp.com\/masquenoticias.mx\/wp-content\/uploads\/2023\/08\/IAAM-Colima-jpeg.webp?fit=1600%2C1200&ssl=1","keywords":["IAAM"],"articleSection":["Estado"],"inLanguage":"es","potentialAction":[{"@type":"CommentAction","name":"Comment","target":["https:\/\/masquenoticias.mx\/index.php\/2023\/08\/08\/realizan-trabajo-coordinado-para-mejorar-la-calidad-de-vida-de-personas-adultas-mayores-en-colima\/#respond"]}]},{"@type":"WebPage","@id":"https:\/\/masquenoticias.mx\/index.php\/2023\/08\/08\/realizan-trabajo-coordinado-para-mejorar-la-calidad-de-vida-de-personas-adultas-mayores-en-colima\/","url":"https:\/\/masquenoticias.mx\/index.php\/2023\/08\/08\/realizan-trabajo-coordinado-para-mejorar-la-calidad-de-vida-de-personas-adultas-mayores-en-colima\/","name":"Realizan trabajo coordinado para mejorar la calidad de vida de personas adultas mayores en Colima - M\u00e1s Que Noticias","isPartOf":{"@id":"https:\/\/masquenoticias.mx\/#website"},"primaryImageOfPage":{"@id":"https:\/\/masquenoticias.mx\/index.php\/2023\/08\/08\/realizan-trabajo-coordinado-para-mejorar-la-calidad-de-vida-de-personas-adultas-mayores-en-colima\/#primaryimage"},"image":{"@id":"https:\/\/masquenoticias.mx\/index.php\/2023\/08\/08\/realizan-trabajo-coordinado-para-mejorar-la-calidad-de-vida-de-personas-adultas-mayores-en-colima\/#primaryimage"},"thumbnailUrl":"https:\/\/i0.wp.com\/masquenoticias.mx\/wp-content\/uploads\/2023\/08\/IAAM-Colima-jpeg.webp?fit=1600%2C1200&ssl=1","datePublished":"2023-08-08T15:16:27+00:00","breadcrumb":{"@id":"https:\/\/masquenoticias.mx\/index.php\/2023\/08\/08\/realizan-trabajo-coordinado-para-mejorar-la-calidad-de-vida-de-personas-adultas-mayores-en-colima\/#breadcrumb"},"inLanguage":"es","potentialAction":[{"@type":"ReadAction","target":["https:\/\/masquenoticias.mx\/index.php\/2023\/08\/08\/realizan-trabajo-coordinado-para-mejorar-la-calidad-de-vida-de-personas-adultas-mayores-en-colima\/"]}]},{"@type":"ImageObject","inLanguage":"es","@id":"https:\/\/masquenoticias.mx\/index.php\/2023\/08\/08\/realizan-trabajo-coordinado-para-mejorar-la-calidad-de-vida-de-personas-adultas-mayores-en-colima\/#primaryimage","url":"https:\/\/i0.wp.com\/masquenoticias.mx\/wp-content\/uploads\/2023\/08\/IAAM-Colima-jpeg.webp?fit=1600%2C1200&ssl=1","contentUrl":"https:\/\/i0.wp.com\/masquenoticias.mx\/wp-content\/uploads\/2023\/08\/IAAM-Colima-jpeg.webp?fit=1600%2C1200&ssl=1","width":1600,"height":1200},{"@type":"BreadcrumbList","@id":"https:\/\/masquenoticias.mx\/index.php\/2023\/08\/08\/realizan-trabajo-coordinado-para-mejorar-la-calidad-de-vida-de-personas-adultas-mayores-en-colima\/#breadcrumb","itemListElement":[{"@type":"ListItem","position":1,"name":"Inicio","item":"https:\/\/masquenoticias.mx\/"},{"@type":"ListItem","position":2,"name":"Realizan trabajo coordinado para mejorar la calidad de vida de personas adultas mayores en Colima"}]},{"@type":"WebSite","@id":"https:\/\/masquenoticias.mx\/#website","url":"https:\/\/masquenoticias.mx\/","name":"M\u00e1s Que Noticias","description":"Noticias de Colima, M\u00e9xico y el Mundo","publisher":{"@id":"https:\/\/masquenoticias.mx\/#organization"},"potentialAction":[{"@type":"SearchAction","target":{"@type":"EntryPoint","urlTemplate":"https:\/\/masquenoticias.mx\/?s={search_term_string}"},"query-input":{"@type":"PropertyValueSpecification","valueRequired":true,"valueName":"search_term_string"}}],"inLanguage":"es"},{"@type":"Organization","@id":"https:\/\/masquenoticias.mx\/#organization","name":"M\u00e1s Que Noticias","url":"https:\/\/masquenoticias.mx\/","logo":{"@type":"ImageObject","inLanguage":"es","@id":"https:\/\/masquenoticias.mx\/#\/schema\/logo\/image\/","url":"https:\/\/i0.wp.com\/masquenoticias.mx\/wp-content\/uploads\/2024\/04\/IMG_0004.png?fit=2560%2C1656&ssl=1","contentUrl":"https:\/\/i0.wp.com\/masquenoticias.mx\/wp-content\/uploads\/2024\/04\/IMG_0004.png?fit=2560%2C1656&ssl=1","width":2560,"height":1656,"caption":"M\u00e1s Que Noticias"},"image":{"@id":"https:\/\/masquenoticias.mx\/#\/schema\/logo\/image\/"},"sameAs":["https:\/\/www.facebook.com\/masquenoticiascolima","https:\/\/x.com\/edgartove","https:\/\/www.instagram.com\/masquenoticiascolima\/"]},{"@type":"Person","@id":"https:\/\/masquenoticias.mx\/#\/schema\/person\/544d19989ef23d34615f691f7a96e622","name":"Redacci\u00f3n","image":{"@type":"ImageObject","inLanguage":"es","@id":"https:\/\/masquenoticias.mx\/#\/schema\/person\/image\/","url":"https:\/\/secure.gravatar.com\/avatar\/7fcc926d5b058d3f3d52d95b4d05dd58?s=96&d=mm&r=g","contentUrl":"https:\/\/secure.gravatar.com\/avatar\/7fcc926d5b058d3f3d52d95b4d05dd58?s=96&d=mm&r=g","caption":"Redacci\u00f3n"},"sameAs":["http:\/\/masquenoticias.mx"],"url":"https:\/\/masquenoticias.mx\/index.php\/author\/edgartovegmail-com\/"}]}},"jetpack_featured_media_url":"https:\/\/i0.wp.com\/masquenoticias.mx\/wp-content\/uploads\/2023\/08\/IAAM-Colima-jpeg.webp?fit=1600%2C1200&ssl=1","blog_post_layout_featured_media_urls":{"thumbnail":["https:\/\/i0.wp.com\/masquenoticias.mx\/wp-content\/uploads\/2023\/08\/IAAM-Colima-jpeg.webp?resize=150%2C150&ssl=1",150,150,true],"full":["https:\/\/i0.wp.com\/masquenoticias.mx\/wp-content\/uploads\/2023\/08\/IAAM-Colima-jpeg.webp?fit=1600%2C1200&ssl=1",1600,1200,false]},"categories_names":{"24":{"name":"Estado","link":"https:\/\/masquenoticias.mx\/index.php\/category\/estado\/"}},"tags_names":{"207":{"name":"IAAM","link":"https:\/\/masquenoticias.mx\/index.php\/tag\/iaam\/"}},"comments_number":"0","wpmagazine_modules_lite_featured_media_urls":{"thumbnail":["https:\/\/i0.wp.com\/masquenoticias.mx\/wp-content\/uploads\/2023\/08\/IAAM-Colima-jpeg.webp?resize=150%2C150&ssl=1",150,150,true],"cvmm-medium":["https:\/\/i0.wp.com\/masquenoticias.mx\/wp-content\/uploads\/2023\/08\/IAAM-Colima-jpeg.webp?resize=300%2C300&ssl=1",300,300,true],"cvmm-medium-plus":["https:\/\/i0.wp.com\/masquenoticias.mx\/wp-content\/uploads\/2023\/08\/IAAM-Colima-jpeg.webp?resize=305%2C207&ssl=1",305,207,true],"cvmm-portrait":["https:\/\/i0.wp.com\/masquenoticias.mx\/wp-content\/uploads\/2023\/08\/IAAM-Colima-jpeg.webp?resize=400%2C600&ssl=1",400,600,true],"cvmm-medium-square":["https:\/\/i0.wp.com\/masquenoticias.mx\/wp-content\/uploads\/2023\/08\/IAAM-Colima-jpeg.webp?resize=600%2C600&ssl=1",600,600,true],"cvmm-large":["https:\/\/i0.wp.com\/masquenoticias.mx\/wp-content\/uploads\/2023\/08\/IAAM-Colima-jpeg.webp?resize=1024%2C1024&ssl=1",1024,1024,true],"cvmm-small":["https:\/\/i0.wp.com\/masquenoticias.mx\/wp-content\/uploads\/2023\/08\/IAAM-Colima-jpeg.webp?resize=130%2C95&ssl=1",130,95,true],"full":["https:\/\/i0.wp.com\/masquenoticias.mx\/wp-content\/uploads\/2023\/08\/IAAM-Colima-jpeg.webp?fit=1600%2C1200&ssl=1",1600,1200,false]},"jetpack-related-posts":[],"jetpack_sharing_enabled":true,"jetpack_likes_enabled":true,"jetpack_shortlink":"https:\/\/wp.me\/pf7pkt-v7","_links":{"self":[{"href":"https:\/\/masquenoticias.mx\/index.php\/wp-json\/wp\/v2\/posts\/1929","targetHints":{"allow":["GET"]}}],"collection":[{"href":"https:\/\/masquenoticias.mx\/index.php\/wp-json\/wp\/v2\/posts"}],"about":[{"href":"https:\/\/masquenoticias.mx\/index.php\/wp-json\/wp\/v2\/types\/post"}],"author":[{"embeddable":true,"href":"https:\/\/masquenoticias.mx\/index.php\/wp-json\/wp\/v2\/users\/1"}],"replies":[{"embeddable":true,"href":"https:\/\/masquenoticias.mx\/index.php\/wp-json\/wp\/v2\/comments?post=1929"}],"version-history":[{"count":0,"href":"https:\/\/masquenoticias.mx\/index.php\/wp-json\/wp\/v2\/posts\/1929\/revisions"}],"wp:featuredmedia":[{"embeddable":true,"href":"https:\/\/masquenoticias.mx\/index.php\/wp-json\/wp\/v2\/media\/1930"}],"wp:attachment":[{"href":"https:\/\/masquenoticias.mx\/index.php\/wp-json\/wp\/v2\/media?parent=1929"}],"wp:term":[{"taxonomy":"category","embeddable":true,"href":"https:\/\/masquenoticias.mx\/index.php\/wp-json\/wp\/v2\/categories?post=1929"},{"taxonomy":"post_tag","embeddable":true,"href":"https:\/\/masquenoticias.mx\/index.php\/wp-json\/wp\/v2\/tags?post=1929"}],"curies":[{"name":"wp","href":"https:\/\/api.w.org\/{rel}","templated":true}]}}