{"id":1899,"date":"2023-08-06T19:44:55","date_gmt":"2023-08-07T01:44:55","guid":{"rendered":"https:\/\/masquenoticias.mx\/?p=1899"},"modified":"2023-08-06T19:44:55","modified_gmt":"2023-08-07T01:44:55","slug":"servicios-de-salud-continuan-vigentes-en-el-hospital-regional-universitario","status":"publish","type":"post","link":"https:\/\/masquenoticias.mx\/index.php\/2023\/08\/06\/servicios-de-salud-continuan-vigentes-en-el-hospital-regional-universitario\/","title":{"rendered":"Servicios de salud contin\u00faan vigentes en el Hospital Regional Universitario"},"content":{"rendered":"<p>La Secretar\u00eda de Salud del Gobierno del Estado de Colima informa que al d\u00eda de hoy, se trabaja para mantener en buen estado todas las \u00e1reas m\u00e9dicas del Hospital Regional Universitario (HRU) en la ciudad de Colima y de manera puntual el \u00e1rea de quir\u00f3fanos, para que este servicio no pare y pueda garantizar el bienestar de la poblaci\u00f3n.<\/p>\n<p>La dependencia estatal agradece el trabajo de todo el personal de este nosocomio, que trabaja con un solo objetivo: proporcionar las mejores herramientas para la salud de las y los colimenses.<\/p>\n<p>La autoridad dej\u00f3 claro que el servicio contin\u00faa vigente y fortaleciendo \u00e1reas de oportunidad, para poder brindar atenci\u00f3n con calidad y calidez; &#8220;por ello, en los pr\u00f3ximos d\u00edas nos reuniremos con el personal para dar atenci\u00f3n puntual en los temas de mayor necesidad de este nosocomio y continuar con este trabajo que d\u00eda a d\u00eda otorgamos&#8221;.<\/p>\n<p>La Secretar\u00eda de Salud reiter\u00f3 que conoce las necesidades y por ello, est\u00e1 en la mejor disposici\u00f3n de seguir fortaleciendo las herramientas que permitan el mejor resultado; &#8220;tenemos una deuda hist\u00f3rica y en salud no es la excepci\u00f3n, por ello continuamos cumpliendo con las necesidades de este hospital para seguir garantizando la salud de todas y de todos&#8221;, puntualiz\u00f3.<\/p>\n","protected":false},"excerpt":{"rendered":"<p>La Secretar\u00eda de Salud del Gobierno del Estado de Colima informa que al d\u00eda de hoy, se trabaja para mantener en buen estado todas las \u00e1reas m\u00e9dicas del Hospital Regional Universitario (HRU) en la ciudad de Colima y de manera puntual el \u00e1rea de quir\u00f3fanos, para que este servicio no pare y pueda garantizar el [&hellip;]<\/p>\n","protected":false},"author":1,"featured_media":1900,"comment_status":"open","ping_status":"open","sticky":false,"template":"","format":"standard","meta":{"_jetpack_memberships_contains_paid_content":false,"footnotes":""},"categories":[24],"tags":[63],"class_list":["post-1899","post","type-post","status-publish","format-standard","has-post-thumbnail","hentry","category-estado","tag-salud"],"yoast_head":"<!-- This site is optimized with the Yoast SEO plugin v26.6 - https:\/\/yoast.com\/wordpress\/plugins\/seo\/ -->\n<title>Servicios de salud contin\u00faan vigentes en el Hospital Regional Universitario - M\u00e1s Que Noticias<\/title>\n<meta name=\"robots\" content=\"index, follow, max-snippet:-1, max-image-preview:large, max-video-preview:-1\" \/>\n<link rel=\"canonical\" href=\"https:\/\/masquenoticias.mx\/index.php\/2023\/08\/06\/servicios-de-salud-continuan-vigentes-en-el-hospital-regional-universitario\/\" \/>\n<meta property=\"og:locale\" content=\"es_MX\" \/>\n<meta property=\"og:type\" content=\"article\" \/>\n<meta property=\"og:title\" content=\"Servicios de salud contin\u00faan vigentes en el Hospital Regional Universitario - M\u00e1s Que Noticias\" \/>\n<meta property=\"og:description\" content=\"La Secretar\u00eda de Salud del Gobierno del Estado de Colima informa que al d\u00eda de hoy, se trabaja para mantener en buen estado todas las \u00e1reas m\u00e9dicas del Hospital Regional Universitario (HRU) en la ciudad de Colima y de manera puntual el \u00e1rea de quir\u00f3fanos, para que este servicio no pare y pueda garantizar el [&hellip;]\" \/>\n<meta property=\"og:url\" content=\"https:\/\/masquenoticias.mx\/index.php\/2023\/08\/06\/servicios-de-salud-continuan-vigentes-en-el-hospital-regional-universitario\/\" \/>\n<meta property=\"og:site_name\" content=\"M\u00e1s Que Noticias\" \/>\n<meta property=\"article:publisher\" content=\"https:\/\/www.facebook.com\/masquenoticiascolima\" \/>\n<meta property=\"article:published_time\" content=\"2023-08-07T01:44:55+00:00\" \/>\n<meta property=\"og:image\" content=\"https:\/\/i0.wp.com\/masquenoticias.mx\/wp-content\/uploads\/2023\/08\/HRU-jpeg.webp?fit=1600%2C1066&ssl=1\" \/>\n\t<meta property=\"og:image:width\" content=\"1600\" \/>\n\t<meta property=\"og:image:height\" content=\"1066\" \/>\n\t<meta property=\"og:image:type\" content=\"image\/jpeg\" \/>\n<meta name=\"author\" content=\"Redacci\u00f3n\" \/>\n<meta name=\"twitter:card\" content=\"summary_large_image\" \/>\n<meta name=\"twitter:creator\" content=\"@edgartove\" \/>\n<meta name=\"twitter:site\" content=\"@edgartove\" \/>\n<meta name=\"twitter:label1\" content=\"Escrito por\" \/>\n\t<meta name=\"twitter:data1\" content=\"Redacci\u00f3n\" \/>\n\t<meta name=\"twitter:label2\" content=\"Tiempo de lectura\" \/>\n\t<meta name=\"twitter:data2\" content=\"1 minuto\" \/>\n<script type=\"application\/ld+json\" class=\"yoast-schema-graph\">{\"@context\":\"https:\/\/schema.org\",\"@graph\":[{\"@type\":\"Article\",\"@id\":\"https:\/\/masquenoticias.mx\/index.php\/2023\/08\/06\/servicios-de-salud-continuan-vigentes-en-el-hospital-regional-universitario\/#article\",\"isPartOf\":{\"@id\":\"https:\/\/masquenoticias.mx\/index.php\/2023\/08\/06\/servicios-de-salud-continuan-vigentes-en-el-hospital-regional-universitario\/\"},\"author\":{\"name\":\"Redacci\u00f3n\",\"@id\":\"https:\/\/masquenoticias.mx\/#\/schema\/person\/544d19989ef23d34615f691f7a96e622\"},\"headline\":\"Servicios de salud contin\u00faan vigentes en el Hospital Regional Universitario\",\"datePublished\":\"2023-08-07T01:44:55+00:00\",\"mainEntityOfPage\":{\"@id\":\"https:\/\/masquenoticias.mx\/index.php\/2023\/08\/06\/servicios-de-salud-continuan-vigentes-en-el-hospital-regional-universitario\/\"},\"wordCount\":232,\"commentCount\":0,\"publisher\":{\"@id\":\"https:\/\/masquenoticias.mx\/#organization\"},\"image\":{\"@id\":\"https:\/\/masquenoticias.mx\/index.php\/2023\/08\/06\/servicios-de-salud-continuan-vigentes-en-el-hospital-regional-universitario\/#primaryimage\"},\"thumbnailUrl\":\"https:\/\/i0.wp.com\/masquenoticias.mx\/wp-content\/uploads\/2023\/08\/HRU-jpeg.webp?fit=1600%2C1066&ssl=1\",\"keywords\":[\"Salud\"],\"articleSection\":[\"Estado\"],\"inLanguage\":\"es\",\"potentialAction\":[{\"@type\":\"CommentAction\",\"name\":\"Comment\",\"target\":[\"https:\/\/masquenoticias.mx\/index.php\/2023\/08\/06\/servicios-de-salud-continuan-vigentes-en-el-hospital-regional-universitario\/#respond\"]}]},{\"@type\":\"WebPage\",\"@id\":\"https:\/\/masquenoticias.mx\/index.php\/2023\/08\/06\/servicios-de-salud-continuan-vigentes-en-el-hospital-regional-universitario\/\",\"url\":\"https:\/\/masquenoticias.mx\/index.php\/2023\/08\/06\/servicios-de-salud-continuan-vigentes-en-el-hospital-regional-universitario\/\",\"name\":\"Servicios de salud contin\u00faan vigentes en el Hospital Regional Universitario - M\u00e1s Que Noticias\",\"isPartOf\":{\"@id\":\"https:\/\/masquenoticias.mx\/#website\"},\"primaryImageOfPage\":{\"@id\":\"https:\/\/masquenoticias.mx\/index.php\/2023\/08\/06\/servicios-de-salud-continuan-vigentes-en-el-hospital-regional-universitario\/#primaryimage\"},\"image\":{\"@id\":\"https:\/\/masquenoticias.mx\/index.php\/2023\/08\/06\/servicios-de-salud-continuan-vigentes-en-el-hospital-regional-universitario\/#primaryimage\"},\"thumbnailUrl\":\"https:\/\/i0.wp.com\/masquenoticias.mx\/wp-content\/uploads\/2023\/08\/HRU-jpeg.webp?fit=1600%2C1066&ssl=1\",\"datePublished\":\"2023-08-07T01:44:55+00:00\",\"breadcrumb\":{\"@id\":\"https:\/\/masquenoticias.mx\/index.php\/2023\/08\/06\/servicios-de-salud-continuan-vigentes-en-el-hospital-regional-universitario\/#breadcrumb\"},\"inLanguage\":\"es\",\"potentialAction\":[{\"@type\":\"ReadAction\",\"target\":[\"https:\/\/masquenoticias.mx\/index.php\/2023\/08\/06\/servicios-de-salud-continuan-vigentes-en-el-hospital-regional-universitario\/\"]}]},{\"@type\":\"ImageObject\",\"inLanguage\":\"es\",\"@id\":\"https:\/\/masquenoticias.mx\/index.php\/2023\/08\/06\/servicios-de-salud-continuan-vigentes-en-el-hospital-regional-universitario\/#primaryimage\",\"url\":\"https:\/\/i0.wp.com\/masquenoticias.mx\/wp-content\/uploads\/2023\/08\/HRU-jpeg.webp?fit=1600%2C1066&ssl=1\",\"contentUrl\":\"https:\/\/i0.wp.com\/masquenoticias.mx\/wp-content\/uploads\/2023\/08\/HRU-jpeg.webp?fit=1600%2C1066&ssl=1\",\"width\":1600,\"height\":1066},{\"@type\":\"BreadcrumbList\",\"@id\":\"https:\/\/masquenoticias.mx\/index.php\/2023\/08\/06\/servicios-de-salud-continuan-vigentes-en-el-hospital-regional-universitario\/#breadcrumb\",\"itemListElement\":[{\"@type\":\"ListItem\",\"position\":1,\"name\":\"Inicio\",\"item\":\"https:\/\/masquenoticias.mx\/\"},{\"@type\":\"ListItem\",\"position\":2,\"name\":\"Servicios de salud contin\u00faan vigentes en el Hospital Regional Universitario\"}]},{\"@type\":\"WebSite\",\"@id\":\"https:\/\/masquenoticias.mx\/#website\",\"url\":\"https:\/\/masquenoticias.mx\/\",\"name\":\"M\u00e1s Que Noticias\",\"description\":\"Noticias de Colima, M\u00e9xico y el Mundo\",\"publisher\":{\"@id\":\"https:\/\/masquenoticias.mx\/#organization\"},\"potentialAction\":[{\"@type\":\"SearchAction\",\"target\":{\"@type\":\"EntryPoint\",\"urlTemplate\":\"https:\/\/masquenoticias.mx\/?s={search_term_string}\"},\"query-input\":{\"@type\":\"PropertyValueSpecification\",\"valueRequired\":true,\"valueName\":\"search_term_string\"}}],\"inLanguage\":\"es\"},{\"@type\":\"Organization\",\"@id\":\"https:\/\/masquenoticias.mx\/#organization\",\"name\":\"M\u00e1s Que Noticias\",\"url\":\"https:\/\/masquenoticias.mx\/\",\"logo\":{\"@type\":\"ImageObject\",\"inLanguage\":\"es\",\"@id\":\"https:\/\/masquenoticias.mx\/#\/schema\/logo\/image\/\",\"url\":\"https:\/\/i0.wp.com\/masquenoticias.mx\/wp-content\/uploads\/2024\/04\/IMG_0004.png?fit=2560%2C1656&ssl=1\",\"contentUrl\":\"https:\/\/i0.wp.com\/masquenoticias.mx\/wp-content\/uploads\/2024\/04\/IMG_0004.png?fit=2560%2C1656&ssl=1\",\"width\":2560,\"height\":1656,\"caption\":\"M\u00e1s Que Noticias\"},\"image\":{\"@id\":\"https:\/\/masquenoticias.mx\/#\/schema\/logo\/image\/\"},\"sameAs\":[\"https:\/\/www.facebook.com\/masquenoticiascolima\",\"https:\/\/x.com\/edgartove\",\"https:\/\/www.instagram.com\/masquenoticiascolima\/\"]},{\"@type\":\"Person\",\"@id\":\"https:\/\/masquenoticias.mx\/#\/schema\/person\/544d19989ef23d34615f691f7a96e622\",\"name\":\"Redacci\u00f3n\",\"image\":{\"@type\":\"ImageObject\",\"inLanguage\":\"es\",\"@id\":\"https:\/\/masquenoticias.mx\/#\/schema\/person\/image\/\",\"url\":\"https:\/\/secure.gravatar.com\/avatar\/7fcc926d5b058d3f3d52d95b4d05dd58?s=96&d=mm&r=g\",\"contentUrl\":\"https:\/\/secure.gravatar.com\/avatar\/7fcc926d5b058d3f3d52d95b4d05dd58?s=96&d=mm&r=g\",\"caption\":\"Redacci\u00f3n\"},\"sameAs\":[\"http:\/\/masquenoticias.mx\"],\"url\":\"https:\/\/masquenoticias.mx\/index.php\/author\/edgartovegmail-com\/\"}]}<\/script>\n<!-- \/ Yoast SEO plugin. -->","yoast_head_json":{"title":"Servicios de salud contin\u00faan vigentes en el Hospital Regional Universitario - M\u00e1s Que Noticias","robots":{"index":"index","follow":"follow","max-snippet":"max-snippet:-1","max-image-preview":"max-image-preview:large","max-video-preview":"max-video-preview:-1"},"canonical":"https:\/\/masquenoticias.mx\/index.php\/2023\/08\/06\/servicios-de-salud-continuan-vigentes-en-el-hospital-regional-universitario\/","og_locale":"es_MX","og_type":"article","og_title":"Servicios de salud contin\u00faan vigentes en el Hospital Regional Universitario - M\u00e1s Que Noticias","og_description":"La Secretar\u00eda de Salud del Gobierno del Estado de Colima informa que al d\u00eda de hoy, se trabaja para mantener en buen estado todas las \u00e1reas m\u00e9dicas del Hospital Regional Universitario (HRU) en la ciudad de Colima y de manera puntual el \u00e1rea de quir\u00f3fanos, para que este servicio no pare y pueda garantizar el [&hellip;]","og_url":"https:\/\/masquenoticias.mx\/index.php\/2023\/08\/06\/servicios-de-salud-continuan-vigentes-en-el-hospital-regional-universitario\/","og_site_name":"M\u00e1s Que Noticias","article_publisher":"https:\/\/www.facebook.com\/masquenoticiascolima","article_published_time":"2023-08-07T01:44:55+00:00","og_image":[{"width":1600,"height":1066,"url":"https:\/\/i0.wp.com\/masquenoticias.mx\/wp-content\/uploads\/2023\/08\/HRU-jpeg.webp?fit=1600%2C1066&ssl=1","type":"image\/jpeg"}],"author":"Redacci\u00f3n","twitter_card":"summary_large_image","twitter_creator":"@edgartove","twitter_site":"@edgartove","twitter_misc":{"Escrito por":"Redacci\u00f3n","Tiempo de lectura":"1 minuto"},"schema":{"@context":"https:\/\/schema.org","@graph":[{"@type":"Article","@id":"https:\/\/masquenoticias.mx\/index.php\/2023\/08\/06\/servicios-de-salud-continuan-vigentes-en-el-hospital-regional-universitario\/#article","isPartOf":{"@id":"https:\/\/masquenoticias.mx\/index.php\/2023\/08\/06\/servicios-de-salud-continuan-vigentes-en-el-hospital-regional-universitario\/"},"author":{"name":"Redacci\u00f3n","@id":"https:\/\/masquenoticias.mx\/#\/schema\/person\/544d19989ef23d34615f691f7a96e622"},"headline":"Servicios de salud contin\u00faan vigentes en el Hospital Regional Universitario","datePublished":"2023-08-07T01:44:55+00:00","mainEntityOfPage":{"@id":"https:\/\/masquenoticias.mx\/index.php\/2023\/08\/06\/servicios-de-salud-continuan-vigentes-en-el-hospital-regional-universitario\/"},"wordCount":232,"commentCount":0,"publisher":{"@id":"https:\/\/masquenoticias.mx\/#organization"},"image":{"@id":"https:\/\/masquenoticias.mx\/index.php\/2023\/08\/06\/servicios-de-salud-continuan-vigentes-en-el-hospital-regional-universitario\/#primaryimage"},"thumbnailUrl":"https:\/\/i0.wp.com\/masquenoticias.mx\/wp-content\/uploads\/2023\/08\/HRU-jpeg.webp?fit=1600%2C1066&ssl=1","keywords":["Salud"],"articleSection":["Estado"],"inLanguage":"es","potentialAction":[{"@type":"CommentAction","name":"Comment","target":["https:\/\/masquenoticias.mx\/index.php\/2023\/08\/06\/servicios-de-salud-continuan-vigentes-en-el-hospital-regional-universitario\/#respond"]}]},{"@type":"WebPage","@id":"https:\/\/masquenoticias.mx\/index.php\/2023\/08\/06\/servicios-de-salud-continuan-vigentes-en-el-hospital-regional-universitario\/","url":"https:\/\/masquenoticias.mx\/index.php\/2023\/08\/06\/servicios-de-salud-continuan-vigentes-en-el-hospital-regional-universitario\/","name":"Servicios de salud contin\u00faan vigentes en el Hospital Regional Universitario - M\u00e1s Que Noticias","isPartOf":{"@id":"https:\/\/masquenoticias.mx\/#website"},"primaryImageOfPage":{"@id":"https:\/\/masquenoticias.mx\/index.php\/2023\/08\/06\/servicios-de-salud-continuan-vigentes-en-el-hospital-regional-universitario\/#primaryimage"},"image":{"@id":"https:\/\/masquenoticias.mx\/index.php\/2023\/08\/06\/servicios-de-salud-continuan-vigentes-en-el-hospital-regional-universitario\/#primaryimage"},"thumbnailUrl":"https:\/\/i0.wp.com\/masquenoticias.mx\/wp-content\/uploads\/2023\/08\/HRU-jpeg.webp?fit=1600%2C1066&ssl=1","datePublished":"2023-08-07T01:44:55+00:00","breadcrumb":{"@id":"https:\/\/masquenoticias.mx\/index.php\/2023\/08\/06\/servicios-de-salud-continuan-vigentes-en-el-hospital-regional-universitario\/#breadcrumb"},"inLanguage":"es","potentialAction":[{"@type":"ReadAction","target":["https:\/\/masquenoticias.mx\/index.php\/2023\/08\/06\/servicios-de-salud-continuan-vigentes-en-el-hospital-regional-universitario\/"]}]},{"@type":"ImageObject","inLanguage":"es","@id":"https:\/\/masquenoticias.mx\/index.php\/2023\/08\/06\/servicios-de-salud-continuan-vigentes-en-el-hospital-regional-universitario\/#primaryimage","url":"https:\/\/i0.wp.com\/masquenoticias.mx\/wp-content\/uploads\/2023\/08\/HRU-jpeg.webp?fit=1600%2C1066&ssl=1","contentUrl":"https:\/\/i0.wp.com\/masquenoticias.mx\/wp-content\/uploads\/2023\/08\/HRU-jpeg.webp?fit=1600%2C1066&ssl=1","width":1600,"height":1066},{"@type":"BreadcrumbList","@id":"https:\/\/masquenoticias.mx\/index.php\/2023\/08\/06\/servicios-de-salud-continuan-vigentes-en-el-hospital-regional-universitario\/#breadcrumb","itemListElement":[{"@type":"ListItem","position":1,"name":"Inicio","item":"https:\/\/masquenoticias.mx\/"},{"@type":"ListItem","position":2,"name":"Servicios de salud contin\u00faan vigentes en el Hospital Regional Universitario"}]},{"@type":"WebSite","@id":"https:\/\/masquenoticias.mx\/#website","url":"https:\/\/masquenoticias.mx\/","name":"M\u00e1s Que Noticias","description":"Noticias de Colima, M\u00e9xico y el Mundo","publisher":{"@id":"https:\/\/masquenoticias.mx\/#organization"},"potentialAction":[{"@type":"SearchAction","target":{"@type":"EntryPoint","urlTemplate":"https:\/\/masquenoticias.mx\/?s={search_term_string}"},"query-input":{"@type":"PropertyValueSpecification","valueRequired":true,"valueName":"search_term_string"}}],"inLanguage":"es"},{"@type":"Organization","@id":"https:\/\/masquenoticias.mx\/#organization","name":"M\u00e1s Que Noticias","url":"https:\/\/masquenoticias.mx\/","logo":{"@type":"ImageObject","inLanguage":"es","@id":"https:\/\/masquenoticias.mx\/#\/schema\/logo\/image\/","url":"https:\/\/i0.wp.com\/masquenoticias.mx\/wp-content\/uploads\/2024\/04\/IMG_0004.png?fit=2560%2C1656&ssl=1","contentUrl":"https:\/\/i0.wp.com\/masquenoticias.mx\/wp-content\/uploads\/2024\/04\/IMG_0004.png?fit=2560%2C1656&ssl=1","width":2560,"height":1656,"caption":"M\u00e1s Que Noticias"},"image":{"@id":"https:\/\/masquenoticias.mx\/#\/schema\/logo\/image\/"},"sameAs":["https:\/\/www.facebook.com\/masquenoticiascolima","https:\/\/x.com\/edgartove","https:\/\/www.instagram.com\/masquenoticiascolima\/"]},{"@type":"Person","@id":"https:\/\/masquenoticias.mx\/#\/schema\/person\/544d19989ef23d34615f691f7a96e622","name":"Redacci\u00f3n","image":{"@type":"ImageObject","inLanguage":"es","@id":"https:\/\/masquenoticias.mx\/#\/schema\/person\/image\/","url":"https:\/\/secure.gravatar.com\/avatar\/7fcc926d5b058d3f3d52d95b4d05dd58?s=96&d=mm&r=g","contentUrl":"https:\/\/secure.gravatar.com\/avatar\/7fcc926d5b058d3f3d52d95b4d05dd58?s=96&d=mm&r=g","caption":"Redacci\u00f3n"},"sameAs":["http:\/\/masquenoticias.mx"],"url":"https:\/\/masquenoticias.mx\/index.php\/author\/edgartovegmail-com\/"}]}},"jetpack_featured_media_url":"https:\/\/i0.wp.com\/masquenoticias.mx\/wp-content\/uploads\/2023\/08\/HRU-jpeg.webp?fit=1600%2C1066&ssl=1","blog_post_layout_featured_media_urls":{"thumbnail":["https:\/\/i0.wp.com\/masquenoticias.mx\/wp-content\/uploads\/2023\/08\/HRU-jpeg.webp?resize=150%2C150&ssl=1",150,150,true],"full":["https:\/\/i0.wp.com\/masquenoticias.mx\/wp-content\/uploads\/2023\/08\/HRU-jpeg.webp?fit=1600%2C1066&ssl=1",1600,1066,false]},"categories_names":{"24":{"name":"Estado","link":"https:\/\/masquenoticias.mx\/index.php\/category\/estado\/"}},"tags_names":{"63":{"name":"Salud","link":"https:\/\/masquenoticias.mx\/index.php\/tag\/salud\/"}},"comments_number":"0","wpmagazine_modules_lite_featured_media_urls":{"thumbnail":["https:\/\/i0.wp.com\/masquenoticias.mx\/wp-content\/uploads\/2023\/08\/HRU-jpeg.webp?resize=150%2C150&ssl=1",150,150,true],"cvmm-medium":["https:\/\/i0.wp.com\/masquenoticias.mx\/wp-content\/uploads\/2023\/08\/HRU-jpeg.webp?resize=300%2C300&ssl=1",300,300,true],"cvmm-medium-plus":["https:\/\/i0.wp.com\/masquenoticias.mx\/wp-content\/uploads\/2023\/08\/HRU-jpeg.webp?resize=305%2C207&ssl=1",305,207,true],"cvmm-portrait":["https:\/\/i0.wp.com\/masquenoticias.mx\/wp-content\/uploads\/2023\/08\/HRU-jpeg.webp?resize=400%2C600&ssl=1",400,600,true],"cvmm-medium-square":["https:\/\/i0.wp.com\/masquenoticias.mx\/wp-content\/uploads\/2023\/08\/HRU-jpeg.webp?resize=600%2C600&ssl=1",600,600,true],"cvmm-large":["https:\/\/i0.wp.com\/masquenoticias.mx\/wp-content\/uploads\/2023\/08\/HRU-jpeg.webp?resize=1024%2C1024&ssl=1",1024,1024,true],"cvmm-small":["https:\/\/i0.wp.com\/masquenoticias.mx\/wp-content\/uploads\/2023\/08\/HRU-jpeg.webp?resize=130%2C95&ssl=1",130,95,true],"full":["https:\/\/i0.wp.com\/masquenoticias.mx\/wp-content\/uploads\/2023\/08\/HRU-jpeg.webp?fit=1600%2C1066&ssl=1",1600,1066,false]},"jetpack-related-posts":[],"jetpack_sharing_enabled":true,"jetpack_likes_enabled":true,"jetpack_shortlink":"https:\/\/wp.me\/pf7pkt-uD","_links":{"self":[{"href":"https:\/\/masquenoticias.mx\/index.php\/wp-json\/wp\/v2\/posts\/1899","targetHints":{"allow":["GET"]}}],"collection":[{"href":"https:\/\/masquenoticias.mx\/index.php\/wp-json\/wp\/v2\/posts"}],"about":[{"href":"https:\/\/masquenoticias.mx\/index.php\/wp-json\/wp\/v2\/types\/post"}],"author":[{"embeddable":true,"href":"https:\/\/masquenoticias.mx\/index.php\/wp-json\/wp\/v2\/users\/1"}],"replies":[{"embeddable":true,"href":"https:\/\/masquenoticias.mx\/index.php\/wp-json\/wp\/v2\/comments?post=1899"}],"version-history":[{"count":0,"href":"https:\/\/masquenoticias.mx\/index.php\/wp-json\/wp\/v2\/posts\/1899\/revisions"}],"wp:featuredmedia":[{"embeddable":true,"href":"https:\/\/masquenoticias.mx\/index.php\/wp-json\/wp\/v2\/media\/1900"}],"wp:attachment":[{"href":"https:\/\/masquenoticias.mx\/index.php\/wp-json\/wp\/v2\/media?parent=1899"}],"wp:term":[{"taxonomy":"category","embeddable":true,"href":"https:\/\/masquenoticias.mx\/index.php\/wp-json\/wp\/v2\/categories?post=1899"},{"taxonomy":"post_tag","embeddable":true,"href":"https:\/\/masquenoticias.mx\/index.php\/wp-json\/wp\/v2\/tags?post=1899"}],"curies":[{"name":"wp","href":"https:\/\/api.w.org\/{rel}","templated":true}]}}