{"id":18986,"date":"2025-10-05T15:34:04","date_gmt":"2025-10-05T21:34:04","guid":{"rendered":"https:\/\/masquenoticias.mx\/?p=18986"},"modified":"2025-10-05T15:34:04","modified_gmt":"2025-10-05T21:34:04","slug":"tormenta-tropical-priscilla-seguira-generando-lluvias-fuertes-en-colima-uepc-inicia-evacuacion-de-personas-en-playas","status":"publish","type":"post","link":"https:\/\/masquenoticias.mx\/index.php\/2025\/10\/05\/tormenta-tropical-priscilla-seguira-generando-lluvias-fuertes-en-colima-uepc-inicia-evacuacion-de-personas-en-playas\/","title":{"rendered":"Tormenta tropical \u2018Priscilla\u2019 seguir\u00e1 generando lluvias fuertes en Colima; UEPC inicia evacuaci\u00f3n de personas en playas"},"content":{"rendered":"\n<p><\/p>\n\n\n\n<p>La Unidad Estatal de Protecci\u00f3n Civil (UEPC) del Gobierno del Estado de Colima informa que la tormenta tropical \u2018Priscilla\u2019 continuar\u00e1 provocando lluvias fuertes en los diez municipios de la entidad y debido a que el mar de fondo representa un alto riesgo para la poblaci\u00f3n, ha iniciado la evacuaci\u00f3n preventiva de las personas que se encuentren en las playas de la franja costera en Armer\u00eda, Tecom\u00e1n y Manzanillo, as\u00ed se inform\u00f3 durante la instalaci\u00f3n del Puesto de Comando en Manzanillo, reuni\u00f3n que encabez\u00f3 este domingo la coordinadora nacional de Protecci\u00f3n Civil (CNPC) del Gobierno de M\u00e9xico, Laura Vel\u00e1zquez Alz\u00faa.<\/p>\n\n\n\n<p>De acuerdo al reporte m\u00e1s reciente de la Comisi\u00f3n Nacional del Agua (Conagua), este fen\u00f3meno hidrometeorol\u00f3gico se localiza a 420 kil\u00f3metros del territorio mexicano; sin embargo, las bandas nubosas asociadas contin\u00faan generando precipitaciones puntuales fuertes en diversas regiones del estado; ante esta situaci\u00f3n se mantiene alerta por lluvias, vientos y oleaje elevado, as\u00ed como por la posibilidad de crecidas repentinas en r\u00edos, arroyos y zonas bajas.<\/p>\n\n\n\n<p>En la sesi\u00f3n que presidi\u00f3 la titular de la CNPC, Laura Vel\u00e1zquez Alz\u00faa, participaron representantes de los tres niveles de gobierno, Secretar\u00eda de Marina (Semar), Secretar\u00eda de la Defensa Nacional (Sedena), Guardia Nacional, Secretar\u00eda de Infraestructura, Comunicaciones y Transportes (SICT), Sistema Nacional de Protecci\u00f3n Civil (Sinaproc), Comisi\u00f3n Federal de Electricidad (CFE), Conagua, as\u00ed como UEPC, Unidades Municipales de Protecci\u00f3n Civil; las Secretar\u00edas de Salud, Turismo y Educaci\u00f3n, as\u00ed como IMSS-Bienestar y DIF Estatal, entre otras dependencias.<\/p>\n\n\n\n<p>Durante la reuni\u00f3n, la Semar dio a conocer que la navegaci\u00f3n queda cerrada y reiter\u00f3 el llamado a la poblaci\u00f3n a extremar precauciones, especialmente en zonas costeras y con presencia de oleaje elevado.<\/p>\n\n\n\n<p>Conagua informa que este domingo 5 de octubre se esperan lluvias muy fuertes con puntuales intensas de 75 a 150 mil\u00edmetros, vientos de 50 a 60 kil\u00f3metros por hora, con rachas de 70 a 90 km\/h y oleaje de cuatro a cinco metros de altura.<\/p>\n\n\n\n<p>Para este lunes se prev\u00e9n condiciones similares, con lluvias muy fuertes, vientos de igual intensidad y oleaje de hasta seis metros, mientras que el martes 7 de octubre se esperan chubascos con lluvias puntuales fuertes de 25 a 50 mm y oleaje de tres a cuatro metros.<\/p>\n\n\n\n<p>La UEPC exhorta a la poblaci\u00f3n a mantenerse informada a trav\u00e9s de los canales oficiales, evitar salir de casa si no es necesario, no acercarse a r\u00edos, arroyos ni zonas bajas propensas a inundaciones, asegurar techos, ventanas y objetos que puedan desprenderse con el viento, y acatar todas las indicaciones de las autoridades.<\/p>\n\n\n\n<p>La colaboraci\u00f3n y la prevenci\u00f3n de la poblaci\u00f3n son fundamentales para proteger la vida y la seguridad de todas y todos ante los efectos de la tormenta tropical \u2018Priscilla\u2019. #Protecci\u00f3nCivilSomosTodasYTodos<\/p>\n","protected":false},"excerpt":{"rendered":"<p>La Unidad Estatal de Protecci\u00f3n Civil (UEPC) del Gobierno del Estado de Colima informa que la tormenta tropical \u2018Priscilla\u2019 continuar\u00e1 provocando lluvias fuertes en los diez municipios de la entidad y debido a que el mar de fondo representa un alto riesgo para la poblaci\u00f3n, ha iniciado la evacuaci\u00f3n preventiva de las personas que se [&hellip;]<\/p>\n","protected":false},"author":1,"featured_media":18985,"comment_status":"closed","ping_status":"open","sticky":false,"template":"","format":"standard","meta":{"_jetpack_memberships_contains_paid_content":false,"footnotes":""},"categories":[24],"tags":[240],"class_list":["post-18986","post","type-post","status-publish","format-standard","has-post-thumbnail","hentry","category-estado","tag-pc-estatal"],"yoast_head":"<!-- This site is optimized with the Yoast SEO plugin v26.6 - https:\/\/yoast.com\/wordpress\/plugins\/seo\/ -->\n<title>Tormenta tropical \u2018Priscilla\u2019 seguir\u00e1 generando lluvias fuertes en Colima; UEPC inicia evacuaci\u00f3n de personas en playas - M\u00e1s Que Noticias<\/title>\n<meta name=\"robots\" content=\"index, follow, max-snippet:-1, max-image-preview:large, max-video-preview:-1\" \/>\n<link rel=\"canonical\" href=\"https:\/\/masquenoticias.mx\/index.php\/2025\/10\/05\/tormenta-tropical-priscilla-seguira-generando-lluvias-fuertes-en-colima-uepc-inicia-evacuacion-de-personas-en-playas\/\" \/>\n<meta property=\"og:locale\" content=\"es_MX\" \/>\n<meta property=\"og:type\" content=\"article\" \/>\n<meta property=\"og:title\" content=\"Tormenta tropical \u2018Priscilla\u2019 seguir\u00e1 generando lluvias fuertes en Colima; UEPC inicia evacuaci\u00f3n de personas en playas - M\u00e1s Que Noticias\" \/>\n<meta property=\"og:description\" content=\"La Unidad Estatal de Protecci\u00f3n Civil (UEPC) del Gobierno del Estado de Colima informa que la tormenta tropical \u2018Priscilla\u2019 continuar\u00e1 provocando lluvias fuertes en los diez municipios de la entidad y debido a que el mar de fondo representa un alto riesgo para la poblaci\u00f3n, ha iniciado la evacuaci\u00f3n preventiva de las personas que se [&hellip;]\" \/>\n<meta property=\"og:url\" content=\"https:\/\/masquenoticias.mx\/index.php\/2025\/10\/05\/tormenta-tropical-priscilla-seguira-generando-lluvias-fuertes-en-colima-uepc-inicia-evacuacion-de-personas-en-playas\/\" \/>\n<meta property=\"og:site_name\" content=\"M\u00e1s Que Noticias\" \/>\n<meta property=\"article:publisher\" content=\"https:\/\/www.facebook.com\/masquenoticiascolima\" \/>\n<meta property=\"article:published_time\" content=\"2025-10-05T21:34:04+00:00\" \/>\n<meta property=\"og:image\" content=\"https:\/\/i0.wp.com\/masquenoticias.mx\/wp-content\/uploads\/2025\/10\/2b603b25-4380-4505-997a-bd1aa3329773.jpg?fit=1280%2C852&ssl=1\" \/>\n\t<meta property=\"og:image:width\" content=\"1280\" \/>\n\t<meta property=\"og:image:height\" content=\"852\" \/>\n\t<meta property=\"og:image:type\" content=\"image\/jpeg\" \/>\n<meta name=\"author\" content=\"Redacci\u00f3n\" \/>\n<meta name=\"twitter:card\" content=\"summary_large_image\" \/>\n<meta name=\"twitter:creator\" content=\"@edgartove\" \/>\n<meta name=\"twitter:site\" content=\"@edgartove\" \/>\n<meta name=\"twitter:label1\" content=\"Escrito por\" \/>\n\t<meta name=\"twitter:data1\" content=\"Redacci\u00f3n\" \/>\n\t<meta name=\"twitter:label2\" content=\"Tiempo de lectura\" \/>\n\t<meta name=\"twitter:data2\" content=\"2 minutos\" \/>\n<script type=\"application\/ld+json\" class=\"yoast-schema-graph\">{\"@context\":\"https:\/\/schema.org\",\"@graph\":[{\"@type\":\"Article\",\"@id\":\"https:\/\/masquenoticias.mx\/index.php\/2025\/10\/05\/tormenta-tropical-priscilla-seguira-generando-lluvias-fuertes-en-colima-uepc-inicia-evacuacion-de-personas-en-playas\/#article\",\"isPartOf\":{\"@id\":\"https:\/\/masquenoticias.mx\/index.php\/2025\/10\/05\/tormenta-tropical-priscilla-seguira-generando-lluvias-fuertes-en-colima-uepc-inicia-evacuacion-de-personas-en-playas\/\"},\"author\":{\"name\":\"Redacci\u00f3n\",\"@id\":\"https:\/\/masquenoticias.mx\/#\/schema\/person\/544d19989ef23d34615f691f7a96e622\"},\"headline\":\"Tormenta tropical \u2018Priscilla\u2019 seguir\u00e1 generando lluvias fuertes en Colima; UEPC inicia evacuaci\u00f3n de personas en playas\",\"datePublished\":\"2025-10-05T21:34:04+00:00\",\"mainEntityOfPage\":{\"@id\":\"https:\/\/masquenoticias.mx\/index.php\/2025\/10\/05\/tormenta-tropical-priscilla-seguira-generando-lluvias-fuertes-en-colima-uepc-inicia-evacuacion-de-personas-en-playas\/\"},\"wordCount\":499,\"publisher\":{\"@id\":\"https:\/\/masquenoticias.mx\/#organization\"},\"image\":{\"@id\":\"https:\/\/masquenoticias.mx\/index.php\/2025\/10\/05\/tormenta-tropical-priscilla-seguira-generando-lluvias-fuertes-en-colima-uepc-inicia-evacuacion-de-personas-en-playas\/#primaryimage\"},\"thumbnailUrl\":\"https:\/\/i0.wp.com\/masquenoticias.mx\/wp-content\/uploads\/2025\/10\/2b603b25-4380-4505-997a-bd1aa3329773.jpg?fit=1280%2C852&ssl=1\",\"keywords\":[\"PC Estatal\"],\"articleSection\":[\"Estado\"],\"inLanguage\":\"es\"},{\"@type\":\"WebPage\",\"@id\":\"https:\/\/masquenoticias.mx\/index.php\/2025\/10\/05\/tormenta-tropical-priscilla-seguira-generando-lluvias-fuertes-en-colima-uepc-inicia-evacuacion-de-personas-en-playas\/\",\"url\":\"https:\/\/masquenoticias.mx\/index.php\/2025\/10\/05\/tormenta-tropical-priscilla-seguira-generando-lluvias-fuertes-en-colima-uepc-inicia-evacuacion-de-personas-en-playas\/\",\"name\":\"Tormenta tropical \u2018Priscilla\u2019 seguir\u00e1 generando lluvias fuertes en Colima; UEPC inicia evacuaci\u00f3n de personas en playas - M\u00e1s Que Noticias\",\"isPartOf\":{\"@id\":\"https:\/\/masquenoticias.mx\/#website\"},\"primaryImageOfPage\":{\"@id\":\"https:\/\/masquenoticias.mx\/index.php\/2025\/10\/05\/tormenta-tropical-priscilla-seguira-generando-lluvias-fuertes-en-colima-uepc-inicia-evacuacion-de-personas-en-playas\/#primaryimage\"},\"image\":{\"@id\":\"https:\/\/masquenoticias.mx\/index.php\/2025\/10\/05\/tormenta-tropical-priscilla-seguira-generando-lluvias-fuertes-en-colima-uepc-inicia-evacuacion-de-personas-en-playas\/#primaryimage\"},\"thumbnailUrl\":\"https:\/\/i0.wp.com\/masquenoticias.mx\/wp-content\/uploads\/2025\/10\/2b603b25-4380-4505-997a-bd1aa3329773.jpg?fit=1280%2C852&ssl=1\",\"datePublished\":\"2025-10-05T21:34:04+00:00\",\"breadcrumb\":{\"@id\":\"https:\/\/masquenoticias.mx\/index.php\/2025\/10\/05\/tormenta-tropical-priscilla-seguira-generando-lluvias-fuertes-en-colima-uepc-inicia-evacuacion-de-personas-en-playas\/#breadcrumb\"},\"inLanguage\":\"es\",\"potentialAction\":[{\"@type\":\"ReadAction\",\"target\":[\"https:\/\/masquenoticias.mx\/index.php\/2025\/10\/05\/tormenta-tropical-priscilla-seguira-generando-lluvias-fuertes-en-colima-uepc-inicia-evacuacion-de-personas-en-playas\/\"]}]},{\"@type\":\"ImageObject\",\"inLanguage\":\"es\",\"@id\":\"https:\/\/masquenoticias.mx\/index.php\/2025\/10\/05\/tormenta-tropical-priscilla-seguira-generando-lluvias-fuertes-en-colima-uepc-inicia-evacuacion-de-personas-en-playas\/#primaryimage\",\"url\":\"https:\/\/i0.wp.com\/masquenoticias.mx\/wp-content\/uploads\/2025\/10\/2b603b25-4380-4505-997a-bd1aa3329773.jpg?fit=1280%2C852&ssl=1\",\"contentUrl\":\"https:\/\/i0.wp.com\/masquenoticias.mx\/wp-content\/uploads\/2025\/10\/2b603b25-4380-4505-997a-bd1aa3329773.jpg?fit=1280%2C852&ssl=1\",\"width\":1280,\"height\":852},{\"@type\":\"BreadcrumbList\",\"@id\":\"https:\/\/masquenoticias.mx\/index.php\/2025\/10\/05\/tormenta-tropical-priscilla-seguira-generando-lluvias-fuertes-en-colima-uepc-inicia-evacuacion-de-personas-en-playas\/#breadcrumb\",\"itemListElement\":[{\"@type\":\"ListItem\",\"position\":1,\"name\":\"Inicio\",\"item\":\"https:\/\/masquenoticias.mx\/\"},{\"@type\":\"ListItem\",\"position\":2,\"name\":\"Tormenta tropical \u2018Priscilla\u2019 seguir\u00e1 generando lluvias fuertes en Colima; UEPC inicia evacuaci\u00f3n de personas en playas\"}]},{\"@type\":\"WebSite\",\"@id\":\"https:\/\/masquenoticias.mx\/#website\",\"url\":\"https:\/\/masquenoticias.mx\/\",\"name\":\"M\u00e1s Que Noticias\",\"description\":\"Noticias de Colima, M\u00e9xico y el Mundo\",\"publisher\":{\"@id\":\"https:\/\/masquenoticias.mx\/#organization\"},\"potentialAction\":[{\"@type\":\"SearchAction\",\"target\":{\"@type\":\"EntryPoint\",\"urlTemplate\":\"https:\/\/masquenoticias.mx\/?s={search_term_string}\"},\"query-input\":{\"@type\":\"PropertyValueSpecification\",\"valueRequired\":true,\"valueName\":\"search_term_string\"}}],\"inLanguage\":\"es\"},{\"@type\":\"Organization\",\"@id\":\"https:\/\/masquenoticias.mx\/#organization\",\"name\":\"M\u00e1s Que Noticias\",\"url\":\"https:\/\/masquenoticias.mx\/\",\"logo\":{\"@type\":\"ImageObject\",\"inLanguage\":\"es\",\"@id\":\"https:\/\/masquenoticias.mx\/#\/schema\/logo\/image\/\",\"url\":\"https:\/\/i0.wp.com\/masquenoticias.mx\/wp-content\/uploads\/2024\/04\/IMG_0004.png?fit=2560%2C1656&ssl=1\",\"contentUrl\":\"https:\/\/i0.wp.com\/masquenoticias.mx\/wp-content\/uploads\/2024\/04\/IMG_0004.png?fit=2560%2C1656&ssl=1\",\"width\":2560,\"height\":1656,\"caption\":\"M\u00e1s Que Noticias\"},\"image\":{\"@id\":\"https:\/\/masquenoticias.mx\/#\/schema\/logo\/image\/\"},\"sameAs\":[\"https:\/\/www.facebook.com\/masquenoticiascolima\",\"https:\/\/x.com\/edgartove\",\"https:\/\/www.instagram.com\/masquenoticiascolima\/\"]},{\"@type\":\"Person\",\"@id\":\"https:\/\/masquenoticias.mx\/#\/schema\/person\/544d19989ef23d34615f691f7a96e622\",\"name\":\"Redacci\u00f3n\",\"image\":{\"@type\":\"ImageObject\",\"inLanguage\":\"es\",\"@id\":\"https:\/\/masquenoticias.mx\/#\/schema\/person\/image\/\",\"url\":\"https:\/\/secure.gravatar.com\/avatar\/7fcc926d5b058d3f3d52d95b4d05dd58?s=96&d=mm&r=g\",\"contentUrl\":\"https:\/\/secure.gravatar.com\/avatar\/7fcc926d5b058d3f3d52d95b4d05dd58?s=96&d=mm&r=g\",\"caption\":\"Redacci\u00f3n\"},\"sameAs\":[\"http:\/\/masquenoticias.mx\"],\"url\":\"https:\/\/masquenoticias.mx\/index.php\/author\/edgartovegmail-com\/\"}]}<\/script>\n<!-- \/ Yoast SEO plugin. -->","yoast_head_json":{"title":"Tormenta tropical \u2018Priscilla\u2019 seguir\u00e1 generando lluvias fuertes en Colima; UEPC inicia evacuaci\u00f3n de personas en playas - M\u00e1s Que Noticias","robots":{"index":"index","follow":"follow","max-snippet":"max-snippet:-1","max-image-preview":"max-image-preview:large","max-video-preview":"max-video-preview:-1"},"canonical":"https:\/\/masquenoticias.mx\/index.php\/2025\/10\/05\/tormenta-tropical-priscilla-seguira-generando-lluvias-fuertes-en-colima-uepc-inicia-evacuacion-de-personas-en-playas\/","og_locale":"es_MX","og_type":"article","og_title":"Tormenta tropical \u2018Priscilla\u2019 seguir\u00e1 generando lluvias fuertes en Colima; UEPC inicia evacuaci\u00f3n de personas en playas - M\u00e1s Que Noticias","og_description":"La Unidad Estatal de Protecci\u00f3n Civil (UEPC) del Gobierno del Estado de Colima informa que la tormenta tropical \u2018Priscilla\u2019 continuar\u00e1 provocando lluvias fuertes en los diez municipios de la entidad y debido a que el mar de fondo representa un alto riesgo para la poblaci\u00f3n, ha iniciado la evacuaci\u00f3n preventiva de las personas que se [&hellip;]","og_url":"https:\/\/masquenoticias.mx\/index.php\/2025\/10\/05\/tormenta-tropical-priscilla-seguira-generando-lluvias-fuertes-en-colima-uepc-inicia-evacuacion-de-personas-en-playas\/","og_site_name":"M\u00e1s Que Noticias","article_publisher":"https:\/\/www.facebook.com\/masquenoticiascolima","article_published_time":"2025-10-05T21:34:04+00:00","og_image":[{"width":1280,"height":852,"url":"https:\/\/i0.wp.com\/masquenoticias.mx\/wp-content\/uploads\/2025\/10\/2b603b25-4380-4505-997a-bd1aa3329773.jpg?fit=1280%2C852&ssl=1","type":"image\/jpeg"}],"author":"Redacci\u00f3n","twitter_card":"summary_large_image","twitter_creator":"@edgartove","twitter_site":"@edgartove","twitter_misc":{"Escrito por":"Redacci\u00f3n","Tiempo de lectura":"2 minutos"},"schema":{"@context":"https:\/\/schema.org","@graph":[{"@type":"Article","@id":"https:\/\/masquenoticias.mx\/index.php\/2025\/10\/05\/tormenta-tropical-priscilla-seguira-generando-lluvias-fuertes-en-colima-uepc-inicia-evacuacion-de-personas-en-playas\/#article","isPartOf":{"@id":"https:\/\/masquenoticias.mx\/index.php\/2025\/10\/05\/tormenta-tropical-priscilla-seguira-generando-lluvias-fuertes-en-colima-uepc-inicia-evacuacion-de-personas-en-playas\/"},"author":{"name":"Redacci\u00f3n","@id":"https:\/\/masquenoticias.mx\/#\/schema\/person\/544d19989ef23d34615f691f7a96e622"},"headline":"Tormenta tropical \u2018Priscilla\u2019 seguir\u00e1 generando lluvias fuertes en Colima; UEPC inicia evacuaci\u00f3n de personas en playas","datePublished":"2025-10-05T21:34:04+00:00","mainEntityOfPage":{"@id":"https:\/\/masquenoticias.mx\/index.php\/2025\/10\/05\/tormenta-tropical-priscilla-seguira-generando-lluvias-fuertes-en-colima-uepc-inicia-evacuacion-de-personas-en-playas\/"},"wordCount":499,"publisher":{"@id":"https:\/\/masquenoticias.mx\/#organization"},"image":{"@id":"https:\/\/masquenoticias.mx\/index.php\/2025\/10\/05\/tormenta-tropical-priscilla-seguira-generando-lluvias-fuertes-en-colima-uepc-inicia-evacuacion-de-personas-en-playas\/#primaryimage"},"thumbnailUrl":"https:\/\/i0.wp.com\/masquenoticias.mx\/wp-content\/uploads\/2025\/10\/2b603b25-4380-4505-997a-bd1aa3329773.jpg?fit=1280%2C852&ssl=1","keywords":["PC Estatal"],"articleSection":["Estado"],"inLanguage":"es"},{"@type":"WebPage","@id":"https:\/\/masquenoticias.mx\/index.php\/2025\/10\/05\/tormenta-tropical-priscilla-seguira-generando-lluvias-fuertes-en-colima-uepc-inicia-evacuacion-de-personas-en-playas\/","url":"https:\/\/masquenoticias.mx\/index.php\/2025\/10\/05\/tormenta-tropical-priscilla-seguira-generando-lluvias-fuertes-en-colima-uepc-inicia-evacuacion-de-personas-en-playas\/","name":"Tormenta tropical \u2018Priscilla\u2019 seguir\u00e1 generando lluvias fuertes en Colima; UEPC inicia evacuaci\u00f3n de personas en playas - M\u00e1s Que Noticias","isPartOf":{"@id":"https:\/\/masquenoticias.mx\/#website"},"primaryImageOfPage":{"@id":"https:\/\/masquenoticias.mx\/index.php\/2025\/10\/05\/tormenta-tropical-priscilla-seguira-generando-lluvias-fuertes-en-colima-uepc-inicia-evacuacion-de-personas-en-playas\/#primaryimage"},"image":{"@id":"https:\/\/masquenoticias.mx\/index.php\/2025\/10\/05\/tormenta-tropical-priscilla-seguira-generando-lluvias-fuertes-en-colima-uepc-inicia-evacuacion-de-personas-en-playas\/#primaryimage"},"thumbnailUrl":"https:\/\/i0.wp.com\/masquenoticias.mx\/wp-content\/uploads\/2025\/10\/2b603b25-4380-4505-997a-bd1aa3329773.jpg?fit=1280%2C852&ssl=1","datePublished":"2025-10-05T21:34:04+00:00","breadcrumb":{"@id":"https:\/\/masquenoticias.mx\/index.php\/2025\/10\/05\/tormenta-tropical-priscilla-seguira-generando-lluvias-fuertes-en-colima-uepc-inicia-evacuacion-de-personas-en-playas\/#breadcrumb"},"inLanguage":"es","potentialAction":[{"@type":"ReadAction","target":["https:\/\/masquenoticias.mx\/index.php\/2025\/10\/05\/tormenta-tropical-priscilla-seguira-generando-lluvias-fuertes-en-colima-uepc-inicia-evacuacion-de-personas-en-playas\/"]}]},{"@type":"ImageObject","inLanguage":"es","@id":"https:\/\/masquenoticias.mx\/index.php\/2025\/10\/05\/tormenta-tropical-priscilla-seguira-generando-lluvias-fuertes-en-colima-uepc-inicia-evacuacion-de-personas-en-playas\/#primaryimage","url":"https:\/\/i0.wp.com\/masquenoticias.mx\/wp-content\/uploads\/2025\/10\/2b603b25-4380-4505-997a-bd1aa3329773.jpg?fit=1280%2C852&ssl=1","contentUrl":"https:\/\/i0.wp.com\/masquenoticias.mx\/wp-content\/uploads\/2025\/10\/2b603b25-4380-4505-997a-bd1aa3329773.jpg?fit=1280%2C852&ssl=1","width":1280,"height":852},{"@type":"BreadcrumbList","@id":"https:\/\/masquenoticias.mx\/index.php\/2025\/10\/05\/tormenta-tropical-priscilla-seguira-generando-lluvias-fuertes-en-colima-uepc-inicia-evacuacion-de-personas-en-playas\/#breadcrumb","itemListElement":[{"@type":"ListItem","position":1,"name":"Inicio","item":"https:\/\/masquenoticias.mx\/"},{"@type":"ListItem","position":2,"name":"Tormenta tropical \u2018Priscilla\u2019 seguir\u00e1 generando lluvias fuertes en Colima; UEPC inicia evacuaci\u00f3n de personas en playas"}]},{"@type":"WebSite","@id":"https:\/\/masquenoticias.mx\/#website","url":"https:\/\/masquenoticias.mx\/","name":"M\u00e1s Que Noticias","description":"Noticias de Colima, M\u00e9xico y el Mundo","publisher":{"@id":"https:\/\/masquenoticias.mx\/#organization"},"potentialAction":[{"@type":"SearchAction","target":{"@type":"EntryPoint","urlTemplate":"https:\/\/masquenoticias.mx\/?s={search_term_string}"},"query-input":{"@type":"PropertyValueSpecification","valueRequired":true,"valueName":"search_term_string"}}],"inLanguage":"es"},{"@type":"Organization","@id":"https:\/\/masquenoticias.mx\/#organization","name":"M\u00e1s Que Noticias","url":"https:\/\/masquenoticias.mx\/","logo":{"@type":"ImageObject","inLanguage":"es","@id":"https:\/\/masquenoticias.mx\/#\/schema\/logo\/image\/","url":"https:\/\/i0.wp.com\/masquenoticias.mx\/wp-content\/uploads\/2024\/04\/IMG_0004.png?fit=2560%2C1656&ssl=1","contentUrl":"https:\/\/i0.wp.com\/masquenoticias.mx\/wp-content\/uploads\/2024\/04\/IMG_0004.png?fit=2560%2C1656&ssl=1","width":2560,"height":1656,"caption":"M\u00e1s Que Noticias"},"image":{"@id":"https:\/\/masquenoticias.mx\/#\/schema\/logo\/image\/"},"sameAs":["https:\/\/www.facebook.com\/masquenoticiascolima","https:\/\/x.com\/edgartove","https:\/\/www.instagram.com\/masquenoticiascolima\/"]},{"@type":"Person","@id":"https:\/\/masquenoticias.mx\/#\/schema\/person\/544d19989ef23d34615f691f7a96e622","name":"Redacci\u00f3n","image":{"@type":"ImageObject","inLanguage":"es","@id":"https:\/\/masquenoticias.mx\/#\/schema\/person\/image\/","url":"https:\/\/secure.gravatar.com\/avatar\/7fcc926d5b058d3f3d52d95b4d05dd58?s=96&d=mm&r=g","contentUrl":"https:\/\/secure.gravatar.com\/avatar\/7fcc926d5b058d3f3d52d95b4d05dd58?s=96&d=mm&r=g","caption":"Redacci\u00f3n"},"sameAs":["http:\/\/masquenoticias.mx"],"url":"https:\/\/masquenoticias.mx\/index.php\/author\/edgartovegmail-com\/"}]}},"jetpack_featured_media_url":"https:\/\/i0.wp.com\/masquenoticias.mx\/wp-content\/uploads\/2025\/10\/2b603b25-4380-4505-997a-bd1aa3329773.jpg?fit=1280%2C852&ssl=1","blog_post_layout_featured_media_urls":{"thumbnail":["https:\/\/i0.wp.com\/masquenoticias.mx\/wp-content\/uploads\/2025\/10\/2b603b25-4380-4505-997a-bd1aa3329773.jpg?resize=150%2C150&ssl=1",150,150,true],"full":["https:\/\/i0.wp.com\/masquenoticias.mx\/wp-content\/uploads\/2025\/10\/2b603b25-4380-4505-997a-bd1aa3329773.jpg?fit=1280%2C852&ssl=1",1280,852,false]},"categories_names":{"24":{"name":"Estado","link":"https:\/\/masquenoticias.mx\/index.php\/category\/estado\/"}},"tags_names":{"240":{"name":"PC Estatal","link":"https:\/\/masquenoticias.mx\/index.php\/tag\/pc-estatal\/"}},"comments_number":"0","wpmagazine_modules_lite_featured_media_urls":{"thumbnail":["https:\/\/i0.wp.com\/masquenoticias.mx\/wp-content\/uploads\/2025\/10\/2b603b25-4380-4505-997a-bd1aa3329773.jpg?resize=150%2C150&ssl=1",150,150,true],"cvmm-medium":["https:\/\/i0.wp.com\/masquenoticias.mx\/wp-content\/uploads\/2025\/10\/2b603b25-4380-4505-997a-bd1aa3329773.jpg?resize=300%2C300&ssl=1",300,300,true],"cvmm-medium-plus":["https:\/\/i0.wp.com\/masquenoticias.mx\/wp-content\/uploads\/2025\/10\/2b603b25-4380-4505-997a-bd1aa3329773.jpg?resize=305%2C207&ssl=1",305,207,true],"cvmm-portrait":["https:\/\/i0.wp.com\/masquenoticias.mx\/wp-content\/uploads\/2025\/10\/2b603b25-4380-4505-997a-bd1aa3329773.jpg?resize=400%2C600&ssl=1",400,600,true],"cvmm-medium-square":["https:\/\/i0.wp.com\/masquenoticias.mx\/wp-content\/uploads\/2025\/10\/2b603b25-4380-4505-997a-bd1aa3329773.jpg?resize=600%2C600&ssl=1",600,600,true],"cvmm-large":["https:\/\/i0.wp.com\/masquenoticias.mx\/wp-content\/uploads\/2025\/10\/2b603b25-4380-4505-997a-bd1aa3329773.jpg?resize=1024%2C852&ssl=1",1024,852,true],"cvmm-small":["https:\/\/i0.wp.com\/masquenoticias.mx\/wp-content\/uploads\/2025\/10\/2b603b25-4380-4505-997a-bd1aa3329773.jpg?resize=130%2C95&ssl=1",130,95,true],"full":["https:\/\/i0.wp.com\/masquenoticias.mx\/wp-content\/uploads\/2025\/10\/2b603b25-4380-4505-997a-bd1aa3329773.jpg?fit=1280%2C852&ssl=1",1280,852,false]},"jetpack-related-posts":[],"jetpack_sharing_enabled":true,"jetpack_likes_enabled":true,"jetpack_shortlink":"https:\/\/wp.me\/pf7pkt-4We","_links":{"self":[{"href":"https:\/\/masquenoticias.mx\/index.php\/wp-json\/wp\/v2\/posts\/18986","targetHints":{"allow":["GET"]}}],"collection":[{"href":"https:\/\/masquenoticias.mx\/index.php\/wp-json\/wp\/v2\/posts"}],"about":[{"href":"https:\/\/masquenoticias.mx\/index.php\/wp-json\/wp\/v2\/types\/post"}],"author":[{"embeddable":true,"href":"https:\/\/masquenoticias.mx\/index.php\/wp-json\/wp\/v2\/users\/1"}],"replies":[{"embeddable":true,"href":"https:\/\/masquenoticias.mx\/index.php\/wp-json\/wp\/v2\/comments?post=18986"}],"version-history":[{"count":1,"href":"https:\/\/masquenoticias.mx\/index.php\/wp-json\/wp\/v2\/posts\/18986\/revisions"}],"predecessor-version":[{"id":18987,"href":"https:\/\/masquenoticias.mx\/index.php\/wp-json\/wp\/v2\/posts\/18986\/revisions\/18987"}],"wp:featuredmedia":[{"embeddable":true,"href":"https:\/\/masquenoticias.mx\/index.php\/wp-json\/wp\/v2\/media\/18985"}],"wp:attachment":[{"href":"https:\/\/masquenoticias.mx\/index.php\/wp-json\/wp\/v2\/media?parent=18986"}],"wp:term":[{"taxonomy":"category","embeddable":true,"href":"https:\/\/masquenoticias.mx\/index.php\/wp-json\/wp\/v2\/categories?post=18986"},{"taxonomy":"post_tag","embeddable":true,"href":"https:\/\/masquenoticias.mx\/index.php\/wp-json\/wp\/v2\/tags?post=18986"}],"curies":[{"name":"wp","href":"https:\/\/api.w.org\/{rel}","templated":true}]}}