{"id":18694,"date":"2025-09-18T18:41:45","date_gmt":"2025-09-19T00:41:45","guid":{"rendered":"https:\/\/masquenoticias.mx\/?p=18694"},"modified":"2025-09-18T18:41:45","modified_gmt":"2025-09-19T00:41:45","slug":"ssp-capacita-a-policias-en-atencion-a-la-violencia-contra-mujeres-para-brindar-mejor-servicio-a-la-poblacion","status":"publish","type":"post","link":"https:\/\/masquenoticias.mx\/index.php\/2025\/09\/18\/ssp-capacita-a-policias-en-atencion-a-la-violencia-contra-mujeres-para-brindar-mejor-servicio-a-la-poblacion\/","title":{"rendered":"SSP capacita a polic\u00edas en atenci\u00f3n a la violencia contra mujeres, para brindar mejor servicio a la poblaci\u00f3n"},"content":{"rendered":"\n<p>Con el objetivo de fortalecer la sensibilizaci\u00f3n y la prevenci\u00f3n de los distintos tipos de violencia de g\u00e9nero, la Unidad para la Igualdad de G\u00e9nero de la Secretar\u00eda de Seguridad P\u00fablica (SSP) del Gobierno del estado de Colima, imparti\u00f3 la primera sesi\u00f3n de una serie de capacitaciones, comenzando con el tema &#8216;Perspectiva de G\u00e9nero y Atenci\u00f3n a la Violencia contra las Mujeres\u201d, dirigida a integrantes de los grupos especiales de reacci\u00f3n inmediata de la Polic\u00eda Estatal Preventiva.<\/p>\n\n\n\n<p>Con esta serie de capacitaciones, la dependencia estatal brinda al personal de las corporaciones policiacas, las herramientas te\u00f3ricas y pr\u00e1cticas para realizar intervenciones m\u00e1s efectivas y con enfoque de derechos humanos, garantizando que en los distintos escenarios que enfrenta el personal se logre apoyar a la ciudadan\u00eda sin victimizar a las o los afectados por este delito.<\/p>\n\n\n\n<p>La Secretar\u00eda de Seguridad P\u00fablica refrenda el compromiso de preparar a sus elementos para combatir la violencia de g\u00e9nero, protegiendo y salvaguardando los derechos de todas y todos los colimenses.<\/p>\n","protected":false},"excerpt":{"rendered":"<p>Con el objetivo de fortalecer la sensibilizaci\u00f3n y la prevenci\u00f3n de los distintos tipos de violencia de g\u00e9nero, la Unidad para la Igualdad de G\u00e9nero de la Secretar\u00eda de Seguridad P\u00fablica (SSP) del Gobierno del estado de Colima, imparti\u00f3 la primera sesi\u00f3n de una serie de capacitaciones, comenzando con el tema &#8216;Perspectiva de G\u00e9nero y [&hellip;]<\/p>\n","protected":false},"author":1,"featured_media":18693,"comment_status":"closed","ping_status":"open","sticky":false,"template":"","format":"standard","meta":{"_jetpack_memberships_contains_paid_content":false,"footnotes":""},"categories":[58],"tags":[295],"class_list":["post-18694","post","type-post","status-publish","format-standard","has-post-thumbnail","hentry","category-seguridad","tag-ssp"],"yoast_head":"<!-- This site is optimized with the Yoast SEO plugin v26.6 - https:\/\/yoast.com\/wordpress\/plugins\/seo\/ -->\n<title>SSP capacita a polic\u00edas en atenci\u00f3n a la violencia contra mujeres, para brindar mejor servicio a la poblaci\u00f3n - M\u00e1s Que Noticias<\/title>\n<meta name=\"robots\" content=\"index, follow, max-snippet:-1, max-image-preview:large, max-video-preview:-1\" \/>\n<link rel=\"canonical\" href=\"https:\/\/masquenoticias.mx\/index.php\/2025\/09\/18\/ssp-capacita-a-policias-en-atencion-a-la-violencia-contra-mujeres-para-brindar-mejor-servicio-a-la-poblacion\/\" \/>\n<meta property=\"og:locale\" content=\"es_MX\" \/>\n<meta property=\"og:type\" content=\"article\" \/>\n<meta property=\"og:title\" content=\"SSP capacita a polic\u00edas en atenci\u00f3n a la violencia contra mujeres, para brindar mejor servicio a la poblaci\u00f3n - M\u00e1s Que Noticias\" \/>\n<meta property=\"og:description\" content=\"Con el objetivo de fortalecer la sensibilizaci\u00f3n y la prevenci\u00f3n de los distintos tipos de violencia de g\u00e9nero, la Unidad para la Igualdad de G\u00e9nero de la Secretar\u00eda de Seguridad P\u00fablica (SSP) del Gobierno del estado de Colima, imparti\u00f3 la primera sesi\u00f3n de una serie de capacitaciones, comenzando con el tema &#8216;Perspectiva de G\u00e9nero y [&hellip;]\" \/>\n<meta property=\"og:url\" content=\"https:\/\/masquenoticias.mx\/index.php\/2025\/09\/18\/ssp-capacita-a-policias-en-atencion-a-la-violencia-contra-mujeres-para-brindar-mejor-servicio-a-la-poblacion\/\" \/>\n<meta property=\"og:site_name\" content=\"M\u00e1s Que Noticias\" \/>\n<meta property=\"article:publisher\" content=\"https:\/\/www.facebook.com\/masquenoticiascolima\" \/>\n<meta property=\"article:published_time\" content=\"2025-09-19T00:41:45+00:00\" \/>\n<meta property=\"og:image\" content=\"https:\/\/i0.wp.com\/masquenoticias.mx\/wp-content\/uploads\/2025\/09\/199d90e4-0789-46a1-8ebb-f5cdb6e4e607.jpg?fit=1280%2C960&ssl=1\" \/>\n\t<meta property=\"og:image:width\" content=\"1280\" \/>\n\t<meta property=\"og:image:height\" content=\"960\" \/>\n\t<meta property=\"og:image:type\" content=\"image\/jpeg\" \/>\n<meta name=\"author\" content=\"Redacci\u00f3n\" \/>\n<meta name=\"twitter:card\" content=\"summary_large_image\" \/>\n<meta name=\"twitter:creator\" content=\"@edgartove\" \/>\n<meta name=\"twitter:site\" content=\"@edgartove\" \/>\n<meta name=\"twitter:label1\" content=\"Escrito por\" \/>\n\t<meta name=\"twitter:data1\" content=\"Redacci\u00f3n\" \/>\n\t<meta name=\"twitter:label2\" content=\"Tiempo de lectura\" \/>\n\t<meta name=\"twitter:data2\" content=\"1 minuto\" \/>\n<script type=\"application\/ld+json\" class=\"yoast-schema-graph\">{\"@context\":\"https:\/\/schema.org\",\"@graph\":[{\"@type\":\"Article\",\"@id\":\"https:\/\/masquenoticias.mx\/index.php\/2025\/09\/18\/ssp-capacita-a-policias-en-atencion-a-la-violencia-contra-mujeres-para-brindar-mejor-servicio-a-la-poblacion\/#article\",\"isPartOf\":{\"@id\":\"https:\/\/masquenoticias.mx\/index.php\/2025\/09\/18\/ssp-capacita-a-policias-en-atencion-a-la-violencia-contra-mujeres-para-brindar-mejor-servicio-a-la-poblacion\/\"},\"author\":{\"name\":\"Redacci\u00f3n\",\"@id\":\"https:\/\/masquenoticias.mx\/#\/schema\/person\/544d19989ef23d34615f691f7a96e622\"},\"headline\":\"SSP capacita a polic\u00edas en atenci\u00f3n a la violencia contra mujeres, para brindar mejor servicio a la poblaci\u00f3n\",\"datePublished\":\"2025-09-19T00:41:45+00:00\",\"mainEntityOfPage\":{\"@id\":\"https:\/\/masquenoticias.mx\/index.php\/2025\/09\/18\/ssp-capacita-a-policias-en-atencion-a-la-violencia-contra-mujeres-para-brindar-mejor-servicio-a-la-poblacion\/\"},\"wordCount\":203,\"publisher\":{\"@id\":\"https:\/\/masquenoticias.mx\/#organization\"},\"image\":{\"@id\":\"https:\/\/masquenoticias.mx\/index.php\/2025\/09\/18\/ssp-capacita-a-policias-en-atencion-a-la-violencia-contra-mujeres-para-brindar-mejor-servicio-a-la-poblacion\/#primaryimage\"},\"thumbnailUrl\":\"https:\/\/i0.wp.com\/masquenoticias.mx\/wp-content\/uploads\/2025\/09\/199d90e4-0789-46a1-8ebb-f5cdb6e4e607.jpg?fit=1280%2C960&ssl=1\",\"keywords\":[\"SSP\"],\"articleSection\":[\"Seguridad\"],\"inLanguage\":\"es\"},{\"@type\":\"WebPage\",\"@id\":\"https:\/\/masquenoticias.mx\/index.php\/2025\/09\/18\/ssp-capacita-a-policias-en-atencion-a-la-violencia-contra-mujeres-para-brindar-mejor-servicio-a-la-poblacion\/\",\"url\":\"https:\/\/masquenoticias.mx\/index.php\/2025\/09\/18\/ssp-capacita-a-policias-en-atencion-a-la-violencia-contra-mujeres-para-brindar-mejor-servicio-a-la-poblacion\/\",\"name\":\"SSP capacita a polic\u00edas en atenci\u00f3n a la violencia contra mujeres, para brindar mejor servicio a la poblaci\u00f3n - M\u00e1s Que Noticias\",\"isPartOf\":{\"@id\":\"https:\/\/masquenoticias.mx\/#website\"},\"primaryImageOfPage\":{\"@id\":\"https:\/\/masquenoticias.mx\/index.php\/2025\/09\/18\/ssp-capacita-a-policias-en-atencion-a-la-violencia-contra-mujeres-para-brindar-mejor-servicio-a-la-poblacion\/#primaryimage\"},\"image\":{\"@id\":\"https:\/\/masquenoticias.mx\/index.php\/2025\/09\/18\/ssp-capacita-a-policias-en-atencion-a-la-violencia-contra-mujeres-para-brindar-mejor-servicio-a-la-poblacion\/#primaryimage\"},\"thumbnailUrl\":\"https:\/\/i0.wp.com\/masquenoticias.mx\/wp-content\/uploads\/2025\/09\/199d90e4-0789-46a1-8ebb-f5cdb6e4e607.jpg?fit=1280%2C960&ssl=1\",\"datePublished\":\"2025-09-19T00:41:45+00:00\",\"breadcrumb\":{\"@id\":\"https:\/\/masquenoticias.mx\/index.php\/2025\/09\/18\/ssp-capacita-a-policias-en-atencion-a-la-violencia-contra-mujeres-para-brindar-mejor-servicio-a-la-poblacion\/#breadcrumb\"},\"inLanguage\":\"es\",\"potentialAction\":[{\"@type\":\"ReadAction\",\"target\":[\"https:\/\/masquenoticias.mx\/index.php\/2025\/09\/18\/ssp-capacita-a-policias-en-atencion-a-la-violencia-contra-mujeres-para-brindar-mejor-servicio-a-la-poblacion\/\"]}]},{\"@type\":\"ImageObject\",\"inLanguage\":\"es\",\"@id\":\"https:\/\/masquenoticias.mx\/index.php\/2025\/09\/18\/ssp-capacita-a-policias-en-atencion-a-la-violencia-contra-mujeres-para-brindar-mejor-servicio-a-la-poblacion\/#primaryimage\",\"url\":\"https:\/\/i0.wp.com\/masquenoticias.mx\/wp-content\/uploads\/2025\/09\/199d90e4-0789-46a1-8ebb-f5cdb6e4e607.jpg?fit=1280%2C960&ssl=1\",\"contentUrl\":\"https:\/\/i0.wp.com\/masquenoticias.mx\/wp-content\/uploads\/2025\/09\/199d90e4-0789-46a1-8ebb-f5cdb6e4e607.jpg?fit=1280%2C960&ssl=1\",\"width\":1280,\"height\":960},{\"@type\":\"BreadcrumbList\",\"@id\":\"https:\/\/masquenoticias.mx\/index.php\/2025\/09\/18\/ssp-capacita-a-policias-en-atencion-a-la-violencia-contra-mujeres-para-brindar-mejor-servicio-a-la-poblacion\/#breadcrumb\",\"itemListElement\":[{\"@type\":\"ListItem\",\"position\":1,\"name\":\"Inicio\",\"item\":\"https:\/\/masquenoticias.mx\/\"},{\"@type\":\"ListItem\",\"position\":2,\"name\":\"SSP capacita a polic\u00edas en atenci\u00f3n a la violencia contra mujeres, para brindar mejor servicio a la poblaci\u00f3n\"}]},{\"@type\":\"WebSite\",\"@id\":\"https:\/\/masquenoticias.mx\/#website\",\"url\":\"https:\/\/masquenoticias.mx\/\",\"name\":\"M\u00e1s Que Noticias\",\"description\":\"Noticias de Colima, M\u00e9xico y el Mundo\",\"publisher\":{\"@id\":\"https:\/\/masquenoticias.mx\/#organization\"},\"potentialAction\":[{\"@type\":\"SearchAction\",\"target\":{\"@type\":\"EntryPoint\",\"urlTemplate\":\"https:\/\/masquenoticias.mx\/?s={search_term_string}\"},\"query-input\":{\"@type\":\"PropertyValueSpecification\",\"valueRequired\":true,\"valueName\":\"search_term_string\"}}],\"inLanguage\":\"es\"},{\"@type\":\"Organization\",\"@id\":\"https:\/\/masquenoticias.mx\/#organization\",\"name\":\"M\u00e1s Que Noticias\",\"url\":\"https:\/\/masquenoticias.mx\/\",\"logo\":{\"@type\":\"ImageObject\",\"inLanguage\":\"es\",\"@id\":\"https:\/\/masquenoticias.mx\/#\/schema\/logo\/image\/\",\"url\":\"https:\/\/i0.wp.com\/masquenoticias.mx\/wp-content\/uploads\/2024\/04\/IMG_0004.png?fit=2560%2C1656&ssl=1\",\"contentUrl\":\"https:\/\/i0.wp.com\/masquenoticias.mx\/wp-content\/uploads\/2024\/04\/IMG_0004.png?fit=2560%2C1656&ssl=1\",\"width\":2560,\"height\":1656,\"caption\":\"M\u00e1s Que Noticias\"},\"image\":{\"@id\":\"https:\/\/masquenoticias.mx\/#\/schema\/logo\/image\/\"},\"sameAs\":[\"https:\/\/www.facebook.com\/masquenoticiascolima\",\"https:\/\/x.com\/edgartove\",\"https:\/\/www.instagram.com\/masquenoticiascolima\/\"]},{\"@type\":\"Person\",\"@id\":\"https:\/\/masquenoticias.mx\/#\/schema\/person\/544d19989ef23d34615f691f7a96e622\",\"name\":\"Redacci\u00f3n\",\"image\":{\"@type\":\"ImageObject\",\"inLanguage\":\"es\",\"@id\":\"https:\/\/masquenoticias.mx\/#\/schema\/person\/image\/\",\"url\":\"https:\/\/secure.gravatar.com\/avatar\/7fcc926d5b058d3f3d52d95b4d05dd58?s=96&d=mm&r=g\",\"contentUrl\":\"https:\/\/secure.gravatar.com\/avatar\/7fcc926d5b058d3f3d52d95b4d05dd58?s=96&d=mm&r=g\",\"caption\":\"Redacci\u00f3n\"},\"sameAs\":[\"http:\/\/masquenoticias.mx\"],\"url\":\"https:\/\/masquenoticias.mx\/index.php\/author\/edgartovegmail-com\/\"}]}<\/script>\n<!-- \/ Yoast SEO plugin. -->","yoast_head_json":{"title":"SSP capacita a polic\u00edas en atenci\u00f3n a la violencia contra mujeres, para brindar mejor servicio a la poblaci\u00f3n - M\u00e1s Que Noticias","robots":{"index":"index","follow":"follow","max-snippet":"max-snippet:-1","max-image-preview":"max-image-preview:large","max-video-preview":"max-video-preview:-1"},"canonical":"https:\/\/masquenoticias.mx\/index.php\/2025\/09\/18\/ssp-capacita-a-policias-en-atencion-a-la-violencia-contra-mujeres-para-brindar-mejor-servicio-a-la-poblacion\/","og_locale":"es_MX","og_type":"article","og_title":"SSP capacita a polic\u00edas en atenci\u00f3n a la violencia contra mujeres, para brindar mejor servicio a la poblaci\u00f3n - M\u00e1s Que Noticias","og_description":"Con el objetivo de fortalecer la sensibilizaci\u00f3n y la prevenci\u00f3n de los distintos tipos de violencia de g\u00e9nero, la Unidad para la Igualdad de G\u00e9nero de la Secretar\u00eda de Seguridad P\u00fablica (SSP) del Gobierno del estado de Colima, imparti\u00f3 la primera sesi\u00f3n de una serie de capacitaciones, comenzando con el tema &#8216;Perspectiva de G\u00e9nero y [&hellip;]","og_url":"https:\/\/masquenoticias.mx\/index.php\/2025\/09\/18\/ssp-capacita-a-policias-en-atencion-a-la-violencia-contra-mujeres-para-brindar-mejor-servicio-a-la-poblacion\/","og_site_name":"M\u00e1s Que Noticias","article_publisher":"https:\/\/www.facebook.com\/masquenoticiascolima","article_published_time":"2025-09-19T00:41:45+00:00","og_image":[{"width":1280,"height":960,"url":"https:\/\/i0.wp.com\/masquenoticias.mx\/wp-content\/uploads\/2025\/09\/199d90e4-0789-46a1-8ebb-f5cdb6e4e607.jpg?fit=1280%2C960&ssl=1","type":"image\/jpeg"}],"author":"Redacci\u00f3n","twitter_card":"summary_large_image","twitter_creator":"@edgartove","twitter_site":"@edgartove","twitter_misc":{"Escrito por":"Redacci\u00f3n","Tiempo de lectura":"1 minuto"},"schema":{"@context":"https:\/\/schema.org","@graph":[{"@type":"Article","@id":"https:\/\/masquenoticias.mx\/index.php\/2025\/09\/18\/ssp-capacita-a-policias-en-atencion-a-la-violencia-contra-mujeres-para-brindar-mejor-servicio-a-la-poblacion\/#article","isPartOf":{"@id":"https:\/\/masquenoticias.mx\/index.php\/2025\/09\/18\/ssp-capacita-a-policias-en-atencion-a-la-violencia-contra-mujeres-para-brindar-mejor-servicio-a-la-poblacion\/"},"author":{"name":"Redacci\u00f3n","@id":"https:\/\/masquenoticias.mx\/#\/schema\/person\/544d19989ef23d34615f691f7a96e622"},"headline":"SSP capacita a polic\u00edas en atenci\u00f3n a la violencia contra mujeres, para brindar mejor servicio a la poblaci\u00f3n","datePublished":"2025-09-19T00:41:45+00:00","mainEntityOfPage":{"@id":"https:\/\/masquenoticias.mx\/index.php\/2025\/09\/18\/ssp-capacita-a-policias-en-atencion-a-la-violencia-contra-mujeres-para-brindar-mejor-servicio-a-la-poblacion\/"},"wordCount":203,"publisher":{"@id":"https:\/\/masquenoticias.mx\/#organization"},"image":{"@id":"https:\/\/masquenoticias.mx\/index.php\/2025\/09\/18\/ssp-capacita-a-policias-en-atencion-a-la-violencia-contra-mujeres-para-brindar-mejor-servicio-a-la-poblacion\/#primaryimage"},"thumbnailUrl":"https:\/\/i0.wp.com\/masquenoticias.mx\/wp-content\/uploads\/2025\/09\/199d90e4-0789-46a1-8ebb-f5cdb6e4e607.jpg?fit=1280%2C960&ssl=1","keywords":["SSP"],"articleSection":["Seguridad"],"inLanguage":"es"},{"@type":"WebPage","@id":"https:\/\/masquenoticias.mx\/index.php\/2025\/09\/18\/ssp-capacita-a-policias-en-atencion-a-la-violencia-contra-mujeres-para-brindar-mejor-servicio-a-la-poblacion\/","url":"https:\/\/masquenoticias.mx\/index.php\/2025\/09\/18\/ssp-capacita-a-policias-en-atencion-a-la-violencia-contra-mujeres-para-brindar-mejor-servicio-a-la-poblacion\/","name":"SSP capacita a polic\u00edas en atenci\u00f3n a la violencia contra mujeres, para brindar mejor servicio a la poblaci\u00f3n - M\u00e1s Que Noticias","isPartOf":{"@id":"https:\/\/masquenoticias.mx\/#website"},"primaryImageOfPage":{"@id":"https:\/\/masquenoticias.mx\/index.php\/2025\/09\/18\/ssp-capacita-a-policias-en-atencion-a-la-violencia-contra-mujeres-para-brindar-mejor-servicio-a-la-poblacion\/#primaryimage"},"image":{"@id":"https:\/\/masquenoticias.mx\/index.php\/2025\/09\/18\/ssp-capacita-a-policias-en-atencion-a-la-violencia-contra-mujeres-para-brindar-mejor-servicio-a-la-poblacion\/#primaryimage"},"thumbnailUrl":"https:\/\/i0.wp.com\/masquenoticias.mx\/wp-content\/uploads\/2025\/09\/199d90e4-0789-46a1-8ebb-f5cdb6e4e607.jpg?fit=1280%2C960&ssl=1","datePublished":"2025-09-19T00:41:45+00:00","breadcrumb":{"@id":"https:\/\/masquenoticias.mx\/index.php\/2025\/09\/18\/ssp-capacita-a-policias-en-atencion-a-la-violencia-contra-mujeres-para-brindar-mejor-servicio-a-la-poblacion\/#breadcrumb"},"inLanguage":"es","potentialAction":[{"@type":"ReadAction","target":["https:\/\/masquenoticias.mx\/index.php\/2025\/09\/18\/ssp-capacita-a-policias-en-atencion-a-la-violencia-contra-mujeres-para-brindar-mejor-servicio-a-la-poblacion\/"]}]},{"@type":"ImageObject","inLanguage":"es","@id":"https:\/\/masquenoticias.mx\/index.php\/2025\/09\/18\/ssp-capacita-a-policias-en-atencion-a-la-violencia-contra-mujeres-para-brindar-mejor-servicio-a-la-poblacion\/#primaryimage","url":"https:\/\/i0.wp.com\/masquenoticias.mx\/wp-content\/uploads\/2025\/09\/199d90e4-0789-46a1-8ebb-f5cdb6e4e607.jpg?fit=1280%2C960&ssl=1","contentUrl":"https:\/\/i0.wp.com\/masquenoticias.mx\/wp-content\/uploads\/2025\/09\/199d90e4-0789-46a1-8ebb-f5cdb6e4e607.jpg?fit=1280%2C960&ssl=1","width":1280,"height":960},{"@type":"BreadcrumbList","@id":"https:\/\/masquenoticias.mx\/index.php\/2025\/09\/18\/ssp-capacita-a-policias-en-atencion-a-la-violencia-contra-mujeres-para-brindar-mejor-servicio-a-la-poblacion\/#breadcrumb","itemListElement":[{"@type":"ListItem","position":1,"name":"Inicio","item":"https:\/\/masquenoticias.mx\/"},{"@type":"ListItem","position":2,"name":"SSP capacita a polic\u00edas en atenci\u00f3n a la violencia contra mujeres, para brindar mejor servicio a la poblaci\u00f3n"}]},{"@type":"WebSite","@id":"https:\/\/masquenoticias.mx\/#website","url":"https:\/\/masquenoticias.mx\/","name":"M\u00e1s Que Noticias","description":"Noticias de Colima, M\u00e9xico y el Mundo","publisher":{"@id":"https:\/\/masquenoticias.mx\/#organization"},"potentialAction":[{"@type":"SearchAction","target":{"@type":"EntryPoint","urlTemplate":"https:\/\/masquenoticias.mx\/?s={search_term_string}"},"query-input":{"@type":"PropertyValueSpecification","valueRequired":true,"valueName":"search_term_string"}}],"inLanguage":"es"},{"@type":"Organization","@id":"https:\/\/masquenoticias.mx\/#organization","name":"M\u00e1s Que Noticias","url":"https:\/\/masquenoticias.mx\/","logo":{"@type":"ImageObject","inLanguage":"es","@id":"https:\/\/masquenoticias.mx\/#\/schema\/logo\/image\/","url":"https:\/\/i0.wp.com\/masquenoticias.mx\/wp-content\/uploads\/2024\/04\/IMG_0004.png?fit=2560%2C1656&ssl=1","contentUrl":"https:\/\/i0.wp.com\/masquenoticias.mx\/wp-content\/uploads\/2024\/04\/IMG_0004.png?fit=2560%2C1656&ssl=1","width":2560,"height":1656,"caption":"M\u00e1s Que Noticias"},"image":{"@id":"https:\/\/masquenoticias.mx\/#\/schema\/logo\/image\/"},"sameAs":["https:\/\/www.facebook.com\/masquenoticiascolima","https:\/\/x.com\/edgartove","https:\/\/www.instagram.com\/masquenoticiascolima\/"]},{"@type":"Person","@id":"https:\/\/masquenoticias.mx\/#\/schema\/person\/544d19989ef23d34615f691f7a96e622","name":"Redacci\u00f3n","image":{"@type":"ImageObject","inLanguage":"es","@id":"https:\/\/masquenoticias.mx\/#\/schema\/person\/image\/","url":"https:\/\/secure.gravatar.com\/avatar\/7fcc926d5b058d3f3d52d95b4d05dd58?s=96&d=mm&r=g","contentUrl":"https:\/\/secure.gravatar.com\/avatar\/7fcc926d5b058d3f3d52d95b4d05dd58?s=96&d=mm&r=g","caption":"Redacci\u00f3n"},"sameAs":["http:\/\/masquenoticias.mx"],"url":"https:\/\/masquenoticias.mx\/index.php\/author\/edgartovegmail-com\/"}]}},"jetpack_featured_media_url":"https:\/\/i0.wp.com\/masquenoticias.mx\/wp-content\/uploads\/2025\/09\/199d90e4-0789-46a1-8ebb-f5cdb6e4e607.jpg?fit=1280%2C960&ssl=1","blog_post_layout_featured_media_urls":{"thumbnail":["https:\/\/i0.wp.com\/masquenoticias.mx\/wp-content\/uploads\/2025\/09\/199d90e4-0789-46a1-8ebb-f5cdb6e4e607.jpg?resize=150%2C150&ssl=1",150,150,true],"full":["https:\/\/i0.wp.com\/masquenoticias.mx\/wp-content\/uploads\/2025\/09\/199d90e4-0789-46a1-8ebb-f5cdb6e4e607.jpg?fit=1280%2C960&ssl=1",1280,960,false]},"categories_names":{"58":{"name":"Seguridad","link":"https:\/\/masquenoticias.mx\/index.php\/category\/seguridad\/"}},"tags_names":{"295":{"name":"SSP","link":"https:\/\/masquenoticias.mx\/index.php\/tag\/ssp\/"}},"comments_number":"0","wpmagazine_modules_lite_featured_media_urls":{"thumbnail":["https:\/\/i0.wp.com\/masquenoticias.mx\/wp-content\/uploads\/2025\/09\/199d90e4-0789-46a1-8ebb-f5cdb6e4e607.jpg?resize=150%2C150&ssl=1",150,150,true],"cvmm-medium":["https:\/\/i0.wp.com\/masquenoticias.mx\/wp-content\/uploads\/2025\/09\/199d90e4-0789-46a1-8ebb-f5cdb6e4e607.jpg?resize=300%2C300&ssl=1",300,300,true],"cvmm-medium-plus":["https:\/\/i0.wp.com\/masquenoticias.mx\/wp-content\/uploads\/2025\/09\/199d90e4-0789-46a1-8ebb-f5cdb6e4e607.jpg?resize=305%2C207&ssl=1",305,207,true],"cvmm-portrait":["https:\/\/i0.wp.com\/masquenoticias.mx\/wp-content\/uploads\/2025\/09\/199d90e4-0789-46a1-8ebb-f5cdb6e4e607.jpg?resize=400%2C600&ssl=1",400,600,true],"cvmm-medium-square":["https:\/\/i0.wp.com\/masquenoticias.mx\/wp-content\/uploads\/2025\/09\/199d90e4-0789-46a1-8ebb-f5cdb6e4e607.jpg?resize=600%2C600&ssl=1",600,600,true],"cvmm-large":["https:\/\/i0.wp.com\/masquenoticias.mx\/wp-content\/uploads\/2025\/09\/199d90e4-0789-46a1-8ebb-f5cdb6e4e607.jpg?resize=1024%2C960&ssl=1",1024,960,true],"cvmm-small":["https:\/\/i0.wp.com\/masquenoticias.mx\/wp-content\/uploads\/2025\/09\/199d90e4-0789-46a1-8ebb-f5cdb6e4e607.jpg?resize=130%2C95&ssl=1",130,95,true],"full":["https:\/\/i0.wp.com\/masquenoticias.mx\/wp-content\/uploads\/2025\/09\/199d90e4-0789-46a1-8ebb-f5cdb6e4e607.jpg?fit=1280%2C960&ssl=1",1280,960,false]},"jetpack-related-posts":[],"jetpack_sharing_enabled":true,"jetpack_likes_enabled":true,"jetpack_shortlink":"https:\/\/wp.me\/pf7pkt-4Rw","_links":{"self":[{"href":"https:\/\/masquenoticias.mx\/index.php\/wp-json\/wp\/v2\/posts\/18694","targetHints":{"allow":["GET"]}}],"collection":[{"href":"https:\/\/masquenoticias.mx\/index.php\/wp-json\/wp\/v2\/posts"}],"about":[{"href":"https:\/\/masquenoticias.mx\/index.php\/wp-json\/wp\/v2\/types\/post"}],"author":[{"embeddable":true,"href":"https:\/\/masquenoticias.mx\/index.php\/wp-json\/wp\/v2\/users\/1"}],"replies":[{"embeddable":true,"href":"https:\/\/masquenoticias.mx\/index.php\/wp-json\/wp\/v2\/comments?post=18694"}],"version-history":[{"count":1,"href":"https:\/\/masquenoticias.mx\/index.php\/wp-json\/wp\/v2\/posts\/18694\/revisions"}],"predecessor-version":[{"id":18695,"href":"https:\/\/masquenoticias.mx\/index.php\/wp-json\/wp\/v2\/posts\/18694\/revisions\/18695"}],"wp:featuredmedia":[{"embeddable":true,"href":"https:\/\/masquenoticias.mx\/index.php\/wp-json\/wp\/v2\/media\/18693"}],"wp:attachment":[{"href":"https:\/\/masquenoticias.mx\/index.php\/wp-json\/wp\/v2\/media?parent=18694"}],"wp:term":[{"taxonomy":"category","embeddable":true,"href":"https:\/\/masquenoticias.mx\/index.php\/wp-json\/wp\/v2\/categories?post=18694"},{"taxonomy":"post_tag","embeddable":true,"href":"https:\/\/masquenoticias.mx\/index.php\/wp-json\/wp\/v2\/tags?post=18694"}],"curies":[{"name":"wp","href":"https:\/\/api.w.org\/{rel}","templated":true}]}}