{"id":18580,"date":"2025-09-11T20:33:50","date_gmt":"2025-09-12T02:33:50","guid":{"rendered":"https:\/\/masquenoticias.mx\/?p=18580"},"modified":"2025-09-11T20:33:50","modified_gmt":"2025-09-12T02:33:50","slug":"indira-vizcaino-entrega-mobiliario-a-estudiantes-de-la-secundaria-enrique-corona-morfin","status":"publish","type":"post","link":"https:\/\/masquenoticias.mx\/index.php\/2025\/09\/11\/indira-vizcaino-entrega-mobiliario-a-estudiantes-de-la-secundaria-enrique-corona-morfin\/","title":{"rendered":"Indira Vizca\u00edno entrega mobiliario a estudiantes de la secundaria \u2018Enrique Corona Morf\u00edn\u2019"},"content":{"rendered":"<p>Este jueves, la gobernadora Indira Vizca\u00edno Silva entreg\u00f3 mobiliario (cien butacas) a estudiantes de la escuela secundaria \u2018Enrique Corona Morf\u00edn\u2019 en el municipio de Colima; asegur\u00f3 que han ido renovando los muebles de instituciones educativas en la entidad, sobre todo en aquellas que est\u00e1 aumentando el n\u00famero de alumnado o que ya ten\u00edan muchos a\u00f1os con las mismas sillas o mesas, como es el caso de maestras y maestros.<\/p>\n<p>&#8220;Les quiero decir algo muy importante: para m\u00ed como gobernadora, para la presidenta de M\u00e9xico, la doctora Claudia Sheinbaum Pardo, el que ustedes se mantengan estudiando y tengan las oportunidades para seguir buscando lo que quieran estudiar y a lo que se quieran dedicar de grandes, es algo primordial, es algo important\u00edsimo&#8221;, indic\u00f3 la titular del Poder Ejecutivo estatal.<\/p>\n<p>Indira Vizca\u00edno agreg\u00f3 que por ello el Gobierno del Estado de Colima ha creado distintos apoyos, a trav\u00e9s del programa #ColiBecas en distintas vertientes (Mi ColiBeca para Empezar, Mochilas y \u00datiles, Uniformes, y computadoras), y del Gobierno de M\u00e9xico, como la Beca &#8216;Rita Cetina&#8217; y la Beca &#8216;Benito Ju\u00e1rez&#8217;; &#8220;eso significa que la Presidenta tambi\u00e9n quiere que no les haga falta nada para que puedan continuar sus estudios&#8221;.<\/p>\n<p>Adolfo N\u00fa\u00f1ez Gonz\u00e1lez, secretario de Educaci\u00f3n y Cultura, se\u00f1al\u00f3 que con la entrega de estas becas se ampl\u00edan y mejoran las condiciones de estudios de las y los alumnos de la secundaria Enrique Corona Morf\u00edn; &#8220;con el programa Mobiliario Digno para las escuelas que su gobierno promovi\u00f3 estamos viendo excelentes resultados&#8221;; dijo que este beneficio cubrir\u00e1 54 planteles de educaci\u00f3n b\u00e1sica en el estado, con inversi\u00f3n superior a 5.5 millones de pesos.<\/p>\n<p>Ricardo Javier Ramos Ram\u00edrez, director de este plantel, expres\u00f3 que con esta entrega casi la totalidad de estudiantes podr\u00e1n tener mobiliario nuevo, por lo que agradeci\u00f3 la buena voluntad del gobierno estatal y de la gobernadora Indira Vizca\u00edno para invertir siempre en la educaci\u00f3n.<\/p>\n","protected":false},"excerpt":{"rendered":"<p>Este jueves, la gobernadora Indira Vizca\u00edno Silva entreg\u00f3 mobiliario (cien butacas) a estudiantes de la escuela secundaria \u2018Enrique Corona Morf\u00edn\u2019 en el municipio de Colima; asegur\u00f3 que han ido renovando los muebles de instituciones educativas en la entidad, sobre todo en aquellas que est\u00e1 aumentando el n\u00famero de alumnado o que ya ten\u00edan muchos a\u00f1os [&hellip;]<\/p>\n","protected":false},"author":1,"featured_media":18581,"comment_status":"open","ping_status":"open","sticky":false,"template":"","format":"standard","meta":{"_jetpack_memberships_contains_paid_content":false,"footnotes":""},"categories":[24],"tags":[45],"class_list":["post-18580","post","type-post","status-publish","format-standard","has-post-thumbnail","hentry","category-estado","tag-educacion"],"yoast_head":"<!-- This site is optimized with the Yoast SEO plugin v26.6 - https:\/\/yoast.com\/wordpress\/plugins\/seo\/ -->\n<title>Indira Vizca\u00edno entrega mobiliario a estudiantes de la secundaria \u2018Enrique Corona Morf\u00edn\u2019 - M\u00e1s Que Noticias<\/title>\n<meta name=\"robots\" content=\"index, follow, max-snippet:-1, max-image-preview:large, max-video-preview:-1\" \/>\n<link rel=\"canonical\" href=\"https:\/\/masquenoticias.mx\/index.php\/2025\/09\/11\/indira-vizcaino-entrega-mobiliario-a-estudiantes-de-la-secundaria-enrique-corona-morfin\/\" \/>\n<meta property=\"og:locale\" content=\"es_MX\" \/>\n<meta property=\"og:type\" content=\"article\" \/>\n<meta property=\"og:title\" content=\"Indira Vizca\u00edno entrega mobiliario a estudiantes de la secundaria \u2018Enrique Corona Morf\u00edn\u2019 - M\u00e1s Que Noticias\" \/>\n<meta property=\"og:description\" content=\"Este jueves, la gobernadora Indira Vizca\u00edno Silva entreg\u00f3 mobiliario (cien butacas) a estudiantes de la escuela secundaria \u2018Enrique Corona Morf\u00edn\u2019 en el municipio de Colima; asegur\u00f3 que han ido renovando los muebles de instituciones educativas en la entidad, sobre todo en aquellas que est\u00e1 aumentando el n\u00famero de alumnado o que ya ten\u00edan muchos a\u00f1os [&hellip;]\" \/>\n<meta property=\"og:url\" content=\"https:\/\/masquenoticias.mx\/index.php\/2025\/09\/11\/indira-vizcaino-entrega-mobiliario-a-estudiantes-de-la-secundaria-enrique-corona-morfin\/\" \/>\n<meta property=\"og:site_name\" content=\"M\u00e1s Que Noticias\" \/>\n<meta property=\"article:publisher\" content=\"https:\/\/www.facebook.com\/masquenoticiascolima\" \/>\n<meta property=\"article:published_time\" content=\"2025-09-12T02:33:50+00:00\" \/>\n<meta property=\"og:image\" content=\"https:\/\/masquenoticias.mx\/wp-content\/uploads\/2025\/09\/WhatsApp-Image-2025-09-11-at-12.50.16-PM.jpeg\" \/>\n\t<meta property=\"og:image:width\" content=\"1280\" \/>\n\t<meta property=\"og:image:height\" content=\"854\" \/>\n\t<meta property=\"og:image:type\" content=\"image\/jpeg\" \/>\n<meta name=\"author\" content=\"Redacci\u00f3n\" \/>\n<meta name=\"twitter:card\" content=\"summary_large_image\" \/>\n<meta name=\"twitter:creator\" content=\"@edgartove\" \/>\n<meta name=\"twitter:site\" content=\"@edgartove\" \/>\n<meta name=\"twitter:label1\" content=\"Escrito por\" \/>\n\t<meta name=\"twitter:data1\" content=\"Redacci\u00f3n\" \/>\n\t<meta name=\"twitter:label2\" content=\"Tiempo de lectura\" \/>\n\t<meta name=\"twitter:data2\" content=\"2 minutos\" \/>\n<script type=\"application\/ld+json\" class=\"yoast-schema-graph\">{\"@context\":\"https:\/\/schema.org\",\"@graph\":[{\"@type\":\"Article\",\"@id\":\"https:\/\/masquenoticias.mx\/index.php\/2025\/09\/11\/indira-vizcaino-entrega-mobiliario-a-estudiantes-de-la-secundaria-enrique-corona-morfin\/#article\",\"isPartOf\":{\"@id\":\"https:\/\/masquenoticias.mx\/index.php\/2025\/09\/11\/indira-vizcaino-entrega-mobiliario-a-estudiantes-de-la-secundaria-enrique-corona-morfin\/\"},\"author\":{\"name\":\"Redacci\u00f3n\",\"@id\":\"https:\/\/masquenoticias.mx\/#\/schema\/person\/544d19989ef23d34615f691f7a96e622\"},\"headline\":\"Indira Vizca\u00edno entrega mobiliario a estudiantes de la secundaria \u2018Enrique Corona Morf\u00edn\u2019\",\"datePublished\":\"2025-09-12T02:33:50+00:00\",\"mainEntityOfPage\":{\"@id\":\"https:\/\/masquenoticias.mx\/index.php\/2025\/09\/11\/indira-vizcaino-entrega-mobiliario-a-estudiantes-de-la-secundaria-enrique-corona-morfin\/\"},\"wordCount\":349,\"commentCount\":0,\"publisher\":{\"@id\":\"https:\/\/masquenoticias.mx\/#organization\"},\"image\":{\"@id\":\"https:\/\/masquenoticias.mx\/index.php\/2025\/09\/11\/indira-vizcaino-entrega-mobiliario-a-estudiantes-de-la-secundaria-enrique-corona-morfin\/#primaryimage\"},\"thumbnailUrl\":\"https:\/\/i0.wp.com\/masquenoticias.mx\/wp-content\/uploads\/2025\/09\/WhatsApp-Image-2025-09-11-at-12.50.16-PM.jpeg?fit=1280%2C854&ssl=1\",\"keywords\":[\"Educaci\u00f3n\"],\"articleSection\":[\"Estado\"],\"inLanguage\":\"es\",\"potentialAction\":[{\"@type\":\"CommentAction\",\"name\":\"Comment\",\"target\":[\"https:\/\/masquenoticias.mx\/index.php\/2025\/09\/11\/indira-vizcaino-entrega-mobiliario-a-estudiantes-de-la-secundaria-enrique-corona-morfin\/#respond\"]}]},{\"@type\":\"WebPage\",\"@id\":\"https:\/\/masquenoticias.mx\/index.php\/2025\/09\/11\/indira-vizcaino-entrega-mobiliario-a-estudiantes-de-la-secundaria-enrique-corona-morfin\/\",\"url\":\"https:\/\/masquenoticias.mx\/index.php\/2025\/09\/11\/indira-vizcaino-entrega-mobiliario-a-estudiantes-de-la-secundaria-enrique-corona-morfin\/\",\"name\":\"Indira Vizca\u00edno entrega mobiliario a estudiantes de la secundaria \u2018Enrique Corona Morf\u00edn\u2019 - M\u00e1s Que Noticias\",\"isPartOf\":{\"@id\":\"https:\/\/masquenoticias.mx\/#website\"},\"primaryImageOfPage\":{\"@id\":\"https:\/\/masquenoticias.mx\/index.php\/2025\/09\/11\/indira-vizcaino-entrega-mobiliario-a-estudiantes-de-la-secundaria-enrique-corona-morfin\/#primaryimage\"},\"image\":{\"@id\":\"https:\/\/masquenoticias.mx\/index.php\/2025\/09\/11\/indira-vizcaino-entrega-mobiliario-a-estudiantes-de-la-secundaria-enrique-corona-morfin\/#primaryimage\"},\"thumbnailUrl\":\"https:\/\/i0.wp.com\/masquenoticias.mx\/wp-content\/uploads\/2025\/09\/WhatsApp-Image-2025-09-11-at-12.50.16-PM.jpeg?fit=1280%2C854&ssl=1\",\"datePublished\":\"2025-09-12T02:33:50+00:00\",\"breadcrumb\":{\"@id\":\"https:\/\/masquenoticias.mx\/index.php\/2025\/09\/11\/indira-vizcaino-entrega-mobiliario-a-estudiantes-de-la-secundaria-enrique-corona-morfin\/#breadcrumb\"},\"inLanguage\":\"es\",\"potentialAction\":[{\"@type\":\"ReadAction\",\"target\":[\"https:\/\/masquenoticias.mx\/index.php\/2025\/09\/11\/indira-vizcaino-entrega-mobiliario-a-estudiantes-de-la-secundaria-enrique-corona-morfin\/\"]}]},{\"@type\":\"ImageObject\",\"inLanguage\":\"es\",\"@id\":\"https:\/\/masquenoticias.mx\/index.php\/2025\/09\/11\/indira-vizcaino-entrega-mobiliario-a-estudiantes-de-la-secundaria-enrique-corona-morfin\/#primaryimage\",\"url\":\"https:\/\/i0.wp.com\/masquenoticias.mx\/wp-content\/uploads\/2025\/09\/WhatsApp-Image-2025-09-11-at-12.50.16-PM.jpeg?fit=1280%2C854&ssl=1\",\"contentUrl\":\"https:\/\/i0.wp.com\/masquenoticias.mx\/wp-content\/uploads\/2025\/09\/WhatsApp-Image-2025-09-11-at-12.50.16-PM.jpeg?fit=1280%2C854&ssl=1\",\"width\":1280,\"height\":854},{\"@type\":\"BreadcrumbList\",\"@id\":\"https:\/\/masquenoticias.mx\/index.php\/2025\/09\/11\/indira-vizcaino-entrega-mobiliario-a-estudiantes-de-la-secundaria-enrique-corona-morfin\/#breadcrumb\",\"itemListElement\":[{\"@type\":\"ListItem\",\"position\":1,\"name\":\"Inicio\",\"item\":\"https:\/\/masquenoticias.mx\/\"},{\"@type\":\"ListItem\",\"position\":2,\"name\":\"Indira Vizca\u00edno entrega mobiliario a estudiantes de la secundaria \u2018Enrique Corona Morf\u00edn\u2019\"}]},{\"@type\":\"WebSite\",\"@id\":\"https:\/\/masquenoticias.mx\/#website\",\"url\":\"https:\/\/masquenoticias.mx\/\",\"name\":\"M\u00e1s Que Noticias\",\"description\":\"Noticias de Colima, M\u00e9xico y el Mundo\",\"publisher\":{\"@id\":\"https:\/\/masquenoticias.mx\/#organization\"},\"potentialAction\":[{\"@type\":\"SearchAction\",\"target\":{\"@type\":\"EntryPoint\",\"urlTemplate\":\"https:\/\/masquenoticias.mx\/?s={search_term_string}\"},\"query-input\":{\"@type\":\"PropertyValueSpecification\",\"valueRequired\":true,\"valueName\":\"search_term_string\"}}],\"inLanguage\":\"es\"},{\"@type\":\"Organization\",\"@id\":\"https:\/\/masquenoticias.mx\/#organization\",\"name\":\"M\u00e1s Que Noticias\",\"url\":\"https:\/\/masquenoticias.mx\/\",\"logo\":{\"@type\":\"ImageObject\",\"inLanguage\":\"es\",\"@id\":\"https:\/\/masquenoticias.mx\/#\/schema\/logo\/image\/\",\"url\":\"https:\/\/i0.wp.com\/masquenoticias.mx\/wp-content\/uploads\/2024\/04\/IMG_0004.png?fit=2560%2C1656&ssl=1\",\"contentUrl\":\"https:\/\/i0.wp.com\/masquenoticias.mx\/wp-content\/uploads\/2024\/04\/IMG_0004.png?fit=2560%2C1656&ssl=1\",\"width\":2560,\"height\":1656,\"caption\":\"M\u00e1s Que Noticias\"},\"image\":{\"@id\":\"https:\/\/masquenoticias.mx\/#\/schema\/logo\/image\/\"},\"sameAs\":[\"https:\/\/www.facebook.com\/masquenoticiascolima\",\"https:\/\/x.com\/edgartove\",\"https:\/\/www.instagram.com\/masquenoticiascolima\/\"]},{\"@type\":\"Person\",\"@id\":\"https:\/\/masquenoticias.mx\/#\/schema\/person\/544d19989ef23d34615f691f7a96e622\",\"name\":\"Redacci\u00f3n\",\"image\":{\"@type\":\"ImageObject\",\"inLanguage\":\"es\",\"@id\":\"https:\/\/masquenoticias.mx\/#\/schema\/person\/image\/\",\"url\":\"https:\/\/secure.gravatar.com\/avatar\/7fcc926d5b058d3f3d52d95b4d05dd58?s=96&d=mm&r=g\",\"contentUrl\":\"https:\/\/secure.gravatar.com\/avatar\/7fcc926d5b058d3f3d52d95b4d05dd58?s=96&d=mm&r=g\",\"caption\":\"Redacci\u00f3n\"},\"sameAs\":[\"http:\/\/masquenoticias.mx\"],\"url\":\"https:\/\/masquenoticias.mx\/index.php\/author\/edgartovegmail-com\/\"}]}<\/script>\n<!-- \/ Yoast SEO plugin. -->","yoast_head_json":{"title":"Indira Vizca\u00edno entrega mobiliario a estudiantes de la secundaria \u2018Enrique Corona Morf\u00edn\u2019 - M\u00e1s Que Noticias","robots":{"index":"index","follow":"follow","max-snippet":"max-snippet:-1","max-image-preview":"max-image-preview:large","max-video-preview":"max-video-preview:-1"},"canonical":"https:\/\/masquenoticias.mx\/index.php\/2025\/09\/11\/indira-vizcaino-entrega-mobiliario-a-estudiantes-de-la-secundaria-enrique-corona-morfin\/","og_locale":"es_MX","og_type":"article","og_title":"Indira Vizca\u00edno entrega mobiliario a estudiantes de la secundaria \u2018Enrique Corona Morf\u00edn\u2019 - M\u00e1s Que Noticias","og_description":"Este jueves, la gobernadora Indira Vizca\u00edno Silva entreg\u00f3 mobiliario (cien butacas) a estudiantes de la escuela secundaria \u2018Enrique Corona Morf\u00edn\u2019 en el municipio de Colima; asegur\u00f3 que han ido renovando los muebles de instituciones educativas en la entidad, sobre todo en aquellas que est\u00e1 aumentando el n\u00famero de alumnado o que ya ten\u00edan muchos a\u00f1os [&hellip;]","og_url":"https:\/\/masquenoticias.mx\/index.php\/2025\/09\/11\/indira-vizcaino-entrega-mobiliario-a-estudiantes-de-la-secundaria-enrique-corona-morfin\/","og_site_name":"M\u00e1s Que Noticias","article_publisher":"https:\/\/www.facebook.com\/masquenoticiascolima","article_published_time":"2025-09-12T02:33:50+00:00","og_image":[{"width":1280,"height":854,"url":"https:\/\/masquenoticias.mx\/wp-content\/uploads\/2025\/09\/WhatsApp-Image-2025-09-11-at-12.50.16-PM.jpeg","type":"image\/jpeg"}],"author":"Redacci\u00f3n","twitter_card":"summary_large_image","twitter_creator":"@edgartove","twitter_site":"@edgartove","twitter_misc":{"Escrito por":"Redacci\u00f3n","Tiempo de lectura":"2 minutos"},"schema":{"@context":"https:\/\/schema.org","@graph":[{"@type":"Article","@id":"https:\/\/masquenoticias.mx\/index.php\/2025\/09\/11\/indira-vizcaino-entrega-mobiliario-a-estudiantes-de-la-secundaria-enrique-corona-morfin\/#article","isPartOf":{"@id":"https:\/\/masquenoticias.mx\/index.php\/2025\/09\/11\/indira-vizcaino-entrega-mobiliario-a-estudiantes-de-la-secundaria-enrique-corona-morfin\/"},"author":{"name":"Redacci\u00f3n","@id":"https:\/\/masquenoticias.mx\/#\/schema\/person\/544d19989ef23d34615f691f7a96e622"},"headline":"Indira Vizca\u00edno entrega mobiliario a estudiantes de la secundaria \u2018Enrique Corona Morf\u00edn\u2019","datePublished":"2025-09-12T02:33:50+00:00","mainEntityOfPage":{"@id":"https:\/\/masquenoticias.mx\/index.php\/2025\/09\/11\/indira-vizcaino-entrega-mobiliario-a-estudiantes-de-la-secundaria-enrique-corona-morfin\/"},"wordCount":349,"commentCount":0,"publisher":{"@id":"https:\/\/masquenoticias.mx\/#organization"},"image":{"@id":"https:\/\/masquenoticias.mx\/index.php\/2025\/09\/11\/indira-vizcaino-entrega-mobiliario-a-estudiantes-de-la-secundaria-enrique-corona-morfin\/#primaryimage"},"thumbnailUrl":"https:\/\/i0.wp.com\/masquenoticias.mx\/wp-content\/uploads\/2025\/09\/WhatsApp-Image-2025-09-11-at-12.50.16-PM.jpeg?fit=1280%2C854&ssl=1","keywords":["Educaci\u00f3n"],"articleSection":["Estado"],"inLanguage":"es","potentialAction":[{"@type":"CommentAction","name":"Comment","target":["https:\/\/masquenoticias.mx\/index.php\/2025\/09\/11\/indira-vizcaino-entrega-mobiliario-a-estudiantes-de-la-secundaria-enrique-corona-morfin\/#respond"]}]},{"@type":"WebPage","@id":"https:\/\/masquenoticias.mx\/index.php\/2025\/09\/11\/indira-vizcaino-entrega-mobiliario-a-estudiantes-de-la-secundaria-enrique-corona-morfin\/","url":"https:\/\/masquenoticias.mx\/index.php\/2025\/09\/11\/indira-vizcaino-entrega-mobiliario-a-estudiantes-de-la-secundaria-enrique-corona-morfin\/","name":"Indira Vizca\u00edno entrega mobiliario a estudiantes de la secundaria \u2018Enrique Corona Morf\u00edn\u2019 - M\u00e1s Que Noticias","isPartOf":{"@id":"https:\/\/masquenoticias.mx\/#website"},"primaryImageOfPage":{"@id":"https:\/\/masquenoticias.mx\/index.php\/2025\/09\/11\/indira-vizcaino-entrega-mobiliario-a-estudiantes-de-la-secundaria-enrique-corona-morfin\/#primaryimage"},"image":{"@id":"https:\/\/masquenoticias.mx\/index.php\/2025\/09\/11\/indira-vizcaino-entrega-mobiliario-a-estudiantes-de-la-secundaria-enrique-corona-morfin\/#primaryimage"},"thumbnailUrl":"https:\/\/i0.wp.com\/masquenoticias.mx\/wp-content\/uploads\/2025\/09\/WhatsApp-Image-2025-09-11-at-12.50.16-PM.jpeg?fit=1280%2C854&ssl=1","datePublished":"2025-09-12T02:33:50+00:00","breadcrumb":{"@id":"https:\/\/masquenoticias.mx\/index.php\/2025\/09\/11\/indira-vizcaino-entrega-mobiliario-a-estudiantes-de-la-secundaria-enrique-corona-morfin\/#breadcrumb"},"inLanguage":"es","potentialAction":[{"@type":"ReadAction","target":["https:\/\/masquenoticias.mx\/index.php\/2025\/09\/11\/indira-vizcaino-entrega-mobiliario-a-estudiantes-de-la-secundaria-enrique-corona-morfin\/"]}]},{"@type":"ImageObject","inLanguage":"es","@id":"https:\/\/masquenoticias.mx\/index.php\/2025\/09\/11\/indira-vizcaino-entrega-mobiliario-a-estudiantes-de-la-secundaria-enrique-corona-morfin\/#primaryimage","url":"https:\/\/i0.wp.com\/masquenoticias.mx\/wp-content\/uploads\/2025\/09\/WhatsApp-Image-2025-09-11-at-12.50.16-PM.jpeg?fit=1280%2C854&ssl=1","contentUrl":"https:\/\/i0.wp.com\/masquenoticias.mx\/wp-content\/uploads\/2025\/09\/WhatsApp-Image-2025-09-11-at-12.50.16-PM.jpeg?fit=1280%2C854&ssl=1","width":1280,"height":854},{"@type":"BreadcrumbList","@id":"https:\/\/masquenoticias.mx\/index.php\/2025\/09\/11\/indira-vizcaino-entrega-mobiliario-a-estudiantes-de-la-secundaria-enrique-corona-morfin\/#breadcrumb","itemListElement":[{"@type":"ListItem","position":1,"name":"Inicio","item":"https:\/\/masquenoticias.mx\/"},{"@type":"ListItem","position":2,"name":"Indira Vizca\u00edno entrega mobiliario a estudiantes de la secundaria \u2018Enrique Corona Morf\u00edn\u2019"}]},{"@type":"WebSite","@id":"https:\/\/masquenoticias.mx\/#website","url":"https:\/\/masquenoticias.mx\/","name":"M\u00e1s Que Noticias","description":"Noticias de Colima, M\u00e9xico y el Mundo","publisher":{"@id":"https:\/\/masquenoticias.mx\/#organization"},"potentialAction":[{"@type":"SearchAction","target":{"@type":"EntryPoint","urlTemplate":"https:\/\/masquenoticias.mx\/?s={search_term_string}"},"query-input":{"@type":"PropertyValueSpecification","valueRequired":true,"valueName":"search_term_string"}}],"inLanguage":"es"},{"@type":"Organization","@id":"https:\/\/masquenoticias.mx\/#organization","name":"M\u00e1s Que Noticias","url":"https:\/\/masquenoticias.mx\/","logo":{"@type":"ImageObject","inLanguage":"es","@id":"https:\/\/masquenoticias.mx\/#\/schema\/logo\/image\/","url":"https:\/\/i0.wp.com\/masquenoticias.mx\/wp-content\/uploads\/2024\/04\/IMG_0004.png?fit=2560%2C1656&ssl=1","contentUrl":"https:\/\/i0.wp.com\/masquenoticias.mx\/wp-content\/uploads\/2024\/04\/IMG_0004.png?fit=2560%2C1656&ssl=1","width":2560,"height":1656,"caption":"M\u00e1s Que Noticias"},"image":{"@id":"https:\/\/masquenoticias.mx\/#\/schema\/logo\/image\/"},"sameAs":["https:\/\/www.facebook.com\/masquenoticiascolima","https:\/\/x.com\/edgartove","https:\/\/www.instagram.com\/masquenoticiascolima\/"]},{"@type":"Person","@id":"https:\/\/masquenoticias.mx\/#\/schema\/person\/544d19989ef23d34615f691f7a96e622","name":"Redacci\u00f3n","image":{"@type":"ImageObject","inLanguage":"es","@id":"https:\/\/masquenoticias.mx\/#\/schema\/person\/image\/","url":"https:\/\/secure.gravatar.com\/avatar\/7fcc926d5b058d3f3d52d95b4d05dd58?s=96&d=mm&r=g","contentUrl":"https:\/\/secure.gravatar.com\/avatar\/7fcc926d5b058d3f3d52d95b4d05dd58?s=96&d=mm&r=g","caption":"Redacci\u00f3n"},"sameAs":["http:\/\/masquenoticias.mx"],"url":"https:\/\/masquenoticias.mx\/index.php\/author\/edgartovegmail-com\/"}]}},"jetpack_featured_media_url":"https:\/\/i0.wp.com\/masquenoticias.mx\/wp-content\/uploads\/2025\/09\/WhatsApp-Image-2025-09-11-at-12.50.16-PM.jpeg?fit=1280%2C854&ssl=1","blog_post_layout_featured_media_urls":{"thumbnail":["https:\/\/i0.wp.com\/masquenoticias.mx\/wp-content\/uploads\/2025\/09\/WhatsApp-Image-2025-09-11-at-12.50.16-PM.jpeg?resize=150%2C150&ssl=1",150,150,true],"full":["https:\/\/i0.wp.com\/masquenoticias.mx\/wp-content\/uploads\/2025\/09\/WhatsApp-Image-2025-09-11-at-12.50.16-PM.jpeg?fit=1280%2C854&ssl=1",1280,854,false]},"categories_names":{"24":{"name":"Estado","link":"https:\/\/masquenoticias.mx\/index.php\/category\/estado\/"}},"tags_names":{"45":{"name":"Educaci\u00f3n","link":"https:\/\/masquenoticias.mx\/index.php\/tag\/educacion\/"}},"comments_number":"0","wpmagazine_modules_lite_featured_media_urls":{"thumbnail":["https:\/\/i0.wp.com\/masquenoticias.mx\/wp-content\/uploads\/2025\/09\/WhatsApp-Image-2025-09-11-at-12.50.16-PM.jpeg?resize=150%2C150&ssl=1",150,150,true],"cvmm-medium":["https:\/\/i0.wp.com\/masquenoticias.mx\/wp-content\/uploads\/2025\/09\/WhatsApp-Image-2025-09-11-at-12.50.16-PM.jpeg?resize=300%2C300&ssl=1",300,300,true],"cvmm-medium-plus":["https:\/\/i0.wp.com\/masquenoticias.mx\/wp-content\/uploads\/2025\/09\/WhatsApp-Image-2025-09-11-at-12.50.16-PM.jpeg?resize=305%2C207&ssl=1",305,207,true],"cvmm-portrait":["https:\/\/i0.wp.com\/masquenoticias.mx\/wp-content\/uploads\/2025\/09\/WhatsApp-Image-2025-09-11-at-12.50.16-PM.jpeg?resize=400%2C600&ssl=1",400,600,true],"cvmm-medium-square":["https:\/\/i0.wp.com\/masquenoticias.mx\/wp-content\/uploads\/2025\/09\/WhatsApp-Image-2025-09-11-at-12.50.16-PM.jpeg?resize=600%2C600&ssl=1",600,600,true],"cvmm-large":["https:\/\/i0.wp.com\/masquenoticias.mx\/wp-content\/uploads\/2025\/09\/WhatsApp-Image-2025-09-11-at-12.50.16-PM.jpeg?resize=1024%2C854&ssl=1",1024,854,true],"cvmm-small":["https:\/\/i0.wp.com\/masquenoticias.mx\/wp-content\/uploads\/2025\/09\/WhatsApp-Image-2025-09-11-at-12.50.16-PM.jpeg?resize=130%2C95&ssl=1",130,95,true],"full":["https:\/\/i0.wp.com\/masquenoticias.mx\/wp-content\/uploads\/2025\/09\/WhatsApp-Image-2025-09-11-at-12.50.16-PM.jpeg?fit=1280%2C854&ssl=1",1280,854,false]},"jetpack-related-posts":[],"jetpack_sharing_enabled":true,"jetpack_likes_enabled":true,"jetpack_shortlink":"https:\/\/wp.me\/pf7pkt-4PG","_links":{"self":[{"href":"https:\/\/masquenoticias.mx\/index.php\/wp-json\/wp\/v2\/posts\/18580","targetHints":{"allow":["GET"]}}],"collection":[{"href":"https:\/\/masquenoticias.mx\/index.php\/wp-json\/wp\/v2\/posts"}],"about":[{"href":"https:\/\/masquenoticias.mx\/index.php\/wp-json\/wp\/v2\/types\/post"}],"author":[{"embeddable":true,"href":"https:\/\/masquenoticias.mx\/index.php\/wp-json\/wp\/v2\/users\/1"}],"replies":[{"embeddable":true,"href":"https:\/\/masquenoticias.mx\/index.php\/wp-json\/wp\/v2\/comments?post=18580"}],"version-history":[{"count":1,"href":"https:\/\/masquenoticias.mx\/index.php\/wp-json\/wp\/v2\/posts\/18580\/revisions"}],"predecessor-version":[{"id":18582,"href":"https:\/\/masquenoticias.mx\/index.php\/wp-json\/wp\/v2\/posts\/18580\/revisions\/18582"}],"wp:featuredmedia":[{"embeddable":true,"href":"https:\/\/masquenoticias.mx\/index.php\/wp-json\/wp\/v2\/media\/18581"}],"wp:attachment":[{"href":"https:\/\/masquenoticias.mx\/index.php\/wp-json\/wp\/v2\/media?parent=18580"}],"wp:term":[{"taxonomy":"category","embeddable":true,"href":"https:\/\/masquenoticias.mx\/index.php\/wp-json\/wp\/v2\/categories?post=18580"},{"taxonomy":"post_tag","embeddable":true,"href":"https:\/\/masquenoticias.mx\/index.php\/wp-json\/wp\/v2\/tags?post=18580"}],"curies":[{"name":"wp","href":"https:\/\/api.w.org\/{rel}","templated":true}]}}