{"id":1833,"date":"2023-08-01T21:37:26","date_gmt":"2023-08-02T03:37:26","guid":{"rendered":"https:\/\/masquenoticias.mx\/?p=1833"},"modified":"2023-08-01T21:37:26","modified_gmt":"2023-08-02T03:37:26","slug":"bajan-19-homicidios-dolosos-respecto-a-la-quincena-previa-en-colima","status":"publish","type":"post","link":"https:\/\/masquenoticias.mx\/index.php\/2023\/08\/01\/bajan-19-homicidios-dolosos-respecto-a-la-quincena-previa-en-colima\/","title":{"rendered":"Bajan 19% homicidios dolosos respecto a la quincena previa en Colima"},"content":{"rendered":"<p>En las dos semanas m\u00e1s recientes disminuyeron 19% los homicidios dolosos respecto a la quincena previa, pasando de 42 a 34, inform\u00f3 el capit\u00e1n Francisco Javier Almaz\u00e1n Torres, vocero de la Mesa de Coordinaci\u00f3n Estatal para la Construcci\u00f3n de la Paz y la Seguridad del Estado de Colima, quien junto con el secretario de Seguridad P\u00fablica, capit\u00e1n H\u00e9ctor Alfredo Castillo B\u00e1ez, informaron en rueda de prensa que se detuvieron 149 personas por su probable participaci\u00f3n en diversos delitos; de estas detenciones, ocho son del fuero federal.<\/p>\n<p>El vocero present\u00f3 la actualizaci\u00f3n de cifras, donde destaca que los homicidios van a la baja por tercera semana de manera consecutiva: hubo 28 en el periodo del 7 al 13 de julio, luego veinte en la semana del 14 al 20 de julio, para reducirse a catorce en la semana m\u00e1s reciente del 21 al 27 de julio. En la quincena m\u00e1s reciente se realizaron once cateos, nueve por fuero estatal y los dos restantes del fuero federal.<\/p>\n<p>En los hechos relevantes, el 21 de julio se dict\u00f3 vinculaci\u00f3n a proceso contra Aristeo &#8220;N&#8221; alias &#8220;El Tello&#8221; y de C\u00e9sar &#8220;N&#8221; alias &#8220;El G\u00fcero&#8221; por ejecutar el 11 de julio a una polic\u00eda estatal y homicidio calificado en grado de tentativa contra otros dos elementos de la misma corporaci\u00f3n; ya est\u00e1n en prisi\u00f3n y se establecieron 4 meses para la investigaci\u00f3n complementaria.<\/p>\n<p>El 26 de julio, un hombre recibi\u00f3 80 a\u00f1os de prisi\u00f3n por secuestro agravado contra un menor, tras que, en febrero de 2021, la v\u00edctima sali\u00f3 de su domicilio en Jala, Coquimatl\u00e1n a bordo de una moto, cuando fue privado de la libertad; estuvo cautivo en una parcela, mientras exig\u00edan a su familia 200 mil pesos por su liberaci\u00f3n; posteriormente la v\u00edctima fue localizada sin vida.<\/p>\n<p>El 31 de julio, un individuo fue condenado a 51 a\u00f1os de c\u00e1rcel por secuestro agravado; luego que en febrero de 2022, la v\u00edctima fue privada de la libertad en Tecom\u00e1n y trasladado a una zona cerril de Tecolapa; dos d\u00edas despu\u00e9s escap\u00f3, fue auxiliado por la Polic\u00eda y se le brind\u00f3 atenci\u00f3n m\u00e9dica. Uno de los presuntos responsables fue capturado y le impusieron 51 a\u00f1os de prisi\u00f3n, el pago de una multa por 4,100 UMAS y el pago de la reparaci\u00f3n del da\u00f1o.<\/p>\n<p>ACCIONES RELEVANTES DE LA SSP<\/p>\n<p>Por su parte, el capit\u00e1n Castillo B\u00e1ez inform\u00f3 las acciones relevantes de la SSP del 14 al 27 de julio dentro de los operativos de prevenci\u00f3n, donde fueron revisadas 3 mil 957 personas, mil 082 veh\u00edculos automotores y mil 208 motocicletas, a trav\u00e9s de doce filtros de revisi\u00f3n instalados en puntos estrat\u00e9gicos.<\/p>\n<p>Tambi\u00e9n dio a conocer una serie de detenciones en flagrancia, remisiones y aseguramientos: el 14 de julio en la colonia de los Trabajadores donde se aseguraron 15 dosis del narc\u00f3tico ice y 30 envoltorios con las caracter\u00edsticas del mismo narc\u00f3tico, as\u00ed como una jeringa. El mismo d\u00eda en la colonia Miguel Hidalgo de Tecom\u00e1n la SSP asegur\u00f3 un arma de fuego y cinco cartuchos.<\/p>\n<p>El 19 de julio en la colonia Pimentel Llerenas de Tecom\u00e1n, se aseguraron 31 bolsas con narc\u00f3tico de las caracter\u00edsticas de la mariguana, as\u00ed como un cigarro del mismo producto y una b\u00e1scula. Al d\u00eda siguiente en Tecolapa (Tecom\u00e1n), se aseguraron nueve tambos con mil 650 litros de hidrocarburo, y el mismo 20 de julio en el centro de Colima hubo un aseguramiento de 150 bolsas de mariguana, 500 envoltorios con caracter\u00edsticas de ice, un celular, as\u00ed como bolsas de mezclilla y de pl\u00e1stico.<\/p>\n<p>El titular de SSP agreg\u00f3 que el 24 de julio se aseguraron en el centro de Colima veinte envoltorios con las caracter\u00edsticas del narc\u00f3tico ice, mientras que un d\u00eda despu\u00e9s, en la misma zona de la capital lograron asegurar 42 bolsas de ice, una pipa de cristal y un encendedor.<\/p>\n<p>Record\u00f3 que el 17 de julio, la gobernadora de Colima, junto el subsecretario de Egresos de la Secretar\u00eda de Hacienda del Gobierno de M\u00e9xico e integrantes del gabinete estatal, realizaron un recorrido de supervisi\u00f3n por el Centro de Reinserci\u00f3n Social (Cereso) de Colima.<\/p>\n<p>Castillo B\u00e1ez inform\u00f3 que el 17 de julio se firm\u00f3 la declaratoria de implementaci\u00f3n del reto p\u00fablico \u201cAnticipando riesgos de corrupci\u00f3n\u201d y el 25 de julio se sign\u00f3 un convenio con la activista Kenya Cuevas, para fortalecer las capacitaciones al personal de la SSP en materia de derechos humanos y diversidad de g\u00e9nero.<\/p>\n<p>El titular de SSP inform\u00f3 las acciones de seguridad del Sistema Estatal Penitenciario, aseguramientos, Vinculaci\u00f3n social y prevenci\u00f3n contra el delito, de la Unidad de G\u00e9nero y actividades deportivas y recreativas, adem\u00e1s de la presentaci\u00f3n del documental \u2018Libertad tras las rejas\u2019, realizado por personas privadas de su libertad (PPL) en el Centro de Reinserci\u00f3n Social Femenil, en coordinaci\u00f3n con la Subsecretar\u00eda de Cultura.<\/p>\n","protected":false},"excerpt":{"rendered":"<p>En las dos semanas m\u00e1s recientes disminuyeron 19% los homicidios dolosos respecto a la quincena previa, pasando de 42 a 34, inform\u00f3 el capit\u00e1n Francisco Javier Almaz\u00e1n Torres, vocero de la Mesa de Coordinaci\u00f3n Estatal para la Construcci\u00f3n de la Paz y la Seguridad del Estado de Colima, quien junto con el secretario de Seguridad [&hellip;]<\/p>\n","protected":false},"author":1,"featured_media":1834,"comment_status":"open","ping_status":"open","sticky":false,"template":"","format":"standard","meta":{"_jetpack_memberships_contains_paid_content":false,"footnotes":""},"categories":[58],"tags":[47],"class_list":["post-1833","post","type-post","status-publish","format-standard","has-post-thumbnail","hentry","category-seguridad","tag-seguridad"],"yoast_head":"<!-- This site is optimized with the Yoast SEO plugin v26.6 - https:\/\/yoast.com\/wordpress\/plugins\/seo\/ -->\n<title>Bajan 19% homicidios dolosos respecto a la quincena previa en Colima - M\u00e1s Que Noticias<\/title>\n<meta name=\"robots\" content=\"index, follow, max-snippet:-1, max-image-preview:large, max-video-preview:-1\" \/>\n<link rel=\"canonical\" href=\"https:\/\/masquenoticias.mx\/index.php\/2023\/08\/01\/bajan-19-homicidios-dolosos-respecto-a-la-quincena-previa-en-colima\/\" \/>\n<meta property=\"og:locale\" content=\"es_MX\" \/>\n<meta property=\"og:type\" content=\"article\" \/>\n<meta property=\"og:title\" content=\"Bajan 19% homicidios dolosos respecto a la quincena previa en Colima - M\u00e1s Que Noticias\" \/>\n<meta property=\"og:description\" content=\"En las dos semanas m\u00e1s recientes disminuyeron 19% los homicidios dolosos respecto a la quincena previa, pasando de 42 a 34, inform\u00f3 el capit\u00e1n Francisco Javier Almaz\u00e1n Torres, vocero de la Mesa de Coordinaci\u00f3n Estatal para la Construcci\u00f3n de la Paz y la Seguridad del Estado de Colima, quien junto con el secretario de Seguridad [&hellip;]\" \/>\n<meta property=\"og:url\" content=\"https:\/\/masquenoticias.mx\/index.php\/2023\/08\/01\/bajan-19-homicidios-dolosos-respecto-a-la-quincena-previa-en-colima\/\" \/>\n<meta property=\"og:site_name\" content=\"M\u00e1s Que Noticias\" \/>\n<meta property=\"article:publisher\" content=\"https:\/\/www.facebook.com\/masquenoticiascolima\" \/>\n<meta property=\"article:published_time\" content=\"2023-08-02T03:37:26+00:00\" \/>\n<meta property=\"og:image\" content=\"https:\/\/i0.wp.com\/masquenoticias.mx\/wp-content\/uploads\/2023\/08\/WhatsApp-Image-2023-08-01-at-3.02.28-PM-jpeg.webp?fit=1280%2C854&ssl=1\" \/>\n\t<meta property=\"og:image:width\" content=\"1280\" \/>\n\t<meta property=\"og:image:height\" content=\"854\" \/>\n\t<meta property=\"og:image:type\" content=\"image\/jpeg\" \/>\n<meta name=\"author\" content=\"Redacci\u00f3n\" \/>\n<meta name=\"twitter:card\" content=\"summary_large_image\" \/>\n<meta name=\"twitter:creator\" content=\"@edgartove\" \/>\n<meta name=\"twitter:site\" content=\"@edgartove\" \/>\n<meta name=\"twitter:label1\" content=\"Escrito por\" \/>\n\t<meta name=\"twitter:data1\" content=\"Redacci\u00f3n\" \/>\n\t<meta name=\"twitter:label2\" content=\"Tiempo de lectura\" \/>\n\t<meta name=\"twitter:data2\" content=\"4 minutos\" \/>\n<script type=\"application\/ld+json\" class=\"yoast-schema-graph\">{\"@context\":\"https:\/\/schema.org\",\"@graph\":[{\"@type\":\"Article\",\"@id\":\"https:\/\/masquenoticias.mx\/index.php\/2023\/08\/01\/bajan-19-homicidios-dolosos-respecto-a-la-quincena-previa-en-colima\/#article\",\"isPartOf\":{\"@id\":\"https:\/\/masquenoticias.mx\/index.php\/2023\/08\/01\/bajan-19-homicidios-dolosos-respecto-a-la-quincena-previa-en-colima\/\"},\"author\":{\"name\":\"Redacci\u00f3n\",\"@id\":\"https:\/\/masquenoticias.mx\/#\/schema\/person\/544d19989ef23d34615f691f7a96e622\"},\"headline\":\"Bajan 19% homicidios dolosos respecto a la quincena previa en Colima\",\"datePublished\":\"2023-08-02T03:37:26+00:00\",\"mainEntityOfPage\":{\"@id\":\"https:\/\/masquenoticias.mx\/index.php\/2023\/08\/01\/bajan-19-homicidios-dolosos-respecto-a-la-quincena-previa-en-colima\/\"},\"wordCount\":843,\"commentCount\":0,\"publisher\":{\"@id\":\"https:\/\/masquenoticias.mx\/#organization\"},\"image\":{\"@id\":\"https:\/\/masquenoticias.mx\/index.php\/2023\/08\/01\/bajan-19-homicidios-dolosos-respecto-a-la-quincena-previa-en-colima\/#primaryimage\"},\"thumbnailUrl\":\"https:\/\/i0.wp.com\/masquenoticias.mx\/wp-content\/uploads\/2023\/08\/WhatsApp-Image-2023-08-01-at-3.02.28-PM-jpeg.webp?fit=1280%2C854&ssl=1\",\"keywords\":[\"Seguridad\"],\"articleSection\":[\"Seguridad\"],\"inLanguage\":\"es\",\"potentialAction\":[{\"@type\":\"CommentAction\",\"name\":\"Comment\",\"target\":[\"https:\/\/masquenoticias.mx\/index.php\/2023\/08\/01\/bajan-19-homicidios-dolosos-respecto-a-la-quincena-previa-en-colima\/#respond\"]}]},{\"@type\":\"WebPage\",\"@id\":\"https:\/\/masquenoticias.mx\/index.php\/2023\/08\/01\/bajan-19-homicidios-dolosos-respecto-a-la-quincena-previa-en-colima\/\",\"url\":\"https:\/\/masquenoticias.mx\/index.php\/2023\/08\/01\/bajan-19-homicidios-dolosos-respecto-a-la-quincena-previa-en-colima\/\",\"name\":\"Bajan 19% homicidios dolosos respecto a la quincena previa en Colima - M\u00e1s Que Noticias\",\"isPartOf\":{\"@id\":\"https:\/\/masquenoticias.mx\/#website\"},\"primaryImageOfPage\":{\"@id\":\"https:\/\/masquenoticias.mx\/index.php\/2023\/08\/01\/bajan-19-homicidios-dolosos-respecto-a-la-quincena-previa-en-colima\/#primaryimage\"},\"image\":{\"@id\":\"https:\/\/masquenoticias.mx\/index.php\/2023\/08\/01\/bajan-19-homicidios-dolosos-respecto-a-la-quincena-previa-en-colima\/#primaryimage\"},\"thumbnailUrl\":\"https:\/\/i0.wp.com\/masquenoticias.mx\/wp-content\/uploads\/2023\/08\/WhatsApp-Image-2023-08-01-at-3.02.28-PM-jpeg.webp?fit=1280%2C854&ssl=1\",\"datePublished\":\"2023-08-02T03:37:26+00:00\",\"breadcrumb\":{\"@id\":\"https:\/\/masquenoticias.mx\/index.php\/2023\/08\/01\/bajan-19-homicidios-dolosos-respecto-a-la-quincena-previa-en-colima\/#breadcrumb\"},\"inLanguage\":\"es\",\"potentialAction\":[{\"@type\":\"ReadAction\",\"target\":[\"https:\/\/masquenoticias.mx\/index.php\/2023\/08\/01\/bajan-19-homicidios-dolosos-respecto-a-la-quincena-previa-en-colima\/\"]}]},{\"@type\":\"ImageObject\",\"inLanguage\":\"es\",\"@id\":\"https:\/\/masquenoticias.mx\/index.php\/2023\/08\/01\/bajan-19-homicidios-dolosos-respecto-a-la-quincena-previa-en-colima\/#primaryimage\",\"url\":\"https:\/\/i0.wp.com\/masquenoticias.mx\/wp-content\/uploads\/2023\/08\/WhatsApp-Image-2023-08-01-at-3.02.28-PM-jpeg.webp?fit=1280%2C854&ssl=1\",\"contentUrl\":\"https:\/\/i0.wp.com\/masquenoticias.mx\/wp-content\/uploads\/2023\/08\/WhatsApp-Image-2023-08-01-at-3.02.28-PM-jpeg.webp?fit=1280%2C854&ssl=1\",\"width\":1280,\"height\":854},{\"@type\":\"BreadcrumbList\",\"@id\":\"https:\/\/masquenoticias.mx\/index.php\/2023\/08\/01\/bajan-19-homicidios-dolosos-respecto-a-la-quincena-previa-en-colima\/#breadcrumb\",\"itemListElement\":[{\"@type\":\"ListItem\",\"position\":1,\"name\":\"Inicio\",\"item\":\"https:\/\/masquenoticias.mx\/\"},{\"@type\":\"ListItem\",\"position\":2,\"name\":\"Bajan 19% homicidios dolosos respecto a la quincena previa en Colima\"}]},{\"@type\":\"WebSite\",\"@id\":\"https:\/\/masquenoticias.mx\/#website\",\"url\":\"https:\/\/masquenoticias.mx\/\",\"name\":\"M\u00e1s Que Noticias\",\"description\":\"Noticias de Colima, M\u00e9xico y el Mundo\",\"publisher\":{\"@id\":\"https:\/\/masquenoticias.mx\/#organization\"},\"potentialAction\":[{\"@type\":\"SearchAction\",\"target\":{\"@type\":\"EntryPoint\",\"urlTemplate\":\"https:\/\/masquenoticias.mx\/?s={search_term_string}\"},\"query-input\":{\"@type\":\"PropertyValueSpecification\",\"valueRequired\":true,\"valueName\":\"search_term_string\"}}],\"inLanguage\":\"es\"},{\"@type\":\"Organization\",\"@id\":\"https:\/\/masquenoticias.mx\/#organization\",\"name\":\"M\u00e1s Que Noticias\",\"url\":\"https:\/\/masquenoticias.mx\/\",\"logo\":{\"@type\":\"ImageObject\",\"inLanguage\":\"es\",\"@id\":\"https:\/\/masquenoticias.mx\/#\/schema\/logo\/image\/\",\"url\":\"https:\/\/i0.wp.com\/masquenoticias.mx\/wp-content\/uploads\/2024\/04\/IMG_0004.png?fit=2560%2C1656&ssl=1\",\"contentUrl\":\"https:\/\/i0.wp.com\/masquenoticias.mx\/wp-content\/uploads\/2024\/04\/IMG_0004.png?fit=2560%2C1656&ssl=1\",\"width\":2560,\"height\":1656,\"caption\":\"M\u00e1s Que Noticias\"},\"image\":{\"@id\":\"https:\/\/masquenoticias.mx\/#\/schema\/logo\/image\/\"},\"sameAs\":[\"https:\/\/www.facebook.com\/masquenoticiascolima\",\"https:\/\/x.com\/edgartove\",\"https:\/\/www.instagram.com\/masquenoticiascolima\/\"]},{\"@type\":\"Person\",\"@id\":\"https:\/\/masquenoticias.mx\/#\/schema\/person\/544d19989ef23d34615f691f7a96e622\",\"name\":\"Redacci\u00f3n\",\"image\":{\"@type\":\"ImageObject\",\"inLanguage\":\"es\",\"@id\":\"https:\/\/masquenoticias.mx\/#\/schema\/person\/image\/\",\"url\":\"https:\/\/secure.gravatar.com\/avatar\/7fcc926d5b058d3f3d52d95b4d05dd58?s=96&d=mm&r=g\",\"contentUrl\":\"https:\/\/secure.gravatar.com\/avatar\/7fcc926d5b058d3f3d52d95b4d05dd58?s=96&d=mm&r=g\",\"caption\":\"Redacci\u00f3n\"},\"sameAs\":[\"http:\/\/masquenoticias.mx\"],\"url\":\"https:\/\/masquenoticias.mx\/index.php\/author\/edgartovegmail-com\/\"}]}<\/script>\n<!-- \/ Yoast SEO plugin. -->","yoast_head_json":{"title":"Bajan 19% homicidios dolosos respecto a la quincena previa en Colima - M\u00e1s Que Noticias","robots":{"index":"index","follow":"follow","max-snippet":"max-snippet:-1","max-image-preview":"max-image-preview:large","max-video-preview":"max-video-preview:-1"},"canonical":"https:\/\/masquenoticias.mx\/index.php\/2023\/08\/01\/bajan-19-homicidios-dolosos-respecto-a-la-quincena-previa-en-colima\/","og_locale":"es_MX","og_type":"article","og_title":"Bajan 19% homicidios dolosos respecto a la quincena previa en Colima - M\u00e1s Que Noticias","og_description":"En las dos semanas m\u00e1s recientes disminuyeron 19% los homicidios dolosos respecto a la quincena previa, pasando de 42 a 34, inform\u00f3 el capit\u00e1n Francisco Javier Almaz\u00e1n Torres, vocero de la Mesa de Coordinaci\u00f3n Estatal para la Construcci\u00f3n de la Paz y la Seguridad del Estado de Colima, quien junto con el secretario de Seguridad [&hellip;]","og_url":"https:\/\/masquenoticias.mx\/index.php\/2023\/08\/01\/bajan-19-homicidios-dolosos-respecto-a-la-quincena-previa-en-colima\/","og_site_name":"M\u00e1s Que Noticias","article_publisher":"https:\/\/www.facebook.com\/masquenoticiascolima","article_published_time":"2023-08-02T03:37:26+00:00","og_image":[{"width":1280,"height":854,"url":"https:\/\/i0.wp.com\/masquenoticias.mx\/wp-content\/uploads\/2023\/08\/WhatsApp-Image-2023-08-01-at-3.02.28-PM-jpeg.webp?fit=1280%2C854&ssl=1","type":"image\/jpeg"}],"author":"Redacci\u00f3n","twitter_card":"summary_large_image","twitter_creator":"@edgartove","twitter_site":"@edgartove","twitter_misc":{"Escrito por":"Redacci\u00f3n","Tiempo de lectura":"4 minutos"},"schema":{"@context":"https:\/\/schema.org","@graph":[{"@type":"Article","@id":"https:\/\/masquenoticias.mx\/index.php\/2023\/08\/01\/bajan-19-homicidios-dolosos-respecto-a-la-quincena-previa-en-colima\/#article","isPartOf":{"@id":"https:\/\/masquenoticias.mx\/index.php\/2023\/08\/01\/bajan-19-homicidios-dolosos-respecto-a-la-quincena-previa-en-colima\/"},"author":{"name":"Redacci\u00f3n","@id":"https:\/\/masquenoticias.mx\/#\/schema\/person\/544d19989ef23d34615f691f7a96e622"},"headline":"Bajan 19% homicidios dolosos respecto a la quincena previa en Colima","datePublished":"2023-08-02T03:37:26+00:00","mainEntityOfPage":{"@id":"https:\/\/masquenoticias.mx\/index.php\/2023\/08\/01\/bajan-19-homicidios-dolosos-respecto-a-la-quincena-previa-en-colima\/"},"wordCount":843,"commentCount":0,"publisher":{"@id":"https:\/\/masquenoticias.mx\/#organization"},"image":{"@id":"https:\/\/masquenoticias.mx\/index.php\/2023\/08\/01\/bajan-19-homicidios-dolosos-respecto-a-la-quincena-previa-en-colima\/#primaryimage"},"thumbnailUrl":"https:\/\/i0.wp.com\/masquenoticias.mx\/wp-content\/uploads\/2023\/08\/WhatsApp-Image-2023-08-01-at-3.02.28-PM-jpeg.webp?fit=1280%2C854&ssl=1","keywords":["Seguridad"],"articleSection":["Seguridad"],"inLanguage":"es","potentialAction":[{"@type":"CommentAction","name":"Comment","target":["https:\/\/masquenoticias.mx\/index.php\/2023\/08\/01\/bajan-19-homicidios-dolosos-respecto-a-la-quincena-previa-en-colima\/#respond"]}]},{"@type":"WebPage","@id":"https:\/\/masquenoticias.mx\/index.php\/2023\/08\/01\/bajan-19-homicidios-dolosos-respecto-a-la-quincena-previa-en-colima\/","url":"https:\/\/masquenoticias.mx\/index.php\/2023\/08\/01\/bajan-19-homicidios-dolosos-respecto-a-la-quincena-previa-en-colima\/","name":"Bajan 19% homicidios dolosos respecto a la quincena previa en Colima - M\u00e1s Que Noticias","isPartOf":{"@id":"https:\/\/masquenoticias.mx\/#website"},"primaryImageOfPage":{"@id":"https:\/\/masquenoticias.mx\/index.php\/2023\/08\/01\/bajan-19-homicidios-dolosos-respecto-a-la-quincena-previa-en-colima\/#primaryimage"},"image":{"@id":"https:\/\/masquenoticias.mx\/index.php\/2023\/08\/01\/bajan-19-homicidios-dolosos-respecto-a-la-quincena-previa-en-colima\/#primaryimage"},"thumbnailUrl":"https:\/\/i0.wp.com\/masquenoticias.mx\/wp-content\/uploads\/2023\/08\/WhatsApp-Image-2023-08-01-at-3.02.28-PM-jpeg.webp?fit=1280%2C854&ssl=1","datePublished":"2023-08-02T03:37:26+00:00","breadcrumb":{"@id":"https:\/\/masquenoticias.mx\/index.php\/2023\/08\/01\/bajan-19-homicidios-dolosos-respecto-a-la-quincena-previa-en-colima\/#breadcrumb"},"inLanguage":"es","potentialAction":[{"@type":"ReadAction","target":["https:\/\/masquenoticias.mx\/index.php\/2023\/08\/01\/bajan-19-homicidios-dolosos-respecto-a-la-quincena-previa-en-colima\/"]}]},{"@type":"ImageObject","inLanguage":"es","@id":"https:\/\/masquenoticias.mx\/index.php\/2023\/08\/01\/bajan-19-homicidios-dolosos-respecto-a-la-quincena-previa-en-colima\/#primaryimage","url":"https:\/\/i0.wp.com\/masquenoticias.mx\/wp-content\/uploads\/2023\/08\/WhatsApp-Image-2023-08-01-at-3.02.28-PM-jpeg.webp?fit=1280%2C854&ssl=1","contentUrl":"https:\/\/i0.wp.com\/masquenoticias.mx\/wp-content\/uploads\/2023\/08\/WhatsApp-Image-2023-08-01-at-3.02.28-PM-jpeg.webp?fit=1280%2C854&ssl=1","width":1280,"height":854},{"@type":"BreadcrumbList","@id":"https:\/\/masquenoticias.mx\/index.php\/2023\/08\/01\/bajan-19-homicidios-dolosos-respecto-a-la-quincena-previa-en-colima\/#breadcrumb","itemListElement":[{"@type":"ListItem","position":1,"name":"Inicio","item":"https:\/\/masquenoticias.mx\/"},{"@type":"ListItem","position":2,"name":"Bajan 19% homicidios dolosos respecto a la quincena previa en Colima"}]},{"@type":"WebSite","@id":"https:\/\/masquenoticias.mx\/#website","url":"https:\/\/masquenoticias.mx\/","name":"M\u00e1s Que Noticias","description":"Noticias de Colima, M\u00e9xico y el Mundo","publisher":{"@id":"https:\/\/masquenoticias.mx\/#organization"},"potentialAction":[{"@type":"SearchAction","target":{"@type":"EntryPoint","urlTemplate":"https:\/\/masquenoticias.mx\/?s={search_term_string}"},"query-input":{"@type":"PropertyValueSpecification","valueRequired":true,"valueName":"search_term_string"}}],"inLanguage":"es"},{"@type":"Organization","@id":"https:\/\/masquenoticias.mx\/#organization","name":"M\u00e1s Que Noticias","url":"https:\/\/masquenoticias.mx\/","logo":{"@type":"ImageObject","inLanguage":"es","@id":"https:\/\/masquenoticias.mx\/#\/schema\/logo\/image\/","url":"https:\/\/i0.wp.com\/masquenoticias.mx\/wp-content\/uploads\/2024\/04\/IMG_0004.png?fit=2560%2C1656&ssl=1","contentUrl":"https:\/\/i0.wp.com\/masquenoticias.mx\/wp-content\/uploads\/2024\/04\/IMG_0004.png?fit=2560%2C1656&ssl=1","width":2560,"height":1656,"caption":"M\u00e1s Que Noticias"},"image":{"@id":"https:\/\/masquenoticias.mx\/#\/schema\/logo\/image\/"},"sameAs":["https:\/\/www.facebook.com\/masquenoticiascolima","https:\/\/x.com\/edgartove","https:\/\/www.instagram.com\/masquenoticiascolima\/"]},{"@type":"Person","@id":"https:\/\/masquenoticias.mx\/#\/schema\/person\/544d19989ef23d34615f691f7a96e622","name":"Redacci\u00f3n","image":{"@type":"ImageObject","inLanguage":"es","@id":"https:\/\/masquenoticias.mx\/#\/schema\/person\/image\/","url":"https:\/\/secure.gravatar.com\/avatar\/7fcc926d5b058d3f3d52d95b4d05dd58?s=96&d=mm&r=g","contentUrl":"https:\/\/secure.gravatar.com\/avatar\/7fcc926d5b058d3f3d52d95b4d05dd58?s=96&d=mm&r=g","caption":"Redacci\u00f3n"},"sameAs":["http:\/\/masquenoticias.mx"],"url":"https:\/\/masquenoticias.mx\/index.php\/author\/edgartovegmail-com\/"}]}},"jetpack_featured_media_url":"https:\/\/i0.wp.com\/masquenoticias.mx\/wp-content\/uploads\/2023\/08\/WhatsApp-Image-2023-08-01-at-3.02.28-PM-jpeg.webp?fit=1280%2C854&ssl=1","blog_post_layout_featured_media_urls":{"thumbnail":["https:\/\/i0.wp.com\/masquenoticias.mx\/wp-content\/uploads\/2023\/08\/WhatsApp-Image-2023-08-01-at-3.02.28-PM-jpeg.webp?resize=150%2C150&ssl=1",150,150,true],"full":["https:\/\/i0.wp.com\/masquenoticias.mx\/wp-content\/uploads\/2023\/08\/WhatsApp-Image-2023-08-01-at-3.02.28-PM-jpeg.webp?fit=1280%2C854&ssl=1",1280,854,false]},"categories_names":{"58":{"name":"Seguridad","link":"https:\/\/masquenoticias.mx\/index.php\/category\/seguridad\/"}},"tags_names":{"47":{"name":"Seguridad","link":"https:\/\/masquenoticias.mx\/index.php\/tag\/seguridad\/"}},"comments_number":"0","wpmagazine_modules_lite_featured_media_urls":{"thumbnail":["https:\/\/i0.wp.com\/masquenoticias.mx\/wp-content\/uploads\/2023\/08\/WhatsApp-Image-2023-08-01-at-3.02.28-PM-jpeg.webp?resize=150%2C150&ssl=1",150,150,true],"cvmm-medium":["https:\/\/i0.wp.com\/masquenoticias.mx\/wp-content\/uploads\/2023\/08\/WhatsApp-Image-2023-08-01-at-3.02.28-PM-jpeg.webp?resize=300%2C300&ssl=1",300,300,true],"cvmm-medium-plus":["https:\/\/i0.wp.com\/masquenoticias.mx\/wp-content\/uploads\/2023\/08\/WhatsApp-Image-2023-08-01-at-3.02.28-PM-jpeg.webp?resize=305%2C207&ssl=1",305,207,true],"cvmm-portrait":["https:\/\/i0.wp.com\/masquenoticias.mx\/wp-content\/uploads\/2023\/08\/WhatsApp-Image-2023-08-01-at-3.02.28-PM-jpeg.webp?resize=400%2C600&ssl=1",400,600,true],"cvmm-medium-square":["https:\/\/i0.wp.com\/masquenoticias.mx\/wp-content\/uploads\/2023\/08\/WhatsApp-Image-2023-08-01-at-3.02.28-PM-jpeg.webp?resize=600%2C600&ssl=1",600,600,true],"cvmm-large":["https:\/\/i0.wp.com\/masquenoticias.mx\/wp-content\/uploads\/2023\/08\/WhatsApp-Image-2023-08-01-at-3.02.28-PM-jpeg.webp?resize=1024%2C854&ssl=1",1024,854,true],"cvmm-small":["https:\/\/i0.wp.com\/masquenoticias.mx\/wp-content\/uploads\/2023\/08\/WhatsApp-Image-2023-08-01-at-3.02.28-PM-jpeg.webp?resize=130%2C95&ssl=1",130,95,true],"full":["https:\/\/i0.wp.com\/masquenoticias.mx\/wp-content\/uploads\/2023\/08\/WhatsApp-Image-2023-08-01-at-3.02.28-PM-jpeg.webp?fit=1280%2C854&ssl=1",1280,854,false]},"jetpack-related-posts":[],"jetpack_sharing_enabled":true,"jetpack_likes_enabled":true,"jetpack_shortlink":"https:\/\/wp.me\/pf7pkt-tz","_links":{"self":[{"href":"https:\/\/masquenoticias.mx\/index.php\/wp-json\/wp\/v2\/posts\/1833","targetHints":{"allow":["GET"]}}],"collection":[{"href":"https:\/\/masquenoticias.mx\/index.php\/wp-json\/wp\/v2\/posts"}],"about":[{"href":"https:\/\/masquenoticias.mx\/index.php\/wp-json\/wp\/v2\/types\/post"}],"author":[{"embeddable":true,"href":"https:\/\/masquenoticias.mx\/index.php\/wp-json\/wp\/v2\/users\/1"}],"replies":[{"embeddable":true,"href":"https:\/\/masquenoticias.mx\/index.php\/wp-json\/wp\/v2\/comments?post=1833"}],"version-history":[{"count":0,"href":"https:\/\/masquenoticias.mx\/index.php\/wp-json\/wp\/v2\/posts\/1833\/revisions"}],"wp:featuredmedia":[{"embeddable":true,"href":"https:\/\/masquenoticias.mx\/index.php\/wp-json\/wp\/v2\/media\/1834"}],"wp:attachment":[{"href":"https:\/\/masquenoticias.mx\/index.php\/wp-json\/wp\/v2\/media?parent=1833"}],"wp:term":[{"taxonomy":"category","embeddable":true,"href":"https:\/\/masquenoticias.mx\/index.php\/wp-json\/wp\/v2\/categories?post=1833"},{"taxonomy":"post_tag","embeddable":true,"href":"https:\/\/masquenoticias.mx\/index.php\/wp-json\/wp\/v2\/tags?post=1833"}],"curies":[{"name":"wp","href":"https:\/\/api.w.org\/{rel}","templated":true}]}}