{"id":18237,"date":"2025-08-22T16:37:46","date_gmt":"2025-08-22T22:37:46","guid":{"rendered":"https:\/\/masquenoticias.mx\/?p=18237"},"modified":"2025-08-22T16:37:46","modified_gmt":"2025-08-22T22:37:46","slug":"diez-paises-confirmados-para-el-manzanillo-tour-continental-de-voleibol-de-playa-2025","status":"publish","type":"post","link":"https:\/\/masquenoticias.mx\/index.php\/2025\/08\/22\/diez-paises-confirmados-para-el-manzanillo-tour-continental-de-voleibol-de-playa-2025\/","title":{"rendered":"Diez pa\u00edses confirmados para el Manzanillo Tour Continental de Voleibol de Playa 2025"},"content":{"rendered":"<p>Manzanillo se prepara para recibir, del 29 al 31 de agosto, a las mejores duplas de voleibol de playa de Norteam\u00e9rica, Centroam\u00e9rica y el Caribe en el Norceca Beach Volleyball Continental Tour Manzanillo 2025, que tendr\u00e1 lugar en la Playa Azul, a un costado de la Plaza Punto Bah\u00eda. Esta justa internacional reunir\u00e1 a atletas de talla mundial en un ambiente \u00fanico frente al mar, con m\u00fasica, sol y fiesta deportiva.<\/p>\n<p>A s\u00f3lo una semana del inicio, se confirma la participaci\u00f3n de once duplas femeniles y catorce duplas varoniles de Estados Unidos, Canad\u00e1, Guatemala, Venezuela, Trinidad y Tobago, Cuba, Puerto Rico, Costa Rica, El Salvador y el anfitri\u00f3n M\u00e9xico. El comit\u00e9 organizador inform\u00f3 que las inscripciones seguir\u00e1n abiertas hasta un d\u00eda antes de la competencia, por lo que m\u00e1s pa\u00edses podr\u00edan sumarse al torneo y elevar a\u00fan m\u00e1s la emoci\u00f3n de esta parada del circuito internacional.<\/p>\n<p>Este singular evento contar\u00e1 con un corredor gastron\u00f3mico integrado por Canirac Manzanillo y comerciantes locales, adem\u00e1s del bar oficial de Cervecer\u00eda de la Costa. Habr\u00e1 transmisiones de los partidos en vivo, venta de alimentos y bebidas y un espacio lleno de color y ambiente festivo, dise\u00f1ado para el disfrute de familias, turistas y aficionados al deporte de la volea.<\/p>\n<p>La entrada ser\u00e1 gratuita y con seguridad permanente, garantizando un entorno seguro, familiar y con un verdadero ambiente de playa y fiesta. De esta manera, colimenses y visitantes podr\u00e1n disfrutar de un espect\u00e1culo internacional de primer nivel en el coraz\u00f3n del Pac\u00edfico mexicano.<\/p>\n<p>La organizaci\u00f3n est\u00e1 a cargo de Norceca, la Federaci\u00f3n Mexicana de Voleibol (FMVB), el Gobierno del Estado de Colima, a trav\u00e9s de la Subsecretar\u00eda de Turismo y el Instituto Colimense del Deporte (Incode), as\u00ed como el Ayuntamiento de Manzanillo.<\/p>\n","protected":false},"excerpt":{"rendered":"<p>Manzanillo se prepara para recibir, del 29 al 31 de agosto, a las mejores duplas de voleibol de playa de Norteam\u00e9rica, Centroam\u00e9rica y el Caribe en el Norceca Beach Volleyball Continental Tour Manzanillo 2025, que tendr\u00e1 lugar en la Playa Azul, a un costado de la Plaza Punto Bah\u00eda. Esta justa internacional reunir\u00e1 a atletas [&hellip;]<\/p>\n","protected":false},"author":1,"featured_media":18238,"comment_status":"open","ping_status":"open","sticky":false,"template":"","format":"standard","meta":{"_jetpack_memberships_contains_paid_content":false,"footnotes":""},"categories":[28],"tags":[37],"class_list":["post-18237","post","type-post","status-publish","format-standard","has-post-thumbnail","hentry","category-municipios","tag-manzanillo"],"yoast_head":"<!-- This site is optimized with the Yoast SEO plugin v26.6 - https:\/\/yoast.com\/wordpress\/plugins\/seo\/ -->\n<title>Diez pa\u00edses confirmados para el Manzanillo Tour Continental de Voleibol de Playa 2025 - M\u00e1s Que Noticias<\/title>\n<meta name=\"robots\" content=\"index, follow, max-snippet:-1, max-image-preview:large, max-video-preview:-1\" \/>\n<link rel=\"canonical\" href=\"https:\/\/masquenoticias.mx\/index.php\/2025\/08\/22\/diez-paises-confirmados-para-el-manzanillo-tour-continental-de-voleibol-de-playa-2025\/\" \/>\n<meta property=\"og:locale\" content=\"es_MX\" \/>\n<meta property=\"og:type\" content=\"article\" \/>\n<meta property=\"og:title\" content=\"Diez pa\u00edses confirmados para el Manzanillo Tour Continental de Voleibol de Playa 2025 - M\u00e1s Que Noticias\" \/>\n<meta property=\"og:description\" content=\"Manzanillo se prepara para recibir, del 29 al 31 de agosto, a las mejores duplas de voleibol de playa de Norteam\u00e9rica, Centroam\u00e9rica y el Caribe en el Norceca Beach Volleyball Continental Tour Manzanillo 2025, que tendr\u00e1 lugar en la Playa Azul, a un costado de la Plaza Punto Bah\u00eda. Esta justa internacional reunir\u00e1 a atletas [&hellip;]\" \/>\n<meta property=\"og:url\" content=\"https:\/\/masquenoticias.mx\/index.php\/2025\/08\/22\/diez-paises-confirmados-para-el-manzanillo-tour-continental-de-voleibol-de-playa-2025\/\" \/>\n<meta property=\"og:site_name\" content=\"M\u00e1s Que Noticias\" \/>\n<meta property=\"article:publisher\" content=\"https:\/\/www.facebook.com\/masquenoticiascolima\" \/>\n<meta property=\"article:published_time\" content=\"2025-08-22T22:37:46+00:00\" \/>\n<meta property=\"og:image\" content=\"https:\/\/masquenoticias.mx\/wp-content\/uploads\/2025\/08\/WhatsApp-Image-2025-08-22-at-2.47.32-PM.jpeg\" \/>\n\t<meta property=\"og:image:width\" content=\"914\" \/>\n\t<meta property=\"og:image:height\" content=\"731\" \/>\n\t<meta property=\"og:image:type\" content=\"image\/jpeg\" \/>\n<meta name=\"author\" content=\"Redacci\u00f3n\" \/>\n<meta name=\"twitter:card\" content=\"summary_large_image\" \/>\n<meta name=\"twitter:creator\" content=\"@edgartove\" \/>\n<meta name=\"twitter:site\" content=\"@edgartove\" \/>\n<meta name=\"twitter:label1\" content=\"Escrito por\" \/>\n\t<meta name=\"twitter:data1\" content=\"Redacci\u00f3n\" \/>\n\t<meta name=\"twitter:label2\" content=\"Tiempo de lectura\" \/>\n\t<meta name=\"twitter:data2\" content=\"2 minutos\" \/>\n<script type=\"application\/ld+json\" class=\"yoast-schema-graph\">{\"@context\":\"https:\/\/schema.org\",\"@graph\":[{\"@type\":\"Article\",\"@id\":\"https:\/\/masquenoticias.mx\/index.php\/2025\/08\/22\/diez-paises-confirmados-para-el-manzanillo-tour-continental-de-voleibol-de-playa-2025\/#article\",\"isPartOf\":{\"@id\":\"https:\/\/masquenoticias.mx\/index.php\/2025\/08\/22\/diez-paises-confirmados-para-el-manzanillo-tour-continental-de-voleibol-de-playa-2025\/\"},\"author\":{\"name\":\"Redacci\u00f3n\",\"@id\":\"https:\/\/masquenoticias.mx\/#\/schema\/person\/544d19989ef23d34615f691f7a96e622\"},\"headline\":\"Diez pa\u00edses confirmados para el Manzanillo Tour Continental de Voleibol de Playa 2025\",\"datePublished\":\"2025-08-22T22:37:46+00:00\",\"mainEntityOfPage\":{\"@id\":\"https:\/\/masquenoticias.mx\/index.php\/2025\/08\/22\/diez-paises-confirmados-para-el-manzanillo-tour-continental-de-voleibol-de-playa-2025\/\"},\"wordCount\":325,\"commentCount\":0,\"publisher\":{\"@id\":\"https:\/\/masquenoticias.mx\/#organization\"},\"image\":{\"@id\":\"https:\/\/masquenoticias.mx\/index.php\/2025\/08\/22\/diez-paises-confirmados-para-el-manzanillo-tour-continental-de-voleibol-de-playa-2025\/#primaryimage\"},\"thumbnailUrl\":\"https:\/\/i0.wp.com\/masquenoticias.mx\/wp-content\/uploads\/2025\/08\/WhatsApp-Image-2025-08-22-at-2.47.32-PM.jpeg?fit=914%2C731&ssl=1\",\"keywords\":[\"Manzanillo\"],\"articleSection\":[\"Municipios\"],\"inLanguage\":\"es\",\"potentialAction\":[{\"@type\":\"CommentAction\",\"name\":\"Comment\",\"target\":[\"https:\/\/masquenoticias.mx\/index.php\/2025\/08\/22\/diez-paises-confirmados-para-el-manzanillo-tour-continental-de-voleibol-de-playa-2025\/#respond\"]}]},{\"@type\":\"WebPage\",\"@id\":\"https:\/\/masquenoticias.mx\/index.php\/2025\/08\/22\/diez-paises-confirmados-para-el-manzanillo-tour-continental-de-voleibol-de-playa-2025\/\",\"url\":\"https:\/\/masquenoticias.mx\/index.php\/2025\/08\/22\/diez-paises-confirmados-para-el-manzanillo-tour-continental-de-voleibol-de-playa-2025\/\",\"name\":\"Diez pa\u00edses confirmados para el Manzanillo Tour Continental de Voleibol de Playa 2025 - M\u00e1s Que Noticias\",\"isPartOf\":{\"@id\":\"https:\/\/masquenoticias.mx\/#website\"},\"primaryImageOfPage\":{\"@id\":\"https:\/\/masquenoticias.mx\/index.php\/2025\/08\/22\/diez-paises-confirmados-para-el-manzanillo-tour-continental-de-voleibol-de-playa-2025\/#primaryimage\"},\"image\":{\"@id\":\"https:\/\/masquenoticias.mx\/index.php\/2025\/08\/22\/diez-paises-confirmados-para-el-manzanillo-tour-continental-de-voleibol-de-playa-2025\/#primaryimage\"},\"thumbnailUrl\":\"https:\/\/i0.wp.com\/masquenoticias.mx\/wp-content\/uploads\/2025\/08\/WhatsApp-Image-2025-08-22-at-2.47.32-PM.jpeg?fit=914%2C731&ssl=1\",\"datePublished\":\"2025-08-22T22:37:46+00:00\",\"breadcrumb\":{\"@id\":\"https:\/\/masquenoticias.mx\/index.php\/2025\/08\/22\/diez-paises-confirmados-para-el-manzanillo-tour-continental-de-voleibol-de-playa-2025\/#breadcrumb\"},\"inLanguage\":\"es\",\"potentialAction\":[{\"@type\":\"ReadAction\",\"target\":[\"https:\/\/masquenoticias.mx\/index.php\/2025\/08\/22\/diez-paises-confirmados-para-el-manzanillo-tour-continental-de-voleibol-de-playa-2025\/\"]}]},{\"@type\":\"ImageObject\",\"inLanguage\":\"es\",\"@id\":\"https:\/\/masquenoticias.mx\/index.php\/2025\/08\/22\/diez-paises-confirmados-para-el-manzanillo-tour-continental-de-voleibol-de-playa-2025\/#primaryimage\",\"url\":\"https:\/\/i0.wp.com\/masquenoticias.mx\/wp-content\/uploads\/2025\/08\/WhatsApp-Image-2025-08-22-at-2.47.32-PM.jpeg?fit=914%2C731&ssl=1\",\"contentUrl\":\"https:\/\/i0.wp.com\/masquenoticias.mx\/wp-content\/uploads\/2025\/08\/WhatsApp-Image-2025-08-22-at-2.47.32-PM.jpeg?fit=914%2C731&ssl=1\",\"width\":914,\"height\":731},{\"@type\":\"BreadcrumbList\",\"@id\":\"https:\/\/masquenoticias.mx\/index.php\/2025\/08\/22\/diez-paises-confirmados-para-el-manzanillo-tour-continental-de-voleibol-de-playa-2025\/#breadcrumb\",\"itemListElement\":[{\"@type\":\"ListItem\",\"position\":1,\"name\":\"Inicio\",\"item\":\"https:\/\/masquenoticias.mx\/\"},{\"@type\":\"ListItem\",\"position\":2,\"name\":\"Diez pa\u00edses confirmados para el Manzanillo Tour Continental de Voleibol de Playa 2025\"}]},{\"@type\":\"WebSite\",\"@id\":\"https:\/\/masquenoticias.mx\/#website\",\"url\":\"https:\/\/masquenoticias.mx\/\",\"name\":\"M\u00e1s Que Noticias\",\"description\":\"Noticias de Colima, M\u00e9xico y el Mundo\",\"publisher\":{\"@id\":\"https:\/\/masquenoticias.mx\/#organization\"},\"potentialAction\":[{\"@type\":\"SearchAction\",\"target\":{\"@type\":\"EntryPoint\",\"urlTemplate\":\"https:\/\/masquenoticias.mx\/?s={search_term_string}\"},\"query-input\":{\"@type\":\"PropertyValueSpecification\",\"valueRequired\":true,\"valueName\":\"search_term_string\"}}],\"inLanguage\":\"es\"},{\"@type\":\"Organization\",\"@id\":\"https:\/\/masquenoticias.mx\/#organization\",\"name\":\"M\u00e1s Que Noticias\",\"url\":\"https:\/\/masquenoticias.mx\/\",\"logo\":{\"@type\":\"ImageObject\",\"inLanguage\":\"es\",\"@id\":\"https:\/\/masquenoticias.mx\/#\/schema\/logo\/image\/\",\"url\":\"https:\/\/i0.wp.com\/masquenoticias.mx\/wp-content\/uploads\/2024\/04\/IMG_0004.png?fit=2560%2C1656&ssl=1\",\"contentUrl\":\"https:\/\/i0.wp.com\/masquenoticias.mx\/wp-content\/uploads\/2024\/04\/IMG_0004.png?fit=2560%2C1656&ssl=1\",\"width\":2560,\"height\":1656,\"caption\":\"M\u00e1s Que Noticias\"},\"image\":{\"@id\":\"https:\/\/masquenoticias.mx\/#\/schema\/logo\/image\/\"},\"sameAs\":[\"https:\/\/www.facebook.com\/masquenoticiascolima\",\"https:\/\/x.com\/edgartove\",\"https:\/\/www.instagram.com\/masquenoticiascolima\/\"]},{\"@type\":\"Person\",\"@id\":\"https:\/\/masquenoticias.mx\/#\/schema\/person\/544d19989ef23d34615f691f7a96e622\",\"name\":\"Redacci\u00f3n\",\"image\":{\"@type\":\"ImageObject\",\"inLanguage\":\"es\",\"@id\":\"https:\/\/masquenoticias.mx\/#\/schema\/person\/image\/\",\"url\":\"https:\/\/secure.gravatar.com\/avatar\/7fcc926d5b058d3f3d52d95b4d05dd58?s=96&d=mm&r=g\",\"contentUrl\":\"https:\/\/secure.gravatar.com\/avatar\/7fcc926d5b058d3f3d52d95b4d05dd58?s=96&d=mm&r=g\",\"caption\":\"Redacci\u00f3n\"},\"sameAs\":[\"http:\/\/masquenoticias.mx\"],\"url\":\"https:\/\/masquenoticias.mx\/index.php\/author\/edgartovegmail-com\/\"}]}<\/script>\n<!-- \/ Yoast SEO plugin. -->","yoast_head_json":{"title":"Diez pa\u00edses confirmados para el Manzanillo Tour Continental de Voleibol de Playa 2025 - M\u00e1s Que Noticias","robots":{"index":"index","follow":"follow","max-snippet":"max-snippet:-1","max-image-preview":"max-image-preview:large","max-video-preview":"max-video-preview:-1"},"canonical":"https:\/\/masquenoticias.mx\/index.php\/2025\/08\/22\/diez-paises-confirmados-para-el-manzanillo-tour-continental-de-voleibol-de-playa-2025\/","og_locale":"es_MX","og_type":"article","og_title":"Diez pa\u00edses confirmados para el Manzanillo Tour Continental de Voleibol de Playa 2025 - M\u00e1s Que Noticias","og_description":"Manzanillo se prepara para recibir, del 29 al 31 de agosto, a las mejores duplas de voleibol de playa de Norteam\u00e9rica, Centroam\u00e9rica y el Caribe en el Norceca Beach Volleyball Continental Tour Manzanillo 2025, que tendr\u00e1 lugar en la Playa Azul, a un costado de la Plaza Punto Bah\u00eda. Esta justa internacional reunir\u00e1 a atletas [&hellip;]","og_url":"https:\/\/masquenoticias.mx\/index.php\/2025\/08\/22\/diez-paises-confirmados-para-el-manzanillo-tour-continental-de-voleibol-de-playa-2025\/","og_site_name":"M\u00e1s Que Noticias","article_publisher":"https:\/\/www.facebook.com\/masquenoticiascolima","article_published_time":"2025-08-22T22:37:46+00:00","og_image":[{"width":914,"height":731,"url":"https:\/\/masquenoticias.mx\/wp-content\/uploads\/2025\/08\/WhatsApp-Image-2025-08-22-at-2.47.32-PM.jpeg","type":"image\/jpeg"}],"author":"Redacci\u00f3n","twitter_card":"summary_large_image","twitter_creator":"@edgartove","twitter_site":"@edgartove","twitter_misc":{"Escrito por":"Redacci\u00f3n","Tiempo de lectura":"2 minutos"},"schema":{"@context":"https:\/\/schema.org","@graph":[{"@type":"Article","@id":"https:\/\/masquenoticias.mx\/index.php\/2025\/08\/22\/diez-paises-confirmados-para-el-manzanillo-tour-continental-de-voleibol-de-playa-2025\/#article","isPartOf":{"@id":"https:\/\/masquenoticias.mx\/index.php\/2025\/08\/22\/diez-paises-confirmados-para-el-manzanillo-tour-continental-de-voleibol-de-playa-2025\/"},"author":{"name":"Redacci\u00f3n","@id":"https:\/\/masquenoticias.mx\/#\/schema\/person\/544d19989ef23d34615f691f7a96e622"},"headline":"Diez pa\u00edses confirmados para el Manzanillo Tour Continental de Voleibol de Playa 2025","datePublished":"2025-08-22T22:37:46+00:00","mainEntityOfPage":{"@id":"https:\/\/masquenoticias.mx\/index.php\/2025\/08\/22\/diez-paises-confirmados-para-el-manzanillo-tour-continental-de-voleibol-de-playa-2025\/"},"wordCount":325,"commentCount":0,"publisher":{"@id":"https:\/\/masquenoticias.mx\/#organization"},"image":{"@id":"https:\/\/masquenoticias.mx\/index.php\/2025\/08\/22\/diez-paises-confirmados-para-el-manzanillo-tour-continental-de-voleibol-de-playa-2025\/#primaryimage"},"thumbnailUrl":"https:\/\/i0.wp.com\/masquenoticias.mx\/wp-content\/uploads\/2025\/08\/WhatsApp-Image-2025-08-22-at-2.47.32-PM.jpeg?fit=914%2C731&ssl=1","keywords":["Manzanillo"],"articleSection":["Municipios"],"inLanguage":"es","potentialAction":[{"@type":"CommentAction","name":"Comment","target":["https:\/\/masquenoticias.mx\/index.php\/2025\/08\/22\/diez-paises-confirmados-para-el-manzanillo-tour-continental-de-voleibol-de-playa-2025\/#respond"]}]},{"@type":"WebPage","@id":"https:\/\/masquenoticias.mx\/index.php\/2025\/08\/22\/diez-paises-confirmados-para-el-manzanillo-tour-continental-de-voleibol-de-playa-2025\/","url":"https:\/\/masquenoticias.mx\/index.php\/2025\/08\/22\/diez-paises-confirmados-para-el-manzanillo-tour-continental-de-voleibol-de-playa-2025\/","name":"Diez pa\u00edses confirmados para el Manzanillo Tour Continental de Voleibol de Playa 2025 - M\u00e1s Que Noticias","isPartOf":{"@id":"https:\/\/masquenoticias.mx\/#website"},"primaryImageOfPage":{"@id":"https:\/\/masquenoticias.mx\/index.php\/2025\/08\/22\/diez-paises-confirmados-para-el-manzanillo-tour-continental-de-voleibol-de-playa-2025\/#primaryimage"},"image":{"@id":"https:\/\/masquenoticias.mx\/index.php\/2025\/08\/22\/diez-paises-confirmados-para-el-manzanillo-tour-continental-de-voleibol-de-playa-2025\/#primaryimage"},"thumbnailUrl":"https:\/\/i0.wp.com\/masquenoticias.mx\/wp-content\/uploads\/2025\/08\/WhatsApp-Image-2025-08-22-at-2.47.32-PM.jpeg?fit=914%2C731&ssl=1","datePublished":"2025-08-22T22:37:46+00:00","breadcrumb":{"@id":"https:\/\/masquenoticias.mx\/index.php\/2025\/08\/22\/diez-paises-confirmados-para-el-manzanillo-tour-continental-de-voleibol-de-playa-2025\/#breadcrumb"},"inLanguage":"es","potentialAction":[{"@type":"ReadAction","target":["https:\/\/masquenoticias.mx\/index.php\/2025\/08\/22\/diez-paises-confirmados-para-el-manzanillo-tour-continental-de-voleibol-de-playa-2025\/"]}]},{"@type":"ImageObject","inLanguage":"es","@id":"https:\/\/masquenoticias.mx\/index.php\/2025\/08\/22\/diez-paises-confirmados-para-el-manzanillo-tour-continental-de-voleibol-de-playa-2025\/#primaryimage","url":"https:\/\/i0.wp.com\/masquenoticias.mx\/wp-content\/uploads\/2025\/08\/WhatsApp-Image-2025-08-22-at-2.47.32-PM.jpeg?fit=914%2C731&ssl=1","contentUrl":"https:\/\/i0.wp.com\/masquenoticias.mx\/wp-content\/uploads\/2025\/08\/WhatsApp-Image-2025-08-22-at-2.47.32-PM.jpeg?fit=914%2C731&ssl=1","width":914,"height":731},{"@type":"BreadcrumbList","@id":"https:\/\/masquenoticias.mx\/index.php\/2025\/08\/22\/diez-paises-confirmados-para-el-manzanillo-tour-continental-de-voleibol-de-playa-2025\/#breadcrumb","itemListElement":[{"@type":"ListItem","position":1,"name":"Inicio","item":"https:\/\/masquenoticias.mx\/"},{"@type":"ListItem","position":2,"name":"Diez pa\u00edses confirmados para el Manzanillo Tour Continental de Voleibol de Playa 2025"}]},{"@type":"WebSite","@id":"https:\/\/masquenoticias.mx\/#website","url":"https:\/\/masquenoticias.mx\/","name":"M\u00e1s Que Noticias","description":"Noticias de Colima, M\u00e9xico y el Mundo","publisher":{"@id":"https:\/\/masquenoticias.mx\/#organization"},"potentialAction":[{"@type":"SearchAction","target":{"@type":"EntryPoint","urlTemplate":"https:\/\/masquenoticias.mx\/?s={search_term_string}"},"query-input":{"@type":"PropertyValueSpecification","valueRequired":true,"valueName":"search_term_string"}}],"inLanguage":"es"},{"@type":"Organization","@id":"https:\/\/masquenoticias.mx\/#organization","name":"M\u00e1s Que Noticias","url":"https:\/\/masquenoticias.mx\/","logo":{"@type":"ImageObject","inLanguage":"es","@id":"https:\/\/masquenoticias.mx\/#\/schema\/logo\/image\/","url":"https:\/\/i0.wp.com\/masquenoticias.mx\/wp-content\/uploads\/2024\/04\/IMG_0004.png?fit=2560%2C1656&ssl=1","contentUrl":"https:\/\/i0.wp.com\/masquenoticias.mx\/wp-content\/uploads\/2024\/04\/IMG_0004.png?fit=2560%2C1656&ssl=1","width":2560,"height":1656,"caption":"M\u00e1s Que Noticias"},"image":{"@id":"https:\/\/masquenoticias.mx\/#\/schema\/logo\/image\/"},"sameAs":["https:\/\/www.facebook.com\/masquenoticiascolima","https:\/\/x.com\/edgartove","https:\/\/www.instagram.com\/masquenoticiascolima\/"]},{"@type":"Person","@id":"https:\/\/masquenoticias.mx\/#\/schema\/person\/544d19989ef23d34615f691f7a96e622","name":"Redacci\u00f3n","image":{"@type":"ImageObject","inLanguage":"es","@id":"https:\/\/masquenoticias.mx\/#\/schema\/person\/image\/","url":"https:\/\/secure.gravatar.com\/avatar\/7fcc926d5b058d3f3d52d95b4d05dd58?s=96&d=mm&r=g","contentUrl":"https:\/\/secure.gravatar.com\/avatar\/7fcc926d5b058d3f3d52d95b4d05dd58?s=96&d=mm&r=g","caption":"Redacci\u00f3n"},"sameAs":["http:\/\/masquenoticias.mx"],"url":"https:\/\/masquenoticias.mx\/index.php\/author\/edgartovegmail-com\/"}]}},"jetpack_featured_media_url":"https:\/\/i0.wp.com\/masquenoticias.mx\/wp-content\/uploads\/2025\/08\/WhatsApp-Image-2025-08-22-at-2.47.32-PM.jpeg?fit=914%2C731&ssl=1","blog_post_layout_featured_media_urls":{"thumbnail":["https:\/\/i0.wp.com\/masquenoticias.mx\/wp-content\/uploads\/2025\/08\/WhatsApp-Image-2025-08-22-at-2.47.32-PM.jpeg?resize=150%2C150&ssl=1",150,150,true],"full":["https:\/\/i0.wp.com\/masquenoticias.mx\/wp-content\/uploads\/2025\/08\/WhatsApp-Image-2025-08-22-at-2.47.32-PM.jpeg?fit=914%2C731&ssl=1",914,731,false]},"categories_names":{"28":{"name":"Municipios","link":"https:\/\/masquenoticias.mx\/index.php\/category\/municipios\/"}},"tags_names":{"37":{"name":"Manzanillo","link":"https:\/\/masquenoticias.mx\/index.php\/tag\/manzanillo\/"}},"comments_number":"0","wpmagazine_modules_lite_featured_media_urls":{"thumbnail":["https:\/\/i0.wp.com\/masquenoticias.mx\/wp-content\/uploads\/2025\/08\/WhatsApp-Image-2025-08-22-at-2.47.32-PM.jpeg?resize=150%2C150&ssl=1",150,150,true],"cvmm-medium":["https:\/\/i0.wp.com\/masquenoticias.mx\/wp-content\/uploads\/2025\/08\/WhatsApp-Image-2025-08-22-at-2.47.32-PM.jpeg?resize=300%2C300&ssl=1",300,300,true],"cvmm-medium-plus":["https:\/\/i0.wp.com\/masquenoticias.mx\/wp-content\/uploads\/2025\/08\/WhatsApp-Image-2025-08-22-at-2.47.32-PM.jpeg?resize=305%2C207&ssl=1",305,207,true],"cvmm-portrait":["https:\/\/i0.wp.com\/masquenoticias.mx\/wp-content\/uploads\/2025\/08\/WhatsApp-Image-2025-08-22-at-2.47.32-PM.jpeg?resize=400%2C600&ssl=1",400,600,true],"cvmm-medium-square":["https:\/\/i0.wp.com\/masquenoticias.mx\/wp-content\/uploads\/2025\/08\/WhatsApp-Image-2025-08-22-at-2.47.32-PM.jpeg?resize=600%2C600&ssl=1",600,600,true],"cvmm-large":["https:\/\/i0.wp.com\/masquenoticias.mx\/wp-content\/uploads\/2025\/08\/WhatsApp-Image-2025-08-22-at-2.47.32-PM.jpeg?resize=914%2C731&ssl=1",914,731,true],"cvmm-small":["https:\/\/i0.wp.com\/masquenoticias.mx\/wp-content\/uploads\/2025\/08\/WhatsApp-Image-2025-08-22-at-2.47.32-PM.jpeg?resize=130%2C95&ssl=1",130,95,true],"full":["https:\/\/i0.wp.com\/masquenoticias.mx\/wp-content\/uploads\/2025\/08\/WhatsApp-Image-2025-08-22-at-2.47.32-PM.jpeg?fit=914%2C731&ssl=1",914,731,false]},"jetpack-related-posts":[],"jetpack_sharing_enabled":true,"jetpack_likes_enabled":true,"jetpack_shortlink":"https:\/\/wp.me\/pf7pkt-4K9","_links":{"self":[{"href":"https:\/\/masquenoticias.mx\/index.php\/wp-json\/wp\/v2\/posts\/18237","targetHints":{"allow":["GET"]}}],"collection":[{"href":"https:\/\/masquenoticias.mx\/index.php\/wp-json\/wp\/v2\/posts"}],"about":[{"href":"https:\/\/masquenoticias.mx\/index.php\/wp-json\/wp\/v2\/types\/post"}],"author":[{"embeddable":true,"href":"https:\/\/masquenoticias.mx\/index.php\/wp-json\/wp\/v2\/users\/1"}],"replies":[{"embeddable":true,"href":"https:\/\/masquenoticias.mx\/index.php\/wp-json\/wp\/v2\/comments?post=18237"}],"version-history":[{"count":1,"href":"https:\/\/masquenoticias.mx\/index.php\/wp-json\/wp\/v2\/posts\/18237\/revisions"}],"predecessor-version":[{"id":18239,"href":"https:\/\/masquenoticias.mx\/index.php\/wp-json\/wp\/v2\/posts\/18237\/revisions\/18239"}],"wp:featuredmedia":[{"embeddable":true,"href":"https:\/\/masquenoticias.mx\/index.php\/wp-json\/wp\/v2\/media\/18238"}],"wp:attachment":[{"href":"https:\/\/masquenoticias.mx\/index.php\/wp-json\/wp\/v2\/media?parent=18237"}],"wp:term":[{"taxonomy":"category","embeddable":true,"href":"https:\/\/masquenoticias.mx\/index.php\/wp-json\/wp\/v2\/categories?post=18237"},{"taxonomy":"post_tag","embeddable":true,"href":"https:\/\/masquenoticias.mx\/index.php\/wp-json\/wp\/v2\/tags?post=18237"}],"curies":[{"name":"wp","href":"https:\/\/api.w.org\/{rel}","templated":true}]}}