{"id":18234,"date":"2025-08-22T16:36:10","date_gmt":"2025-08-22T22:36:10","guid":{"rendered":"https:\/\/masquenoticias.mx\/?p=18234"},"modified":"2025-08-22T16:36:10","modified_gmt":"2025-08-22T22:36:10","slug":"ieea-y-utem-hacen-sinergia-universitarios-impulsaran-alfabetizacion-y-combatiran-rezago-educativo-en-colima","status":"publish","type":"post","link":"https:\/\/masquenoticias.mx\/index.php\/2025\/08\/22\/ieea-y-utem-hacen-sinergia-universitarios-impulsaran-alfabetizacion-y-combatiran-rezago-educativo-en-colima\/","title":{"rendered":"IEEA y UTEM hacen sinergia; universitarios impulsar\u00e1n alfabetizaci\u00f3n y combatir\u00e1n rezago educativo en Colima"},"content":{"rendered":"<p>Con el objetivo de ampliar las oportunidades educativas para j\u00f3venes y personas adultas en situaci\u00f3n de rezago, el Instituto Estatal de Educaci\u00f3n para Adultos (IEEA) del Gobierno del Estado de Colima y la Universidad Tecnol\u00f3gica de Manzanillo (UTeM) firmaron este viernes un convenio de colaboraci\u00f3n, que permitir\u00e1 a la comunidad universitaria participar activamente en procesos de alfabetizaci\u00f3n y en la conclusi\u00f3n de estudios b\u00e1sicos.<\/p>\n<p>El acuerdo fue suscrito por el director general del IEEA, Guillermo Toscano Reyes, y el rector de la UTeM, Guillermo Torres L\u00f3pez, fortaleciendo as\u00ed el Programa Nacional de Alfabetizaci\u00f3n para el Bienestar Compartido. Con esta alianza, estudiantes de la UTeM realizar\u00e1n su estad\u00eda profesional con sentido de impacto social, contribuyendo al desarrollo educativo y comunitario de nuestra entidad.<\/p>\n<p>Este convenio reafirma el compromiso de la gobernadora Indira Vizca\u00edno Silva con la formaci\u00f3n integral de la juventud colimense y la responsabilidad social universitaria y abre una nueva etapa de cooperaci\u00f3n entre la universidad y la educaci\u00f3n para adultos, generando un impacto directo en la construcci\u00f3n de un estado m\u00e1s justo, preparado y con bienestar compartido.<\/p>\n","protected":false},"excerpt":{"rendered":"<p>Con el objetivo de ampliar las oportunidades educativas para j\u00f3venes y personas adultas en situaci\u00f3n de rezago, el Instituto Estatal de Educaci\u00f3n para Adultos (IEEA) del Gobierno del Estado de Colima y la Universidad Tecnol\u00f3gica de Manzanillo (UTeM) firmaron este viernes un convenio de colaboraci\u00f3n, que permitir\u00e1 a la comunidad universitaria participar activamente en procesos [&hellip;]<\/p>\n","protected":false},"author":1,"featured_media":18235,"comment_status":"open","ping_status":"open","sticky":false,"template":"","format":"standard","meta":{"_jetpack_memberships_contains_paid_content":false,"footnotes":""},"categories":[24],"tags":[246,93],"class_list":["post-18234","post","type-post","status-publish","format-standard","has-post-thumbnail","hentry","category-estado","tag-ieea","tag-utem"],"yoast_head":"<!-- This site is optimized with the Yoast SEO plugin v26.6 - https:\/\/yoast.com\/wordpress\/plugins\/seo\/ -->\n<title>IEEA y UTEM hacen sinergia; universitarios impulsar\u00e1n alfabetizaci\u00f3n y combatir\u00e1n rezago educativo en Colima - M\u00e1s Que Noticias<\/title>\n<meta name=\"robots\" content=\"index, follow, max-snippet:-1, max-image-preview:large, max-video-preview:-1\" \/>\n<link rel=\"canonical\" href=\"https:\/\/masquenoticias.mx\/index.php\/2025\/08\/22\/ieea-y-utem-hacen-sinergia-universitarios-impulsaran-alfabetizacion-y-combatiran-rezago-educativo-en-colima\/\" \/>\n<meta property=\"og:locale\" content=\"es_MX\" \/>\n<meta property=\"og:type\" content=\"article\" \/>\n<meta property=\"og:title\" content=\"IEEA y UTEM hacen sinergia; universitarios impulsar\u00e1n alfabetizaci\u00f3n y combatir\u00e1n rezago educativo en Colima - M\u00e1s Que Noticias\" \/>\n<meta property=\"og:description\" content=\"Con el objetivo de ampliar las oportunidades educativas para j\u00f3venes y personas adultas en situaci\u00f3n de rezago, el Instituto Estatal de Educaci\u00f3n para Adultos (IEEA) del Gobierno del Estado de Colima y la Universidad Tecnol\u00f3gica de Manzanillo (UTeM) firmaron este viernes un convenio de colaboraci\u00f3n, que permitir\u00e1 a la comunidad universitaria participar activamente en procesos [&hellip;]\" \/>\n<meta property=\"og:url\" content=\"https:\/\/masquenoticias.mx\/index.php\/2025\/08\/22\/ieea-y-utem-hacen-sinergia-universitarios-impulsaran-alfabetizacion-y-combatiran-rezago-educativo-en-colima\/\" \/>\n<meta property=\"og:site_name\" content=\"M\u00e1s Que Noticias\" \/>\n<meta property=\"article:publisher\" content=\"https:\/\/www.facebook.com\/masquenoticiascolima\" \/>\n<meta property=\"article:published_time\" content=\"2025-08-22T22:36:10+00:00\" \/>\n<meta property=\"og:image\" content=\"https:\/\/masquenoticias.mx\/wp-content\/uploads\/2025\/08\/WhatsApp-Image-2025-08-22-at-2.22.07-PM.jpeg\" \/>\n\t<meta property=\"og:image:width\" content=\"1280\" \/>\n\t<meta property=\"og:image:height\" content=\"960\" \/>\n\t<meta property=\"og:image:type\" content=\"image\/jpeg\" \/>\n<meta name=\"author\" content=\"Redacci\u00f3n\" \/>\n<meta name=\"twitter:card\" content=\"summary_large_image\" \/>\n<meta name=\"twitter:creator\" content=\"@edgartove\" \/>\n<meta name=\"twitter:site\" content=\"@edgartove\" \/>\n<meta name=\"twitter:label1\" content=\"Escrito por\" \/>\n\t<meta name=\"twitter:data1\" content=\"Redacci\u00f3n\" \/>\n\t<meta name=\"twitter:label2\" content=\"Tiempo de lectura\" \/>\n\t<meta name=\"twitter:data2\" content=\"2 minutos\" \/>\n<script type=\"application\/ld+json\" class=\"yoast-schema-graph\">{\"@context\":\"https:\/\/schema.org\",\"@graph\":[{\"@type\":\"Article\",\"@id\":\"https:\/\/masquenoticias.mx\/index.php\/2025\/08\/22\/ieea-y-utem-hacen-sinergia-universitarios-impulsaran-alfabetizacion-y-combatiran-rezago-educativo-en-colima\/#article\",\"isPartOf\":{\"@id\":\"https:\/\/masquenoticias.mx\/index.php\/2025\/08\/22\/ieea-y-utem-hacen-sinergia-universitarios-impulsaran-alfabetizacion-y-combatiran-rezago-educativo-en-colima\/\"},\"author\":{\"name\":\"Redacci\u00f3n\",\"@id\":\"https:\/\/masquenoticias.mx\/#\/schema\/person\/544d19989ef23d34615f691f7a96e622\"},\"headline\":\"IEEA y UTEM hacen sinergia; universitarios impulsar\u00e1n alfabetizaci\u00f3n y combatir\u00e1n rezago educativo en Colima\",\"datePublished\":\"2025-08-22T22:36:10+00:00\",\"mainEntityOfPage\":{\"@id\":\"https:\/\/masquenoticias.mx\/index.php\/2025\/08\/22\/ieea-y-utem-hacen-sinergia-universitarios-impulsaran-alfabetizacion-y-combatiran-rezago-educativo-en-colima\/\"},\"wordCount\":213,\"commentCount\":0,\"publisher\":{\"@id\":\"https:\/\/masquenoticias.mx\/#organization\"},\"image\":{\"@id\":\"https:\/\/masquenoticias.mx\/index.php\/2025\/08\/22\/ieea-y-utem-hacen-sinergia-universitarios-impulsaran-alfabetizacion-y-combatiran-rezago-educativo-en-colima\/#primaryimage\"},\"thumbnailUrl\":\"https:\/\/i0.wp.com\/masquenoticias.mx\/wp-content\/uploads\/2025\/08\/WhatsApp-Image-2025-08-22-at-2.22.07-PM.jpeg?fit=1280%2C960&ssl=1\",\"keywords\":[\"IEEA\",\"UTeM\"],\"articleSection\":[\"Estado\"],\"inLanguage\":\"es\",\"potentialAction\":[{\"@type\":\"CommentAction\",\"name\":\"Comment\",\"target\":[\"https:\/\/masquenoticias.mx\/index.php\/2025\/08\/22\/ieea-y-utem-hacen-sinergia-universitarios-impulsaran-alfabetizacion-y-combatiran-rezago-educativo-en-colima\/#respond\"]}]},{\"@type\":\"WebPage\",\"@id\":\"https:\/\/masquenoticias.mx\/index.php\/2025\/08\/22\/ieea-y-utem-hacen-sinergia-universitarios-impulsaran-alfabetizacion-y-combatiran-rezago-educativo-en-colima\/\",\"url\":\"https:\/\/masquenoticias.mx\/index.php\/2025\/08\/22\/ieea-y-utem-hacen-sinergia-universitarios-impulsaran-alfabetizacion-y-combatiran-rezago-educativo-en-colima\/\",\"name\":\"IEEA y UTEM hacen sinergia; universitarios impulsar\u00e1n alfabetizaci\u00f3n y combatir\u00e1n rezago educativo en Colima - M\u00e1s Que Noticias\",\"isPartOf\":{\"@id\":\"https:\/\/masquenoticias.mx\/#website\"},\"primaryImageOfPage\":{\"@id\":\"https:\/\/masquenoticias.mx\/index.php\/2025\/08\/22\/ieea-y-utem-hacen-sinergia-universitarios-impulsaran-alfabetizacion-y-combatiran-rezago-educativo-en-colima\/#primaryimage\"},\"image\":{\"@id\":\"https:\/\/masquenoticias.mx\/index.php\/2025\/08\/22\/ieea-y-utem-hacen-sinergia-universitarios-impulsaran-alfabetizacion-y-combatiran-rezago-educativo-en-colima\/#primaryimage\"},\"thumbnailUrl\":\"https:\/\/i0.wp.com\/masquenoticias.mx\/wp-content\/uploads\/2025\/08\/WhatsApp-Image-2025-08-22-at-2.22.07-PM.jpeg?fit=1280%2C960&ssl=1\",\"datePublished\":\"2025-08-22T22:36:10+00:00\",\"breadcrumb\":{\"@id\":\"https:\/\/masquenoticias.mx\/index.php\/2025\/08\/22\/ieea-y-utem-hacen-sinergia-universitarios-impulsaran-alfabetizacion-y-combatiran-rezago-educativo-en-colima\/#breadcrumb\"},\"inLanguage\":\"es\",\"potentialAction\":[{\"@type\":\"ReadAction\",\"target\":[\"https:\/\/masquenoticias.mx\/index.php\/2025\/08\/22\/ieea-y-utem-hacen-sinergia-universitarios-impulsaran-alfabetizacion-y-combatiran-rezago-educativo-en-colima\/\"]}]},{\"@type\":\"ImageObject\",\"inLanguage\":\"es\",\"@id\":\"https:\/\/masquenoticias.mx\/index.php\/2025\/08\/22\/ieea-y-utem-hacen-sinergia-universitarios-impulsaran-alfabetizacion-y-combatiran-rezago-educativo-en-colima\/#primaryimage\",\"url\":\"https:\/\/i0.wp.com\/masquenoticias.mx\/wp-content\/uploads\/2025\/08\/WhatsApp-Image-2025-08-22-at-2.22.07-PM.jpeg?fit=1280%2C960&ssl=1\",\"contentUrl\":\"https:\/\/i0.wp.com\/masquenoticias.mx\/wp-content\/uploads\/2025\/08\/WhatsApp-Image-2025-08-22-at-2.22.07-PM.jpeg?fit=1280%2C960&ssl=1\",\"width\":1280,\"height\":960},{\"@type\":\"BreadcrumbList\",\"@id\":\"https:\/\/masquenoticias.mx\/index.php\/2025\/08\/22\/ieea-y-utem-hacen-sinergia-universitarios-impulsaran-alfabetizacion-y-combatiran-rezago-educativo-en-colima\/#breadcrumb\",\"itemListElement\":[{\"@type\":\"ListItem\",\"position\":1,\"name\":\"Inicio\",\"item\":\"https:\/\/masquenoticias.mx\/\"},{\"@type\":\"ListItem\",\"position\":2,\"name\":\"IEEA y UTEM hacen sinergia; universitarios impulsar\u00e1n alfabetizaci\u00f3n y combatir\u00e1n rezago educativo en Colima\"}]},{\"@type\":\"WebSite\",\"@id\":\"https:\/\/masquenoticias.mx\/#website\",\"url\":\"https:\/\/masquenoticias.mx\/\",\"name\":\"M\u00e1s Que Noticias\",\"description\":\"Noticias de Colima, M\u00e9xico y el Mundo\",\"publisher\":{\"@id\":\"https:\/\/masquenoticias.mx\/#organization\"},\"potentialAction\":[{\"@type\":\"SearchAction\",\"target\":{\"@type\":\"EntryPoint\",\"urlTemplate\":\"https:\/\/masquenoticias.mx\/?s={search_term_string}\"},\"query-input\":{\"@type\":\"PropertyValueSpecification\",\"valueRequired\":true,\"valueName\":\"search_term_string\"}}],\"inLanguage\":\"es\"},{\"@type\":\"Organization\",\"@id\":\"https:\/\/masquenoticias.mx\/#organization\",\"name\":\"M\u00e1s Que Noticias\",\"url\":\"https:\/\/masquenoticias.mx\/\",\"logo\":{\"@type\":\"ImageObject\",\"inLanguage\":\"es\",\"@id\":\"https:\/\/masquenoticias.mx\/#\/schema\/logo\/image\/\",\"url\":\"https:\/\/i0.wp.com\/masquenoticias.mx\/wp-content\/uploads\/2024\/04\/IMG_0004.png?fit=2560%2C1656&ssl=1\",\"contentUrl\":\"https:\/\/i0.wp.com\/masquenoticias.mx\/wp-content\/uploads\/2024\/04\/IMG_0004.png?fit=2560%2C1656&ssl=1\",\"width\":2560,\"height\":1656,\"caption\":\"M\u00e1s Que Noticias\"},\"image\":{\"@id\":\"https:\/\/masquenoticias.mx\/#\/schema\/logo\/image\/\"},\"sameAs\":[\"https:\/\/www.facebook.com\/masquenoticiascolima\",\"https:\/\/x.com\/edgartove\",\"https:\/\/www.instagram.com\/masquenoticiascolima\/\"]},{\"@type\":\"Person\",\"@id\":\"https:\/\/masquenoticias.mx\/#\/schema\/person\/544d19989ef23d34615f691f7a96e622\",\"name\":\"Redacci\u00f3n\",\"image\":{\"@type\":\"ImageObject\",\"inLanguage\":\"es\",\"@id\":\"https:\/\/masquenoticias.mx\/#\/schema\/person\/image\/\",\"url\":\"https:\/\/secure.gravatar.com\/avatar\/7fcc926d5b058d3f3d52d95b4d05dd58?s=96&d=mm&r=g\",\"contentUrl\":\"https:\/\/secure.gravatar.com\/avatar\/7fcc926d5b058d3f3d52d95b4d05dd58?s=96&d=mm&r=g\",\"caption\":\"Redacci\u00f3n\"},\"sameAs\":[\"http:\/\/masquenoticias.mx\"],\"url\":\"https:\/\/masquenoticias.mx\/index.php\/author\/edgartovegmail-com\/\"}]}<\/script>\n<!-- \/ Yoast SEO plugin. -->","yoast_head_json":{"title":"IEEA y UTEM hacen sinergia; universitarios impulsar\u00e1n alfabetizaci\u00f3n y combatir\u00e1n rezago educativo en Colima - M\u00e1s Que Noticias","robots":{"index":"index","follow":"follow","max-snippet":"max-snippet:-1","max-image-preview":"max-image-preview:large","max-video-preview":"max-video-preview:-1"},"canonical":"https:\/\/masquenoticias.mx\/index.php\/2025\/08\/22\/ieea-y-utem-hacen-sinergia-universitarios-impulsaran-alfabetizacion-y-combatiran-rezago-educativo-en-colima\/","og_locale":"es_MX","og_type":"article","og_title":"IEEA y UTEM hacen sinergia; universitarios impulsar\u00e1n alfabetizaci\u00f3n y combatir\u00e1n rezago educativo en Colima - M\u00e1s Que Noticias","og_description":"Con el objetivo de ampliar las oportunidades educativas para j\u00f3venes y personas adultas en situaci\u00f3n de rezago, el Instituto Estatal de Educaci\u00f3n para Adultos (IEEA) del Gobierno del Estado de Colima y la Universidad Tecnol\u00f3gica de Manzanillo (UTeM) firmaron este viernes un convenio de colaboraci\u00f3n, que permitir\u00e1 a la comunidad universitaria participar activamente en procesos [&hellip;]","og_url":"https:\/\/masquenoticias.mx\/index.php\/2025\/08\/22\/ieea-y-utem-hacen-sinergia-universitarios-impulsaran-alfabetizacion-y-combatiran-rezago-educativo-en-colima\/","og_site_name":"M\u00e1s Que Noticias","article_publisher":"https:\/\/www.facebook.com\/masquenoticiascolima","article_published_time":"2025-08-22T22:36:10+00:00","og_image":[{"width":1280,"height":960,"url":"https:\/\/masquenoticias.mx\/wp-content\/uploads\/2025\/08\/WhatsApp-Image-2025-08-22-at-2.22.07-PM.jpeg","type":"image\/jpeg"}],"author":"Redacci\u00f3n","twitter_card":"summary_large_image","twitter_creator":"@edgartove","twitter_site":"@edgartove","twitter_misc":{"Escrito por":"Redacci\u00f3n","Tiempo de lectura":"2 minutos"},"schema":{"@context":"https:\/\/schema.org","@graph":[{"@type":"Article","@id":"https:\/\/masquenoticias.mx\/index.php\/2025\/08\/22\/ieea-y-utem-hacen-sinergia-universitarios-impulsaran-alfabetizacion-y-combatiran-rezago-educativo-en-colima\/#article","isPartOf":{"@id":"https:\/\/masquenoticias.mx\/index.php\/2025\/08\/22\/ieea-y-utem-hacen-sinergia-universitarios-impulsaran-alfabetizacion-y-combatiran-rezago-educativo-en-colima\/"},"author":{"name":"Redacci\u00f3n","@id":"https:\/\/masquenoticias.mx\/#\/schema\/person\/544d19989ef23d34615f691f7a96e622"},"headline":"IEEA y UTEM hacen sinergia; universitarios impulsar\u00e1n alfabetizaci\u00f3n y combatir\u00e1n rezago educativo en Colima","datePublished":"2025-08-22T22:36:10+00:00","mainEntityOfPage":{"@id":"https:\/\/masquenoticias.mx\/index.php\/2025\/08\/22\/ieea-y-utem-hacen-sinergia-universitarios-impulsaran-alfabetizacion-y-combatiran-rezago-educativo-en-colima\/"},"wordCount":213,"commentCount":0,"publisher":{"@id":"https:\/\/masquenoticias.mx\/#organization"},"image":{"@id":"https:\/\/masquenoticias.mx\/index.php\/2025\/08\/22\/ieea-y-utem-hacen-sinergia-universitarios-impulsaran-alfabetizacion-y-combatiran-rezago-educativo-en-colima\/#primaryimage"},"thumbnailUrl":"https:\/\/i0.wp.com\/masquenoticias.mx\/wp-content\/uploads\/2025\/08\/WhatsApp-Image-2025-08-22-at-2.22.07-PM.jpeg?fit=1280%2C960&ssl=1","keywords":["IEEA","UTeM"],"articleSection":["Estado"],"inLanguage":"es","potentialAction":[{"@type":"CommentAction","name":"Comment","target":["https:\/\/masquenoticias.mx\/index.php\/2025\/08\/22\/ieea-y-utem-hacen-sinergia-universitarios-impulsaran-alfabetizacion-y-combatiran-rezago-educativo-en-colima\/#respond"]}]},{"@type":"WebPage","@id":"https:\/\/masquenoticias.mx\/index.php\/2025\/08\/22\/ieea-y-utem-hacen-sinergia-universitarios-impulsaran-alfabetizacion-y-combatiran-rezago-educativo-en-colima\/","url":"https:\/\/masquenoticias.mx\/index.php\/2025\/08\/22\/ieea-y-utem-hacen-sinergia-universitarios-impulsaran-alfabetizacion-y-combatiran-rezago-educativo-en-colima\/","name":"IEEA y UTEM hacen sinergia; universitarios impulsar\u00e1n alfabetizaci\u00f3n y combatir\u00e1n rezago educativo en Colima - M\u00e1s Que Noticias","isPartOf":{"@id":"https:\/\/masquenoticias.mx\/#website"},"primaryImageOfPage":{"@id":"https:\/\/masquenoticias.mx\/index.php\/2025\/08\/22\/ieea-y-utem-hacen-sinergia-universitarios-impulsaran-alfabetizacion-y-combatiran-rezago-educativo-en-colima\/#primaryimage"},"image":{"@id":"https:\/\/masquenoticias.mx\/index.php\/2025\/08\/22\/ieea-y-utem-hacen-sinergia-universitarios-impulsaran-alfabetizacion-y-combatiran-rezago-educativo-en-colima\/#primaryimage"},"thumbnailUrl":"https:\/\/i0.wp.com\/masquenoticias.mx\/wp-content\/uploads\/2025\/08\/WhatsApp-Image-2025-08-22-at-2.22.07-PM.jpeg?fit=1280%2C960&ssl=1","datePublished":"2025-08-22T22:36:10+00:00","breadcrumb":{"@id":"https:\/\/masquenoticias.mx\/index.php\/2025\/08\/22\/ieea-y-utem-hacen-sinergia-universitarios-impulsaran-alfabetizacion-y-combatiran-rezago-educativo-en-colima\/#breadcrumb"},"inLanguage":"es","potentialAction":[{"@type":"ReadAction","target":["https:\/\/masquenoticias.mx\/index.php\/2025\/08\/22\/ieea-y-utem-hacen-sinergia-universitarios-impulsaran-alfabetizacion-y-combatiran-rezago-educativo-en-colima\/"]}]},{"@type":"ImageObject","inLanguage":"es","@id":"https:\/\/masquenoticias.mx\/index.php\/2025\/08\/22\/ieea-y-utem-hacen-sinergia-universitarios-impulsaran-alfabetizacion-y-combatiran-rezago-educativo-en-colima\/#primaryimage","url":"https:\/\/i0.wp.com\/masquenoticias.mx\/wp-content\/uploads\/2025\/08\/WhatsApp-Image-2025-08-22-at-2.22.07-PM.jpeg?fit=1280%2C960&ssl=1","contentUrl":"https:\/\/i0.wp.com\/masquenoticias.mx\/wp-content\/uploads\/2025\/08\/WhatsApp-Image-2025-08-22-at-2.22.07-PM.jpeg?fit=1280%2C960&ssl=1","width":1280,"height":960},{"@type":"BreadcrumbList","@id":"https:\/\/masquenoticias.mx\/index.php\/2025\/08\/22\/ieea-y-utem-hacen-sinergia-universitarios-impulsaran-alfabetizacion-y-combatiran-rezago-educativo-en-colima\/#breadcrumb","itemListElement":[{"@type":"ListItem","position":1,"name":"Inicio","item":"https:\/\/masquenoticias.mx\/"},{"@type":"ListItem","position":2,"name":"IEEA y UTEM hacen sinergia; universitarios impulsar\u00e1n alfabetizaci\u00f3n y combatir\u00e1n rezago educativo en Colima"}]},{"@type":"WebSite","@id":"https:\/\/masquenoticias.mx\/#website","url":"https:\/\/masquenoticias.mx\/","name":"M\u00e1s Que Noticias","description":"Noticias de Colima, M\u00e9xico y el Mundo","publisher":{"@id":"https:\/\/masquenoticias.mx\/#organization"},"potentialAction":[{"@type":"SearchAction","target":{"@type":"EntryPoint","urlTemplate":"https:\/\/masquenoticias.mx\/?s={search_term_string}"},"query-input":{"@type":"PropertyValueSpecification","valueRequired":true,"valueName":"search_term_string"}}],"inLanguage":"es"},{"@type":"Organization","@id":"https:\/\/masquenoticias.mx\/#organization","name":"M\u00e1s Que Noticias","url":"https:\/\/masquenoticias.mx\/","logo":{"@type":"ImageObject","inLanguage":"es","@id":"https:\/\/masquenoticias.mx\/#\/schema\/logo\/image\/","url":"https:\/\/i0.wp.com\/masquenoticias.mx\/wp-content\/uploads\/2024\/04\/IMG_0004.png?fit=2560%2C1656&ssl=1","contentUrl":"https:\/\/i0.wp.com\/masquenoticias.mx\/wp-content\/uploads\/2024\/04\/IMG_0004.png?fit=2560%2C1656&ssl=1","width":2560,"height":1656,"caption":"M\u00e1s Que Noticias"},"image":{"@id":"https:\/\/masquenoticias.mx\/#\/schema\/logo\/image\/"},"sameAs":["https:\/\/www.facebook.com\/masquenoticiascolima","https:\/\/x.com\/edgartove","https:\/\/www.instagram.com\/masquenoticiascolima\/"]},{"@type":"Person","@id":"https:\/\/masquenoticias.mx\/#\/schema\/person\/544d19989ef23d34615f691f7a96e622","name":"Redacci\u00f3n","image":{"@type":"ImageObject","inLanguage":"es","@id":"https:\/\/masquenoticias.mx\/#\/schema\/person\/image\/","url":"https:\/\/secure.gravatar.com\/avatar\/7fcc926d5b058d3f3d52d95b4d05dd58?s=96&d=mm&r=g","contentUrl":"https:\/\/secure.gravatar.com\/avatar\/7fcc926d5b058d3f3d52d95b4d05dd58?s=96&d=mm&r=g","caption":"Redacci\u00f3n"},"sameAs":["http:\/\/masquenoticias.mx"],"url":"https:\/\/masquenoticias.mx\/index.php\/author\/edgartovegmail-com\/"}]}},"jetpack_featured_media_url":"https:\/\/i0.wp.com\/masquenoticias.mx\/wp-content\/uploads\/2025\/08\/WhatsApp-Image-2025-08-22-at-2.22.07-PM.jpeg?fit=1280%2C960&ssl=1","blog_post_layout_featured_media_urls":{"thumbnail":["https:\/\/i0.wp.com\/masquenoticias.mx\/wp-content\/uploads\/2025\/08\/WhatsApp-Image-2025-08-22-at-2.22.07-PM.jpeg?resize=150%2C150&ssl=1",150,150,true],"full":["https:\/\/i0.wp.com\/masquenoticias.mx\/wp-content\/uploads\/2025\/08\/WhatsApp-Image-2025-08-22-at-2.22.07-PM.jpeg?fit=1280%2C960&ssl=1",1280,960,false]},"categories_names":{"24":{"name":"Estado","link":"https:\/\/masquenoticias.mx\/index.php\/category\/estado\/"}},"tags_names":{"246":{"name":"IEEA","link":"https:\/\/masquenoticias.mx\/index.php\/tag\/ieea\/"},"93":{"name":"UTeM","link":"https:\/\/masquenoticias.mx\/index.php\/tag\/utem\/"}},"comments_number":"0","wpmagazine_modules_lite_featured_media_urls":{"thumbnail":["https:\/\/i0.wp.com\/masquenoticias.mx\/wp-content\/uploads\/2025\/08\/WhatsApp-Image-2025-08-22-at-2.22.07-PM.jpeg?resize=150%2C150&ssl=1",150,150,true],"cvmm-medium":["https:\/\/i0.wp.com\/masquenoticias.mx\/wp-content\/uploads\/2025\/08\/WhatsApp-Image-2025-08-22-at-2.22.07-PM.jpeg?resize=300%2C300&ssl=1",300,300,true],"cvmm-medium-plus":["https:\/\/i0.wp.com\/masquenoticias.mx\/wp-content\/uploads\/2025\/08\/WhatsApp-Image-2025-08-22-at-2.22.07-PM.jpeg?resize=305%2C207&ssl=1",305,207,true],"cvmm-portrait":["https:\/\/i0.wp.com\/masquenoticias.mx\/wp-content\/uploads\/2025\/08\/WhatsApp-Image-2025-08-22-at-2.22.07-PM.jpeg?resize=400%2C600&ssl=1",400,600,true],"cvmm-medium-square":["https:\/\/i0.wp.com\/masquenoticias.mx\/wp-content\/uploads\/2025\/08\/WhatsApp-Image-2025-08-22-at-2.22.07-PM.jpeg?resize=600%2C600&ssl=1",600,600,true],"cvmm-large":["https:\/\/i0.wp.com\/masquenoticias.mx\/wp-content\/uploads\/2025\/08\/WhatsApp-Image-2025-08-22-at-2.22.07-PM.jpeg?resize=1024%2C960&ssl=1",1024,960,true],"cvmm-small":["https:\/\/i0.wp.com\/masquenoticias.mx\/wp-content\/uploads\/2025\/08\/WhatsApp-Image-2025-08-22-at-2.22.07-PM.jpeg?resize=130%2C95&ssl=1",130,95,true],"full":["https:\/\/i0.wp.com\/masquenoticias.mx\/wp-content\/uploads\/2025\/08\/WhatsApp-Image-2025-08-22-at-2.22.07-PM.jpeg?fit=1280%2C960&ssl=1",1280,960,false]},"jetpack-related-posts":[],"jetpack_sharing_enabled":true,"jetpack_likes_enabled":true,"jetpack_shortlink":"https:\/\/wp.me\/pf7pkt-4K6","_links":{"self":[{"href":"https:\/\/masquenoticias.mx\/index.php\/wp-json\/wp\/v2\/posts\/18234","targetHints":{"allow":["GET"]}}],"collection":[{"href":"https:\/\/masquenoticias.mx\/index.php\/wp-json\/wp\/v2\/posts"}],"about":[{"href":"https:\/\/masquenoticias.mx\/index.php\/wp-json\/wp\/v2\/types\/post"}],"author":[{"embeddable":true,"href":"https:\/\/masquenoticias.mx\/index.php\/wp-json\/wp\/v2\/users\/1"}],"replies":[{"embeddable":true,"href":"https:\/\/masquenoticias.mx\/index.php\/wp-json\/wp\/v2\/comments?post=18234"}],"version-history":[{"count":1,"href":"https:\/\/masquenoticias.mx\/index.php\/wp-json\/wp\/v2\/posts\/18234\/revisions"}],"predecessor-version":[{"id":18236,"href":"https:\/\/masquenoticias.mx\/index.php\/wp-json\/wp\/v2\/posts\/18234\/revisions\/18236"}],"wp:featuredmedia":[{"embeddable":true,"href":"https:\/\/masquenoticias.mx\/index.php\/wp-json\/wp\/v2\/media\/18235"}],"wp:attachment":[{"href":"https:\/\/masquenoticias.mx\/index.php\/wp-json\/wp\/v2\/media?parent=18234"}],"wp:term":[{"taxonomy":"category","embeddable":true,"href":"https:\/\/masquenoticias.mx\/index.php\/wp-json\/wp\/v2\/categories?post=18234"},{"taxonomy":"post_tag","embeddable":true,"href":"https:\/\/masquenoticias.mx\/index.php\/wp-json\/wp\/v2\/tags?post=18234"}],"curies":[{"name":"wp","href":"https:\/\/api.w.org\/{rel}","templated":true}]}}