{"id":17648,"date":"2025-07-22T13:17:56","date_gmt":"2025-07-22T19:17:56","guid":{"rendered":"https:\/\/masquenoticias.mx\/?p=17648"},"modified":"2025-07-22T13:17:56","modified_gmt":"2025-07-22T19:17:56","slug":"salud-colima-recuerda-medidas-de-prevencion-contra-el-covid-19","status":"publish","type":"post","link":"https:\/\/masquenoticias.mx\/index.php\/2025\/07\/22\/salud-colima-recuerda-medidas-de-prevencion-contra-el-covid-19\/","title":{"rendered":"Salud Colima recuerda medidas de prevenci\u00f3n contra el Covid-19"},"content":{"rendered":"<p>La Secretar\u00eda de Salud del Gobierno del Estado de Colima, record\u00f3 que las medidas de prevenci\u00f3n del Covid-19 siguen siendo lavarse las manos con frecuencia, evitar el contacto cercano con personas enfermas, cubrirse la boca y nariz al estornudar o toser, usar cubrebocas en caso de presentar s\u00edntomas y aplicarse la vacuna contra este padecimiento.<\/p>\n<p>La Subdirecci\u00f3n de Epidemiolog\u00eda indic\u00f3 que, seg\u00fan la Vigilancia Epidemiol\u00f3gica de Enfermedad Respiratoria Viral, al 7 de julio de este 2025, en Colima se han confirmado 41 casos de Covid-19 y cero defunciones por esta causa, mientras que a nivel nacional se han registrado 5 mil 320 casos y 141 fallecimientos.<\/p>\n<p>Asimismo, refiri\u00f3 que este a\u00f1o apareci\u00f3 la subvariante NB.1.8.1 del virus SARS-CoV-2 en varias partes del mundo, misma que los cient\u00edficos consideran deber\u00eda permanecer en el grupo objetivo de la vacuna de 2024-2025, que sigue siendo eficaz para prevenir la enfermedad grave.<\/p>\n<p>En este sentido, agreg\u00f3 que las personas adultas mayores con afecciones m\u00e9dicas subyacentes o que trabajan en entornos de alta exposici\u00f3n deber\u00edan recibir una dosis de refuerzo si han pasado m\u00e1s de seis meses desde su \u00faltima vacunaci\u00f3n o infecci\u00f3n. Y pueden acudir a solicitarla a la Jurisdicci\u00f3n Sanitaria No. 1, ubicada en Av. San Fernando, esquina con Ignacio Sandoval, colonia Lomas de Circunvalaci\u00f3n, en la capital del estado.<\/p>\n<p>Dijo que, si bien los s\u00edntomas de esta subvariante no se diferencian de otras variantes, como fiebre leve, fatiga, dolor de garganta, tos seca, p\u00e9rdida de olfato y gusto, s\u00ed se distingue por provocar diarrea, n\u00e1useas y estre\u00f1imiento con m\u00e1s frecuencia que otras variantes anteriores.<\/p>\n<p>Epidemiolog\u00eda puntualiz\u00f3 que la subvariante NB.1.8.1 ha sido designada bajo monitoreo del SARS-CoV-2, con una prevalencia creciente a nivel mundial, y considerando la evidencia disponible, el riesgo adicional para la salud p\u00fablica que representa se considera bajo.<\/p>\n","protected":false},"excerpt":{"rendered":"<p>La Secretar\u00eda de Salud del Gobierno del Estado de Colima, record\u00f3 que las medidas de prevenci\u00f3n del Covid-19 siguen siendo lavarse las manos con frecuencia, evitar el contacto cercano con personas enfermas, cubrirse la boca y nariz al estornudar o toser, usar cubrebocas en caso de presentar s\u00edntomas y aplicarse la vacuna contra este padecimiento. [&hellip;]<\/p>\n","protected":false},"author":1,"featured_media":17649,"comment_status":"open","ping_status":"open","sticky":false,"template":"","format":"standard","meta":{"_jetpack_memberships_contains_paid_content":false,"footnotes":""},"categories":[24],"tags":[63],"class_list":["post-17648","post","type-post","status-publish","format-standard","has-post-thumbnail","hentry","category-estado","tag-salud"],"yoast_head":"<!-- This site is optimized with the Yoast SEO plugin v26.6 - https:\/\/yoast.com\/wordpress\/plugins\/seo\/ -->\n<title>Salud Colima recuerda medidas de prevenci\u00f3n contra el Covid-19 - M\u00e1s Que Noticias<\/title>\n<meta name=\"robots\" content=\"index, follow, max-snippet:-1, max-image-preview:large, max-video-preview:-1\" \/>\n<link rel=\"canonical\" href=\"https:\/\/masquenoticias.mx\/index.php\/2025\/07\/22\/salud-colima-recuerda-medidas-de-prevencion-contra-el-covid-19\/\" \/>\n<meta property=\"og:locale\" content=\"es_MX\" \/>\n<meta property=\"og:type\" content=\"article\" \/>\n<meta property=\"og:title\" content=\"Salud Colima recuerda medidas de prevenci\u00f3n contra el Covid-19 - M\u00e1s Que Noticias\" \/>\n<meta property=\"og:description\" content=\"La Secretar\u00eda de Salud del Gobierno del Estado de Colima, record\u00f3 que las medidas de prevenci\u00f3n del Covid-19 siguen siendo lavarse las manos con frecuencia, evitar el contacto cercano con personas enfermas, cubrirse la boca y nariz al estornudar o toser, usar cubrebocas en caso de presentar s\u00edntomas y aplicarse la vacuna contra este padecimiento. [&hellip;]\" \/>\n<meta property=\"og:url\" content=\"https:\/\/masquenoticias.mx\/index.php\/2025\/07\/22\/salud-colima-recuerda-medidas-de-prevencion-contra-el-covid-19\/\" \/>\n<meta property=\"og:site_name\" content=\"M\u00e1s Que Noticias\" \/>\n<meta property=\"article:publisher\" content=\"https:\/\/www.facebook.com\/masquenoticiascolima\" \/>\n<meta property=\"article:published_time\" content=\"2025-07-22T19:17:56+00:00\" \/>\n<meta property=\"og:image\" content=\"https:\/\/masquenoticias.mx\/wp-content\/uploads\/2025\/07\/WhatsApp-Image-2025-07-22-at-11.01.03-AM.jpeg\" \/>\n\t<meta property=\"og:image:width\" content=\"1600\" \/>\n\t<meta property=\"og:image:height\" content=\"1066\" \/>\n\t<meta property=\"og:image:type\" content=\"image\/jpeg\" \/>\n<meta name=\"author\" content=\"Redacci\u00f3n\" \/>\n<meta name=\"twitter:card\" content=\"summary_large_image\" \/>\n<meta name=\"twitter:creator\" content=\"@edgartove\" \/>\n<meta name=\"twitter:site\" content=\"@edgartove\" \/>\n<meta name=\"twitter:label1\" content=\"Escrito por\" \/>\n\t<meta name=\"twitter:data1\" content=\"Redacci\u00f3n\" \/>\n\t<meta name=\"twitter:label2\" content=\"Tiempo de lectura\" \/>\n\t<meta name=\"twitter:data2\" content=\"2 minutos\" \/>\n<script type=\"application\/ld+json\" class=\"yoast-schema-graph\">{\"@context\":\"https:\/\/schema.org\",\"@graph\":[{\"@type\":\"Article\",\"@id\":\"https:\/\/masquenoticias.mx\/index.php\/2025\/07\/22\/salud-colima-recuerda-medidas-de-prevencion-contra-el-covid-19\/#article\",\"isPartOf\":{\"@id\":\"https:\/\/masquenoticias.mx\/index.php\/2025\/07\/22\/salud-colima-recuerda-medidas-de-prevencion-contra-el-covid-19\/\"},\"author\":{\"name\":\"Redacci\u00f3n\",\"@id\":\"https:\/\/masquenoticias.mx\/#\/schema\/person\/544d19989ef23d34615f691f7a96e622\"},\"headline\":\"Salud Colima recuerda medidas de prevenci\u00f3n contra el Covid-19\",\"datePublished\":\"2025-07-22T19:17:56+00:00\",\"mainEntityOfPage\":{\"@id\":\"https:\/\/masquenoticias.mx\/index.php\/2025\/07\/22\/salud-colima-recuerda-medidas-de-prevencion-contra-el-covid-19\/\"},\"wordCount\":327,\"commentCount\":0,\"publisher\":{\"@id\":\"https:\/\/masquenoticias.mx\/#organization\"},\"image\":{\"@id\":\"https:\/\/masquenoticias.mx\/index.php\/2025\/07\/22\/salud-colima-recuerda-medidas-de-prevencion-contra-el-covid-19\/#primaryimage\"},\"thumbnailUrl\":\"https:\/\/i0.wp.com\/masquenoticias.mx\/wp-content\/uploads\/2025\/07\/WhatsApp-Image-2025-07-22-at-11.01.03-AM.jpeg?fit=1600%2C1066&ssl=1\",\"keywords\":[\"Salud\"],\"articleSection\":[\"Estado\"],\"inLanguage\":\"es\",\"potentialAction\":[{\"@type\":\"CommentAction\",\"name\":\"Comment\",\"target\":[\"https:\/\/masquenoticias.mx\/index.php\/2025\/07\/22\/salud-colima-recuerda-medidas-de-prevencion-contra-el-covid-19\/#respond\"]}]},{\"@type\":\"WebPage\",\"@id\":\"https:\/\/masquenoticias.mx\/index.php\/2025\/07\/22\/salud-colima-recuerda-medidas-de-prevencion-contra-el-covid-19\/\",\"url\":\"https:\/\/masquenoticias.mx\/index.php\/2025\/07\/22\/salud-colima-recuerda-medidas-de-prevencion-contra-el-covid-19\/\",\"name\":\"Salud Colima recuerda medidas de prevenci\u00f3n contra el Covid-19 - M\u00e1s Que Noticias\",\"isPartOf\":{\"@id\":\"https:\/\/masquenoticias.mx\/#website\"},\"primaryImageOfPage\":{\"@id\":\"https:\/\/masquenoticias.mx\/index.php\/2025\/07\/22\/salud-colima-recuerda-medidas-de-prevencion-contra-el-covid-19\/#primaryimage\"},\"image\":{\"@id\":\"https:\/\/masquenoticias.mx\/index.php\/2025\/07\/22\/salud-colima-recuerda-medidas-de-prevencion-contra-el-covid-19\/#primaryimage\"},\"thumbnailUrl\":\"https:\/\/i0.wp.com\/masquenoticias.mx\/wp-content\/uploads\/2025\/07\/WhatsApp-Image-2025-07-22-at-11.01.03-AM.jpeg?fit=1600%2C1066&ssl=1\",\"datePublished\":\"2025-07-22T19:17:56+00:00\",\"breadcrumb\":{\"@id\":\"https:\/\/masquenoticias.mx\/index.php\/2025\/07\/22\/salud-colima-recuerda-medidas-de-prevencion-contra-el-covid-19\/#breadcrumb\"},\"inLanguage\":\"es\",\"potentialAction\":[{\"@type\":\"ReadAction\",\"target\":[\"https:\/\/masquenoticias.mx\/index.php\/2025\/07\/22\/salud-colima-recuerda-medidas-de-prevencion-contra-el-covid-19\/\"]}]},{\"@type\":\"ImageObject\",\"inLanguage\":\"es\",\"@id\":\"https:\/\/masquenoticias.mx\/index.php\/2025\/07\/22\/salud-colima-recuerda-medidas-de-prevencion-contra-el-covid-19\/#primaryimage\",\"url\":\"https:\/\/i0.wp.com\/masquenoticias.mx\/wp-content\/uploads\/2025\/07\/WhatsApp-Image-2025-07-22-at-11.01.03-AM.jpeg?fit=1600%2C1066&ssl=1\",\"contentUrl\":\"https:\/\/i0.wp.com\/masquenoticias.mx\/wp-content\/uploads\/2025\/07\/WhatsApp-Image-2025-07-22-at-11.01.03-AM.jpeg?fit=1600%2C1066&ssl=1\",\"width\":1600,\"height\":1066},{\"@type\":\"BreadcrumbList\",\"@id\":\"https:\/\/masquenoticias.mx\/index.php\/2025\/07\/22\/salud-colima-recuerda-medidas-de-prevencion-contra-el-covid-19\/#breadcrumb\",\"itemListElement\":[{\"@type\":\"ListItem\",\"position\":1,\"name\":\"Inicio\",\"item\":\"https:\/\/masquenoticias.mx\/\"},{\"@type\":\"ListItem\",\"position\":2,\"name\":\"Salud Colima recuerda medidas de prevenci\u00f3n contra el Covid-19\"}]},{\"@type\":\"WebSite\",\"@id\":\"https:\/\/masquenoticias.mx\/#website\",\"url\":\"https:\/\/masquenoticias.mx\/\",\"name\":\"M\u00e1s Que Noticias\",\"description\":\"Noticias de Colima, M\u00e9xico y el Mundo\",\"publisher\":{\"@id\":\"https:\/\/masquenoticias.mx\/#organization\"},\"potentialAction\":[{\"@type\":\"SearchAction\",\"target\":{\"@type\":\"EntryPoint\",\"urlTemplate\":\"https:\/\/masquenoticias.mx\/?s={search_term_string}\"},\"query-input\":{\"@type\":\"PropertyValueSpecification\",\"valueRequired\":true,\"valueName\":\"search_term_string\"}}],\"inLanguage\":\"es\"},{\"@type\":\"Organization\",\"@id\":\"https:\/\/masquenoticias.mx\/#organization\",\"name\":\"M\u00e1s Que Noticias\",\"url\":\"https:\/\/masquenoticias.mx\/\",\"logo\":{\"@type\":\"ImageObject\",\"inLanguage\":\"es\",\"@id\":\"https:\/\/masquenoticias.mx\/#\/schema\/logo\/image\/\",\"url\":\"https:\/\/i0.wp.com\/masquenoticias.mx\/wp-content\/uploads\/2024\/04\/IMG_0004.png?fit=2560%2C1656&ssl=1\",\"contentUrl\":\"https:\/\/i0.wp.com\/masquenoticias.mx\/wp-content\/uploads\/2024\/04\/IMG_0004.png?fit=2560%2C1656&ssl=1\",\"width\":2560,\"height\":1656,\"caption\":\"M\u00e1s Que Noticias\"},\"image\":{\"@id\":\"https:\/\/masquenoticias.mx\/#\/schema\/logo\/image\/\"},\"sameAs\":[\"https:\/\/www.facebook.com\/masquenoticiascolima\",\"https:\/\/x.com\/edgartove\",\"https:\/\/www.instagram.com\/masquenoticiascolima\/\"]},{\"@type\":\"Person\",\"@id\":\"https:\/\/masquenoticias.mx\/#\/schema\/person\/544d19989ef23d34615f691f7a96e622\",\"name\":\"Redacci\u00f3n\",\"image\":{\"@type\":\"ImageObject\",\"inLanguage\":\"es\",\"@id\":\"https:\/\/masquenoticias.mx\/#\/schema\/person\/image\/\",\"url\":\"https:\/\/secure.gravatar.com\/avatar\/7fcc926d5b058d3f3d52d95b4d05dd58?s=96&d=mm&r=g\",\"contentUrl\":\"https:\/\/secure.gravatar.com\/avatar\/7fcc926d5b058d3f3d52d95b4d05dd58?s=96&d=mm&r=g\",\"caption\":\"Redacci\u00f3n\"},\"sameAs\":[\"http:\/\/masquenoticias.mx\"],\"url\":\"https:\/\/masquenoticias.mx\/index.php\/author\/edgartovegmail-com\/\"}]}<\/script>\n<!-- \/ Yoast SEO plugin. -->","yoast_head_json":{"title":"Salud Colima recuerda medidas de prevenci\u00f3n contra el Covid-19 - M\u00e1s Que Noticias","robots":{"index":"index","follow":"follow","max-snippet":"max-snippet:-1","max-image-preview":"max-image-preview:large","max-video-preview":"max-video-preview:-1"},"canonical":"https:\/\/masquenoticias.mx\/index.php\/2025\/07\/22\/salud-colima-recuerda-medidas-de-prevencion-contra-el-covid-19\/","og_locale":"es_MX","og_type":"article","og_title":"Salud Colima recuerda medidas de prevenci\u00f3n contra el Covid-19 - M\u00e1s Que Noticias","og_description":"La Secretar\u00eda de Salud del Gobierno del Estado de Colima, record\u00f3 que las medidas de prevenci\u00f3n del Covid-19 siguen siendo lavarse las manos con frecuencia, evitar el contacto cercano con personas enfermas, cubrirse la boca y nariz al estornudar o toser, usar cubrebocas en caso de presentar s\u00edntomas y aplicarse la vacuna contra este padecimiento. [&hellip;]","og_url":"https:\/\/masquenoticias.mx\/index.php\/2025\/07\/22\/salud-colima-recuerda-medidas-de-prevencion-contra-el-covid-19\/","og_site_name":"M\u00e1s Que Noticias","article_publisher":"https:\/\/www.facebook.com\/masquenoticiascolima","article_published_time":"2025-07-22T19:17:56+00:00","og_image":[{"width":1600,"height":1066,"url":"https:\/\/masquenoticias.mx\/wp-content\/uploads\/2025\/07\/WhatsApp-Image-2025-07-22-at-11.01.03-AM.jpeg","type":"image\/jpeg"}],"author":"Redacci\u00f3n","twitter_card":"summary_large_image","twitter_creator":"@edgartove","twitter_site":"@edgartove","twitter_misc":{"Escrito por":"Redacci\u00f3n","Tiempo de lectura":"2 minutos"},"schema":{"@context":"https:\/\/schema.org","@graph":[{"@type":"Article","@id":"https:\/\/masquenoticias.mx\/index.php\/2025\/07\/22\/salud-colima-recuerda-medidas-de-prevencion-contra-el-covid-19\/#article","isPartOf":{"@id":"https:\/\/masquenoticias.mx\/index.php\/2025\/07\/22\/salud-colima-recuerda-medidas-de-prevencion-contra-el-covid-19\/"},"author":{"name":"Redacci\u00f3n","@id":"https:\/\/masquenoticias.mx\/#\/schema\/person\/544d19989ef23d34615f691f7a96e622"},"headline":"Salud Colima recuerda medidas de prevenci\u00f3n contra el Covid-19","datePublished":"2025-07-22T19:17:56+00:00","mainEntityOfPage":{"@id":"https:\/\/masquenoticias.mx\/index.php\/2025\/07\/22\/salud-colima-recuerda-medidas-de-prevencion-contra-el-covid-19\/"},"wordCount":327,"commentCount":0,"publisher":{"@id":"https:\/\/masquenoticias.mx\/#organization"},"image":{"@id":"https:\/\/masquenoticias.mx\/index.php\/2025\/07\/22\/salud-colima-recuerda-medidas-de-prevencion-contra-el-covid-19\/#primaryimage"},"thumbnailUrl":"https:\/\/i0.wp.com\/masquenoticias.mx\/wp-content\/uploads\/2025\/07\/WhatsApp-Image-2025-07-22-at-11.01.03-AM.jpeg?fit=1600%2C1066&ssl=1","keywords":["Salud"],"articleSection":["Estado"],"inLanguage":"es","potentialAction":[{"@type":"CommentAction","name":"Comment","target":["https:\/\/masquenoticias.mx\/index.php\/2025\/07\/22\/salud-colima-recuerda-medidas-de-prevencion-contra-el-covid-19\/#respond"]}]},{"@type":"WebPage","@id":"https:\/\/masquenoticias.mx\/index.php\/2025\/07\/22\/salud-colima-recuerda-medidas-de-prevencion-contra-el-covid-19\/","url":"https:\/\/masquenoticias.mx\/index.php\/2025\/07\/22\/salud-colima-recuerda-medidas-de-prevencion-contra-el-covid-19\/","name":"Salud Colima recuerda medidas de prevenci\u00f3n contra el Covid-19 - M\u00e1s Que Noticias","isPartOf":{"@id":"https:\/\/masquenoticias.mx\/#website"},"primaryImageOfPage":{"@id":"https:\/\/masquenoticias.mx\/index.php\/2025\/07\/22\/salud-colima-recuerda-medidas-de-prevencion-contra-el-covid-19\/#primaryimage"},"image":{"@id":"https:\/\/masquenoticias.mx\/index.php\/2025\/07\/22\/salud-colima-recuerda-medidas-de-prevencion-contra-el-covid-19\/#primaryimage"},"thumbnailUrl":"https:\/\/i0.wp.com\/masquenoticias.mx\/wp-content\/uploads\/2025\/07\/WhatsApp-Image-2025-07-22-at-11.01.03-AM.jpeg?fit=1600%2C1066&ssl=1","datePublished":"2025-07-22T19:17:56+00:00","breadcrumb":{"@id":"https:\/\/masquenoticias.mx\/index.php\/2025\/07\/22\/salud-colima-recuerda-medidas-de-prevencion-contra-el-covid-19\/#breadcrumb"},"inLanguage":"es","potentialAction":[{"@type":"ReadAction","target":["https:\/\/masquenoticias.mx\/index.php\/2025\/07\/22\/salud-colima-recuerda-medidas-de-prevencion-contra-el-covid-19\/"]}]},{"@type":"ImageObject","inLanguage":"es","@id":"https:\/\/masquenoticias.mx\/index.php\/2025\/07\/22\/salud-colima-recuerda-medidas-de-prevencion-contra-el-covid-19\/#primaryimage","url":"https:\/\/i0.wp.com\/masquenoticias.mx\/wp-content\/uploads\/2025\/07\/WhatsApp-Image-2025-07-22-at-11.01.03-AM.jpeg?fit=1600%2C1066&ssl=1","contentUrl":"https:\/\/i0.wp.com\/masquenoticias.mx\/wp-content\/uploads\/2025\/07\/WhatsApp-Image-2025-07-22-at-11.01.03-AM.jpeg?fit=1600%2C1066&ssl=1","width":1600,"height":1066},{"@type":"BreadcrumbList","@id":"https:\/\/masquenoticias.mx\/index.php\/2025\/07\/22\/salud-colima-recuerda-medidas-de-prevencion-contra-el-covid-19\/#breadcrumb","itemListElement":[{"@type":"ListItem","position":1,"name":"Inicio","item":"https:\/\/masquenoticias.mx\/"},{"@type":"ListItem","position":2,"name":"Salud Colima recuerda medidas de prevenci\u00f3n contra el Covid-19"}]},{"@type":"WebSite","@id":"https:\/\/masquenoticias.mx\/#website","url":"https:\/\/masquenoticias.mx\/","name":"M\u00e1s Que Noticias","description":"Noticias de Colima, M\u00e9xico y el Mundo","publisher":{"@id":"https:\/\/masquenoticias.mx\/#organization"},"potentialAction":[{"@type":"SearchAction","target":{"@type":"EntryPoint","urlTemplate":"https:\/\/masquenoticias.mx\/?s={search_term_string}"},"query-input":{"@type":"PropertyValueSpecification","valueRequired":true,"valueName":"search_term_string"}}],"inLanguage":"es"},{"@type":"Organization","@id":"https:\/\/masquenoticias.mx\/#organization","name":"M\u00e1s Que Noticias","url":"https:\/\/masquenoticias.mx\/","logo":{"@type":"ImageObject","inLanguage":"es","@id":"https:\/\/masquenoticias.mx\/#\/schema\/logo\/image\/","url":"https:\/\/i0.wp.com\/masquenoticias.mx\/wp-content\/uploads\/2024\/04\/IMG_0004.png?fit=2560%2C1656&ssl=1","contentUrl":"https:\/\/i0.wp.com\/masquenoticias.mx\/wp-content\/uploads\/2024\/04\/IMG_0004.png?fit=2560%2C1656&ssl=1","width":2560,"height":1656,"caption":"M\u00e1s Que Noticias"},"image":{"@id":"https:\/\/masquenoticias.mx\/#\/schema\/logo\/image\/"},"sameAs":["https:\/\/www.facebook.com\/masquenoticiascolima","https:\/\/x.com\/edgartove","https:\/\/www.instagram.com\/masquenoticiascolima\/"]},{"@type":"Person","@id":"https:\/\/masquenoticias.mx\/#\/schema\/person\/544d19989ef23d34615f691f7a96e622","name":"Redacci\u00f3n","image":{"@type":"ImageObject","inLanguage":"es","@id":"https:\/\/masquenoticias.mx\/#\/schema\/person\/image\/","url":"https:\/\/secure.gravatar.com\/avatar\/7fcc926d5b058d3f3d52d95b4d05dd58?s=96&d=mm&r=g","contentUrl":"https:\/\/secure.gravatar.com\/avatar\/7fcc926d5b058d3f3d52d95b4d05dd58?s=96&d=mm&r=g","caption":"Redacci\u00f3n"},"sameAs":["http:\/\/masquenoticias.mx"],"url":"https:\/\/masquenoticias.mx\/index.php\/author\/edgartovegmail-com\/"}]}},"jetpack_featured_media_url":"https:\/\/i0.wp.com\/masquenoticias.mx\/wp-content\/uploads\/2025\/07\/WhatsApp-Image-2025-07-22-at-11.01.03-AM.jpeg?fit=1600%2C1066&ssl=1","blog_post_layout_featured_media_urls":{"thumbnail":["https:\/\/i0.wp.com\/masquenoticias.mx\/wp-content\/uploads\/2025\/07\/WhatsApp-Image-2025-07-22-at-11.01.03-AM.jpeg?resize=150%2C150&ssl=1",150,150,true],"full":["https:\/\/i0.wp.com\/masquenoticias.mx\/wp-content\/uploads\/2025\/07\/WhatsApp-Image-2025-07-22-at-11.01.03-AM.jpeg?fit=1600%2C1066&ssl=1",1600,1066,false]},"categories_names":{"24":{"name":"Estado","link":"https:\/\/masquenoticias.mx\/index.php\/category\/estado\/"}},"tags_names":{"63":{"name":"Salud","link":"https:\/\/masquenoticias.mx\/index.php\/tag\/salud\/"}},"comments_number":"0","wpmagazine_modules_lite_featured_media_urls":{"thumbnail":["https:\/\/i0.wp.com\/masquenoticias.mx\/wp-content\/uploads\/2025\/07\/WhatsApp-Image-2025-07-22-at-11.01.03-AM.jpeg?resize=150%2C150&ssl=1",150,150,true],"cvmm-medium":["https:\/\/i0.wp.com\/masquenoticias.mx\/wp-content\/uploads\/2025\/07\/WhatsApp-Image-2025-07-22-at-11.01.03-AM.jpeg?resize=300%2C300&ssl=1",300,300,true],"cvmm-medium-plus":["https:\/\/i0.wp.com\/masquenoticias.mx\/wp-content\/uploads\/2025\/07\/WhatsApp-Image-2025-07-22-at-11.01.03-AM.jpeg?resize=305%2C207&ssl=1",305,207,true],"cvmm-portrait":["https:\/\/i0.wp.com\/masquenoticias.mx\/wp-content\/uploads\/2025\/07\/WhatsApp-Image-2025-07-22-at-11.01.03-AM.jpeg?resize=400%2C600&ssl=1",400,600,true],"cvmm-medium-square":["https:\/\/i0.wp.com\/masquenoticias.mx\/wp-content\/uploads\/2025\/07\/WhatsApp-Image-2025-07-22-at-11.01.03-AM.jpeg?resize=600%2C600&ssl=1",600,600,true],"cvmm-large":["https:\/\/i0.wp.com\/masquenoticias.mx\/wp-content\/uploads\/2025\/07\/WhatsApp-Image-2025-07-22-at-11.01.03-AM.jpeg?resize=1024%2C1024&ssl=1",1024,1024,true],"cvmm-small":["https:\/\/i0.wp.com\/masquenoticias.mx\/wp-content\/uploads\/2025\/07\/WhatsApp-Image-2025-07-22-at-11.01.03-AM.jpeg?resize=130%2C95&ssl=1",130,95,true],"full":["https:\/\/i0.wp.com\/masquenoticias.mx\/wp-content\/uploads\/2025\/07\/WhatsApp-Image-2025-07-22-at-11.01.03-AM.jpeg?fit=1600%2C1066&ssl=1",1600,1066,false]},"jetpack-related-posts":[],"jetpack_sharing_enabled":true,"jetpack_likes_enabled":true,"jetpack_shortlink":"https:\/\/wp.me\/pf7pkt-4AE","_links":{"self":[{"href":"https:\/\/masquenoticias.mx\/index.php\/wp-json\/wp\/v2\/posts\/17648","targetHints":{"allow":["GET"]}}],"collection":[{"href":"https:\/\/masquenoticias.mx\/index.php\/wp-json\/wp\/v2\/posts"}],"about":[{"href":"https:\/\/masquenoticias.mx\/index.php\/wp-json\/wp\/v2\/types\/post"}],"author":[{"embeddable":true,"href":"https:\/\/masquenoticias.mx\/index.php\/wp-json\/wp\/v2\/users\/1"}],"replies":[{"embeddable":true,"href":"https:\/\/masquenoticias.mx\/index.php\/wp-json\/wp\/v2\/comments?post=17648"}],"version-history":[{"count":1,"href":"https:\/\/masquenoticias.mx\/index.php\/wp-json\/wp\/v2\/posts\/17648\/revisions"}],"predecessor-version":[{"id":17650,"href":"https:\/\/masquenoticias.mx\/index.php\/wp-json\/wp\/v2\/posts\/17648\/revisions\/17650"}],"wp:featuredmedia":[{"embeddable":true,"href":"https:\/\/masquenoticias.mx\/index.php\/wp-json\/wp\/v2\/media\/17649"}],"wp:attachment":[{"href":"https:\/\/masquenoticias.mx\/index.php\/wp-json\/wp\/v2\/media?parent=17648"}],"wp:term":[{"taxonomy":"category","embeddable":true,"href":"https:\/\/masquenoticias.mx\/index.php\/wp-json\/wp\/v2\/categories?post=17648"},{"taxonomy":"post_tag","embeddable":true,"href":"https:\/\/masquenoticias.mx\/index.php\/wp-json\/wp\/v2\/tags?post=17648"}],"curies":[{"name":"wp","href":"https:\/\/api.w.org\/{rel}","templated":true}]}}