{"id":17246,"date":"2025-07-02T13:33:27","date_gmt":"2025-07-02T19:33:27","guid":{"rendered":"https:\/\/masquenoticias.mx\/?p=17246"},"modified":"2025-07-02T13:33:27","modified_gmt":"2025-07-02T19:33:27","slug":"procura-salud-colima-el-bienestar-de-las-madres-y-sus-bebes","status":"publish","type":"post","link":"https:\/\/masquenoticias.mx\/index.php\/2025\/07\/02\/procura-salud-colima-el-bienestar-de-las-madres-y-sus-bebes\/","title":{"rendered":"Procura Salud Colima el bienestar de las madres y sus beb\u00e9s"},"content":{"rendered":"<p>La Secretar\u00eda de Salud del Gobierno del Estado de Colima da a conocer que las instituciones del Sector Salud en la entidad vigilan la evoluci\u00f3n de embarazos, detectan tempranamente riesgos, previenen complicaciones y preparan a la paciente para el parto, maternidad y crianza, a trav\u00e9s de cuidados y consultas de control prenatal para asegurar el bienestar de las madres y sus beb\u00e9s.<\/p>\n<p>A\u00f1adi\u00f3 que el Sector Salud cuenta tambi\u00e9n con programas gratuitos de control prenatal y consejer\u00eda preconcepcional para orientar a j\u00f3venes en edad reproductiva, con el objetivo de que cuando decidan embarazarse, lo hagan en las mejores condiciones.<\/p>\n<p>En relaci\u00f3n al control prenatal, la dependencia estatal recomend\u00f3 a toda mujer embarazada asistir a consultas m\u00e9dicas de manera peri\u00f3dica, porque previene enfermedades y se identifican factores de riesgo, tanto para beb\u00e9 como para la madre, de tal manera que disminuyan las probabilidades de que se registre una muerte prenatal.<\/p>\n<p>Sugiere a las embarazadas acudir desde el primer mes de gestaci\u00f3n a recibir atenci\u00f3n m\u00e9dica y mensualmente ir a su cita de control prenatal, para detectar afecciones como d\u00e9ficit de \u00e1cido f\u00f3lico, miomas (tumores no cancerosos), niveles anormales de az\u00facar, sobrepeso y preclamsia.<\/p>\n<p>Resalt\u00f3 que los controles prenatales regulares ayudan a identificar pacientes con riesgo tanto obst\u00e9trico como perinatal, realizar intervenciones ligadas a la prevenci\u00f3n de posibles riesgos, promover conductas saludables durante el embarazo, recibir consejer\u00eda para realizar los cuestionarios de VIH y s\u00edfilis, e identificar en forma temprana posibles enfermedades (como hipertensi\u00f3n y diabetes gestacional, infecciones de v\u00edas urinarias) y malformaciones.<\/p>\n<p>Finalmente, mencion\u00f3 que el control prenatal se proporciona en las unidades del primer y segundo nivel de atenci\u00f3n \u2013Centros de Salud y Hospitales- y para cualquier duda sobre las se\u00f1ales de alarma en el embarazo o informaci\u00f3n sobre el embarazo, parto, puerperio o lactancia materna, las embarazadas pueden comunicarse a la L\u00ednea Materna (tel\u00e9fono 800-628-3762).<\/p>\n","protected":false},"excerpt":{"rendered":"<p>La Secretar\u00eda de Salud del Gobierno del Estado de Colima da a conocer que las instituciones del Sector Salud en la entidad vigilan la evoluci\u00f3n de embarazos, detectan tempranamente riesgos, previenen complicaciones y preparan a la paciente para el parto, maternidad y crianza, a trav\u00e9s de cuidados y consultas de control prenatal para asegurar el [&hellip;]<\/p>\n","protected":false},"author":1,"featured_media":17247,"comment_status":"open","ping_status":"open","sticky":false,"template":"","format":"standard","meta":{"_jetpack_memberships_contains_paid_content":false,"footnotes":""},"categories":[24],"tags":[63],"class_list":["post-17246","post","type-post","status-publish","format-standard","has-post-thumbnail","hentry","category-estado","tag-salud"],"yoast_head":"<!-- This site is optimized with the Yoast SEO plugin v26.6 - https:\/\/yoast.com\/wordpress\/plugins\/seo\/ -->\n<title>Procura Salud Colima el bienestar de las madres y sus beb\u00e9s - M\u00e1s Que Noticias<\/title>\n<meta name=\"robots\" content=\"index, follow, max-snippet:-1, max-image-preview:large, max-video-preview:-1\" \/>\n<link rel=\"canonical\" href=\"https:\/\/masquenoticias.mx\/index.php\/2025\/07\/02\/procura-salud-colima-el-bienestar-de-las-madres-y-sus-bebes\/\" \/>\n<meta property=\"og:locale\" content=\"es_MX\" \/>\n<meta property=\"og:type\" content=\"article\" \/>\n<meta property=\"og:title\" content=\"Procura Salud Colima el bienestar de las madres y sus beb\u00e9s - M\u00e1s Que Noticias\" \/>\n<meta property=\"og:description\" content=\"La Secretar\u00eda de Salud del Gobierno del Estado de Colima da a conocer que las instituciones del Sector Salud en la entidad vigilan la evoluci\u00f3n de embarazos, detectan tempranamente riesgos, previenen complicaciones y preparan a la paciente para el parto, maternidad y crianza, a trav\u00e9s de cuidados y consultas de control prenatal para asegurar el [&hellip;]\" \/>\n<meta property=\"og:url\" content=\"https:\/\/masquenoticias.mx\/index.php\/2025\/07\/02\/procura-salud-colima-el-bienestar-de-las-madres-y-sus-bebes\/\" \/>\n<meta property=\"og:site_name\" content=\"M\u00e1s Que Noticias\" \/>\n<meta property=\"article:publisher\" content=\"https:\/\/www.facebook.com\/masquenoticiascolima\" \/>\n<meta property=\"article:published_time\" content=\"2025-07-02T19:33:27+00:00\" \/>\n<meta property=\"og:image\" content=\"https:\/\/masquenoticias.mx\/wp-content\/uploads\/2025\/07\/WhatsApp-Image-2025-07-02-at-1.12.09-PM.jpeg\" \/>\n\t<meta property=\"og:image:width\" content=\"1280\" \/>\n\t<meta property=\"og:image:height\" content=\"853\" \/>\n\t<meta property=\"og:image:type\" content=\"image\/jpeg\" \/>\n<meta name=\"author\" content=\"Redacci\u00f3n\" \/>\n<meta name=\"twitter:card\" content=\"summary_large_image\" \/>\n<meta name=\"twitter:creator\" content=\"@edgartove\" \/>\n<meta name=\"twitter:site\" content=\"@edgartove\" \/>\n<meta name=\"twitter:label1\" content=\"Escrito por\" \/>\n\t<meta name=\"twitter:data1\" content=\"Redacci\u00f3n\" \/>\n\t<meta name=\"twitter:label2\" content=\"Tiempo de lectura\" \/>\n\t<meta name=\"twitter:data2\" content=\"2 minutos\" \/>\n<script type=\"application\/ld+json\" class=\"yoast-schema-graph\">{\"@context\":\"https:\/\/schema.org\",\"@graph\":[{\"@type\":\"Article\",\"@id\":\"https:\/\/masquenoticias.mx\/index.php\/2025\/07\/02\/procura-salud-colima-el-bienestar-de-las-madres-y-sus-bebes\/#article\",\"isPartOf\":{\"@id\":\"https:\/\/masquenoticias.mx\/index.php\/2025\/07\/02\/procura-salud-colima-el-bienestar-de-las-madres-y-sus-bebes\/\"},\"author\":{\"name\":\"Redacci\u00f3n\",\"@id\":\"https:\/\/masquenoticias.mx\/#\/schema\/person\/544d19989ef23d34615f691f7a96e622\"},\"headline\":\"Procura Salud Colima el bienestar de las madres y sus beb\u00e9s\",\"datePublished\":\"2025-07-02T19:33:27+00:00\",\"mainEntityOfPage\":{\"@id\":\"https:\/\/masquenoticias.mx\/index.php\/2025\/07\/02\/procura-salud-colima-el-bienestar-de-las-madres-y-sus-bebes\/\"},\"wordCount\":347,\"commentCount\":0,\"publisher\":{\"@id\":\"https:\/\/masquenoticias.mx\/#organization\"},\"image\":{\"@id\":\"https:\/\/masquenoticias.mx\/index.php\/2025\/07\/02\/procura-salud-colima-el-bienestar-de-las-madres-y-sus-bebes\/#primaryimage\"},\"thumbnailUrl\":\"https:\/\/i0.wp.com\/masquenoticias.mx\/wp-content\/uploads\/2025\/07\/WhatsApp-Image-2025-07-02-at-1.12.09-PM.jpeg?fit=1280%2C853&ssl=1\",\"keywords\":[\"Salud\"],\"articleSection\":[\"Estado\"],\"inLanguage\":\"es\",\"potentialAction\":[{\"@type\":\"CommentAction\",\"name\":\"Comment\",\"target\":[\"https:\/\/masquenoticias.mx\/index.php\/2025\/07\/02\/procura-salud-colima-el-bienestar-de-las-madres-y-sus-bebes\/#respond\"]}]},{\"@type\":\"WebPage\",\"@id\":\"https:\/\/masquenoticias.mx\/index.php\/2025\/07\/02\/procura-salud-colima-el-bienestar-de-las-madres-y-sus-bebes\/\",\"url\":\"https:\/\/masquenoticias.mx\/index.php\/2025\/07\/02\/procura-salud-colima-el-bienestar-de-las-madres-y-sus-bebes\/\",\"name\":\"Procura Salud Colima el bienestar de las madres y sus beb\u00e9s - M\u00e1s Que Noticias\",\"isPartOf\":{\"@id\":\"https:\/\/masquenoticias.mx\/#website\"},\"primaryImageOfPage\":{\"@id\":\"https:\/\/masquenoticias.mx\/index.php\/2025\/07\/02\/procura-salud-colima-el-bienestar-de-las-madres-y-sus-bebes\/#primaryimage\"},\"image\":{\"@id\":\"https:\/\/masquenoticias.mx\/index.php\/2025\/07\/02\/procura-salud-colima-el-bienestar-de-las-madres-y-sus-bebes\/#primaryimage\"},\"thumbnailUrl\":\"https:\/\/i0.wp.com\/masquenoticias.mx\/wp-content\/uploads\/2025\/07\/WhatsApp-Image-2025-07-02-at-1.12.09-PM.jpeg?fit=1280%2C853&ssl=1\",\"datePublished\":\"2025-07-02T19:33:27+00:00\",\"breadcrumb\":{\"@id\":\"https:\/\/masquenoticias.mx\/index.php\/2025\/07\/02\/procura-salud-colima-el-bienestar-de-las-madres-y-sus-bebes\/#breadcrumb\"},\"inLanguage\":\"es\",\"potentialAction\":[{\"@type\":\"ReadAction\",\"target\":[\"https:\/\/masquenoticias.mx\/index.php\/2025\/07\/02\/procura-salud-colima-el-bienestar-de-las-madres-y-sus-bebes\/\"]}]},{\"@type\":\"ImageObject\",\"inLanguage\":\"es\",\"@id\":\"https:\/\/masquenoticias.mx\/index.php\/2025\/07\/02\/procura-salud-colima-el-bienestar-de-las-madres-y-sus-bebes\/#primaryimage\",\"url\":\"https:\/\/i0.wp.com\/masquenoticias.mx\/wp-content\/uploads\/2025\/07\/WhatsApp-Image-2025-07-02-at-1.12.09-PM.jpeg?fit=1280%2C853&ssl=1\",\"contentUrl\":\"https:\/\/i0.wp.com\/masquenoticias.mx\/wp-content\/uploads\/2025\/07\/WhatsApp-Image-2025-07-02-at-1.12.09-PM.jpeg?fit=1280%2C853&ssl=1\",\"width\":1280,\"height\":853},{\"@type\":\"BreadcrumbList\",\"@id\":\"https:\/\/masquenoticias.mx\/index.php\/2025\/07\/02\/procura-salud-colima-el-bienestar-de-las-madres-y-sus-bebes\/#breadcrumb\",\"itemListElement\":[{\"@type\":\"ListItem\",\"position\":1,\"name\":\"Inicio\",\"item\":\"https:\/\/masquenoticias.mx\/\"},{\"@type\":\"ListItem\",\"position\":2,\"name\":\"Procura Salud Colima el bienestar de las madres y sus beb\u00e9s\"}]},{\"@type\":\"WebSite\",\"@id\":\"https:\/\/masquenoticias.mx\/#website\",\"url\":\"https:\/\/masquenoticias.mx\/\",\"name\":\"M\u00e1s Que Noticias\",\"description\":\"Noticias de Colima, M\u00e9xico y el Mundo\",\"publisher\":{\"@id\":\"https:\/\/masquenoticias.mx\/#organization\"},\"potentialAction\":[{\"@type\":\"SearchAction\",\"target\":{\"@type\":\"EntryPoint\",\"urlTemplate\":\"https:\/\/masquenoticias.mx\/?s={search_term_string}\"},\"query-input\":{\"@type\":\"PropertyValueSpecification\",\"valueRequired\":true,\"valueName\":\"search_term_string\"}}],\"inLanguage\":\"es\"},{\"@type\":\"Organization\",\"@id\":\"https:\/\/masquenoticias.mx\/#organization\",\"name\":\"M\u00e1s Que Noticias\",\"url\":\"https:\/\/masquenoticias.mx\/\",\"logo\":{\"@type\":\"ImageObject\",\"inLanguage\":\"es\",\"@id\":\"https:\/\/masquenoticias.mx\/#\/schema\/logo\/image\/\",\"url\":\"https:\/\/i0.wp.com\/masquenoticias.mx\/wp-content\/uploads\/2024\/04\/IMG_0004.png?fit=2560%2C1656&ssl=1\",\"contentUrl\":\"https:\/\/i0.wp.com\/masquenoticias.mx\/wp-content\/uploads\/2024\/04\/IMG_0004.png?fit=2560%2C1656&ssl=1\",\"width\":2560,\"height\":1656,\"caption\":\"M\u00e1s Que Noticias\"},\"image\":{\"@id\":\"https:\/\/masquenoticias.mx\/#\/schema\/logo\/image\/\"},\"sameAs\":[\"https:\/\/www.facebook.com\/masquenoticiascolima\",\"https:\/\/x.com\/edgartove\",\"https:\/\/www.instagram.com\/masquenoticiascolima\/\"]},{\"@type\":\"Person\",\"@id\":\"https:\/\/masquenoticias.mx\/#\/schema\/person\/544d19989ef23d34615f691f7a96e622\",\"name\":\"Redacci\u00f3n\",\"image\":{\"@type\":\"ImageObject\",\"inLanguage\":\"es\",\"@id\":\"https:\/\/masquenoticias.mx\/#\/schema\/person\/image\/\",\"url\":\"https:\/\/secure.gravatar.com\/avatar\/7fcc926d5b058d3f3d52d95b4d05dd58?s=96&d=mm&r=g\",\"contentUrl\":\"https:\/\/secure.gravatar.com\/avatar\/7fcc926d5b058d3f3d52d95b4d05dd58?s=96&d=mm&r=g\",\"caption\":\"Redacci\u00f3n\"},\"sameAs\":[\"http:\/\/masquenoticias.mx\"],\"url\":\"https:\/\/masquenoticias.mx\/index.php\/author\/edgartovegmail-com\/\"}]}<\/script>\n<!-- \/ Yoast SEO plugin. -->","yoast_head_json":{"title":"Procura Salud Colima el bienestar de las madres y sus beb\u00e9s - M\u00e1s Que Noticias","robots":{"index":"index","follow":"follow","max-snippet":"max-snippet:-1","max-image-preview":"max-image-preview:large","max-video-preview":"max-video-preview:-1"},"canonical":"https:\/\/masquenoticias.mx\/index.php\/2025\/07\/02\/procura-salud-colima-el-bienestar-de-las-madres-y-sus-bebes\/","og_locale":"es_MX","og_type":"article","og_title":"Procura Salud Colima el bienestar de las madres y sus beb\u00e9s - M\u00e1s Que Noticias","og_description":"La Secretar\u00eda de Salud del Gobierno del Estado de Colima da a conocer que las instituciones del Sector Salud en la entidad vigilan la evoluci\u00f3n de embarazos, detectan tempranamente riesgos, previenen complicaciones y preparan a la paciente para el parto, maternidad y crianza, a trav\u00e9s de cuidados y consultas de control prenatal para asegurar el [&hellip;]","og_url":"https:\/\/masquenoticias.mx\/index.php\/2025\/07\/02\/procura-salud-colima-el-bienestar-de-las-madres-y-sus-bebes\/","og_site_name":"M\u00e1s Que Noticias","article_publisher":"https:\/\/www.facebook.com\/masquenoticiascolima","article_published_time":"2025-07-02T19:33:27+00:00","og_image":[{"width":1280,"height":853,"url":"https:\/\/masquenoticias.mx\/wp-content\/uploads\/2025\/07\/WhatsApp-Image-2025-07-02-at-1.12.09-PM.jpeg","type":"image\/jpeg"}],"author":"Redacci\u00f3n","twitter_card":"summary_large_image","twitter_creator":"@edgartove","twitter_site":"@edgartove","twitter_misc":{"Escrito por":"Redacci\u00f3n","Tiempo de lectura":"2 minutos"},"schema":{"@context":"https:\/\/schema.org","@graph":[{"@type":"Article","@id":"https:\/\/masquenoticias.mx\/index.php\/2025\/07\/02\/procura-salud-colima-el-bienestar-de-las-madres-y-sus-bebes\/#article","isPartOf":{"@id":"https:\/\/masquenoticias.mx\/index.php\/2025\/07\/02\/procura-salud-colima-el-bienestar-de-las-madres-y-sus-bebes\/"},"author":{"name":"Redacci\u00f3n","@id":"https:\/\/masquenoticias.mx\/#\/schema\/person\/544d19989ef23d34615f691f7a96e622"},"headline":"Procura Salud Colima el bienestar de las madres y sus beb\u00e9s","datePublished":"2025-07-02T19:33:27+00:00","mainEntityOfPage":{"@id":"https:\/\/masquenoticias.mx\/index.php\/2025\/07\/02\/procura-salud-colima-el-bienestar-de-las-madres-y-sus-bebes\/"},"wordCount":347,"commentCount":0,"publisher":{"@id":"https:\/\/masquenoticias.mx\/#organization"},"image":{"@id":"https:\/\/masquenoticias.mx\/index.php\/2025\/07\/02\/procura-salud-colima-el-bienestar-de-las-madres-y-sus-bebes\/#primaryimage"},"thumbnailUrl":"https:\/\/i0.wp.com\/masquenoticias.mx\/wp-content\/uploads\/2025\/07\/WhatsApp-Image-2025-07-02-at-1.12.09-PM.jpeg?fit=1280%2C853&ssl=1","keywords":["Salud"],"articleSection":["Estado"],"inLanguage":"es","potentialAction":[{"@type":"CommentAction","name":"Comment","target":["https:\/\/masquenoticias.mx\/index.php\/2025\/07\/02\/procura-salud-colima-el-bienestar-de-las-madres-y-sus-bebes\/#respond"]}]},{"@type":"WebPage","@id":"https:\/\/masquenoticias.mx\/index.php\/2025\/07\/02\/procura-salud-colima-el-bienestar-de-las-madres-y-sus-bebes\/","url":"https:\/\/masquenoticias.mx\/index.php\/2025\/07\/02\/procura-salud-colima-el-bienestar-de-las-madres-y-sus-bebes\/","name":"Procura Salud Colima el bienestar de las madres y sus beb\u00e9s - M\u00e1s Que Noticias","isPartOf":{"@id":"https:\/\/masquenoticias.mx\/#website"},"primaryImageOfPage":{"@id":"https:\/\/masquenoticias.mx\/index.php\/2025\/07\/02\/procura-salud-colima-el-bienestar-de-las-madres-y-sus-bebes\/#primaryimage"},"image":{"@id":"https:\/\/masquenoticias.mx\/index.php\/2025\/07\/02\/procura-salud-colima-el-bienestar-de-las-madres-y-sus-bebes\/#primaryimage"},"thumbnailUrl":"https:\/\/i0.wp.com\/masquenoticias.mx\/wp-content\/uploads\/2025\/07\/WhatsApp-Image-2025-07-02-at-1.12.09-PM.jpeg?fit=1280%2C853&ssl=1","datePublished":"2025-07-02T19:33:27+00:00","breadcrumb":{"@id":"https:\/\/masquenoticias.mx\/index.php\/2025\/07\/02\/procura-salud-colima-el-bienestar-de-las-madres-y-sus-bebes\/#breadcrumb"},"inLanguage":"es","potentialAction":[{"@type":"ReadAction","target":["https:\/\/masquenoticias.mx\/index.php\/2025\/07\/02\/procura-salud-colima-el-bienestar-de-las-madres-y-sus-bebes\/"]}]},{"@type":"ImageObject","inLanguage":"es","@id":"https:\/\/masquenoticias.mx\/index.php\/2025\/07\/02\/procura-salud-colima-el-bienestar-de-las-madres-y-sus-bebes\/#primaryimage","url":"https:\/\/i0.wp.com\/masquenoticias.mx\/wp-content\/uploads\/2025\/07\/WhatsApp-Image-2025-07-02-at-1.12.09-PM.jpeg?fit=1280%2C853&ssl=1","contentUrl":"https:\/\/i0.wp.com\/masquenoticias.mx\/wp-content\/uploads\/2025\/07\/WhatsApp-Image-2025-07-02-at-1.12.09-PM.jpeg?fit=1280%2C853&ssl=1","width":1280,"height":853},{"@type":"BreadcrumbList","@id":"https:\/\/masquenoticias.mx\/index.php\/2025\/07\/02\/procura-salud-colima-el-bienestar-de-las-madres-y-sus-bebes\/#breadcrumb","itemListElement":[{"@type":"ListItem","position":1,"name":"Inicio","item":"https:\/\/masquenoticias.mx\/"},{"@type":"ListItem","position":2,"name":"Procura Salud Colima el bienestar de las madres y sus beb\u00e9s"}]},{"@type":"WebSite","@id":"https:\/\/masquenoticias.mx\/#website","url":"https:\/\/masquenoticias.mx\/","name":"M\u00e1s Que Noticias","description":"Noticias de Colima, M\u00e9xico y el Mundo","publisher":{"@id":"https:\/\/masquenoticias.mx\/#organization"},"potentialAction":[{"@type":"SearchAction","target":{"@type":"EntryPoint","urlTemplate":"https:\/\/masquenoticias.mx\/?s={search_term_string}"},"query-input":{"@type":"PropertyValueSpecification","valueRequired":true,"valueName":"search_term_string"}}],"inLanguage":"es"},{"@type":"Organization","@id":"https:\/\/masquenoticias.mx\/#organization","name":"M\u00e1s Que Noticias","url":"https:\/\/masquenoticias.mx\/","logo":{"@type":"ImageObject","inLanguage":"es","@id":"https:\/\/masquenoticias.mx\/#\/schema\/logo\/image\/","url":"https:\/\/i0.wp.com\/masquenoticias.mx\/wp-content\/uploads\/2024\/04\/IMG_0004.png?fit=2560%2C1656&ssl=1","contentUrl":"https:\/\/i0.wp.com\/masquenoticias.mx\/wp-content\/uploads\/2024\/04\/IMG_0004.png?fit=2560%2C1656&ssl=1","width":2560,"height":1656,"caption":"M\u00e1s Que Noticias"},"image":{"@id":"https:\/\/masquenoticias.mx\/#\/schema\/logo\/image\/"},"sameAs":["https:\/\/www.facebook.com\/masquenoticiascolima","https:\/\/x.com\/edgartove","https:\/\/www.instagram.com\/masquenoticiascolima\/"]},{"@type":"Person","@id":"https:\/\/masquenoticias.mx\/#\/schema\/person\/544d19989ef23d34615f691f7a96e622","name":"Redacci\u00f3n","image":{"@type":"ImageObject","inLanguage":"es","@id":"https:\/\/masquenoticias.mx\/#\/schema\/person\/image\/","url":"https:\/\/secure.gravatar.com\/avatar\/7fcc926d5b058d3f3d52d95b4d05dd58?s=96&d=mm&r=g","contentUrl":"https:\/\/secure.gravatar.com\/avatar\/7fcc926d5b058d3f3d52d95b4d05dd58?s=96&d=mm&r=g","caption":"Redacci\u00f3n"},"sameAs":["http:\/\/masquenoticias.mx"],"url":"https:\/\/masquenoticias.mx\/index.php\/author\/edgartovegmail-com\/"}]}},"jetpack_featured_media_url":"https:\/\/i0.wp.com\/masquenoticias.mx\/wp-content\/uploads\/2025\/07\/WhatsApp-Image-2025-07-02-at-1.12.09-PM.jpeg?fit=1280%2C853&ssl=1","blog_post_layout_featured_media_urls":{"thumbnail":["https:\/\/i0.wp.com\/masquenoticias.mx\/wp-content\/uploads\/2025\/07\/WhatsApp-Image-2025-07-02-at-1.12.09-PM.jpeg?resize=150%2C150&ssl=1",150,150,true],"full":["https:\/\/i0.wp.com\/masquenoticias.mx\/wp-content\/uploads\/2025\/07\/WhatsApp-Image-2025-07-02-at-1.12.09-PM.jpeg?fit=1280%2C853&ssl=1",1280,853,false]},"categories_names":{"24":{"name":"Estado","link":"https:\/\/masquenoticias.mx\/index.php\/category\/estado\/"}},"tags_names":{"63":{"name":"Salud","link":"https:\/\/masquenoticias.mx\/index.php\/tag\/salud\/"}},"comments_number":"0","wpmagazine_modules_lite_featured_media_urls":{"thumbnail":["https:\/\/i0.wp.com\/masquenoticias.mx\/wp-content\/uploads\/2025\/07\/WhatsApp-Image-2025-07-02-at-1.12.09-PM.jpeg?resize=150%2C150&ssl=1",150,150,true],"cvmm-medium":["https:\/\/i0.wp.com\/masquenoticias.mx\/wp-content\/uploads\/2025\/07\/WhatsApp-Image-2025-07-02-at-1.12.09-PM.jpeg?resize=300%2C300&ssl=1",300,300,true],"cvmm-medium-plus":["https:\/\/i0.wp.com\/masquenoticias.mx\/wp-content\/uploads\/2025\/07\/WhatsApp-Image-2025-07-02-at-1.12.09-PM.jpeg?resize=305%2C207&ssl=1",305,207,true],"cvmm-portrait":["https:\/\/i0.wp.com\/masquenoticias.mx\/wp-content\/uploads\/2025\/07\/WhatsApp-Image-2025-07-02-at-1.12.09-PM.jpeg?resize=400%2C600&ssl=1",400,600,true],"cvmm-medium-square":["https:\/\/i0.wp.com\/masquenoticias.mx\/wp-content\/uploads\/2025\/07\/WhatsApp-Image-2025-07-02-at-1.12.09-PM.jpeg?resize=600%2C600&ssl=1",600,600,true],"cvmm-large":["https:\/\/i0.wp.com\/masquenoticias.mx\/wp-content\/uploads\/2025\/07\/WhatsApp-Image-2025-07-02-at-1.12.09-PM.jpeg?resize=1024%2C853&ssl=1",1024,853,true],"cvmm-small":["https:\/\/i0.wp.com\/masquenoticias.mx\/wp-content\/uploads\/2025\/07\/WhatsApp-Image-2025-07-02-at-1.12.09-PM.jpeg?resize=130%2C95&ssl=1",130,95,true],"full":["https:\/\/i0.wp.com\/masquenoticias.mx\/wp-content\/uploads\/2025\/07\/WhatsApp-Image-2025-07-02-at-1.12.09-PM.jpeg?fit=1280%2C853&ssl=1",1280,853,false]},"jetpack-related-posts":[],"jetpack_sharing_enabled":true,"jetpack_likes_enabled":true,"jetpack_shortlink":"https:\/\/wp.me\/pf7pkt-4ua","_links":{"self":[{"href":"https:\/\/masquenoticias.mx\/index.php\/wp-json\/wp\/v2\/posts\/17246","targetHints":{"allow":["GET"]}}],"collection":[{"href":"https:\/\/masquenoticias.mx\/index.php\/wp-json\/wp\/v2\/posts"}],"about":[{"href":"https:\/\/masquenoticias.mx\/index.php\/wp-json\/wp\/v2\/types\/post"}],"author":[{"embeddable":true,"href":"https:\/\/masquenoticias.mx\/index.php\/wp-json\/wp\/v2\/users\/1"}],"replies":[{"embeddable":true,"href":"https:\/\/masquenoticias.mx\/index.php\/wp-json\/wp\/v2\/comments?post=17246"}],"version-history":[{"count":1,"href":"https:\/\/masquenoticias.mx\/index.php\/wp-json\/wp\/v2\/posts\/17246\/revisions"}],"predecessor-version":[{"id":17248,"href":"https:\/\/masquenoticias.mx\/index.php\/wp-json\/wp\/v2\/posts\/17246\/revisions\/17248"}],"wp:featuredmedia":[{"embeddable":true,"href":"https:\/\/masquenoticias.mx\/index.php\/wp-json\/wp\/v2\/media\/17247"}],"wp:attachment":[{"href":"https:\/\/masquenoticias.mx\/index.php\/wp-json\/wp\/v2\/media?parent=17246"}],"wp:term":[{"taxonomy":"category","embeddable":true,"href":"https:\/\/masquenoticias.mx\/index.php\/wp-json\/wp\/v2\/categories?post=17246"},{"taxonomy":"post_tag","embeddable":true,"href":"https:\/\/masquenoticias.mx\/index.php\/wp-json\/wp\/v2\/tags?post=17246"}],"curies":[{"name":"wp","href":"https:\/\/api.w.org\/{rel}","templated":true}]}}