{"id":16514,"date":"2025-05-27T12:56:35","date_gmt":"2025-05-27T18:56:35","guid":{"rendered":"https:\/\/masquenoticias.mx\/?p=16514"},"modified":"2025-05-27T12:56:35","modified_gmt":"2025-05-27T18:56:35","slug":"colima-celebrara-el-dia-mundial-del-medio-ambiente-con-agendar-2-0-en-la-campana","status":"publish","type":"post","link":"https:\/\/masquenoticias.mx\/index.php\/2025\/05\/27\/colima-celebrara-el-dia-mundial-del-medio-ambiente-con-agendar-2-0-en-la-campana\/","title":{"rendered":"Colima celebrar\u00e1 el D\u00eda Mundial del Medio Ambiente con AgendaR 2.0 en &#8216;La Campana&#8217;"},"content":{"rendered":"<p>El Gobierno del Estado de Colima, a trav\u00e9s del Instituto para el Medio Ambiente y Desarrollo Sustentable (Imades), invita a la poblaci\u00f3n a conmemorar el D\u00eda Mundial del Medio Ambiente con el evento \u2018AgendaR 2.0\u2019, que se llevar\u00e1 a cabo el s\u00e1bado 7 de junio en la zona norte del \u00c1rea Natural Protegida en el Parque Ecol\u00f3gico La Campana, a partir de las 5:00 de la tarde.<\/p>\n<p>La directora general del Imades, Ang\u00e9lica Lizeth Jim\u00e9nez Hern\u00e1ndez, destac\u00f3 que este a\u00f1o la conmemoraci\u00f3n se centra en el llamado de la ONU a lograr un mundo sin pl\u00e1sticos, lo que invita a reflexionar sobre nuestros h\u00e1bitos de consumo y su impacto ambiental en nuestro entorno y en el planeta.<\/p>\n<p>La jornada iniciar\u00e1 con la inauguraci\u00f3n de una nueva exposici\u00f3n fotogr\u00e1fica temporal instalada en la cerca perimetral de Parque La Campana. Durante el evento, el p\u00fablico podr\u00e1 disfrutar de dos mercaditos organizados por productores locales del programa Sembrando Vida y la colectiva Todo al 100, adem\u00e1s del taller infantil Peque\u00f1os Turistas -coordinado por la Subsecretar\u00eda de Turismo-, y una eco-carrera social impulsada por el colectivo Vulks Run Crew.<\/p>\n<p>Se invita a la poblaci\u00f3n a participar activamente llevando residuos valorizables como PET, cart\u00f3n, papel, vidrio, electr\u00f3nicos y chatarra, los cuales ser\u00e1n destinados a apoyar a la asociaci\u00f3n Albatros, dedicada a promover el reciclaje y el cuidado del medio ambiente, con causas nobles.<\/p>\n<p>La jornada contar\u00e1 tambi\u00e9n con presentaciones musicales a cargo del grupo Agua de Coco y la exposici\u00f3n art\u00edstica S_O_S, de la artista Elena Fabela. A lo largo del d\u00eda, se ofrecer\u00e1n diversos talleres enfocados en el cuidado ambiental y el fortalecimiento de una cultura sustentable. Como parte de estas acciones, se instalar\u00e1n acopiadores de PET para facilitar su recolecci\u00f3n y reciclaje.<\/p>\n<p>Se hace un llamado a todas y todos los asistentes a sumarse en la construcci\u00f3n colaborativa de una barrera ecol\u00f3gica para detener la basura que arrastran los r\u00edos, una acci\u00f3n colectiva que busca proteger nuestros ecosistemas y promover soluciones comunitarias frente a la contaminaci\u00f3n.<\/p>\n","protected":false},"excerpt":{"rendered":"<p>El Gobierno del Estado de Colima, a trav\u00e9s del Instituto para el Medio Ambiente y Desarrollo Sustentable (Imades), invita a la poblaci\u00f3n a conmemorar el D\u00eda Mundial del Medio Ambiente con el evento \u2018AgendaR 2.0\u2019, que se llevar\u00e1 a cabo el s\u00e1bado 7 de junio en la zona norte del \u00c1rea Natural Protegida en el [&hellip;]<\/p>\n","protected":false},"author":1,"featured_media":16515,"comment_status":"open","ping_status":"open","sticky":false,"template":"","format":"standard","meta":{"_jetpack_memberships_contains_paid_content":false,"footnotes":""},"categories":[24],"tags":[92],"class_list":["post-16514","post","type-post","status-publish","format-standard","has-post-thumbnail","hentry","category-estado","tag-imades"],"yoast_head":"<!-- This site is optimized with the Yoast SEO plugin v26.6 - https:\/\/yoast.com\/wordpress\/plugins\/seo\/ -->\n<title>Colima celebrar\u00e1 el D\u00eda Mundial del Medio Ambiente con AgendaR 2.0 en &#039;La Campana&#039; - M\u00e1s Que Noticias<\/title>\n<meta name=\"robots\" content=\"index, follow, max-snippet:-1, max-image-preview:large, max-video-preview:-1\" \/>\n<link rel=\"canonical\" href=\"https:\/\/masquenoticias.mx\/index.php\/2025\/05\/27\/colima-celebrara-el-dia-mundial-del-medio-ambiente-con-agendar-2-0-en-la-campana\/\" \/>\n<meta property=\"og:locale\" content=\"es_MX\" \/>\n<meta property=\"og:type\" content=\"article\" \/>\n<meta property=\"og:title\" content=\"Colima celebrar\u00e1 el D\u00eda Mundial del Medio Ambiente con AgendaR 2.0 en &#039;La Campana&#039; - M\u00e1s Que Noticias\" \/>\n<meta property=\"og:description\" content=\"El Gobierno del Estado de Colima, a trav\u00e9s del Instituto para el Medio Ambiente y Desarrollo Sustentable (Imades), invita a la poblaci\u00f3n a conmemorar el D\u00eda Mundial del Medio Ambiente con el evento \u2018AgendaR 2.0\u2019, que se llevar\u00e1 a cabo el s\u00e1bado 7 de junio en la zona norte del \u00c1rea Natural Protegida en el [&hellip;]\" \/>\n<meta property=\"og:url\" content=\"https:\/\/masquenoticias.mx\/index.php\/2025\/05\/27\/colima-celebrara-el-dia-mundial-del-medio-ambiente-con-agendar-2-0-en-la-campana\/\" \/>\n<meta property=\"og:site_name\" content=\"M\u00e1s Que Noticias\" \/>\n<meta property=\"article:publisher\" content=\"https:\/\/www.facebook.com\/masquenoticiascolima\" \/>\n<meta property=\"article:published_time\" content=\"2025-05-27T18:56:35+00:00\" \/>\n<meta property=\"og:image\" content=\"https:\/\/masquenoticias.mx\/wp-content\/uploads\/2025\/05\/WhatsApp-Image-2025-05-27-at-12.53.58-PM.jpeg\" \/>\n\t<meta property=\"og:image:width\" content=\"1024\" \/>\n\t<meta property=\"og:image:height\" content=\"1280\" \/>\n\t<meta property=\"og:image:type\" content=\"image\/jpeg\" \/>\n<meta name=\"author\" content=\"Redacci\u00f3n\" \/>\n<meta name=\"twitter:card\" content=\"summary_large_image\" \/>\n<meta name=\"twitter:creator\" content=\"@edgartove\" \/>\n<meta name=\"twitter:site\" content=\"@edgartove\" \/>\n<meta name=\"twitter:label1\" content=\"Escrito por\" \/>\n\t<meta name=\"twitter:data1\" content=\"Redacci\u00f3n\" \/>\n\t<meta name=\"twitter:label2\" content=\"Tiempo de lectura\" \/>\n\t<meta name=\"twitter:data2\" content=\"2 minutos\" \/>\n<script type=\"application\/ld+json\" class=\"yoast-schema-graph\">{\"@context\":\"https:\/\/schema.org\",\"@graph\":[{\"@type\":\"Article\",\"@id\":\"https:\/\/masquenoticias.mx\/index.php\/2025\/05\/27\/colima-celebrara-el-dia-mundial-del-medio-ambiente-con-agendar-2-0-en-la-campana\/#article\",\"isPartOf\":{\"@id\":\"https:\/\/masquenoticias.mx\/index.php\/2025\/05\/27\/colima-celebrara-el-dia-mundial-del-medio-ambiente-con-agendar-2-0-en-la-campana\/\"},\"author\":{\"name\":\"Redacci\u00f3n\",\"@id\":\"https:\/\/masquenoticias.mx\/#\/schema\/person\/544d19989ef23d34615f691f7a96e622\"},\"headline\":\"Colima celebrar\u00e1 el D\u00eda Mundial del Medio Ambiente con AgendaR 2.0 en &#8216;La Campana&#8217;\",\"datePublished\":\"2025-05-27T18:56:35+00:00\",\"mainEntityOfPage\":{\"@id\":\"https:\/\/masquenoticias.mx\/index.php\/2025\/05\/27\/colima-celebrara-el-dia-mundial-del-medio-ambiente-con-agendar-2-0-en-la-campana\/\"},\"wordCount\":381,\"commentCount\":0,\"publisher\":{\"@id\":\"https:\/\/masquenoticias.mx\/#organization\"},\"image\":{\"@id\":\"https:\/\/masquenoticias.mx\/index.php\/2025\/05\/27\/colima-celebrara-el-dia-mundial-del-medio-ambiente-con-agendar-2-0-en-la-campana\/#primaryimage\"},\"thumbnailUrl\":\"https:\/\/i0.wp.com\/masquenoticias.mx\/wp-content\/uploads\/2025\/05\/WhatsApp-Image-2025-05-27-at-12.53.58-PM.jpeg?fit=1024%2C1280&ssl=1\",\"keywords\":[\"Imades\"],\"articleSection\":[\"Estado\"],\"inLanguage\":\"es\",\"potentialAction\":[{\"@type\":\"CommentAction\",\"name\":\"Comment\",\"target\":[\"https:\/\/masquenoticias.mx\/index.php\/2025\/05\/27\/colima-celebrara-el-dia-mundial-del-medio-ambiente-con-agendar-2-0-en-la-campana\/#respond\"]}]},{\"@type\":\"WebPage\",\"@id\":\"https:\/\/masquenoticias.mx\/index.php\/2025\/05\/27\/colima-celebrara-el-dia-mundial-del-medio-ambiente-con-agendar-2-0-en-la-campana\/\",\"url\":\"https:\/\/masquenoticias.mx\/index.php\/2025\/05\/27\/colima-celebrara-el-dia-mundial-del-medio-ambiente-con-agendar-2-0-en-la-campana\/\",\"name\":\"Colima celebrar\u00e1 el D\u00eda Mundial del Medio Ambiente con AgendaR 2.0 en 'La Campana' - M\u00e1s Que Noticias\",\"isPartOf\":{\"@id\":\"https:\/\/masquenoticias.mx\/#website\"},\"primaryImageOfPage\":{\"@id\":\"https:\/\/masquenoticias.mx\/index.php\/2025\/05\/27\/colima-celebrara-el-dia-mundial-del-medio-ambiente-con-agendar-2-0-en-la-campana\/#primaryimage\"},\"image\":{\"@id\":\"https:\/\/masquenoticias.mx\/index.php\/2025\/05\/27\/colima-celebrara-el-dia-mundial-del-medio-ambiente-con-agendar-2-0-en-la-campana\/#primaryimage\"},\"thumbnailUrl\":\"https:\/\/i0.wp.com\/masquenoticias.mx\/wp-content\/uploads\/2025\/05\/WhatsApp-Image-2025-05-27-at-12.53.58-PM.jpeg?fit=1024%2C1280&ssl=1\",\"datePublished\":\"2025-05-27T18:56:35+00:00\",\"breadcrumb\":{\"@id\":\"https:\/\/masquenoticias.mx\/index.php\/2025\/05\/27\/colima-celebrara-el-dia-mundial-del-medio-ambiente-con-agendar-2-0-en-la-campana\/#breadcrumb\"},\"inLanguage\":\"es\",\"potentialAction\":[{\"@type\":\"ReadAction\",\"target\":[\"https:\/\/masquenoticias.mx\/index.php\/2025\/05\/27\/colima-celebrara-el-dia-mundial-del-medio-ambiente-con-agendar-2-0-en-la-campana\/\"]}]},{\"@type\":\"ImageObject\",\"inLanguage\":\"es\",\"@id\":\"https:\/\/masquenoticias.mx\/index.php\/2025\/05\/27\/colima-celebrara-el-dia-mundial-del-medio-ambiente-con-agendar-2-0-en-la-campana\/#primaryimage\",\"url\":\"https:\/\/i0.wp.com\/masquenoticias.mx\/wp-content\/uploads\/2025\/05\/WhatsApp-Image-2025-05-27-at-12.53.58-PM.jpeg?fit=1024%2C1280&ssl=1\",\"contentUrl\":\"https:\/\/i0.wp.com\/masquenoticias.mx\/wp-content\/uploads\/2025\/05\/WhatsApp-Image-2025-05-27-at-12.53.58-PM.jpeg?fit=1024%2C1280&ssl=1\",\"width\":1024,\"height\":1280},{\"@type\":\"BreadcrumbList\",\"@id\":\"https:\/\/masquenoticias.mx\/index.php\/2025\/05\/27\/colima-celebrara-el-dia-mundial-del-medio-ambiente-con-agendar-2-0-en-la-campana\/#breadcrumb\",\"itemListElement\":[{\"@type\":\"ListItem\",\"position\":1,\"name\":\"Inicio\",\"item\":\"https:\/\/masquenoticias.mx\/\"},{\"@type\":\"ListItem\",\"position\":2,\"name\":\"Colima celebrar\u00e1 el D\u00eda Mundial del Medio Ambiente con AgendaR 2.0 en &#8216;La Campana&#8217;\"}]},{\"@type\":\"WebSite\",\"@id\":\"https:\/\/masquenoticias.mx\/#website\",\"url\":\"https:\/\/masquenoticias.mx\/\",\"name\":\"M\u00e1s Que Noticias\",\"description\":\"Noticias de Colima, M\u00e9xico y el Mundo\",\"publisher\":{\"@id\":\"https:\/\/masquenoticias.mx\/#organization\"},\"potentialAction\":[{\"@type\":\"SearchAction\",\"target\":{\"@type\":\"EntryPoint\",\"urlTemplate\":\"https:\/\/masquenoticias.mx\/?s={search_term_string}\"},\"query-input\":{\"@type\":\"PropertyValueSpecification\",\"valueRequired\":true,\"valueName\":\"search_term_string\"}}],\"inLanguage\":\"es\"},{\"@type\":\"Organization\",\"@id\":\"https:\/\/masquenoticias.mx\/#organization\",\"name\":\"M\u00e1s Que Noticias\",\"url\":\"https:\/\/masquenoticias.mx\/\",\"logo\":{\"@type\":\"ImageObject\",\"inLanguage\":\"es\",\"@id\":\"https:\/\/masquenoticias.mx\/#\/schema\/logo\/image\/\",\"url\":\"https:\/\/i0.wp.com\/masquenoticias.mx\/wp-content\/uploads\/2024\/04\/IMG_0004.png?fit=2560%2C1656&ssl=1\",\"contentUrl\":\"https:\/\/i0.wp.com\/masquenoticias.mx\/wp-content\/uploads\/2024\/04\/IMG_0004.png?fit=2560%2C1656&ssl=1\",\"width\":2560,\"height\":1656,\"caption\":\"M\u00e1s Que Noticias\"},\"image\":{\"@id\":\"https:\/\/masquenoticias.mx\/#\/schema\/logo\/image\/\"},\"sameAs\":[\"https:\/\/www.facebook.com\/masquenoticiascolima\",\"https:\/\/x.com\/edgartove\",\"https:\/\/www.instagram.com\/masquenoticiascolima\/\"]},{\"@type\":\"Person\",\"@id\":\"https:\/\/masquenoticias.mx\/#\/schema\/person\/544d19989ef23d34615f691f7a96e622\",\"name\":\"Redacci\u00f3n\",\"image\":{\"@type\":\"ImageObject\",\"inLanguage\":\"es\",\"@id\":\"https:\/\/masquenoticias.mx\/#\/schema\/person\/image\/\",\"url\":\"https:\/\/secure.gravatar.com\/avatar\/7fcc926d5b058d3f3d52d95b4d05dd58?s=96&d=mm&r=g\",\"contentUrl\":\"https:\/\/secure.gravatar.com\/avatar\/7fcc926d5b058d3f3d52d95b4d05dd58?s=96&d=mm&r=g\",\"caption\":\"Redacci\u00f3n\"},\"sameAs\":[\"http:\/\/masquenoticias.mx\"],\"url\":\"https:\/\/masquenoticias.mx\/index.php\/author\/edgartovegmail-com\/\"}]}<\/script>\n<!-- \/ Yoast SEO plugin. -->","yoast_head_json":{"title":"Colima celebrar\u00e1 el D\u00eda Mundial del Medio Ambiente con AgendaR 2.0 en 'La Campana' - M\u00e1s Que Noticias","robots":{"index":"index","follow":"follow","max-snippet":"max-snippet:-1","max-image-preview":"max-image-preview:large","max-video-preview":"max-video-preview:-1"},"canonical":"https:\/\/masquenoticias.mx\/index.php\/2025\/05\/27\/colima-celebrara-el-dia-mundial-del-medio-ambiente-con-agendar-2-0-en-la-campana\/","og_locale":"es_MX","og_type":"article","og_title":"Colima celebrar\u00e1 el D\u00eda Mundial del Medio Ambiente con AgendaR 2.0 en 'La Campana' - M\u00e1s Que Noticias","og_description":"El Gobierno del Estado de Colima, a trav\u00e9s del Instituto para el Medio Ambiente y Desarrollo Sustentable (Imades), invita a la poblaci\u00f3n a conmemorar el D\u00eda Mundial del Medio Ambiente con el evento \u2018AgendaR 2.0\u2019, que se llevar\u00e1 a cabo el s\u00e1bado 7 de junio en la zona norte del \u00c1rea Natural Protegida en el [&hellip;]","og_url":"https:\/\/masquenoticias.mx\/index.php\/2025\/05\/27\/colima-celebrara-el-dia-mundial-del-medio-ambiente-con-agendar-2-0-en-la-campana\/","og_site_name":"M\u00e1s Que Noticias","article_publisher":"https:\/\/www.facebook.com\/masquenoticiascolima","article_published_time":"2025-05-27T18:56:35+00:00","og_image":[{"width":1024,"height":1280,"url":"https:\/\/masquenoticias.mx\/wp-content\/uploads\/2025\/05\/WhatsApp-Image-2025-05-27-at-12.53.58-PM.jpeg","type":"image\/jpeg"}],"author":"Redacci\u00f3n","twitter_card":"summary_large_image","twitter_creator":"@edgartove","twitter_site":"@edgartove","twitter_misc":{"Escrito por":"Redacci\u00f3n","Tiempo de lectura":"2 minutos"},"schema":{"@context":"https:\/\/schema.org","@graph":[{"@type":"Article","@id":"https:\/\/masquenoticias.mx\/index.php\/2025\/05\/27\/colima-celebrara-el-dia-mundial-del-medio-ambiente-con-agendar-2-0-en-la-campana\/#article","isPartOf":{"@id":"https:\/\/masquenoticias.mx\/index.php\/2025\/05\/27\/colima-celebrara-el-dia-mundial-del-medio-ambiente-con-agendar-2-0-en-la-campana\/"},"author":{"name":"Redacci\u00f3n","@id":"https:\/\/masquenoticias.mx\/#\/schema\/person\/544d19989ef23d34615f691f7a96e622"},"headline":"Colima celebrar\u00e1 el D\u00eda Mundial del Medio Ambiente con AgendaR 2.0 en &#8216;La Campana&#8217;","datePublished":"2025-05-27T18:56:35+00:00","mainEntityOfPage":{"@id":"https:\/\/masquenoticias.mx\/index.php\/2025\/05\/27\/colima-celebrara-el-dia-mundial-del-medio-ambiente-con-agendar-2-0-en-la-campana\/"},"wordCount":381,"commentCount":0,"publisher":{"@id":"https:\/\/masquenoticias.mx\/#organization"},"image":{"@id":"https:\/\/masquenoticias.mx\/index.php\/2025\/05\/27\/colima-celebrara-el-dia-mundial-del-medio-ambiente-con-agendar-2-0-en-la-campana\/#primaryimage"},"thumbnailUrl":"https:\/\/i0.wp.com\/masquenoticias.mx\/wp-content\/uploads\/2025\/05\/WhatsApp-Image-2025-05-27-at-12.53.58-PM.jpeg?fit=1024%2C1280&ssl=1","keywords":["Imades"],"articleSection":["Estado"],"inLanguage":"es","potentialAction":[{"@type":"CommentAction","name":"Comment","target":["https:\/\/masquenoticias.mx\/index.php\/2025\/05\/27\/colima-celebrara-el-dia-mundial-del-medio-ambiente-con-agendar-2-0-en-la-campana\/#respond"]}]},{"@type":"WebPage","@id":"https:\/\/masquenoticias.mx\/index.php\/2025\/05\/27\/colima-celebrara-el-dia-mundial-del-medio-ambiente-con-agendar-2-0-en-la-campana\/","url":"https:\/\/masquenoticias.mx\/index.php\/2025\/05\/27\/colima-celebrara-el-dia-mundial-del-medio-ambiente-con-agendar-2-0-en-la-campana\/","name":"Colima celebrar\u00e1 el D\u00eda Mundial del Medio Ambiente con AgendaR 2.0 en 'La Campana' - M\u00e1s Que Noticias","isPartOf":{"@id":"https:\/\/masquenoticias.mx\/#website"},"primaryImageOfPage":{"@id":"https:\/\/masquenoticias.mx\/index.php\/2025\/05\/27\/colima-celebrara-el-dia-mundial-del-medio-ambiente-con-agendar-2-0-en-la-campana\/#primaryimage"},"image":{"@id":"https:\/\/masquenoticias.mx\/index.php\/2025\/05\/27\/colima-celebrara-el-dia-mundial-del-medio-ambiente-con-agendar-2-0-en-la-campana\/#primaryimage"},"thumbnailUrl":"https:\/\/i0.wp.com\/masquenoticias.mx\/wp-content\/uploads\/2025\/05\/WhatsApp-Image-2025-05-27-at-12.53.58-PM.jpeg?fit=1024%2C1280&ssl=1","datePublished":"2025-05-27T18:56:35+00:00","breadcrumb":{"@id":"https:\/\/masquenoticias.mx\/index.php\/2025\/05\/27\/colima-celebrara-el-dia-mundial-del-medio-ambiente-con-agendar-2-0-en-la-campana\/#breadcrumb"},"inLanguage":"es","potentialAction":[{"@type":"ReadAction","target":["https:\/\/masquenoticias.mx\/index.php\/2025\/05\/27\/colima-celebrara-el-dia-mundial-del-medio-ambiente-con-agendar-2-0-en-la-campana\/"]}]},{"@type":"ImageObject","inLanguage":"es","@id":"https:\/\/masquenoticias.mx\/index.php\/2025\/05\/27\/colima-celebrara-el-dia-mundial-del-medio-ambiente-con-agendar-2-0-en-la-campana\/#primaryimage","url":"https:\/\/i0.wp.com\/masquenoticias.mx\/wp-content\/uploads\/2025\/05\/WhatsApp-Image-2025-05-27-at-12.53.58-PM.jpeg?fit=1024%2C1280&ssl=1","contentUrl":"https:\/\/i0.wp.com\/masquenoticias.mx\/wp-content\/uploads\/2025\/05\/WhatsApp-Image-2025-05-27-at-12.53.58-PM.jpeg?fit=1024%2C1280&ssl=1","width":1024,"height":1280},{"@type":"BreadcrumbList","@id":"https:\/\/masquenoticias.mx\/index.php\/2025\/05\/27\/colima-celebrara-el-dia-mundial-del-medio-ambiente-con-agendar-2-0-en-la-campana\/#breadcrumb","itemListElement":[{"@type":"ListItem","position":1,"name":"Inicio","item":"https:\/\/masquenoticias.mx\/"},{"@type":"ListItem","position":2,"name":"Colima celebrar\u00e1 el D\u00eda Mundial del Medio Ambiente con AgendaR 2.0 en &#8216;La Campana&#8217;"}]},{"@type":"WebSite","@id":"https:\/\/masquenoticias.mx\/#website","url":"https:\/\/masquenoticias.mx\/","name":"M\u00e1s Que Noticias","description":"Noticias de Colima, M\u00e9xico y el Mundo","publisher":{"@id":"https:\/\/masquenoticias.mx\/#organization"},"potentialAction":[{"@type":"SearchAction","target":{"@type":"EntryPoint","urlTemplate":"https:\/\/masquenoticias.mx\/?s={search_term_string}"},"query-input":{"@type":"PropertyValueSpecification","valueRequired":true,"valueName":"search_term_string"}}],"inLanguage":"es"},{"@type":"Organization","@id":"https:\/\/masquenoticias.mx\/#organization","name":"M\u00e1s Que Noticias","url":"https:\/\/masquenoticias.mx\/","logo":{"@type":"ImageObject","inLanguage":"es","@id":"https:\/\/masquenoticias.mx\/#\/schema\/logo\/image\/","url":"https:\/\/i0.wp.com\/masquenoticias.mx\/wp-content\/uploads\/2024\/04\/IMG_0004.png?fit=2560%2C1656&ssl=1","contentUrl":"https:\/\/i0.wp.com\/masquenoticias.mx\/wp-content\/uploads\/2024\/04\/IMG_0004.png?fit=2560%2C1656&ssl=1","width":2560,"height":1656,"caption":"M\u00e1s Que Noticias"},"image":{"@id":"https:\/\/masquenoticias.mx\/#\/schema\/logo\/image\/"},"sameAs":["https:\/\/www.facebook.com\/masquenoticiascolima","https:\/\/x.com\/edgartove","https:\/\/www.instagram.com\/masquenoticiascolima\/"]},{"@type":"Person","@id":"https:\/\/masquenoticias.mx\/#\/schema\/person\/544d19989ef23d34615f691f7a96e622","name":"Redacci\u00f3n","image":{"@type":"ImageObject","inLanguage":"es","@id":"https:\/\/masquenoticias.mx\/#\/schema\/person\/image\/","url":"https:\/\/secure.gravatar.com\/avatar\/7fcc926d5b058d3f3d52d95b4d05dd58?s=96&d=mm&r=g","contentUrl":"https:\/\/secure.gravatar.com\/avatar\/7fcc926d5b058d3f3d52d95b4d05dd58?s=96&d=mm&r=g","caption":"Redacci\u00f3n"},"sameAs":["http:\/\/masquenoticias.mx"],"url":"https:\/\/masquenoticias.mx\/index.php\/author\/edgartovegmail-com\/"}]}},"jetpack_featured_media_url":"https:\/\/i0.wp.com\/masquenoticias.mx\/wp-content\/uploads\/2025\/05\/WhatsApp-Image-2025-05-27-at-12.53.58-PM.jpeg?fit=1024%2C1280&ssl=1","blog_post_layout_featured_media_urls":{"thumbnail":["https:\/\/i0.wp.com\/masquenoticias.mx\/wp-content\/uploads\/2025\/05\/WhatsApp-Image-2025-05-27-at-12.53.58-PM.jpeg?resize=150%2C150&ssl=1",150,150,true],"full":["https:\/\/i0.wp.com\/masquenoticias.mx\/wp-content\/uploads\/2025\/05\/WhatsApp-Image-2025-05-27-at-12.53.58-PM.jpeg?fit=1024%2C1280&ssl=1",1024,1280,false]},"categories_names":{"24":{"name":"Estado","link":"https:\/\/masquenoticias.mx\/index.php\/category\/estado\/"}},"tags_names":{"92":{"name":"Imades","link":"https:\/\/masquenoticias.mx\/index.php\/tag\/imades\/"}},"comments_number":"0","wpmagazine_modules_lite_featured_media_urls":{"thumbnail":["https:\/\/i0.wp.com\/masquenoticias.mx\/wp-content\/uploads\/2025\/05\/WhatsApp-Image-2025-05-27-at-12.53.58-PM.jpeg?resize=150%2C150&ssl=1",150,150,true],"cvmm-medium":["https:\/\/i0.wp.com\/masquenoticias.mx\/wp-content\/uploads\/2025\/05\/WhatsApp-Image-2025-05-27-at-12.53.58-PM.jpeg?resize=300%2C300&ssl=1",300,300,true],"cvmm-medium-plus":["https:\/\/i0.wp.com\/masquenoticias.mx\/wp-content\/uploads\/2025\/05\/WhatsApp-Image-2025-05-27-at-12.53.58-PM.jpeg?resize=305%2C207&ssl=1",305,207,true],"cvmm-portrait":["https:\/\/i0.wp.com\/masquenoticias.mx\/wp-content\/uploads\/2025\/05\/WhatsApp-Image-2025-05-27-at-12.53.58-PM.jpeg?resize=400%2C600&ssl=1",400,600,true],"cvmm-medium-square":["https:\/\/i0.wp.com\/masquenoticias.mx\/wp-content\/uploads\/2025\/05\/WhatsApp-Image-2025-05-27-at-12.53.58-PM.jpeg?resize=600%2C600&ssl=1",600,600,true],"cvmm-large":["https:\/\/i0.wp.com\/masquenoticias.mx\/wp-content\/uploads\/2025\/05\/WhatsApp-Image-2025-05-27-at-12.53.58-PM.jpeg?resize=1024%2C1024&ssl=1",1024,1024,true],"cvmm-small":["https:\/\/i0.wp.com\/masquenoticias.mx\/wp-content\/uploads\/2025\/05\/WhatsApp-Image-2025-05-27-at-12.53.58-PM.jpeg?resize=130%2C95&ssl=1",130,95,true],"full":["https:\/\/i0.wp.com\/masquenoticias.mx\/wp-content\/uploads\/2025\/05\/WhatsApp-Image-2025-05-27-at-12.53.58-PM.jpeg?fit=1024%2C1280&ssl=1",1024,1280,false]},"jetpack-related-posts":[],"jetpack_sharing_enabled":true,"jetpack_likes_enabled":true,"jetpack_shortlink":"https:\/\/wp.me\/pf7pkt-4im","_links":{"self":[{"href":"https:\/\/masquenoticias.mx\/index.php\/wp-json\/wp\/v2\/posts\/16514","targetHints":{"allow":["GET"]}}],"collection":[{"href":"https:\/\/masquenoticias.mx\/index.php\/wp-json\/wp\/v2\/posts"}],"about":[{"href":"https:\/\/masquenoticias.mx\/index.php\/wp-json\/wp\/v2\/types\/post"}],"author":[{"embeddable":true,"href":"https:\/\/masquenoticias.mx\/index.php\/wp-json\/wp\/v2\/users\/1"}],"replies":[{"embeddable":true,"href":"https:\/\/masquenoticias.mx\/index.php\/wp-json\/wp\/v2\/comments?post=16514"}],"version-history":[{"count":1,"href":"https:\/\/masquenoticias.mx\/index.php\/wp-json\/wp\/v2\/posts\/16514\/revisions"}],"predecessor-version":[{"id":16516,"href":"https:\/\/masquenoticias.mx\/index.php\/wp-json\/wp\/v2\/posts\/16514\/revisions\/16516"}],"wp:featuredmedia":[{"embeddable":true,"href":"https:\/\/masquenoticias.mx\/index.php\/wp-json\/wp\/v2\/media\/16515"}],"wp:attachment":[{"href":"https:\/\/masquenoticias.mx\/index.php\/wp-json\/wp\/v2\/media?parent=16514"}],"wp:term":[{"taxonomy":"category","embeddable":true,"href":"https:\/\/masquenoticias.mx\/index.php\/wp-json\/wp\/v2\/categories?post=16514"},{"taxonomy":"post_tag","embeddable":true,"href":"https:\/\/masquenoticias.mx\/index.php\/wp-json\/wp\/v2\/tags?post=16514"}],"curies":[{"name":"wp","href":"https:\/\/api.w.org\/{rel}","templated":true}]}}