{"id":1604,"date":"2023-07-17T18:44:54","date_gmt":"2023-07-18T00:44:54","guid":{"rendered":"https:\/\/masquenoticias.mx\/?p=1604"},"modified":"2023-07-17T18:44:54","modified_gmt":"2023-07-18T00:44:54","slug":"viene-a-colima-claudia-sheinbaum-el-domingo-23","status":"publish","type":"post","link":"https:\/\/masquenoticias.mx\/index.php\/2023\/07\/17\/viene-a-colima-claudia-sheinbaum-el-domingo-23\/","title":{"rendered":"Viene a Colima Claudia Sheinbaum el domingo 23"},"content":{"rendered":"<p>El pr\u00f3ximo domingo 23 de julio estar\u00e1 en Colima Claudia Sheinbaum Pardo como parte de su gira de acercamiento con militantes y simpatizantes para encabezar la defensa de la Cuarta Transformaci\u00f3n, anunci\u00f3 en rueda de prensa uno de sus coordinadores nacionales, Julio Le\u00f3n Trujillo.<\/p>\n<p>Sheinbaum Pardo tendr\u00e1 un evento multitudinario a las afueras de la ex zona militar, para lo que ya se han gestionado los permisos necesarios para cerrar esa v\u00eda. Aunque no se descarta que en el inter se confirme otra reuni\u00f3n posiblemente en Manzanillo, de momento los coordinadores prefieren esperar y en caso de que as\u00ed suceda se enterar\u00eda de forma oportuna.<\/p>\n<p>Le\u00f3n Trujillo resalt\u00f3 que la Doctora Sheinbaum tiene un nivel de conocimiento alto entre la poblaci\u00f3n colimense, afirm\u00f3 que se mantiene en los primeros lugares en las encuestas que han realizado mediciones y conf\u00edan que pueda ser la militante morenista que en el futuro encabece los esfuerzos de la 4T.<\/p>\n<p>Por su parte, el Coordinador en el estado, Vladimir Parra Barrag\u00e1n, resalt\u00f3 la trayectoria de quien describi\u00f3 como una mujer cient\u00edfica a quien se le puede atribuir la reducci\u00f3n de la contaminaci\u00f3n en la Ciudad de M\u00e9xico, quien ha trabajado de forma cercana en los momentos claves de la transformaci\u00f3n al lado de Andr\u00e9s Manuel L\u00f3pez Obrador y que con su trabajo ha acreditado coherencia y liderazgo.<\/p>\n<p>Refrend\u00f3 que las firmas m\u00e1s reconocidas de medici\u00f3n de opini\u00f3n dan por lo menos 9 puntos de ventaja a Claudia Sheinbaum por encima de los otros competidores<\/p>\n<p>El evento est\u00e1 programado para que arranque a las 4 de la tarde, se espera la participaci\u00f3n de militantes y simpatizantes de todo el estado de Colima y se decidi\u00f3 en ese sitio p\u00fablico para evitar gastos onerosos, apunt\u00f3 el coordinador.<\/p>\n<p>&nbsp;<\/p>\n<p><iframe style=\"border: none; overflow: hidden;\" src=\"https:\/\/www.facebook.com\/plugins\/video.php?height=314&amp;href=https%3A%2F%2Fwww.facebook.com%2Fmasquenoticiascolima%2Fvideos%2F1054602135985591%2F&amp;show_text=false&amp;width=560&amp;t=0\" width=\"560\" height=\"314\" frameborder=\"0\" scrolling=\"no\" allowfullscreen=\"allowfullscreen\"><\/iframe><\/p>\n","protected":false},"excerpt":{"rendered":"<p>El pr\u00f3ximo domingo 23 de julio estar\u00e1 en Colima Claudia Sheinbaum Pardo como parte de su gira de acercamiento con militantes y simpatizantes para encabezar la defensa de la Cuarta Transformaci\u00f3n, anunci\u00f3 en rueda de prensa uno de sus coordinadores nacionales, Julio Le\u00f3n Trujillo. Sheinbaum Pardo tendr\u00e1 un evento multitudinario a las afueras de la [&hellip;]<\/p>\n","protected":false},"author":1,"featured_media":1605,"comment_status":"open","ping_status":"open","sticky":false,"template":"","format":"standard","meta":{"_jetpack_memberships_contains_paid_content":false,"footnotes":""},"categories":[32],"tags":[182,181,87],"class_list":["post-1604","post","type-post","status-publish","format-standard","has-post-thumbnail","hentry","category-politica","tag-4t","tag-claudia-sheinbaum","tag-morena"],"yoast_head":"<!-- This site is optimized with the Yoast SEO plugin v26.6 - https:\/\/yoast.com\/wordpress\/plugins\/seo\/ -->\n<title>Viene a Colima Claudia Sheinbaum el domingo 23 - M\u00e1s Que Noticias<\/title>\n<meta name=\"robots\" content=\"index, follow, max-snippet:-1, max-image-preview:large, max-video-preview:-1\" \/>\n<link rel=\"canonical\" href=\"https:\/\/masquenoticias.mx\/index.php\/2023\/07\/17\/viene-a-colima-claudia-sheinbaum-el-domingo-23\/\" \/>\n<meta property=\"og:locale\" content=\"es_MX\" \/>\n<meta property=\"og:type\" content=\"article\" \/>\n<meta property=\"og:title\" content=\"Viene a Colima Claudia Sheinbaum el domingo 23 - M\u00e1s Que Noticias\" \/>\n<meta property=\"og:description\" content=\"El pr\u00f3ximo domingo 23 de julio estar\u00e1 en Colima Claudia Sheinbaum Pardo como parte de su gira de acercamiento con militantes y simpatizantes para encabezar la defensa de la Cuarta Transformaci\u00f3n, anunci\u00f3 en rueda de prensa uno de sus coordinadores nacionales, Julio Le\u00f3n Trujillo. Sheinbaum Pardo tendr\u00e1 un evento multitudinario a las afueras de la [&hellip;]\" \/>\n<meta property=\"og:url\" content=\"https:\/\/masquenoticias.mx\/index.php\/2023\/07\/17\/viene-a-colima-claudia-sheinbaum-el-domingo-23\/\" \/>\n<meta property=\"og:site_name\" content=\"M\u00e1s Que Noticias\" \/>\n<meta property=\"article:publisher\" content=\"https:\/\/www.facebook.com\/masquenoticiascolima\" \/>\n<meta property=\"article:published_time\" content=\"2023-07-18T00:44:54+00:00\" \/>\n<meta property=\"og:image\" content=\"https:\/\/i0.wp.com\/masquenoticias.mx\/wp-content\/uploads\/2023\/07\/Sheinbaum-RP-jpeg.webp?fit=1600%2C900&ssl=1\" \/>\n\t<meta property=\"og:image:width\" content=\"1600\" \/>\n\t<meta property=\"og:image:height\" content=\"900\" \/>\n\t<meta property=\"og:image:type\" content=\"image\/jpeg\" \/>\n<meta name=\"author\" content=\"Redacci\u00f3n\" \/>\n<meta name=\"twitter:card\" content=\"summary_large_image\" \/>\n<meta name=\"twitter:creator\" content=\"@edgartove\" \/>\n<meta name=\"twitter:site\" content=\"@edgartove\" \/>\n<meta name=\"twitter:label1\" content=\"Escrito por\" \/>\n\t<meta name=\"twitter:data1\" content=\"Redacci\u00f3n\" \/>\n\t<meta name=\"twitter:label2\" content=\"Tiempo de lectura\" \/>\n\t<meta name=\"twitter:data2\" content=\"2 minutos\" \/>\n<script type=\"application\/ld+json\" class=\"yoast-schema-graph\">{\"@context\":\"https:\/\/schema.org\",\"@graph\":[{\"@type\":\"Article\",\"@id\":\"https:\/\/masquenoticias.mx\/index.php\/2023\/07\/17\/viene-a-colima-claudia-sheinbaum-el-domingo-23\/#article\",\"isPartOf\":{\"@id\":\"https:\/\/masquenoticias.mx\/index.php\/2023\/07\/17\/viene-a-colima-claudia-sheinbaum-el-domingo-23\/\"},\"author\":{\"name\":\"Redacci\u00f3n\",\"@id\":\"https:\/\/masquenoticias.mx\/#\/schema\/person\/544d19989ef23d34615f691f7a96e622\"},\"headline\":\"Viene a Colima Claudia Sheinbaum el domingo 23\",\"datePublished\":\"2023-07-18T00:44:54+00:00\",\"mainEntityOfPage\":{\"@id\":\"https:\/\/masquenoticias.mx\/index.php\/2023\/07\/17\/viene-a-colima-claudia-sheinbaum-el-domingo-23\/\"},\"wordCount\":317,\"commentCount\":0,\"publisher\":{\"@id\":\"https:\/\/masquenoticias.mx\/#organization\"},\"image\":{\"@id\":\"https:\/\/masquenoticias.mx\/index.php\/2023\/07\/17\/viene-a-colima-claudia-sheinbaum-el-domingo-23\/#primaryimage\"},\"thumbnailUrl\":\"https:\/\/i0.wp.com\/masquenoticias.mx\/wp-content\/uploads\/2023\/07\/Sheinbaum-RP-jpeg.webp?fit=1600%2C900&ssl=1\",\"keywords\":[\"4T\",\"Claudia Sheinbaum\",\"Morena\"],\"articleSection\":[\"Pol\u00edtica\"],\"inLanguage\":\"es\",\"potentialAction\":[{\"@type\":\"CommentAction\",\"name\":\"Comment\",\"target\":[\"https:\/\/masquenoticias.mx\/index.php\/2023\/07\/17\/viene-a-colima-claudia-sheinbaum-el-domingo-23\/#respond\"]}]},{\"@type\":\"WebPage\",\"@id\":\"https:\/\/masquenoticias.mx\/index.php\/2023\/07\/17\/viene-a-colima-claudia-sheinbaum-el-domingo-23\/\",\"url\":\"https:\/\/masquenoticias.mx\/index.php\/2023\/07\/17\/viene-a-colima-claudia-sheinbaum-el-domingo-23\/\",\"name\":\"Viene a Colima Claudia Sheinbaum el domingo 23 - M\u00e1s Que Noticias\",\"isPartOf\":{\"@id\":\"https:\/\/masquenoticias.mx\/#website\"},\"primaryImageOfPage\":{\"@id\":\"https:\/\/masquenoticias.mx\/index.php\/2023\/07\/17\/viene-a-colima-claudia-sheinbaum-el-domingo-23\/#primaryimage\"},\"image\":{\"@id\":\"https:\/\/masquenoticias.mx\/index.php\/2023\/07\/17\/viene-a-colima-claudia-sheinbaum-el-domingo-23\/#primaryimage\"},\"thumbnailUrl\":\"https:\/\/i0.wp.com\/masquenoticias.mx\/wp-content\/uploads\/2023\/07\/Sheinbaum-RP-jpeg.webp?fit=1600%2C900&ssl=1\",\"datePublished\":\"2023-07-18T00:44:54+00:00\",\"breadcrumb\":{\"@id\":\"https:\/\/masquenoticias.mx\/index.php\/2023\/07\/17\/viene-a-colima-claudia-sheinbaum-el-domingo-23\/#breadcrumb\"},\"inLanguage\":\"es\",\"potentialAction\":[{\"@type\":\"ReadAction\",\"target\":[\"https:\/\/masquenoticias.mx\/index.php\/2023\/07\/17\/viene-a-colima-claudia-sheinbaum-el-domingo-23\/\"]}]},{\"@type\":\"ImageObject\",\"inLanguage\":\"es\",\"@id\":\"https:\/\/masquenoticias.mx\/index.php\/2023\/07\/17\/viene-a-colima-claudia-sheinbaum-el-domingo-23\/#primaryimage\",\"url\":\"https:\/\/i0.wp.com\/masquenoticias.mx\/wp-content\/uploads\/2023\/07\/Sheinbaum-RP-jpeg.webp?fit=1600%2C900&ssl=1\",\"contentUrl\":\"https:\/\/i0.wp.com\/masquenoticias.mx\/wp-content\/uploads\/2023\/07\/Sheinbaum-RP-jpeg.webp?fit=1600%2C900&ssl=1\",\"width\":1600,\"height\":900},{\"@type\":\"BreadcrumbList\",\"@id\":\"https:\/\/masquenoticias.mx\/index.php\/2023\/07\/17\/viene-a-colima-claudia-sheinbaum-el-domingo-23\/#breadcrumb\",\"itemListElement\":[{\"@type\":\"ListItem\",\"position\":1,\"name\":\"Inicio\",\"item\":\"https:\/\/masquenoticias.mx\/\"},{\"@type\":\"ListItem\",\"position\":2,\"name\":\"Viene a Colima Claudia Sheinbaum el domingo 23\"}]},{\"@type\":\"WebSite\",\"@id\":\"https:\/\/masquenoticias.mx\/#website\",\"url\":\"https:\/\/masquenoticias.mx\/\",\"name\":\"M\u00e1s Que Noticias\",\"description\":\"Noticias de Colima, M\u00e9xico y el Mundo\",\"publisher\":{\"@id\":\"https:\/\/masquenoticias.mx\/#organization\"},\"potentialAction\":[{\"@type\":\"SearchAction\",\"target\":{\"@type\":\"EntryPoint\",\"urlTemplate\":\"https:\/\/masquenoticias.mx\/?s={search_term_string}\"},\"query-input\":{\"@type\":\"PropertyValueSpecification\",\"valueRequired\":true,\"valueName\":\"search_term_string\"}}],\"inLanguage\":\"es\"},{\"@type\":\"Organization\",\"@id\":\"https:\/\/masquenoticias.mx\/#organization\",\"name\":\"M\u00e1s Que Noticias\",\"url\":\"https:\/\/masquenoticias.mx\/\",\"logo\":{\"@type\":\"ImageObject\",\"inLanguage\":\"es\",\"@id\":\"https:\/\/masquenoticias.mx\/#\/schema\/logo\/image\/\",\"url\":\"https:\/\/i0.wp.com\/masquenoticias.mx\/wp-content\/uploads\/2024\/04\/IMG_0004.png?fit=2560%2C1656&ssl=1\",\"contentUrl\":\"https:\/\/i0.wp.com\/masquenoticias.mx\/wp-content\/uploads\/2024\/04\/IMG_0004.png?fit=2560%2C1656&ssl=1\",\"width\":2560,\"height\":1656,\"caption\":\"M\u00e1s Que Noticias\"},\"image\":{\"@id\":\"https:\/\/masquenoticias.mx\/#\/schema\/logo\/image\/\"},\"sameAs\":[\"https:\/\/www.facebook.com\/masquenoticiascolima\",\"https:\/\/x.com\/edgartove\",\"https:\/\/www.instagram.com\/masquenoticiascolima\/\"]},{\"@type\":\"Person\",\"@id\":\"https:\/\/masquenoticias.mx\/#\/schema\/person\/544d19989ef23d34615f691f7a96e622\",\"name\":\"Redacci\u00f3n\",\"image\":{\"@type\":\"ImageObject\",\"inLanguage\":\"es\",\"@id\":\"https:\/\/masquenoticias.mx\/#\/schema\/person\/image\/\",\"url\":\"https:\/\/secure.gravatar.com\/avatar\/7fcc926d5b058d3f3d52d95b4d05dd58?s=96&d=mm&r=g\",\"contentUrl\":\"https:\/\/secure.gravatar.com\/avatar\/7fcc926d5b058d3f3d52d95b4d05dd58?s=96&d=mm&r=g\",\"caption\":\"Redacci\u00f3n\"},\"sameAs\":[\"http:\/\/masquenoticias.mx\"],\"url\":\"https:\/\/masquenoticias.mx\/index.php\/author\/edgartovegmail-com\/\"}]}<\/script>\n<!-- \/ Yoast SEO plugin. -->","yoast_head_json":{"title":"Viene a Colima Claudia Sheinbaum el domingo 23 - M\u00e1s Que Noticias","robots":{"index":"index","follow":"follow","max-snippet":"max-snippet:-1","max-image-preview":"max-image-preview:large","max-video-preview":"max-video-preview:-1"},"canonical":"https:\/\/masquenoticias.mx\/index.php\/2023\/07\/17\/viene-a-colima-claudia-sheinbaum-el-domingo-23\/","og_locale":"es_MX","og_type":"article","og_title":"Viene a Colima Claudia Sheinbaum el domingo 23 - M\u00e1s Que Noticias","og_description":"El pr\u00f3ximo domingo 23 de julio estar\u00e1 en Colima Claudia Sheinbaum Pardo como parte de su gira de acercamiento con militantes y simpatizantes para encabezar la defensa de la Cuarta Transformaci\u00f3n, anunci\u00f3 en rueda de prensa uno de sus coordinadores nacionales, Julio Le\u00f3n Trujillo. Sheinbaum Pardo tendr\u00e1 un evento multitudinario a las afueras de la [&hellip;]","og_url":"https:\/\/masquenoticias.mx\/index.php\/2023\/07\/17\/viene-a-colima-claudia-sheinbaum-el-domingo-23\/","og_site_name":"M\u00e1s Que Noticias","article_publisher":"https:\/\/www.facebook.com\/masquenoticiascolima","article_published_time":"2023-07-18T00:44:54+00:00","og_image":[{"width":1600,"height":900,"url":"https:\/\/i0.wp.com\/masquenoticias.mx\/wp-content\/uploads\/2023\/07\/Sheinbaum-RP-jpeg.webp?fit=1600%2C900&ssl=1","type":"image\/jpeg"}],"author":"Redacci\u00f3n","twitter_card":"summary_large_image","twitter_creator":"@edgartove","twitter_site":"@edgartove","twitter_misc":{"Escrito por":"Redacci\u00f3n","Tiempo de lectura":"2 minutos"},"schema":{"@context":"https:\/\/schema.org","@graph":[{"@type":"Article","@id":"https:\/\/masquenoticias.mx\/index.php\/2023\/07\/17\/viene-a-colima-claudia-sheinbaum-el-domingo-23\/#article","isPartOf":{"@id":"https:\/\/masquenoticias.mx\/index.php\/2023\/07\/17\/viene-a-colima-claudia-sheinbaum-el-domingo-23\/"},"author":{"name":"Redacci\u00f3n","@id":"https:\/\/masquenoticias.mx\/#\/schema\/person\/544d19989ef23d34615f691f7a96e622"},"headline":"Viene a Colima Claudia Sheinbaum el domingo 23","datePublished":"2023-07-18T00:44:54+00:00","mainEntityOfPage":{"@id":"https:\/\/masquenoticias.mx\/index.php\/2023\/07\/17\/viene-a-colima-claudia-sheinbaum-el-domingo-23\/"},"wordCount":317,"commentCount":0,"publisher":{"@id":"https:\/\/masquenoticias.mx\/#organization"},"image":{"@id":"https:\/\/masquenoticias.mx\/index.php\/2023\/07\/17\/viene-a-colima-claudia-sheinbaum-el-domingo-23\/#primaryimage"},"thumbnailUrl":"https:\/\/i0.wp.com\/masquenoticias.mx\/wp-content\/uploads\/2023\/07\/Sheinbaum-RP-jpeg.webp?fit=1600%2C900&ssl=1","keywords":["4T","Claudia Sheinbaum","Morena"],"articleSection":["Pol\u00edtica"],"inLanguage":"es","potentialAction":[{"@type":"CommentAction","name":"Comment","target":["https:\/\/masquenoticias.mx\/index.php\/2023\/07\/17\/viene-a-colima-claudia-sheinbaum-el-domingo-23\/#respond"]}]},{"@type":"WebPage","@id":"https:\/\/masquenoticias.mx\/index.php\/2023\/07\/17\/viene-a-colima-claudia-sheinbaum-el-domingo-23\/","url":"https:\/\/masquenoticias.mx\/index.php\/2023\/07\/17\/viene-a-colima-claudia-sheinbaum-el-domingo-23\/","name":"Viene a Colima Claudia Sheinbaum el domingo 23 - M\u00e1s Que Noticias","isPartOf":{"@id":"https:\/\/masquenoticias.mx\/#website"},"primaryImageOfPage":{"@id":"https:\/\/masquenoticias.mx\/index.php\/2023\/07\/17\/viene-a-colima-claudia-sheinbaum-el-domingo-23\/#primaryimage"},"image":{"@id":"https:\/\/masquenoticias.mx\/index.php\/2023\/07\/17\/viene-a-colima-claudia-sheinbaum-el-domingo-23\/#primaryimage"},"thumbnailUrl":"https:\/\/i0.wp.com\/masquenoticias.mx\/wp-content\/uploads\/2023\/07\/Sheinbaum-RP-jpeg.webp?fit=1600%2C900&ssl=1","datePublished":"2023-07-18T00:44:54+00:00","breadcrumb":{"@id":"https:\/\/masquenoticias.mx\/index.php\/2023\/07\/17\/viene-a-colima-claudia-sheinbaum-el-domingo-23\/#breadcrumb"},"inLanguage":"es","potentialAction":[{"@type":"ReadAction","target":["https:\/\/masquenoticias.mx\/index.php\/2023\/07\/17\/viene-a-colima-claudia-sheinbaum-el-domingo-23\/"]}]},{"@type":"ImageObject","inLanguage":"es","@id":"https:\/\/masquenoticias.mx\/index.php\/2023\/07\/17\/viene-a-colima-claudia-sheinbaum-el-domingo-23\/#primaryimage","url":"https:\/\/i0.wp.com\/masquenoticias.mx\/wp-content\/uploads\/2023\/07\/Sheinbaum-RP-jpeg.webp?fit=1600%2C900&ssl=1","contentUrl":"https:\/\/i0.wp.com\/masquenoticias.mx\/wp-content\/uploads\/2023\/07\/Sheinbaum-RP-jpeg.webp?fit=1600%2C900&ssl=1","width":1600,"height":900},{"@type":"BreadcrumbList","@id":"https:\/\/masquenoticias.mx\/index.php\/2023\/07\/17\/viene-a-colima-claudia-sheinbaum-el-domingo-23\/#breadcrumb","itemListElement":[{"@type":"ListItem","position":1,"name":"Inicio","item":"https:\/\/masquenoticias.mx\/"},{"@type":"ListItem","position":2,"name":"Viene a Colima Claudia Sheinbaum el domingo 23"}]},{"@type":"WebSite","@id":"https:\/\/masquenoticias.mx\/#website","url":"https:\/\/masquenoticias.mx\/","name":"M\u00e1s Que Noticias","description":"Noticias de Colima, M\u00e9xico y el Mundo","publisher":{"@id":"https:\/\/masquenoticias.mx\/#organization"},"potentialAction":[{"@type":"SearchAction","target":{"@type":"EntryPoint","urlTemplate":"https:\/\/masquenoticias.mx\/?s={search_term_string}"},"query-input":{"@type":"PropertyValueSpecification","valueRequired":true,"valueName":"search_term_string"}}],"inLanguage":"es"},{"@type":"Organization","@id":"https:\/\/masquenoticias.mx\/#organization","name":"M\u00e1s Que Noticias","url":"https:\/\/masquenoticias.mx\/","logo":{"@type":"ImageObject","inLanguage":"es","@id":"https:\/\/masquenoticias.mx\/#\/schema\/logo\/image\/","url":"https:\/\/i0.wp.com\/masquenoticias.mx\/wp-content\/uploads\/2024\/04\/IMG_0004.png?fit=2560%2C1656&ssl=1","contentUrl":"https:\/\/i0.wp.com\/masquenoticias.mx\/wp-content\/uploads\/2024\/04\/IMG_0004.png?fit=2560%2C1656&ssl=1","width":2560,"height":1656,"caption":"M\u00e1s Que Noticias"},"image":{"@id":"https:\/\/masquenoticias.mx\/#\/schema\/logo\/image\/"},"sameAs":["https:\/\/www.facebook.com\/masquenoticiascolima","https:\/\/x.com\/edgartove","https:\/\/www.instagram.com\/masquenoticiascolima\/"]},{"@type":"Person","@id":"https:\/\/masquenoticias.mx\/#\/schema\/person\/544d19989ef23d34615f691f7a96e622","name":"Redacci\u00f3n","image":{"@type":"ImageObject","inLanguage":"es","@id":"https:\/\/masquenoticias.mx\/#\/schema\/person\/image\/","url":"https:\/\/secure.gravatar.com\/avatar\/7fcc926d5b058d3f3d52d95b4d05dd58?s=96&d=mm&r=g","contentUrl":"https:\/\/secure.gravatar.com\/avatar\/7fcc926d5b058d3f3d52d95b4d05dd58?s=96&d=mm&r=g","caption":"Redacci\u00f3n"},"sameAs":["http:\/\/masquenoticias.mx"],"url":"https:\/\/masquenoticias.mx\/index.php\/author\/edgartovegmail-com\/"}]}},"jetpack_featured_media_url":"https:\/\/i0.wp.com\/masquenoticias.mx\/wp-content\/uploads\/2023\/07\/Sheinbaum-RP-jpeg.webp?fit=1600%2C900&ssl=1","blog_post_layout_featured_media_urls":{"thumbnail":["https:\/\/i0.wp.com\/masquenoticias.mx\/wp-content\/uploads\/2023\/07\/Sheinbaum-RP-jpeg.webp?resize=150%2C150&ssl=1",150,150,true],"full":["https:\/\/i0.wp.com\/masquenoticias.mx\/wp-content\/uploads\/2023\/07\/Sheinbaum-RP-jpeg.webp?fit=1600%2C900&ssl=1",1600,900,false]},"categories_names":{"32":{"name":"Pol\u00edtica","link":"https:\/\/masquenoticias.mx\/index.php\/category\/politica\/"}},"tags_names":{"182":{"name":"4T","link":"https:\/\/masquenoticias.mx\/index.php\/tag\/4t\/"},"181":{"name":"Claudia Sheinbaum","link":"https:\/\/masquenoticias.mx\/index.php\/tag\/claudia-sheinbaum\/"},"87":{"name":"Morena","link":"https:\/\/masquenoticias.mx\/index.php\/tag\/morena\/"}},"comments_number":"0","wpmagazine_modules_lite_featured_media_urls":{"thumbnail":["https:\/\/i0.wp.com\/masquenoticias.mx\/wp-content\/uploads\/2023\/07\/Sheinbaum-RP-jpeg.webp?resize=150%2C150&ssl=1",150,150,true],"cvmm-medium":["https:\/\/i0.wp.com\/masquenoticias.mx\/wp-content\/uploads\/2023\/07\/Sheinbaum-RP-jpeg.webp?resize=300%2C300&ssl=1",300,300,true],"cvmm-medium-plus":["https:\/\/i0.wp.com\/masquenoticias.mx\/wp-content\/uploads\/2023\/07\/Sheinbaum-RP-jpeg.webp?resize=305%2C207&ssl=1",305,207,true],"cvmm-portrait":["https:\/\/i0.wp.com\/masquenoticias.mx\/wp-content\/uploads\/2023\/07\/Sheinbaum-RP-jpeg.webp?resize=400%2C600&ssl=1",400,600,true],"cvmm-medium-square":["https:\/\/i0.wp.com\/masquenoticias.mx\/wp-content\/uploads\/2023\/07\/Sheinbaum-RP-jpeg.webp?resize=600%2C600&ssl=1",600,600,true],"cvmm-large":["https:\/\/i0.wp.com\/masquenoticias.mx\/wp-content\/uploads\/2023\/07\/Sheinbaum-RP-jpeg.webp?resize=1024%2C900&ssl=1",1024,900,true],"cvmm-small":["https:\/\/i0.wp.com\/masquenoticias.mx\/wp-content\/uploads\/2023\/07\/Sheinbaum-RP-jpeg.webp?resize=130%2C95&ssl=1",130,95,true],"full":["https:\/\/i0.wp.com\/masquenoticias.mx\/wp-content\/uploads\/2023\/07\/Sheinbaum-RP-jpeg.webp?fit=1600%2C900&ssl=1",1600,900,false]},"jetpack-related-posts":[],"jetpack_sharing_enabled":true,"jetpack_likes_enabled":true,"jetpack_shortlink":"https:\/\/wp.me\/pf7pkt-pS","_links":{"self":[{"href":"https:\/\/masquenoticias.mx\/index.php\/wp-json\/wp\/v2\/posts\/1604","targetHints":{"allow":["GET"]}}],"collection":[{"href":"https:\/\/masquenoticias.mx\/index.php\/wp-json\/wp\/v2\/posts"}],"about":[{"href":"https:\/\/masquenoticias.mx\/index.php\/wp-json\/wp\/v2\/types\/post"}],"author":[{"embeddable":true,"href":"https:\/\/masquenoticias.mx\/index.php\/wp-json\/wp\/v2\/users\/1"}],"replies":[{"embeddable":true,"href":"https:\/\/masquenoticias.mx\/index.php\/wp-json\/wp\/v2\/comments?post=1604"}],"version-history":[{"count":0,"href":"https:\/\/masquenoticias.mx\/index.php\/wp-json\/wp\/v2\/posts\/1604\/revisions"}],"wp:featuredmedia":[{"embeddable":true,"href":"https:\/\/masquenoticias.mx\/index.php\/wp-json\/wp\/v2\/media\/1605"}],"wp:attachment":[{"href":"https:\/\/masquenoticias.mx\/index.php\/wp-json\/wp\/v2\/media?parent=1604"}],"wp:term":[{"taxonomy":"category","embeddable":true,"href":"https:\/\/masquenoticias.mx\/index.php\/wp-json\/wp\/v2\/categories?post=1604"},{"taxonomy":"post_tag","embeddable":true,"href":"https:\/\/masquenoticias.mx\/index.php\/wp-json\/wp\/v2\/tags?post=1604"}],"curies":[{"name":"wp","href":"https:\/\/api.w.org\/{rel}","templated":true}]}}