{"id":15768,"date":"2025-04-30T14:49:13","date_gmt":"2025-04-30T20:49:13","guid":{"rendered":"https:\/\/masquenoticias.mx\/?p=15768"},"modified":"2025-04-30T14:49:13","modified_gmt":"2025-04-30T20:49:13","slug":"indira-con-gobiernos-de-la-cuarta-transformacion-los-programas-sociales-son-universales","status":"publish","type":"post","link":"https:\/\/masquenoticias.mx\/index.php\/2025\/04\/30\/indira-con-gobiernos-de-la-cuarta-transformacion-los-programas-sociales-son-universales\/","title":{"rendered":"Indira: con gobiernos de la Cuarta Transformaci\u00f3n los programas sociales son universales"},"content":{"rendered":"<p>La gobernadora de Colima, Indira Vizca\u00edno Silva, entreg\u00f3 865 tarjetas de Mi ColiBeca para Empezar, donde reciben 1,200 pesos de los bimestres enero-febrero, marzo-abril y mayo-junio estudiantes de primarias p\u00fablicas; adem\u00e1s acompa\u00f1\u00f3 en la entrega de medios de pago de 877 de la Beca Benito Ju\u00e1rez (1,900 pesos bimestrales) a alumnas y alumnos de bachilleratos p\u00fablicos en Villa de \u00c1lvarez, eventos que se realizaron este martes en los Casinos de los Bur\u00f3cratas y del SNTE 39, respectivamente.<\/p>\n<p>Durante la entrega de Mi ColiBeca para Empezar y de la Beca Benito Ju\u00e1rez, la mandataria colimense dijo que los gobiernos de la Cuarta Transformaci\u00f3n le apuestan a que los programas sean universales, ya que eso garantiza que nadie que en verdad necesite un apoyo, se quede sin \u00e9l; &#8220;confiamos en que son becas que va a contribuir a que a sus hijas e hijos no les haga falta lo necesario para ir a la escuela&#8221;.<\/p>\n<p>Indira Vizca\u00edno a\u00f1adi\u00f3 que, con la Beca Benito Ju\u00e1rez, las y los estudiantes de bachillerato tienen acceso a oportunidades que las mam\u00e1s y pap\u00e1s antes no tuvieron; lo que se ha venido impulsando con la presidenta de M\u00e9xico, Claudia Sheinbaum Pardo y aqu\u00ed en Colima, \u201ces generar las condiciones necesarias para que nadie abandone la escuela por falta de recursos; ustedes ya est\u00e1n recibiendo su tarjeta por el solo hecho de seguir estudiando la preparatoria en una escuela p\u00fablica&#8221;.<\/p>\n<p>En representaci\u00f3n de Mario del Rosario Silva Verduzco, delegada de Programas para el Bienestar en Colima, Edwin Oviedo Rodr\u00edguez expres\u00f3 que con la Beca Benito Ju\u00e1rez se cumple con uno de los objetivos del Gobierno de M\u00e9xico, que es garantizar que las ni\u00f1as, ni\u00f1os, j\u00f3venes y personas adultas permanezcan con su derecho a la educaci\u00f3n.<\/p>\n<p>El secretario de Educaci\u00f3n y Cultura, Adolfo N\u00fa\u00f1ez Gonz\u00e1lez, mencion\u00f3 que, con las becas de los gobiernos estatal y federal, se les dan a las alumnas y alumnos todas las herramientas necesarias para que no haya ning\u00fan motivo para ausentarse de la escuela.<\/p>\n<p>Allison, estudiante de la escuela primaria Carmen Serd\u00e1n, agradeci\u00f3 por el apoyo otorgado y consider\u00f3 que este es fundamental para construir un mejor futuro para Colima y agradeci\u00f3 a la gobernadora Indira Vizca\u00edno porque con las ColiBecas se ha apoyado a tantas y tantas familias de todo el estado.<\/p>\n","protected":false},"excerpt":{"rendered":"<p>La gobernadora de Colima, Indira Vizca\u00edno Silva, entreg\u00f3 865 tarjetas de Mi ColiBeca para Empezar, donde reciben 1,200 pesos de los bimestres enero-febrero, marzo-abril y mayo-junio estudiantes de primarias p\u00fablicas; adem\u00e1s acompa\u00f1\u00f3 en la entrega de medios de pago de 877 de la Beca Benito Ju\u00e1rez (1,900 pesos bimestrales) a alumnas y alumnos de bachilleratos [&hellip;]<\/p>\n","protected":false},"author":1,"featured_media":15769,"comment_status":"open","ping_status":"open","sticky":false,"template":"","format":"standard","meta":{"_jetpack_memberships_contains_paid_content":false,"footnotes":""},"categories":[24],"tags":[26],"class_list":["post-15768","post","type-post","status-publish","format-standard","has-post-thumbnail","hentry","category-estado","tag-indira-vizcaino"],"yoast_head":"<!-- This site is optimized with the Yoast SEO plugin v26.6 - https:\/\/yoast.com\/wordpress\/plugins\/seo\/ -->\n<title>Indira: con gobiernos de la Cuarta Transformaci\u00f3n los programas sociales son universales - M\u00e1s Que Noticias<\/title>\n<meta name=\"robots\" content=\"index, follow, max-snippet:-1, max-image-preview:large, max-video-preview:-1\" \/>\n<link rel=\"canonical\" href=\"https:\/\/masquenoticias.mx\/index.php\/2025\/04\/30\/indira-con-gobiernos-de-la-cuarta-transformacion-los-programas-sociales-son-universales\/\" \/>\n<meta property=\"og:locale\" content=\"es_MX\" \/>\n<meta property=\"og:type\" content=\"article\" \/>\n<meta property=\"og:title\" content=\"Indira: con gobiernos de la Cuarta Transformaci\u00f3n los programas sociales son universales - M\u00e1s Que Noticias\" \/>\n<meta property=\"og:description\" content=\"La gobernadora de Colima, Indira Vizca\u00edno Silva, entreg\u00f3 865 tarjetas de Mi ColiBeca para Empezar, donde reciben 1,200 pesos de los bimestres enero-febrero, marzo-abril y mayo-junio estudiantes de primarias p\u00fablicas; adem\u00e1s acompa\u00f1\u00f3 en la entrega de medios de pago de 877 de la Beca Benito Ju\u00e1rez (1,900 pesos bimestrales) a alumnas y alumnos de bachilleratos [&hellip;]\" \/>\n<meta property=\"og:url\" content=\"https:\/\/masquenoticias.mx\/index.php\/2025\/04\/30\/indira-con-gobiernos-de-la-cuarta-transformacion-los-programas-sociales-son-universales\/\" \/>\n<meta property=\"og:site_name\" content=\"M\u00e1s Que Noticias\" \/>\n<meta property=\"article:publisher\" content=\"https:\/\/www.facebook.com\/masquenoticiascolima\" \/>\n<meta property=\"article:published_time\" content=\"2025-04-30T20:49:13+00:00\" \/>\n<meta property=\"og:image\" content=\"https:\/\/masquenoticias.mx\/wp-content\/uploads\/2025\/04\/WhatsApp-Image-2025-04-29-at-1.49.17-PM.jpeg\" \/>\n\t<meta property=\"og:image:width\" content=\"1280\" \/>\n\t<meta property=\"og:image:height\" content=\"853\" \/>\n\t<meta property=\"og:image:type\" content=\"image\/jpeg\" \/>\n<meta name=\"author\" content=\"Redacci\u00f3n\" \/>\n<meta name=\"twitter:card\" content=\"summary_large_image\" \/>\n<meta name=\"twitter:creator\" content=\"@edgartove\" \/>\n<meta name=\"twitter:site\" content=\"@edgartove\" \/>\n<meta name=\"twitter:label1\" content=\"Escrito por\" \/>\n\t<meta name=\"twitter:data1\" content=\"Redacci\u00f3n\" \/>\n\t<meta name=\"twitter:label2\" content=\"Tiempo de lectura\" \/>\n\t<meta name=\"twitter:data2\" content=\"2 minutos\" \/>\n<script type=\"application\/ld+json\" class=\"yoast-schema-graph\">{\"@context\":\"https:\/\/schema.org\",\"@graph\":[{\"@type\":\"Article\",\"@id\":\"https:\/\/masquenoticias.mx\/index.php\/2025\/04\/30\/indira-con-gobiernos-de-la-cuarta-transformacion-los-programas-sociales-son-universales\/#article\",\"isPartOf\":{\"@id\":\"https:\/\/masquenoticias.mx\/index.php\/2025\/04\/30\/indira-con-gobiernos-de-la-cuarta-transformacion-los-programas-sociales-son-universales\/\"},\"author\":{\"name\":\"Redacci\u00f3n\",\"@id\":\"https:\/\/masquenoticias.mx\/#\/schema\/person\/544d19989ef23d34615f691f7a96e622\"},\"headline\":\"Indira: con gobiernos de la Cuarta Transformaci\u00f3n los programas sociales son universales\",\"datePublished\":\"2025-04-30T20:49:13+00:00\",\"mainEntityOfPage\":{\"@id\":\"https:\/\/masquenoticias.mx\/index.php\/2025\/04\/30\/indira-con-gobiernos-de-la-cuarta-transformacion-los-programas-sociales-son-universales\/\"},\"wordCount\":417,\"commentCount\":0,\"publisher\":{\"@id\":\"https:\/\/masquenoticias.mx\/#organization\"},\"image\":{\"@id\":\"https:\/\/masquenoticias.mx\/index.php\/2025\/04\/30\/indira-con-gobiernos-de-la-cuarta-transformacion-los-programas-sociales-son-universales\/#primaryimage\"},\"thumbnailUrl\":\"https:\/\/i0.wp.com\/masquenoticias.mx\/wp-content\/uploads\/2025\/04\/WhatsApp-Image-2025-04-29-at-1.49.17-PM.jpeg?fit=1280%2C853&ssl=1\",\"keywords\":[\"Indira Vizca\u00edno\"],\"articleSection\":[\"Estado\"],\"inLanguage\":\"es\",\"potentialAction\":[{\"@type\":\"CommentAction\",\"name\":\"Comment\",\"target\":[\"https:\/\/masquenoticias.mx\/index.php\/2025\/04\/30\/indira-con-gobiernos-de-la-cuarta-transformacion-los-programas-sociales-son-universales\/#respond\"]}]},{\"@type\":\"WebPage\",\"@id\":\"https:\/\/masquenoticias.mx\/index.php\/2025\/04\/30\/indira-con-gobiernos-de-la-cuarta-transformacion-los-programas-sociales-son-universales\/\",\"url\":\"https:\/\/masquenoticias.mx\/index.php\/2025\/04\/30\/indira-con-gobiernos-de-la-cuarta-transformacion-los-programas-sociales-son-universales\/\",\"name\":\"Indira: con gobiernos de la Cuarta Transformaci\u00f3n los programas sociales son universales - M\u00e1s Que Noticias\",\"isPartOf\":{\"@id\":\"https:\/\/masquenoticias.mx\/#website\"},\"primaryImageOfPage\":{\"@id\":\"https:\/\/masquenoticias.mx\/index.php\/2025\/04\/30\/indira-con-gobiernos-de-la-cuarta-transformacion-los-programas-sociales-son-universales\/#primaryimage\"},\"image\":{\"@id\":\"https:\/\/masquenoticias.mx\/index.php\/2025\/04\/30\/indira-con-gobiernos-de-la-cuarta-transformacion-los-programas-sociales-son-universales\/#primaryimage\"},\"thumbnailUrl\":\"https:\/\/i0.wp.com\/masquenoticias.mx\/wp-content\/uploads\/2025\/04\/WhatsApp-Image-2025-04-29-at-1.49.17-PM.jpeg?fit=1280%2C853&ssl=1\",\"datePublished\":\"2025-04-30T20:49:13+00:00\",\"breadcrumb\":{\"@id\":\"https:\/\/masquenoticias.mx\/index.php\/2025\/04\/30\/indira-con-gobiernos-de-la-cuarta-transformacion-los-programas-sociales-son-universales\/#breadcrumb\"},\"inLanguage\":\"es\",\"potentialAction\":[{\"@type\":\"ReadAction\",\"target\":[\"https:\/\/masquenoticias.mx\/index.php\/2025\/04\/30\/indira-con-gobiernos-de-la-cuarta-transformacion-los-programas-sociales-son-universales\/\"]}]},{\"@type\":\"ImageObject\",\"inLanguage\":\"es\",\"@id\":\"https:\/\/masquenoticias.mx\/index.php\/2025\/04\/30\/indira-con-gobiernos-de-la-cuarta-transformacion-los-programas-sociales-son-universales\/#primaryimage\",\"url\":\"https:\/\/i0.wp.com\/masquenoticias.mx\/wp-content\/uploads\/2025\/04\/WhatsApp-Image-2025-04-29-at-1.49.17-PM.jpeg?fit=1280%2C853&ssl=1\",\"contentUrl\":\"https:\/\/i0.wp.com\/masquenoticias.mx\/wp-content\/uploads\/2025\/04\/WhatsApp-Image-2025-04-29-at-1.49.17-PM.jpeg?fit=1280%2C853&ssl=1\",\"width\":1280,\"height\":853},{\"@type\":\"BreadcrumbList\",\"@id\":\"https:\/\/masquenoticias.mx\/index.php\/2025\/04\/30\/indira-con-gobiernos-de-la-cuarta-transformacion-los-programas-sociales-son-universales\/#breadcrumb\",\"itemListElement\":[{\"@type\":\"ListItem\",\"position\":1,\"name\":\"Inicio\",\"item\":\"https:\/\/masquenoticias.mx\/\"},{\"@type\":\"ListItem\",\"position\":2,\"name\":\"Indira: con gobiernos de la Cuarta Transformaci\u00f3n los programas sociales son universales\"}]},{\"@type\":\"WebSite\",\"@id\":\"https:\/\/masquenoticias.mx\/#website\",\"url\":\"https:\/\/masquenoticias.mx\/\",\"name\":\"M\u00e1s Que Noticias\",\"description\":\"Noticias de Colima, M\u00e9xico y el Mundo\",\"publisher\":{\"@id\":\"https:\/\/masquenoticias.mx\/#organization\"},\"potentialAction\":[{\"@type\":\"SearchAction\",\"target\":{\"@type\":\"EntryPoint\",\"urlTemplate\":\"https:\/\/masquenoticias.mx\/?s={search_term_string}\"},\"query-input\":{\"@type\":\"PropertyValueSpecification\",\"valueRequired\":true,\"valueName\":\"search_term_string\"}}],\"inLanguage\":\"es\"},{\"@type\":\"Organization\",\"@id\":\"https:\/\/masquenoticias.mx\/#organization\",\"name\":\"M\u00e1s Que Noticias\",\"url\":\"https:\/\/masquenoticias.mx\/\",\"logo\":{\"@type\":\"ImageObject\",\"inLanguage\":\"es\",\"@id\":\"https:\/\/masquenoticias.mx\/#\/schema\/logo\/image\/\",\"url\":\"https:\/\/i0.wp.com\/masquenoticias.mx\/wp-content\/uploads\/2024\/04\/IMG_0004.png?fit=2560%2C1656&ssl=1\",\"contentUrl\":\"https:\/\/i0.wp.com\/masquenoticias.mx\/wp-content\/uploads\/2024\/04\/IMG_0004.png?fit=2560%2C1656&ssl=1\",\"width\":2560,\"height\":1656,\"caption\":\"M\u00e1s Que Noticias\"},\"image\":{\"@id\":\"https:\/\/masquenoticias.mx\/#\/schema\/logo\/image\/\"},\"sameAs\":[\"https:\/\/www.facebook.com\/masquenoticiascolima\",\"https:\/\/x.com\/edgartove\",\"https:\/\/www.instagram.com\/masquenoticiascolima\/\"]},{\"@type\":\"Person\",\"@id\":\"https:\/\/masquenoticias.mx\/#\/schema\/person\/544d19989ef23d34615f691f7a96e622\",\"name\":\"Redacci\u00f3n\",\"image\":{\"@type\":\"ImageObject\",\"inLanguage\":\"es\",\"@id\":\"https:\/\/masquenoticias.mx\/#\/schema\/person\/image\/\",\"url\":\"https:\/\/secure.gravatar.com\/avatar\/7fcc926d5b058d3f3d52d95b4d05dd58?s=96&d=mm&r=g\",\"contentUrl\":\"https:\/\/secure.gravatar.com\/avatar\/7fcc926d5b058d3f3d52d95b4d05dd58?s=96&d=mm&r=g\",\"caption\":\"Redacci\u00f3n\"},\"sameAs\":[\"http:\/\/masquenoticias.mx\"],\"url\":\"https:\/\/masquenoticias.mx\/index.php\/author\/edgartovegmail-com\/\"}]}<\/script>\n<!-- \/ Yoast SEO plugin. -->","yoast_head_json":{"title":"Indira: con gobiernos de la Cuarta Transformaci\u00f3n los programas sociales son universales - M\u00e1s Que Noticias","robots":{"index":"index","follow":"follow","max-snippet":"max-snippet:-1","max-image-preview":"max-image-preview:large","max-video-preview":"max-video-preview:-1"},"canonical":"https:\/\/masquenoticias.mx\/index.php\/2025\/04\/30\/indira-con-gobiernos-de-la-cuarta-transformacion-los-programas-sociales-son-universales\/","og_locale":"es_MX","og_type":"article","og_title":"Indira: con gobiernos de la Cuarta Transformaci\u00f3n los programas sociales son universales - M\u00e1s Que Noticias","og_description":"La gobernadora de Colima, Indira Vizca\u00edno Silva, entreg\u00f3 865 tarjetas de Mi ColiBeca para Empezar, donde reciben 1,200 pesos de los bimestres enero-febrero, marzo-abril y mayo-junio estudiantes de primarias p\u00fablicas; adem\u00e1s acompa\u00f1\u00f3 en la entrega de medios de pago de 877 de la Beca Benito Ju\u00e1rez (1,900 pesos bimestrales) a alumnas y alumnos de bachilleratos [&hellip;]","og_url":"https:\/\/masquenoticias.mx\/index.php\/2025\/04\/30\/indira-con-gobiernos-de-la-cuarta-transformacion-los-programas-sociales-son-universales\/","og_site_name":"M\u00e1s Que Noticias","article_publisher":"https:\/\/www.facebook.com\/masquenoticiascolima","article_published_time":"2025-04-30T20:49:13+00:00","og_image":[{"width":1280,"height":853,"url":"https:\/\/masquenoticias.mx\/wp-content\/uploads\/2025\/04\/WhatsApp-Image-2025-04-29-at-1.49.17-PM.jpeg","type":"image\/jpeg"}],"author":"Redacci\u00f3n","twitter_card":"summary_large_image","twitter_creator":"@edgartove","twitter_site":"@edgartove","twitter_misc":{"Escrito por":"Redacci\u00f3n","Tiempo de lectura":"2 minutos"},"schema":{"@context":"https:\/\/schema.org","@graph":[{"@type":"Article","@id":"https:\/\/masquenoticias.mx\/index.php\/2025\/04\/30\/indira-con-gobiernos-de-la-cuarta-transformacion-los-programas-sociales-son-universales\/#article","isPartOf":{"@id":"https:\/\/masquenoticias.mx\/index.php\/2025\/04\/30\/indira-con-gobiernos-de-la-cuarta-transformacion-los-programas-sociales-son-universales\/"},"author":{"name":"Redacci\u00f3n","@id":"https:\/\/masquenoticias.mx\/#\/schema\/person\/544d19989ef23d34615f691f7a96e622"},"headline":"Indira: con gobiernos de la Cuarta Transformaci\u00f3n los programas sociales son universales","datePublished":"2025-04-30T20:49:13+00:00","mainEntityOfPage":{"@id":"https:\/\/masquenoticias.mx\/index.php\/2025\/04\/30\/indira-con-gobiernos-de-la-cuarta-transformacion-los-programas-sociales-son-universales\/"},"wordCount":417,"commentCount":0,"publisher":{"@id":"https:\/\/masquenoticias.mx\/#organization"},"image":{"@id":"https:\/\/masquenoticias.mx\/index.php\/2025\/04\/30\/indira-con-gobiernos-de-la-cuarta-transformacion-los-programas-sociales-son-universales\/#primaryimage"},"thumbnailUrl":"https:\/\/i0.wp.com\/masquenoticias.mx\/wp-content\/uploads\/2025\/04\/WhatsApp-Image-2025-04-29-at-1.49.17-PM.jpeg?fit=1280%2C853&ssl=1","keywords":["Indira Vizca\u00edno"],"articleSection":["Estado"],"inLanguage":"es","potentialAction":[{"@type":"CommentAction","name":"Comment","target":["https:\/\/masquenoticias.mx\/index.php\/2025\/04\/30\/indira-con-gobiernos-de-la-cuarta-transformacion-los-programas-sociales-son-universales\/#respond"]}]},{"@type":"WebPage","@id":"https:\/\/masquenoticias.mx\/index.php\/2025\/04\/30\/indira-con-gobiernos-de-la-cuarta-transformacion-los-programas-sociales-son-universales\/","url":"https:\/\/masquenoticias.mx\/index.php\/2025\/04\/30\/indira-con-gobiernos-de-la-cuarta-transformacion-los-programas-sociales-son-universales\/","name":"Indira: con gobiernos de la Cuarta Transformaci\u00f3n los programas sociales son universales - M\u00e1s Que Noticias","isPartOf":{"@id":"https:\/\/masquenoticias.mx\/#website"},"primaryImageOfPage":{"@id":"https:\/\/masquenoticias.mx\/index.php\/2025\/04\/30\/indira-con-gobiernos-de-la-cuarta-transformacion-los-programas-sociales-son-universales\/#primaryimage"},"image":{"@id":"https:\/\/masquenoticias.mx\/index.php\/2025\/04\/30\/indira-con-gobiernos-de-la-cuarta-transformacion-los-programas-sociales-son-universales\/#primaryimage"},"thumbnailUrl":"https:\/\/i0.wp.com\/masquenoticias.mx\/wp-content\/uploads\/2025\/04\/WhatsApp-Image-2025-04-29-at-1.49.17-PM.jpeg?fit=1280%2C853&ssl=1","datePublished":"2025-04-30T20:49:13+00:00","breadcrumb":{"@id":"https:\/\/masquenoticias.mx\/index.php\/2025\/04\/30\/indira-con-gobiernos-de-la-cuarta-transformacion-los-programas-sociales-son-universales\/#breadcrumb"},"inLanguage":"es","potentialAction":[{"@type":"ReadAction","target":["https:\/\/masquenoticias.mx\/index.php\/2025\/04\/30\/indira-con-gobiernos-de-la-cuarta-transformacion-los-programas-sociales-son-universales\/"]}]},{"@type":"ImageObject","inLanguage":"es","@id":"https:\/\/masquenoticias.mx\/index.php\/2025\/04\/30\/indira-con-gobiernos-de-la-cuarta-transformacion-los-programas-sociales-son-universales\/#primaryimage","url":"https:\/\/i0.wp.com\/masquenoticias.mx\/wp-content\/uploads\/2025\/04\/WhatsApp-Image-2025-04-29-at-1.49.17-PM.jpeg?fit=1280%2C853&ssl=1","contentUrl":"https:\/\/i0.wp.com\/masquenoticias.mx\/wp-content\/uploads\/2025\/04\/WhatsApp-Image-2025-04-29-at-1.49.17-PM.jpeg?fit=1280%2C853&ssl=1","width":1280,"height":853},{"@type":"BreadcrumbList","@id":"https:\/\/masquenoticias.mx\/index.php\/2025\/04\/30\/indira-con-gobiernos-de-la-cuarta-transformacion-los-programas-sociales-son-universales\/#breadcrumb","itemListElement":[{"@type":"ListItem","position":1,"name":"Inicio","item":"https:\/\/masquenoticias.mx\/"},{"@type":"ListItem","position":2,"name":"Indira: con gobiernos de la Cuarta Transformaci\u00f3n los programas sociales son universales"}]},{"@type":"WebSite","@id":"https:\/\/masquenoticias.mx\/#website","url":"https:\/\/masquenoticias.mx\/","name":"M\u00e1s Que Noticias","description":"Noticias de Colima, M\u00e9xico y el Mundo","publisher":{"@id":"https:\/\/masquenoticias.mx\/#organization"},"potentialAction":[{"@type":"SearchAction","target":{"@type":"EntryPoint","urlTemplate":"https:\/\/masquenoticias.mx\/?s={search_term_string}"},"query-input":{"@type":"PropertyValueSpecification","valueRequired":true,"valueName":"search_term_string"}}],"inLanguage":"es"},{"@type":"Organization","@id":"https:\/\/masquenoticias.mx\/#organization","name":"M\u00e1s Que Noticias","url":"https:\/\/masquenoticias.mx\/","logo":{"@type":"ImageObject","inLanguage":"es","@id":"https:\/\/masquenoticias.mx\/#\/schema\/logo\/image\/","url":"https:\/\/i0.wp.com\/masquenoticias.mx\/wp-content\/uploads\/2024\/04\/IMG_0004.png?fit=2560%2C1656&ssl=1","contentUrl":"https:\/\/i0.wp.com\/masquenoticias.mx\/wp-content\/uploads\/2024\/04\/IMG_0004.png?fit=2560%2C1656&ssl=1","width":2560,"height":1656,"caption":"M\u00e1s Que Noticias"},"image":{"@id":"https:\/\/masquenoticias.mx\/#\/schema\/logo\/image\/"},"sameAs":["https:\/\/www.facebook.com\/masquenoticiascolima","https:\/\/x.com\/edgartove","https:\/\/www.instagram.com\/masquenoticiascolima\/"]},{"@type":"Person","@id":"https:\/\/masquenoticias.mx\/#\/schema\/person\/544d19989ef23d34615f691f7a96e622","name":"Redacci\u00f3n","image":{"@type":"ImageObject","inLanguage":"es","@id":"https:\/\/masquenoticias.mx\/#\/schema\/person\/image\/","url":"https:\/\/secure.gravatar.com\/avatar\/7fcc926d5b058d3f3d52d95b4d05dd58?s=96&d=mm&r=g","contentUrl":"https:\/\/secure.gravatar.com\/avatar\/7fcc926d5b058d3f3d52d95b4d05dd58?s=96&d=mm&r=g","caption":"Redacci\u00f3n"},"sameAs":["http:\/\/masquenoticias.mx"],"url":"https:\/\/masquenoticias.mx\/index.php\/author\/edgartovegmail-com\/"}]}},"jetpack_featured_media_url":"https:\/\/i0.wp.com\/masquenoticias.mx\/wp-content\/uploads\/2025\/04\/WhatsApp-Image-2025-04-29-at-1.49.17-PM.jpeg?fit=1280%2C853&ssl=1","blog_post_layout_featured_media_urls":{"thumbnail":["https:\/\/i0.wp.com\/masquenoticias.mx\/wp-content\/uploads\/2025\/04\/WhatsApp-Image-2025-04-29-at-1.49.17-PM.jpeg?resize=150%2C150&ssl=1",150,150,true],"full":["https:\/\/i0.wp.com\/masquenoticias.mx\/wp-content\/uploads\/2025\/04\/WhatsApp-Image-2025-04-29-at-1.49.17-PM.jpeg?fit=1280%2C853&ssl=1",1280,853,false]},"categories_names":{"24":{"name":"Estado","link":"https:\/\/masquenoticias.mx\/index.php\/category\/estado\/"}},"tags_names":{"26":{"name":"Indira Vizca\u00edno","link":"https:\/\/masquenoticias.mx\/index.php\/tag\/indira-vizcaino\/"}},"comments_number":"0","wpmagazine_modules_lite_featured_media_urls":{"thumbnail":["https:\/\/i0.wp.com\/masquenoticias.mx\/wp-content\/uploads\/2025\/04\/WhatsApp-Image-2025-04-29-at-1.49.17-PM.jpeg?resize=150%2C150&ssl=1",150,150,true],"cvmm-medium":["https:\/\/i0.wp.com\/masquenoticias.mx\/wp-content\/uploads\/2025\/04\/WhatsApp-Image-2025-04-29-at-1.49.17-PM.jpeg?resize=300%2C300&ssl=1",300,300,true],"cvmm-medium-plus":["https:\/\/i0.wp.com\/masquenoticias.mx\/wp-content\/uploads\/2025\/04\/WhatsApp-Image-2025-04-29-at-1.49.17-PM.jpeg?resize=305%2C207&ssl=1",305,207,true],"cvmm-portrait":["https:\/\/i0.wp.com\/masquenoticias.mx\/wp-content\/uploads\/2025\/04\/WhatsApp-Image-2025-04-29-at-1.49.17-PM.jpeg?resize=400%2C600&ssl=1",400,600,true],"cvmm-medium-square":["https:\/\/i0.wp.com\/masquenoticias.mx\/wp-content\/uploads\/2025\/04\/WhatsApp-Image-2025-04-29-at-1.49.17-PM.jpeg?resize=600%2C600&ssl=1",600,600,true],"cvmm-large":["https:\/\/i0.wp.com\/masquenoticias.mx\/wp-content\/uploads\/2025\/04\/WhatsApp-Image-2025-04-29-at-1.49.17-PM.jpeg?resize=1024%2C853&ssl=1",1024,853,true],"cvmm-small":["https:\/\/i0.wp.com\/masquenoticias.mx\/wp-content\/uploads\/2025\/04\/WhatsApp-Image-2025-04-29-at-1.49.17-PM.jpeg?resize=130%2C95&ssl=1",130,95,true],"full":["https:\/\/i0.wp.com\/masquenoticias.mx\/wp-content\/uploads\/2025\/04\/WhatsApp-Image-2025-04-29-at-1.49.17-PM.jpeg?fit=1280%2C853&ssl=1",1280,853,false]},"jetpack-related-posts":[],"jetpack_sharing_enabled":true,"jetpack_likes_enabled":true,"jetpack_shortlink":"https:\/\/wp.me\/pf7pkt-46k","_links":{"self":[{"href":"https:\/\/masquenoticias.mx\/index.php\/wp-json\/wp\/v2\/posts\/15768","targetHints":{"allow":["GET"]}}],"collection":[{"href":"https:\/\/masquenoticias.mx\/index.php\/wp-json\/wp\/v2\/posts"}],"about":[{"href":"https:\/\/masquenoticias.mx\/index.php\/wp-json\/wp\/v2\/types\/post"}],"author":[{"embeddable":true,"href":"https:\/\/masquenoticias.mx\/index.php\/wp-json\/wp\/v2\/users\/1"}],"replies":[{"embeddable":true,"href":"https:\/\/masquenoticias.mx\/index.php\/wp-json\/wp\/v2\/comments?post=15768"}],"version-history":[{"count":1,"href":"https:\/\/masquenoticias.mx\/index.php\/wp-json\/wp\/v2\/posts\/15768\/revisions"}],"predecessor-version":[{"id":15770,"href":"https:\/\/masquenoticias.mx\/index.php\/wp-json\/wp\/v2\/posts\/15768\/revisions\/15770"}],"wp:featuredmedia":[{"embeddable":true,"href":"https:\/\/masquenoticias.mx\/index.php\/wp-json\/wp\/v2\/media\/15769"}],"wp:attachment":[{"href":"https:\/\/masquenoticias.mx\/index.php\/wp-json\/wp\/v2\/media?parent=15768"}],"wp:term":[{"taxonomy":"category","embeddable":true,"href":"https:\/\/masquenoticias.mx\/index.php\/wp-json\/wp\/v2\/categories?post=15768"},{"taxonomy":"post_tag","embeddable":true,"href":"https:\/\/masquenoticias.mx\/index.php\/wp-json\/wp\/v2\/tags?post=15768"}],"curies":[{"name":"wp","href":"https:\/\/api.w.org\/{rel}","templated":true}]}}