{"id":15128,"date":"2025-04-05T20:13:18","date_gmt":"2025-04-06T02:13:18","guid":{"rendered":"https:\/\/masquenoticias.mx\/?p=15128"},"modified":"2025-04-05T20:13:18","modified_gmt":"2025-04-06T02:13:18","slug":"volcan-de-colima-registro-7-sismos-y-8-derrumbes-la-ultima-semana-permanece-en-semaforo-verde","status":"publish","type":"post","link":"https:\/\/masquenoticias.mx\/index.php\/2025\/04\/05\/volcan-de-colima-registro-7-sismos-y-8-derrumbes-la-ultima-semana-permanece-en-semaforo-verde\/","title":{"rendered":"Volc\u00e1n de Colima registr\u00f3 7 sismos y 8 derrumbes la \u00faltima semana; permanece en \u2018sem\u00e1foro verde\u2019"},"content":{"rendered":"\n<p>La Unidad Estatal de Protecci\u00f3n Civil (UEPC) del Gobierno del Estado de Colima informa que el Volc\u00e1n de Fuego permanece en \u2018sem\u00e1foro verde\u2019, pues los par\u00e1metros de monitoreo de la \u00faltima semana indican que el coloso se mantiene en calma.<\/p>\n\n\n\n<p>Del viernes 28 de marzo al jueves 3 de abril, el Centro Universitario de Estudios Vulcanol\u00f3gicos (CUEV) de la Universidad de Colima contabiliz\u00f3 de forma manual siete sismos de alta frecuencia y ocho derrumbes, ninguno relacionado con actividad volc\u00e1nica, descartando explosiones y\/o anomal\u00edas t\u00e9rmicas asociadas con la actividad fumar\u00f3lica.<\/p>\n\n\n\n<p>Aunque el Volc\u00e1n de Fuego de Colima permanece en calma, la UECP reitera que por seguridad de la poblaci\u00f3n colimense y turistas que visitan nuestra entidad, la zona de exclusi\u00f3n sigue siendo de ocho kil\u00f3metros en torno al edificio volc\u00e1nico.<\/p>\n\n\n\n<p>Personal del CUEV permanece atento a posibles cambios que pudieran presentarse y a la evoluci\u00f3n de la actividad volc\u00e1nica.<\/p>\n","protected":false},"excerpt":{"rendered":"<p>La Unidad Estatal de Protecci\u00f3n Civil (UEPC) del Gobierno del Estado de Colima informa que el Volc\u00e1n de Fuego permanece en \u2018sem\u00e1foro verde\u2019, pues los par\u00e1metros de monitoreo de la \u00faltima semana indican que el coloso se mantiene en calma. Del viernes 28 de marzo al jueves 3 de abril, el Centro Universitario de Estudios [&hellip;]<\/p>\n","protected":false},"author":1,"featured_media":15127,"comment_status":"closed","ping_status":"open","sticky":false,"template":"","format":"standard","meta":{"_jetpack_memberships_contains_paid_content":false,"footnotes":""},"categories":[24],"tags":[240],"class_list":["post-15128","post","type-post","status-publish","format-standard","has-post-thumbnail","hentry","category-estado","tag-pc-estatal"],"yoast_head":"<!-- This site is optimized with the Yoast SEO plugin v26.6 - https:\/\/yoast.com\/wordpress\/plugins\/seo\/ -->\n<title>Volc\u00e1n de Colima registr\u00f3 7 sismos y 8 derrumbes la \u00faltima semana; permanece en \u2018sem\u00e1foro verde\u2019 - M\u00e1s Que Noticias<\/title>\n<meta name=\"robots\" content=\"index, follow, max-snippet:-1, max-image-preview:large, max-video-preview:-1\" \/>\n<link rel=\"canonical\" href=\"https:\/\/masquenoticias.mx\/index.php\/2025\/04\/05\/volcan-de-colima-registro-7-sismos-y-8-derrumbes-la-ultima-semana-permanece-en-semaforo-verde\/\" \/>\n<meta property=\"og:locale\" content=\"es_MX\" \/>\n<meta property=\"og:type\" content=\"article\" \/>\n<meta property=\"og:title\" content=\"Volc\u00e1n de Colima registr\u00f3 7 sismos y 8 derrumbes la \u00faltima semana; permanece en \u2018sem\u00e1foro verde\u2019 - M\u00e1s Que Noticias\" \/>\n<meta property=\"og:description\" content=\"La Unidad Estatal de Protecci\u00f3n Civil (UEPC) del Gobierno del Estado de Colima informa que el Volc\u00e1n de Fuego permanece en \u2018sem\u00e1foro verde\u2019, pues los par\u00e1metros de monitoreo de la \u00faltima semana indican que el coloso se mantiene en calma. Del viernes 28 de marzo al jueves 3 de abril, el Centro Universitario de Estudios [&hellip;]\" \/>\n<meta property=\"og:url\" content=\"https:\/\/masquenoticias.mx\/index.php\/2025\/04\/05\/volcan-de-colima-registro-7-sismos-y-8-derrumbes-la-ultima-semana-permanece-en-semaforo-verde\/\" \/>\n<meta property=\"og:site_name\" content=\"M\u00e1s Que Noticias\" \/>\n<meta property=\"article:publisher\" content=\"https:\/\/www.facebook.com\/masquenoticiascolima\" \/>\n<meta property=\"article:published_time\" content=\"2025-04-06T02:13:18+00:00\" \/>\n<meta property=\"og:image\" content=\"https:\/\/i0.wp.com\/masquenoticias.mx\/wp-content\/uploads\/2025\/04\/7d721b8b-b1c1-47a5-a28b-cc64d321894e-1.jpg?fit=1280%2C1280&ssl=1\" \/>\n\t<meta property=\"og:image:width\" content=\"1280\" \/>\n\t<meta property=\"og:image:height\" content=\"1280\" \/>\n\t<meta property=\"og:image:type\" content=\"image\/jpeg\" \/>\n<meta name=\"author\" content=\"Redacci\u00f3n\" \/>\n<meta name=\"twitter:card\" content=\"summary_large_image\" \/>\n<meta name=\"twitter:creator\" content=\"@edgartove\" \/>\n<meta name=\"twitter:site\" content=\"@edgartove\" \/>\n<meta name=\"twitter:label1\" content=\"Escrito por\" \/>\n\t<meta name=\"twitter:data1\" content=\"Redacci\u00f3n\" \/>\n\t<meta name=\"twitter:label2\" content=\"Tiempo de lectura\" \/>\n\t<meta name=\"twitter:data2\" content=\"1 minuto\" \/>\n<script type=\"application\/ld+json\" class=\"yoast-schema-graph\">{\"@context\":\"https:\/\/schema.org\",\"@graph\":[{\"@type\":\"Article\",\"@id\":\"https:\/\/masquenoticias.mx\/index.php\/2025\/04\/05\/volcan-de-colima-registro-7-sismos-y-8-derrumbes-la-ultima-semana-permanece-en-semaforo-verde\/#article\",\"isPartOf\":{\"@id\":\"https:\/\/masquenoticias.mx\/index.php\/2025\/04\/05\/volcan-de-colima-registro-7-sismos-y-8-derrumbes-la-ultima-semana-permanece-en-semaforo-verde\/\"},\"author\":{\"name\":\"Redacci\u00f3n\",\"@id\":\"https:\/\/masquenoticias.mx\/#\/schema\/person\/544d19989ef23d34615f691f7a96e622\"},\"headline\":\"Volc\u00e1n de Colima registr\u00f3 7 sismos y 8 derrumbes la \u00faltima semana; permanece en \u2018sem\u00e1foro verde\u2019\",\"datePublished\":\"2025-04-06T02:13:18+00:00\",\"mainEntityOfPage\":{\"@id\":\"https:\/\/masquenoticias.mx\/index.php\/2025\/04\/05\/volcan-de-colima-registro-7-sismos-y-8-derrumbes-la-ultima-semana-permanece-en-semaforo-verde\/\"},\"wordCount\":179,\"publisher\":{\"@id\":\"https:\/\/masquenoticias.mx\/#organization\"},\"image\":{\"@id\":\"https:\/\/masquenoticias.mx\/index.php\/2025\/04\/05\/volcan-de-colima-registro-7-sismos-y-8-derrumbes-la-ultima-semana-permanece-en-semaforo-verde\/#primaryimage\"},\"thumbnailUrl\":\"https:\/\/i0.wp.com\/masquenoticias.mx\/wp-content\/uploads\/2025\/04\/7d721b8b-b1c1-47a5-a28b-cc64d321894e-1.jpg?fit=1280%2C1280&ssl=1\",\"keywords\":[\"PC Estatal\"],\"articleSection\":[\"Estado\"],\"inLanguage\":\"es\"},{\"@type\":\"WebPage\",\"@id\":\"https:\/\/masquenoticias.mx\/index.php\/2025\/04\/05\/volcan-de-colima-registro-7-sismos-y-8-derrumbes-la-ultima-semana-permanece-en-semaforo-verde\/\",\"url\":\"https:\/\/masquenoticias.mx\/index.php\/2025\/04\/05\/volcan-de-colima-registro-7-sismos-y-8-derrumbes-la-ultima-semana-permanece-en-semaforo-verde\/\",\"name\":\"Volc\u00e1n de Colima registr\u00f3 7 sismos y 8 derrumbes la \u00faltima semana; permanece en \u2018sem\u00e1foro verde\u2019 - M\u00e1s Que Noticias\",\"isPartOf\":{\"@id\":\"https:\/\/masquenoticias.mx\/#website\"},\"primaryImageOfPage\":{\"@id\":\"https:\/\/masquenoticias.mx\/index.php\/2025\/04\/05\/volcan-de-colima-registro-7-sismos-y-8-derrumbes-la-ultima-semana-permanece-en-semaforo-verde\/#primaryimage\"},\"image\":{\"@id\":\"https:\/\/masquenoticias.mx\/index.php\/2025\/04\/05\/volcan-de-colima-registro-7-sismos-y-8-derrumbes-la-ultima-semana-permanece-en-semaforo-verde\/#primaryimage\"},\"thumbnailUrl\":\"https:\/\/i0.wp.com\/masquenoticias.mx\/wp-content\/uploads\/2025\/04\/7d721b8b-b1c1-47a5-a28b-cc64d321894e-1.jpg?fit=1280%2C1280&ssl=1\",\"datePublished\":\"2025-04-06T02:13:18+00:00\",\"breadcrumb\":{\"@id\":\"https:\/\/masquenoticias.mx\/index.php\/2025\/04\/05\/volcan-de-colima-registro-7-sismos-y-8-derrumbes-la-ultima-semana-permanece-en-semaforo-verde\/#breadcrumb\"},\"inLanguage\":\"es\",\"potentialAction\":[{\"@type\":\"ReadAction\",\"target\":[\"https:\/\/masquenoticias.mx\/index.php\/2025\/04\/05\/volcan-de-colima-registro-7-sismos-y-8-derrumbes-la-ultima-semana-permanece-en-semaforo-verde\/\"]}]},{\"@type\":\"ImageObject\",\"inLanguage\":\"es\",\"@id\":\"https:\/\/masquenoticias.mx\/index.php\/2025\/04\/05\/volcan-de-colima-registro-7-sismos-y-8-derrumbes-la-ultima-semana-permanece-en-semaforo-verde\/#primaryimage\",\"url\":\"https:\/\/i0.wp.com\/masquenoticias.mx\/wp-content\/uploads\/2025\/04\/7d721b8b-b1c1-47a5-a28b-cc64d321894e-1.jpg?fit=1280%2C1280&ssl=1\",\"contentUrl\":\"https:\/\/i0.wp.com\/masquenoticias.mx\/wp-content\/uploads\/2025\/04\/7d721b8b-b1c1-47a5-a28b-cc64d321894e-1.jpg?fit=1280%2C1280&ssl=1\",\"width\":1280,\"height\":1280},{\"@type\":\"BreadcrumbList\",\"@id\":\"https:\/\/masquenoticias.mx\/index.php\/2025\/04\/05\/volcan-de-colima-registro-7-sismos-y-8-derrumbes-la-ultima-semana-permanece-en-semaforo-verde\/#breadcrumb\",\"itemListElement\":[{\"@type\":\"ListItem\",\"position\":1,\"name\":\"Inicio\",\"item\":\"https:\/\/masquenoticias.mx\/\"},{\"@type\":\"ListItem\",\"position\":2,\"name\":\"Volc\u00e1n de Colima registr\u00f3 7 sismos y 8 derrumbes la \u00faltima semana; permanece en \u2018sem\u00e1foro verde\u2019\"}]},{\"@type\":\"WebSite\",\"@id\":\"https:\/\/masquenoticias.mx\/#website\",\"url\":\"https:\/\/masquenoticias.mx\/\",\"name\":\"M\u00e1s Que Noticias\",\"description\":\"Noticias de Colima, M\u00e9xico y el Mundo\",\"publisher\":{\"@id\":\"https:\/\/masquenoticias.mx\/#organization\"},\"potentialAction\":[{\"@type\":\"SearchAction\",\"target\":{\"@type\":\"EntryPoint\",\"urlTemplate\":\"https:\/\/masquenoticias.mx\/?s={search_term_string}\"},\"query-input\":{\"@type\":\"PropertyValueSpecification\",\"valueRequired\":true,\"valueName\":\"search_term_string\"}}],\"inLanguage\":\"es\"},{\"@type\":\"Organization\",\"@id\":\"https:\/\/masquenoticias.mx\/#organization\",\"name\":\"M\u00e1s Que Noticias\",\"url\":\"https:\/\/masquenoticias.mx\/\",\"logo\":{\"@type\":\"ImageObject\",\"inLanguage\":\"es\",\"@id\":\"https:\/\/masquenoticias.mx\/#\/schema\/logo\/image\/\",\"url\":\"https:\/\/i0.wp.com\/masquenoticias.mx\/wp-content\/uploads\/2024\/04\/IMG_0004.png?fit=2560%2C1656&ssl=1\",\"contentUrl\":\"https:\/\/i0.wp.com\/masquenoticias.mx\/wp-content\/uploads\/2024\/04\/IMG_0004.png?fit=2560%2C1656&ssl=1\",\"width\":2560,\"height\":1656,\"caption\":\"M\u00e1s Que Noticias\"},\"image\":{\"@id\":\"https:\/\/masquenoticias.mx\/#\/schema\/logo\/image\/\"},\"sameAs\":[\"https:\/\/www.facebook.com\/masquenoticiascolima\",\"https:\/\/x.com\/edgartove\",\"https:\/\/www.instagram.com\/masquenoticiascolima\/\"]},{\"@type\":\"Person\",\"@id\":\"https:\/\/masquenoticias.mx\/#\/schema\/person\/544d19989ef23d34615f691f7a96e622\",\"name\":\"Redacci\u00f3n\",\"image\":{\"@type\":\"ImageObject\",\"inLanguage\":\"es\",\"@id\":\"https:\/\/masquenoticias.mx\/#\/schema\/person\/image\/\",\"url\":\"https:\/\/secure.gravatar.com\/avatar\/7fcc926d5b058d3f3d52d95b4d05dd58?s=96&d=mm&r=g\",\"contentUrl\":\"https:\/\/secure.gravatar.com\/avatar\/7fcc926d5b058d3f3d52d95b4d05dd58?s=96&d=mm&r=g\",\"caption\":\"Redacci\u00f3n\"},\"sameAs\":[\"http:\/\/masquenoticias.mx\"],\"url\":\"https:\/\/masquenoticias.mx\/index.php\/author\/edgartovegmail-com\/\"}]}<\/script>\n<!-- \/ Yoast SEO plugin. -->","yoast_head_json":{"title":"Volc\u00e1n de Colima registr\u00f3 7 sismos y 8 derrumbes la \u00faltima semana; permanece en \u2018sem\u00e1foro verde\u2019 - M\u00e1s Que Noticias","robots":{"index":"index","follow":"follow","max-snippet":"max-snippet:-1","max-image-preview":"max-image-preview:large","max-video-preview":"max-video-preview:-1"},"canonical":"https:\/\/masquenoticias.mx\/index.php\/2025\/04\/05\/volcan-de-colima-registro-7-sismos-y-8-derrumbes-la-ultima-semana-permanece-en-semaforo-verde\/","og_locale":"es_MX","og_type":"article","og_title":"Volc\u00e1n de Colima registr\u00f3 7 sismos y 8 derrumbes la \u00faltima semana; permanece en \u2018sem\u00e1foro verde\u2019 - M\u00e1s Que Noticias","og_description":"La Unidad Estatal de Protecci\u00f3n Civil (UEPC) del Gobierno del Estado de Colima informa que el Volc\u00e1n de Fuego permanece en \u2018sem\u00e1foro verde\u2019, pues los par\u00e1metros de monitoreo de la \u00faltima semana indican que el coloso se mantiene en calma. Del viernes 28 de marzo al jueves 3 de abril, el Centro Universitario de Estudios [&hellip;]","og_url":"https:\/\/masquenoticias.mx\/index.php\/2025\/04\/05\/volcan-de-colima-registro-7-sismos-y-8-derrumbes-la-ultima-semana-permanece-en-semaforo-verde\/","og_site_name":"M\u00e1s Que Noticias","article_publisher":"https:\/\/www.facebook.com\/masquenoticiascolima","article_published_time":"2025-04-06T02:13:18+00:00","og_image":[{"width":1280,"height":1280,"url":"https:\/\/i0.wp.com\/masquenoticias.mx\/wp-content\/uploads\/2025\/04\/7d721b8b-b1c1-47a5-a28b-cc64d321894e-1.jpg?fit=1280%2C1280&ssl=1","type":"image\/jpeg"}],"author":"Redacci\u00f3n","twitter_card":"summary_large_image","twitter_creator":"@edgartove","twitter_site":"@edgartove","twitter_misc":{"Escrito por":"Redacci\u00f3n","Tiempo de lectura":"1 minuto"},"schema":{"@context":"https:\/\/schema.org","@graph":[{"@type":"Article","@id":"https:\/\/masquenoticias.mx\/index.php\/2025\/04\/05\/volcan-de-colima-registro-7-sismos-y-8-derrumbes-la-ultima-semana-permanece-en-semaforo-verde\/#article","isPartOf":{"@id":"https:\/\/masquenoticias.mx\/index.php\/2025\/04\/05\/volcan-de-colima-registro-7-sismos-y-8-derrumbes-la-ultima-semana-permanece-en-semaforo-verde\/"},"author":{"name":"Redacci\u00f3n","@id":"https:\/\/masquenoticias.mx\/#\/schema\/person\/544d19989ef23d34615f691f7a96e622"},"headline":"Volc\u00e1n de Colima registr\u00f3 7 sismos y 8 derrumbes la \u00faltima semana; permanece en \u2018sem\u00e1foro verde\u2019","datePublished":"2025-04-06T02:13:18+00:00","mainEntityOfPage":{"@id":"https:\/\/masquenoticias.mx\/index.php\/2025\/04\/05\/volcan-de-colima-registro-7-sismos-y-8-derrumbes-la-ultima-semana-permanece-en-semaforo-verde\/"},"wordCount":179,"publisher":{"@id":"https:\/\/masquenoticias.mx\/#organization"},"image":{"@id":"https:\/\/masquenoticias.mx\/index.php\/2025\/04\/05\/volcan-de-colima-registro-7-sismos-y-8-derrumbes-la-ultima-semana-permanece-en-semaforo-verde\/#primaryimage"},"thumbnailUrl":"https:\/\/i0.wp.com\/masquenoticias.mx\/wp-content\/uploads\/2025\/04\/7d721b8b-b1c1-47a5-a28b-cc64d321894e-1.jpg?fit=1280%2C1280&ssl=1","keywords":["PC Estatal"],"articleSection":["Estado"],"inLanguage":"es"},{"@type":"WebPage","@id":"https:\/\/masquenoticias.mx\/index.php\/2025\/04\/05\/volcan-de-colima-registro-7-sismos-y-8-derrumbes-la-ultima-semana-permanece-en-semaforo-verde\/","url":"https:\/\/masquenoticias.mx\/index.php\/2025\/04\/05\/volcan-de-colima-registro-7-sismos-y-8-derrumbes-la-ultima-semana-permanece-en-semaforo-verde\/","name":"Volc\u00e1n de Colima registr\u00f3 7 sismos y 8 derrumbes la \u00faltima semana; permanece en \u2018sem\u00e1foro verde\u2019 - M\u00e1s Que Noticias","isPartOf":{"@id":"https:\/\/masquenoticias.mx\/#website"},"primaryImageOfPage":{"@id":"https:\/\/masquenoticias.mx\/index.php\/2025\/04\/05\/volcan-de-colima-registro-7-sismos-y-8-derrumbes-la-ultima-semana-permanece-en-semaforo-verde\/#primaryimage"},"image":{"@id":"https:\/\/masquenoticias.mx\/index.php\/2025\/04\/05\/volcan-de-colima-registro-7-sismos-y-8-derrumbes-la-ultima-semana-permanece-en-semaforo-verde\/#primaryimage"},"thumbnailUrl":"https:\/\/i0.wp.com\/masquenoticias.mx\/wp-content\/uploads\/2025\/04\/7d721b8b-b1c1-47a5-a28b-cc64d321894e-1.jpg?fit=1280%2C1280&ssl=1","datePublished":"2025-04-06T02:13:18+00:00","breadcrumb":{"@id":"https:\/\/masquenoticias.mx\/index.php\/2025\/04\/05\/volcan-de-colima-registro-7-sismos-y-8-derrumbes-la-ultima-semana-permanece-en-semaforo-verde\/#breadcrumb"},"inLanguage":"es","potentialAction":[{"@type":"ReadAction","target":["https:\/\/masquenoticias.mx\/index.php\/2025\/04\/05\/volcan-de-colima-registro-7-sismos-y-8-derrumbes-la-ultima-semana-permanece-en-semaforo-verde\/"]}]},{"@type":"ImageObject","inLanguage":"es","@id":"https:\/\/masquenoticias.mx\/index.php\/2025\/04\/05\/volcan-de-colima-registro-7-sismos-y-8-derrumbes-la-ultima-semana-permanece-en-semaforo-verde\/#primaryimage","url":"https:\/\/i0.wp.com\/masquenoticias.mx\/wp-content\/uploads\/2025\/04\/7d721b8b-b1c1-47a5-a28b-cc64d321894e-1.jpg?fit=1280%2C1280&ssl=1","contentUrl":"https:\/\/i0.wp.com\/masquenoticias.mx\/wp-content\/uploads\/2025\/04\/7d721b8b-b1c1-47a5-a28b-cc64d321894e-1.jpg?fit=1280%2C1280&ssl=1","width":1280,"height":1280},{"@type":"BreadcrumbList","@id":"https:\/\/masquenoticias.mx\/index.php\/2025\/04\/05\/volcan-de-colima-registro-7-sismos-y-8-derrumbes-la-ultima-semana-permanece-en-semaforo-verde\/#breadcrumb","itemListElement":[{"@type":"ListItem","position":1,"name":"Inicio","item":"https:\/\/masquenoticias.mx\/"},{"@type":"ListItem","position":2,"name":"Volc\u00e1n de Colima registr\u00f3 7 sismos y 8 derrumbes la \u00faltima semana; permanece en \u2018sem\u00e1foro verde\u2019"}]},{"@type":"WebSite","@id":"https:\/\/masquenoticias.mx\/#website","url":"https:\/\/masquenoticias.mx\/","name":"M\u00e1s Que Noticias","description":"Noticias de Colima, M\u00e9xico y el Mundo","publisher":{"@id":"https:\/\/masquenoticias.mx\/#organization"},"potentialAction":[{"@type":"SearchAction","target":{"@type":"EntryPoint","urlTemplate":"https:\/\/masquenoticias.mx\/?s={search_term_string}"},"query-input":{"@type":"PropertyValueSpecification","valueRequired":true,"valueName":"search_term_string"}}],"inLanguage":"es"},{"@type":"Organization","@id":"https:\/\/masquenoticias.mx\/#organization","name":"M\u00e1s Que Noticias","url":"https:\/\/masquenoticias.mx\/","logo":{"@type":"ImageObject","inLanguage":"es","@id":"https:\/\/masquenoticias.mx\/#\/schema\/logo\/image\/","url":"https:\/\/i0.wp.com\/masquenoticias.mx\/wp-content\/uploads\/2024\/04\/IMG_0004.png?fit=2560%2C1656&ssl=1","contentUrl":"https:\/\/i0.wp.com\/masquenoticias.mx\/wp-content\/uploads\/2024\/04\/IMG_0004.png?fit=2560%2C1656&ssl=1","width":2560,"height":1656,"caption":"M\u00e1s Que Noticias"},"image":{"@id":"https:\/\/masquenoticias.mx\/#\/schema\/logo\/image\/"},"sameAs":["https:\/\/www.facebook.com\/masquenoticiascolima","https:\/\/x.com\/edgartove","https:\/\/www.instagram.com\/masquenoticiascolima\/"]},{"@type":"Person","@id":"https:\/\/masquenoticias.mx\/#\/schema\/person\/544d19989ef23d34615f691f7a96e622","name":"Redacci\u00f3n","image":{"@type":"ImageObject","inLanguage":"es","@id":"https:\/\/masquenoticias.mx\/#\/schema\/person\/image\/","url":"https:\/\/secure.gravatar.com\/avatar\/7fcc926d5b058d3f3d52d95b4d05dd58?s=96&d=mm&r=g","contentUrl":"https:\/\/secure.gravatar.com\/avatar\/7fcc926d5b058d3f3d52d95b4d05dd58?s=96&d=mm&r=g","caption":"Redacci\u00f3n"},"sameAs":["http:\/\/masquenoticias.mx"],"url":"https:\/\/masquenoticias.mx\/index.php\/author\/edgartovegmail-com\/"}]}},"jetpack_featured_media_url":"https:\/\/i0.wp.com\/masquenoticias.mx\/wp-content\/uploads\/2025\/04\/7d721b8b-b1c1-47a5-a28b-cc64d321894e-1.jpg?fit=1280%2C1280&ssl=1","blog_post_layout_featured_media_urls":{"thumbnail":["https:\/\/i0.wp.com\/masquenoticias.mx\/wp-content\/uploads\/2025\/04\/7d721b8b-b1c1-47a5-a28b-cc64d321894e-1.jpg?resize=150%2C150&ssl=1",150,150,true],"full":["https:\/\/i0.wp.com\/masquenoticias.mx\/wp-content\/uploads\/2025\/04\/7d721b8b-b1c1-47a5-a28b-cc64d321894e-1.jpg?fit=1280%2C1280&ssl=1",1280,1280,false]},"categories_names":{"24":{"name":"Estado","link":"https:\/\/masquenoticias.mx\/index.php\/category\/estado\/"}},"tags_names":{"240":{"name":"PC Estatal","link":"https:\/\/masquenoticias.mx\/index.php\/tag\/pc-estatal\/"}},"comments_number":"0","wpmagazine_modules_lite_featured_media_urls":{"thumbnail":["https:\/\/i0.wp.com\/masquenoticias.mx\/wp-content\/uploads\/2025\/04\/7d721b8b-b1c1-47a5-a28b-cc64d321894e-1.jpg?resize=150%2C150&ssl=1",150,150,true],"cvmm-medium":["https:\/\/i0.wp.com\/masquenoticias.mx\/wp-content\/uploads\/2025\/04\/7d721b8b-b1c1-47a5-a28b-cc64d321894e-1.jpg?resize=300%2C300&ssl=1",300,300,true],"cvmm-medium-plus":["https:\/\/i0.wp.com\/masquenoticias.mx\/wp-content\/uploads\/2025\/04\/7d721b8b-b1c1-47a5-a28b-cc64d321894e-1.jpg?resize=305%2C207&ssl=1",305,207,true],"cvmm-portrait":["https:\/\/i0.wp.com\/masquenoticias.mx\/wp-content\/uploads\/2025\/04\/7d721b8b-b1c1-47a5-a28b-cc64d321894e-1.jpg?resize=400%2C600&ssl=1",400,600,true],"cvmm-medium-square":["https:\/\/i0.wp.com\/masquenoticias.mx\/wp-content\/uploads\/2025\/04\/7d721b8b-b1c1-47a5-a28b-cc64d321894e-1.jpg?resize=600%2C600&ssl=1",600,600,true],"cvmm-large":["https:\/\/i0.wp.com\/masquenoticias.mx\/wp-content\/uploads\/2025\/04\/7d721b8b-b1c1-47a5-a28b-cc64d321894e-1.jpg?resize=1024%2C1024&ssl=1",1024,1024,true],"cvmm-small":["https:\/\/i0.wp.com\/masquenoticias.mx\/wp-content\/uploads\/2025\/04\/7d721b8b-b1c1-47a5-a28b-cc64d321894e-1.jpg?resize=130%2C95&ssl=1",130,95,true],"full":["https:\/\/i0.wp.com\/masquenoticias.mx\/wp-content\/uploads\/2025\/04\/7d721b8b-b1c1-47a5-a28b-cc64d321894e-1.jpg?fit=1280%2C1280&ssl=1",1280,1280,false]},"jetpack-related-posts":[],"jetpack_sharing_enabled":true,"jetpack_likes_enabled":true,"jetpack_shortlink":"https:\/\/wp.me\/pf7pkt-3W0","_links":{"self":[{"href":"https:\/\/masquenoticias.mx\/index.php\/wp-json\/wp\/v2\/posts\/15128","targetHints":{"allow":["GET"]}}],"collection":[{"href":"https:\/\/masquenoticias.mx\/index.php\/wp-json\/wp\/v2\/posts"}],"about":[{"href":"https:\/\/masquenoticias.mx\/index.php\/wp-json\/wp\/v2\/types\/post"}],"author":[{"embeddable":true,"href":"https:\/\/masquenoticias.mx\/index.php\/wp-json\/wp\/v2\/users\/1"}],"replies":[{"embeddable":true,"href":"https:\/\/masquenoticias.mx\/index.php\/wp-json\/wp\/v2\/comments?post=15128"}],"version-history":[{"count":1,"href":"https:\/\/masquenoticias.mx\/index.php\/wp-json\/wp\/v2\/posts\/15128\/revisions"}],"predecessor-version":[{"id":15129,"href":"https:\/\/masquenoticias.mx\/index.php\/wp-json\/wp\/v2\/posts\/15128\/revisions\/15129"}],"wp:featuredmedia":[{"embeddable":true,"href":"https:\/\/masquenoticias.mx\/index.php\/wp-json\/wp\/v2\/media\/15127"}],"wp:attachment":[{"href":"https:\/\/masquenoticias.mx\/index.php\/wp-json\/wp\/v2\/media?parent=15128"}],"wp:term":[{"taxonomy":"category","embeddable":true,"href":"https:\/\/masquenoticias.mx\/index.php\/wp-json\/wp\/v2\/categories?post=15128"},{"taxonomy":"post_tag","embeddable":true,"href":"https:\/\/masquenoticias.mx\/index.php\/wp-json\/wp\/v2\/tags?post=15128"}],"curies":[{"name":"wp","href":"https:\/\/api.w.org\/{rel}","templated":true}]}}