{"id":1499,"date":"2023-07-07T10:26:54","date_gmt":"2023-07-07T16:26:54","guid":{"rendered":"https:\/\/masquenoticias.mx\/?p=1499"},"modified":"2023-07-07T10:28:45","modified_gmt":"2023-07-07T16:28:45","slug":"alfredo-alvarez-y-financiera-para-el-bienestar-invitan-a-participar-en-taller-de-profesionalizacion-de-cooperativas","status":"publish","type":"post","link":"https:\/\/masquenoticias.mx\/index.php\/2023\/07\/07\/alfredo-alvarez-y-financiera-para-el-bienestar-invitan-a-participar-en-taller-de-profesionalizacion-de-cooperativas\/","title":{"rendered":"Alfredo \u00c1lvarez y Financiera para el Bienestar invitan a participar en taller de profesionalizaci\u00f3n de Cooperativas"},"content":{"rendered":"\n<p><br>El Diputado Local Alfredo \u00c1lvarez y la Financiera para el Bienestar, invitan a participar en el Taller de Profesionalizaci\u00f3n de Cooperativas, que se impartir\u00e1 del 10 al 14 de julio, en un horario de 15:00 a 19:00 horas en el Palacio de Colima.<br><br><br>El objetivo de este taller es que las personas que participen adquieran los conocimientos necesarios para profesionalizar su actividad empresarial, a partir de establecer las reglas y responsabilidades de los miembros que conforman una organizaci\u00f3n cooperativa, as\u00ed como brindar herramientas que les permitan permanecer en el mercado. <br><br>Tambi\u00e9n se busca que las y los participantes adquieran un mayor conocimiento sobre lo que es una cooperativa, sus principios y valores, diferencias con otras organizaciones, los beneficios, desaf\u00edos y relaciones con otro tipo de empresas, y puedan tomar una decisi\u00f3n consciente e informada. <br><br>Las sesiones de este taller ser\u00e1n de cuatro horas, con descanso cada dos horas y se tocar\u00e1n los siguientes temas: Esp\u00edritu Cooperativista, Planeaci\u00f3n de la Cooperativa, Gobierno Cooperativo, as\u00ed como Sostenibilidad y Diversidad de G\u00e9nero. <br><br>Por su parte, el Diputado Alfredo \u00c1lvarez extendi\u00f3 la invitaci\u00f3n y agradeci\u00f3 a Financiera del Bienestar por la disposici\u00f3n para desarrollar este taller. <br><br>&#8220;Este taller es muy importante para seguir creando comunidad, pues servir\u00e1 de mucho a las personas que tienen inter\u00e9s en la econom\u00eda social y solidaria, les invito a que lo aprovechen, (&#8230;) tambi\u00e9n agradezco y reconozco el trabajo que realiza Financiera para el Bienestar, se nota el compromiso y la perspectiva solidaria que maneja esta instituci\u00f3n, situaci\u00f3n que con los gobiernos neoliberales no se ve\u00eda, ya que la raz\u00f3n de la Econom\u00eda Social y Solidaria es poner al centro a las personas y su bienestar y no la ganancia\u201d coment\u00f3.<\/p>\n","protected":false},"excerpt":{"rendered":"<p>El Diputado Local Alfredo \u00c1lvarez y la Financiera para el Bienestar, invitan a participar en el Taller de Profesionalizaci\u00f3n de Cooperativas, que se impartir\u00e1 del 10 al 14 de julio, en un horario de 15:00 a 19:00 horas en el Palacio de Colima. El objetivo de este taller es que las personas que participen adquieran [&hellip;]<\/p>\n","protected":false},"author":1,"featured_media":1498,"comment_status":"open","ping_status":"open","sticky":false,"template":"","format":"standard","meta":{"_jetpack_memberships_contains_paid_content":false,"footnotes":""},"categories":[32],"tags":[59],"class_list":["post-1499","post","type-post","status-publish","format-standard","has-post-thumbnail","hentry","category-politica","tag-alfredo-alvarez"],"yoast_head":"<!-- This site is optimized with the Yoast SEO plugin v26.6 - https:\/\/yoast.com\/wordpress\/plugins\/seo\/ -->\n<title>Alfredo \u00c1lvarez y Financiera para el Bienestar invitan a participar en taller de profesionalizaci\u00f3n de Cooperativas - M\u00e1s Que Noticias<\/title>\n<meta name=\"robots\" content=\"index, follow, max-snippet:-1, max-image-preview:large, max-video-preview:-1\" \/>\n<link rel=\"canonical\" href=\"https:\/\/masquenoticias.mx\/index.php\/2023\/07\/07\/alfredo-alvarez-y-financiera-para-el-bienestar-invitan-a-participar-en-taller-de-profesionalizacion-de-cooperativas\/\" \/>\n<meta property=\"og:locale\" content=\"es_MX\" \/>\n<meta property=\"og:type\" content=\"article\" \/>\n<meta property=\"og:title\" content=\"Alfredo \u00c1lvarez y Financiera para el Bienestar invitan a participar en taller de profesionalizaci\u00f3n de Cooperativas - M\u00e1s Que Noticias\" \/>\n<meta property=\"og:description\" content=\"El Diputado Local Alfredo \u00c1lvarez y la Financiera para el Bienestar, invitan a participar en el Taller de Profesionalizaci\u00f3n de Cooperativas, que se impartir\u00e1 del 10 al 14 de julio, en un horario de 15:00 a 19:00 horas en el Palacio de Colima. El objetivo de este taller es que las personas que participen adquieran [&hellip;]\" \/>\n<meta property=\"og:url\" content=\"https:\/\/masquenoticias.mx\/index.php\/2023\/07\/07\/alfredo-alvarez-y-financiera-para-el-bienestar-invitan-a-participar-en-taller-de-profesionalizacion-de-cooperativas\/\" \/>\n<meta property=\"og:site_name\" content=\"M\u00e1s Que Noticias\" \/>\n<meta property=\"article:publisher\" content=\"https:\/\/www.facebook.com\/masquenoticiascolima\" \/>\n<meta property=\"article:published_time\" content=\"2023-07-07T16:26:54+00:00\" \/>\n<meta property=\"article:modified_time\" content=\"2023-07-07T16:28:45+00:00\" \/>\n<meta property=\"og:image\" content=\"https:\/\/i0.wp.com\/masquenoticias.mx\/wp-content\/uploads\/2023\/07\/IMG-20230707-WA0027-jpg.webp?fit=1070%2C1053&ssl=1\" \/>\n\t<meta property=\"og:image:width\" content=\"1070\" \/>\n\t<meta property=\"og:image:height\" content=\"1053\" \/>\n\t<meta property=\"og:image:type\" content=\"image\/jpeg\" \/>\n<meta name=\"author\" content=\"Redacci\u00f3n\" \/>\n<meta name=\"twitter:card\" content=\"summary_large_image\" \/>\n<meta name=\"twitter:creator\" content=\"@edgartove\" \/>\n<meta name=\"twitter:site\" content=\"@edgartove\" \/>\n<meta name=\"twitter:label1\" content=\"Escrito por\" \/>\n\t<meta name=\"twitter:data1\" content=\"Redacci\u00f3n\" \/>\n\t<meta name=\"twitter:label2\" content=\"Tiempo de lectura\" \/>\n\t<meta name=\"twitter:data2\" content=\"1 minuto\" \/>\n<script type=\"application\/ld+json\" class=\"yoast-schema-graph\">{\"@context\":\"https:\/\/schema.org\",\"@graph\":[{\"@type\":\"Article\",\"@id\":\"https:\/\/masquenoticias.mx\/index.php\/2023\/07\/07\/alfredo-alvarez-y-financiera-para-el-bienestar-invitan-a-participar-en-taller-de-profesionalizacion-de-cooperativas\/#article\",\"isPartOf\":{\"@id\":\"https:\/\/masquenoticias.mx\/index.php\/2023\/07\/07\/alfredo-alvarez-y-financiera-para-el-bienestar-invitan-a-participar-en-taller-de-profesionalizacion-de-cooperativas\/\"},\"author\":{\"name\":\"Redacci\u00f3n\",\"@id\":\"https:\/\/masquenoticias.mx\/#\/schema\/person\/544d19989ef23d34615f691f7a96e622\"},\"headline\":\"Alfredo \u00c1lvarez y Financiera para el Bienestar invitan a participar en taller de profesionalizaci\u00f3n de Cooperativas\",\"datePublished\":\"2023-07-07T16:26:54+00:00\",\"dateModified\":\"2023-07-07T16:28:45+00:00\",\"mainEntityOfPage\":{\"@id\":\"https:\/\/masquenoticias.mx\/index.php\/2023\/07\/07\/alfredo-alvarez-y-financiera-para-el-bienestar-invitan-a-participar-en-taller-de-profesionalizacion-de-cooperativas\/\"},\"wordCount\":314,\"commentCount\":0,\"publisher\":{\"@id\":\"https:\/\/masquenoticias.mx\/#organization\"},\"image\":{\"@id\":\"https:\/\/masquenoticias.mx\/index.php\/2023\/07\/07\/alfredo-alvarez-y-financiera-para-el-bienestar-invitan-a-participar-en-taller-de-profesionalizacion-de-cooperativas\/#primaryimage\"},\"thumbnailUrl\":\"https:\/\/i0.wp.com\/masquenoticias.mx\/wp-content\/uploads\/2023\/07\/IMG-20230707-WA0027-jpg.webp?fit=1070%2C1053&ssl=1\",\"keywords\":[\"Alfredo \u00c1lvarez\"],\"articleSection\":[\"Pol\u00edtica\"],\"inLanguage\":\"es\",\"potentialAction\":[{\"@type\":\"CommentAction\",\"name\":\"Comment\",\"target\":[\"https:\/\/masquenoticias.mx\/index.php\/2023\/07\/07\/alfredo-alvarez-y-financiera-para-el-bienestar-invitan-a-participar-en-taller-de-profesionalizacion-de-cooperativas\/#respond\"]}]},{\"@type\":\"WebPage\",\"@id\":\"https:\/\/masquenoticias.mx\/index.php\/2023\/07\/07\/alfredo-alvarez-y-financiera-para-el-bienestar-invitan-a-participar-en-taller-de-profesionalizacion-de-cooperativas\/\",\"url\":\"https:\/\/masquenoticias.mx\/index.php\/2023\/07\/07\/alfredo-alvarez-y-financiera-para-el-bienestar-invitan-a-participar-en-taller-de-profesionalizacion-de-cooperativas\/\",\"name\":\"Alfredo \u00c1lvarez y Financiera para el Bienestar invitan a participar en taller de profesionalizaci\u00f3n de Cooperativas - M\u00e1s Que Noticias\",\"isPartOf\":{\"@id\":\"https:\/\/masquenoticias.mx\/#website\"},\"primaryImageOfPage\":{\"@id\":\"https:\/\/masquenoticias.mx\/index.php\/2023\/07\/07\/alfredo-alvarez-y-financiera-para-el-bienestar-invitan-a-participar-en-taller-de-profesionalizacion-de-cooperativas\/#primaryimage\"},\"image\":{\"@id\":\"https:\/\/masquenoticias.mx\/index.php\/2023\/07\/07\/alfredo-alvarez-y-financiera-para-el-bienestar-invitan-a-participar-en-taller-de-profesionalizacion-de-cooperativas\/#primaryimage\"},\"thumbnailUrl\":\"https:\/\/i0.wp.com\/masquenoticias.mx\/wp-content\/uploads\/2023\/07\/IMG-20230707-WA0027-jpg.webp?fit=1070%2C1053&ssl=1\",\"datePublished\":\"2023-07-07T16:26:54+00:00\",\"dateModified\":\"2023-07-07T16:28:45+00:00\",\"breadcrumb\":{\"@id\":\"https:\/\/masquenoticias.mx\/index.php\/2023\/07\/07\/alfredo-alvarez-y-financiera-para-el-bienestar-invitan-a-participar-en-taller-de-profesionalizacion-de-cooperativas\/#breadcrumb\"},\"inLanguage\":\"es\",\"potentialAction\":[{\"@type\":\"ReadAction\",\"target\":[\"https:\/\/masquenoticias.mx\/index.php\/2023\/07\/07\/alfredo-alvarez-y-financiera-para-el-bienestar-invitan-a-participar-en-taller-de-profesionalizacion-de-cooperativas\/\"]}]},{\"@type\":\"ImageObject\",\"inLanguage\":\"es\",\"@id\":\"https:\/\/masquenoticias.mx\/index.php\/2023\/07\/07\/alfredo-alvarez-y-financiera-para-el-bienestar-invitan-a-participar-en-taller-de-profesionalizacion-de-cooperativas\/#primaryimage\",\"url\":\"https:\/\/i0.wp.com\/masquenoticias.mx\/wp-content\/uploads\/2023\/07\/IMG-20230707-WA0027-jpg.webp?fit=1070%2C1053&ssl=1\",\"contentUrl\":\"https:\/\/i0.wp.com\/masquenoticias.mx\/wp-content\/uploads\/2023\/07\/IMG-20230707-WA0027-jpg.webp?fit=1070%2C1053&ssl=1\",\"width\":1070,\"height\":1053},{\"@type\":\"BreadcrumbList\",\"@id\":\"https:\/\/masquenoticias.mx\/index.php\/2023\/07\/07\/alfredo-alvarez-y-financiera-para-el-bienestar-invitan-a-participar-en-taller-de-profesionalizacion-de-cooperativas\/#breadcrumb\",\"itemListElement\":[{\"@type\":\"ListItem\",\"position\":1,\"name\":\"Inicio\",\"item\":\"https:\/\/masquenoticias.mx\/\"},{\"@type\":\"ListItem\",\"position\":2,\"name\":\"Alfredo \u00c1lvarez y Financiera para el Bienestar invitan a participar en taller de profesionalizaci\u00f3n de Cooperativas\"}]},{\"@type\":\"WebSite\",\"@id\":\"https:\/\/masquenoticias.mx\/#website\",\"url\":\"https:\/\/masquenoticias.mx\/\",\"name\":\"M\u00e1s Que Noticias\",\"description\":\"Noticias de Colima, M\u00e9xico y el Mundo\",\"publisher\":{\"@id\":\"https:\/\/masquenoticias.mx\/#organization\"},\"potentialAction\":[{\"@type\":\"SearchAction\",\"target\":{\"@type\":\"EntryPoint\",\"urlTemplate\":\"https:\/\/masquenoticias.mx\/?s={search_term_string}\"},\"query-input\":{\"@type\":\"PropertyValueSpecification\",\"valueRequired\":true,\"valueName\":\"search_term_string\"}}],\"inLanguage\":\"es\"},{\"@type\":\"Organization\",\"@id\":\"https:\/\/masquenoticias.mx\/#organization\",\"name\":\"M\u00e1s Que Noticias\",\"url\":\"https:\/\/masquenoticias.mx\/\",\"logo\":{\"@type\":\"ImageObject\",\"inLanguage\":\"es\",\"@id\":\"https:\/\/masquenoticias.mx\/#\/schema\/logo\/image\/\",\"url\":\"https:\/\/i0.wp.com\/masquenoticias.mx\/wp-content\/uploads\/2024\/04\/IMG_0004.png?fit=2560%2C1656&ssl=1\",\"contentUrl\":\"https:\/\/i0.wp.com\/masquenoticias.mx\/wp-content\/uploads\/2024\/04\/IMG_0004.png?fit=2560%2C1656&ssl=1\",\"width\":2560,\"height\":1656,\"caption\":\"M\u00e1s Que Noticias\"},\"image\":{\"@id\":\"https:\/\/masquenoticias.mx\/#\/schema\/logo\/image\/\"},\"sameAs\":[\"https:\/\/www.facebook.com\/masquenoticiascolima\",\"https:\/\/x.com\/edgartove\",\"https:\/\/www.instagram.com\/masquenoticiascolima\/\"]},{\"@type\":\"Person\",\"@id\":\"https:\/\/masquenoticias.mx\/#\/schema\/person\/544d19989ef23d34615f691f7a96e622\",\"name\":\"Redacci\u00f3n\",\"image\":{\"@type\":\"ImageObject\",\"inLanguage\":\"es\",\"@id\":\"https:\/\/masquenoticias.mx\/#\/schema\/person\/image\/\",\"url\":\"https:\/\/secure.gravatar.com\/avatar\/7fcc926d5b058d3f3d52d95b4d05dd58?s=96&d=mm&r=g\",\"contentUrl\":\"https:\/\/secure.gravatar.com\/avatar\/7fcc926d5b058d3f3d52d95b4d05dd58?s=96&d=mm&r=g\",\"caption\":\"Redacci\u00f3n\"},\"sameAs\":[\"http:\/\/masquenoticias.mx\"],\"url\":\"https:\/\/masquenoticias.mx\/index.php\/author\/edgartovegmail-com\/\"}]}<\/script>\n<!-- \/ Yoast SEO plugin. -->","yoast_head_json":{"title":"Alfredo \u00c1lvarez y Financiera para el Bienestar invitan a participar en taller de profesionalizaci\u00f3n de Cooperativas - M\u00e1s Que Noticias","robots":{"index":"index","follow":"follow","max-snippet":"max-snippet:-1","max-image-preview":"max-image-preview:large","max-video-preview":"max-video-preview:-1"},"canonical":"https:\/\/masquenoticias.mx\/index.php\/2023\/07\/07\/alfredo-alvarez-y-financiera-para-el-bienestar-invitan-a-participar-en-taller-de-profesionalizacion-de-cooperativas\/","og_locale":"es_MX","og_type":"article","og_title":"Alfredo \u00c1lvarez y Financiera para el Bienestar invitan a participar en taller de profesionalizaci\u00f3n de Cooperativas - M\u00e1s Que Noticias","og_description":"El Diputado Local Alfredo \u00c1lvarez y la Financiera para el Bienestar, invitan a participar en el Taller de Profesionalizaci\u00f3n de Cooperativas, que se impartir\u00e1 del 10 al 14 de julio, en un horario de 15:00 a 19:00 horas en el Palacio de Colima. El objetivo de este taller es que las personas que participen adquieran [&hellip;]","og_url":"https:\/\/masquenoticias.mx\/index.php\/2023\/07\/07\/alfredo-alvarez-y-financiera-para-el-bienestar-invitan-a-participar-en-taller-de-profesionalizacion-de-cooperativas\/","og_site_name":"M\u00e1s Que Noticias","article_publisher":"https:\/\/www.facebook.com\/masquenoticiascolima","article_published_time":"2023-07-07T16:26:54+00:00","article_modified_time":"2023-07-07T16:28:45+00:00","og_image":[{"width":1070,"height":1053,"url":"https:\/\/i0.wp.com\/masquenoticias.mx\/wp-content\/uploads\/2023\/07\/IMG-20230707-WA0027-jpg.webp?fit=1070%2C1053&ssl=1","type":"image\/jpeg"}],"author":"Redacci\u00f3n","twitter_card":"summary_large_image","twitter_creator":"@edgartove","twitter_site":"@edgartove","twitter_misc":{"Escrito por":"Redacci\u00f3n","Tiempo de lectura":"1 minuto"},"schema":{"@context":"https:\/\/schema.org","@graph":[{"@type":"Article","@id":"https:\/\/masquenoticias.mx\/index.php\/2023\/07\/07\/alfredo-alvarez-y-financiera-para-el-bienestar-invitan-a-participar-en-taller-de-profesionalizacion-de-cooperativas\/#article","isPartOf":{"@id":"https:\/\/masquenoticias.mx\/index.php\/2023\/07\/07\/alfredo-alvarez-y-financiera-para-el-bienestar-invitan-a-participar-en-taller-de-profesionalizacion-de-cooperativas\/"},"author":{"name":"Redacci\u00f3n","@id":"https:\/\/masquenoticias.mx\/#\/schema\/person\/544d19989ef23d34615f691f7a96e622"},"headline":"Alfredo \u00c1lvarez y Financiera para el Bienestar invitan a participar en taller de profesionalizaci\u00f3n de Cooperativas","datePublished":"2023-07-07T16:26:54+00:00","dateModified":"2023-07-07T16:28:45+00:00","mainEntityOfPage":{"@id":"https:\/\/masquenoticias.mx\/index.php\/2023\/07\/07\/alfredo-alvarez-y-financiera-para-el-bienestar-invitan-a-participar-en-taller-de-profesionalizacion-de-cooperativas\/"},"wordCount":314,"commentCount":0,"publisher":{"@id":"https:\/\/masquenoticias.mx\/#organization"},"image":{"@id":"https:\/\/masquenoticias.mx\/index.php\/2023\/07\/07\/alfredo-alvarez-y-financiera-para-el-bienestar-invitan-a-participar-en-taller-de-profesionalizacion-de-cooperativas\/#primaryimage"},"thumbnailUrl":"https:\/\/i0.wp.com\/masquenoticias.mx\/wp-content\/uploads\/2023\/07\/IMG-20230707-WA0027-jpg.webp?fit=1070%2C1053&ssl=1","keywords":["Alfredo \u00c1lvarez"],"articleSection":["Pol\u00edtica"],"inLanguage":"es","potentialAction":[{"@type":"CommentAction","name":"Comment","target":["https:\/\/masquenoticias.mx\/index.php\/2023\/07\/07\/alfredo-alvarez-y-financiera-para-el-bienestar-invitan-a-participar-en-taller-de-profesionalizacion-de-cooperativas\/#respond"]}]},{"@type":"WebPage","@id":"https:\/\/masquenoticias.mx\/index.php\/2023\/07\/07\/alfredo-alvarez-y-financiera-para-el-bienestar-invitan-a-participar-en-taller-de-profesionalizacion-de-cooperativas\/","url":"https:\/\/masquenoticias.mx\/index.php\/2023\/07\/07\/alfredo-alvarez-y-financiera-para-el-bienestar-invitan-a-participar-en-taller-de-profesionalizacion-de-cooperativas\/","name":"Alfredo \u00c1lvarez y Financiera para el Bienestar invitan a participar en taller de profesionalizaci\u00f3n de Cooperativas - M\u00e1s Que Noticias","isPartOf":{"@id":"https:\/\/masquenoticias.mx\/#website"},"primaryImageOfPage":{"@id":"https:\/\/masquenoticias.mx\/index.php\/2023\/07\/07\/alfredo-alvarez-y-financiera-para-el-bienestar-invitan-a-participar-en-taller-de-profesionalizacion-de-cooperativas\/#primaryimage"},"image":{"@id":"https:\/\/masquenoticias.mx\/index.php\/2023\/07\/07\/alfredo-alvarez-y-financiera-para-el-bienestar-invitan-a-participar-en-taller-de-profesionalizacion-de-cooperativas\/#primaryimage"},"thumbnailUrl":"https:\/\/i0.wp.com\/masquenoticias.mx\/wp-content\/uploads\/2023\/07\/IMG-20230707-WA0027-jpg.webp?fit=1070%2C1053&ssl=1","datePublished":"2023-07-07T16:26:54+00:00","dateModified":"2023-07-07T16:28:45+00:00","breadcrumb":{"@id":"https:\/\/masquenoticias.mx\/index.php\/2023\/07\/07\/alfredo-alvarez-y-financiera-para-el-bienestar-invitan-a-participar-en-taller-de-profesionalizacion-de-cooperativas\/#breadcrumb"},"inLanguage":"es","potentialAction":[{"@type":"ReadAction","target":["https:\/\/masquenoticias.mx\/index.php\/2023\/07\/07\/alfredo-alvarez-y-financiera-para-el-bienestar-invitan-a-participar-en-taller-de-profesionalizacion-de-cooperativas\/"]}]},{"@type":"ImageObject","inLanguage":"es","@id":"https:\/\/masquenoticias.mx\/index.php\/2023\/07\/07\/alfredo-alvarez-y-financiera-para-el-bienestar-invitan-a-participar-en-taller-de-profesionalizacion-de-cooperativas\/#primaryimage","url":"https:\/\/i0.wp.com\/masquenoticias.mx\/wp-content\/uploads\/2023\/07\/IMG-20230707-WA0027-jpg.webp?fit=1070%2C1053&ssl=1","contentUrl":"https:\/\/i0.wp.com\/masquenoticias.mx\/wp-content\/uploads\/2023\/07\/IMG-20230707-WA0027-jpg.webp?fit=1070%2C1053&ssl=1","width":1070,"height":1053},{"@type":"BreadcrumbList","@id":"https:\/\/masquenoticias.mx\/index.php\/2023\/07\/07\/alfredo-alvarez-y-financiera-para-el-bienestar-invitan-a-participar-en-taller-de-profesionalizacion-de-cooperativas\/#breadcrumb","itemListElement":[{"@type":"ListItem","position":1,"name":"Inicio","item":"https:\/\/masquenoticias.mx\/"},{"@type":"ListItem","position":2,"name":"Alfredo \u00c1lvarez y Financiera para el Bienestar invitan a participar en taller de profesionalizaci\u00f3n de Cooperativas"}]},{"@type":"WebSite","@id":"https:\/\/masquenoticias.mx\/#website","url":"https:\/\/masquenoticias.mx\/","name":"M\u00e1s Que Noticias","description":"Noticias de Colima, M\u00e9xico y el Mundo","publisher":{"@id":"https:\/\/masquenoticias.mx\/#organization"},"potentialAction":[{"@type":"SearchAction","target":{"@type":"EntryPoint","urlTemplate":"https:\/\/masquenoticias.mx\/?s={search_term_string}"},"query-input":{"@type":"PropertyValueSpecification","valueRequired":true,"valueName":"search_term_string"}}],"inLanguage":"es"},{"@type":"Organization","@id":"https:\/\/masquenoticias.mx\/#organization","name":"M\u00e1s Que Noticias","url":"https:\/\/masquenoticias.mx\/","logo":{"@type":"ImageObject","inLanguage":"es","@id":"https:\/\/masquenoticias.mx\/#\/schema\/logo\/image\/","url":"https:\/\/i0.wp.com\/masquenoticias.mx\/wp-content\/uploads\/2024\/04\/IMG_0004.png?fit=2560%2C1656&ssl=1","contentUrl":"https:\/\/i0.wp.com\/masquenoticias.mx\/wp-content\/uploads\/2024\/04\/IMG_0004.png?fit=2560%2C1656&ssl=1","width":2560,"height":1656,"caption":"M\u00e1s Que Noticias"},"image":{"@id":"https:\/\/masquenoticias.mx\/#\/schema\/logo\/image\/"},"sameAs":["https:\/\/www.facebook.com\/masquenoticiascolima","https:\/\/x.com\/edgartove","https:\/\/www.instagram.com\/masquenoticiascolima\/"]},{"@type":"Person","@id":"https:\/\/masquenoticias.mx\/#\/schema\/person\/544d19989ef23d34615f691f7a96e622","name":"Redacci\u00f3n","image":{"@type":"ImageObject","inLanguage":"es","@id":"https:\/\/masquenoticias.mx\/#\/schema\/person\/image\/","url":"https:\/\/secure.gravatar.com\/avatar\/7fcc926d5b058d3f3d52d95b4d05dd58?s=96&d=mm&r=g","contentUrl":"https:\/\/secure.gravatar.com\/avatar\/7fcc926d5b058d3f3d52d95b4d05dd58?s=96&d=mm&r=g","caption":"Redacci\u00f3n"},"sameAs":["http:\/\/masquenoticias.mx"],"url":"https:\/\/masquenoticias.mx\/index.php\/author\/edgartovegmail-com\/"}]}},"jetpack_featured_media_url":"https:\/\/i0.wp.com\/masquenoticias.mx\/wp-content\/uploads\/2023\/07\/IMG-20230707-WA0027-jpg.webp?fit=1070%2C1053&ssl=1","blog_post_layout_featured_media_urls":{"thumbnail":["https:\/\/i0.wp.com\/masquenoticias.mx\/wp-content\/uploads\/2023\/07\/IMG-20230707-WA0027-jpg.webp?resize=150%2C150&ssl=1",150,150,true],"full":["https:\/\/i0.wp.com\/masquenoticias.mx\/wp-content\/uploads\/2023\/07\/IMG-20230707-WA0027-jpg.webp?fit=1070%2C1053&ssl=1",1070,1053,false]},"categories_names":{"32":{"name":"Pol\u00edtica","link":"https:\/\/masquenoticias.mx\/index.php\/category\/politica\/"}},"tags_names":{"59":{"name":"Alfredo \u00c1lvarez","link":"https:\/\/masquenoticias.mx\/index.php\/tag\/alfredo-alvarez\/"}},"comments_number":"0","wpmagazine_modules_lite_featured_media_urls":{"thumbnail":["https:\/\/i0.wp.com\/masquenoticias.mx\/wp-content\/uploads\/2023\/07\/IMG-20230707-WA0027-jpg.webp?resize=150%2C150&ssl=1",150,150,true],"cvmm-medium":["https:\/\/i0.wp.com\/masquenoticias.mx\/wp-content\/uploads\/2023\/07\/IMG-20230707-WA0027-jpg.webp?resize=300%2C300&ssl=1",300,300,true],"cvmm-medium-plus":["https:\/\/i0.wp.com\/masquenoticias.mx\/wp-content\/uploads\/2023\/07\/IMG-20230707-WA0027-jpg.webp?resize=305%2C207&ssl=1",305,207,true],"cvmm-portrait":["https:\/\/i0.wp.com\/masquenoticias.mx\/wp-content\/uploads\/2023\/07\/IMG-20230707-WA0027-jpg.webp?resize=400%2C600&ssl=1",400,600,true],"cvmm-medium-square":["https:\/\/i0.wp.com\/masquenoticias.mx\/wp-content\/uploads\/2023\/07\/IMG-20230707-WA0027-jpg.webp?resize=600%2C600&ssl=1",600,600,true],"cvmm-large":["https:\/\/i0.wp.com\/masquenoticias.mx\/wp-content\/uploads\/2023\/07\/IMG-20230707-WA0027-jpg.webp?resize=1024%2C1024&ssl=1",1024,1024,true],"cvmm-small":["https:\/\/i0.wp.com\/masquenoticias.mx\/wp-content\/uploads\/2023\/07\/IMG-20230707-WA0027-jpg.webp?resize=130%2C95&ssl=1",130,95,true],"full":["https:\/\/i0.wp.com\/masquenoticias.mx\/wp-content\/uploads\/2023\/07\/IMG-20230707-WA0027-jpg.webp?fit=1070%2C1053&ssl=1",1070,1053,false]},"jetpack-related-posts":[],"jetpack_sharing_enabled":true,"jetpack_likes_enabled":true,"jetpack_shortlink":"https:\/\/wp.me\/pf7pkt-ob","_links":{"self":[{"href":"https:\/\/masquenoticias.mx\/index.php\/wp-json\/wp\/v2\/posts\/1499","targetHints":{"allow":["GET"]}}],"collection":[{"href":"https:\/\/masquenoticias.mx\/index.php\/wp-json\/wp\/v2\/posts"}],"about":[{"href":"https:\/\/masquenoticias.mx\/index.php\/wp-json\/wp\/v2\/types\/post"}],"author":[{"embeddable":true,"href":"https:\/\/masquenoticias.mx\/index.php\/wp-json\/wp\/v2\/users\/1"}],"replies":[{"embeddable":true,"href":"https:\/\/masquenoticias.mx\/index.php\/wp-json\/wp\/v2\/comments?post=1499"}],"version-history":[{"count":0,"href":"https:\/\/masquenoticias.mx\/index.php\/wp-json\/wp\/v2\/posts\/1499\/revisions"}],"wp:featuredmedia":[{"embeddable":true,"href":"https:\/\/masquenoticias.mx\/index.php\/wp-json\/wp\/v2\/media\/1498"}],"wp:attachment":[{"href":"https:\/\/masquenoticias.mx\/index.php\/wp-json\/wp\/v2\/media?parent=1499"}],"wp:term":[{"taxonomy":"category","embeddable":true,"href":"https:\/\/masquenoticias.mx\/index.php\/wp-json\/wp\/v2\/categories?post=1499"},{"taxonomy":"post_tag","embeddable":true,"href":"https:\/\/masquenoticias.mx\/index.php\/wp-json\/wp\/v2\/tags?post=1499"}],"curies":[{"name":"wp","href":"https:\/\/api.w.org\/{rel}","templated":true}]}}