{"id":1493,"date":"2023-07-06T20:30:15","date_gmt":"2023-07-07T02:30:15","guid":{"rendered":"https:\/\/masquenoticias.mx\/?p=1493"},"modified":"2023-07-06T20:31:39","modified_gmt":"2023-07-07T02:31:39","slug":"inicia-la-entrega-de-placas-en-subsemov-colima","status":"publish","type":"post","link":"https:\/\/masquenoticias.mx\/index.php\/2023\/07\/06\/inicia-la-entrega-de-placas-en-subsemov-colima\/","title":{"rendered":"Inicia la entrega de placas en Subsemov Colima"},"content":{"rendered":"\n<p>El Gobierno del Estado de Colima, a trav\u00e9s de la Subsecretar\u00eda de Movilidad (Subsemov), informa que las placas vehiculares ya llegaron a las oficinas de la dependencia, y a partir de este jueves 6 de julio, todas las personas que hayan recibido un memor\u00e1ndum podr\u00e1n acercarse a las oficinas para recibir sus respectivas placas.<\/p>\n\n\n\n<p>\u201cEntendemos la paciencia y comprensi\u00f3n que la ciudadan\u00eda ha mostrado durante la espera de este tr\u00e1mite y agradecemos su colaboraci\u00f3n; nos complace informar que ya pueden obtener sus placas y regularizar su situaci\u00f3n vehicular. Para recogerlas, es necesario presentarse en las oficinas de Movilidad donde hicieron el tr\u00e1mite de alta vehicular, con el memor\u00e1ndum e identificaci\u00f3n oficial\u201d, expres\u00f3 la dependencia.<\/p>\n\n\n\n<p>La Subsemov recuerda a la ciudadan\u00eda que mientras tramitan sus placas, pueden obtener un permiso provisional para circular sin placas. Estos permisos temporales podr\u00e1n ser adquiridos en las oficinas de la Subsecretar\u00eda de Movilidad en Colima, Tecom\u00e1n, Manzanillo y, ahora tambi\u00e9n, en Villa de \u00c1lvarez.<\/p>\n\n\n\n<p>Es importante destacar que los permisos emitidos por municipios de otros estados o aquellos expedidos por terceros y ofertados en redes sociales no son v\u00e1lidos. \u00danicamente los permisos temporales emitidos directamente por la Subsecretar\u00eda de Movilidad son leg\u00edtimos y permitir\u00e1n la circulaci\u00f3n provisional de los veh\u00edculos hasta que se entreguen las placas correspondientes, caso contrario se incurre en una ilegalidad.<\/p>\n\n\n\n<p>La Subsemov hizo una invitaci\u00f3n a la poblaci\u00f3n a realizar personalmente los tr\u00e1mites correspondientes, evitando intermediarismos innecesarios. Para obtener toda la informaci\u00f3n necesaria, se recomienda visitar la p\u00e1gina oficial de la Subsecretar\u00eda de Movilidad en http:\/\/semov.col.gob.mx\/.<\/p>\n\n\n\n<p>En este sitio web est\u00e1 la informaci\u00f3n detallada sobre requisitos, procedimientos y horarios de atenci\u00f3n, lo que permite realizar tr\u00e1mites de manera \u00e1gil y eficiente, buscando garantizar que todas y todos los ciudadanos tengan informaci\u00f3n veraz y actualizada directamente de la fuente oficial y puedan realizar sus tr\u00e1mites de manera segura y confiable.<\/p>\n","protected":false},"excerpt":{"rendered":"<p>El Gobierno del Estado de Colima, a trav\u00e9s de la Subsecretar\u00eda de Movilidad (Subsemov), informa que las placas vehiculares ya llegaron a las oficinas de la dependencia, y a partir de este jueves 6 de julio, todas las personas que hayan recibido un memor\u00e1ndum podr\u00e1n acercarse a las oficinas para recibir sus respectivas placas. \u201cEntendemos [&hellip;]<\/p>\n","protected":false},"author":1,"featured_media":1492,"comment_status":"open","ping_status":"open","sticky":false,"template":"","format":"standard","meta":{"_jetpack_memberships_contains_paid_content":false,"footnotes":""},"categories":[24],"tags":[74],"class_list":["post-1493","post","type-post","status-publish","format-standard","has-post-thumbnail","hentry","category-estado","tag-movilidad"],"yoast_head":"<!-- This site is optimized with the Yoast SEO plugin v26.6 - https:\/\/yoast.com\/wordpress\/plugins\/seo\/ -->\n<title>Inicia la entrega de placas en Subsemov Colima - M\u00e1s Que Noticias<\/title>\n<meta name=\"robots\" content=\"index, follow, max-snippet:-1, max-image-preview:large, max-video-preview:-1\" \/>\n<link rel=\"canonical\" href=\"https:\/\/masquenoticias.mx\/index.php\/2023\/07\/06\/inicia-la-entrega-de-placas-en-subsemov-colima\/\" \/>\n<meta property=\"og:locale\" content=\"es_MX\" \/>\n<meta property=\"og:type\" content=\"article\" \/>\n<meta property=\"og:title\" content=\"Inicia la entrega de placas en Subsemov Colima - M\u00e1s Que Noticias\" \/>\n<meta property=\"og:description\" content=\"El Gobierno del Estado de Colima, a trav\u00e9s de la Subsecretar\u00eda de Movilidad (Subsemov), informa que las placas vehiculares ya llegaron a las oficinas de la dependencia, y a partir de este jueves 6 de julio, todas las personas que hayan recibido un memor\u00e1ndum podr\u00e1n acercarse a las oficinas para recibir sus respectivas placas. \u201cEntendemos [&hellip;]\" \/>\n<meta property=\"og:url\" content=\"https:\/\/masquenoticias.mx\/index.php\/2023\/07\/06\/inicia-la-entrega-de-placas-en-subsemov-colima\/\" \/>\n<meta property=\"og:site_name\" content=\"M\u00e1s Que Noticias\" \/>\n<meta property=\"article:publisher\" content=\"https:\/\/www.facebook.com\/masquenoticiascolima\" \/>\n<meta property=\"article:published_time\" content=\"2023-07-07T02:30:15+00:00\" \/>\n<meta property=\"article:modified_time\" content=\"2023-07-07T02:31:39+00:00\" \/>\n<meta property=\"og:image\" content=\"https:\/\/i0.wp.com\/masquenoticias.mx\/wp-content\/uploads\/2023\/07\/IMG-20230705-WA0140-jpg.webp?fit=1600%2C1066&ssl=1\" \/>\n\t<meta property=\"og:image:width\" content=\"1600\" \/>\n\t<meta property=\"og:image:height\" content=\"1066\" \/>\n\t<meta property=\"og:image:type\" content=\"image\/jpeg\" \/>\n<meta name=\"author\" content=\"Redacci\u00f3n\" \/>\n<meta name=\"twitter:card\" content=\"summary_large_image\" \/>\n<meta name=\"twitter:creator\" content=\"@edgartove\" \/>\n<meta name=\"twitter:site\" content=\"@edgartove\" \/>\n<meta name=\"twitter:label1\" content=\"Escrito por\" \/>\n\t<meta name=\"twitter:data1\" content=\"Redacci\u00f3n\" \/>\n\t<meta name=\"twitter:label2\" content=\"Tiempo de lectura\" \/>\n\t<meta name=\"twitter:data2\" content=\"2 minutos\" \/>\n<script type=\"application\/ld+json\" class=\"yoast-schema-graph\">{\"@context\":\"https:\/\/schema.org\",\"@graph\":[{\"@type\":\"Article\",\"@id\":\"https:\/\/masquenoticias.mx\/index.php\/2023\/07\/06\/inicia-la-entrega-de-placas-en-subsemov-colima\/#article\",\"isPartOf\":{\"@id\":\"https:\/\/masquenoticias.mx\/index.php\/2023\/07\/06\/inicia-la-entrega-de-placas-en-subsemov-colima\/\"},\"author\":{\"name\":\"Redacci\u00f3n\",\"@id\":\"https:\/\/masquenoticias.mx\/#\/schema\/person\/544d19989ef23d34615f691f7a96e622\"},\"headline\":\"Inicia la entrega de placas en Subsemov Colima\",\"datePublished\":\"2023-07-07T02:30:15+00:00\",\"dateModified\":\"2023-07-07T02:31:39+00:00\",\"mainEntityOfPage\":{\"@id\":\"https:\/\/masquenoticias.mx\/index.php\/2023\/07\/06\/inicia-la-entrega-de-placas-en-subsemov-colima\/\"},\"wordCount\":353,\"commentCount\":0,\"publisher\":{\"@id\":\"https:\/\/masquenoticias.mx\/#organization\"},\"image\":{\"@id\":\"https:\/\/masquenoticias.mx\/index.php\/2023\/07\/06\/inicia-la-entrega-de-placas-en-subsemov-colima\/#primaryimage\"},\"thumbnailUrl\":\"https:\/\/i0.wp.com\/masquenoticias.mx\/wp-content\/uploads\/2023\/07\/IMG-20230705-WA0140-jpg.webp?fit=1600%2C1066&ssl=1\",\"keywords\":[\"Movilidad\"],\"articleSection\":[\"Estado\"],\"inLanguage\":\"es\",\"potentialAction\":[{\"@type\":\"CommentAction\",\"name\":\"Comment\",\"target\":[\"https:\/\/masquenoticias.mx\/index.php\/2023\/07\/06\/inicia-la-entrega-de-placas-en-subsemov-colima\/#respond\"]}]},{\"@type\":\"WebPage\",\"@id\":\"https:\/\/masquenoticias.mx\/index.php\/2023\/07\/06\/inicia-la-entrega-de-placas-en-subsemov-colima\/\",\"url\":\"https:\/\/masquenoticias.mx\/index.php\/2023\/07\/06\/inicia-la-entrega-de-placas-en-subsemov-colima\/\",\"name\":\"Inicia la entrega de placas en Subsemov Colima - M\u00e1s Que Noticias\",\"isPartOf\":{\"@id\":\"https:\/\/masquenoticias.mx\/#website\"},\"primaryImageOfPage\":{\"@id\":\"https:\/\/masquenoticias.mx\/index.php\/2023\/07\/06\/inicia-la-entrega-de-placas-en-subsemov-colima\/#primaryimage\"},\"image\":{\"@id\":\"https:\/\/masquenoticias.mx\/index.php\/2023\/07\/06\/inicia-la-entrega-de-placas-en-subsemov-colima\/#primaryimage\"},\"thumbnailUrl\":\"https:\/\/i0.wp.com\/masquenoticias.mx\/wp-content\/uploads\/2023\/07\/IMG-20230705-WA0140-jpg.webp?fit=1600%2C1066&ssl=1\",\"datePublished\":\"2023-07-07T02:30:15+00:00\",\"dateModified\":\"2023-07-07T02:31:39+00:00\",\"breadcrumb\":{\"@id\":\"https:\/\/masquenoticias.mx\/index.php\/2023\/07\/06\/inicia-la-entrega-de-placas-en-subsemov-colima\/#breadcrumb\"},\"inLanguage\":\"es\",\"potentialAction\":[{\"@type\":\"ReadAction\",\"target\":[\"https:\/\/masquenoticias.mx\/index.php\/2023\/07\/06\/inicia-la-entrega-de-placas-en-subsemov-colima\/\"]}]},{\"@type\":\"ImageObject\",\"inLanguage\":\"es\",\"@id\":\"https:\/\/masquenoticias.mx\/index.php\/2023\/07\/06\/inicia-la-entrega-de-placas-en-subsemov-colima\/#primaryimage\",\"url\":\"https:\/\/i0.wp.com\/masquenoticias.mx\/wp-content\/uploads\/2023\/07\/IMG-20230705-WA0140-jpg.webp?fit=1600%2C1066&ssl=1\",\"contentUrl\":\"https:\/\/i0.wp.com\/masquenoticias.mx\/wp-content\/uploads\/2023\/07\/IMG-20230705-WA0140-jpg.webp?fit=1600%2C1066&ssl=1\",\"width\":1600,\"height\":1066},{\"@type\":\"BreadcrumbList\",\"@id\":\"https:\/\/masquenoticias.mx\/index.php\/2023\/07\/06\/inicia-la-entrega-de-placas-en-subsemov-colima\/#breadcrumb\",\"itemListElement\":[{\"@type\":\"ListItem\",\"position\":1,\"name\":\"Inicio\",\"item\":\"https:\/\/masquenoticias.mx\/\"},{\"@type\":\"ListItem\",\"position\":2,\"name\":\"Inicia la entrega de placas en Subsemov Colima\"}]},{\"@type\":\"WebSite\",\"@id\":\"https:\/\/masquenoticias.mx\/#website\",\"url\":\"https:\/\/masquenoticias.mx\/\",\"name\":\"M\u00e1s Que Noticias\",\"description\":\"Noticias de Colima, M\u00e9xico y el Mundo\",\"publisher\":{\"@id\":\"https:\/\/masquenoticias.mx\/#organization\"},\"potentialAction\":[{\"@type\":\"SearchAction\",\"target\":{\"@type\":\"EntryPoint\",\"urlTemplate\":\"https:\/\/masquenoticias.mx\/?s={search_term_string}\"},\"query-input\":{\"@type\":\"PropertyValueSpecification\",\"valueRequired\":true,\"valueName\":\"search_term_string\"}}],\"inLanguage\":\"es\"},{\"@type\":\"Organization\",\"@id\":\"https:\/\/masquenoticias.mx\/#organization\",\"name\":\"M\u00e1s Que Noticias\",\"url\":\"https:\/\/masquenoticias.mx\/\",\"logo\":{\"@type\":\"ImageObject\",\"inLanguage\":\"es\",\"@id\":\"https:\/\/masquenoticias.mx\/#\/schema\/logo\/image\/\",\"url\":\"https:\/\/i0.wp.com\/masquenoticias.mx\/wp-content\/uploads\/2024\/04\/IMG_0004.png?fit=2560%2C1656&ssl=1\",\"contentUrl\":\"https:\/\/i0.wp.com\/masquenoticias.mx\/wp-content\/uploads\/2024\/04\/IMG_0004.png?fit=2560%2C1656&ssl=1\",\"width\":2560,\"height\":1656,\"caption\":\"M\u00e1s Que Noticias\"},\"image\":{\"@id\":\"https:\/\/masquenoticias.mx\/#\/schema\/logo\/image\/\"},\"sameAs\":[\"https:\/\/www.facebook.com\/masquenoticiascolima\",\"https:\/\/x.com\/edgartove\",\"https:\/\/www.instagram.com\/masquenoticiascolima\/\"]},{\"@type\":\"Person\",\"@id\":\"https:\/\/masquenoticias.mx\/#\/schema\/person\/544d19989ef23d34615f691f7a96e622\",\"name\":\"Redacci\u00f3n\",\"image\":{\"@type\":\"ImageObject\",\"inLanguage\":\"es\",\"@id\":\"https:\/\/masquenoticias.mx\/#\/schema\/person\/image\/\",\"url\":\"https:\/\/secure.gravatar.com\/avatar\/7fcc926d5b058d3f3d52d95b4d05dd58?s=96&d=mm&r=g\",\"contentUrl\":\"https:\/\/secure.gravatar.com\/avatar\/7fcc926d5b058d3f3d52d95b4d05dd58?s=96&d=mm&r=g\",\"caption\":\"Redacci\u00f3n\"},\"sameAs\":[\"http:\/\/masquenoticias.mx\"],\"url\":\"https:\/\/masquenoticias.mx\/index.php\/author\/edgartovegmail-com\/\"}]}<\/script>\n<!-- \/ Yoast SEO plugin. -->","yoast_head_json":{"title":"Inicia la entrega de placas en Subsemov Colima - M\u00e1s Que Noticias","robots":{"index":"index","follow":"follow","max-snippet":"max-snippet:-1","max-image-preview":"max-image-preview:large","max-video-preview":"max-video-preview:-1"},"canonical":"https:\/\/masquenoticias.mx\/index.php\/2023\/07\/06\/inicia-la-entrega-de-placas-en-subsemov-colima\/","og_locale":"es_MX","og_type":"article","og_title":"Inicia la entrega de placas en Subsemov Colima - M\u00e1s Que Noticias","og_description":"El Gobierno del Estado de Colima, a trav\u00e9s de la Subsecretar\u00eda de Movilidad (Subsemov), informa que las placas vehiculares ya llegaron a las oficinas de la dependencia, y a partir de este jueves 6 de julio, todas las personas que hayan recibido un memor\u00e1ndum podr\u00e1n acercarse a las oficinas para recibir sus respectivas placas. \u201cEntendemos [&hellip;]","og_url":"https:\/\/masquenoticias.mx\/index.php\/2023\/07\/06\/inicia-la-entrega-de-placas-en-subsemov-colima\/","og_site_name":"M\u00e1s Que Noticias","article_publisher":"https:\/\/www.facebook.com\/masquenoticiascolima","article_published_time":"2023-07-07T02:30:15+00:00","article_modified_time":"2023-07-07T02:31:39+00:00","og_image":[{"width":1600,"height":1066,"url":"https:\/\/i0.wp.com\/masquenoticias.mx\/wp-content\/uploads\/2023\/07\/IMG-20230705-WA0140-jpg.webp?fit=1600%2C1066&ssl=1","type":"image\/jpeg"}],"author":"Redacci\u00f3n","twitter_card":"summary_large_image","twitter_creator":"@edgartove","twitter_site":"@edgartove","twitter_misc":{"Escrito por":"Redacci\u00f3n","Tiempo de lectura":"2 minutos"},"schema":{"@context":"https:\/\/schema.org","@graph":[{"@type":"Article","@id":"https:\/\/masquenoticias.mx\/index.php\/2023\/07\/06\/inicia-la-entrega-de-placas-en-subsemov-colima\/#article","isPartOf":{"@id":"https:\/\/masquenoticias.mx\/index.php\/2023\/07\/06\/inicia-la-entrega-de-placas-en-subsemov-colima\/"},"author":{"name":"Redacci\u00f3n","@id":"https:\/\/masquenoticias.mx\/#\/schema\/person\/544d19989ef23d34615f691f7a96e622"},"headline":"Inicia la entrega de placas en Subsemov Colima","datePublished":"2023-07-07T02:30:15+00:00","dateModified":"2023-07-07T02:31:39+00:00","mainEntityOfPage":{"@id":"https:\/\/masquenoticias.mx\/index.php\/2023\/07\/06\/inicia-la-entrega-de-placas-en-subsemov-colima\/"},"wordCount":353,"commentCount":0,"publisher":{"@id":"https:\/\/masquenoticias.mx\/#organization"},"image":{"@id":"https:\/\/masquenoticias.mx\/index.php\/2023\/07\/06\/inicia-la-entrega-de-placas-en-subsemov-colima\/#primaryimage"},"thumbnailUrl":"https:\/\/i0.wp.com\/masquenoticias.mx\/wp-content\/uploads\/2023\/07\/IMG-20230705-WA0140-jpg.webp?fit=1600%2C1066&ssl=1","keywords":["Movilidad"],"articleSection":["Estado"],"inLanguage":"es","potentialAction":[{"@type":"CommentAction","name":"Comment","target":["https:\/\/masquenoticias.mx\/index.php\/2023\/07\/06\/inicia-la-entrega-de-placas-en-subsemov-colima\/#respond"]}]},{"@type":"WebPage","@id":"https:\/\/masquenoticias.mx\/index.php\/2023\/07\/06\/inicia-la-entrega-de-placas-en-subsemov-colima\/","url":"https:\/\/masquenoticias.mx\/index.php\/2023\/07\/06\/inicia-la-entrega-de-placas-en-subsemov-colima\/","name":"Inicia la entrega de placas en Subsemov Colima - M\u00e1s Que Noticias","isPartOf":{"@id":"https:\/\/masquenoticias.mx\/#website"},"primaryImageOfPage":{"@id":"https:\/\/masquenoticias.mx\/index.php\/2023\/07\/06\/inicia-la-entrega-de-placas-en-subsemov-colima\/#primaryimage"},"image":{"@id":"https:\/\/masquenoticias.mx\/index.php\/2023\/07\/06\/inicia-la-entrega-de-placas-en-subsemov-colima\/#primaryimage"},"thumbnailUrl":"https:\/\/i0.wp.com\/masquenoticias.mx\/wp-content\/uploads\/2023\/07\/IMG-20230705-WA0140-jpg.webp?fit=1600%2C1066&ssl=1","datePublished":"2023-07-07T02:30:15+00:00","dateModified":"2023-07-07T02:31:39+00:00","breadcrumb":{"@id":"https:\/\/masquenoticias.mx\/index.php\/2023\/07\/06\/inicia-la-entrega-de-placas-en-subsemov-colima\/#breadcrumb"},"inLanguage":"es","potentialAction":[{"@type":"ReadAction","target":["https:\/\/masquenoticias.mx\/index.php\/2023\/07\/06\/inicia-la-entrega-de-placas-en-subsemov-colima\/"]}]},{"@type":"ImageObject","inLanguage":"es","@id":"https:\/\/masquenoticias.mx\/index.php\/2023\/07\/06\/inicia-la-entrega-de-placas-en-subsemov-colima\/#primaryimage","url":"https:\/\/i0.wp.com\/masquenoticias.mx\/wp-content\/uploads\/2023\/07\/IMG-20230705-WA0140-jpg.webp?fit=1600%2C1066&ssl=1","contentUrl":"https:\/\/i0.wp.com\/masquenoticias.mx\/wp-content\/uploads\/2023\/07\/IMG-20230705-WA0140-jpg.webp?fit=1600%2C1066&ssl=1","width":1600,"height":1066},{"@type":"BreadcrumbList","@id":"https:\/\/masquenoticias.mx\/index.php\/2023\/07\/06\/inicia-la-entrega-de-placas-en-subsemov-colima\/#breadcrumb","itemListElement":[{"@type":"ListItem","position":1,"name":"Inicio","item":"https:\/\/masquenoticias.mx\/"},{"@type":"ListItem","position":2,"name":"Inicia la entrega de placas en Subsemov Colima"}]},{"@type":"WebSite","@id":"https:\/\/masquenoticias.mx\/#website","url":"https:\/\/masquenoticias.mx\/","name":"M\u00e1s Que Noticias","description":"Noticias de Colima, M\u00e9xico y el Mundo","publisher":{"@id":"https:\/\/masquenoticias.mx\/#organization"},"potentialAction":[{"@type":"SearchAction","target":{"@type":"EntryPoint","urlTemplate":"https:\/\/masquenoticias.mx\/?s={search_term_string}"},"query-input":{"@type":"PropertyValueSpecification","valueRequired":true,"valueName":"search_term_string"}}],"inLanguage":"es"},{"@type":"Organization","@id":"https:\/\/masquenoticias.mx\/#organization","name":"M\u00e1s Que Noticias","url":"https:\/\/masquenoticias.mx\/","logo":{"@type":"ImageObject","inLanguage":"es","@id":"https:\/\/masquenoticias.mx\/#\/schema\/logo\/image\/","url":"https:\/\/i0.wp.com\/masquenoticias.mx\/wp-content\/uploads\/2024\/04\/IMG_0004.png?fit=2560%2C1656&ssl=1","contentUrl":"https:\/\/i0.wp.com\/masquenoticias.mx\/wp-content\/uploads\/2024\/04\/IMG_0004.png?fit=2560%2C1656&ssl=1","width":2560,"height":1656,"caption":"M\u00e1s Que Noticias"},"image":{"@id":"https:\/\/masquenoticias.mx\/#\/schema\/logo\/image\/"},"sameAs":["https:\/\/www.facebook.com\/masquenoticiascolima","https:\/\/x.com\/edgartove","https:\/\/www.instagram.com\/masquenoticiascolima\/"]},{"@type":"Person","@id":"https:\/\/masquenoticias.mx\/#\/schema\/person\/544d19989ef23d34615f691f7a96e622","name":"Redacci\u00f3n","image":{"@type":"ImageObject","inLanguage":"es","@id":"https:\/\/masquenoticias.mx\/#\/schema\/person\/image\/","url":"https:\/\/secure.gravatar.com\/avatar\/7fcc926d5b058d3f3d52d95b4d05dd58?s=96&d=mm&r=g","contentUrl":"https:\/\/secure.gravatar.com\/avatar\/7fcc926d5b058d3f3d52d95b4d05dd58?s=96&d=mm&r=g","caption":"Redacci\u00f3n"},"sameAs":["http:\/\/masquenoticias.mx"],"url":"https:\/\/masquenoticias.mx\/index.php\/author\/edgartovegmail-com\/"}]}},"jetpack_featured_media_url":"https:\/\/i0.wp.com\/masquenoticias.mx\/wp-content\/uploads\/2023\/07\/IMG-20230705-WA0140-jpg.webp?fit=1600%2C1066&ssl=1","blog_post_layout_featured_media_urls":{"thumbnail":["https:\/\/i0.wp.com\/masquenoticias.mx\/wp-content\/uploads\/2023\/07\/IMG-20230705-WA0140-jpg.webp?resize=150%2C150&ssl=1",150,150,true],"full":["https:\/\/i0.wp.com\/masquenoticias.mx\/wp-content\/uploads\/2023\/07\/IMG-20230705-WA0140-jpg.webp?fit=1600%2C1066&ssl=1",1600,1066,false]},"categories_names":{"24":{"name":"Estado","link":"https:\/\/masquenoticias.mx\/index.php\/category\/estado\/"}},"tags_names":{"74":{"name":"Movilidad","link":"https:\/\/masquenoticias.mx\/index.php\/tag\/movilidad\/"}},"comments_number":"0","wpmagazine_modules_lite_featured_media_urls":{"thumbnail":["https:\/\/i0.wp.com\/masquenoticias.mx\/wp-content\/uploads\/2023\/07\/IMG-20230705-WA0140-jpg.webp?resize=150%2C150&ssl=1",150,150,true],"cvmm-medium":["https:\/\/i0.wp.com\/masquenoticias.mx\/wp-content\/uploads\/2023\/07\/IMG-20230705-WA0140-jpg.webp?resize=300%2C300&ssl=1",300,300,true],"cvmm-medium-plus":["https:\/\/i0.wp.com\/masquenoticias.mx\/wp-content\/uploads\/2023\/07\/IMG-20230705-WA0140-jpg.webp?resize=305%2C207&ssl=1",305,207,true],"cvmm-portrait":["https:\/\/i0.wp.com\/masquenoticias.mx\/wp-content\/uploads\/2023\/07\/IMG-20230705-WA0140-jpg.webp?resize=400%2C600&ssl=1",400,600,true],"cvmm-medium-square":["https:\/\/i0.wp.com\/masquenoticias.mx\/wp-content\/uploads\/2023\/07\/IMG-20230705-WA0140-jpg.webp?resize=600%2C600&ssl=1",600,600,true],"cvmm-large":["https:\/\/i0.wp.com\/masquenoticias.mx\/wp-content\/uploads\/2023\/07\/IMG-20230705-WA0140-jpg.webp?resize=1024%2C1024&ssl=1",1024,1024,true],"cvmm-small":["https:\/\/i0.wp.com\/masquenoticias.mx\/wp-content\/uploads\/2023\/07\/IMG-20230705-WA0140-jpg.webp?resize=130%2C95&ssl=1",130,95,true],"full":["https:\/\/i0.wp.com\/masquenoticias.mx\/wp-content\/uploads\/2023\/07\/IMG-20230705-WA0140-jpg.webp?fit=1600%2C1066&ssl=1",1600,1066,false]},"jetpack-related-posts":[],"jetpack_sharing_enabled":true,"jetpack_likes_enabled":true,"jetpack_shortlink":"https:\/\/wp.me\/pf7pkt-o5","_links":{"self":[{"href":"https:\/\/masquenoticias.mx\/index.php\/wp-json\/wp\/v2\/posts\/1493","targetHints":{"allow":["GET"]}}],"collection":[{"href":"https:\/\/masquenoticias.mx\/index.php\/wp-json\/wp\/v2\/posts"}],"about":[{"href":"https:\/\/masquenoticias.mx\/index.php\/wp-json\/wp\/v2\/types\/post"}],"author":[{"embeddable":true,"href":"https:\/\/masquenoticias.mx\/index.php\/wp-json\/wp\/v2\/users\/1"}],"replies":[{"embeddable":true,"href":"https:\/\/masquenoticias.mx\/index.php\/wp-json\/wp\/v2\/comments?post=1493"}],"version-history":[{"count":0,"href":"https:\/\/masquenoticias.mx\/index.php\/wp-json\/wp\/v2\/posts\/1493\/revisions"}],"wp:featuredmedia":[{"embeddable":true,"href":"https:\/\/masquenoticias.mx\/index.php\/wp-json\/wp\/v2\/media\/1492"}],"wp:attachment":[{"href":"https:\/\/masquenoticias.mx\/index.php\/wp-json\/wp\/v2\/media?parent=1493"}],"wp:term":[{"taxonomy":"category","embeddable":true,"href":"https:\/\/masquenoticias.mx\/index.php\/wp-json\/wp\/v2\/categories?post=1493"},{"taxonomy":"post_tag","embeddable":true,"href":"https:\/\/masquenoticias.mx\/index.php\/wp-json\/wp\/v2\/tags?post=1493"}],"curies":[{"name":"wp","href":"https:\/\/api.w.org\/{rel}","templated":true}]}}