{"id":14729,"date":"2025-03-12T15:06:07","date_gmt":"2025-03-12T21:06:07","guid":{"rendered":"https:\/\/masquenoticias.mx\/?p=14729"},"modified":"2025-03-12T15:06:07","modified_gmt":"2025-03-12T21:06:07","slug":"iniciara-en-julio-la-construccion-del-acueducto-agua-fria-colima-quedaria-terminado-en-2027","status":"publish","type":"post","link":"https:\/\/masquenoticias.mx\/index.php\/2025\/03\/12\/iniciara-en-julio-la-construccion-del-acueducto-agua-fria-colima-quedaria-terminado-en-2027\/","title":{"rendered":"Iniciar\u00e1 en julio la construcci\u00f3n del Acueducto Agua Fr\u00eda-Colima; quedar\u00eda terminado en 2027"},"content":{"rendered":"<p>El director general de la Comisi\u00f3n Nacional del Agua (Conagua), Efra\u00edn Morales L\u00f3pez, inform\u00f3 en la conferencia \u2018Ma\u00f1anera del Pueblo\u2019 con la presidenta Claudia Sheinbaum Pardo, que la construcci\u00f3n del Acueducto Agua Fr\u00eda-Colima que contempla el proyecto de infraestructura \u2018Agua para Colima\u2019 iniciar\u00e1 en julio de este a\u00f1o y se contempla quede terminado en el 2027.<\/p>\n<p>Al presentar los avances del Plan Nacional H\u00eddrico 2024-2030, el funcionario federal resalt\u00f3 que \u00e9ste tiene como objetivo fundamental garantizar el derecho humano al agua, y record\u00f3 que los proyectos de infraestructura se dividen en dos rubros: 17 proyectos estrat\u00e9gicos seleccionados a partir de las regiones del pa\u00eds con mayor escasez de agua y el Plan Maestro que parte de un diagn\u00f3stico y de las necesidades a lo largo del pa\u00eds a nivel municipal.<\/p>\n<p>Efra\u00edn Morales destac\u00f3 que la inversi\u00f3n total a lo largo del sexenio ser\u00e1 de 122 mil 600 millones de pesos y esto beneficiar\u00e1 a una poblaci\u00f3n de alrededor de 36 millones de personas; mientras que en Colima se desarrollar\u00e1 un nuevo acueducto que va a complementar al existente de Zacualpan, en el que se contempla una inversi\u00f3n de 1,780 millones de pesos.<\/p>\n<p>Adelant\u00f3 que tan s\u00f3lo este a\u00f1o se invertir\u00e1n 360 millones de pesos y con este proyecto se beneficiar\u00e1 a un aproximado de 238 mil habitantes de la zona conurbada de los municipios de Colima y Villa de \u00c1lvarez; en el mes de junio se llevar\u00e1 a cabo la licitaci\u00f3n y en julio iniciar\u00e1n los trabajos que tardar\u00e1n alrededor de tres a\u00f1os, por lo que se espera quede terminado en 2027.<\/p>\n","protected":false},"excerpt":{"rendered":"<p>El director general de la Comisi\u00f3n Nacional del Agua (Conagua), Efra\u00edn Morales L\u00f3pez, inform\u00f3 en la conferencia \u2018Ma\u00f1anera del Pueblo\u2019 con la presidenta Claudia Sheinbaum Pardo, que la construcci\u00f3n del Acueducto Agua Fr\u00eda-Colima que contempla el proyecto de infraestructura \u2018Agua para Colima\u2019 iniciar\u00e1 en julio de este a\u00f1o y se contempla quede terminado en el [&hellip;]<\/p>\n","protected":false},"author":1,"featured_media":14730,"comment_status":"open","ping_status":"open","sticky":false,"template":"","format":"standard","meta":{"_jetpack_memberships_contains_paid_content":false,"footnotes":""},"categories":[24],"tags":[72],"class_list":["post-14729","post","type-post","status-publish","format-standard","has-post-thumbnail","hentry","category-estado","tag-gobierno"],"yoast_head":"<!-- This site is optimized with the Yoast SEO plugin v26.6 - https:\/\/yoast.com\/wordpress\/plugins\/seo\/ -->\n<title>Iniciar\u00e1 en julio la construcci\u00f3n del Acueducto Agua Fr\u00eda-Colima; quedar\u00eda terminado en 2027 - M\u00e1s Que Noticias<\/title>\n<meta name=\"robots\" content=\"index, follow, max-snippet:-1, max-image-preview:large, max-video-preview:-1\" \/>\n<link rel=\"canonical\" href=\"https:\/\/masquenoticias.mx\/index.php\/2025\/03\/12\/iniciara-en-julio-la-construccion-del-acueducto-agua-fria-colima-quedaria-terminado-en-2027\/\" \/>\n<meta property=\"og:locale\" content=\"es_MX\" \/>\n<meta property=\"og:type\" content=\"article\" \/>\n<meta property=\"og:title\" content=\"Iniciar\u00e1 en julio la construcci\u00f3n del Acueducto Agua Fr\u00eda-Colima; quedar\u00eda terminado en 2027 - M\u00e1s Que Noticias\" \/>\n<meta property=\"og:description\" content=\"El director general de la Comisi\u00f3n Nacional del Agua (Conagua), Efra\u00edn Morales L\u00f3pez, inform\u00f3 en la conferencia \u2018Ma\u00f1anera del Pueblo\u2019 con la presidenta Claudia Sheinbaum Pardo, que la construcci\u00f3n del Acueducto Agua Fr\u00eda-Colima que contempla el proyecto de infraestructura \u2018Agua para Colima\u2019 iniciar\u00e1 en julio de este a\u00f1o y se contempla quede terminado en el [&hellip;]\" \/>\n<meta property=\"og:url\" content=\"https:\/\/masquenoticias.mx\/index.php\/2025\/03\/12\/iniciara-en-julio-la-construccion-del-acueducto-agua-fria-colima-quedaria-terminado-en-2027\/\" \/>\n<meta property=\"og:site_name\" content=\"M\u00e1s Que Noticias\" \/>\n<meta property=\"article:publisher\" content=\"https:\/\/www.facebook.com\/masquenoticiascolima\" \/>\n<meta property=\"article:published_time\" content=\"2025-03-12T21:06:07+00:00\" \/>\n<meta property=\"og:image\" content=\"https:\/\/masquenoticias.mx\/wp-content\/uploads\/2025\/03\/WhatsApp-Image-2025-03-12-at-11.50.31-AM.jpeg\" \/>\n\t<meta property=\"og:image:width\" content=\"1280\" \/>\n\t<meta property=\"og:image:height\" content=\"717\" \/>\n\t<meta property=\"og:image:type\" content=\"image\/jpeg\" \/>\n<meta name=\"author\" content=\"Redacci\u00f3n\" \/>\n<meta name=\"twitter:card\" content=\"summary_large_image\" \/>\n<meta name=\"twitter:creator\" content=\"@edgartove\" \/>\n<meta name=\"twitter:site\" content=\"@edgartove\" \/>\n<meta name=\"twitter:label1\" content=\"Escrito por\" \/>\n\t<meta name=\"twitter:data1\" content=\"Redacci\u00f3n\" \/>\n\t<meta name=\"twitter:label2\" content=\"Tiempo de lectura\" \/>\n\t<meta name=\"twitter:data2\" content=\"2 minutos\" \/>\n<script type=\"application\/ld+json\" class=\"yoast-schema-graph\">{\"@context\":\"https:\/\/schema.org\",\"@graph\":[{\"@type\":\"Article\",\"@id\":\"https:\/\/masquenoticias.mx\/index.php\/2025\/03\/12\/iniciara-en-julio-la-construccion-del-acueducto-agua-fria-colima-quedaria-terminado-en-2027\/#article\",\"isPartOf\":{\"@id\":\"https:\/\/masquenoticias.mx\/index.php\/2025\/03\/12\/iniciara-en-julio-la-construccion-del-acueducto-agua-fria-colima-quedaria-terminado-en-2027\/\"},\"author\":{\"name\":\"Redacci\u00f3n\",\"@id\":\"https:\/\/masquenoticias.mx\/#\/schema\/person\/544d19989ef23d34615f691f7a96e622\"},\"headline\":\"Iniciar\u00e1 en julio la construcci\u00f3n del Acueducto Agua Fr\u00eda-Colima; quedar\u00eda terminado en 2027\",\"datePublished\":\"2025-03-12T21:06:07+00:00\",\"mainEntityOfPage\":{\"@id\":\"https:\/\/masquenoticias.mx\/index.php\/2025\/03\/12\/iniciara-en-julio-la-construccion-del-acueducto-agua-fria-colima-quedaria-terminado-en-2027\/\"},\"wordCount\":291,\"commentCount\":0,\"publisher\":{\"@id\":\"https:\/\/masquenoticias.mx\/#organization\"},\"image\":{\"@id\":\"https:\/\/masquenoticias.mx\/index.php\/2025\/03\/12\/iniciara-en-julio-la-construccion-del-acueducto-agua-fria-colima-quedaria-terminado-en-2027\/#primaryimage\"},\"thumbnailUrl\":\"https:\/\/i0.wp.com\/masquenoticias.mx\/wp-content\/uploads\/2025\/03\/WhatsApp-Image-2025-03-12-at-11.50.31-AM.jpeg?fit=1280%2C717&ssl=1\",\"keywords\":[\"Gobierno\"],\"articleSection\":[\"Estado\"],\"inLanguage\":\"es\",\"potentialAction\":[{\"@type\":\"CommentAction\",\"name\":\"Comment\",\"target\":[\"https:\/\/masquenoticias.mx\/index.php\/2025\/03\/12\/iniciara-en-julio-la-construccion-del-acueducto-agua-fria-colima-quedaria-terminado-en-2027\/#respond\"]}]},{\"@type\":\"WebPage\",\"@id\":\"https:\/\/masquenoticias.mx\/index.php\/2025\/03\/12\/iniciara-en-julio-la-construccion-del-acueducto-agua-fria-colima-quedaria-terminado-en-2027\/\",\"url\":\"https:\/\/masquenoticias.mx\/index.php\/2025\/03\/12\/iniciara-en-julio-la-construccion-del-acueducto-agua-fria-colima-quedaria-terminado-en-2027\/\",\"name\":\"Iniciar\u00e1 en julio la construcci\u00f3n del Acueducto Agua Fr\u00eda-Colima; quedar\u00eda terminado en 2027 - M\u00e1s Que Noticias\",\"isPartOf\":{\"@id\":\"https:\/\/masquenoticias.mx\/#website\"},\"primaryImageOfPage\":{\"@id\":\"https:\/\/masquenoticias.mx\/index.php\/2025\/03\/12\/iniciara-en-julio-la-construccion-del-acueducto-agua-fria-colima-quedaria-terminado-en-2027\/#primaryimage\"},\"image\":{\"@id\":\"https:\/\/masquenoticias.mx\/index.php\/2025\/03\/12\/iniciara-en-julio-la-construccion-del-acueducto-agua-fria-colima-quedaria-terminado-en-2027\/#primaryimage\"},\"thumbnailUrl\":\"https:\/\/i0.wp.com\/masquenoticias.mx\/wp-content\/uploads\/2025\/03\/WhatsApp-Image-2025-03-12-at-11.50.31-AM.jpeg?fit=1280%2C717&ssl=1\",\"datePublished\":\"2025-03-12T21:06:07+00:00\",\"breadcrumb\":{\"@id\":\"https:\/\/masquenoticias.mx\/index.php\/2025\/03\/12\/iniciara-en-julio-la-construccion-del-acueducto-agua-fria-colima-quedaria-terminado-en-2027\/#breadcrumb\"},\"inLanguage\":\"es\",\"potentialAction\":[{\"@type\":\"ReadAction\",\"target\":[\"https:\/\/masquenoticias.mx\/index.php\/2025\/03\/12\/iniciara-en-julio-la-construccion-del-acueducto-agua-fria-colima-quedaria-terminado-en-2027\/\"]}]},{\"@type\":\"ImageObject\",\"inLanguage\":\"es\",\"@id\":\"https:\/\/masquenoticias.mx\/index.php\/2025\/03\/12\/iniciara-en-julio-la-construccion-del-acueducto-agua-fria-colima-quedaria-terminado-en-2027\/#primaryimage\",\"url\":\"https:\/\/i0.wp.com\/masquenoticias.mx\/wp-content\/uploads\/2025\/03\/WhatsApp-Image-2025-03-12-at-11.50.31-AM.jpeg?fit=1280%2C717&ssl=1\",\"contentUrl\":\"https:\/\/i0.wp.com\/masquenoticias.mx\/wp-content\/uploads\/2025\/03\/WhatsApp-Image-2025-03-12-at-11.50.31-AM.jpeg?fit=1280%2C717&ssl=1\",\"width\":1280,\"height\":717},{\"@type\":\"BreadcrumbList\",\"@id\":\"https:\/\/masquenoticias.mx\/index.php\/2025\/03\/12\/iniciara-en-julio-la-construccion-del-acueducto-agua-fria-colima-quedaria-terminado-en-2027\/#breadcrumb\",\"itemListElement\":[{\"@type\":\"ListItem\",\"position\":1,\"name\":\"Inicio\",\"item\":\"https:\/\/masquenoticias.mx\/\"},{\"@type\":\"ListItem\",\"position\":2,\"name\":\"Iniciar\u00e1 en julio la construcci\u00f3n del Acueducto Agua Fr\u00eda-Colima; quedar\u00eda terminado en 2027\"}]},{\"@type\":\"WebSite\",\"@id\":\"https:\/\/masquenoticias.mx\/#website\",\"url\":\"https:\/\/masquenoticias.mx\/\",\"name\":\"M\u00e1s Que Noticias\",\"description\":\"Noticias de Colima, M\u00e9xico y el Mundo\",\"publisher\":{\"@id\":\"https:\/\/masquenoticias.mx\/#organization\"},\"potentialAction\":[{\"@type\":\"SearchAction\",\"target\":{\"@type\":\"EntryPoint\",\"urlTemplate\":\"https:\/\/masquenoticias.mx\/?s={search_term_string}\"},\"query-input\":{\"@type\":\"PropertyValueSpecification\",\"valueRequired\":true,\"valueName\":\"search_term_string\"}}],\"inLanguage\":\"es\"},{\"@type\":\"Organization\",\"@id\":\"https:\/\/masquenoticias.mx\/#organization\",\"name\":\"M\u00e1s Que Noticias\",\"url\":\"https:\/\/masquenoticias.mx\/\",\"logo\":{\"@type\":\"ImageObject\",\"inLanguage\":\"es\",\"@id\":\"https:\/\/masquenoticias.mx\/#\/schema\/logo\/image\/\",\"url\":\"https:\/\/i0.wp.com\/masquenoticias.mx\/wp-content\/uploads\/2024\/04\/IMG_0004.png?fit=2560%2C1656&ssl=1\",\"contentUrl\":\"https:\/\/i0.wp.com\/masquenoticias.mx\/wp-content\/uploads\/2024\/04\/IMG_0004.png?fit=2560%2C1656&ssl=1\",\"width\":2560,\"height\":1656,\"caption\":\"M\u00e1s Que Noticias\"},\"image\":{\"@id\":\"https:\/\/masquenoticias.mx\/#\/schema\/logo\/image\/\"},\"sameAs\":[\"https:\/\/www.facebook.com\/masquenoticiascolima\",\"https:\/\/x.com\/edgartove\",\"https:\/\/www.instagram.com\/masquenoticiascolima\/\"]},{\"@type\":\"Person\",\"@id\":\"https:\/\/masquenoticias.mx\/#\/schema\/person\/544d19989ef23d34615f691f7a96e622\",\"name\":\"Redacci\u00f3n\",\"image\":{\"@type\":\"ImageObject\",\"inLanguage\":\"es\",\"@id\":\"https:\/\/masquenoticias.mx\/#\/schema\/person\/image\/\",\"url\":\"https:\/\/secure.gravatar.com\/avatar\/7fcc926d5b058d3f3d52d95b4d05dd58?s=96&d=mm&r=g\",\"contentUrl\":\"https:\/\/secure.gravatar.com\/avatar\/7fcc926d5b058d3f3d52d95b4d05dd58?s=96&d=mm&r=g\",\"caption\":\"Redacci\u00f3n\"},\"sameAs\":[\"http:\/\/masquenoticias.mx\"],\"url\":\"https:\/\/masquenoticias.mx\/index.php\/author\/edgartovegmail-com\/\"}]}<\/script>\n<!-- \/ Yoast SEO plugin. -->","yoast_head_json":{"title":"Iniciar\u00e1 en julio la construcci\u00f3n del Acueducto Agua Fr\u00eda-Colima; quedar\u00eda terminado en 2027 - M\u00e1s Que Noticias","robots":{"index":"index","follow":"follow","max-snippet":"max-snippet:-1","max-image-preview":"max-image-preview:large","max-video-preview":"max-video-preview:-1"},"canonical":"https:\/\/masquenoticias.mx\/index.php\/2025\/03\/12\/iniciara-en-julio-la-construccion-del-acueducto-agua-fria-colima-quedaria-terminado-en-2027\/","og_locale":"es_MX","og_type":"article","og_title":"Iniciar\u00e1 en julio la construcci\u00f3n del Acueducto Agua Fr\u00eda-Colima; quedar\u00eda terminado en 2027 - M\u00e1s Que Noticias","og_description":"El director general de la Comisi\u00f3n Nacional del Agua (Conagua), Efra\u00edn Morales L\u00f3pez, inform\u00f3 en la conferencia \u2018Ma\u00f1anera del Pueblo\u2019 con la presidenta Claudia Sheinbaum Pardo, que la construcci\u00f3n del Acueducto Agua Fr\u00eda-Colima que contempla el proyecto de infraestructura \u2018Agua para Colima\u2019 iniciar\u00e1 en julio de este a\u00f1o y se contempla quede terminado en el [&hellip;]","og_url":"https:\/\/masquenoticias.mx\/index.php\/2025\/03\/12\/iniciara-en-julio-la-construccion-del-acueducto-agua-fria-colima-quedaria-terminado-en-2027\/","og_site_name":"M\u00e1s Que Noticias","article_publisher":"https:\/\/www.facebook.com\/masquenoticiascolima","article_published_time":"2025-03-12T21:06:07+00:00","og_image":[{"width":1280,"height":717,"url":"https:\/\/masquenoticias.mx\/wp-content\/uploads\/2025\/03\/WhatsApp-Image-2025-03-12-at-11.50.31-AM.jpeg","type":"image\/jpeg"}],"author":"Redacci\u00f3n","twitter_card":"summary_large_image","twitter_creator":"@edgartove","twitter_site":"@edgartove","twitter_misc":{"Escrito por":"Redacci\u00f3n","Tiempo de lectura":"2 minutos"},"schema":{"@context":"https:\/\/schema.org","@graph":[{"@type":"Article","@id":"https:\/\/masquenoticias.mx\/index.php\/2025\/03\/12\/iniciara-en-julio-la-construccion-del-acueducto-agua-fria-colima-quedaria-terminado-en-2027\/#article","isPartOf":{"@id":"https:\/\/masquenoticias.mx\/index.php\/2025\/03\/12\/iniciara-en-julio-la-construccion-del-acueducto-agua-fria-colima-quedaria-terminado-en-2027\/"},"author":{"name":"Redacci\u00f3n","@id":"https:\/\/masquenoticias.mx\/#\/schema\/person\/544d19989ef23d34615f691f7a96e622"},"headline":"Iniciar\u00e1 en julio la construcci\u00f3n del Acueducto Agua Fr\u00eda-Colima; quedar\u00eda terminado en 2027","datePublished":"2025-03-12T21:06:07+00:00","mainEntityOfPage":{"@id":"https:\/\/masquenoticias.mx\/index.php\/2025\/03\/12\/iniciara-en-julio-la-construccion-del-acueducto-agua-fria-colima-quedaria-terminado-en-2027\/"},"wordCount":291,"commentCount":0,"publisher":{"@id":"https:\/\/masquenoticias.mx\/#organization"},"image":{"@id":"https:\/\/masquenoticias.mx\/index.php\/2025\/03\/12\/iniciara-en-julio-la-construccion-del-acueducto-agua-fria-colima-quedaria-terminado-en-2027\/#primaryimage"},"thumbnailUrl":"https:\/\/i0.wp.com\/masquenoticias.mx\/wp-content\/uploads\/2025\/03\/WhatsApp-Image-2025-03-12-at-11.50.31-AM.jpeg?fit=1280%2C717&ssl=1","keywords":["Gobierno"],"articleSection":["Estado"],"inLanguage":"es","potentialAction":[{"@type":"CommentAction","name":"Comment","target":["https:\/\/masquenoticias.mx\/index.php\/2025\/03\/12\/iniciara-en-julio-la-construccion-del-acueducto-agua-fria-colima-quedaria-terminado-en-2027\/#respond"]}]},{"@type":"WebPage","@id":"https:\/\/masquenoticias.mx\/index.php\/2025\/03\/12\/iniciara-en-julio-la-construccion-del-acueducto-agua-fria-colima-quedaria-terminado-en-2027\/","url":"https:\/\/masquenoticias.mx\/index.php\/2025\/03\/12\/iniciara-en-julio-la-construccion-del-acueducto-agua-fria-colima-quedaria-terminado-en-2027\/","name":"Iniciar\u00e1 en julio la construcci\u00f3n del Acueducto Agua Fr\u00eda-Colima; quedar\u00eda terminado en 2027 - M\u00e1s Que Noticias","isPartOf":{"@id":"https:\/\/masquenoticias.mx\/#website"},"primaryImageOfPage":{"@id":"https:\/\/masquenoticias.mx\/index.php\/2025\/03\/12\/iniciara-en-julio-la-construccion-del-acueducto-agua-fria-colima-quedaria-terminado-en-2027\/#primaryimage"},"image":{"@id":"https:\/\/masquenoticias.mx\/index.php\/2025\/03\/12\/iniciara-en-julio-la-construccion-del-acueducto-agua-fria-colima-quedaria-terminado-en-2027\/#primaryimage"},"thumbnailUrl":"https:\/\/i0.wp.com\/masquenoticias.mx\/wp-content\/uploads\/2025\/03\/WhatsApp-Image-2025-03-12-at-11.50.31-AM.jpeg?fit=1280%2C717&ssl=1","datePublished":"2025-03-12T21:06:07+00:00","breadcrumb":{"@id":"https:\/\/masquenoticias.mx\/index.php\/2025\/03\/12\/iniciara-en-julio-la-construccion-del-acueducto-agua-fria-colima-quedaria-terminado-en-2027\/#breadcrumb"},"inLanguage":"es","potentialAction":[{"@type":"ReadAction","target":["https:\/\/masquenoticias.mx\/index.php\/2025\/03\/12\/iniciara-en-julio-la-construccion-del-acueducto-agua-fria-colima-quedaria-terminado-en-2027\/"]}]},{"@type":"ImageObject","inLanguage":"es","@id":"https:\/\/masquenoticias.mx\/index.php\/2025\/03\/12\/iniciara-en-julio-la-construccion-del-acueducto-agua-fria-colima-quedaria-terminado-en-2027\/#primaryimage","url":"https:\/\/i0.wp.com\/masquenoticias.mx\/wp-content\/uploads\/2025\/03\/WhatsApp-Image-2025-03-12-at-11.50.31-AM.jpeg?fit=1280%2C717&ssl=1","contentUrl":"https:\/\/i0.wp.com\/masquenoticias.mx\/wp-content\/uploads\/2025\/03\/WhatsApp-Image-2025-03-12-at-11.50.31-AM.jpeg?fit=1280%2C717&ssl=1","width":1280,"height":717},{"@type":"BreadcrumbList","@id":"https:\/\/masquenoticias.mx\/index.php\/2025\/03\/12\/iniciara-en-julio-la-construccion-del-acueducto-agua-fria-colima-quedaria-terminado-en-2027\/#breadcrumb","itemListElement":[{"@type":"ListItem","position":1,"name":"Inicio","item":"https:\/\/masquenoticias.mx\/"},{"@type":"ListItem","position":2,"name":"Iniciar\u00e1 en julio la construcci\u00f3n del Acueducto Agua Fr\u00eda-Colima; quedar\u00eda terminado en 2027"}]},{"@type":"WebSite","@id":"https:\/\/masquenoticias.mx\/#website","url":"https:\/\/masquenoticias.mx\/","name":"M\u00e1s Que Noticias","description":"Noticias de Colima, M\u00e9xico y el Mundo","publisher":{"@id":"https:\/\/masquenoticias.mx\/#organization"},"potentialAction":[{"@type":"SearchAction","target":{"@type":"EntryPoint","urlTemplate":"https:\/\/masquenoticias.mx\/?s={search_term_string}"},"query-input":{"@type":"PropertyValueSpecification","valueRequired":true,"valueName":"search_term_string"}}],"inLanguage":"es"},{"@type":"Organization","@id":"https:\/\/masquenoticias.mx\/#organization","name":"M\u00e1s Que Noticias","url":"https:\/\/masquenoticias.mx\/","logo":{"@type":"ImageObject","inLanguage":"es","@id":"https:\/\/masquenoticias.mx\/#\/schema\/logo\/image\/","url":"https:\/\/i0.wp.com\/masquenoticias.mx\/wp-content\/uploads\/2024\/04\/IMG_0004.png?fit=2560%2C1656&ssl=1","contentUrl":"https:\/\/i0.wp.com\/masquenoticias.mx\/wp-content\/uploads\/2024\/04\/IMG_0004.png?fit=2560%2C1656&ssl=1","width":2560,"height":1656,"caption":"M\u00e1s Que Noticias"},"image":{"@id":"https:\/\/masquenoticias.mx\/#\/schema\/logo\/image\/"},"sameAs":["https:\/\/www.facebook.com\/masquenoticiascolima","https:\/\/x.com\/edgartove","https:\/\/www.instagram.com\/masquenoticiascolima\/"]},{"@type":"Person","@id":"https:\/\/masquenoticias.mx\/#\/schema\/person\/544d19989ef23d34615f691f7a96e622","name":"Redacci\u00f3n","image":{"@type":"ImageObject","inLanguage":"es","@id":"https:\/\/masquenoticias.mx\/#\/schema\/person\/image\/","url":"https:\/\/secure.gravatar.com\/avatar\/7fcc926d5b058d3f3d52d95b4d05dd58?s=96&d=mm&r=g","contentUrl":"https:\/\/secure.gravatar.com\/avatar\/7fcc926d5b058d3f3d52d95b4d05dd58?s=96&d=mm&r=g","caption":"Redacci\u00f3n"},"sameAs":["http:\/\/masquenoticias.mx"],"url":"https:\/\/masquenoticias.mx\/index.php\/author\/edgartovegmail-com\/"}]}},"jetpack_featured_media_url":"https:\/\/i0.wp.com\/masquenoticias.mx\/wp-content\/uploads\/2025\/03\/WhatsApp-Image-2025-03-12-at-11.50.31-AM.jpeg?fit=1280%2C717&ssl=1","blog_post_layout_featured_media_urls":{"thumbnail":["https:\/\/i0.wp.com\/masquenoticias.mx\/wp-content\/uploads\/2025\/03\/WhatsApp-Image-2025-03-12-at-11.50.31-AM.jpeg?resize=150%2C150&ssl=1",150,150,true],"full":["https:\/\/i0.wp.com\/masquenoticias.mx\/wp-content\/uploads\/2025\/03\/WhatsApp-Image-2025-03-12-at-11.50.31-AM.jpeg?fit=1280%2C717&ssl=1",1280,717,false]},"categories_names":{"24":{"name":"Estado","link":"https:\/\/masquenoticias.mx\/index.php\/category\/estado\/"}},"tags_names":{"72":{"name":"Gobierno","link":"https:\/\/masquenoticias.mx\/index.php\/tag\/gobierno\/"}},"comments_number":"0","wpmagazine_modules_lite_featured_media_urls":{"thumbnail":["https:\/\/i0.wp.com\/masquenoticias.mx\/wp-content\/uploads\/2025\/03\/WhatsApp-Image-2025-03-12-at-11.50.31-AM.jpeg?resize=150%2C150&ssl=1",150,150,true],"cvmm-medium":["https:\/\/i0.wp.com\/masquenoticias.mx\/wp-content\/uploads\/2025\/03\/WhatsApp-Image-2025-03-12-at-11.50.31-AM.jpeg?resize=300%2C300&ssl=1",300,300,true],"cvmm-medium-plus":["https:\/\/i0.wp.com\/masquenoticias.mx\/wp-content\/uploads\/2025\/03\/WhatsApp-Image-2025-03-12-at-11.50.31-AM.jpeg?resize=305%2C207&ssl=1",305,207,true],"cvmm-portrait":["https:\/\/i0.wp.com\/masquenoticias.mx\/wp-content\/uploads\/2025\/03\/WhatsApp-Image-2025-03-12-at-11.50.31-AM.jpeg?resize=400%2C600&ssl=1",400,600,true],"cvmm-medium-square":["https:\/\/i0.wp.com\/masquenoticias.mx\/wp-content\/uploads\/2025\/03\/WhatsApp-Image-2025-03-12-at-11.50.31-AM.jpeg?resize=600%2C600&ssl=1",600,600,true],"cvmm-large":["https:\/\/i0.wp.com\/masquenoticias.mx\/wp-content\/uploads\/2025\/03\/WhatsApp-Image-2025-03-12-at-11.50.31-AM.jpeg?resize=1024%2C717&ssl=1",1024,717,true],"cvmm-small":["https:\/\/i0.wp.com\/masquenoticias.mx\/wp-content\/uploads\/2025\/03\/WhatsApp-Image-2025-03-12-at-11.50.31-AM.jpeg?resize=130%2C95&ssl=1",130,95,true],"full":["https:\/\/i0.wp.com\/masquenoticias.mx\/wp-content\/uploads\/2025\/03\/WhatsApp-Image-2025-03-12-at-11.50.31-AM.jpeg?fit=1280%2C717&ssl=1",1280,717,false]},"jetpack-related-posts":[],"jetpack_sharing_enabled":true,"jetpack_likes_enabled":true,"jetpack_shortlink":"https:\/\/wp.me\/pf7pkt-3Pz","_links":{"self":[{"href":"https:\/\/masquenoticias.mx\/index.php\/wp-json\/wp\/v2\/posts\/14729","targetHints":{"allow":["GET"]}}],"collection":[{"href":"https:\/\/masquenoticias.mx\/index.php\/wp-json\/wp\/v2\/posts"}],"about":[{"href":"https:\/\/masquenoticias.mx\/index.php\/wp-json\/wp\/v2\/types\/post"}],"author":[{"embeddable":true,"href":"https:\/\/masquenoticias.mx\/index.php\/wp-json\/wp\/v2\/users\/1"}],"replies":[{"embeddable":true,"href":"https:\/\/masquenoticias.mx\/index.php\/wp-json\/wp\/v2\/comments?post=14729"}],"version-history":[{"count":1,"href":"https:\/\/masquenoticias.mx\/index.php\/wp-json\/wp\/v2\/posts\/14729\/revisions"}],"predecessor-version":[{"id":14731,"href":"https:\/\/masquenoticias.mx\/index.php\/wp-json\/wp\/v2\/posts\/14729\/revisions\/14731"}],"wp:featuredmedia":[{"embeddable":true,"href":"https:\/\/masquenoticias.mx\/index.php\/wp-json\/wp\/v2\/media\/14730"}],"wp:attachment":[{"href":"https:\/\/masquenoticias.mx\/index.php\/wp-json\/wp\/v2\/media?parent=14729"}],"wp:term":[{"taxonomy":"category","embeddable":true,"href":"https:\/\/masquenoticias.mx\/index.php\/wp-json\/wp\/v2\/categories?post=14729"},{"taxonomy":"post_tag","embeddable":true,"href":"https:\/\/masquenoticias.mx\/index.php\/wp-json\/wp\/v2\/tags?post=14729"}],"curies":[{"name":"wp","href":"https:\/\/api.w.org\/{rel}","templated":true}]}}