{"id":14714,"date":"2025-03-12T14:51:27","date_gmt":"2025-03-12T20:51:27","guid":{"rendered":"https:\/\/masquenoticias.mx\/?p=14714"},"modified":"2025-03-12T14:51:27","modified_gmt":"2025-03-12T20:51:27","slug":"imades-invita-al-festival-comunitario-de-la-tortuga-y-medio-ambiente-en-tecuanillo","status":"publish","type":"post","link":"https:\/\/masquenoticias.mx\/index.php\/2025\/03\/12\/imades-invita-al-festival-comunitario-de-la-tortuga-y-medio-ambiente-en-tecuanillo\/","title":{"rendered":"Imades invita al Festival Comunitario de la Tortuga y Medio Ambiente, en Tecuanillo"},"content":{"rendered":"<p>El Instituto para el Medio Ambiente y Desarrollo Sustentable del Estado de Colima (Imades) invita a toda la poblaci\u00f3n al Festival Comunitario de la Tortuga y Medio Ambiente \u2018Tecuanillo Ambiental\u2019, que se llevar\u00e1 a cabo el s\u00e1bado 15 de marzo en la comunidad de Tecuanillo, municipio de Tecom\u00e1n.<\/p>\n<p>Este evento gratuito contar\u00e1 con una variedad de actividades para toda la familia, incluyendo paseos en lancha por el manglar, charlas ambientales con personal experto, exposiciones fotogr\u00e1ficas, m\u00fasica en vivo y el estreno nacional de la pel\u00edcula \u2018El llanto de la tortuga\u2019. Las actividades iniciar\u00e1n a partir de las 2:00 de la tarde y concluir\u00e1n hasta las 9:00 de la noche.<\/p>\n<p>Adem\u00e1s, el campamento tortuguero \u201cLos Desmontes\u201d informa que, aunque no es temporada de liberaci\u00f3n de tortugas, existe la posibilidad de presenciar una liberaci\u00f3n de quelonios, dependiendo de las condiciones naturales. Tambi\u00e9n se ofrecer\u00e1 la opci\u00f3n de acampar en la playa, permitiendo a las y los asistentes vivir una experiencia m\u00e1s cercana con la naturaleza.<\/p>\n<p>El Festival Comunitario de la Tortuga y Medio Ambiente \u2018Tecuanillo Ambiental\u2019 es una iniciativa de Cine Foro Tecom\u00e1n y el campamento tortuguero \u201cLos Desmontes\u201d en colaboraci\u00f3n con la comunidad de Tecuanillo, la Cooperativa de Pescadores \u201cLos Primos de Tecuanillo\u201d, Imades y Mantita Cine Distribuci\u00f3n, con el apoyo del Ayuntamiento de Tecom\u00e1n y patrocinadores locales.<\/p>\n<p>Este festival busca fortalecer la conciencia ambiental y promover la protecci\u00f3n de los ecosistemas costeros, destacando la importancia de la comunidad en la conservaci\u00f3n de la tortuga marina y su h\u00e1bitat. Para m\u00e1s informaci\u00f3n, consulta las redes sociales y cuentas oficiales del Imades.<\/p>\n","protected":false},"excerpt":{"rendered":"<p>El Instituto para el Medio Ambiente y Desarrollo Sustentable del Estado de Colima (Imades) invita a toda la poblaci\u00f3n al Festival Comunitario de la Tortuga y Medio Ambiente \u2018Tecuanillo Ambiental\u2019, que se llevar\u00e1 a cabo el s\u00e1bado 15 de marzo en la comunidad de Tecuanillo, municipio de Tecom\u00e1n. Este evento gratuito contar\u00e1 con una variedad [&hellip;]<\/p>\n","protected":false},"author":1,"featured_media":14715,"comment_status":"open","ping_status":"open","sticky":false,"template":"","format":"standard","meta":{"_jetpack_memberships_contains_paid_content":false,"footnotes":""},"categories":[28],"tags":[92,98],"class_list":["post-14714","post","type-post","status-publish","format-standard","has-post-thumbnail","hentry","category-municipios","tag-imades","tag-tecoman"],"yoast_head":"<!-- This site is optimized with the Yoast SEO plugin v26.6 - https:\/\/yoast.com\/wordpress\/plugins\/seo\/ -->\n<title>Imades invita al Festival Comunitario de la Tortuga y Medio Ambiente, en Tecuanillo - M\u00e1s Que Noticias<\/title>\n<meta name=\"robots\" content=\"index, follow, max-snippet:-1, max-image-preview:large, max-video-preview:-1\" \/>\n<link rel=\"canonical\" href=\"https:\/\/masquenoticias.mx\/index.php\/2025\/03\/12\/imades-invita-al-festival-comunitario-de-la-tortuga-y-medio-ambiente-en-tecuanillo\/\" \/>\n<meta property=\"og:locale\" content=\"es_MX\" \/>\n<meta property=\"og:type\" content=\"article\" \/>\n<meta property=\"og:title\" content=\"Imades invita al Festival Comunitario de la Tortuga y Medio Ambiente, en Tecuanillo - M\u00e1s Que Noticias\" \/>\n<meta property=\"og:description\" content=\"El Instituto para el Medio Ambiente y Desarrollo Sustentable del Estado de Colima (Imades) invita a toda la poblaci\u00f3n al Festival Comunitario de la Tortuga y Medio Ambiente \u2018Tecuanillo Ambiental\u2019, que se llevar\u00e1 a cabo el s\u00e1bado 15 de marzo en la comunidad de Tecuanillo, municipio de Tecom\u00e1n. Este evento gratuito contar\u00e1 con una variedad [&hellip;]\" \/>\n<meta property=\"og:url\" content=\"https:\/\/masquenoticias.mx\/index.php\/2025\/03\/12\/imades-invita-al-festival-comunitario-de-la-tortuga-y-medio-ambiente-en-tecuanillo\/\" \/>\n<meta property=\"og:site_name\" content=\"M\u00e1s Que Noticias\" \/>\n<meta property=\"article:publisher\" content=\"https:\/\/www.facebook.com\/masquenoticiascolima\" \/>\n<meta property=\"article:published_time\" content=\"2025-03-12T20:51:27+00:00\" \/>\n<meta property=\"og:image\" content=\"https:\/\/masquenoticias.mx\/wp-content\/uploads\/2025\/03\/WhatsApp-Image-2025-03-11-at-5.17.22-PM-4.jpeg\" \/>\n\t<meta property=\"og:image:width\" content=\"1280\" \/>\n\t<meta property=\"og:image:height\" content=\"960\" \/>\n\t<meta property=\"og:image:type\" content=\"image\/jpeg\" \/>\n<meta name=\"author\" content=\"Redacci\u00f3n\" \/>\n<meta name=\"twitter:card\" content=\"summary_large_image\" \/>\n<meta name=\"twitter:creator\" content=\"@edgartove\" \/>\n<meta name=\"twitter:site\" content=\"@edgartove\" \/>\n<meta name=\"twitter:label1\" content=\"Escrito por\" \/>\n\t<meta name=\"twitter:data1\" content=\"Redacci\u00f3n\" \/>\n\t<meta name=\"twitter:label2\" content=\"Tiempo de lectura\" \/>\n\t<meta name=\"twitter:data2\" content=\"2 minutos\" \/>\n<script type=\"application\/ld+json\" class=\"yoast-schema-graph\">{\"@context\":\"https:\/\/schema.org\",\"@graph\":[{\"@type\":\"Article\",\"@id\":\"https:\/\/masquenoticias.mx\/index.php\/2025\/03\/12\/imades-invita-al-festival-comunitario-de-la-tortuga-y-medio-ambiente-en-tecuanillo\/#article\",\"isPartOf\":{\"@id\":\"https:\/\/masquenoticias.mx\/index.php\/2025\/03\/12\/imades-invita-al-festival-comunitario-de-la-tortuga-y-medio-ambiente-en-tecuanillo\/\"},\"author\":{\"name\":\"Redacci\u00f3n\",\"@id\":\"https:\/\/masquenoticias.mx\/#\/schema\/person\/544d19989ef23d34615f691f7a96e622\"},\"headline\":\"Imades invita al Festival Comunitario de la Tortuga y Medio Ambiente, en Tecuanillo\",\"datePublished\":\"2025-03-12T20:51:27+00:00\",\"mainEntityOfPage\":{\"@id\":\"https:\/\/masquenoticias.mx\/index.php\/2025\/03\/12\/imades-invita-al-festival-comunitario-de-la-tortuga-y-medio-ambiente-en-tecuanillo\/\"},\"wordCount\":293,\"commentCount\":0,\"publisher\":{\"@id\":\"https:\/\/masquenoticias.mx\/#organization\"},\"image\":{\"@id\":\"https:\/\/masquenoticias.mx\/index.php\/2025\/03\/12\/imades-invita-al-festival-comunitario-de-la-tortuga-y-medio-ambiente-en-tecuanillo\/#primaryimage\"},\"thumbnailUrl\":\"https:\/\/i0.wp.com\/masquenoticias.mx\/wp-content\/uploads\/2025\/03\/WhatsApp-Image-2025-03-11-at-5.17.22-PM-4.jpeg?fit=1280%2C960&ssl=1\",\"keywords\":[\"Imades\",\"Tecom\u00e1n\"],\"articleSection\":[\"Municipios\"],\"inLanguage\":\"es\",\"potentialAction\":[{\"@type\":\"CommentAction\",\"name\":\"Comment\",\"target\":[\"https:\/\/masquenoticias.mx\/index.php\/2025\/03\/12\/imades-invita-al-festival-comunitario-de-la-tortuga-y-medio-ambiente-en-tecuanillo\/#respond\"]}]},{\"@type\":\"WebPage\",\"@id\":\"https:\/\/masquenoticias.mx\/index.php\/2025\/03\/12\/imades-invita-al-festival-comunitario-de-la-tortuga-y-medio-ambiente-en-tecuanillo\/\",\"url\":\"https:\/\/masquenoticias.mx\/index.php\/2025\/03\/12\/imades-invita-al-festival-comunitario-de-la-tortuga-y-medio-ambiente-en-tecuanillo\/\",\"name\":\"Imades invita al Festival Comunitario de la Tortuga y Medio Ambiente, en Tecuanillo - M\u00e1s Que Noticias\",\"isPartOf\":{\"@id\":\"https:\/\/masquenoticias.mx\/#website\"},\"primaryImageOfPage\":{\"@id\":\"https:\/\/masquenoticias.mx\/index.php\/2025\/03\/12\/imades-invita-al-festival-comunitario-de-la-tortuga-y-medio-ambiente-en-tecuanillo\/#primaryimage\"},\"image\":{\"@id\":\"https:\/\/masquenoticias.mx\/index.php\/2025\/03\/12\/imades-invita-al-festival-comunitario-de-la-tortuga-y-medio-ambiente-en-tecuanillo\/#primaryimage\"},\"thumbnailUrl\":\"https:\/\/i0.wp.com\/masquenoticias.mx\/wp-content\/uploads\/2025\/03\/WhatsApp-Image-2025-03-11-at-5.17.22-PM-4.jpeg?fit=1280%2C960&ssl=1\",\"datePublished\":\"2025-03-12T20:51:27+00:00\",\"breadcrumb\":{\"@id\":\"https:\/\/masquenoticias.mx\/index.php\/2025\/03\/12\/imades-invita-al-festival-comunitario-de-la-tortuga-y-medio-ambiente-en-tecuanillo\/#breadcrumb\"},\"inLanguage\":\"es\",\"potentialAction\":[{\"@type\":\"ReadAction\",\"target\":[\"https:\/\/masquenoticias.mx\/index.php\/2025\/03\/12\/imades-invita-al-festival-comunitario-de-la-tortuga-y-medio-ambiente-en-tecuanillo\/\"]}]},{\"@type\":\"ImageObject\",\"inLanguage\":\"es\",\"@id\":\"https:\/\/masquenoticias.mx\/index.php\/2025\/03\/12\/imades-invita-al-festival-comunitario-de-la-tortuga-y-medio-ambiente-en-tecuanillo\/#primaryimage\",\"url\":\"https:\/\/i0.wp.com\/masquenoticias.mx\/wp-content\/uploads\/2025\/03\/WhatsApp-Image-2025-03-11-at-5.17.22-PM-4.jpeg?fit=1280%2C960&ssl=1\",\"contentUrl\":\"https:\/\/i0.wp.com\/masquenoticias.mx\/wp-content\/uploads\/2025\/03\/WhatsApp-Image-2025-03-11-at-5.17.22-PM-4.jpeg?fit=1280%2C960&ssl=1\",\"width\":1280,\"height\":960},{\"@type\":\"BreadcrumbList\",\"@id\":\"https:\/\/masquenoticias.mx\/index.php\/2025\/03\/12\/imades-invita-al-festival-comunitario-de-la-tortuga-y-medio-ambiente-en-tecuanillo\/#breadcrumb\",\"itemListElement\":[{\"@type\":\"ListItem\",\"position\":1,\"name\":\"Inicio\",\"item\":\"https:\/\/masquenoticias.mx\/\"},{\"@type\":\"ListItem\",\"position\":2,\"name\":\"Imades invita al Festival Comunitario de la Tortuga y Medio Ambiente, en Tecuanillo\"}]},{\"@type\":\"WebSite\",\"@id\":\"https:\/\/masquenoticias.mx\/#website\",\"url\":\"https:\/\/masquenoticias.mx\/\",\"name\":\"M\u00e1s Que Noticias\",\"description\":\"Noticias de Colima, M\u00e9xico y el Mundo\",\"publisher\":{\"@id\":\"https:\/\/masquenoticias.mx\/#organization\"},\"potentialAction\":[{\"@type\":\"SearchAction\",\"target\":{\"@type\":\"EntryPoint\",\"urlTemplate\":\"https:\/\/masquenoticias.mx\/?s={search_term_string}\"},\"query-input\":{\"@type\":\"PropertyValueSpecification\",\"valueRequired\":true,\"valueName\":\"search_term_string\"}}],\"inLanguage\":\"es\"},{\"@type\":\"Organization\",\"@id\":\"https:\/\/masquenoticias.mx\/#organization\",\"name\":\"M\u00e1s Que Noticias\",\"url\":\"https:\/\/masquenoticias.mx\/\",\"logo\":{\"@type\":\"ImageObject\",\"inLanguage\":\"es\",\"@id\":\"https:\/\/masquenoticias.mx\/#\/schema\/logo\/image\/\",\"url\":\"https:\/\/i0.wp.com\/masquenoticias.mx\/wp-content\/uploads\/2024\/04\/IMG_0004.png?fit=2560%2C1656&ssl=1\",\"contentUrl\":\"https:\/\/i0.wp.com\/masquenoticias.mx\/wp-content\/uploads\/2024\/04\/IMG_0004.png?fit=2560%2C1656&ssl=1\",\"width\":2560,\"height\":1656,\"caption\":\"M\u00e1s Que Noticias\"},\"image\":{\"@id\":\"https:\/\/masquenoticias.mx\/#\/schema\/logo\/image\/\"},\"sameAs\":[\"https:\/\/www.facebook.com\/masquenoticiascolima\",\"https:\/\/x.com\/edgartove\",\"https:\/\/www.instagram.com\/masquenoticiascolima\/\"]},{\"@type\":\"Person\",\"@id\":\"https:\/\/masquenoticias.mx\/#\/schema\/person\/544d19989ef23d34615f691f7a96e622\",\"name\":\"Redacci\u00f3n\",\"image\":{\"@type\":\"ImageObject\",\"inLanguage\":\"es\",\"@id\":\"https:\/\/masquenoticias.mx\/#\/schema\/person\/image\/\",\"url\":\"https:\/\/secure.gravatar.com\/avatar\/7fcc926d5b058d3f3d52d95b4d05dd58?s=96&d=mm&r=g\",\"contentUrl\":\"https:\/\/secure.gravatar.com\/avatar\/7fcc926d5b058d3f3d52d95b4d05dd58?s=96&d=mm&r=g\",\"caption\":\"Redacci\u00f3n\"},\"sameAs\":[\"http:\/\/masquenoticias.mx\"],\"url\":\"https:\/\/masquenoticias.mx\/index.php\/author\/edgartovegmail-com\/\"}]}<\/script>\n<!-- \/ Yoast SEO plugin. -->","yoast_head_json":{"title":"Imades invita al Festival Comunitario de la Tortuga y Medio Ambiente, en Tecuanillo - M\u00e1s Que Noticias","robots":{"index":"index","follow":"follow","max-snippet":"max-snippet:-1","max-image-preview":"max-image-preview:large","max-video-preview":"max-video-preview:-1"},"canonical":"https:\/\/masquenoticias.mx\/index.php\/2025\/03\/12\/imades-invita-al-festival-comunitario-de-la-tortuga-y-medio-ambiente-en-tecuanillo\/","og_locale":"es_MX","og_type":"article","og_title":"Imades invita al Festival Comunitario de la Tortuga y Medio Ambiente, en Tecuanillo - M\u00e1s Que Noticias","og_description":"El Instituto para el Medio Ambiente y Desarrollo Sustentable del Estado de Colima (Imades) invita a toda la poblaci\u00f3n al Festival Comunitario de la Tortuga y Medio Ambiente \u2018Tecuanillo Ambiental\u2019, que se llevar\u00e1 a cabo el s\u00e1bado 15 de marzo en la comunidad de Tecuanillo, municipio de Tecom\u00e1n. Este evento gratuito contar\u00e1 con una variedad [&hellip;]","og_url":"https:\/\/masquenoticias.mx\/index.php\/2025\/03\/12\/imades-invita-al-festival-comunitario-de-la-tortuga-y-medio-ambiente-en-tecuanillo\/","og_site_name":"M\u00e1s Que Noticias","article_publisher":"https:\/\/www.facebook.com\/masquenoticiascolima","article_published_time":"2025-03-12T20:51:27+00:00","og_image":[{"width":1280,"height":960,"url":"https:\/\/masquenoticias.mx\/wp-content\/uploads\/2025\/03\/WhatsApp-Image-2025-03-11-at-5.17.22-PM-4.jpeg","type":"image\/jpeg"}],"author":"Redacci\u00f3n","twitter_card":"summary_large_image","twitter_creator":"@edgartove","twitter_site":"@edgartove","twitter_misc":{"Escrito por":"Redacci\u00f3n","Tiempo de lectura":"2 minutos"},"schema":{"@context":"https:\/\/schema.org","@graph":[{"@type":"Article","@id":"https:\/\/masquenoticias.mx\/index.php\/2025\/03\/12\/imades-invita-al-festival-comunitario-de-la-tortuga-y-medio-ambiente-en-tecuanillo\/#article","isPartOf":{"@id":"https:\/\/masquenoticias.mx\/index.php\/2025\/03\/12\/imades-invita-al-festival-comunitario-de-la-tortuga-y-medio-ambiente-en-tecuanillo\/"},"author":{"name":"Redacci\u00f3n","@id":"https:\/\/masquenoticias.mx\/#\/schema\/person\/544d19989ef23d34615f691f7a96e622"},"headline":"Imades invita al Festival Comunitario de la Tortuga y Medio Ambiente, en Tecuanillo","datePublished":"2025-03-12T20:51:27+00:00","mainEntityOfPage":{"@id":"https:\/\/masquenoticias.mx\/index.php\/2025\/03\/12\/imades-invita-al-festival-comunitario-de-la-tortuga-y-medio-ambiente-en-tecuanillo\/"},"wordCount":293,"commentCount":0,"publisher":{"@id":"https:\/\/masquenoticias.mx\/#organization"},"image":{"@id":"https:\/\/masquenoticias.mx\/index.php\/2025\/03\/12\/imades-invita-al-festival-comunitario-de-la-tortuga-y-medio-ambiente-en-tecuanillo\/#primaryimage"},"thumbnailUrl":"https:\/\/i0.wp.com\/masquenoticias.mx\/wp-content\/uploads\/2025\/03\/WhatsApp-Image-2025-03-11-at-5.17.22-PM-4.jpeg?fit=1280%2C960&ssl=1","keywords":["Imades","Tecom\u00e1n"],"articleSection":["Municipios"],"inLanguage":"es","potentialAction":[{"@type":"CommentAction","name":"Comment","target":["https:\/\/masquenoticias.mx\/index.php\/2025\/03\/12\/imades-invita-al-festival-comunitario-de-la-tortuga-y-medio-ambiente-en-tecuanillo\/#respond"]}]},{"@type":"WebPage","@id":"https:\/\/masquenoticias.mx\/index.php\/2025\/03\/12\/imades-invita-al-festival-comunitario-de-la-tortuga-y-medio-ambiente-en-tecuanillo\/","url":"https:\/\/masquenoticias.mx\/index.php\/2025\/03\/12\/imades-invita-al-festival-comunitario-de-la-tortuga-y-medio-ambiente-en-tecuanillo\/","name":"Imades invita al Festival Comunitario de la Tortuga y Medio Ambiente, en Tecuanillo - M\u00e1s Que Noticias","isPartOf":{"@id":"https:\/\/masquenoticias.mx\/#website"},"primaryImageOfPage":{"@id":"https:\/\/masquenoticias.mx\/index.php\/2025\/03\/12\/imades-invita-al-festival-comunitario-de-la-tortuga-y-medio-ambiente-en-tecuanillo\/#primaryimage"},"image":{"@id":"https:\/\/masquenoticias.mx\/index.php\/2025\/03\/12\/imades-invita-al-festival-comunitario-de-la-tortuga-y-medio-ambiente-en-tecuanillo\/#primaryimage"},"thumbnailUrl":"https:\/\/i0.wp.com\/masquenoticias.mx\/wp-content\/uploads\/2025\/03\/WhatsApp-Image-2025-03-11-at-5.17.22-PM-4.jpeg?fit=1280%2C960&ssl=1","datePublished":"2025-03-12T20:51:27+00:00","breadcrumb":{"@id":"https:\/\/masquenoticias.mx\/index.php\/2025\/03\/12\/imades-invita-al-festival-comunitario-de-la-tortuga-y-medio-ambiente-en-tecuanillo\/#breadcrumb"},"inLanguage":"es","potentialAction":[{"@type":"ReadAction","target":["https:\/\/masquenoticias.mx\/index.php\/2025\/03\/12\/imades-invita-al-festival-comunitario-de-la-tortuga-y-medio-ambiente-en-tecuanillo\/"]}]},{"@type":"ImageObject","inLanguage":"es","@id":"https:\/\/masquenoticias.mx\/index.php\/2025\/03\/12\/imades-invita-al-festival-comunitario-de-la-tortuga-y-medio-ambiente-en-tecuanillo\/#primaryimage","url":"https:\/\/i0.wp.com\/masquenoticias.mx\/wp-content\/uploads\/2025\/03\/WhatsApp-Image-2025-03-11-at-5.17.22-PM-4.jpeg?fit=1280%2C960&ssl=1","contentUrl":"https:\/\/i0.wp.com\/masquenoticias.mx\/wp-content\/uploads\/2025\/03\/WhatsApp-Image-2025-03-11-at-5.17.22-PM-4.jpeg?fit=1280%2C960&ssl=1","width":1280,"height":960},{"@type":"BreadcrumbList","@id":"https:\/\/masquenoticias.mx\/index.php\/2025\/03\/12\/imades-invita-al-festival-comunitario-de-la-tortuga-y-medio-ambiente-en-tecuanillo\/#breadcrumb","itemListElement":[{"@type":"ListItem","position":1,"name":"Inicio","item":"https:\/\/masquenoticias.mx\/"},{"@type":"ListItem","position":2,"name":"Imades invita al Festival Comunitario de la Tortuga y Medio Ambiente, en Tecuanillo"}]},{"@type":"WebSite","@id":"https:\/\/masquenoticias.mx\/#website","url":"https:\/\/masquenoticias.mx\/","name":"M\u00e1s Que Noticias","description":"Noticias de Colima, M\u00e9xico y el Mundo","publisher":{"@id":"https:\/\/masquenoticias.mx\/#organization"},"potentialAction":[{"@type":"SearchAction","target":{"@type":"EntryPoint","urlTemplate":"https:\/\/masquenoticias.mx\/?s={search_term_string}"},"query-input":{"@type":"PropertyValueSpecification","valueRequired":true,"valueName":"search_term_string"}}],"inLanguage":"es"},{"@type":"Organization","@id":"https:\/\/masquenoticias.mx\/#organization","name":"M\u00e1s Que Noticias","url":"https:\/\/masquenoticias.mx\/","logo":{"@type":"ImageObject","inLanguage":"es","@id":"https:\/\/masquenoticias.mx\/#\/schema\/logo\/image\/","url":"https:\/\/i0.wp.com\/masquenoticias.mx\/wp-content\/uploads\/2024\/04\/IMG_0004.png?fit=2560%2C1656&ssl=1","contentUrl":"https:\/\/i0.wp.com\/masquenoticias.mx\/wp-content\/uploads\/2024\/04\/IMG_0004.png?fit=2560%2C1656&ssl=1","width":2560,"height":1656,"caption":"M\u00e1s Que Noticias"},"image":{"@id":"https:\/\/masquenoticias.mx\/#\/schema\/logo\/image\/"},"sameAs":["https:\/\/www.facebook.com\/masquenoticiascolima","https:\/\/x.com\/edgartove","https:\/\/www.instagram.com\/masquenoticiascolima\/"]},{"@type":"Person","@id":"https:\/\/masquenoticias.mx\/#\/schema\/person\/544d19989ef23d34615f691f7a96e622","name":"Redacci\u00f3n","image":{"@type":"ImageObject","inLanguage":"es","@id":"https:\/\/masquenoticias.mx\/#\/schema\/person\/image\/","url":"https:\/\/secure.gravatar.com\/avatar\/7fcc926d5b058d3f3d52d95b4d05dd58?s=96&d=mm&r=g","contentUrl":"https:\/\/secure.gravatar.com\/avatar\/7fcc926d5b058d3f3d52d95b4d05dd58?s=96&d=mm&r=g","caption":"Redacci\u00f3n"},"sameAs":["http:\/\/masquenoticias.mx"],"url":"https:\/\/masquenoticias.mx\/index.php\/author\/edgartovegmail-com\/"}]}},"jetpack_featured_media_url":"https:\/\/i0.wp.com\/masquenoticias.mx\/wp-content\/uploads\/2025\/03\/WhatsApp-Image-2025-03-11-at-5.17.22-PM-4.jpeg?fit=1280%2C960&ssl=1","blog_post_layout_featured_media_urls":{"thumbnail":["https:\/\/i0.wp.com\/masquenoticias.mx\/wp-content\/uploads\/2025\/03\/WhatsApp-Image-2025-03-11-at-5.17.22-PM-4.jpeg?resize=150%2C150&ssl=1",150,150,true],"full":["https:\/\/i0.wp.com\/masquenoticias.mx\/wp-content\/uploads\/2025\/03\/WhatsApp-Image-2025-03-11-at-5.17.22-PM-4.jpeg?fit=1280%2C960&ssl=1",1280,960,false]},"categories_names":{"28":{"name":"Municipios","link":"https:\/\/masquenoticias.mx\/index.php\/category\/municipios\/"}},"tags_names":{"92":{"name":"Imades","link":"https:\/\/masquenoticias.mx\/index.php\/tag\/imades\/"},"98":{"name":"Tecom\u00e1n","link":"https:\/\/masquenoticias.mx\/index.php\/tag\/tecoman\/"}},"comments_number":"0","wpmagazine_modules_lite_featured_media_urls":{"thumbnail":["https:\/\/i0.wp.com\/masquenoticias.mx\/wp-content\/uploads\/2025\/03\/WhatsApp-Image-2025-03-11-at-5.17.22-PM-4.jpeg?resize=150%2C150&ssl=1",150,150,true],"cvmm-medium":["https:\/\/i0.wp.com\/masquenoticias.mx\/wp-content\/uploads\/2025\/03\/WhatsApp-Image-2025-03-11-at-5.17.22-PM-4.jpeg?resize=300%2C300&ssl=1",300,300,true],"cvmm-medium-plus":["https:\/\/i0.wp.com\/masquenoticias.mx\/wp-content\/uploads\/2025\/03\/WhatsApp-Image-2025-03-11-at-5.17.22-PM-4.jpeg?resize=305%2C207&ssl=1",305,207,true],"cvmm-portrait":["https:\/\/i0.wp.com\/masquenoticias.mx\/wp-content\/uploads\/2025\/03\/WhatsApp-Image-2025-03-11-at-5.17.22-PM-4.jpeg?resize=400%2C600&ssl=1",400,600,true],"cvmm-medium-square":["https:\/\/i0.wp.com\/masquenoticias.mx\/wp-content\/uploads\/2025\/03\/WhatsApp-Image-2025-03-11-at-5.17.22-PM-4.jpeg?resize=600%2C600&ssl=1",600,600,true],"cvmm-large":["https:\/\/i0.wp.com\/masquenoticias.mx\/wp-content\/uploads\/2025\/03\/WhatsApp-Image-2025-03-11-at-5.17.22-PM-4.jpeg?resize=1024%2C960&ssl=1",1024,960,true],"cvmm-small":["https:\/\/i0.wp.com\/masquenoticias.mx\/wp-content\/uploads\/2025\/03\/WhatsApp-Image-2025-03-11-at-5.17.22-PM-4.jpeg?resize=130%2C95&ssl=1",130,95,true],"full":["https:\/\/i0.wp.com\/masquenoticias.mx\/wp-content\/uploads\/2025\/03\/WhatsApp-Image-2025-03-11-at-5.17.22-PM-4.jpeg?fit=1280%2C960&ssl=1",1280,960,false]},"jetpack-related-posts":[],"jetpack_sharing_enabled":true,"jetpack_likes_enabled":true,"jetpack_shortlink":"https:\/\/wp.me\/pf7pkt-3Pk","_links":{"self":[{"href":"https:\/\/masquenoticias.mx\/index.php\/wp-json\/wp\/v2\/posts\/14714","targetHints":{"allow":["GET"]}}],"collection":[{"href":"https:\/\/masquenoticias.mx\/index.php\/wp-json\/wp\/v2\/posts"}],"about":[{"href":"https:\/\/masquenoticias.mx\/index.php\/wp-json\/wp\/v2\/types\/post"}],"author":[{"embeddable":true,"href":"https:\/\/masquenoticias.mx\/index.php\/wp-json\/wp\/v2\/users\/1"}],"replies":[{"embeddable":true,"href":"https:\/\/masquenoticias.mx\/index.php\/wp-json\/wp\/v2\/comments?post=14714"}],"version-history":[{"count":1,"href":"https:\/\/masquenoticias.mx\/index.php\/wp-json\/wp\/v2\/posts\/14714\/revisions"}],"predecessor-version":[{"id":14716,"href":"https:\/\/masquenoticias.mx\/index.php\/wp-json\/wp\/v2\/posts\/14714\/revisions\/14716"}],"wp:featuredmedia":[{"embeddable":true,"href":"https:\/\/masquenoticias.mx\/index.php\/wp-json\/wp\/v2\/media\/14715"}],"wp:attachment":[{"href":"https:\/\/masquenoticias.mx\/index.php\/wp-json\/wp\/v2\/media?parent=14714"}],"wp:term":[{"taxonomy":"category","embeddable":true,"href":"https:\/\/masquenoticias.mx\/index.php\/wp-json\/wp\/v2\/categories?post=14714"},{"taxonomy":"post_tag","embeddable":true,"href":"https:\/\/masquenoticias.mx\/index.php\/wp-json\/wp\/v2\/tags?post=14714"}],"curies":[{"name":"wp","href":"https:\/\/api.w.org\/{rel}","templated":true}]}}