{"id":14362,"date":"2025-02-27T16:04:16","date_gmt":"2025-02-27T22:04:16","guid":{"rendered":"https:\/\/masquenoticias.mx\/?p=14362"},"modified":"2025-02-27T16:04:16","modified_gmt":"2025-02-27T22:04:16","slug":"gobierno-de-riult-rivera-fortalece-la-red-de-defensores-infantiles","status":"publish","type":"post","link":"https:\/\/masquenoticias.mx\/index.php\/2025\/02\/27\/gobierno-de-riult-rivera-fortalece-la-red-de-defensores-infantiles\/","title":{"rendered":"Gobierno de Riult Rivera fortalece la Red\u00a0 de defensores infantiles"},"content":{"rendered":"<p>Este mi\u00e9rcoles, en un cermonia realizada en el auditorio General Manuel \u00c1lvarez del Ayuntamiento de Colima, la Directora del Sistema para el Desarrollo Integral de la Familia (DIF) del Municipio de Colima, Quetzalin Rivera Guti\u00e9rrez, tom\u00f3 protesta y entreg\u00f3 nombramientos a los ni\u00f1os y ni\u00f1as que formar\u00e1n parte de la Red de impulsores de los Derechos de las Ni\u00f1as, Ni\u00f1os y Adolescentes del municipio de Colima 2025 dentro del Programa de Prevenci\u00f3n y Atenci\u00f3n a Ni\u00f1os, Ni\u00f1as y Adolescentes en Riesgo (PANNAR).<\/p>\n<p>El PANNAR, implementado por los Sistemas para el Desarrollo Integral de la Familia (DIF) en M\u00e9xico, tiene como objetivo garantizar la protecci\u00f3n de los ni\u00f1os y adolescentes, promoviendo su desarrollo integral y previniendo situaciones de riesgo.<\/p>\n<p>Durante su intervenci\u00f3n, la Directora Quetzalin Rivera destac\u00f3 que el prop\u00f3sito de esta red es dar voz y voto a los ni\u00f1os y adolescentes, permiti\u00e9ndoles representar los derechos de la infancia en el municipio de Colima.<\/p>\n<p>&#8220;Es fundamental que los ni\u00f1os y ni\u00f1as puedan ejercer su derecho a la libertad de expresi\u00f3n y participaci\u00f3n. Su opini\u00f3n es valiosa, ya que nos ayudar\u00e1 a crear pol\u00edticas p\u00fablicas que promuevan un entorno arm\u00f3nico y de respeto a los derechos de los menores&#8221;, afirm\u00f3 Quetzalin Rivera.<\/p>\n<p>Por su parte, el Secretario del Ayuntamiento, Francisco \u00c1nzar Herrera, en representaci\u00f3n del presidente municipal Riult Rivera Guti\u00e9rrez, expres\u00f3 la importancia de este programa y destac\u00f3 que los ni\u00f1os y ni\u00f1as que forman parte de esta red son &#8220;agentes de cambio&#8221; en sus comunidades, escuelas y hogares.<\/p>\n<p>&#8220;La educaci\u00f3n es la clave para construir una sociedad s\u00f3lida. Cuando los valores que inculcan los padres y la educaci\u00f3n que imparten los maestros se combinan, estamos construyendo un futuro prometedor&#8221;, enfatiz\u00f3 \u00c1nzar Herrera.<\/p>\n<p>Mar\u00eda Emilia Brambila Velasco, una de las impulsoras de la red, present\u00f3 las propuestas de la iniciativa titulada &#8220;Difundiendo y promoviendo los derechos de los NNA, construyendo un futuro donde cada ni\u00f1o y ni\u00f1a cuenta&#8221;, destacando el compromiso de los ni\u00f1os y ni\u00f1as con la difusi\u00f3n de sus derechos.<\/p>\n<p>Los integrantes de la Red de impulsores de los Derechos de las Ni\u00f1as, Ni\u00f1os y Adolescentes del municipio de Colima 2025 son: Osmar Galv\u00e1n, Dar\u00edo Mej\u00eda, Alexander Armenta, Manuel Ch\u00e1vez, Emilia Brambila, Grecia Hern\u00e1ndez, Fernanda Ochoa, Carlos Cort\u00e9s, Santiago Isais, Lizet Nava, Naomi Padierna, Kevin Soto, Mateo Baltazar, Natalie Lugo, Maritza Rodr\u00edguez, Quetzaly Carrillo, Danna C\u00e1zares, Erik Hern\u00e1ndez, Gisela Mej\u00eda, Rub\u00ed N\u00fa\u00f1ez, Alejandro Pineda y Mateo Rinc\u00f3n.<\/p>\n<p>El evento tambi\u00e9n cont\u00f3 con la presencia de Federico Rangel, Regidor Presidente de la Comisi\u00f3n de Educaci\u00f3n, Cultura y Recreaci\u00f3n; Patricia Uribe, Directora del DIF Municipal; Miguel Larios, encargado de la Coordinaci\u00f3n Estatal de PANNAR; Vanesa Vel\u00e1zquez, Secretaria Ejecutiva de SIPINNA en el municipio de Colima; Fabiola Aguilar, Coordinadora del programa PANNAR en el municipio; David Hern\u00e1ndez, Secretario General del SNTE 39; y \u00c1ngel Mac\u00edas, Representante Nacional del SNTE.<\/p>\n","protected":false},"excerpt":{"rendered":"<p>Este mi\u00e9rcoles, en un cermonia realizada en el auditorio General Manuel \u00c1lvarez del Ayuntamiento de Colima, la Directora del Sistema para el Desarrollo Integral de la Familia (DIF) del Municipio de Colima, Quetzalin Rivera Guti\u00e9rrez, tom\u00f3 protesta y entreg\u00f3 nombramientos a los ni\u00f1os y ni\u00f1as que formar\u00e1n parte de la Red de impulsores de los [&hellip;]<\/p>\n","protected":false},"author":1,"featured_media":14363,"comment_status":"open","ping_status":"open","sticky":false,"template":"","format":"standard","meta":{"_jetpack_memberships_contains_paid_content":false,"footnotes":""},"categories":[28],"tags":[],"class_list":["post-14362","post","type-post","status-publish","format-standard","has-post-thumbnail","hentry","category-municipios"],"yoast_head":"<!-- This site is optimized with the Yoast SEO plugin v26.6 - https:\/\/yoast.com\/wordpress\/plugins\/seo\/ -->\n<title>Gobierno de Riult Rivera fortalece la Red\u00a0 de defensores infantiles - M\u00e1s Que Noticias<\/title>\n<meta name=\"robots\" content=\"index, follow, max-snippet:-1, max-image-preview:large, max-video-preview:-1\" \/>\n<link rel=\"canonical\" href=\"https:\/\/masquenoticias.mx\/index.php\/2025\/02\/27\/gobierno-de-riult-rivera-fortalece-la-red-de-defensores-infantiles\/\" \/>\n<meta property=\"og:locale\" content=\"es_MX\" \/>\n<meta property=\"og:type\" content=\"article\" \/>\n<meta property=\"og:title\" content=\"Gobierno de Riult Rivera fortalece la Red\u00a0 de defensores infantiles - M\u00e1s Que Noticias\" \/>\n<meta property=\"og:description\" content=\"Este mi\u00e9rcoles, en un cermonia realizada en el auditorio General Manuel \u00c1lvarez del Ayuntamiento de Colima, la Directora del Sistema para el Desarrollo Integral de la Familia (DIF) del Municipio de Colima, Quetzalin Rivera Guti\u00e9rrez, tom\u00f3 protesta y entreg\u00f3 nombramientos a los ni\u00f1os y ni\u00f1as que formar\u00e1n parte de la Red de impulsores de los [&hellip;]\" \/>\n<meta property=\"og:url\" content=\"https:\/\/masquenoticias.mx\/index.php\/2025\/02\/27\/gobierno-de-riult-rivera-fortalece-la-red-de-defensores-infantiles\/\" \/>\n<meta property=\"og:site_name\" content=\"M\u00e1s Que Noticias\" \/>\n<meta property=\"article:publisher\" content=\"https:\/\/www.facebook.com\/masquenoticiascolima\" \/>\n<meta property=\"article:published_time\" content=\"2025-02-27T22:04:16+00:00\" \/>\n<meta property=\"og:image\" content=\"https:\/\/masquenoticias.mx\/wp-content\/uploads\/2025\/02\/WhatsApp-Image-2025-02-26-at-3.59.11-PM-scaled.jpeg\" \/>\n\t<meta property=\"og:image:width\" content=\"2560\" \/>\n\t<meta property=\"og:image:height\" content=\"1706\" \/>\n\t<meta property=\"og:image:type\" content=\"image\/jpeg\" \/>\n<meta name=\"author\" content=\"Redacci\u00f3n\" \/>\n<meta name=\"twitter:card\" content=\"summary_large_image\" \/>\n<meta name=\"twitter:creator\" content=\"@edgartove\" \/>\n<meta name=\"twitter:site\" content=\"@edgartove\" \/>\n<meta name=\"twitter:label1\" content=\"Escrito por\" \/>\n\t<meta name=\"twitter:data1\" content=\"Redacci\u00f3n\" \/>\n\t<meta name=\"twitter:label2\" content=\"Tiempo de lectura\" \/>\n\t<meta name=\"twitter:data2\" content=\"3 minutos\" \/>\n<script type=\"application\/ld+json\" class=\"yoast-schema-graph\">{\"@context\":\"https:\/\/schema.org\",\"@graph\":[{\"@type\":\"Article\",\"@id\":\"https:\/\/masquenoticias.mx\/index.php\/2025\/02\/27\/gobierno-de-riult-rivera-fortalece-la-red-de-defensores-infantiles\/#article\",\"isPartOf\":{\"@id\":\"https:\/\/masquenoticias.mx\/index.php\/2025\/02\/27\/gobierno-de-riult-rivera-fortalece-la-red-de-defensores-infantiles\/\"},\"author\":{\"name\":\"Redacci\u00f3n\",\"@id\":\"https:\/\/masquenoticias.mx\/#\/schema\/person\/544d19989ef23d34615f691f7a96e622\"},\"headline\":\"Gobierno de Riult Rivera fortalece la Red\u00a0 de defensores infantiles\",\"datePublished\":\"2025-02-27T22:04:16+00:00\",\"mainEntityOfPage\":{\"@id\":\"https:\/\/masquenoticias.mx\/index.php\/2025\/02\/27\/gobierno-de-riult-rivera-fortalece-la-red-de-defensores-infantiles\/\"},\"wordCount\":535,\"commentCount\":0,\"publisher\":{\"@id\":\"https:\/\/masquenoticias.mx\/#organization\"},\"image\":{\"@id\":\"https:\/\/masquenoticias.mx\/index.php\/2025\/02\/27\/gobierno-de-riult-rivera-fortalece-la-red-de-defensores-infantiles\/#primaryimage\"},\"thumbnailUrl\":\"https:\/\/i0.wp.com\/masquenoticias.mx\/wp-content\/uploads\/2025\/02\/WhatsApp-Image-2025-02-26-at-3.59.11-PM-scaled.jpeg?fit=2560%2C1706&ssl=1\",\"articleSection\":[\"Municipios\"],\"inLanguage\":\"es\",\"potentialAction\":[{\"@type\":\"CommentAction\",\"name\":\"Comment\",\"target\":[\"https:\/\/masquenoticias.mx\/index.php\/2025\/02\/27\/gobierno-de-riult-rivera-fortalece-la-red-de-defensores-infantiles\/#respond\"]}]},{\"@type\":\"WebPage\",\"@id\":\"https:\/\/masquenoticias.mx\/index.php\/2025\/02\/27\/gobierno-de-riult-rivera-fortalece-la-red-de-defensores-infantiles\/\",\"url\":\"https:\/\/masquenoticias.mx\/index.php\/2025\/02\/27\/gobierno-de-riult-rivera-fortalece-la-red-de-defensores-infantiles\/\",\"name\":\"Gobierno de Riult Rivera fortalece la Red\u00a0 de defensores infantiles - M\u00e1s Que Noticias\",\"isPartOf\":{\"@id\":\"https:\/\/masquenoticias.mx\/#website\"},\"primaryImageOfPage\":{\"@id\":\"https:\/\/masquenoticias.mx\/index.php\/2025\/02\/27\/gobierno-de-riult-rivera-fortalece-la-red-de-defensores-infantiles\/#primaryimage\"},\"image\":{\"@id\":\"https:\/\/masquenoticias.mx\/index.php\/2025\/02\/27\/gobierno-de-riult-rivera-fortalece-la-red-de-defensores-infantiles\/#primaryimage\"},\"thumbnailUrl\":\"https:\/\/i0.wp.com\/masquenoticias.mx\/wp-content\/uploads\/2025\/02\/WhatsApp-Image-2025-02-26-at-3.59.11-PM-scaled.jpeg?fit=2560%2C1706&ssl=1\",\"datePublished\":\"2025-02-27T22:04:16+00:00\",\"breadcrumb\":{\"@id\":\"https:\/\/masquenoticias.mx\/index.php\/2025\/02\/27\/gobierno-de-riult-rivera-fortalece-la-red-de-defensores-infantiles\/#breadcrumb\"},\"inLanguage\":\"es\",\"potentialAction\":[{\"@type\":\"ReadAction\",\"target\":[\"https:\/\/masquenoticias.mx\/index.php\/2025\/02\/27\/gobierno-de-riult-rivera-fortalece-la-red-de-defensores-infantiles\/\"]}]},{\"@type\":\"ImageObject\",\"inLanguage\":\"es\",\"@id\":\"https:\/\/masquenoticias.mx\/index.php\/2025\/02\/27\/gobierno-de-riult-rivera-fortalece-la-red-de-defensores-infantiles\/#primaryimage\",\"url\":\"https:\/\/i0.wp.com\/masquenoticias.mx\/wp-content\/uploads\/2025\/02\/WhatsApp-Image-2025-02-26-at-3.59.11-PM-scaled.jpeg?fit=2560%2C1706&ssl=1\",\"contentUrl\":\"https:\/\/i0.wp.com\/masquenoticias.mx\/wp-content\/uploads\/2025\/02\/WhatsApp-Image-2025-02-26-at-3.59.11-PM-scaled.jpeg?fit=2560%2C1706&ssl=1\",\"width\":2560,\"height\":1706},{\"@type\":\"BreadcrumbList\",\"@id\":\"https:\/\/masquenoticias.mx\/index.php\/2025\/02\/27\/gobierno-de-riult-rivera-fortalece-la-red-de-defensores-infantiles\/#breadcrumb\",\"itemListElement\":[{\"@type\":\"ListItem\",\"position\":1,\"name\":\"Inicio\",\"item\":\"https:\/\/masquenoticias.mx\/\"},{\"@type\":\"ListItem\",\"position\":2,\"name\":\"Gobierno de Riult Rivera fortalece la Red\u00a0 de defensores infantiles\"}]},{\"@type\":\"WebSite\",\"@id\":\"https:\/\/masquenoticias.mx\/#website\",\"url\":\"https:\/\/masquenoticias.mx\/\",\"name\":\"M\u00e1s Que Noticias\",\"description\":\"Noticias de Colima, M\u00e9xico y el Mundo\",\"publisher\":{\"@id\":\"https:\/\/masquenoticias.mx\/#organization\"},\"potentialAction\":[{\"@type\":\"SearchAction\",\"target\":{\"@type\":\"EntryPoint\",\"urlTemplate\":\"https:\/\/masquenoticias.mx\/?s={search_term_string}\"},\"query-input\":{\"@type\":\"PropertyValueSpecification\",\"valueRequired\":true,\"valueName\":\"search_term_string\"}}],\"inLanguage\":\"es\"},{\"@type\":\"Organization\",\"@id\":\"https:\/\/masquenoticias.mx\/#organization\",\"name\":\"M\u00e1s Que Noticias\",\"url\":\"https:\/\/masquenoticias.mx\/\",\"logo\":{\"@type\":\"ImageObject\",\"inLanguage\":\"es\",\"@id\":\"https:\/\/masquenoticias.mx\/#\/schema\/logo\/image\/\",\"url\":\"https:\/\/i0.wp.com\/masquenoticias.mx\/wp-content\/uploads\/2024\/04\/IMG_0004.png?fit=2560%2C1656&ssl=1\",\"contentUrl\":\"https:\/\/i0.wp.com\/masquenoticias.mx\/wp-content\/uploads\/2024\/04\/IMG_0004.png?fit=2560%2C1656&ssl=1\",\"width\":2560,\"height\":1656,\"caption\":\"M\u00e1s Que Noticias\"},\"image\":{\"@id\":\"https:\/\/masquenoticias.mx\/#\/schema\/logo\/image\/\"},\"sameAs\":[\"https:\/\/www.facebook.com\/masquenoticiascolima\",\"https:\/\/x.com\/edgartove\",\"https:\/\/www.instagram.com\/masquenoticiascolima\/\"]},{\"@type\":\"Person\",\"@id\":\"https:\/\/masquenoticias.mx\/#\/schema\/person\/544d19989ef23d34615f691f7a96e622\",\"name\":\"Redacci\u00f3n\",\"image\":{\"@type\":\"ImageObject\",\"inLanguage\":\"es\",\"@id\":\"https:\/\/masquenoticias.mx\/#\/schema\/person\/image\/\",\"url\":\"https:\/\/secure.gravatar.com\/avatar\/7fcc926d5b058d3f3d52d95b4d05dd58?s=96&d=mm&r=g\",\"contentUrl\":\"https:\/\/secure.gravatar.com\/avatar\/7fcc926d5b058d3f3d52d95b4d05dd58?s=96&d=mm&r=g\",\"caption\":\"Redacci\u00f3n\"},\"sameAs\":[\"http:\/\/masquenoticias.mx\"],\"url\":\"https:\/\/masquenoticias.mx\/index.php\/author\/edgartovegmail-com\/\"}]}<\/script>\n<!-- \/ Yoast SEO plugin. -->","yoast_head_json":{"title":"Gobierno de Riult Rivera fortalece la Red\u00a0 de defensores infantiles - M\u00e1s Que Noticias","robots":{"index":"index","follow":"follow","max-snippet":"max-snippet:-1","max-image-preview":"max-image-preview:large","max-video-preview":"max-video-preview:-1"},"canonical":"https:\/\/masquenoticias.mx\/index.php\/2025\/02\/27\/gobierno-de-riult-rivera-fortalece-la-red-de-defensores-infantiles\/","og_locale":"es_MX","og_type":"article","og_title":"Gobierno de Riult Rivera fortalece la Red\u00a0 de defensores infantiles - M\u00e1s Que Noticias","og_description":"Este mi\u00e9rcoles, en un cermonia realizada en el auditorio General Manuel \u00c1lvarez del Ayuntamiento de Colima, la Directora del Sistema para el Desarrollo Integral de la Familia (DIF) del Municipio de Colima, Quetzalin Rivera Guti\u00e9rrez, tom\u00f3 protesta y entreg\u00f3 nombramientos a los ni\u00f1os y ni\u00f1as que formar\u00e1n parte de la Red de impulsores de los [&hellip;]","og_url":"https:\/\/masquenoticias.mx\/index.php\/2025\/02\/27\/gobierno-de-riult-rivera-fortalece-la-red-de-defensores-infantiles\/","og_site_name":"M\u00e1s Que Noticias","article_publisher":"https:\/\/www.facebook.com\/masquenoticiascolima","article_published_time":"2025-02-27T22:04:16+00:00","og_image":[{"width":2560,"height":1706,"url":"https:\/\/masquenoticias.mx\/wp-content\/uploads\/2025\/02\/WhatsApp-Image-2025-02-26-at-3.59.11-PM-scaled.jpeg","type":"image\/jpeg"}],"author":"Redacci\u00f3n","twitter_card":"summary_large_image","twitter_creator":"@edgartove","twitter_site":"@edgartove","twitter_misc":{"Escrito por":"Redacci\u00f3n","Tiempo de lectura":"3 minutos"},"schema":{"@context":"https:\/\/schema.org","@graph":[{"@type":"Article","@id":"https:\/\/masquenoticias.mx\/index.php\/2025\/02\/27\/gobierno-de-riult-rivera-fortalece-la-red-de-defensores-infantiles\/#article","isPartOf":{"@id":"https:\/\/masquenoticias.mx\/index.php\/2025\/02\/27\/gobierno-de-riult-rivera-fortalece-la-red-de-defensores-infantiles\/"},"author":{"name":"Redacci\u00f3n","@id":"https:\/\/masquenoticias.mx\/#\/schema\/person\/544d19989ef23d34615f691f7a96e622"},"headline":"Gobierno de Riult Rivera fortalece la Red\u00a0 de defensores infantiles","datePublished":"2025-02-27T22:04:16+00:00","mainEntityOfPage":{"@id":"https:\/\/masquenoticias.mx\/index.php\/2025\/02\/27\/gobierno-de-riult-rivera-fortalece-la-red-de-defensores-infantiles\/"},"wordCount":535,"commentCount":0,"publisher":{"@id":"https:\/\/masquenoticias.mx\/#organization"},"image":{"@id":"https:\/\/masquenoticias.mx\/index.php\/2025\/02\/27\/gobierno-de-riult-rivera-fortalece-la-red-de-defensores-infantiles\/#primaryimage"},"thumbnailUrl":"https:\/\/i0.wp.com\/masquenoticias.mx\/wp-content\/uploads\/2025\/02\/WhatsApp-Image-2025-02-26-at-3.59.11-PM-scaled.jpeg?fit=2560%2C1706&ssl=1","articleSection":["Municipios"],"inLanguage":"es","potentialAction":[{"@type":"CommentAction","name":"Comment","target":["https:\/\/masquenoticias.mx\/index.php\/2025\/02\/27\/gobierno-de-riult-rivera-fortalece-la-red-de-defensores-infantiles\/#respond"]}]},{"@type":"WebPage","@id":"https:\/\/masquenoticias.mx\/index.php\/2025\/02\/27\/gobierno-de-riult-rivera-fortalece-la-red-de-defensores-infantiles\/","url":"https:\/\/masquenoticias.mx\/index.php\/2025\/02\/27\/gobierno-de-riult-rivera-fortalece-la-red-de-defensores-infantiles\/","name":"Gobierno de Riult Rivera fortalece la Red\u00a0 de defensores infantiles - M\u00e1s Que Noticias","isPartOf":{"@id":"https:\/\/masquenoticias.mx\/#website"},"primaryImageOfPage":{"@id":"https:\/\/masquenoticias.mx\/index.php\/2025\/02\/27\/gobierno-de-riult-rivera-fortalece-la-red-de-defensores-infantiles\/#primaryimage"},"image":{"@id":"https:\/\/masquenoticias.mx\/index.php\/2025\/02\/27\/gobierno-de-riult-rivera-fortalece-la-red-de-defensores-infantiles\/#primaryimage"},"thumbnailUrl":"https:\/\/i0.wp.com\/masquenoticias.mx\/wp-content\/uploads\/2025\/02\/WhatsApp-Image-2025-02-26-at-3.59.11-PM-scaled.jpeg?fit=2560%2C1706&ssl=1","datePublished":"2025-02-27T22:04:16+00:00","breadcrumb":{"@id":"https:\/\/masquenoticias.mx\/index.php\/2025\/02\/27\/gobierno-de-riult-rivera-fortalece-la-red-de-defensores-infantiles\/#breadcrumb"},"inLanguage":"es","potentialAction":[{"@type":"ReadAction","target":["https:\/\/masquenoticias.mx\/index.php\/2025\/02\/27\/gobierno-de-riult-rivera-fortalece-la-red-de-defensores-infantiles\/"]}]},{"@type":"ImageObject","inLanguage":"es","@id":"https:\/\/masquenoticias.mx\/index.php\/2025\/02\/27\/gobierno-de-riult-rivera-fortalece-la-red-de-defensores-infantiles\/#primaryimage","url":"https:\/\/i0.wp.com\/masquenoticias.mx\/wp-content\/uploads\/2025\/02\/WhatsApp-Image-2025-02-26-at-3.59.11-PM-scaled.jpeg?fit=2560%2C1706&ssl=1","contentUrl":"https:\/\/i0.wp.com\/masquenoticias.mx\/wp-content\/uploads\/2025\/02\/WhatsApp-Image-2025-02-26-at-3.59.11-PM-scaled.jpeg?fit=2560%2C1706&ssl=1","width":2560,"height":1706},{"@type":"BreadcrumbList","@id":"https:\/\/masquenoticias.mx\/index.php\/2025\/02\/27\/gobierno-de-riult-rivera-fortalece-la-red-de-defensores-infantiles\/#breadcrumb","itemListElement":[{"@type":"ListItem","position":1,"name":"Inicio","item":"https:\/\/masquenoticias.mx\/"},{"@type":"ListItem","position":2,"name":"Gobierno de Riult Rivera fortalece la Red\u00a0 de defensores infantiles"}]},{"@type":"WebSite","@id":"https:\/\/masquenoticias.mx\/#website","url":"https:\/\/masquenoticias.mx\/","name":"M\u00e1s Que Noticias","description":"Noticias de Colima, M\u00e9xico y el Mundo","publisher":{"@id":"https:\/\/masquenoticias.mx\/#organization"},"potentialAction":[{"@type":"SearchAction","target":{"@type":"EntryPoint","urlTemplate":"https:\/\/masquenoticias.mx\/?s={search_term_string}"},"query-input":{"@type":"PropertyValueSpecification","valueRequired":true,"valueName":"search_term_string"}}],"inLanguage":"es"},{"@type":"Organization","@id":"https:\/\/masquenoticias.mx\/#organization","name":"M\u00e1s Que Noticias","url":"https:\/\/masquenoticias.mx\/","logo":{"@type":"ImageObject","inLanguage":"es","@id":"https:\/\/masquenoticias.mx\/#\/schema\/logo\/image\/","url":"https:\/\/i0.wp.com\/masquenoticias.mx\/wp-content\/uploads\/2024\/04\/IMG_0004.png?fit=2560%2C1656&ssl=1","contentUrl":"https:\/\/i0.wp.com\/masquenoticias.mx\/wp-content\/uploads\/2024\/04\/IMG_0004.png?fit=2560%2C1656&ssl=1","width":2560,"height":1656,"caption":"M\u00e1s Que Noticias"},"image":{"@id":"https:\/\/masquenoticias.mx\/#\/schema\/logo\/image\/"},"sameAs":["https:\/\/www.facebook.com\/masquenoticiascolima","https:\/\/x.com\/edgartove","https:\/\/www.instagram.com\/masquenoticiascolima\/"]},{"@type":"Person","@id":"https:\/\/masquenoticias.mx\/#\/schema\/person\/544d19989ef23d34615f691f7a96e622","name":"Redacci\u00f3n","image":{"@type":"ImageObject","inLanguage":"es","@id":"https:\/\/masquenoticias.mx\/#\/schema\/person\/image\/","url":"https:\/\/secure.gravatar.com\/avatar\/7fcc926d5b058d3f3d52d95b4d05dd58?s=96&d=mm&r=g","contentUrl":"https:\/\/secure.gravatar.com\/avatar\/7fcc926d5b058d3f3d52d95b4d05dd58?s=96&d=mm&r=g","caption":"Redacci\u00f3n"},"sameAs":["http:\/\/masquenoticias.mx"],"url":"https:\/\/masquenoticias.mx\/index.php\/author\/edgartovegmail-com\/"}]}},"jetpack_featured_media_url":"https:\/\/i0.wp.com\/masquenoticias.mx\/wp-content\/uploads\/2025\/02\/WhatsApp-Image-2025-02-26-at-3.59.11-PM-scaled.jpeg?fit=2560%2C1706&ssl=1","blog_post_layout_featured_media_urls":{"thumbnail":["https:\/\/i0.wp.com\/masquenoticias.mx\/wp-content\/uploads\/2025\/02\/WhatsApp-Image-2025-02-26-at-3.59.11-PM-scaled.jpeg?resize=150%2C150&ssl=1",150,150,true],"full":["https:\/\/i0.wp.com\/masquenoticias.mx\/wp-content\/uploads\/2025\/02\/WhatsApp-Image-2025-02-26-at-3.59.11-PM-scaled.jpeg?fit=2560%2C1706&ssl=1",2560,1706,false]},"categories_names":{"28":{"name":"Municipios","link":"https:\/\/masquenoticias.mx\/index.php\/category\/municipios\/"}},"tags_names":[],"comments_number":"0","wpmagazine_modules_lite_featured_media_urls":{"thumbnail":["https:\/\/i0.wp.com\/masquenoticias.mx\/wp-content\/uploads\/2025\/02\/WhatsApp-Image-2025-02-26-at-3.59.11-PM-scaled.jpeg?resize=150%2C150&ssl=1",150,150,true],"cvmm-medium":["https:\/\/i0.wp.com\/masquenoticias.mx\/wp-content\/uploads\/2025\/02\/WhatsApp-Image-2025-02-26-at-3.59.11-PM-scaled.jpeg?resize=300%2C300&ssl=1",300,300,true],"cvmm-medium-plus":["https:\/\/i0.wp.com\/masquenoticias.mx\/wp-content\/uploads\/2025\/02\/WhatsApp-Image-2025-02-26-at-3.59.11-PM-scaled.jpeg?resize=305%2C207&ssl=1",305,207,true],"cvmm-portrait":["https:\/\/i0.wp.com\/masquenoticias.mx\/wp-content\/uploads\/2025\/02\/WhatsApp-Image-2025-02-26-at-3.59.11-PM-scaled.jpeg?resize=400%2C600&ssl=1",400,600,true],"cvmm-medium-square":["https:\/\/i0.wp.com\/masquenoticias.mx\/wp-content\/uploads\/2025\/02\/WhatsApp-Image-2025-02-26-at-3.59.11-PM-scaled.jpeg?resize=600%2C600&ssl=1",600,600,true],"cvmm-large":["https:\/\/i0.wp.com\/masquenoticias.mx\/wp-content\/uploads\/2025\/02\/WhatsApp-Image-2025-02-26-at-3.59.11-PM-scaled.jpeg?resize=1024%2C1024&ssl=1",1024,1024,true],"cvmm-small":["https:\/\/i0.wp.com\/masquenoticias.mx\/wp-content\/uploads\/2025\/02\/WhatsApp-Image-2025-02-26-at-3.59.11-PM-scaled.jpeg?resize=130%2C95&ssl=1",130,95,true],"full":["https:\/\/i0.wp.com\/masquenoticias.mx\/wp-content\/uploads\/2025\/02\/WhatsApp-Image-2025-02-26-at-3.59.11-PM-scaled.jpeg?fit=2560%2C1706&ssl=1",2560,1706,false]},"jetpack-related-posts":[],"jetpack_sharing_enabled":true,"jetpack_likes_enabled":true,"jetpack_shortlink":"https:\/\/wp.me\/pf7pkt-3JE","_links":{"self":[{"href":"https:\/\/masquenoticias.mx\/index.php\/wp-json\/wp\/v2\/posts\/14362","targetHints":{"allow":["GET"]}}],"collection":[{"href":"https:\/\/masquenoticias.mx\/index.php\/wp-json\/wp\/v2\/posts"}],"about":[{"href":"https:\/\/masquenoticias.mx\/index.php\/wp-json\/wp\/v2\/types\/post"}],"author":[{"embeddable":true,"href":"https:\/\/masquenoticias.mx\/index.php\/wp-json\/wp\/v2\/users\/1"}],"replies":[{"embeddable":true,"href":"https:\/\/masquenoticias.mx\/index.php\/wp-json\/wp\/v2\/comments?post=14362"}],"version-history":[{"count":1,"href":"https:\/\/masquenoticias.mx\/index.php\/wp-json\/wp\/v2\/posts\/14362\/revisions"}],"predecessor-version":[{"id":14364,"href":"https:\/\/masquenoticias.mx\/index.php\/wp-json\/wp\/v2\/posts\/14362\/revisions\/14364"}],"wp:featuredmedia":[{"embeddable":true,"href":"https:\/\/masquenoticias.mx\/index.php\/wp-json\/wp\/v2\/media\/14363"}],"wp:attachment":[{"href":"https:\/\/masquenoticias.mx\/index.php\/wp-json\/wp\/v2\/media?parent=14362"}],"wp:term":[{"taxonomy":"category","embeddable":true,"href":"https:\/\/masquenoticias.mx\/index.php\/wp-json\/wp\/v2\/categories?post=14362"},{"taxonomy":"post_tag","embeddable":true,"href":"https:\/\/masquenoticias.mx\/index.php\/wp-json\/wp\/v2\/tags?post=14362"}],"curies":[{"name":"wp","href":"https:\/\/api.w.org\/{rel}","templated":true}]}}