{"id":14359,"date":"2025-02-27T16:01:26","date_gmt":"2025-02-27T22:01:26","guid":{"rendered":"https:\/\/masquenoticias.mx\/?p=14359"},"modified":"2025-02-27T16:01:26","modified_gmt":"2025-02-27T22:01:26","slug":"desde-el-senado-exige-mely-que-autoridades-asuman-responsabilidad-y-resuelvan-desabasto-de-medicamentos","status":"publish","type":"post","link":"https:\/\/masquenoticias.mx\/index.php\/2025\/02\/27\/desde-el-senado-exige-mely-que-autoridades-asuman-responsabilidad-y-resuelvan-desabasto-de-medicamentos\/","title":{"rendered":"Desde el Senado, exige Mely que autoridades asuman responsabilidad y resuelvan desabasto de medicamentos"},"content":{"rendered":"<p>En rueda de prensa ante medios nacionales, la senadora Mely Romero Celis exigi\u00f3 a las autoridades asumir su responsabilidad ante la grave crisis de desabasto de medicamentos que afecta a hospitales y centros de salud en todo el pa\u00eds, especialmente en Colima. Advirti\u00f3 que la falta de insumos m\u00e9dicos est\u00e1 poniendo en riesgo la vida de los pacientes y del personal de salud, quienes trabajan en condiciones cada vez m\u00e1s adversas.<\/p>\n<p>Romero Celis se\u00f1al\u00f3 que negar la existencia del problema no lo resuelve y que la realidad en los hospitales es alarmante. \u201cHoy tenemos una crisis por falta de medicamentos en hospitales y centros de salud, particularmente en las zonas rurales, donde la distancia y la falta de atenci\u00f3n pueden significar la diferencia entre la vida y la muerte\u201d, sostuvo.<\/p>\n<p>La legisladora enfatiz\u00f3 que la situaci\u00f3n es cr\u00edtica en el Hospital Regional Universitario, el principal nosocomio del estado, donde el desabasto de medicamentos y la carencia de insumos m\u00e9dicos han derivado en protestas de pacientes y personal sanitario. \u201cLas quejas han sido constantes, el problema es evidente, pero las autoridades siguen sin tomar medidas efectivas para garantizar la atenci\u00f3n m\u00e9dica que los colimenses merecen\u201d, denunci\u00f3.<\/p>\n<p>Record\u00f3 que hace un a\u00f1o, en una coyuntura electoral, se reaccion\u00f3 de inmediato ante una crisis similar, mientras que hoy, sin la presi\u00f3n de un proceso pol\u00edtico, las respuestas han sido tard\u00edas y superficiales. \u201cEl compromiso con la salud no puede estar sujeto a intereses pol\u00edticos o tiempos electorales. Es obligaci\u00f3n de las autoridades actuar con responsabilidad y garantizar que los medicamentos lleguen a quienes los necesitan\u201d, afirm\u00f3.<\/p>\n<p>Finalmente, Romero Celis reiter\u00f3 su compromiso con el sector salud y con los ciudadanos que hoy enfrentan esta crisis. Hizo un llamado urgente para que se implementen soluciones reales y no paliativos temporales. \u201cNo basta con m\u00f3dulos de atenci\u00f3n o con discursos que minimicen el problema. Se requieren acciones inmediatas y contundentes para restablecer el suministro de medicamentos y garantizar el derecho a la salud de todas y todos\u201d, concluy\u00f3.<\/p>\n","protected":false},"excerpt":{"rendered":"<p>En rueda de prensa ante medios nacionales, la senadora Mely Romero Celis exigi\u00f3 a las autoridades asumir su responsabilidad ante la grave crisis de desabasto de medicamentos que afecta a hospitales y centros de salud en todo el pa\u00eds, especialmente en Colima. Advirti\u00f3 que la falta de insumos m\u00e9dicos est\u00e1 poniendo en riesgo la vida [&hellip;]<\/p>\n","protected":false},"author":1,"featured_media":14360,"comment_status":"open","ping_status":"open","sticky":false,"template":"","format":"standard","meta":{"_jetpack_memberships_contains_paid_content":false,"footnotes":""},"categories":[32],"tags":[],"class_list":["post-14359","post","type-post","status-publish","format-standard","has-post-thumbnail","hentry","category-politica"],"yoast_head":"<!-- This site is optimized with the Yoast SEO plugin v26.6 - https:\/\/yoast.com\/wordpress\/plugins\/seo\/ -->\n<title>Desde el Senado, exige Mely que autoridades asuman responsabilidad y resuelvan desabasto de medicamentos - M\u00e1s Que Noticias<\/title>\n<meta name=\"robots\" content=\"index, follow, max-snippet:-1, max-image-preview:large, max-video-preview:-1\" \/>\n<link rel=\"canonical\" href=\"https:\/\/masquenoticias.mx\/index.php\/2025\/02\/27\/desde-el-senado-exige-mely-que-autoridades-asuman-responsabilidad-y-resuelvan-desabasto-de-medicamentos\/\" \/>\n<meta property=\"og:locale\" content=\"es_MX\" \/>\n<meta property=\"og:type\" content=\"article\" \/>\n<meta property=\"og:title\" content=\"Desde el Senado, exige Mely que autoridades asuman responsabilidad y resuelvan desabasto de medicamentos - M\u00e1s Que Noticias\" \/>\n<meta property=\"og:description\" content=\"En rueda de prensa ante medios nacionales, la senadora Mely Romero Celis exigi\u00f3 a las autoridades asumir su responsabilidad ante la grave crisis de desabasto de medicamentos que afecta a hospitales y centros de salud en todo el pa\u00eds, especialmente en Colima. Advirti\u00f3 que la falta de insumos m\u00e9dicos est\u00e1 poniendo en riesgo la vida [&hellip;]\" \/>\n<meta property=\"og:url\" content=\"https:\/\/masquenoticias.mx\/index.php\/2025\/02\/27\/desde-el-senado-exige-mely-que-autoridades-asuman-responsabilidad-y-resuelvan-desabasto-de-medicamentos\/\" \/>\n<meta property=\"og:site_name\" content=\"M\u00e1s Que Noticias\" \/>\n<meta property=\"article:publisher\" content=\"https:\/\/www.facebook.com\/masquenoticiascolima\" \/>\n<meta property=\"article:published_time\" content=\"2025-02-27T22:01:26+00:00\" \/>\n<meta property=\"og:image\" content=\"https:\/\/masquenoticias.mx\/wp-content\/uploads\/2025\/02\/WhatsApp-Image-2025-02-26-at-3.34.36-PM.jpeg\" \/>\n\t<meta property=\"og:image:width\" content=\"1529\" \/>\n\t<meta property=\"og:image:height\" content=\"1221\" \/>\n\t<meta property=\"og:image:type\" content=\"image\/jpeg\" \/>\n<meta name=\"author\" content=\"Redacci\u00f3n\" \/>\n<meta name=\"twitter:card\" content=\"summary_large_image\" \/>\n<meta name=\"twitter:creator\" content=\"@edgartove\" \/>\n<meta name=\"twitter:site\" content=\"@edgartove\" \/>\n<meta name=\"twitter:label1\" content=\"Escrito por\" \/>\n\t<meta name=\"twitter:data1\" content=\"Redacci\u00f3n\" \/>\n\t<meta name=\"twitter:label2\" content=\"Tiempo de lectura\" \/>\n\t<meta name=\"twitter:data2\" content=\"2 minutos\" \/>\n<script type=\"application\/ld+json\" class=\"yoast-schema-graph\">{\"@context\":\"https:\/\/schema.org\",\"@graph\":[{\"@type\":\"Article\",\"@id\":\"https:\/\/masquenoticias.mx\/index.php\/2025\/02\/27\/desde-el-senado-exige-mely-que-autoridades-asuman-responsabilidad-y-resuelvan-desabasto-de-medicamentos\/#article\",\"isPartOf\":{\"@id\":\"https:\/\/masquenoticias.mx\/index.php\/2025\/02\/27\/desde-el-senado-exige-mely-que-autoridades-asuman-responsabilidad-y-resuelvan-desabasto-de-medicamentos\/\"},\"author\":{\"name\":\"Redacci\u00f3n\",\"@id\":\"https:\/\/masquenoticias.mx\/#\/schema\/person\/544d19989ef23d34615f691f7a96e622\"},\"headline\":\"Desde el Senado, exige Mely que autoridades asuman responsabilidad y resuelvan desabasto de medicamentos\",\"datePublished\":\"2025-02-27T22:01:26+00:00\",\"mainEntityOfPage\":{\"@id\":\"https:\/\/masquenoticias.mx\/index.php\/2025\/02\/27\/desde-el-senado-exige-mely-que-autoridades-asuman-responsabilidad-y-resuelvan-desabasto-de-medicamentos\/\"},\"wordCount\":365,\"commentCount\":0,\"publisher\":{\"@id\":\"https:\/\/masquenoticias.mx\/#organization\"},\"image\":{\"@id\":\"https:\/\/masquenoticias.mx\/index.php\/2025\/02\/27\/desde-el-senado-exige-mely-que-autoridades-asuman-responsabilidad-y-resuelvan-desabasto-de-medicamentos\/#primaryimage\"},\"thumbnailUrl\":\"https:\/\/i0.wp.com\/masquenoticias.mx\/wp-content\/uploads\/2025\/02\/WhatsApp-Image-2025-02-26-at-3.34.36-PM.jpeg?fit=1529%2C1221&ssl=1\",\"articleSection\":[\"Pol\u00edtica\"],\"inLanguage\":\"es\",\"potentialAction\":[{\"@type\":\"CommentAction\",\"name\":\"Comment\",\"target\":[\"https:\/\/masquenoticias.mx\/index.php\/2025\/02\/27\/desde-el-senado-exige-mely-que-autoridades-asuman-responsabilidad-y-resuelvan-desabasto-de-medicamentos\/#respond\"]}]},{\"@type\":\"WebPage\",\"@id\":\"https:\/\/masquenoticias.mx\/index.php\/2025\/02\/27\/desde-el-senado-exige-mely-que-autoridades-asuman-responsabilidad-y-resuelvan-desabasto-de-medicamentos\/\",\"url\":\"https:\/\/masquenoticias.mx\/index.php\/2025\/02\/27\/desde-el-senado-exige-mely-que-autoridades-asuman-responsabilidad-y-resuelvan-desabasto-de-medicamentos\/\",\"name\":\"Desde el Senado, exige Mely que autoridades asuman responsabilidad y resuelvan desabasto de medicamentos - M\u00e1s Que Noticias\",\"isPartOf\":{\"@id\":\"https:\/\/masquenoticias.mx\/#website\"},\"primaryImageOfPage\":{\"@id\":\"https:\/\/masquenoticias.mx\/index.php\/2025\/02\/27\/desde-el-senado-exige-mely-que-autoridades-asuman-responsabilidad-y-resuelvan-desabasto-de-medicamentos\/#primaryimage\"},\"image\":{\"@id\":\"https:\/\/masquenoticias.mx\/index.php\/2025\/02\/27\/desde-el-senado-exige-mely-que-autoridades-asuman-responsabilidad-y-resuelvan-desabasto-de-medicamentos\/#primaryimage\"},\"thumbnailUrl\":\"https:\/\/i0.wp.com\/masquenoticias.mx\/wp-content\/uploads\/2025\/02\/WhatsApp-Image-2025-02-26-at-3.34.36-PM.jpeg?fit=1529%2C1221&ssl=1\",\"datePublished\":\"2025-02-27T22:01:26+00:00\",\"breadcrumb\":{\"@id\":\"https:\/\/masquenoticias.mx\/index.php\/2025\/02\/27\/desde-el-senado-exige-mely-que-autoridades-asuman-responsabilidad-y-resuelvan-desabasto-de-medicamentos\/#breadcrumb\"},\"inLanguage\":\"es\",\"potentialAction\":[{\"@type\":\"ReadAction\",\"target\":[\"https:\/\/masquenoticias.mx\/index.php\/2025\/02\/27\/desde-el-senado-exige-mely-que-autoridades-asuman-responsabilidad-y-resuelvan-desabasto-de-medicamentos\/\"]}]},{\"@type\":\"ImageObject\",\"inLanguage\":\"es\",\"@id\":\"https:\/\/masquenoticias.mx\/index.php\/2025\/02\/27\/desde-el-senado-exige-mely-que-autoridades-asuman-responsabilidad-y-resuelvan-desabasto-de-medicamentos\/#primaryimage\",\"url\":\"https:\/\/i0.wp.com\/masquenoticias.mx\/wp-content\/uploads\/2025\/02\/WhatsApp-Image-2025-02-26-at-3.34.36-PM.jpeg?fit=1529%2C1221&ssl=1\",\"contentUrl\":\"https:\/\/i0.wp.com\/masquenoticias.mx\/wp-content\/uploads\/2025\/02\/WhatsApp-Image-2025-02-26-at-3.34.36-PM.jpeg?fit=1529%2C1221&ssl=1\",\"width\":1529,\"height\":1221},{\"@type\":\"BreadcrumbList\",\"@id\":\"https:\/\/masquenoticias.mx\/index.php\/2025\/02\/27\/desde-el-senado-exige-mely-que-autoridades-asuman-responsabilidad-y-resuelvan-desabasto-de-medicamentos\/#breadcrumb\",\"itemListElement\":[{\"@type\":\"ListItem\",\"position\":1,\"name\":\"Inicio\",\"item\":\"https:\/\/masquenoticias.mx\/\"},{\"@type\":\"ListItem\",\"position\":2,\"name\":\"Desde el Senado, exige Mely que autoridades asuman responsabilidad y resuelvan desabasto de medicamentos\"}]},{\"@type\":\"WebSite\",\"@id\":\"https:\/\/masquenoticias.mx\/#website\",\"url\":\"https:\/\/masquenoticias.mx\/\",\"name\":\"M\u00e1s Que Noticias\",\"description\":\"Noticias de Colima, M\u00e9xico y el Mundo\",\"publisher\":{\"@id\":\"https:\/\/masquenoticias.mx\/#organization\"},\"potentialAction\":[{\"@type\":\"SearchAction\",\"target\":{\"@type\":\"EntryPoint\",\"urlTemplate\":\"https:\/\/masquenoticias.mx\/?s={search_term_string}\"},\"query-input\":{\"@type\":\"PropertyValueSpecification\",\"valueRequired\":true,\"valueName\":\"search_term_string\"}}],\"inLanguage\":\"es\"},{\"@type\":\"Organization\",\"@id\":\"https:\/\/masquenoticias.mx\/#organization\",\"name\":\"M\u00e1s Que Noticias\",\"url\":\"https:\/\/masquenoticias.mx\/\",\"logo\":{\"@type\":\"ImageObject\",\"inLanguage\":\"es\",\"@id\":\"https:\/\/masquenoticias.mx\/#\/schema\/logo\/image\/\",\"url\":\"https:\/\/i0.wp.com\/masquenoticias.mx\/wp-content\/uploads\/2024\/04\/IMG_0004.png?fit=2560%2C1656&ssl=1\",\"contentUrl\":\"https:\/\/i0.wp.com\/masquenoticias.mx\/wp-content\/uploads\/2024\/04\/IMG_0004.png?fit=2560%2C1656&ssl=1\",\"width\":2560,\"height\":1656,\"caption\":\"M\u00e1s Que Noticias\"},\"image\":{\"@id\":\"https:\/\/masquenoticias.mx\/#\/schema\/logo\/image\/\"},\"sameAs\":[\"https:\/\/www.facebook.com\/masquenoticiascolima\",\"https:\/\/x.com\/edgartove\",\"https:\/\/www.instagram.com\/masquenoticiascolima\/\"]},{\"@type\":\"Person\",\"@id\":\"https:\/\/masquenoticias.mx\/#\/schema\/person\/544d19989ef23d34615f691f7a96e622\",\"name\":\"Redacci\u00f3n\",\"image\":{\"@type\":\"ImageObject\",\"inLanguage\":\"es\",\"@id\":\"https:\/\/masquenoticias.mx\/#\/schema\/person\/image\/\",\"url\":\"https:\/\/secure.gravatar.com\/avatar\/7fcc926d5b058d3f3d52d95b4d05dd58?s=96&d=mm&r=g\",\"contentUrl\":\"https:\/\/secure.gravatar.com\/avatar\/7fcc926d5b058d3f3d52d95b4d05dd58?s=96&d=mm&r=g\",\"caption\":\"Redacci\u00f3n\"},\"sameAs\":[\"http:\/\/masquenoticias.mx\"],\"url\":\"https:\/\/masquenoticias.mx\/index.php\/author\/edgartovegmail-com\/\"}]}<\/script>\n<!-- \/ Yoast SEO plugin. -->","yoast_head_json":{"title":"Desde el Senado, exige Mely que autoridades asuman responsabilidad y resuelvan desabasto de medicamentos - M\u00e1s Que Noticias","robots":{"index":"index","follow":"follow","max-snippet":"max-snippet:-1","max-image-preview":"max-image-preview:large","max-video-preview":"max-video-preview:-1"},"canonical":"https:\/\/masquenoticias.mx\/index.php\/2025\/02\/27\/desde-el-senado-exige-mely-que-autoridades-asuman-responsabilidad-y-resuelvan-desabasto-de-medicamentos\/","og_locale":"es_MX","og_type":"article","og_title":"Desde el Senado, exige Mely que autoridades asuman responsabilidad y resuelvan desabasto de medicamentos - M\u00e1s Que Noticias","og_description":"En rueda de prensa ante medios nacionales, la senadora Mely Romero Celis exigi\u00f3 a las autoridades asumir su responsabilidad ante la grave crisis de desabasto de medicamentos que afecta a hospitales y centros de salud en todo el pa\u00eds, especialmente en Colima. Advirti\u00f3 que la falta de insumos m\u00e9dicos est\u00e1 poniendo en riesgo la vida [&hellip;]","og_url":"https:\/\/masquenoticias.mx\/index.php\/2025\/02\/27\/desde-el-senado-exige-mely-que-autoridades-asuman-responsabilidad-y-resuelvan-desabasto-de-medicamentos\/","og_site_name":"M\u00e1s Que Noticias","article_publisher":"https:\/\/www.facebook.com\/masquenoticiascolima","article_published_time":"2025-02-27T22:01:26+00:00","og_image":[{"width":1529,"height":1221,"url":"https:\/\/masquenoticias.mx\/wp-content\/uploads\/2025\/02\/WhatsApp-Image-2025-02-26-at-3.34.36-PM.jpeg","type":"image\/jpeg"}],"author":"Redacci\u00f3n","twitter_card":"summary_large_image","twitter_creator":"@edgartove","twitter_site":"@edgartove","twitter_misc":{"Escrito por":"Redacci\u00f3n","Tiempo de lectura":"2 minutos"},"schema":{"@context":"https:\/\/schema.org","@graph":[{"@type":"Article","@id":"https:\/\/masquenoticias.mx\/index.php\/2025\/02\/27\/desde-el-senado-exige-mely-que-autoridades-asuman-responsabilidad-y-resuelvan-desabasto-de-medicamentos\/#article","isPartOf":{"@id":"https:\/\/masquenoticias.mx\/index.php\/2025\/02\/27\/desde-el-senado-exige-mely-que-autoridades-asuman-responsabilidad-y-resuelvan-desabasto-de-medicamentos\/"},"author":{"name":"Redacci\u00f3n","@id":"https:\/\/masquenoticias.mx\/#\/schema\/person\/544d19989ef23d34615f691f7a96e622"},"headline":"Desde el Senado, exige Mely que autoridades asuman responsabilidad y resuelvan desabasto de medicamentos","datePublished":"2025-02-27T22:01:26+00:00","mainEntityOfPage":{"@id":"https:\/\/masquenoticias.mx\/index.php\/2025\/02\/27\/desde-el-senado-exige-mely-que-autoridades-asuman-responsabilidad-y-resuelvan-desabasto-de-medicamentos\/"},"wordCount":365,"commentCount":0,"publisher":{"@id":"https:\/\/masquenoticias.mx\/#organization"},"image":{"@id":"https:\/\/masquenoticias.mx\/index.php\/2025\/02\/27\/desde-el-senado-exige-mely-que-autoridades-asuman-responsabilidad-y-resuelvan-desabasto-de-medicamentos\/#primaryimage"},"thumbnailUrl":"https:\/\/i0.wp.com\/masquenoticias.mx\/wp-content\/uploads\/2025\/02\/WhatsApp-Image-2025-02-26-at-3.34.36-PM.jpeg?fit=1529%2C1221&ssl=1","articleSection":["Pol\u00edtica"],"inLanguage":"es","potentialAction":[{"@type":"CommentAction","name":"Comment","target":["https:\/\/masquenoticias.mx\/index.php\/2025\/02\/27\/desde-el-senado-exige-mely-que-autoridades-asuman-responsabilidad-y-resuelvan-desabasto-de-medicamentos\/#respond"]}]},{"@type":"WebPage","@id":"https:\/\/masquenoticias.mx\/index.php\/2025\/02\/27\/desde-el-senado-exige-mely-que-autoridades-asuman-responsabilidad-y-resuelvan-desabasto-de-medicamentos\/","url":"https:\/\/masquenoticias.mx\/index.php\/2025\/02\/27\/desde-el-senado-exige-mely-que-autoridades-asuman-responsabilidad-y-resuelvan-desabasto-de-medicamentos\/","name":"Desde el Senado, exige Mely que autoridades asuman responsabilidad y resuelvan desabasto de medicamentos - M\u00e1s Que Noticias","isPartOf":{"@id":"https:\/\/masquenoticias.mx\/#website"},"primaryImageOfPage":{"@id":"https:\/\/masquenoticias.mx\/index.php\/2025\/02\/27\/desde-el-senado-exige-mely-que-autoridades-asuman-responsabilidad-y-resuelvan-desabasto-de-medicamentos\/#primaryimage"},"image":{"@id":"https:\/\/masquenoticias.mx\/index.php\/2025\/02\/27\/desde-el-senado-exige-mely-que-autoridades-asuman-responsabilidad-y-resuelvan-desabasto-de-medicamentos\/#primaryimage"},"thumbnailUrl":"https:\/\/i0.wp.com\/masquenoticias.mx\/wp-content\/uploads\/2025\/02\/WhatsApp-Image-2025-02-26-at-3.34.36-PM.jpeg?fit=1529%2C1221&ssl=1","datePublished":"2025-02-27T22:01:26+00:00","breadcrumb":{"@id":"https:\/\/masquenoticias.mx\/index.php\/2025\/02\/27\/desde-el-senado-exige-mely-que-autoridades-asuman-responsabilidad-y-resuelvan-desabasto-de-medicamentos\/#breadcrumb"},"inLanguage":"es","potentialAction":[{"@type":"ReadAction","target":["https:\/\/masquenoticias.mx\/index.php\/2025\/02\/27\/desde-el-senado-exige-mely-que-autoridades-asuman-responsabilidad-y-resuelvan-desabasto-de-medicamentos\/"]}]},{"@type":"ImageObject","inLanguage":"es","@id":"https:\/\/masquenoticias.mx\/index.php\/2025\/02\/27\/desde-el-senado-exige-mely-que-autoridades-asuman-responsabilidad-y-resuelvan-desabasto-de-medicamentos\/#primaryimage","url":"https:\/\/i0.wp.com\/masquenoticias.mx\/wp-content\/uploads\/2025\/02\/WhatsApp-Image-2025-02-26-at-3.34.36-PM.jpeg?fit=1529%2C1221&ssl=1","contentUrl":"https:\/\/i0.wp.com\/masquenoticias.mx\/wp-content\/uploads\/2025\/02\/WhatsApp-Image-2025-02-26-at-3.34.36-PM.jpeg?fit=1529%2C1221&ssl=1","width":1529,"height":1221},{"@type":"BreadcrumbList","@id":"https:\/\/masquenoticias.mx\/index.php\/2025\/02\/27\/desde-el-senado-exige-mely-que-autoridades-asuman-responsabilidad-y-resuelvan-desabasto-de-medicamentos\/#breadcrumb","itemListElement":[{"@type":"ListItem","position":1,"name":"Inicio","item":"https:\/\/masquenoticias.mx\/"},{"@type":"ListItem","position":2,"name":"Desde el Senado, exige Mely que autoridades asuman responsabilidad y resuelvan desabasto de medicamentos"}]},{"@type":"WebSite","@id":"https:\/\/masquenoticias.mx\/#website","url":"https:\/\/masquenoticias.mx\/","name":"M\u00e1s Que Noticias","description":"Noticias de Colima, M\u00e9xico y el Mundo","publisher":{"@id":"https:\/\/masquenoticias.mx\/#organization"},"potentialAction":[{"@type":"SearchAction","target":{"@type":"EntryPoint","urlTemplate":"https:\/\/masquenoticias.mx\/?s={search_term_string}"},"query-input":{"@type":"PropertyValueSpecification","valueRequired":true,"valueName":"search_term_string"}}],"inLanguage":"es"},{"@type":"Organization","@id":"https:\/\/masquenoticias.mx\/#organization","name":"M\u00e1s Que Noticias","url":"https:\/\/masquenoticias.mx\/","logo":{"@type":"ImageObject","inLanguage":"es","@id":"https:\/\/masquenoticias.mx\/#\/schema\/logo\/image\/","url":"https:\/\/i0.wp.com\/masquenoticias.mx\/wp-content\/uploads\/2024\/04\/IMG_0004.png?fit=2560%2C1656&ssl=1","contentUrl":"https:\/\/i0.wp.com\/masquenoticias.mx\/wp-content\/uploads\/2024\/04\/IMG_0004.png?fit=2560%2C1656&ssl=1","width":2560,"height":1656,"caption":"M\u00e1s Que Noticias"},"image":{"@id":"https:\/\/masquenoticias.mx\/#\/schema\/logo\/image\/"},"sameAs":["https:\/\/www.facebook.com\/masquenoticiascolima","https:\/\/x.com\/edgartove","https:\/\/www.instagram.com\/masquenoticiascolima\/"]},{"@type":"Person","@id":"https:\/\/masquenoticias.mx\/#\/schema\/person\/544d19989ef23d34615f691f7a96e622","name":"Redacci\u00f3n","image":{"@type":"ImageObject","inLanguage":"es","@id":"https:\/\/masquenoticias.mx\/#\/schema\/person\/image\/","url":"https:\/\/secure.gravatar.com\/avatar\/7fcc926d5b058d3f3d52d95b4d05dd58?s=96&d=mm&r=g","contentUrl":"https:\/\/secure.gravatar.com\/avatar\/7fcc926d5b058d3f3d52d95b4d05dd58?s=96&d=mm&r=g","caption":"Redacci\u00f3n"},"sameAs":["http:\/\/masquenoticias.mx"],"url":"https:\/\/masquenoticias.mx\/index.php\/author\/edgartovegmail-com\/"}]}},"jetpack_featured_media_url":"https:\/\/i0.wp.com\/masquenoticias.mx\/wp-content\/uploads\/2025\/02\/WhatsApp-Image-2025-02-26-at-3.34.36-PM.jpeg?fit=1529%2C1221&ssl=1","blog_post_layout_featured_media_urls":{"thumbnail":["https:\/\/i0.wp.com\/masquenoticias.mx\/wp-content\/uploads\/2025\/02\/WhatsApp-Image-2025-02-26-at-3.34.36-PM.jpeg?resize=150%2C150&ssl=1",150,150,true],"full":["https:\/\/i0.wp.com\/masquenoticias.mx\/wp-content\/uploads\/2025\/02\/WhatsApp-Image-2025-02-26-at-3.34.36-PM.jpeg?fit=1529%2C1221&ssl=1",1529,1221,false]},"categories_names":{"32":{"name":"Pol\u00edtica","link":"https:\/\/masquenoticias.mx\/index.php\/category\/politica\/"}},"tags_names":[],"comments_number":"0","wpmagazine_modules_lite_featured_media_urls":{"thumbnail":["https:\/\/i0.wp.com\/masquenoticias.mx\/wp-content\/uploads\/2025\/02\/WhatsApp-Image-2025-02-26-at-3.34.36-PM.jpeg?resize=150%2C150&ssl=1",150,150,true],"cvmm-medium":["https:\/\/i0.wp.com\/masquenoticias.mx\/wp-content\/uploads\/2025\/02\/WhatsApp-Image-2025-02-26-at-3.34.36-PM.jpeg?resize=300%2C300&ssl=1",300,300,true],"cvmm-medium-plus":["https:\/\/i0.wp.com\/masquenoticias.mx\/wp-content\/uploads\/2025\/02\/WhatsApp-Image-2025-02-26-at-3.34.36-PM.jpeg?resize=305%2C207&ssl=1",305,207,true],"cvmm-portrait":["https:\/\/i0.wp.com\/masquenoticias.mx\/wp-content\/uploads\/2025\/02\/WhatsApp-Image-2025-02-26-at-3.34.36-PM.jpeg?resize=400%2C600&ssl=1",400,600,true],"cvmm-medium-square":["https:\/\/i0.wp.com\/masquenoticias.mx\/wp-content\/uploads\/2025\/02\/WhatsApp-Image-2025-02-26-at-3.34.36-PM.jpeg?resize=600%2C600&ssl=1",600,600,true],"cvmm-large":["https:\/\/i0.wp.com\/masquenoticias.mx\/wp-content\/uploads\/2025\/02\/WhatsApp-Image-2025-02-26-at-3.34.36-PM.jpeg?resize=1024%2C1024&ssl=1",1024,1024,true],"cvmm-small":["https:\/\/i0.wp.com\/masquenoticias.mx\/wp-content\/uploads\/2025\/02\/WhatsApp-Image-2025-02-26-at-3.34.36-PM.jpeg?resize=130%2C95&ssl=1",130,95,true],"full":["https:\/\/i0.wp.com\/masquenoticias.mx\/wp-content\/uploads\/2025\/02\/WhatsApp-Image-2025-02-26-at-3.34.36-PM.jpeg?fit=1529%2C1221&ssl=1",1529,1221,false]},"jetpack-related-posts":[],"jetpack_sharing_enabled":true,"jetpack_likes_enabled":true,"jetpack_shortlink":"https:\/\/wp.me\/pf7pkt-3JB","_links":{"self":[{"href":"https:\/\/masquenoticias.mx\/index.php\/wp-json\/wp\/v2\/posts\/14359","targetHints":{"allow":["GET"]}}],"collection":[{"href":"https:\/\/masquenoticias.mx\/index.php\/wp-json\/wp\/v2\/posts"}],"about":[{"href":"https:\/\/masquenoticias.mx\/index.php\/wp-json\/wp\/v2\/types\/post"}],"author":[{"embeddable":true,"href":"https:\/\/masquenoticias.mx\/index.php\/wp-json\/wp\/v2\/users\/1"}],"replies":[{"embeddable":true,"href":"https:\/\/masquenoticias.mx\/index.php\/wp-json\/wp\/v2\/comments?post=14359"}],"version-history":[{"count":1,"href":"https:\/\/masquenoticias.mx\/index.php\/wp-json\/wp\/v2\/posts\/14359\/revisions"}],"predecessor-version":[{"id":14361,"href":"https:\/\/masquenoticias.mx\/index.php\/wp-json\/wp\/v2\/posts\/14359\/revisions\/14361"}],"wp:featuredmedia":[{"embeddable":true,"href":"https:\/\/masquenoticias.mx\/index.php\/wp-json\/wp\/v2\/media\/14360"}],"wp:attachment":[{"href":"https:\/\/masquenoticias.mx\/index.php\/wp-json\/wp\/v2\/media?parent=14359"}],"wp:term":[{"taxonomy":"category","embeddable":true,"href":"https:\/\/masquenoticias.mx\/index.php\/wp-json\/wp\/v2\/categories?post=14359"},{"taxonomy":"post_tag","embeddable":true,"href":"https:\/\/masquenoticias.mx\/index.php\/wp-json\/wp\/v2\/tags?post=14359"}],"curies":[{"name":"wp","href":"https:\/\/api.w.org\/{rel}","templated":true}]}}