{"id":1425,"date":"2023-06-29T21:13:42","date_gmt":"2023-06-30T03:13:42","guid":{"rendered":"https:\/\/masquenoticias.mx\/?p=1425"},"modified":"2023-06-29T21:13:42","modified_gmt":"2023-06-30T03:13:42","slug":"gobernadora-participa-en-toma-de-protesta-comite-del-consejo-de-expresidentes-empresariales","status":"publish","type":"post","link":"https:\/\/masquenoticias.mx\/index.php\/2023\/06\/29\/gobernadora-participa-en-toma-de-protesta-comite-del-consejo-de-expresidentes-empresariales\/","title":{"rendered":"Gobernadora participa en toma de protesta comit\u00e9 del Consejo de Expresidentes Empresariales"},"content":{"rendered":"<p>La gobernadora Indira Vizca\u00edno Silva particip\u00f3 este jueves en la toma de protesta del nuevo comit\u00e9 directivo del Consejo de Expresidentes Empresariales AC, que preside H\u00e9ctor Arturo Velasco Villa, en el periodo 2023-2025, en sustituci\u00f3n del dirigente saliente, Reynaldo Ballesteros Castillo, donde dijo que el Gobierno de Colima reconoce la labor y el valor que aportan diariamente empresarias y empresarios, cuyo esfuerzo se traduce en oportunidades de vida y bienestar para sus familias y las de sus trabajadores.<\/p>\n<p><img data-recalc-dims=\"1\" fetchpriority=\"high\" decoding=\"async\" class=\"alignnone size-large wp-image-1427\" src=\"https:\/\/i0.wp.com\/masquenoticias.mx\/wp-content\/uploads\/2023\/06\/Toma-protesta-1024x682.webp?resize=640%2C426&#038;ssl=1\" alt=\"\" width=\"640\" height=\"426\" srcset=\"https:\/\/i0.wp.com\/masquenoticias.mx\/wp-content\/uploads\/2023\/06\/Toma-protesta-jpeg.webp?resize=1024%2C682&amp;ssl=1 1024w, https:\/\/i0.wp.com\/masquenoticias.mx\/wp-content\/uploads\/2023\/06\/Toma-protesta-jpeg.webp?resize=300%2C200&amp;ssl=1 300w, https:\/\/i0.wp.com\/masquenoticias.mx\/wp-content\/uploads\/2023\/06\/Toma-protesta-jpeg.webp?resize=768%2C512&amp;ssl=1 768w, https:\/\/i0.wp.com\/masquenoticias.mx\/wp-content\/uploads\/2023\/06\/Toma-protesta-jpeg.webp?w=1280&amp;ssl=1 1280w\" sizes=\"(max-width: 640px) 100vw, 640px\" \/><\/p>\n<p>Agreg\u00f3 que con su participaci\u00f3n en c\u00e1maras empresariales y hoy en esta organizaci\u00f3n, lo que expresan y demuestran es tambi\u00e9n que les importa la dimensi\u00f3n social, les interesa la colectividad, les preocupan los problemas de su pr\u00f3jimo y que entienden que los problemas de sus vecinas y vecinos, por solidaridad y hasta por pragmatismo, conviene asumirlos como propios.<\/p>\n<p>&#8220;Yo en lo personal, la administraci\u00f3n que tengo el honor de encabezar y el Gobierno de M\u00e9xico, coincidimos en valorar su experiencia, su visi\u00f3n estrat\u00e9gica y su entrega, por eso queremos siempre estar muy cerca de las buenas y los buenos empresarios, pues su aportaci\u00f3n es fundamental para la construcci\u00f3n de mayores posibilidades de bienestar para todas y todos. Y por eso les reitero que mis puertas siempre est\u00e1n abiertas y mi o\u00eddo atento (&#8230;.) para escucharles y para atenderles&#8221;, indic\u00f3.<\/p>\n<p>Reconoci\u00f3 que a\u00fan hay retos muy complejos como la seguridad, factores que amenazan al medio ambiente, la obligaci\u00f3n moral de brindar m\u00e1s oportunidades a las juventudes, transformar el sistema de salud o atraer inversiones, pero dijo que en todos estos retos se requiere unidad y participaci\u00f3n; &#8220;estamos en el mismo barco y es nuestra responsabilidad que todas y todos lleguemos a buen puerto&#8221;.<\/p>\n<p><img data-recalc-dims=\"1\" decoding=\"async\" class=\"alignnone size-large wp-image-1428\" src=\"https:\/\/i0.wp.com\/masquenoticias.mx\/wp-content\/uploads\/2023\/06\/Empresarios-1024x682.webp?resize=640%2C426&#038;ssl=1\" alt=\"\" width=\"640\" height=\"426\" srcset=\"https:\/\/i0.wp.com\/masquenoticias.mx\/wp-content\/uploads\/2023\/06\/Empresarios-jpeg.webp?resize=1024%2C682&amp;ssl=1 1024w, https:\/\/i0.wp.com\/masquenoticias.mx\/wp-content\/uploads\/2023\/06\/Empresarios-jpeg.webp?resize=300%2C200&amp;ssl=1 300w, https:\/\/i0.wp.com\/masquenoticias.mx\/wp-content\/uploads\/2023\/06\/Empresarios-jpeg.webp?resize=768%2C512&amp;ssl=1 768w, https:\/\/i0.wp.com\/masquenoticias.mx\/wp-content\/uploads\/2023\/06\/Empresarios-jpeg.webp?w=1280&amp;ssl=1 1280w\" sizes=\"(max-width: 640px) 100vw, 640px\" \/><\/p>\n<p>Velasco Villa record\u00f3 que esta asociaci\u00f3n civil, que se formaliz\u00f3 en el 2013 y est\u00e1 integrada por empresarios y expresidentes de c\u00e1maras empresariales, tiene como objetivo ser un organismo de consulta y gesti\u00f3n, con el fin de brindar apoyo al gobierno y a los sectores empresarial y educativo de la entidad; adem\u00e1s, agradeci\u00f3 a la gobernadora por su tiempo y presencia en este evento y dijo que valoran en especial su apoyo a esa organizaci\u00f3n empresarial.<\/p>\n","protected":false},"excerpt":{"rendered":"<p>La gobernadora Indira Vizca\u00edno Silva particip\u00f3 este jueves en la toma de protesta del nuevo comit\u00e9 directivo del Consejo de Expresidentes Empresariales AC, que preside H\u00e9ctor Arturo Velasco Villa, en el periodo 2023-2025, en sustituci\u00f3n del dirigente saliente, Reynaldo Ballesteros Castillo, donde dijo que el Gobierno de Colima reconoce la labor y el valor que [&hellip;]<\/p>\n","protected":false},"author":1,"featured_media":1426,"comment_status":"open","ping_status":"open","sticky":false,"template":"","format":"standard","meta":{"_jetpack_memberships_contains_paid_content":false,"footnotes":""},"categories":[24],"tags":[26],"class_list":["post-1425","post","type-post","status-publish","format-standard","has-post-thumbnail","hentry","category-estado","tag-indira-vizcaino"],"yoast_head":"<!-- This site is optimized with the Yoast SEO plugin v26.6 - https:\/\/yoast.com\/wordpress\/plugins\/seo\/ -->\n<title>Gobernadora participa en toma de protesta comit\u00e9 del Consejo de Expresidentes Empresariales - M\u00e1s Que Noticias<\/title>\n<meta name=\"robots\" content=\"index, follow, max-snippet:-1, max-image-preview:large, max-video-preview:-1\" \/>\n<link rel=\"canonical\" href=\"https:\/\/masquenoticias.mx\/index.php\/2023\/06\/29\/gobernadora-participa-en-toma-de-protesta-comite-del-consejo-de-expresidentes-empresariales\/\" \/>\n<meta property=\"og:locale\" content=\"es_MX\" \/>\n<meta property=\"og:type\" content=\"article\" \/>\n<meta property=\"og:title\" content=\"Gobernadora participa en toma de protesta comit\u00e9 del Consejo de Expresidentes Empresariales - M\u00e1s Que Noticias\" \/>\n<meta property=\"og:description\" content=\"La gobernadora Indira Vizca\u00edno Silva particip\u00f3 este jueves en la toma de protesta del nuevo comit\u00e9 directivo del Consejo de Expresidentes Empresariales AC, que preside H\u00e9ctor Arturo Velasco Villa, en el periodo 2023-2025, en sustituci\u00f3n del dirigente saliente, Reynaldo Ballesteros Castillo, donde dijo que el Gobierno de Colima reconoce la labor y el valor que [&hellip;]\" \/>\n<meta property=\"og:url\" content=\"https:\/\/masquenoticias.mx\/index.php\/2023\/06\/29\/gobernadora-participa-en-toma-de-protesta-comite-del-consejo-de-expresidentes-empresariales\/\" \/>\n<meta property=\"og:site_name\" content=\"M\u00e1s Que Noticias\" \/>\n<meta property=\"article:publisher\" content=\"https:\/\/www.facebook.com\/masquenoticiascolima\" \/>\n<meta property=\"article:published_time\" content=\"2023-06-30T03:13:42+00:00\" \/>\n<meta property=\"og:image\" content=\"https:\/\/i0.wp.com\/masquenoticias.mx\/wp-content\/uploads\/2023\/06\/Indira-empresarios-jpeg.webp?fit=1280%2C853&ssl=1\" \/>\n\t<meta property=\"og:image:width\" content=\"1280\" \/>\n\t<meta property=\"og:image:height\" content=\"853\" \/>\n\t<meta property=\"og:image:type\" content=\"image\/jpeg\" \/>\n<meta name=\"author\" content=\"Redacci\u00f3n\" \/>\n<meta name=\"twitter:card\" content=\"summary_large_image\" \/>\n<meta name=\"twitter:creator\" content=\"@edgartove\" \/>\n<meta name=\"twitter:site\" content=\"@edgartove\" \/>\n<meta name=\"twitter:label1\" content=\"Escrito por\" \/>\n\t<meta name=\"twitter:data1\" content=\"Redacci\u00f3n\" \/>\n\t<meta name=\"twitter:label2\" content=\"Tiempo de lectura\" \/>\n\t<meta name=\"twitter:data2\" content=\"2 minutos\" \/>\n<script type=\"application\/ld+json\" class=\"yoast-schema-graph\">{\"@context\":\"https:\/\/schema.org\",\"@graph\":[{\"@type\":\"Article\",\"@id\":\"https:\/\/masquenoticias.mx\/index.php\/2023\/06\/29\/gobernadora-participa-en-toma-de-protesta-comite-del-consejo-de-expresidentes-empresariales\/#article\",\"isPartOf\":{\"@id\":\"https:\/\/masquenoticias.mx\/index.php\/2023\/06\/29\/gobernadora-participa-en-toma-de-protesta-comite-del-consejo-de-expresidentes-empresariales\/\"},\"author\":{\"name\":\"Redacci\u00f3n\",\"@id\":\"https:\/\/masquenoticias.mx\/#\/schema\/person\/544d19989ef23d34615f691f7a96e622\"},\"headline\":\"Gobernadora participa en toma de protesta comit\u00e9 del Consejo de Expresidentes Empresariales\",\"datePublished\":\"2023-06-30T03:13:42+00:00\",\"mainEntityOfPage\":{\"@id\":\"https:\/\/masquenoticias.mx\/index.php\/2023\/06\/29\/gobernadora-participa-en-toma-de-protesta-comite-del-consejo-de-expresidentes-empresariales\/\"},\"wordCount\":392,\"commentCount\":0,\"publisher\":{\"@id\":\"https:\/\/masquenoticias.mx\/#organization\"},\"image\":{\"@id\":\"https:\/\/masquenoticias.mx\/index.php\/2023\/06\/29\/gobernadora-participa-en-toma-de-protesta-comite-del-consejo-de-expresidentes-empresariales\/#primaryimage\"},\"thumbnailUrl\":\"https:\/\/i0.wp.com\/masquenoticias.mx\/wp-content\/uploads\/2023\/06\/Indira-empresarios-jpeg.webp?fit=1280%2C853&ssl=1\",\"keywords\":[\"Indira Vizca\u00edno\"],\"articleSection\":[\"Estado\"],\"inLanguage\":\"es\",\"potentialAction\":[{\"@type\":\"CommentAction\",\"name\":\"Comment\",\"target\":[\"https:\/\/masquenoticias.mx\/index.php\/2023\/06\/29\/gobernadora-participa-en-toma-de-protesta-comite-del-consejo-de-expresidentes-empresariales\/#respond\"]}]},{\"@type\":\"WebPage\",\"@id\":\"https:\/\/masquenoticias.mx\/index.php\/2023\/06\/29\/gobernadora-participa-en-toma-de-protesta-comite-del-consejo-de-expresidentes-empresariales\/\",\"url\":\"https:\/\/masquenoticias.mx\/index.php\/2023\/06\/29\/gobernadora-participa-en-toma-de-protesta-comite-del-consejo-de-expresidentes-empresariales\/\",\"name\":\"Gobernadora participa en toma de protesta comit\u00e9 del Consejo de Expresidentes Empresariales - M\u00e1s Que Noticias\",\"isPartOf\":{\"@id\":\"https:\/\/masquenoticias.mx\/#website\"},\"primaryImageOfPage\":{\"@id\":\"https:\/\/masquenoticias.mx\/index.php\/2023\/06\/29\/gobernadora-participa-en-toma-de-protesta-comite-del-consejo-de-expresidentes-empresariales\/#primaryimage\"},\"image\":{\"@id\":\"https:\/\/masquenoticias.mx\/index.php\/2023\/06\/29\/gobernadora-participa-en-toma-de-protesta-comite-del-consejo-de-expresidentes-empresariales\/#primaryimage\"},\"thumbnailUrl\":\"https:\/\/i0.wp.com\/masquenoticias.mx\/wp-content\/uploads\/2023\/06\/Indira-empresarios-jpeg.webp?fit=1280%2C853&ssl=1\",\"datePublished\":\"2023-06-30T03:13:42+00:00\",\"breadcrumb\":{\"@id\":\"https:\/\/masquenoticias.mx\/index.php\/2023\/06\/29\/gobernadora-participa-en-toma-de-protesta-comite-del-consejo-de-expresidentes-empresariales\/#breadcrumb\"},\"inLanguage\":\"es\",\"potentialAction\":[{\"@type\":\"ReadAction\",\"target\":[\"https:\/\/masquenoticias.mx\/index.php\/2023\/06\/29\/gobernadora-participa-en-toma-de-protesta-comite-del-consejo-de-expresidentes-empresariales\/\"]}]},{\"@type\":\"ImageObject\",\"inLanguage\":\"es\",\"@id\":\"https:\/\/masquenoticias.mx\/index.php\/2023\/06\/29\/gobernadora-participa-en-toma-de-protesta-comite-del-consejo-de-expresidentes-empresariales\/#primaryimage\",\"url\":\"https:\/\/i0.wp.com\/masquenoticias.mx\/wp-content\/uploads\/2023\/06\/Indira-empresarios-jpeg.webp?fit=1280%2C853&ssl=1\",\"contentUrl\":\"https:\/\/i0.wp.com\/masquenoticias.mx\/wp-content\/uploads\/2023\/06\/Indira-empresarios-jpeg.webp?fit=1280%2C853&ssl=1\",\"width\":1280,\"height\":853},{\"@type\":\"BreadcrumbList\",\"@id\":\"https:\/\/masquenoticias.mx\/index.php\/2023\/06\/29\/gobernadora-participa-en-toma-de-protesta-comite-del-consejo-de-expresidentes-empresariales\/#breadcrumb\",\"itemListElement\":[{\"@type\":\"ListItem\",\"position\":1,\"name\":\"Inicio\",\"item\":\"https:\/\/masquenoticias.mx\/\"},{\"@type\":\"ListItem\",\"position\":2,\"name\":\"Gobernadora participa en toma de protesta comit\u00e9 del Consejo de Expresidentes Empresariales\"}]},{\"@type\":\"WebSite\",\"@id\":\"https:\/\/masquenoticias.mx\/#website\",\"url\":\"https:\/\/masquenoticias.mx\/\",\"name\":\"M\u00e1s Que Noticias\",\"description\":\"Noticias de Colima, M\u00e9xico y el Mundo\",\"publisher\":{\"@id\":\"https:\/\/masquenoticias.mx\/#organization\"},\"potentialAction\":[{\"@type\":\"SearchAction\",\"target\":{\"@type\":\"EntryPoint\",\"urlTemplate\":\"https:\/\/masquenoticias.mx\/?s={search_term_string}\"},\"query-input\":{\"@type\":\"PropertyValueSpecification\",\"valueRequired\":true,\"valueName\":\"search_term_string\"}}],\"inLanguage\":\"es\"},{\"@type\":\"Organization\",\"@id\":\"https:\/\/masquenoticias.mx\/#organization\",\"name\":\"M\u00e1s Que Noticias\",\"url\":\"https:\/\/masquenoticias.mx\/\",\"logo\":{\"@type\":\"ImageObject\",\"inLanguage\":\"es\",\"@id\":\"https:\/\/masquenoticias.mx\/#\/schema\/logo\/image\/\",\"url\":\"https:\/\/i0.wp.com\/masquenoticias.mx\/wp-content\/uploads\/2024\/04\/IMG_0004.png?fit=2560%2C1656&ssl=1\",\"contentUrl\":\"https:\/\/i0.wp.com\/masquenoticias.mx\/wp-content\/uploads\/2024\/04\/IMG_0004.png?fit=2560%2C1656&ssl=1\",\"width\":2560,\"height\":1656,\"caption\":\"M\u00e1s Que Noticias\"},\"image\":{\"@id\":\"https:\/\/masquenoticias.mx\/#\/schema\/logo\/image\/\"},\"sameAs\":[\"https:\/\/www.facebook.com\/masquenoticiascolima\",\"https:\/\/x.com\/edgartove\",\"https:\/\/www.instagram.com\/masquenoticiascolima\/\"]},{\"@type\":\"Person\",\"@id\":\"https:\/\/masquenoticias.mx\/#\/schema\/person\/544d19989ef23d34615f691f7a96e622\",\"name\":\"Redacci\u00f3n\",\"image\":{\"@type\":\"ImageObject\",\"inLanguage\":\"es\",\"@id\":\"https:\/\/masquenoticias.mx\/#\/schema\/person\/image\/\",\"url\":\"https:\/\/secure.gravatar.com\/avatar\/7fcc926d5b058d3f3d52d95b4d05dd58?s=96&d=mm&r=g\",\"contentUrl\":\"https:\/\/secure.gravatar.com\/avatar\/7fcc926d5b058d3f3d52d95b4d05dd58?s=96&d=mm&r=g\",\"caption\":\"Redacci\u00f3n\"},\"sameAs\":[\"http:\/\/masquenoticias.mx\"],\"url\":\"https:\/\/masquenoticias.mx\/index.php\/author\/edgartovegmail-com\/\"}]}<\/script>\n<!-- \/ Yoast SEO plugin. -->","yoast_head_json":{"title":"Gobernadora participa en toma de protesta comit\u00e9 del Consejo de Expresidentes Empresariales - M\u00e1s Que Noticias","robots":{"index":"index","follow":"follow","max-snippet":"max-snippet:-1","max-image-preview":"max-image-preview:large","max-video-preview":"max-video-preview:-1"},"canonical":"https:\/\/masquenoticias.mx\/index.php\/2023\/06\/29\/gobernadora-participa-en-toma-de-protesta-comite-del-consejo-de-expresidentes-empresariales\/","og_locale":"es_MX","og_type":"article","og_title":"Gobernadora participa en toma de protesta comit\u00e9 del Consejo de Expresidentes Empresariales - M\u00e1s Que Noticias","og_description":"La gobernadora Indira Vizca\u00edno Silva particip\u00f3 este jueves en la toma de protesta del nuevo comit\u00e9 directivo del Consejo de Expresidentes Empresariales AC, que preside H\u00e9ctor Arturo Velasco Villa, en el periodo 2023-2025, en sustituci\u00f3n del dirigente saliente, Reynaldo Ballesteros Castillo, donde dijo que el Gobierno de Colima reconoce la labor y el valor que [&hellip;]","og_url":"https:\/\/masquenoticias.mx\/index.php\/2023\/06\/29\/gobernadora-participa-en-toma-de-protesta-comite-del-consejo-de-expresidentes-empresariales\/","og_site_name":"M\u00e1s Que Noticias","article_publisher":"https:\/\/www.facebook.com\/masquenoticiascolima","article_published_time":"2023-06-30T03:13:42+00:00","og_image":[{"width":1280,"height":853,"url":"https:\/\/i0.wp.com\/masquenoticias.mx\/wp-content\/uploads\/2023\/06\/Indira-empresarios-jpeg.webp?fit=1280%2C853&ssl=1","type":"image\/jpeg"}],"author":"Redacci\u00f3n","twitter_card":"summary_large_image","twitter_creator":"@edgartove","twitter_site":"@edgartove","twitter_misc":{"Escrito por":"Redacci\u00f3n","Tiempo de lectura":"2 minutos"},"schema":{"@context":"https:\/\/schema.org","@graph":[{"@type":"Article","@id":"https:\/\/masquenoticias.mx\/index.php\/2023\/06\/29\/gobernadora-participa-en-toma-de-protesta-comite-del-consejo-de-expresidentes-empresariales\/#article","isPartOf":{"@id":"https:\/\/masquenoticias.mx\/index.php\/2023\/06\/29\/gobernadora-participa-en-toma-de-protesta-comite-del-consejo-de-expresidentes-empresariales\/"},"author":{"name":"Redacci\u00f3n","@id":"https:\/\/masquenoticias.mx\/#\/schema\/person\/544d19989ef23d34615f691f7a96e622"},"headline":"Gobernadora participa en toma de protesta comit\u00e9 del Consejo de Expresidentes Empresariales","datePublished":"2023-06-30T03:13:42+00:00","mainEntityOfPage":{"@id":"https:\/\/masquenoticias.mx\/index.php\/2023\/06\/29\/gobernadora-participa-en-toma-de-protesta-comite-del-consejo-de-expresidentes-empresariales\/"},"wordCount":392,"commentCount":0,"publisher":{"@id":"https:\/\/masquenoticias.mx\/#organization"},"image":{"@id":"https:\/\/masquenoticias.mx\/index.php\/2023\/06\/29\/gobernadora-participa-en-toma-de-protesta-comite-del-consejo-de-expresidentes-empresariales\/#primaryimage"},"thumbnailUrl":"https:\/\/i0.wp.com\/masquenoticias.mx\/wp-content\/uploads\/2023\/06\/Indira-empresarios-jpeg.webp?fit=1280%2C853&ssl=1","keywords":["Indira Vizca\u00edno"],"articleSection":["Estado"],"inLanguage":"es","potentialAction":[{"@type":"CommentAction","name":"Comment","target":["https:\/\/masquenoticias.mx\/index.php\/2023\/06\/29\/gobernadora-participa-en-toma-de-protesta-comite-del-consejo-de-expresidentes-empresariales\/#respond"]}]},{"@type":"WebPage","@id":"https:\/\/masquenoticias.mx\/index.php\/2023\/06\/29\/gobernadora-participa-en-toma-de-protesta-comite-del-consejo-de-expresidentes-empresariales\/","url":"https:\/\/masquenoticias.mx\/index.php\/2023\/06\/29\/gobernadora-participa-en-toma-de-protesta-comite-del-consejo-de-expresidentes-empresariales\/","name":"Gobernadora participa en toma de protesta comit\u00e9 del Consejo de Expresidentes Empresariales - M\u00e1s Que Noticias","isPartOf":{"@id":"https:\/\/masquenoticias.mx\/#website"},"primaryImageOfPage":{"@id":"https:\/\/masquenoticias.mx\/index.php\/2023\/06\/29\/gobernadora-participa-en-toma-de-protesta-comite-del-consejo-de-expresidentes-empresariales\/#primaryimage"},"image":{"@id":"https:\/\/masquenoticias.mx\/index.php\/2023\/06\/29\/gobernadora-participa-en-toma-de-protesta-comite-del-consejo-de-expresidentes-empresariales\/#primaryimage"},"thumbnailUrl":"https:\/\/i0.wp.com\/masquenoticias.mx\/wp-content\/uploads\/2023\/06\/Indira-empresarios-jpeg.webp?fit=1280%2C853&ssl=1","datePublished":"2023-06-30T03:13:42+00:00","breadcrumb":{"@id":"https:\/\/masquenoticias.mx\/index.php\/2023\/06\/29\/gobernadora-participa-en-toma-de-protesta-comite-del-consejo-de-expresidentes-empresariales\/#breadcrumb"},"inLanguage":"es","potentialAction":[{"@type":"ReadAction","target":["https:\/\/masquenoticias.mx\/index.php\/2023\/06\/29\/gobernadora-participa-en-toma-de-protesta-comite-del-consejo-de-expresidentes-empresariales\/"]}]},{"@type":"ImageObject","inLanguage":"es","@id":"https:\/\/masquenoticias.mx\/index.php\/2023\/06\/29\/gobernadora-participa-en-toma-de-protesta-comite-del-consejo-de-expresidentes-empresariales\/#primaryimage","url":"https:\/\/i0.wp.com\/masquenoticias.mx\/wp-content\/uploads\/2023\/06\/Indira-empresarios-jpeg.webp?fit=1280%2C853&ssl=1","contentUrl":"https:\/\/i0.wp.com\/masquenoticias.mx\/wp-content\/uploads\/2023\/06\/Indira-empresarios-jpeg.webp?fit=1280%2C853&ssl=1","width":1280,"height":853},{"@type":"BreadcrumbList","@id":"https:\/\/masquenoticias.mx\/index.php\/2023\/06\/29\/gobernadora-participa-en-toma-de-protesta-comite-del-consejo-de-expresidentes-empresariales\/#breadcrumb","itemListElement":[{"@type":"ListItem","position":1,"name":"Inicio","item":"https:\/\/masquenoticias.mx\/"},{"@type":"ListItem","position":2,"name":"Gobernadora participa en toma de protesta comit\u00e9 del Consejo de Expresidentes Empresariales"}]},{"@type":"WebSite","@id":"https:\/\/masquenoticias.mx\/#website","url":"https:\/\/masquenoticias.mx\/","name":"M\u00e1s Que Noticias","description":"Noticias de Colima, M\u00e9xico y el Mundo","publisher":{"@id":"https:\/\/masquenoticias.mx\/#organization"},"potentialAction":[{"@type":"SearchAction","target":{"@type":"EntryPoint","urlTemplate":"https:\/\/masquenoticias.mx\/?s={search_term_string}"},"query-input":{"@type":"PropertyValueSpecification","valueRequired":true,"valueName":"search_term_string"}}],"inLanguage":"es"},{"@type":"Organization","@id":"https:\/\/masquenoticias.mx\/#organization","name":"M\u00e1s Que Noticias","url":"https:\/\/masquenoticias.mx\/","logo":{"@type":"ImageObject","inLanguage":"es","@id":"https:\/\/masquenoticias.mx\/#\/schema\/logo\/image\/","url":"https:\/\/i0.wp.com\/masquenoticias.mx\/wp-content\/uploads\/2024\/04\/IMG_0004.png?fit=2560%2C1656&ssl=1","contentUrl":"https:\/\/i0.wp.com\/masquenoticias.mx\/wp-content\/uploads\/2024\/04\/IMG_0004.png?fit=2560%2C1656&ssl=1","width":2560,"height":1656,"caption":"M\u00e1s Que Noticias"},"image":{"@id":"https:\/\/masquenoticias.mx\/#\/schema\/logo\/image\/"},"sameAs":["https:\/\/www.facebook.com\/masquenoticiascolima","https:\/\/x.com\/edgartove","https:\/\/www.instagram.com\/masquenoticiascolima\/"]},{"@type":"Person","@id":"https:\/\/masquenoticias.mx\/#\/schema\/person\/544d19989ef23d34615f691f7a96e622","name":"Redacci\u00f3n","image":{"@type":"ImageObject","inLanguage":"es","@id":"https:\/\/masquenoticias.mx\/#\/schema\/person\/image\/","url":"https:\/\/secure.gravatar.com\/avatar\/7fcc926d5b058d3f3d52d95b4d05dd58?s=96&d=mm&r=g","contentUrl":"https:\/\/secure.gravatar.com\/avatar\/7fcc926d5b058d3f3d52d95b4d05dd58?s=96&d=mm&r=g","caption":"Redacci\u00f3n"},"sameAs":["http:\/\/masquenoticias.mx"],"url":"https:\/\/masquenoticias.mx\/index.php\/author\/edgartovegmail-com\/"}]}},"jetpack_featured_media_url":"https:\/\/i0.wp.com\/masquenoticias.mx\/wp-content\/uploads\/2023\/06\/Indira-empresarios-jpeg.webp?fit=1280%2C853&ssl=1","blog_post_layout_featured_media_urls":{"thumbnail":["https:\/\/i0.wp.com\/masquenoticias.mx\/wp-content\/uploads\/2023\/06\/Indira-empresarios-jpeg.webp?resize=150%2C150&ssl=1",150,150,true],"full":["https:\/\/i0.wp.com\/masquenoticias.mx\/wp-content\/uploads\/2023\/06\/Indira-empresarios-jpeg.webp?fit=1280%2C853&ssl=1",1280,853,false]},"categories_names":{"24":{"name":"Estado","link":"https:\/\/masquenoticias.mx\/index.php\/category\/estado\/"}},"tags_names":{"26":{"name":"Indira Vizca\u00edno","link":"https:\/\/masquenoticias.mx\/index.php\/tag\/indira-vizcaino\/"}},"comments_number":"0","wpmagazine_modules_lite_featured_media_urls":{"thumbnail":["https:\/\/i0.wp.com\/masquenoticias.mx\/wp-content\/uploads\/2023\/06\/Indira-empresarios-jpeg.webp?resize=150%2C150&ssl=1",150,150,true],"cvmm-medium":["https:\/\/i0.wp.com\/masquenoticias.mx\/wp-content\/uploads\/2023\/06\/Indira-empresarios-jpeg.webp?resize=300%2C300&ssl=1",300,300,true],"cvmm-medium-plus":["https:\/\/i0.wp.com\/masquenoticias.mx\/wp-content\/uploads\/2023\/06\/Indira-empresarios-jpeg.webp?resize=305%2C207&ssl=1",305,207,true],"cvmm-portrait":["https:\/\/i0.wp.com\/masquenoticias.mx\/wp-content\/uploads\/2023\/06\/Indira-empresarios-jpeg.webp?resize=400%2C600&ssl=1",400,600,true],"cvmm-medium-square":["https:\/\/i0.wp.com\/masquenoticias.mx\/wp-content\/uploads\/2023\/06\/Indira-empresarios-jpeg.webp?resize=600%2C600&ssl=1",600,600,true],"cvmm-large":["https:\/\/i0.wp.com\/masquenoticias.mx\/wp-content\/uploads\/2023\/06\/Indira-empresarios-jpeg.webp?resize=1024%2C853&ssl=1",1024,853,true],"cvmm-small":["https:\/\/i0.wp.com\/masquenoticias.mx\/wp-content\/uploads\/2023\/06\/Indira-empresarios-jpeg.webp?resize=130%2C95&ssl=1",130,95,true],"full":["https:\/\/i0.wp.com\/masquenoticias.mx\/wp-content\/uploads\/2023\/06\/Indira-empresarios-jpeg.webp?fit=1280%2C853&ssl=1",1280,853,false]},"jetpack-related-posts":[],"jetpack_sharing_enabled":true,"jetpack_likes_enabled":true,"jetpack_shortlink":"https:\/\/wp.me\/pf7pkt-mZ","_links":{"self":[{"href":"https:\/\/masquenoticias.mx\/index.php\/wp-json\/wp\/v2\/posts\/1425","targetHints":{"allow":["GET"]}}],"collection":[{"href":"https:\/\/masquenoticias.mx\/index.php\/wp-json\/wp\/v2\/posts"}],"about":[{"href":"https:\/\/masquenoticias.mx\/index.php\/wp-json\/wp\/v2\/types\/post"}],"author":[{"embeddable":true,"href":"https:\/\/masquenoticias.mx\/index.php\/wp-json\/wp\/v2\/users\/1"}],"replies":[{"embeddable":true,"href":"https:\/\/masquenoticias.mx\/index.php\/wp-json\/wp\/v2\/comments?post=1425"}],"version-history":[{"count":0,"href":"https:\/\/masquenoticias.mx\/index.php\/wp-json\/wp\/v2\/posts\/1425\/revisions"}],"wp:featuredmedia":[{"embeddable":true,"href":"https:\/\/masquenoticias.mx\/index.php\/wp-json\/wp\/v2\/media\/1426"}],"wp:attachment":[{"href":"https:\/\/masquenoticias.mx\/index.php\/wp-json\/wp\/v2\/media?parent=1425"}],"wp:term":[{"taxonomy":"category","embeddable":true,"href":"https:\/\/masquenoticias.mx\/index.php\/wp-json\/wp\/v2\/categories?post=1425"},{"taxonomy":"post_tag","embeddable":true,"href":"https:\/\/masquenoticias.mx\/index.php\/wp-json\/wp\/v2\/tags?post=1425"}],"curies":[{"name":"wp","href":"https:\/\/api.w.org\/{rel}","templated":true}]}}