{"id":14205,"date":"2025-02-19T21:05:44","date_gmt":"2025-02-20T03:05:44","guid":{"rendered":"https:\/\/masquenoticias.mx\/?p=14205"},"modified":"2025-02-19T21:05:44","modified_gmt":"2025-02-20T03:05:44","slug":"indira-el-ejercito-siempre-esta-cuando-el-pueblo-de-colima-y-de-mexico-lo-requiere","status":"publish","type":"post","link":"https:\/\/masquenoticias.mx\/index.php\/2025\/02\/19\/indira-el-ejercito-siempre-esta-cuando-el-pueblo-de-colima-y-de-mexico-lo-requiere\/","title":{"rendered":"Indira: el Ej\u00e9rcito siempre est\u00e1 cuando el pueblo de Colima y de M\u00e9xico lo requiere"},"content":{"rendered":"\n<p>Al encabezar junto con el General Juan Bravo Vel\u00e1zquez, comandante de la 20\u00aa Zona Militar, el desayuno por el D\u00eda del Ej\u00e9rcito Mexicano, la gobernadora Indira Vizca\u00edno Silva manifest\u00f3 que en el estado de Colima conocemos bien la aportaci\u00f3n que esta instituci\u00f3n hace a nuestra sociedad, pues \u201cen los momentos m\u00e1s complejos el Ej\u00e9rcito ha estado para las y los colimenses, no s\u00f3lo en coyunturas recientes relacionadas con la seguridad, que tambi\u00e9n reconocemos y agradecemos, sino en todo tipo de situaciones complejas, el pueblo de Colima siempre ha podido contar con el Ej\u00e9rcito\u201d.<\/p>\n\n\n\n<p>Record\u00f3 que siempre han estado prestos para auxiliar a la poblaci\u00f3n: tras los sismos de 1995, 2003 y 2022; despu\u00e9s del cicl\u00f3n de 1959, o de los huracanes Jova (2011), Manuel (2013) o Lidia (2023), por citar algunos; si se busca en internet esos huracanes y Colima, hay infinidad de im\u00e1genes de integrantes del Ej\u00e9rcito auxiliando a la poblaci\u00f3n; \u201cen los rincones m\u00e1s aislados del estado, ah\u00ed han acudido al llamado de las y los colimenses m\u00e1s necesitados\u201d, dijo la titular del Poder Ejecutivo.<\/p>\n\n\n\n<p>La mandataria colimense reflexion\u00f3 que la Constituci\u00f3n es un acuerdo entre las y los mexicanos, nuestra declaraci\u00f3n de principios, nuestra misi\u00f3n y visi\u00f3n (\u2026); la Constituci\u00f3n nos funda y nos une, y el Ej\u00e9rcito es una instituci\u00f3n creada para salvaguardarla, \u201cluego entonces el Ej\u00e9rcito es una instituci\u00f3n que trabaja por mantener la unidad nacional, para preservar nuestros valores y nuestros objetivos comunes y garantizar nuestros derechos. Y no hay mayor anhelo que la paz y el bienestar de nuestro pueblo y en ambos objetivos tenemos mucho que agradecerle al Ej\u00e9rcito Mexicano\u201d.<\/p>\n\n\n\n<p>Indira Vizca\u00edno reiter\u00f3 el reconocimiento porque el Ej\u00e9rcito siempre est\u00e1 cuando el pueblo de Colima y el pueblo de M\u00e9xico lo requiere, por lo que aprovech\u00f3 la fecha para decirles infinitas gracias por todo el apoyo brindado en el pasado y por su respaldo contundente y definitivo en el presente.<\/p>\n\n\n\n<p><em>AGRADECIMIENTO AL EJ\u00c9RCITO Y SEDENA<\/em><\/p>\n\n\n\n<p>\u201cGeneral (Juan Bravo Vel\u00e1zquez), sabe bien lo agradecida que estoy con el Ej\u00e9rcito Mexicano y con toda la Secretar\u00eda de la Defensa Nacional \u2013Sedena-, por lo que aprovecho la fecha para reiterar ese agradecimiento. Ustedes saben que pueden contar con este Gobierno del Estado en t\u00e9rminos institucionales y tambi\u00e9n con el pueblo de Colima. Muchas gracias y muchas felicidades por su d\u00eda\u201d.<\/p>\n\n\n\n<p>Previamente, el comandante de la 20\u00aa Zona Militar, en su mensaje del 112 aniversario de la creaci\u00f3n del Ej\u00e9rcito Mexicano, expres\u00f3 que este acontecimiento permite reflexionar en nuestra historia y or\u00edgenes, nuestros valores y el compromiso permanente que les caracteriza y con base en ello proyectar la visi\u00f3n de crecimiento y desarrollo institucional, siempre en beneficio de la seguridad de la poblaci\u00f3n mexicana.<\/p>\n\n\n\n<p>Tras hacer una semblanza, el General Bravo Vel\u00e1zquez record\u00f3 que, desde sus primeras encomiendas, el Ej\u00e9rcito ha evolucionado de manera permanente (\u2026); \u201cdesde su origen, el Ej\u00e9rcito Mexicano ha puesto de manifiesto su lealtad inquebrantable, caracteriz\u00e1ndose por ser una instituci\u00f3n en donde la mayor\u00eda de los integrantes provienen de las mismas clases sociales que protegen, as\u00ed como por su respeto permanente a los valores democr\u00e1ticos y ordenamientos constitucionales que gu\u00edan y delimitan su actuaci\u00f3n\u201d.<\/p>\n\n\n\n<p>\u201cNuestra organizaci\u00f3n, capacitaci\u00f3n y modernizaci\u00f3n siempre han sido para responder de una mejor manera a los antagonismos que se nos presenten, para el cumplimiento de las cinco misiones que por ley tenemos encomendadas, velando siempre por el bienestar de nuestra gente\u201d, expuso el alto mando, quien puso como ejemplo el trabajo coordinado con las autoridades federales, estatales y municipales, en actividades de seguridad interior y seguridad p\u00fablica.<\/p>\n\n\n\n<p>Destac\u00f3 que, desde hace 60 a\u00f1os, el Ej\u00e9rcito Mexicano auxilia a la poblaci\u00f3n ante desastres naturales o antropog\u00e9nicos, a trav\u00e9s del Plan DN-III-E, tanto en el interior como fuera de nuestro pa\u00eds, lo que les enorgullece, al ser referente a nivel internacional, al haber proporcionado ayuda humanitaria en 96 ocasiones en treinta naciones amigas, la m\u00e1s reciente apoyando al combate contra los incendios forestales en Los \u00c1ngeles California, en Estados Unidos.<\/p>\n\n\n\n<p>Al acto tambi\u00e9n asistieron la diputada Irma Mirella Mart\u00ednez Silva y el magistrado Juan Carlos Montes y Montes, titulares de los Poderes Legislativo y Judicial, respectivamente; el secretario general de Gobierno, Alberto Eloy Garc\u00eda Alcaraz; el Vicealmirante Jorge V\u00edctor V\u00e1zquez, comandante de la Sexta Regi\u00f3n Naval en Manzanillo, el General Juan Carlos Guzm\u00e1n, coordinador estatal de la Guardia Nacional; integrantes de la Mesa Estatal para la Construcci\u00f3n de la Paz y Seguridad en Colima, presidentas y presidentes municipales.<\/p>\n","protected":false},"excerpt":{"rendered":"<p>Al encabezar junto con el General Juan Bravo Vel\u00e1zquez, comandante de la 20\u00aa Zona Militar, el desayuno por el D\u00eda del Ej\u00e9rcito Mexicano, la gobernadora Indira Vizca\u00edno Silva manifest\u00f3 que en el estado de Colima conocemos bien la aportaci\u00f3n que esta instituci\u00f3n hace a nuestra sociedad, pues \u201cen los momentos m\u00e1s complejos el Ej\u00e9rcito ha [&hellip;]<\/p>\n","protected":false},"author":1,"featured_media":14204,"comment_status":"closed","ping_status":"open","sticky":false,"template":"","format":"standard","meta":{"_jetpack_memberships_contains_paid_content":false,"footnotes":""},"categories":[24],"tags":[26],"class_list":["post-14205","post","type-post","status-publish","format-standard","has-post-thumbnail","hentry","category-estado","tag-indira-vizcaino"],"yoast_head":"<!-- This site is optimized with the Yoast SEO plugin v26.6 - https:\/\/yoast.com\/wordpress\/plugins\/seo\/ -->\n<title>Indira: el Ej\u00e9rcito siempre est\u00e1 cuando el pueblo de Colima y de M\u00e9xico lo requiere - M\u00e1s Que Noticias<\/title>\n<meta name=\"robots\" content=\"index, follow, max-snippet:-1, max-image-preview:large, max-video-preview:-1\" \/>\n<link rel=\"canonical\" href=\"https:\/\/masquenoticias.mx\/index.php\/2025\/02\/19\/indira-el-ejercito-siempre-esta-cuando-el-pueblo-de-colima-y-de-mexico-lo-requiere\/\" \/>\n<meta property=\"og:locale\" content=\"es_MX\" \/>\n<meta property=\"og:type\" content=\"article\" \/>\n<meta property=\"og:title\" content=\"Indira: el Ej\u00e9rcito siempre est\u00e1 cuando el pueblo de Colima y de M\u00e9xico lo requiere - M\u00e1s Que Noticias\" \/>\n<meta property=\"og:description\" content=\"Al encabezar junto con el General Juan Bravo Vel\u00e1zquez, comandante de la 20\u00aa Zona Militar, el desayuno por el D\u00eda del Ej\u00e9rcito Mexicano, la gobernadora Indira Vizca\u00edno Silva manifest\u00f3 que en el estado de Colima conocemos bien la aportaci\u00f3n que esta instituci\u00f3n hace a nuestra sociedad, pues \u201cen los momentos m\u00e1s complejos el Ej\u00e9rcito ha [&hellip;]\" \/>\n<meta property=\"og:url\" content=\"https:\/\/masquenoticias.mx\/index.php\/2025\/02\/19\/indira-el-ejercito-siempre-esta-cuando-el-pueblo-de-colima-y-de-mexico-lo-requiere\/\" \/>\n<meta property=\"og:site_name\" content=\"M\u00e1s Que Noticias\" \/>\n<meta property=\"article:publisher\" content=\"https:\/\/www.facebook.com\/masquenoticiascolima\" \/>\n<meta property=\"article:published_time\" content=\"2025-02-20T03:05:44+00:00\" \/>\n<meta property=\"og:image\" content=\"https:\/\/i0.wp.com\/masquenoticias.mx\/wp-content\/uploads\/2025\/02\/c9931a3c-8fee-41a7-bd8d-e02a2021edf7-1.jpg?fit=1280%2C853&ssl=1\" \/>\n\t<meta property=\"og:image:width\" content=\"1280\" \/>\n\t<meta property=\"og:image:height\" content=\"853\" \/>\n\t<meta property=\"og:image:type\" content=\"image\/jpeg\" \/>\n<meta name=\"author\" content=\"Redacci\u00f3n\" \/>\n<meta name=\"twitter:card\" content=\"summary_large_image\" \/>\n<meta name=\"twitter:creator\" content=\"@edgartove\" \/>\n<meta name=\"twitter:site\" content=\"@edgartove\" \/>\n<meta name=\"twitter:label1\" content=\"Escrito por\" \/>\n\t<meta name=\"twitter:data1\" content=\"Redacci\u00f3n\" \/>\n\t<meta name=\"twitter:label2\" content=\"Tiempo de lectura\" \/>\n\t<meta name=\"twitter:data2\" content=\"4 minutos\" \/>\n<script type=\"application\/ld+json\" class=\"yoast-schema-graph\">{\"@context\":\"https:\/\/schema.org\",\"@graph\":[{\"@type\":\"Article\",\"@id\":\"https:\/\/masquenoticias.mx\/index.php\/2025\/02\/19\/indira-el-ejercito-siempre-esta-cuando-el-pueblo-de-colima-y-de-mexico-lo-requiere\/#article\",\"isPartOf\":{\"@id\":\"https:\/\/masquenoticias.mx\/index.php\/2025\/02\/19\/indira-el-ejercito-siempre-esta-cuando-el-pueblo-de-colima-y-de-mexico-lo-requiere\/\"},\"author\":{\"name\":\"Redacci\u00f3n\",\"@id\":\"https:\/\/masquenoticias.mx\/#\/schema\/person\/544d19989ef23d34615f691f7a96e622\"},\"headline\":\"Indira: el Ej\u00e9rcito siempre est\u00e1 cuando el pueblo de Colima y de M\u00e9xico lo requiere\",\"datePublished\":\"2025-02-20T03:05:44+00:00\",\"mainEntityOfPage\":{\"@id\":\"https:\/\/masquenoticias.mx\/index.php\/2025\/02\/19\/indira-el-ejercito-siempre-esta-cuando-el-pueblo-de-colima-y-de-mexico-lo-requiere\/\"},\"wordCount\":813,\"publisher\":{\"@id\":\"https:\/\/masquenoticias.mx\/#organization\"},\"image\":{\"@id\":\"https:\/\/masquenoticias.mx\/index.php\/2025\/02\/19\/indira-el-ejercito-siempre-esta-cuando-el-pueblo-de-colima-y-de-mexico-lo-requiere\/#primaryimage\"},\"thumbnailUrl\":\"https:\/\/i0.wp.com\/masquenoticias.mx\/wp-content\/uploads\/2025\/02\/c9931a3c-8fee-41a7-bd8d-e02a2021edf7-1.jpg?fit=1280%2C853&ssl=1\",\"keywords\":[\"Indira Vizca\u00edno\"],\"articleSection\":[\"Estado\"],\"inLanguage\":\"es\"},{\"@type\":\"WebPage\",\"@id\":\"https:\/\/masquenoticias.mx\/index.php\/2025\/02\/19\/indira-el-ejercito-siempre-esta-cuando-el-pueblo-de-colima-y-de-mexico-lo-requiere\/\",\"url\":\"https:\/\/masquenoticias.mx\/index.php\/2025\/02\/19\/indira-el-ejercito-siempre-esta-cuando-el-pueblo-de-colima-y-de-mexico-lo-requiere\/\",\"name\":\"Indira: el Ej\u00e9rcito siempre est\u00e1 cuando el pueblo de Colima y de M\u00e9xico lo requiere - M\u00e1s Que Noticias\",\"isPartOf\":{\"@id\":\"https:\/\/masquenoticias.mx\/#website\"},\"primaryImageOfPage\":{\"@id\":\"https:\/\/masquenoticias.mx\/index.php\/2025\/02\/19\/indira-el-ejercito-siempre-esta-cuando-el-pueblo-de-colima-y-de-mexico-lo-requiere\/#primaryimage\"},\"image\":{\"@id\":\"https:\/\/masquenoticias.mx\/index.php\/2025\/02\/19\/indira-el-ejercito-siempre-esta-cuando-el-pueblo-de-colima-y-de-mexico-lo-requiere\/#primaryimage\"},\"thumbnailUrl\":\"https:\/\/i0.wp.com\/masquenoticias.mx\/wp-content\/uploads\/2025\/02\/c9931a3c-8fee-41a7-bd8d-e02a2021edf7-1.jpg?fit=1280%2C853&ssl=1\",\"datePublished\":\"2025-02-20T03:05:44+00:00\",\"breadcrumb\":{\"@id\":\"https:\/\/masquenoticias.mx\/index.php\/2025\/02\/19\/indira-el-ejercito-siempre-esta-cuando-el-pueblo-de-colima-y-de-mexico-lo-requiere\/#breadcrumb\"},\"inLanguage\":\"es\",\"potentialAction\":[{\"@type\":\"ReadAction\",\"target\":[\"https:\/\/masquenoticias.mx\/index.php\/2025\/02\/19\/indira-el-ejercito-siempre-esta-cuando-el-pueblo-de-colima-y-de-mexico-lo-requiere\/\"]}]},{\"@type\":\"ImageObject\",\"inLanguage\":\"es\",\"@id\":\"https:\/\/masquenoticias.mx\/index.php\/2025\/02\/19\/indira-el-ejercito-siempre-esta-cuando-el-pueblo-de-colima-y-de-mexico-lo-requiere\/#primaryimage\",\"url\":\"https:\/\/i0.wp.com\/masquenoticias.mx\/wp-content\/uploads\/2025\/02\/c9931a3c-8fee-41a7-bd8d-e02a2021edf7-1.jpg?fit=1280%2C853&ssl=1\",\"contentUrl\":\"https:\/\/i0.wp.com\/masquenoticias.mx\/wp-content\/uploads\/2025\/02\/c9931a3c-8fee-41a7-bd8d-e02a2021edf7-1.jpg?fit=1280%2C853&ssl=1\",\"width\":1280,\"height\":853},{\"@type\":\"BreadcrumbList\",\"@id\":\"https:\/\/masquenoticias.mx\/index.php\/2025\/02\/19\/indira-el-ejercito-siempre-esta-cuando-el-pueblo-de-colima-y-de-mexico-lo-requiere\/#breadcrumb\",\"itemListElement\":[{\"@type\":\"ListItem\",\"position\":1,\"name\":\"Inicio\",\"item\":\"https:\/\/masquenoticias.mx\/\"},{\"@type\":\"ListItem\",\"position\":2,\"name\":\"Indira: el Ej\u00e9rcito siempre est\u00e1 cuando el pueblo de Colima y de M\u00e9xico lo requiere\"}]},{\"@type\":\"WebSite\",\"@id\":\"https:\/\/masquenoticias.mx\/#website\",\"url\":\"https:\/\/masquenoticias.mx\/\",\"name\":\"M\u00e1s Que Noticias\",\"description\":\"Noticias de Colima, M\u00e9xico y el Mundo\",\"publisher\":{\"@id\":\"https:\/\/masquenoticias.mx\/#organization\"},\"potentialAction\":[{\"@type\":\"SearchAction\",\"target\":{\"@type\":\"EntryPoint\",\"urlTemplate\":\"https:\/\/masquenoticias.mx\/?s={search_term_string}\"},\"query-input\":{\"@type\":\"PropertyValueSpecification\",\"valueRequired\":true,\"valueName\":\"search_term_string\"}}],\"inLanguage\":\"es\"},{\"@type\":\"Organization\",\"@id\":\"https:\/\/masquenoticias.mx\/#organization\",\"name\":\"M\u00e1s Que Noticias\",\"url\":\"https:\/\/masquenoticias.mx\/\",\"logo\":{\"@type\":\"ImageObject\",\"inLanguage\":\"es\",\"@id\":\"https:\/\/masquenoticias.mx\/#\/schema\/logo\/image\/\",\"url\":\"https:\/\/i0.wp.com\/masquenoticias.mx\/wp-content\/uploads\/2024\/04\/IMG_0004.png?fit=2560%2C1656&ssl=1\",\"contentUrl\":\"https:\/\/i0.wp.com\/masquenoticias.mx\/wp-content\/uploads\/2024\/04\/IMG_0004.png?fit=2560%2C1656&ssl=1\",\"width\":2560,\"height\":1656,\"caption\":\"M\u00e1s Que Noticias\"},\"image\":{\"@id\":\"https:\/\/masquenoticias.mx\/#\/schema\/logo\/image\/\"},\"sameAs\":[\"https:\/\/www.facebook.com\/masquenoticiascolima\",\"https:\/\/x.com\/edgartove\",\"https:\/\/www.instagram.com\/masquenoticiascolima\/\"]},{\"@type\":\"Person\",\"@id\":\"https:\/\/masquenoticias.mx\/#\/schema\/person\/544d19989ef23d34615f691f7a96e622\",\"name\":\"Redacci\u00f3n\",\"image\":{\"@type\":\"ImageObject\",\"inLanguage\":\"es\",\"@id\":\"https:\/\/masquenoticias.mx\/#\/schema\/person\/image\/\",\"url\":\"https:\/\/secure.gravatar.com\/avatar\/7fcc926d5b058d3f3d52d95b4d05dd58?s=96&d=mm&r=g\",\"contentUrl\":\"https:\/\/secure.gravatar.com\/avatar\/7fcc926d5b058d3f3d52d95b4d05dd58?s=96&d=mm&r=g\",\"caption\":\"Redacci\u00f3n\"},\"sameAs\":[\"http:\/\/masquenoticias.mx\"],\"url\":\"https:\/\/masquenoticias.mx\/index.php\/author\/edgartovegmail-com\/\"}]}<\/script>\n<!-- \/ Yoast SEO plugin. -->","yoast_head_json":{"title":"Indira: el Ej\u00e9rcito siempre est\u00e1 cuando el pueblo de Colima y de M\u00e9xico lo requiere - M\u00e1s Que Noticias","robots":{"index":"index","follow":"follow","max-snippet":"max-snippet:-1","max-image-preview":"max-image-preview:large","max-video-preview":"max-video-preview:-1"},"canonical":"https:\/\/masquenoticias.mx\/index.php\/2025\/02\/19\/indira-el-ejercito-siempre-esta-cuando-el-pueblo-de-colima-y-de-mexico-lo-requiere\/","og_locale":"es_MX","og_type":"article","og_title":"Indira: el Ej\u00e9rcito siempre est\u00e1 cuando el pueblo de Colima y de M\u00e9xico lo requiere - M\u00e1s Que Noticias","og_description":"Al encabezar junto con el General Juan Bravo Vel\u00e1zquez, comandante de la 20\u00aa Zona Militar, el desayuno por el D\u00eda del Ej\u00e9rcito Mexicano, la gobernadora Indira Vizca\u00edno Silva manifest\u00f3 que en el estado de Colima conocemos bien la aportaci\u00f3n que esta instituci\u00f3n hace a nuestra sociedad, pues \u201cen los momentos m\u00e1s complejos el Ej\u00e9rcito ha [&hellip;]","og_url":"https:\/\/masquenoticias.mx\/index.php\/2025\/02\/19\/indira-el-ejercito-siempre-esta-cuando-el-pueblo-de-colima-y-de-mexico-lo-requiere\/","og_site_name":"M\u00e1s Que Noticias","article_publisher":"https:\/\/www.facebook.com\/masquenoticiascolima","article_published_time":"2025-02-20T03:05:44+00:00","og_image":[{"width":1280,"height":853,"url":"https:\/\/i0.wp.com\/masquenoticias.mx\/wp-content\/uploads\/2025\/02\/c9931a3c-8fee-41a7-bd8d-e02a2021edf7-1.jpg?fit=1280%2C853&ssl=1","type":"image\/jpeg"}],"author":"Redacci\u00f3n","twitter_card":"summary_large_image","twitter_creator":"@edgartove","twitter_site":"@edgartove","twitter_misc":{"Escrito por":"Redacci\u00f3n","Tiempo de lectura":"4 minutos"},"schema":{"@context":"https:\/\/schema.org","@graph":[{"@type":"Article","@id":"https:\/\/masquenoticias.mx\/index.php\/2025\/02\/19\/indira-el-ejercito-siempre-esta-cuando-el-pueblo-de-colima-y-de-mexico-lo-requiere\/#article","isPartOf":{"@id":"https:\/\/masquenoticias.mx\/index.php\/2025\/02\/19\/indira-el-ejercito-siempre-esta-cuando-el-pueblo-de-colima-y-de-mexico-lo-requiere\/"},"author":{"name":"Redacci\u00f3n","@id":"https:\/\/masquenoticias.mx\/#\/schema\/person\/544d19989ef23d34615f691f7a96e622"},"headline":"Indira: el Ej\u00e9rcito siempre est\u00e1 cuando el pueblo de Colima y de M\u00e9xico lo requiere","datePublished":"2025-02-20T03:05:44+00:00","mainEntityOfPage":{"@id":"https:\/\/masquenoticias.mx\/index.php\/2025\/02\/19\/indira-el-ejercito-siempre-esta-cuando-el-pueblo-de-colima-y-de-mexico-lo-requiere\/"},"wordCount":813,"publisher":{"@id":"https:\/\/masquenoticias.mx\/#organization"},"image":{"@id":"https:\/\/masquenoticias.mx\/index.php\/2025\/02\/19\/indira-el-ejercito-siempre-esta-cuando-el-pueblo-de-colima-y-de-mexico-lo-requiere\/#primaryimage"},"thumbnailUrl":"https:\/\/i0.wp.com\/masquenoticias.mx\/wp-content\/uploads\/2025\/02\/c9931a3c-8fee-41a7-bd8d-e02a2021edf7-1.jpg?fit=1280%2C853&ssl=1","keywords":["Indira Vizca\u00edno"],"articleSection":["Estado"],"inLanguage":"es"},{"@type":"WebPage","@id":"https:\/\/masquenoticias.mx\/index.php\/2025\/02\/19\/indira-el-ejercito-siempre-esta-cuando-el-pueblo-de-colima-y-de-mexico-lo-requiere\/","url":"https:\/\/masquenoticias.mx\/index.php\/2025\/02\/19\/indira-el-ejercito-siempre-esta-cuando-el-pueblo-de-colima-y-de-mexico-lo-requiere\/","name":"Indira: el Ej\u00e9rcito siempre est\u00e1 cuando el pueblo de Colima y de M\u00e9xico lo requiere - M\u00e1s Que Noticias","isPartOf":{"@id":"https:\/\/masquenoticias.mx\/#website"},"primaryImageOfPage":{"@id":"https:\/\/masquenoticias.mx\/index.php\/2025\/02\/19\/indira-el-ejercito-siempre-esta-cuando-el-pueblo-de-colima-y-de-mexico-lo-requiere\/#primaryimage"},"image":{"@id":"https:\/\/masquenoticias.mx\/index.php\/2025\/02\/19\/indira-el-ejercito-siempre-esta-cuando-el-pueblo-de-colima-y-de-mexico-lo-requiere\/#primaryimage"},"thumbnailUrl":"https:\/\/i0.wp.com\/masquenoticias.mx\/wp-content\/uploads\/2025\/02\/c9931a3c-8fee-41a7-bd8d-e02a2021edf7-1.jpg?fit=1280%2C853&ssl=1","datePublished":"2025-02-20T03:05:44+00:00","breadcrumb":{"@id":"https:\/\/masquenoticias.mx\/index.php\/2025\/02\/19\/indira-el-ejercito-siempre-esta-cuando-el-pueblo-de-colima-y-de-mexico-lo-requiere\/#breadcrumb"},"inLanguage":"es","potentialAction":[{"@type":"ReadAction","target":["https:\/\/masquenoticias.mx\/index.php\/2025\/02\/19\/indira-el-ejercito-siempre-esta-cuando-el-pueblo-de-colima-y-de-mexico-lo-requiere\/"]}]},{"@type":"ImageObject","inLanguage":"es","@id":"https:\/\/masquenoticias.mx\/index.php\/2025\/02\/19\/indira-el-ejercito-siempre-esta-cuando-el-pueblo-de-colima-y-de-mexico-lo-requiere\/#primaryimage","url":"https:\/\/i0.wp.com\/masquenoticias.mx\/wp-content\/uploads\/2025\/02\/c9931a3c-8fee-41a7-bd8d-e02a2021edf7-1.jpg?fit=1280%2C853&ssl=1","contentUrl":"https:\/\/i0.wp.com\/masquenoticias.mx\/wp-content\/uploads\/2025\/02\/c9931a3c-8fee-41a7-bd8d-e02a2021edf7-1.jpg?fit=1280%2C853&ssl=1","width":1280,"height":853},{"@type":"BreadcrumbList","@id":"https:\/\/masquenoticias.mx\/index.php\/2025\/02\/19\/indira-el-ejercito-siempre-esta-cuando-el-pueblo-de-colima-y-de-mexico-lo-requiere\/#breadcrumb","itemListElement":[{"@type":"ListItem","position":1,"name":"Inicio","item":"https:\/\/masquenoticias.mx\/"},{"@type":"ListItem","position":2,"name":"Indira: el Ej\u00e9rcito siempre est\u00e1 cuando el pueblo de Colima y de M\u00e9xico lo requiere"}]},{"@type":"WebSite","@id":"https:\/\/masquenoticias.mx\/#website","url":"https:\/\/masquenoticias.mx\/","name":"M\u00e1s Que Noticias","description":"Noticias de Colima, M\u00e9xico y el Mundo","publisher":{"@id":"https:\/\/masquenoticias.mx\/#organization"},"potentialAction":[{"@type":"SearchAction","target":{"@type":"EntryPoint","urlTemplate":"https:\/\/masquenoticias.mx\/?s={search_term_string}"},"query-input":{"@type":"PropertyValueSpecification","valueRequired":true,"valueName":"search_term_string"}}],"inLanguage":"es"},{"@type":"Organization","@id":"https:\/\/masquenoticias.mx\/#organization","name":"M\u00e1s Que Noticias","url":"https:\/\/masquenoticias.mx\/","logo":{"@type":"ImageObject","inLanguage":"es","@id":"https:\/\/masquenoticias.mx\/#\/schema\/logo\/image\/","url":"https:\/\/i0.wp.com\/masquenoticias.mx\/wp-content\/uploads\/2024\/04\/IMG_0004.png?fit=2560%2C1656&ssl=1","contentUrl":"https:\/\/i0.wp.com\/masquenoticias.mx\/wp-content\/uploads\/2024\/04\/IMG_0004.png?fit=2560%2C1656&ssl=1","width":2560,"height":1656,"caption":"M\u00e1s Que Noticias"},"image":{"@id":"https:\/\/masquenoticias.mx\/#\/schema\/logo\/image\/"},"sameAs":["https:\/\/www.facebook.com\/masquenoticiascolima","https:\/\/x.com\/edgartove","https:\/\/www.instagram.com\/masquenoticiascolima\/"]},{"@type":"Person","@id":"https:\/\/masquenoticias.mx\/#\/schema\/person\/544d19989ef23d34615f691f7a96e622","name":"Redacci\u00f3n","image":{"@type":"ImageObject","inLanguage":"es","@id":"https:\/\/masquenoticias.mx\/#\/schema\/person\/image\/","url":"https:\/\/secure.gravatar.com\/avatar\/7fcc926d5b058d3f3d52d95b4d05dd58?s=96&d=mm&r=g","contentUrl":"https:\/\/secure.gravatar.com\/avatar\/7fcc926d5b058d3f3d52d95b4d05dd58?s=96&d=mm&r=g","caption":"Redacci\u00f3n"},"sameAs":["http:\/\/masquenoticias.mx"],"url":"https:\/\/masquenoticias.mx\/index.php\/author\/edgartovegmail-com\/"}]}},"jetpack_featured_media_url":"https:\/\/i0.wp.com\/masquenoticias.mx\/wp-content\/uploads\/2025\/02\/c9931a3c-8fee-41a7-bd8d-e02a2021edf7-1.jpg?fit=1280%2C853&ssl=1","blog_post_layout_featured_media_urls":{"thumbnail":["https:\/\/i0.wp.com\/masquenoticias.mx\/wp-content\/uploads\/2025\/02\/c9931a3c-8fee-41a7-bd8d-e02a2021edf7-1.jpg?resize=150%2C150&ssl=1",150,150,true],"full":["https:\/\/i0.wp.com\/masquenoticias.mx\/wp-content\/uploads\/2025\/02\/c9931a3c-8fee-41a7-bd8d-e02a2021edf7-1.jpg?fit=1280%2C853&ssl=1",1280,853,false]},"categories_names":{"24":{"name":"Estado","link":"https:\/\/masquenoticias.mx\/index.php\/category\/estado\/"}},"tags_names":{"26":{"name":"Indira Vizca\u00edno","link":"https:\/\/masquenoticias.mx\/index.php\/tag\/indira-vizcaino\/"}},"comments_number":"0","wpmagazine_modules_lite_featured_media_urls":{"thumbnail":["https:\/\/i0.wp.com\/masquenoticias.mx\/wp-content\/uploads\/2025\/02\/c9931a3c-8fee-41a7-bd8d-e02a2021edf7-1.jpg?resize=150%2C150&ssl=1",150,150,true],"cvmm-medium":["https:\/\/i0.wp.com\/masquenoticias.mx\/wp-content\/uploads\/2025\/02\/c9931a3c-8fee-41a7-bd8d-e02a2021edf7-1.jpg?resize=300%2C300&ssl=1",300,300,true],"cvmm-medium-plus":["https:\/\/i0.wp.com\/masquenoticias.mx\/wp-content\/uploads\/2025\/02\/c9931a3c-8fee-41a7-bd8d-e02a2021edf7-1.jpg?resize=305%2C207&ssl=1",305,207,true],"cvmm-portrait":["https:\/\/i0.wp.com\/masquenoticias.mx\/wp-content\/uploads\/2025\/02\/c9931a3c-8fee-41a7-bd8d-e02a2021edf7-1.jpg?resize=400%2C600&ssl=1",400,600,true],"cvmm-medium-square":["https:\/\/i0.wp.com\/masquenoticias.mx\/wp-content\/uploads\/2025\/02\/c9931a3c-8fee-41a7-bd8d-e02a2021edf7-1.jpg?resize=600%2C600&ssl=1",600,600,true],"cvmm-large":["https:\/\/i0.wp.com\/masquenoticias.mx\/wp-content\/uploads\/2025\/02\/c9931a3c-8fee-41a7-bd8d-e02a2021edf7-1.jpg?resize=1024%2C853&ssl=1",1024,853,true],"cvmm-small":["https:\/\/i0.wp.com\/masquenoticias.mx\/wp-content\/uploads\/2025\/02\/c9931a3c-8fee-41a7-bd8d-e02a2021edf7-1.jpg?resize=130%2C95&ssl=1",130,95,true],"full":["https:\/\/i0.wp.com\/masquenoticias.mx\/wp-content\/uploads\/2025\/02\/c9931a3c-8fee-41a7-bd8d-e02a2021edf7-1.jpg?fit=1280%2C853&ssl=1",1280,853,false]},"jetpack-related-posts":[],"jetpack_sharing_enabled":true,"jetpack_likes_enabled":true,"jetpack_shortlink":"https:\/\/wp.me\/pf7pkt-3H7","_links":{"self":[{"href":"https:\/\/masquenoticias.mx\/index.php\/wp-json\/wp\/v2\/posts\/14205","targetHints":{"allow":["GET"]}}],"collection":[{"href":"https:\/\/masquenoticias.mx\/index.php\/wp-json\/wp\/v2\/posts"}],"about":[{"href":"https:\/\/masquenoticias.mx\/index.php\/wp-json\/wp\/v2\/types\/post"}],"author":[{"embeddable":true,"href":"https:\/\/masquenoticias.mx\/index.php\/wp-json\/wp\/v2\/users\/1"}],"replies":[{"embeddable":true,"href":"https:\/\/masquenoticias.mx\/index.php\/wp-json\/wp\/v2\/comments?post=14205"}],"version-history":[{"count":1,"href":"https:\/\/masquenoticias.mx\/index.php\/wp-json\/wp\/v2\/posts\/14205\/revisions"}],"predecessor-version":[{"id":14206,"href":"https:\/\/masquenoticias.mx\/index.php\/wp-json\/wp\/v2\/posts\/14205\/revisions\/14206"}],"wp:featuredmedia":[{"embeddable":true,"href":"https:\/\/masquenoticias.mx\/index.php\/wp-json\/wp\/v2\/media\/14204"}],"wp:attachment":[{"href":"https:\/\/masquenoticias.mx\/index.php\/wp-json\/wp\/v2\/media?parent=14205"}],"wp:term":[{"taxonomy":"category","embeddable":true,"href":"https:\/\/masquenoticias.mx\/index.php\/wp-json\/wp\/v2\/categories?post=14205"},{"taxonomy":"post_tag","embeddable":true,"href":"https:\/\/masquenoticias.mx\/index.php\/wp-json\/wp\/v2\/tags?post=14205"}],"curies":[{"name":"wp","href":"https:\/\/api.w.org\/{rel}","templated":true}]}}