{"id":13950,"date":"2025-02-12T13:25:10","date_gmt":"2025-02-12T19:25:10","guid":{"rendered":"https:\/\/masquenoticias.mx\/?p=13950"},"modified":"2025-02-12T13:25:10","modified_gmt":"2025-02-12T19:25:10","slug":"indira-desazolve-en-rios-y-arroyos-de-colima-es-trabajo-conjunto-con-gobierno-de-mexico-para-prevenir-desastres","status":"publish","type":"post","link":"https:\/\/masquenoticias.mx\/index.php\/2025\/02\/12\/indira-desazolve-en-rios-y-arroyos-de-colima-es-trabajo-conjunto-con-gobierno-de-mexico-para-prevenir-desastres\/","title":{"rendered":"Indira: desazolve en r\u00edos y arroyos de Colima es trabajo conjunto con Gobierno de M\u00e9xico para prevenir desastres"},"content":{"rendered":"\n<p><\/p>\n\n\n\n<p>Este martes, la gobernadora Indira Vizca\u00edno Silva supervis\u00f3 el avance en los trabajos de desazolve en doce puntos de intervenci\u00f3n en r\u00edos y arroyos del estado de Colima, labores que comenzaron en enero y se prev\u00e9 que concluyan en mayo del presente a\u00f1o, antes de la temporada de lluvias 2025.<\/p>\n\n\n\n<p>&#8220;Es un trabajo de prevenci\u00f3n lo que se haga el d\u00eda de hoy (\u2026) el trabajo responsable del Gobierno del Estado y de la presidenta de M\u00e9xico, Claudia Sheinbaum Pardo, tiene que ver no s\u00f3lo con lo que se pueda ver f\u00edsicamente, sino lo que implica de manera responsable prevenir un desastre posterior a un fen\u00f3meno natural y los trabajos que se comenzaron en enero tienen como objetivo estar concluidos en mayo, antes de que comiencen las lluvias&#8221;.<\/p>\n\n\n\n<p>La mandataria colimense agreg\u00f3 que estas acciones forman parte de lo que se le plante\u00f3 a la titular del Ejecutivo federal y que han sido atendidas de manera positiva, ya que coinciden con la visi\u00f3n de su gobierno sobre la prevenci\u00f3n y el trabajo t\u00e9cnico que se tiene que hacer para preservar los temas relacionados con el medio ambiente y con la integridad de las personas.<\/p>\n\n\n\n<p>Este desazolve es para prevenir desastres futuros a consecuencias de fen\u00f3menos naturales, dijo Indira al recordar que Colima est\u00e1 en una zona de riesgo y que el \u00faltimo fen\u00f3meno hidrometeorol\u00f3gico que golpe\u00f3 de manera importante a la entidad fue el hurac\u00e1n Lidia, ya que las lluvias se concentraron en la zona norte; &#8220;eso hizo que toda el agua que baj\u00f3 fuera rompiendo puentes y carreteras, por eso era tan importante retomar los desazolves, porque hace muchos a\u00f1os no se llevan de manera ordenada y contundente, como se est\u00e1n haciendo ahora&#8221;, dijo.<\/p>\n\n\n\n<p>Vizca\u00edno Silva explic\u00f3 que es un trabajo coordinado entre los tres \u00f3rdenes de gobierno; en el que la Secretar\u00eda de Marina pone la maquinaria y el personal que se requiere; el Gobierno del Estado los combustibles, el mantenimiento y las reparaciones necesarias, adem\u00e1s de gastos operativos y veh\u00edculos necesarios; y la Comisi\u00f3n Nacional del Agua (Conagua) brinda toda la asesor\u00eda t\u00e9cnica.<\/p>\n\n\n\n<p>Marisol Neri Le\u00f3n, secretaria de Infraestructura, Desarrollo Urbano y Movilidad (Seidum), inform\u00f3 que se realizar\u00e1 limpieza y retiro de azolve en r\u00edos, adem\u00e1s de reforzar sus bordos para mejorar el flujo del agua y reducir el riesgo de desbordamientos, previniendo inundaciones y protegiendo a la poblaci\u00f3n e infraestructura del estado.<\/p>\n\n\n\n<p>Los puntos a intervenir son: Arroyo Ramal (Zacualpan), R\u00edo Armer\u00eda Manantial Zacualpan, Arroyo Seco (carretera Villa de \u00c1lvarez-Minatitl\u00e1n), R\u00edo Armer\u00eda (El Chical), R\u00edo Armer\u00eda (La Campana), Arroyo Compuertas, Arroyo Punta de Agua, Arroyo Cerro del \u00c1guila, R\u00edo Marabasco (tramo La Palma), R\u00edo Marabasco (tramo El Rinc\u00f3n I) y Arroyo Seco (que conecta con Cihuatl\u00e1n, Jalisco).<\/p>\n","protected":false},"excerpt":{"rendered":"<p>Este martes, la gobernadora Indira Vizca\u00edno Silva supervis\u00f3 el avance en los trabajos de desazolve en doce puntos de intervenci\u00f3n en r\u00edos y arroyos del estado de Colima, labores que comenzaron en enero y se prev\u00e9 que concluyan en mayo del presente a\u00f1o, antes de la temporada de lluvias 2025. &#8220;Es un trabajo de prevenci\u00f3n [&hellip;]<\/p>\n","protected":false},"author":1,"featured_media":13949,"comment_status":"closed","ping_status":"open","sticky":false,"template":"","format":"standard","meta":{"_jetpack_memberships_contains_paid_content":false,"footnotes":""},"categories":[24],"tags":[26,175],"class_list":["post-13950","post","type-post","status-publish","format-standard","has-post-thumbnail","hentry","category-estado","tag-indira-vizcaino","tag-seidum"],"yoast_head":"<!-- This site is optimized with the Yoast SEO plugin v26.6 - https:\/\/yoast.com\/wordpress\/plugins\/seo\/ -->\n<title>Indira: desazolve en r\u00edos y arroyos de Colima es trabajo conjunto con Gobierno de M\u00e9xico para prevenir desastres - M\u00e1s Que Noticias<\/title>\n<meta name=\"robots\" content=\"index, follow, max-snippet:-1, max-image-preview:large, max-video-preview:-1\" \/>\n<link rel=\"canonical\" href=\"https:\/\/masquenoticias.mx\/index.php\/2025\/02\/12\/indira-desazolve-en-rios-y-arroyos-de-colima-es-trabajo-conjunto-con-gobierno-de-mexico-para-prevenir-desastres\/\" \/>\n<meta property=\"og:locale\" content=\"es_MX\" \/>\n<meta property=\"og:type\" content=\"article\" \/>\n<meta property=\"og:title\" content=\"Indira: desazolve en r\u00edos y arroyos de Colima es trabajo conjunto con Gobierno de M\u00e9xico para prevenir desastres - M\u00e1s Que Noticias\" \/>\n<meta property=\"og:description\" content=\"Este martes, la gobernadora Indira Vizca\u00edno Silva supervis\u00f3 el avance en los trabajos de desazolve en doce puntos de intervenci\u00f3n en r\u00edos y arroyos del estado de Colima, labores que comenzaron en enero y se prev\u00e9 que concluyan en mayo del presente a\u00f1o, antes de la temporada de lluvias 2025. &#8220;Es un trabajo de prevenci\u00f3n [&hellip;]\" \/>\n<meta property=\"og:url\" content=\"https:\/\/masquenoticias.mx\/index.php\/2025\/02\/12\/indira-desazolve-en-rios-y-arroyos-de-colima-es-trabajo-conjunto-con-gobierno-de-mexico-para-prevenir-desastres\/\" \/>\n<meta property=\"og:site_name\" content=\"M\u00e1s Que Noticias\" \/>\n<meta property=\"article:publisher\" content=\"https:\/\/www.facebook.com\/masquenoticiascolima\" \/>\n<meta property=\"article:published_time\" content=\"2025-02-12T19:25:10+00:00\" \/>\n<meta property=\"og:image\" content=\"https:\/\/i0.wp.com\/masquenoticias.mx\/wp-content\/uploads\/2025\/02\/fa97bad6-f919-4234-98c3-fb303252cd6c-1.jpg?fit=1280%2C853&ssl=1\" \/>\n\t<meta property=\"og:image:width\" content=\"1280\" \/>\n\t<meta property=\"og:image:height\" content=\"853\" \/>\n\t<meta property=\"og:image:type\" content=\"image\/jpeg\" \/>\n<meta name=\"author\" content=\"Redacci\u00f3n\" \/>\n<meta name=\"twitter:card\" content=\"summary_large_image\" \/>\n<meta name=\"twitter:creator\" content=\"@edgartove\" \/>\n<meta name=\"twitter:site\" content=\"@edgartove\" \/>\n<meta name=\"twitter:label1\" content=\"Escrito por\" \/>\n\t<meta name=\"twitter:data1\" content=\"Redacci\u00f3n\" \/>\n\t<meta name=\"twitter:label2\" content=\"Tiempo de lectura\" \/>\n\t<meta name=\"twitter:data2\" content=\"2 minutos\" \/>\n<script type=\"application\/ld+json\" class=\"yoast-schema-graph\">{\"@context\":\"https:\/\/schema.org\",\"@graph\":[{\"@type\":\"Article\",\"@id\":\"https:\/\/masquenoticias.mx\/index.php\/2025\/02\/12\/indira-desazolve-en-rios-y-arroyos-de-colima-es-trabajo-conjunto-con-gobierno-de-mexico-para-prevenir-desastres\/#article\",\"isPartOf\":{\"@id\":\"https:\/\/masquenoticias.mx\/index.php\/2025\/02\/12\/indira-desazolve-en-rios-y-arroyos-de-colima-es-trabajo-conjunto-con-gobierno-de-mexico-para-prevenir-desastres\/\"},\"author\":{\"name\":\"Redacci\u00f3n\",\"@id\":\"https:\/\/masquenoticias.mx\/#\/schema\/person\/544d19989ef23d34615f691f7a96e622\"},\"headline\":\"Indira: desazolve en r\u00edos y arroyos de Colima es trabajo conjunto con Gobierno de M\u00e9xico para prevenir desastres\",\"datePublished\":\"2025-02-12T19:25:10+00:00\",\"mainEntityOfPage\":{\"@id\":\"https:\/\/masquenoticias.mx\/index.php\/2025\/02\/12\/indira-desazolve-en-rios-y-arroyos-de-colima-es-trabajo-conjunto-con-gobierno-de-mexico-para-prevenir-desastres\/\"},\"wordCount\":510,\"publisher\":{\"@id\":\"https:\/\/masquenoticias.mx\/#organization\"},\"image\":{\"@id\":\"https:\/\/masquenoticias.mx\/index.php\/2025\/02\/12\/indira-desazolve-en-rios-y-arroyos-de-colima-es-trabajo-conjunto-con-gobierno-de-mexico-para-prevenir-desastres\/#primaryimage\"},\"thumbnailUrl\":\"https:\/\/i0.wp.com\/masquenoticias.mx\/wp-content\/uploads\/2025\/02\/fa97bad6-f919-4234-98c3-fb303252cd6c-1.jpg?fit=1280%2C853&ssl=1\",\"keywords\":[\"Indira Vizca\u00edno\",\"Seidum\"],\"articleSection\":[\"Estado\"],\"inLanguage\":\"es\"},{\"@type\":\"WebPage\",\"@id\":\"https:\/\/masquenoticias.mx\/index.php\/2025\/02\/12\/indira-desazolve-en-rios-y-arroyos-de-colima-es-trabajo-conjunto-con-gobierno-de-mexico-para-prevenir-desastres\/\",\"url\":\"https:\/\/masquenoticias.mx\/index.php\/2025\/02\/12\/indira-desazolve-en-rios-y-arroyos-de-colima-es-trabajo-conjunto-con-gobierno-de-mexico-para-prevenir-desastres\/\",\"name\":\"Indira: desazolve en r\u00edos y arroyos de Colima es trabajo conjunto con Gobierno de M\u00e9xico para prevenir desastres - M\u00e1s Que Noticias\",\"isPartOf\":{\"@id\":\"https:\/\/masquenoticias.mx\/#website\"},\"primaryImageOfPage\":{\"@id\":\"https:\/\/masquenoticias.mx\/index.php\/2025\/02\/12\/indira-desazolve-en-rios-y-arroyos-de-colima-es-trabajo-conjunto-con-gobierno-de-mexico-para-prevenir-desastres\/#primaryimage\"},\"image\":{\"@id\":\"https:\/\/masquenoticias.mx\/index.php\/2025\/02\/12\/indira-desazolve-en-rios-y-arroyos-de-colima-es-trabajo-conjunto-con-gobierno-de-mexico-para-prevenir-desastres\/#primaryimage\"},\"thumbnailUrl\":\"https:\/\/i0.wp.com\/masquenoticias.mx\/wp-content\/uploads\/2025\/02\/fa97bad6-f919-4234-98c3-fb303252cd6c-1.jpg?fit=1280%2C853&ssl=1\",\"datePublished\":\"2025-02-12T19:25:10+00:00\",\"breadcrumb\":{\"@id\":\"https:\/\/masquenoticias.mx\/index.php\/2025\/02\/12\/indira-desazolve-en-rios-y-arroyos-de-colima-es-trabajo-conjunto-con-gobierno-de-mexico-para-prevenir-desastres\/#breadcrumb\"},\"inLanguage\":\"es\",\"potentialAction\":[{\"@type\":\"ReadAction\",\"target\":[\"https:\/\/masquenoticias.mx\/index.php\/2025\/02\/12\/indira-desazolve-en-rios-y-arroyos-de-colima-es-trabajo-conjunto-con-gobierno-de-mexico-para-prevenir-desastres\/\"]}]},{\"@type\":\"ImageObject\",\"inLanguage\":\"es\",\"@id\":\"https:\/\/masquenoticias.mx\/index.php\/2025\/02\/12\/indira-desazolve-en-rios-y-arroyos-de-colima-es-trabajo-conjunto-con-gobierno-de-mexico-para-prevenir-desastres\/#primaryimage\",\"url\":\"https:\/\/i0.wp.com\/masquenoticias.mx\/wp-content\/uploads\/2025\/02\/fa97bad6-f919-4234-98c3-fb303252cd6c-1.jpg?fit=1280%2C853&ssl=1\",\"contentUrl\":\"https:\/\/i0.wp.com\/masquenoticias.mx\/wp-content\/uploads\/2025\/02\/fa97bad6-f919-4234-98c3-fb303252cd6c-1.jpg?fit=1280%2C853&ssl=1\",\"width\":1280,\"height\":853},{\"@type\":\"BreadcrumbList\",\"@id\":\"https:\/\/masquenoticias.mx\/index.php\/2025\/02\/12\/indira-desazolve-en-rios-y-arroyos-de-colima-es-trabajo-conjunto-con-gobierno-de-mexico-para-prevenir-desastres\/#breadcrumb\",\"itemListElement\":[{\"@type\":\"ListItem\",\"position\":1,\"name\":\"Inicio\",\"item\":\"https:\/\/masquenoticias.mx\/\"},{\"@type\":\"ListItem\",\"position\":2,\"name\":\"Indira: desazolve en r\u00edos y arroyos de Colima es trabajo conjunto con Gobierno de M\u00e9xico para prevenir desastres\"}]},{\"@type\":\"WebSite\",\"@id\":\"https:\/\/masquenoticias.mx\/#website\",\"url\":\"https:\/\/masquenoticias.mx\/\",\"name\":\"M\u00e1s Que Noticias\",\"description\":\"Noticias de Colima, M\u00e9xico y el Mundo\",\"publisher\":{\"@id\":\"https:\/\/masquenoticias.mx\/#organization\"},\"potentialAction\":[{\"@type\":\"SearchAction\",\"target\":{\"@type\":\"EntryPoint\",\"urlTemplate\":\"https:\/\/masquenoticias.mx\/?s={search_term_string}\"},\"query-input\":{\"@type\":\"PropertyValueSpecification\",\"valueRequired\":true,\"valueName\":\"search_term_string\"}}],\"inLanguage\":\"es\"},{\"@type\":\"Organization\",\"@id\":\"https:\/\/masquenoticias.mx\/#organization\",\"name\":\"M\u00e1s Que Noticias\",\"url\":\"https:\/\/masquenoticias.mx\/\",\"logo\":{\"@type\":\"ImageObject\",\"inLanguage\":\"es\",\"@id\":\"https:\/\/masquenoticias.mx\/#\/schema\/logo\/image\/\",\"url\":\"https:\/\/i0.wp.com\/masquenoticias.mx\/wp-content\/uploads\/2024\/04\/IMG_0004.png?fit=2560%2C1656&ssl=1\",\"contentUrl\":\"https:\/\/i0.wp.com\/masquenoticias.mx\/wp-content\/uploads\/2024\/04\/IMG_0004.png?fit=2560%2C1656&ssl=1\",\"width\":2560,\"height\":1656,\"caption\":\"M\u00e1s Que Noticias\"},\"image\":{\"@id\":\"https:\/\/masquenoticias.mx\/#\/schema\/logo\/image\/\"},\"sameAs\":[\"https:\/\/www.facebook.com\/masquenoticiascolima\",\"https:\/\/x.com\/edgartove\",\"https:\/\/www.instagram.com\/masquenoticiascolima\/\"]},{\"@type\":\"Person\",\"@id\":\"https:\/\/masquenoticias.mx\/#\/schema\/person\/544d19989ef23d34615f691f7a96e622\",\"name\":\"Redacci\u00f3n\",\"image\":{\"@type\":\"ImageObject\",\"inLanguage\":\"es\",\"@id\":\"https:\/\/masquenoticias.mx\/#\/schema\/person\/image\/\",\"url\":\"https:\/\/secure.gravatar.com\/avatar\/7fcc926d5b058d3f3d52d95b4d05dd58?s=96&d=mm&r=g\",\"contentUrl\":\"https:\/\/secure.gravatar.com\/avatar\/7fcc926d5b058d3f3d52d95b4d05dd58?s=96&d=mm&r=g\",\"caption\":\"Redacci\u00f3n\"},\"sameAs\":[\"http:\/\/masquenoticias.mx\"],\"url\":\"https:\/\/masquenoticias.mx\/index.php\/author\/edgartovegmail-com\/\"}]}<\/script>\n<!-- \/ Yoast SEO plugin. -->","yoast_head_json":{"title":"Indira: desazolve en r\u00edos y arroyos de Colima es trabajo conjunto con Gobierno de M\u00e9xico para prevenir desastres - M\u00e1s Que Noticias","robots":{"index":"index","follow":"follow","max-snippet":"max-snippet:-1","max-image-preview":"max-image-preview:large","max-video-preview":"max-video-preview:-1"},"canonical":"https:\/\/masquenoticias.mx\/index.php\/2025\/02\/12\/indira-desazolve-en-rios-y-arroyos-de-colima-es-trabajo-conjunto-con-gobierno-de-mexico-para-prevenir-desastres\/","og_locale":"es_MX","og_type":"article","og_title":"Indira: desazolve en r\u00edos y arroyos de Colima es trabajo conjunto con Gobierno de M\u00e9xico para prevenir desastres - M\u00e1s Que Noticias","og_description":"Este martes, la gobernadora Indira Vizca\u00edno Silva supervis\u00f3 el avance en los trabajos de desazolve en doce puntos de intervenci\u00f3n en r\u00edos y arroyos del estado de Colima, labores que comenzaron en enero y se prev\u00e9 que concluyan en mayo del presente a\u00f1o, antes de la temporada de lluvias 2025. &#8220;Es un trabajo de prevenci\u00f3n [&hellip;]","og_url":"https:\/\/masquenoticias.mx\/index.php\/2025\/02\/12\/indira-desazolve-en-rios-y-arroyos-de-colima-es-trabajo-conjunto-con-gobierno-de-mexico-para-prevenir-desastres\/","og_site_name":"M\u00e1s Que Noticias","article_publisher":"https:\/\/www.facebook.com\/masquenoticiascolima","article_published_time":"2025-02-12T19:25:10+00:00","og_image":[{"width":1280,"height":853,"url":"https:\/\/i0.wp.com\/masquenoticias.mx\/wp-content\/uploads\/2025\/02\/fa97bad6-f919-4234-98c3-fb303252cd6c-1.jpg?fit=1280%2C853&ssl=1","type":"image\/jpeg"}],"author":"Redacci\u00f3n","twitter_card":"summary_large_image","twitter_creator":"@edgartove","twitter_site":"@edgartove","twitter_misc":{"Escrito por":"Redacci\u00f3n","Tiempo de lectura":"2 minutos"},"schema":{"@context":"https:\/\/schema.org","@graph":[{"@type":"Article","@id":"https:\/\/masquenoticias.mx\/index.php\/2025\/02\/12\/indira-desazolve-en-rios-y-arroyos-de-colima-es-trabajo-conjunto-con-gobierno-de-mexico-para-prevenir-desastres\/#article","isPartOf":{"@id":"https:\/\/masquenoticias.mx\/index.php\/2025\/02\/12\/indira-desazolve-en-rios-y-arroyos-de-colima-es-trabajo-conjunto-con-gobierno-de-mexico-para-prevenir-desastres\/"},"author":{"name":"Redacci\u00f3n","@id":"https:\/\/masquenoticias.mx\/#\/schema\/person\/544d19989ef23d34615f691f7a96e622"},"headline":"Indira: desazolve en r\u00edos y arroyos de Colima es trabajo conjunto con Gobierno de M\u00e9xico para prevenir desastres","datePublished":"2025-02-12T19:25:10+00:00","mainEntityOfPage":{"@id":"https:\/\/masquenoticias.mx\/index.php\/2025\/02\/12\/indira-desazolve-en-rios-y-arroyos-de-colima-es-trabajo-conjunto-con-gobierno-de-mexico-para-prevenir-desastres\/"},"wordCount":510,"publisher":{"@id":"https:\/\/masquenoticias.mx\/#organization"},"image":{"@id":"https:\/\/masquenoticias.mx\/index.php\/2025\/02\/12\/indira-desazolve-en-rios-y-arroyos-de-colima-es-trabajo-conjunto-con-gobierno-de-mexico-para-prevenir-desastres\/#primaryimage"},"thumbnailUrl":"https:\/\/i0.wp.com\/masquenoticias.mx\/wp-content\/uploads\/2025\/02\/fa97bad6-f919-4234-98c3-fb303252cd6c-1.jpg?fit=1280%2C853&ssl=1","keywords":["Indira Vizca\u00edno","Seidum"],"articleSection":["Estado"],"inLanguage":"es"},{"@type":"WebPage","@id":"https:\/\/masquenoticias.mx\/index.php\/2025\/02\/12\/indira-desazolve-en-rios-y-arroyos-de-colima-es-trabajo-conjunto-con-gobierno-de-mexico-para-prevenir-desastres\/","url":"https:\/\/masquenoticias.mx\/index.php\/2025\/02\/12\/indira-desazolve-en-rios-y-arroyos-de-colima-es-trabajo-conjunto-con-gobierno-de-mexico-para-prevenir-desastres\/","name":"Indira: desazolve en r\u00edos y arroyos de Colima es trabajo conjunto con Gobierno de M\u00e9xico para prevenir desastres - M\u00e1s Que Noticias","isPartOf":{"@id":"https:\/\/masquenoticias.mx\/#website"},"primaryImageOfPage":{"@id":"https:\/\/masquenoticias.mx\/index.php\/2025\/02\/12\/indira-desazolve-en-rios-y-arroyos-de-colima-es-trabajo-conjunto-con-gobierno-de-mexico-para-prevenir-desastres\/#primaryimage"},"image":{"@id":"https:\/\/masquenoticias.mx\/index.php\/2025\/02\/12\/indira-desazolve-en-rios-y-arroyos-de-colima-es-trabajo-conjunto-con-gobierno-de-mexico-para-prevenir-desastres\/#primaryimage"},"thumbnailUrl":"https:\/\/i0.wp.com\/masquenoticias.mx\/wp-content\/uploads\/2025\/02\/fa97bad6-f919-4234-98c3-fb303252cd6c-1.jpg?fit=1280%2C853&ssl=1","datePublished":"2025-02-12T19:25:10+00:00","breadcrumb":{"@id":"https:\/\/masquenoticias.mx\/index.php\/2025\/02\/12\/indira-desazolve-en-rios-y-arroyos-de-colima-es-trabajo-conjunto-con-gobierno-de-mexico-para-prevenir-desastres\/#breadcrumb"},"inLanguage":"es","potentialAction":[{"@type":"ReadAction","target":["https:\/\/masquenoticias.mx\/index.php\/2025\/02\/12\/indira-desazolve-en-rios-y-arroyos-de-colima-es-trabajo-conjunto-con-gobierno-de-mexico-para-prevenir-desastres\/"]}]},{"@type":"ImageObject","inLanguage":"es","@id":"https:\/\/masquenoticias.mx\/index.php\/2025\/02\/12\/indira-desazolve-en-rios-y-arroyos-de-colima-es-trabajo-conjunto-con-gobierno-de-mexico-para-prevenir-desastres\/#primaryimage","url":"https:\/\/i0.wp.com\/masquenoticias.mx\/wp-content\/uploads\/2025\/02\/fa97bad6-f919-4234-98c3-fb303252cd6c-1.jpg?fit=1280%2C853&ssl=1","contentUrl":"https:\/\/i0.wp.com\/masquenoticias.mx\/wp-content\/uploads\/2025\/02\/fa97bad6-f919-4234-98c3-fb303252cd6c-1.jpg?fit=1280%2C853&ssl=1","width":1280,"height":853},{"@type":"BreadcrumbList","@id":"https:\/\/masquenoticias.mx\/index.php\/2025\/02\/12\/indira-desazolve-en-rios-y-arroyos-de-colima-es-trabajo-conjunto-con-gobierno-de-mexico-para-prevenir-desastres\/#breadcrumb","itemListElement":[{"@type":"ListItem","position":1,"name":"Inicio","item":"https:\/\/masquenoticias.mx\/"},{"@type":"ListItem","position":2,"name":"Indira: desazolve en r\u00edos y arroyos de Colima es trabajo conjunto con Gobierno de M\u00e9xico para prevenir desastres"}]},{"@type":"WebSite","@id":"https:\/\/masquenoticias.mx\/#website","url":"https:\/\/masquenoticias.mx\/","name":"M\u00e1s Que Noticias","description":"Noticias de Colima, M\u00e9xico y el Mundo","publisher":{"@id":"https:\/\/masquenoticias.mx\/#organization"},"potentialAction":[{"@type":"SearchAction","target":{"@type":"EntryPoint","urlTemplate":"https:\/\/masquenoticias.mx\/?s={search_term_string}"},"query-input":{"@type":"PropertyValueSpecification","valueRequired":true,"valueName":"search_term_string"}}],"inLanguage":"es"},{"@type":"Organization","@id":"https:\/\/masquenoticias.mx\/#organization","name":"M\u00e1s Que Noticias","url":"https:\/\/masquenoticias.mx\/","logo":{"@type":"ImageObject","inLanguage":"es","@id":"https:\/\/masquenoticias.mx\/#\/schema\/logo\/image\/","url":"https:\/\/i0.wp.com\/masquenoticias.mx\/wp-content\/uploads\/2024\/04\/IMG_0004.png?fit=2560%2C1656&ssl=1","contentUrl":"https:\/\/i0.wp.com\/masquenoticias.mx\/wp-content\/uploads\/2024\/04\/IMG_0004.png?fit=2560%2C1656&ssl=1","width":2560,"height":1656,"caption":"M\u00e1s Que Noticias"},"image":{"@id":"https:\/\/masquenoticias.mx\/#\/schema\/logo\/image\/"},"sameAs":["https:\/\/www.facebook.com\/masquenoticiascolima","https:\/\/x.com\/edgartove","https:\/\/www.instagram.com\/masquenoticiascolima\/"]},{"@type":"Person","@id":"https:\/\/masquenoticias.mx\/#\/schema\/person\/544d19989ef23d34615f691f7a96e622","name":"Redacci\u00f3n","image":{"@type":"ImageObject","inLanguage":"es","@id":"https:\/\/masquenoticias.mx\/#\/schema\/person\/image\/","url":"https:\/\/secure.gravatar.com\/avatar\/7fcc926d5b058d3f3d52d95b4d05dd58?s=96&d=mm&r=g","contentUrl":"https:\/\/secure.gravatar.com\/avatar\/7fcc926d5b058d3f3d52d95b4d05dd58?s=96&d=mm&r=g","caption":"Redacci\u00f3n"},"sameAs":["http:\/\/masquenoticias.mx"],"url":"https:\/\/masquenoticias.mx\/index.php\/author\/edgartovegmail-com\/"}]}},"jetpack_featured_media_url":"https:\/\/i0.wp.com\/masquenoticias.mx\/wp-content\/uploads\/2025\/02\/fa97bad6-f919-4234-98c3-fb303252cd6c-1.jpg?fit=1280%2C853&ssl=1","blog_post_layout_featured_media_urls":{"thumbnail":["https:\/\/i0.wp.com\/masquenoticias.mx\/wp-content\/uploads\/2025\/02\/fa97bad6-f919-4234-98c3-fb303252cd6c-1.jpg?resize=150%2C150&ssl=1",150,150,true],"full":["https:\/\/i0.wp.com\/masquenoticias.mx\/wp-content\/uploads\/2025\/02\/fa97bad6-f919-4234-98c3-fb303252cd6c-1.jpg?fit=1280%2C853&ssl=1",1280,853,false]},"categories_names":{"24":{"name":"Estado","link":"https:\/\/masquenoticias.mx\/index.php\/category\/estado\/"}},"tags_names":{"26":{"name":"Indira Vizca\u00edno","link":"https:\/\/masquenoticias.mx\/index.php\/tag\/indira-vizcaino\/"},"175":{"name":"Seidum","link":"https:\/\/masquenoticias.mx\/index.php\/tag\/seidum\/"}},"comments_number":"0","wpmagazine_modules_lite_featured_media_urls":{"thumbnail":["https:\/\/i0.wp.com\/masquenoticias.mx\/wp-content\/uploads\/2025\/02\/fa97bad6-f919-4234-98c3-fb303252cd6c-1.jpg?resize=150%2C150&ssl=1",150,150,true],"cvmm-medium":["https:\/\/i0.wp.com\/masquenoticias.mx\/wp-content\/uploads\/2025\/02\/fa97bad6-f919-4234-98c3-fb303252cd6c-1.jpg?resize=300%2C300&ssl=1",300,300,true],"cvmm-medium-plus":["https:\/\/i0.wp.com\/masquenoticias.mx\/wp-content\/uploads\/2025\/02\/fa97bad6-f919-4234-98c3-fb303252cd6c-1.jpg?resize=305%2C207&ssl=1",305,207,true],"cvmm-portrait":["https:\/\/i0.wp.com\/masquenoticias.mx\/wp-content\/uploads\/2025\/02\/fa97bad6-f919-4234-98c3-fb303252cd6c-1.jpg?resize=400%2C600&ssl=1",400,600,true],"cvmm-medium-square":["https:\/\/i0.wp.com\/masquenoticias.mx\/wp-content\/uploads\/2025\/02\/fa97bad6-f919-4234-98c3-fb303252cd6c-1.jpg?resize=600%2C600&ssl=1",600,600,true],"cvmm-large":["https:\/\/i0.wp.com\/masquenoticias.mx\/wp-content\/uploads\/2025\/02\/fa97bad6-f919-4234-98c3-fb303252cd6c-1.jpg?resize=1024%2C853&ssl=1",1024,853,true],"cvmm-small":["https:\/\/i0.wp.com\/masquenoticias.mx\/wp-content\/uploads\/2025\/02\/fa97bad6-f919-4234-98c3-fb303252cd6c-1.jpg?resize=130%2C95&ssl=1",130,95,true],"full":["https:\/\/i0.wp.com\/masquenoticias.mx\/wp-content\/uploads\/2025\/02\/fa97bad6-f919-4234-98c3-fb303252cd6c-1.jpg?fit=1280%2C853&ssl=1",1280,853,false]},"jetpack-related-posts":[],"jetpack_sharing_enabled":true,"jetpack_likes_enabled":true,"jetpack_shortlink":"https:\/\/wp.me\/pf7pkt-3D0","_links":{"self":[{"href":"https:\/\/masquenoticias.mx\/index.php\/wp-json\/wp\/v2\/posts\/13950","targetHints":{"allow":["GET"]}}],"collection":[{"href":"https:\/\/masquenoticias.mx\/index.php\/wp-json\/wp\/v2\/posts"}],"about":[{"href":"https:\/\/masquenoticias.mx\/index.php\/wp-json\/wp\/v2\/types\/post"}],"author":[{"embeddable":true,"href":"https:\/\/masquenoticias.mx\/index.php\/wp-json\/wp\/v2\/users\/1"}],"replies":[{"embeddable":true,"href":"https:\/\/masquenoticias.mx\/index.php\/wp-json\/wp\/v2\/comments?post=13950"}],"version-history":[{"count":1,"href":"https:\/\/masquenoticias.mx\/index.php\/wp-json\/wp\/v2\/posts\/13950\/revisions"}],"predecessor-version":[{"id":13951,"href":"https:\/\/masquenoticias.mx\/index.php\/wp-json\/wp\/v2\/posts\/13950\/revisions\/13951"}],"wp:featuredmedia":[{"embeddable":true,"href":"https:\/\/masquenoticias.mx\/index.php\/wp-json\/wp\/v2\/media\/13949"}],"wp:attachment":[{"href":"https:\/\/masquenoticias.mx\/index.php\/wp-json\/wp\/v2\/media?parent=13950"}],"wp:term":[{"taxonomy":"category","embeddable":true,"href":"https:\/\/masquenoticias.mx\/index.php\/wp-json\/wp\/v2\/categories?post=13950"},{"taxonomy":"post_tag","embeddable":true,"href":"https:\/\/masquenoticias.mx\/index.php\/wp-json\/wp\/v2\/tags?post=13950"}],"curies":[{"name":"wp","href":"https:\/\/api.w.org\/{rel}","templated":true}]}}