{"id":13875,"date":"2025-02-06T20:57:48","date_gmt":"2025-02-07T02:57:48","guid":{"rendered":"https:\/\/masquenoticias.mx\/?p=13875"},"modified":"2025-02-06T20:57:48","modified_gmt":"2025-02-07T02:57:48","slug":"indira-vizcaino-estamos-rehabilitando-por-completo-el-parque-regional-griselda-alvarez-sera-un-espacio-digno-y-muy-disfrutable-para-las-familias","status":"publish","type":"post","link":"https:\/\/masquenoticias.mx\/index.php\/2025\/02\/06\/indira-vizcaino-estamos-rehabilitando-por-completo-el-parque-regional-griselda-alvarez-sera-un-espacio-digno-y-muy-disfrutable-para-las-familias\/","title":{"rendered":"Indira Vizca\u00edno: estamos rehabilitando por completo el Parque Regional \u2018Griselda \u00c1lvarez\u2019, ser\u00e1 un espacio digno y muy disfrutable para las familias"},"content":{"rendered":"\n<p><\/p>\n\n\n\n<p>La gobernadora Indira Vizca\u00edno Silva dio arranque a las obras de rehabilitaci\u00f3n del Parque Regional \u2018Griselda \u00c1lvarez Ponce de Le\u00f3n\u2019, en Colima, cerca de 60 millones de pesos y se contempla que quede listo para el verano de este mismo a\u00f1o 2025; la mandataria estuvo acompa\u00f1ada por Marisol Neri Le\u00f3n, secretar\u00eda de Infraestructura, Desarrollo Urbano y Movilidad (Seidum), legisladores locales, federales y autoridades municipales.<\/p>\n\n\n\n<p>La mandataria colimense manifest\u00f3 que este proyecto forma parte de las #ObrasQueTransforman, que siempre buscan mandar el mensaje de que con los recursos p\u00fablicos que se administran en el actual gobierno estatal se invierta en obras que realmente tengan un impacto en la vida diaria de la gente; obras como est\u00e1s le hacen todo el honor a este programa.<\/p>\n\n\n\n<p>Indira Vizca\u00edno record\u00f3 que el a\u00f1o pasado se lograron acuerdos a trav\u00e9s de tr\u00e1mites legales y por eso ahora se pueden hacer estas intervenciones; explic\u00f3 que con Profepa se hicieron los procesos adecuados de las especies que a\u00fan permanec\u00edan en el lugar y que este lugar ahora tendr\u00e1 fauna end\u00e9mica, pero que ya no se contar\u00e1 con animales en cautiverio; &#8220;en este parque vamos a tener todo lo que nosotros a\u00f1oramos y tambi\u00e9n cosas nuevas\u201d.<\/p>\n\n\n\n<p>&#8220;Es una inversi\u00f3n de casi 60 millones de pesos; no es una inversi\u00f3n menor, pero para nosotros cada peso que se va invertir aqu\u00ed vale la pena, porque lo que no tiene precio es el tener espacios de esparcimiento de calidad, gratuitos, accesibles a la gente, p\u00fablicos y que adem\u00e1s nos permitan tener esta convivencia entre las familias, eso no hay manera de ponerle un precio&#8221;, se\u00f1al\u00f3 la titular del Poder Ejecutivo estatal.<\/p>\n\n\n\n<p>Neri Le\u00f3n dijo que la inversi\u00f3n total -m\u00e1s de 60 mdp- se dividen en tres contratos: 1) electrificaci\u00f3n y alumbrado. 2) rehabilitaci\u00f3n, construcci\u00f3n y equipamiento de espacios exteriores que se llevar\u00e1n el 68% de la inversi\u00f3n a trav\u00e9s del Fondo de Infraestructura para la Entidades; y 3) rehabilitaci\u00f3n, construcci\u00f3n y equipamiento de edificios existentes a trav\u00e9s de la contraprestaci\u00f3n por las obras que se realizan en el corredor log\u00edstico carretero.<\/p>\n\n\n\n<p>En cuanto a la iluminaci\u00f3n, la titular de Seidum explic\u00f3 que se colocar\u00e1n 120 luminarias tipo led, de las cuales el 30% son rehabilitadas y el 70% son nuevas. Adem\u00e1s de que se har\u00e1n los trabajos de electrificaci\u00f3n como la colocaci\u00f3n de los aparatos de media y baja tensi\u00f3n, as\u00ed como del alumbrado exterior.<\/p>\n\n\n\n<p>A\u00f1adi\u00f3 que en el lugar habr\u00e1 \u00e1reas de oficinas administrativas, snack, un anfiteatro, tirolesa y rapel, cafeter\u00eda, acceso al lago, instalaci\u00f3n hidrosanitaria y nuevo estacionamiento. Adem\u00e1s de \u00e1rea de comedores, bici-rutas, torre de avistamiento de aves, \u00e1rea de juegos infantiles, puente colgante, etc. Asimismo, se har\u00e1 la colocaci\u00f3n de equipamiento urbano, limpieza y poda necesaria.<\/p>\n","protected":false},"excerpt":{"rendered":"<p>La gobernadora Indira Vizca\u00edno Silva dio arranque a las obras de rehabilitaci\u00f3n del Parque Regional \u2018Griselda \u00c1lvarez Ponce de Le\u00f3n\u2019, en Colima, cerca de 60 millones de pesos y se contempla que quede listo para el verano de este mismo a\u00f1o 2025; la mandataria estuvo acompa\u00f1ada por Marisol Neri Le\u00f3n, secretar\u00eda de Infraestructura, Desarrollo Urbano [&hellip;]<\/p>\n","protected":false},"author":1,"featured_media":13874,"comment_status":"closed","ping_status":"open","sticky":false,"template":"","format":"standard","meta":{"_jetpack_memberships_contains_paid_content":false,"footnotes":""},"categories":[24],"tags":[26],"class_list":["post-13875","post","type-post","status-publish","format-standard","has-post-thumbnail","hentry","category-estado","tag-indira-vizcaino"],"yoast_head":"<!-- This site is optimized with the Yoast SEO plugin v26.6 - https:\/\/yoast.com\/wordpress\/plugins\/seo\/ -->\n<title>Indira Vizca\u00edno: estamos rehabilitando por completo el Parque Regional \u2018Griselda \u00c1lvarez\u2019, ser\u00e1 un espacio digno y muy disfrutable para las familias - M\u00e1s Que Noticias<\/title>\n<meta name=\"robots\" content=\"index, follow, max-snippet:-1, max-image-preview:large, max-video-preview:-1\" \/>\n<link rel=\"canonical\" href=\"https:\/\/masquenoticias.mx\/index.php\/2025\/02\/06\/indira-vizcaino-estamos-rehabilitando-por-completo-el-parque-regional-griselda-alvarez-sera-un-espacio-digno-y-muy-disfrutable-para-las-familias\/\" \/>\n<meta property=\"og:locale\" content=\"es_MX\" \/>\n<meta property=\"og:type\" content=\"article\" \/>\n<meta property=\"og:title\" content=\"Indira Vizca\u00edno: estamos rehabilitando por completo el Parque Regional \u2018Griselda \u00c1lvarez\u2019, ser\u00e1 un espacio digno y muy disfrutable para las familias - M\u00e1s Que Noticias\" \/>\n<meta property=\"og:description\" content=\"La gobernadora Indira Vizca\u00edno Silva dio arranque a las obras de rehabilitaci\u00f3n del Parque Regional \u2018Griselda \u00c1lvarez Ponce de Le\u00f3n\u2019, en Colima, cerca de 60 millones de pesos y se contempla que quede listo para el verano de este mismo a\u00f1o 2025; la mandataria estuvo acompa\u00f1ada por Marisol Neri Le\u00f3n, secretar\u00eda de Infraestructura, Desarrollo Urbano [&hellip;]\" \/>\n<meta property=\"og:url\" content=\"https:\/\/masquenoticias.mx\/index.php\/2025\/02\/06\/indira-vizcaino-estamos-rehabilitando-por-completo-el-parque-regional-griselda-alvarez-sera-un-espacio-digno-y-muy-disfrutable-para-las-familias\/\" \/>\n<meta property=\"og:site_name\" content=\"M\u00e1s Que Noticias\" \/>\n<meta property=\"article:publisher\" content=\"https:\/\/www.facebook.com\/masquenoticiascolima\" \/>\n<meta property=\"article:published_time\" content=\"2025-02-07T02:57:48+00:00\" \/>\n<meta property=\"og:image\" content=\"https:\/\/i0.wp.com\/masquenoticias.mx\/wp-content\/uploads\/2025\/02\/303f4aca-e0f3-4866-9c38-242301ce7cd4-1.jpg?fit=1080%2C720&ssl=1\" \/>\n\t<meta property=\"og:image:width\" content=\"1080\" \/>\n\t<meta property=\"og:image:height\" content=\"720\" \/>\n\t<meta property=\"og:image:type\" content=\"image\/jpeg\" \/>\n<meta name=\"author\" content=\"Redacci\u00f3n\" \/>\n<meta name=\"twitter:card\" content=\"summary_large_image\" \/>\n<meta name=\"twitter:creator\" content=\"@edgartove\" \/>\n<meta name=\"twitter:site\" content=\"@edgartove\" \/>\n<meta name=\"twitter:label1\" content=\"Escrito por\" \/>\n\t<meta name=\"twitter:data1\" content=\"Redacci\u00f3n\" \/>\n\t<meta name=\"twitter:label2\" content=\"Tiempo de lectura\" \/>\n\t<meta name=\"twitter:data2\" content=\"2 minutos\" \/>\n<script type=\"application\/ld+json\" class=\"yoast-schema-graph\">{\"@context\":\"https:\/\/schema.org\",\"@graph\":[{\"@type\":\"Article\",\"@id\":\"https:\/\/masquenoticias.mx\/index.php\/2025\/02\/06\/indira-vizcaino-estamos-rehabilitando-por-completo-el-parque-regional-griselda-alvarez-sera-un-espacio-digno-y-muy-disfrutable-para-las-familias\/#article\",\"isPartOf\":{\"@id\":\"https:\/\/masquenoticias.mx\/index.php\/2025\/02\/06\/indira-vizcaino-estamos-rehabilitando-por-completo-el-parque-regional-griselda-alvarez-sera-un-espacio-digno-y-muy-disfrutable-para-las-familias\/\"},\"author\":{\"name\":\"Redacci\u00f3n\",\"@id\":\"https:\/\/masquenoticias.mx\/#\/schema\/person\/544d19989ef23d34615f691f7a96e622\"},\"headline\":\"Indira Vizca\u00edno: estamos rehabilitando por completo el Parque Regional \u2018Griselda \u00c1lvarez\u2019, ser\u00e1 un espacio digno y muy disfrutable para las familias\",\"datePublished\":\"2025-02-07T02:57:48+00:00\",\"mainEntityOfPage\":{\"@id\":\"https:\/\/masquenoticias.mx\/index.php\/2025\/02\/06\/indira-vizcaino-estamos-rehabilitando-por-completo-el-parque-regional-griselda-alvarez-sera-un-espacio-digno-y-muy-disfrutable-para-las-familias\/\"},\"wordCount\":510,\"publisher\":{\"@id\":\"https:\/\/masquenoticias.mx\/#organization\"},\"image\":{\"@id\":\"https:\/\/masquenoticias.mx\/index.php\/2025\/02\/06\/indira-vizcaino-estamos-rehabilitando-por-completo-el-parque-regional-griselda-alvarez-sera-un-espacio-digno-y-muy-disfrutable-para-las-familias\/#primaryimage\"},\"thumbnailUrl\":\"https:\/\/i0.wp.com\/masquenoticias.mx\/wp-content\/uploads\/2025\/02\/303f4aca-e0f3-4866-9c38-242301ce7cd4-1.jpg?fit=1080%2C720&ssl=1\",\"keywords\":[\"Indira Vizca\u00edno\"],\"articleSection\":[\"Estado\"],\"inLanguage\":\"es\"},{\"@type\":\"WebPage\",\"@id\":\"https:\/\/masquenoticias.mx\/index.php\/2025\/02\/06\/indira-vizcaino-estamos-rehabilitando-por-completo-el-parque-regional-griselda-alvarez-sera-un-espacio-digno-y-muy-disfrutable-para-las-familias\/\",\"url\":\"https:\/\/masquenoticias.mx\/index.php\/2025\/02\/06\/indira-vizcaino-estamos-rehabilitando-por-completo-el-parque-regional-griselda-alvarez-sera-un-espacio-digno-y-muy-disfrutable-para-las-familias\/\",\"name\":\"Indira Vizca\u00edno: estamos rehabilitando por completo el Parque Regional \u2018Griselda \u00c1lvarez\u2019, ser\u00e1 un espacio digno y muy disfrutable para las familias - M\u00e1s Que Noticias\",\"isPartOf\":{\"@id\":\"https:\/\/masquenoticias.mx\/#website\"},\"primaryImageOfPage\":{\"@id\":\"https:\/\/masquenoticias.mx\/index.php\/2025\/02\/06\/indira-vizcaino-estamos-rehabilitando-por-completo-el-parque-regional-griselda-alvarez-sera-un-espacio-digno-y-muy-disfrutable-para-las-familias\/#primaryimage\"},\"image\":{\"@id\":\"https:\/\/masquenoticias.mx\/index.php\/2025\/02\/06\/indira-vizcaino-estamos-rehabilitando-por-completo-el-parque-regional-griselda-alvarez-sera-un-espacio-digno-y-muy-disfrutable-para-las-familias\/#primaryimage\"},\"thumbnailUrl\":\"https:\/\/i0.wp.com\/masquenoticias.mx\/wp-content\/uploads\/2025\/02\/303f4aca-e0f3-4866-9c38-242301ce7cd4-1.jpg?fit=1080%2C720&ssl=1\",\"datePublished\":\"2025-02-07T02:57:48+00:00\",\"breadcrumb\":{\"@id\":\"https:\/\/masquenoticias.mx\/index.php\/2025\/02\/06\/indira-vizcaino-estamos-rehabilitando-por-completo-el-parque-regional-griselda-alvarez-sera-un-espacio-digno-y-muy-disfrutable-para-las-familias\/#breadcrumb\"},\"inLanguage\":\"es\",\"potentialAction\":[{\"@type\":\"ReadAction\",\"target\":[\"https:\/\/masquenoticias.mx\/index.php\/2025\/02\/06\/indira-vizcaino-estamos-rehabilitando-por-completo-el-parque-regional-griselda-alvarez-sera-un-espacio-digno-y-muy-disfrutable-para-las-familias\/\"]}]},{\"@type\":\"ImageObject\",\"inLanguage\":\"es\",\"@id\":\"https:\/\/masquenoticias.mx\/index.php\/2025\/02\/06\/indira-vizcaino-estamos-rehabilitando-por-completo-el-parque-regional-griselda-alvarez-sera-un-espacio-digno-y-muy-disfrutable-para-las-familias\/#primaryimage\",\"url\":\"https:\/\/i0.wp.com\/masquenoticias.mx\/wp-content\/uploads\/2025\/02\/303f4aca-e0f3-4866-9c38-242301ce7cd4-1.jpg?fit=1080%2C720&ssl=1\",\"contentUrl\":\"https:\/\/i0.wp.com\/masquenoticias.mx\/wp-content\/uploads\/2025\/02\/303f4aca-e0f3-4866-9c38-242301ce7cd4-1.jpg?fit=1080%2C720&ssl=1\",\"width\":1080,\"height\":720},{\"@type\":\"BreadcrumbList\",\"@id\":\"https:\/\/masquenoticias.mx\/index.php\/2025\/02\/06\/indira-vizcaino-estamos-rehabilitando-por-completo-el-parque-regional-griselda-alvarez-sera-un-espacio-digno-y-muy-disfrutable-para-las-familias\/#breadcrumb\",\"itemListElement\":[{\"@type\":\"ListItem\",\"position\":1,\"name\":\"Inicio\",\"item\":\"https:\/\/masquenoticias.mx\/\"},{\"@type\":\"ListItem\",\"position\":2,\"name\":\"Indira Vizca\u00edno: estamos rehabilitando por completo el Parque Regional \u2018Griselda \u00c1lvarez\u2019, ser\u00e1 un espacio digno y muy disfrutable para las familias\"}]},{\"@type\":\"WebSite\",\"@id\":\"https:\/\/masquenoticias.mx\/#website\",\"url\":\"https:\/\/masquenoticias.mx\/\",\"name\":\"M\u00e1s Que Noticias\",\"description\":\"Noticias de Colima, M\u00e9xico y el Mundo\",\"publisher\":{\"@id\":\"https:\/\/masquenoticias.mx\/#organization\"},\"potentialAction\":[{\"@type\":\"SearchAction\",\"target\":{\"@type\":\"EntryPoint\",\"urlTemplate\":\"https:\/\/masquenoticias.mx\/?s={search_term_string}\"},\"query-input\":{\"@type\":\"PropertyValueSpecification\",\"valueRequired\":true,\"valueName\":\"search_term_string\"}}],\"inLanguage\":\"es\"},{\"@type\":\"Organization\",\"@id\":\"https:\/\/masquenoticias.mx\/#organization\",\"name\":\"M\u00e1s Que Noticias\",\"url\":\"https:\/\/masquenoticias.mx\/\",\"logo\":{\"@type\":\"ImageObject\",\"inLanguage\":\"es\",\"@id\":\"https:\/\/masquenoticias.mx\/#\/schema\/logo\/image\/\",\"url\":\"https:\/\/i0.wp.com\/masquenoticias.mx\/wp-content\/uploads\/2024\/04\/IMG_0004.png?fit=2560%2C1656&ssl=1\",\"contentUrl\":\"https:\/\/i0.wp.com\/masquenoticias.mx\/wp-content\/uploads\/2024\/04\/IMG_0004.png?fit=2560%2C1656&ssl=1\",\"width\":2560,\"height\":1656,\"caption\":\"M\u00e1s Que Noticias\"},\"image\":{\"@id\":\"https:\/\/masquenoticias.mx\/#\/schema\/logo\/image\/\"},\"sameAs\":[\"https:\/\/www.facebook.com\/masquenoticiascolima\",\"https:\/\/x.com\/edgartove\",\"https:\/\/www.instagram.com\/masquenoticiascolima\/\"]},{\"@type\":\"Person\",\"@id\":\"https:\/\/masquenoticias.mx\/#\/schema\/person\/544d19989ef23d34615f691f7a96e622\",\"name\":\"Redacci\u00f3n\",\"image\":{\"@type\":\"ImageObject\",\"inLanguage\":\"es\",\"@id\":\"https:\/\/masquenoticias.mx\/#\/schema\/person\/image\/\",\"url\":\"https:\/\/secure.gravatar.com\/avatar\/7fcc926d5b058d3f3d52d95b4d05dd58?s=96&d=mm&r=g\",\"contentUrl\":\"https:\/\/secure.gravatar.com\/avatar\/7fcc926d5b058d3f3d52d95b4d05dd58?s=96&d=mm&r=g\",\"caption\":\"Redacci\u00f3n\"},\"sameAs\":[\"http:\/\/masquenoticias.mx\"],\"url\":\"https:\/\/masquenoticias.mx\/index.php\/author\/edgartovegmail-com\/\"}]}<\/script>\n<!-- \/ Yoast SEO plugin. -->","yoast_head_json":{"title":"Indira Vizca\u00edno: estamos rehabilitando por completo el Parque Regional \u2018Griselda \u00c1lvarez\u2019, ser\u00e1 un espacio digno y muy disfrutable para las familias - M\u00e1s Que Noticias","robots":{"index":"index","follow":"follow","max-snippet":"max-snippet:-1","max-image-preview":"max-image-preview:large","max-video-preview":"max-video-preview:-1"},"canonical":"https:\/\/masquenoticias.mx\/index.php\/2025\/02\/06\/indira-vizcaino-estamos-rehabilitando-por-completo-el-parque-regional-griselda-alvarez-sera-un-espacio-digno-y-muy-disfrutable-para-las-familias\/","og_locale":"es_MX","og_type":"article","og_title":"Indira Vizca\u00edno: estamos rehabilitando por completo el Parque Regional \u2018Griselda \u00c1lvarez\u2019, ser\u00e1 un espacio digno y muy disfrutable para las familias - M\u00e1s Que Noticias","og_description":"La gobernadora Indira Vizca\u00edno Silva dio arranque a las obras de rehabilitaci\u00f3n del Parque Regional \u2018Griselda \u00c1lvarez Ponce de Le\u00f3n\u2019, en Colima, cerca de 60 millones de pesos y se contempla que quede listo para el verano de este mismo a\u00f1o 2025; la mandataria estuvo acompa\u00f1ada por Marisol Neri Le\u00f3n, secretar\u00eda de Infraestructura, Desarrollo Urbano [&hellip;]","og_url":"https:\/\/masquenoticias.mx\/index.php\/2025\/02\/06\/indira-vizcaino-estamos-rehabilitando-por-completo-el-parque-regional-griselda-alvarez-sera-un-espacio-digno-y-muy-disfrutable-para-las-familias\/","og_site_name":"M\u00e1s Que Noticias","article_publisher":"https:\/\/www.facebook.com\/masquenoticiascolima","article_published_time":"2025-02-07T02:57:48+00:00","og_image":[{"width":1080,"height":720,"url":"https:\/\/i0.wp.com\/masquenoticias.mx\/wp-content\/uploads\/2025\/02\/303f4aca-e0f3-4866-9c38-242301ce7cd4-1.jpg?fit=1080%2C720&ssl=1","type":"image\/jpeg"}],"author":"Redacci\u00f3n","twitter_card":"summary_large_image","twitter_creator":"@edgartove","twitter_site":"@edgartove","twitter_misc":{"Escrito por":"Redacci\u00f3n","Tiempo de lectura":"2 minutos"},"schema":{"@context":"https:\/\/schema.org","@graph":[{"@type":"Article","@id":"https:\/\/masquenoticias.mx\/index.php\/2025\/02\/06\/indira-vizcaino-estamos-rehabilitando-por-completo-el-parque-regional-griselda-alvarez-sera-un-espacio-digno-y-muy-disfrutable-para-las-familias\/#article","isPartOf":{"@id":"https:\/\/masquenoticias.mx\/index.php\/2025\/02\/06\/indira-vizcaino-estamos-rehabilitando-por-completo-el-parque-regional-griselda-alvarez-sera-un-espacio-digno-y-muy-disfrutable-para-las-familias\/"},"author":{"name":"Redacci\u00f3n","@id":"https:\/\/masquenoticias.mx\/#\/schema\/person\/544d19989ef23d34615f691f7a96e622"},"headline":"Indira Vizca\u00edno: estamos rehabilitando por completo el Parque Regional \u2018Griselda \u00c1lvarez\u2019, ser\u00e1 un espacio digno y muy disfrutable para las familias","datePublished":"2025-02-07T02:57:48+00:00","mainEntityOfPage":{"@id":"https:\/\/masquenoticias.mx\/index.php\/2025\/02\/06\/indira-vizcaino-estamos-rehabilitando-por-completo-el-parque-regional-griselda-alvarez-sera-un-espacio-digno-y-muy-disfrutable-para-las-familias\/"},"wordCount":510,"publisher":{"@id":"https:\/\/masquenoticias.mx\/#organization"},"image":{"@id":"https:\/\/masquenoticias.mx\/index.php\/2025\/02\/06\/indira-vizcaino-estamos-rehabilitando-por-completo-el-parque-regional-griselda-alvarez-sera-un-espacio-digno-y-muy-disfrutable-para-las-familias\/#primaryimage"},"thumbnailUrl":"https:\/\/i0.wp.com\/masquenoticias.mx\/wp-content\/uploads\/2025\/02\/303f4aca-e0f3-4866-9c38-242301ce7cd4-1.jpg?fit=1080%2C720&ssl=1","keywords":["Indira Vizca\u00edno"],"articleSection":["Estado"],"inLanguage":"es"},{"@type":"WebPage","@id":"https:\/\/masquenoticias.mx\/index.php\/2025\/02\/06\/indira-vizcaino-estamos-rehabilitando-por-completo-el-parque-regional-griselda-alvarez-sera-un-espacio-digno-y-muy-disfrutable-para-las-familias\/","url":"https:\/\/masquenoticias.mx\/index.php\/2025\/02\/06\/indira-vizcaino-estamos-rehabilitando-por-completo-el-parque-regional-griselda-alvarez-sera-un-espacio-digno-y-muy-disfrutable-para-las-familias\/","name":"Indira Vizca\u00edno: estamos rehabilitando por completo el Parque Regional \u2018Griselda \u00c1lvarez\u2019, ser\u00e1 un espacio digno y muy disfrutable para las familias - M\u00e1s Que Noticias","isPartOf":{"@id":"https:\/\/masquenoticias.mx\/#website"},"primaryImageOfPage":{"@id":"https:\/\/masquenoticias.mx\/index.php\/2025\/02\/06\/indira-vizcaino-estamos-rehabilitando-por-completo-el-parque-regional-griselda-alvarez-sera-un-espacio-digno-y-muy-disfrutable-para-las-familias\/#primaryimage"},"image":{"@id":"https:\/\/masquenoticias.mx\/index.php\/2025\/02\/06\/indira-vizcaino-estamos-rehabilitando-por-completo-el-parque-regional-griselda-alvarez-sera-un-espacio-digno-y-muy-disfrutable-para-las-familias\/#primaryimage"},"thumbnailUrl":"https:\/\/i0.wp.com\/masquenoticias.mx\/wp-content\/uploads\/2025\/02\/303f4aca-e0f3-4866-9c38-242301ce7cd4-1.jpg?fit=1080%2C720&ssl=1","datePublished":"2025-02-07T02:57:48+00:00","breadcrumb":{"@id":"https:\/\/masquenoticias.mx\/index.php\/2025\/02\/06\/indira-vizcaino-estamos-rehabilitando-por-completo-el-parque-regional-griselda-alvarez-sera-un-espacio-digno-y-muy-disfrutable-para-las-familias\/#breadcrumb"},"inLanguage":"es","potentialAction":[{"@type":"ReadAction","target":["https:\/\/masquenoticias.mx\/index.php\/2025\/02\/06\/indira-vizcaino-estamos-rehabilitando-por-completo-el-parque-regional-griselda-alvarez-sera-un-espacio-digno-y-muy-disfrutable-para-las-familias\/"]}]},{"@type":"ImageObject","inLanguage":"es","@id":"https:\/\/masquenoticias.mx\/index.php\/2025\/02\/06\/indira-vizcaino-estamos-rehabilitando-por-completo-el-parque-regional-griselda-alvarez-sera-un-espacio-digno-y-muy-disfrutable-para-las-familias\/#primaryimage","url":"https:\/\/i0.wp.com\/masquenoticias.mx\/wp-content\/uploads\/2025\/02\/303f4aca-e0f3-4866-9c38-242301ce7cd4-1.jpg?fit=1080%2C720&ssl=1","contentUrl":"https:\/\/i0.wp.com\/masquenoticias.mx\/wp-content\/uploads\/2025\/02\/303f4aca-e0f3-4866-9c38-242301ce7cd4-1.jpg?fit=1080%2C720&ssl=1","width":1080,"height":720},{"@type":"BreadcrumbList","@id":"https:\/\/masquenoticias.mx\/index.php\/2025\/02\/06\/indira-vizcaino-estamos-rehabilitando-por-completo-el-parque-regional-griselda-alvarez-sera-un-espacio-digno-y-muy-disfrutable-para-las-familias\/#breadcrumb","itemListElement":[{"@type":"ListItem","position":1,"name":"Inicio","item":"https:\/\/masquenoticias.mx\/"},{"@type":"ListItem","position":2,"name":"Indira Vizca\u00edno: estamos rehabilitando por completo el Parque Regional \u2018Griselda \u00c1lvarez\u2019, ser\u00e1 un espacio digno y muy disfrutable para las familias"}]},{"@type":"WebSite","@id":"https:\/\/masquenoticias.mx\/#website","url":"https:\/\/masquenoticias.mx\/","name":"M\u00e1s Que Noticias","description":"Noticias de Colima, M\u00e9xico y el Mundo","publisher":{"@id":"https:\/\/masquenoticias.mx\/#organization"},"potentialAction":[{"@type":"SearchAction","target":{"@type":"EntryPoint","urlTemplate":"https:\/\/masquenoticias.mx\/?s={search_term_string}"},"query-input":{"@type":"PropertyValueSpecification","valueRequired":true,"valueName":"search_term_string"}}],"inLanguage":"es"},{"@type":"Organization","@id":"https:\/\/masquenoticias.mx\/#organization","name":"M\u00e1s Que Noticias","url":"https:\/\/masquenoticias.mx\/","logo":{"@type":"ImageObject","inLanguage":"es","@id":"https:\/\/masquenoticias.mx\/#\/schema\/logo\/image\/","url":"https:\/\/i0.wp.com\/masquenoticias.mx\/wp-content\/uploads\/2024\/04\/IMG_0004.png?fit=2560%2C1656&ssl=1","contentUrl":"https:\/\/i0.wp.com\/masquenoticias.mx\/wp-content\/uploads\/2024\/04\/IMG_0004.png?fit=2560%2C1656&ssl=1","width":2560,"height":1656,"caption":"M\u00e1s Que Noticias"},"image":{"@id":"https:\/\/masquenoticias.mx\/#\/schema\/logo\/image\/"},"sameAs":["https:\/\/www.facebook.com\/masquenoticiascolima","https:\/\/x.com\/edgartove","https:\/\/www.instagram.com\/masquenoticiascolima\/"]},{"@type":"Person","@id":"https:\/\/masquenoticias.mx\/#\/schema\/person\/544d19989ef23d34615f691f7a96e622","name":"Redacci\u00f3n","image":{"@type":"ImageObject","inLanguage":"es","@id":"https:\/\/masquenoticias.mx\/#\/schema\/person\/image\/","url":"https:\/\/secure.gravatar.com\/avatar\/7fcc926d5b058d3f3d52d95b4d05dd58?s=96&d=mm&r=g","contentUrl":"https:\/\/secure.gravatar.com\/avatar\/7fcc926d5b058d3f3d52d95b4d05dd58?s=96&d=mm&r=g","caption":"Redacci\u00f3n"},"sameAs":["http:\/\/masquenoticias.mx"],"url":"https:\/\/masquenoticias.mx\/index.php\/author\/edgartovegmail-com\/"}]}},"jetpack_featured_media_url":"https:\/\/i0.wp.com\/masquenoticias.mx\/wp-content\/uploads\/2025\/02\/303f4aca-e0f3-4866-9c38-242301ce7cd4-1.jpg?fit=1080%2C720&ssl=1","blog_post_layout_featured_media_urls":{"thumbnail":["https:\/\/i0.wp.com\/masquenoticias.mx\/wp-content\/uploads\/2025\/02\/303f4aca-e0f3-4866-9c38-242301ce7cd4-1.jpg?resize=150%2C150&ssl=1",150,150,true],"full":["https:\/\/i0.wp.com\/masquenoticias.mx\/wp-content\/uploads\/2025\/02\/303f4aca-e0f3-4866-9c38-242301ce7cd4-1.jpg?fit=1080%2C720&ssl=1",1080,720,false]},"categories_names":{"24":{"name":"Estado","link":"https:\/\/masquenoticias.mx\/index.php\/category\/estado\/"}},"tags_names":{"26":{"name":"Indira Vizca\u00edno","link":"https:\/\/masquenoticias.mx\/index.php\/tag\/indira-vizcaino\/"}},"comments_number":"0","wpmagazine_modules_lite_featured_media_urls":{"thumbnail":["https:\/\/i0.wp.com\/masquenoticias.mx\/wp-content\/uploads\/2025\/02\/303f4aca-e0f3-4866-9c38-242301ce7cd4-1.jpg?resize=150%2C150&ssl=1",150,150,true],"cvmm-medium":["https:\/\/i0.wp.com\/masquenoticias.mx\/wp-content\/uploads\/2025\/02\/303f4aca-e0f3-4866-9c38-242301ce7cd4-1.jpg?resize=300%2C300&ssl=1",300,300,true],"cvmm-medium-plus":["https:\/\/i0.wp.com\/masquenoticias.mx\/wp-content\/uploads\/2025\/02\/303f4aca-e0f3-4866-9c38-242301ce7cd4-1.jpg?resize=305%2C207&ssl=1",305,207,true],"cvmm-portrait":["https:\/\/i0.wp.com\/masquenoticias.mx\/wp-content\/uploads\/2025\/02\/303f4aca-e0f3-4866-9c38-242301ce7cd4-1.jpg?resize=400%2C600&ssl=1",400,600,true],"cvmm-medium-square":["https:\/\/i0.wp.com\/masquenoticias.mx\/wp-content\/uploads\/2025\/02\/303f4aca-e0f3-4866-9c38-242301ce7cd4-1.jpg?resize=600%2C600&ssl=1",600,600,true],"cvmm-large":["https:\/\/i0.wp.com\/masquenoticias.mx\/wp-content\/uploads\/2025\/02\/303f4aca-e0f3-4866-9c38-242301ce7cd4-1.jpg?resize=1024%2C720&ssl=1",1024,720,true],"cvmm-small":["https:\/\/i0.wp.com\/masquenoticias.mx\/wp-content\/uploads\/2025\/02\/303f4aca-e0f3-4866-9c38-242301ce7cd4-1.jpg?resize=130%2C95&ssl=1",130,95,true],"full":["https:\/\/i0.wp.com\/masquenoticias.mx\/wp-content\/uploads\/2025\/02\/303f4aca-e0f3-4866-9c38-242301ce7cd4-1.jpg?fit=1080%2C720&ssl=1",1080,720,false]},"jetpack-related-posts":[],"jetpack_sharing_enabled":true,"jetpack_likes_enabled":true,"jetpack_shortlink":"https:\/\/wp.me\/pf7pkt-3BN","_links":{"self":[{"href":"https:\/\/masquenoticias.mx\/index.php\/wp-json\/wp\/v2\/posts\/13875","targetHints":{"allow":["GET"]}}],"collection":[{"href":"https:\/\/masquenoticias.mx\/index.php\/wp-json\/wp\/v2\/posts"}],"about":[{"href":"https:\/\/masquenoticias.mx\/index.php\/wp-json\/wp\/v2\/types\/post"}],"author":[{"embeddable":true,"href":"https:\/\/masquenoticias.mx\/index.php\/wp-json\/wp\/v2\/users\/1"}],"replies":[{"embeddable":true,"href":"https:\/\/masquenoticias.mx\/index.php\/wp-json\/wp\/v2\/comments?post=13875"}],"version-history":[{"count":1,"href":"https:\/\/masquenoticias.mx\/index.php\/wp-json\/wp\/v2\/posts\/13875\/revisions"}],"predecessor-version":[{"id":13876,"href":"https:\/\/masquenoticias.mx\/index.php\/wp-json\/wp\/v2\/posts\/13875\/revisions\/13876"}],"wp:featuredmedia":[{"embeddable":true,"href":"https:\/\/masquenoticias.mx\/index.php\/wp-json\/wp\/v2\/media\/13874"}],"wp:attachment":[{"href":"https:\/\/masquenoticias.mx\/index.php\/wp-json\/wp\/v2\/media?parent=13875"}],"wp:term":[{"taxonomy":"category","embeddable":true,"href":"https:\/\/masquenoticias.mx\/index.php\/wp-json\/wp\/v2\/categories?post=13875"},{"taxonomy":"post_tag","embeddable":true,"href":"https:\/\/masquenoticias.mx\/index.php\/wp-json\/wp\/v2\/tags?post=13875"}],"curies":[{"name":"wp","href":"https:\/\/api.w.org\/{rel}","templated":true}]}}