{"id":13872,"date":"2025-02-06T18:20:16","date_gmt":"2025-02-07T00:20:16","guid":{"rendered":"https:\/\/masquenoticias.mx\/?p=13872"},"modified":"2025-02-06T18:20:16","modified_gmt":"2025-02-07T00:20:16","slug":"debemos-trabajar-unidos-para-construir-otro-colima-riult-rivera","status":"publish","type":"post","link":"https:\/\/masquenoticias.mx\/index.php\/2025\/02\/06\/debemos-trabajar-unidos-para-construir-otro-colima-riult-rivera\/","title":{"rendered":"Debemos trabajar unidos para construir otro Colima: Riult Rivera"},"content":{"rendered":"\n<p><\/p>\n\n\n\n<p>Colima, Col., 6 de febrero de 2025.- En el marco del 428 aniversario del sacrificio de San Felipe de Jes\u00fas, patrono de Colima, se celebr\u00f3 con gran \u00e9xito el performance &#8220;La Higuera Reverdecida&#8221;, una representaci\u00f3n que present\u00f3 para conmemorar la vida y obra del santo patrono de Colima.<\/p>\n\n\n\n<p>Este evento, organizado por el Ayuntamiento de Colima y la Di\u00f3cesis de Colima, tuvo lugar en el Foro habilitado en la Rinconada del Libertador Miguel Hidalgo, a un costado de El Beaterio y congreg\u00f3 a centenares de personas que disfrutaron de una conmovedora puesta en escena.<\/p>\n\n\n\n<p>La representaci\u00f3n, que cont\u00f3 con la participaci\u00f3n de m\u00e1s de 70 actores, incluidos estudiantes de la Universidad de Colima y el Centro de Educaci\u00f3n Art\u00edstica (Cedart), incluy\u00f3 una significativa colaboraci\u00f3n de 5 personas invidentes, quienes aportaron una dimensi\u00f3n inclusiva al evento.<\/p>\n\n\n\n<p>En su mensaje, el alcalde Riult Rivera destac\u00f3 el esfuerzo y el talento de los actores, agradeciendo su dedicaci\u00f3n por transmitir el sentimiento y la historia de San Felipe de Jes\u00fas a trav\u00e9s de su actuaci\u00f3n. El presidente municipal enfatiz\u00f3 que \u201ctrabajando en equipo, los diferentes sectores de la sociedad podemos construir otro Colima y una nueva historia\u201d.<\/p>\n\n\n\n<p>Adem\u00e1s, resalt\u00f3 la importancia de la unidad, mencionando que, como bien se\u00f1al\u00f3 el obispo de la Di\u00f3cesis, Monse\u00f1or Gerardo D\u00edaz V\u00e1zquez, la sinergia y la cooperaci\u00f3n entre los distintos grupos sociales son clave para fortalecer nuestra comunidad.<\/p>\n\n\n\n<p>\u201cEl ejemplo de San Felipe de Jes\u00fas, representado hoy en este maravilloso performance, nos dej\u00f3 una gran lecci\u00f3n: somos seres humanos que estamos en el mismo plano y debemos trabajar unidos para construir otro Colima\u201d, expres\u00f3 Riult Rivera.<\/p>\n\n\n\n<p>Asimismo, el arquitecto Julio Mendoza anunci\u00f3 la restauraci\u00f3n del Reloj Solar, ubicado en la plazoleta del lugar. Este objeto, que fue instalado hace 15 a\u00f1os y vandalizado hace seis, ser\u00e1 recuperado gracias al inter\u00e9s del alcalde Riult Rivera, aportando as\u00ed valor cient\u00edfico y art\u00edstico al espacio.<\/p>\n\n\n\n<p>Por su parte, el Obispo de la Di\u00f3cesis de Colima, Monse\u00f1or Gerardo D\u00edaz V\u00e1zquez, destac\u00f3 la importancia de la m\u00fasica, la danza y la actuaci\u00f3n como medios para adentrarnos en el origen humano y descubrir nuestra grandeza.<\/p>\n\n\n\n<p>Agradeci\u00f3 el esfuerzo de la comunidad, el Ayuntamiento de Colima y los colaboradores, subrayando la importancia de la inclusi\u00f3n, especialmente al destacar la participaci\u00f3n \u201cde los hermanos invidentes\u201d. \u201cEste esfuerzo es un hermoso ejemplo de lo que podemos lograr cuando nos unimos y trabajamos juntos para el beneficio de todos\u201d, dijo el Obispo.<\/p>\n\n\n\n<p>Al final del evento, se dio a conocer que el Archivo General de la Naci\u00f3n don\u00f3 36 litograf\u00edas relacionadas con la vida de San Felipe de Jes\u00fas, las cuales formar\u00e1n parte del patrimonio del Obispado de Colima y estar\u00e1n disponibles para su consulta y admiraci\u00f3n por parte de la comunidad.<\/p>\n\n\n\n<p>Para concluir, el presidente Riult Rivera agradeci\u00f3 a todos los presentes y a las autoridades eclesi\u00e1sticas por permitir que esta representaci\u00f3n se llevara a cabo, destacando que este tipo de actividades, organizadas en conjunto con la Iglesia, permiten generar mejores resultados para la sociedad de Colima.<\/p>\n","protected":false},"excerpt":{"rendered":"<p>Colima, Col., 6 de febrero de 2025.- En el marco del 428 aniversario del sacrificio de San Felipe de Jes\u00fas, patrono de Colima, se celebr\u00f3 con gran \u00e9xito el performance &#8220;La Higuera Reverdecida&#8221;, una representaci\u00f3n que present\u00f3 para conmemorar la vida y obra del santo patrono de Colima. Este evento, organizado por el Ayuntamiento de [&hellip;]<\/p>\n","protected":false},"author":1,"featured_media":13871,"comment_status":"closed","ping_status":"open","sticky":false,"template":"","format":"standard","meta":{"_jetpack_memberships_contains_paid_content":false,"footnotes":""},"categories":[28],"tags":[41,142],"class_list":["post-13872","post","type-post","status-publish","format-standard","has-post-thumbnail","hentry","category-municipios","tag-colima","tag-riult-rivera"],"yoast_head":"<!-- This site is optimized with the Yoast SEO plugin v26.6 - https:\/\/yoast.com\/wordpress\/plugins\/seo\/ -->\n<title>Debemos trabajar unidos para construir otro Colima: Riult Rivera - M\u00e1s Que Noticias<\/title>\n<meta name=\"robots\" content=\"index, follow, max-snippet:-1, max-image-preview:large, max-video-preview:-1\" \/>\n<link rel=\"canonical\" href=\"https:\/\/masquenoticias.mx\/index.php\/2025\/02\/06\/debemos-trabajar-unidos-para-construir-otro-colima-riult-rivera\/\" \/>\n<meta property=\"og:locale\" content=\"es_MX\" \/>\n<meta property=\"og:type\" content=\"article\" \/>\n<meta property=\"og:title\" content=\"Debemos trabajar unidos para construir otro Colima: Riult Rivera - M\u00e1s Que Noticias\" \/>\n<meta property=\"og:description\" content=\"Colima, Col., 6 de febrero de 2025.- En el marco del 428 aniversario del sacrificio de San Felipe de Jes\u00fas, patrono de Colima, se celebr\u00f3 con gran \u00e9xito el performance &#8220;La Higuera Reverdecida&#8221;, una representaci\u00f3n que present\u00f3 para conmemorar la vida y obra del santo patrono de Colima. Este evento, organizado por el Ayuntamiento de [&hellip;]\" \/>\n<meta property=\"og:url\" content=\"https:\/\/masquenoticias.mx\/index.php\/2025\/02\/06\/debemos-trabajar-unidos-para-construir-otro-colima-riult-rivera\/\" \/>\n<meta property=\"og:site_name\" content=\"M\u00e1s Que Noticias\" \/>\n<meta property=\"article:publisher\" content=\"https:\/\/www.facebook.com\/masquenoticiascolima\" \/>\n<meta property=\"article:published_time\" content=\"2025-02-07T00:20:16+00:00\" \/>\n<meta property=\"og:image\" content=\"https:\/\/i0.wp.com\/masquenoticias.mx\/wp-content\/uploads\/2025\/02\/f410a7ef-bd58-4175-8afb-a0923fc55d5d-1.jpg?fit=2000%2C1335&ssl=1\" \/>\n\t<meta property=\"og:image:width\" content=\"2000\" \/>\n\t<meta property=\"og:image:height\" content=\"1335\" \/>\n\t<meta property=\"og:image:type\" content=\"image\/jpeg\" \/>\n<meta name=\"author\" content=\"Redacci\u00f3n\" \/>\n<meta name=\"twitter:card\" content=\"summary_large_image\" \/>\n<meta name=\"twitter:creator\" content=\"@edgartove\" \/>\n<meta name=\"twitter:site\" content=\"@edgartove\" \/>\n<meta name=\"twitter:label1\" content=\"Escrito por\" \/>\n\t<meta name=\"twitter:data1\" content=\"Redacci\u00f3n\" \/>\n\t<meta name=\"twitter:label2\" content=\"Tiempo de lectura\" \/>\n\t<meta name=\"twitter:data2\" content=\"3 minutos\" \/>\n<script type=\"application\/ld+json\" class=\"yoast-schema-graph\">{\"@context\":\"https:\/\/schema.org\",\"@graph\":[{\"@type\":\"Article\",\"@id\":\"https:\/\/masquenoticias.mx\/index.php\/2025\/02\/06\/debemos-trabajar-unidos-para-construir-otro-colima-riult-rivera\/#article\",\"isPartOf\":{\"@id\":\"https:\/\/masquenoticias.mx\/index.php\/2025\/02\/06\/debemos-trabajar-unidos-para-construir-otro-colima-riult-rivera\/\"},\"author\":{\"name\":\"Redacci\u00f3n\",\"@id\":\"https:\/\/masquenoticias.mx\/#\/schema\/person\/544d19989ef23d34615f691f7a96e622\"},\"headline\":\"Debemos trabajar unidos para construir otro Colima: Riult Rivera\",\"datePublished\":\"2025-02-07T00:20:16+00:00\",\"mainEntityOfPage\":{\"@id\":\"https:\/\/masquenoticias.mx\/index.php\/2025\/02\/06\/debemos-trabajar-unidos-para-construir-otro-colima-riult-rivera\/\"},\"wordCount\":547,\"publisher\":{\"@id\":\"https:\/\/masquenoticias.mx\/#organization\"},\"image\":{\"@id\":\"https:\/\/masquenoticias.mx\/index.php\/2025\/02\/06\/debemos-trabajar-unidos-para-construir-otro-colima-riult-rivera\/#primaryimage\"},\"thumbnailUrl\":\"https:\/\/i0.wp.com\/masquenoticias.mx\/wp-content\/uploads\/2025\/02\/f410a7ef-bd58-4175-8afb-a0923fc55d5d-1.jpg?fit=2000%2C1335&ssl=1\",\"keywords\":[\"Colima\",\"Riult Rivera\"],\"articleSection\":[\"Municipios\"],\"inLanguage\":\"es\"},{\"@type\":\"WebPage\",\"@id\":\"https:\/\/masquenoticias.mx\/index.php\/2025\/02\/06\/debemos-trabajar-unidos-para-construir-otro-colima-riult-rivera\/\",\"url\":\"https:\/\/masquenoticias.mx\/index.php\/2025\/02\/06\/debemos-trabajar-unidos-para-construir-otro-colima-riult-rivera\/\",\"name\":\"Debemos trabajar unidos para construir otro Colima: Riult Rivera - M\u00e1s Que Noticias\",\"isPartOf\":{\"@id\":\"https:\/\/masquenoticias.mx\/#website\"},\"primaryImageOfPage\":{\"@id\":\"https:\/\/masquenoticias.mx\/index.php\/2025\/02\/06\/debemos-trabajar-unidos-para-construir-otro-colima-riult-rivera\/#primaryimage\"},\"image\":{\"@id\":\"https:\/\/masquenoticias.mx\/index.php\/2025\/02\/06\/debemos-trabajar-unidos-para-construir-otro-colima-riult-rivera\/#primaryimage\"},\"thumbnailUrl\":\"https:\/\/i0.wp.com\/masquenoticias.mx\/wp-content\/uploads\/2025\/02\/f410a7ef-bd58-4175-8afb-a0923fc55d5d-1.jpg?fit=2000%2C1335&ssl=1\",\"datePublished\":\"2025-02-07T00:20:16+00:00\",\"breadcrumb\":{\"@id\":\"https:\/\/masquenoticias.mx\/index.php\/2025\/02\/06\/debemos-trabajar-unidos-para-construir-otro-colima-riult-rivera\/#breadcrumb\"},\"inLanguage\":\"es\",\"potentialAction\":[{\"@type\":\"ReadAction\",\"target\":[\"https:\/\/masquenoticias.mx\/index.php\/2025\/02\/06\/debemos-trabajar-unidos-para-construir-otro-colima-riult-rivera\/\"]}]},{\"@type\":\"ImageObject\",\"inLanguage\":\"es\",\"@id\":\"https:\/\/masquenoticias.mx\/index.php\/2025\/02\/06\/debemos-trabajar-unidos-para-construir-otro-colima-riult-rivera\/#primaryimage\",\"url\":\"https:\/\/i0.wp.com\/masquenoticias.mx\/wp-content\/uploads\/2025\/02\/f410a7ef-bd58-4175-8afb-a0923fc55d5d-1.jpg?fit=2000%2C1335&ssl=1\",\"contentUrl\":\"https:\/\/i0.wp.com\/masquenoticias.mx\/wp-content\/uploads\/2025\/02\/f410a7ef-bd58-4175-8afb-a0923fc55d5d-1.jpg?fit=2000%2C1335&ssl=1\",\"width\":2000,\"height\":1335},{\"@type\":\"BreadcrumbList\",\"@id\":\"https:\/\/masquenoticias.mx\/index.php\/2025\/02\/06\/debemos-trabajar-unidos-para-construir-otro-colima-riult-rivera\/#breadcrumb\",\"itemListElement\":[{\"@type\":\"ListItem\",\"position\":1,\"name\":\"Inicio\",\"item\":\"https:\/\/masquenoticias.mx\/\"},{\"@type\":\"ListItem\",\"position\":2,\"name\":\"Debemos trabajar unidos para construir otro Colima: Riult Rivera\"}]},{\"@type\":\"WebSite\",\"@id\":\"https:\/\/masquenoticias.mx\/#website\",\"url\":\"https:\/\/masquenoticias.mx\/\",\"name\":\"M\u00e1s Que Noticias\",\"description\":\"Noticias de Colima, M\u00e9xico y el Mundo\",\"publisher\":{\"@id\":\"https:\/\/masquenoticias.mx\/#organization\"},\"potentialAction\":[{\"@type\":\"SearchAction\",\"target\":{\"@type\":\"EntryPoint\",\"urlTemplate\":\"https:\/\/masquenoticias.mx\/?s={search_term_string}\"},\"query-input\":{\"@type\":\"PropertyValueSpecification\",\"valueRequired\":true,\"valueName\":\"search_term_string\"}}],\"inLanguage\":\"es\"},{\"@type\":\"Organization\",\"@id\":\"https:\/\/masquenoticias.mx\/#organization\",\"name\":\"M\u00e1s Que Noticias\",\"url\":\"https:\/\/masquenoticias.mx\/\",\"logo\":{\"@type\":\"ImageObject\",\"inLanguage\":\"es\",\"@id\":\"https:\/\/masquenoticias.mx\/#\/schema\/logo\/image\/\",\"url\":\"https:\/\/i0.wp.com\/masquenoticias.mx\/wp-content\/uploads\/2024\/04\/IMG_0004.png?fit=2560%2C1656&ssl=1\",\"contentUrl\":\"https:\/\/i0.wp.com\/masquenoticias.mx\/wp-content\/uploads\/2024\/04\/IMG_0004.png?fit=2560%2C1656&ssl=1\",\"width\":2560,\"height\":1656,\"caption\":\"M\u00e1s Que Noticias\"},\"image\":{\"@id\":\"https:\/\/masquenoticias.mx\/#\/schema\/logo\/image\/\"},\"sameAs\":[\"https:\/\/www.facebook.com\/masquenoticiascolima\",\"https:\/\/x.com\/edgartove\",\"https:\/\/www.instagram.com\/masquenoticiascolima\/\"]},{\"@type\":\"Person\",\"@id\":\"https:\/\/masquenoticias.mx\/#\/schema\/person\/544d19989ef23d34615f691f7a96e622\",\"name\":\"Redacci\u00f3n\",\"image\":{\"@type\":\"ImageObject\",\"inLanguage\":\"es\",\"@id\":\"https:\/\/masquenoticias.mx\/#\/schema\/person\/image\/\",\"url\":\"https:\/\/secure.gravatar.com\/avatar\/7fcc926d5b058d3f3d52d95b4d05dd58?s=96&d=mm&r=g\",\"contentUrl\":\"https:\/\/secure.gravatar.com\/avatar\/7fcc926d5b058d3f3d52d95b4d05dd58?s=96&d=mm&r=g\",\"caption\":\"Redacci\u00f3n\"},\"sameAs\":[\"http:\/\/masquenoticias.mx\"],\"url\":\"https:\/\/masquenoticias.mx\/index.php\/author\/edgartovegmail-com\/\"}]}<\/script>\n<!-- \/ Yoast SEO plugin. -->","yoast_head_json":{"title":"Debemos trabajar unidos para construir otro Colima: Riult Rivera - M\u00e1s Que Noticias","robots":{"index":"index","follow":"follow","max-snippet":"max-snippet:-1","max-image-preview":"max-image-preview:large","max-video-preview":"max-video-preview:-1"},"canonical":"https:\/\/masquenoticias.mx\/index.php\/2025\/02\/06\/debemos-trabajar-unidos-para-construir-otro-colima-riult-rivera\/","og_locale":"es_MX","og_type":"article","og_title":"Debemos trabajar unidos para construir otro Colima: Riult Rivera - M\u00e1s Que Noticias","og_description":"Colima, Col., 6 de febrero de 2025.- En el marco del 428 aniversario del sacrificio de San Felipe de Jes\u00fas, patrono de Colima, se celebr\u00f3 con gran \u00e9xito el performance &#8220;La Higuera Reverdecida&#8221;, una representaci\u00f3n que present\u00f3 para conmemorar la vida y obra del santo patrono de Colima. Este evento, organizado por el Ayuntamiento de [&hellip;]","og_url":"https:\/\/masquenoticias.mx\/index.php\/2025\/02\/06\/debemos-trabajar-unidos-para-construir-otro-colima-riult-rivera\/","og_site_name":"M\u00e1s Que Noticias","article_publisher":"https:\/\/www.facebook.com\/masquenoticiascolima","article_published_time":"2025-02-07T00:20:16+00:00","og_image":[{"width":2000,"height":1335,"url":"https:\/\/i0.wp.com\/masquenoticias.mx\/wp-content\/uploads\/2025\/02\/f410a7ef-bd58-4175-8afb-a0923fc55d5d-1.jpg?fit=2000%2C1335&ssl=1","type":"image\/jpeg"}],"author":"Redacci\u00f3n","twitter_card":"summary_large_image","twitter_creator":"@edgartove","twitter_site":"@edgartove","twitter_misc":{"Escrito por":"Redacci\u00f3n","Tiempo de lectura":"3 minutos"},"schema":{"@context":"https:\/\/schema.org","@graph":[{"@type":"Article","@id":"https:\/\/masquenoticias.mx\/index.php\/2025\/02\/06\/debemos-trabajar-unidos-para-construir-otro-colima-riult-rivera\/#article","isPartOf":{"@id":"https:\/\/masquenoticias.mx\/index.php\/2025\/02\/06\/debemos-trabajar-unidos-para-construir-otro-colima-riult-rivera\/"},"author":{"name":"Redacci\u00f3n","@id":"https:\/\/masquenoticias.mx\/#\/schema\/person\/544d19989ef23d34615f691f7a96e622"},"headline":"Debemos trabajar unidos para construir otro Colima: Riult Rivera","datePublished":"2025-02-07T00:20:16+00:00","mainEntityOfPage":{"@id":"https:\/\/masquenoticias.mx\/index.php\/2025\/02\/06\/debemos-trabajar-unidos-para-construir-otro-colima-riult-rivera\/"},"wordCount":547,"publisher":{"@id":"https:\/\/masquenoticias.mx\/#organization"},"image":{"@id":"https:\/\/masquenoticias.mx\/index.php\/2025\/02\/06\/debemos-trabajar-unidos-para-construir-otro-colima-riult-rivera\/#primaryimage"},"thumbnailUrl":"https:\/\/i0.wp.com\/masquenoticias.mx\/wp-content\/uploads\/2025\/02\/f410a7ef-bd58-4175-8afb-a0923fc55d5d-1.jpg?fit=2000%2C1335&ssl=1","keywords":["Colima","Riult Rivera"],"articleSection":["Municipios"],"inLanguage":"es"},{"@type":"WebPage","@id":"https:\/\/masquenoticias.mx\/index.php\/2025\/02\/06\/debemos-trabajar-unidos-para-construir-otro-colima-riult-rivera\/","url":"https:\/\/masquenoticias.mx\/index.php\/2025\/02\/06\/debemos-trabajar-unidos-para-construir-otro-colima-riult-rivera\/","name":"Debemos trabajar unidos para construir otro Colima: Riult Rivera - M\u00e1s Que Noticias","isPartOf":{"@id":"https:\/\/masquenoticias.mx\/#website"},"primaryImageOfPage":{"@id":"https:\/\/masquenoticias.mx\/index.php\/2025\/02\/06\/debemos-trabajar-unidos-para-construir-otro-colima-riult-rivera\/#primaryimage"},"image":{"@id":"https:\/\/masquenoticias.mx\/index.php\/2025\/02\/06\/debemos-trabajar-unidos-para-construir-otro-colima-riult-rivera\/#primaryimage"},"thumbnailUrl":"https:\/\/i0.wp.com\/masquenoticias.mx\/wp-content\/uploads\/2025\/02\/f410a7ef-bd58-4175-8afb-a0923fc55d5d-1.jpg?fit=2000%2C1335&ssl=1","datePublished":"2025-02-07T00:20:16+00:00","breadcrumb":{"@id":"https:\/\/masquenoticias.mx\/index.php\/2025\/02\/06\/debemos-trabajar-unidos-para-construir-otro-colima-riult-rivera\/#breadcrumb"},"inLanguage":"es","potentialAction":[{"@type":"ReadAction","target":["https:\/\/masquenoticias.mx\/index.php\/2025\/02\/06\/debemos-trabajar-unidos-para-construir-otro-colima-riult-rivera\/"]}]},{"@type":"ImageObject","inLanguage":"es","@id":"https:\/\/masquenoticias.mx\/index.php\/2025\/02\/06\/debemos-trabajar-unidos-para-construir-otro-colima-riult-rivera\/#primaryimage","url":"https:\/\/i0.wp.com\/masquenoticias.mx\/wp-content\/uploads\/2025\/02\/f410a7ef-bd58-4175-8afb-a0923fc55d5d-1.jpg?fit=2000%2C1335&ssl=1","contentUrl":"https:\/\/i0.wp.com\/masquenoticias.mx\/wp-content\/uploads\/2025\/02\/f410a7ef-bd58-4175-8afb-a0923fc55d5d-1.jpg?fit=2000%2C1335&ssl=1","width":2000,"height":1335},{"@type":"BreadcrumbList","@id":"https:\/\/masquenoticias.mx\/index.php\/2025\/02\/06\/debemos-trabajar-unidos-para-construir-otro-colima-riult-rivera\/#breadcrumb","itemListElement":[{"@type":"ListItem","position":1,"name":"Inicio","item":"https:\/\/masquenoticias.mx\/"},{"@type":"ListItem","position":2,"name":"Debemos trabajar unidos para construir otro Colima: Riult Rivera"}]},{"@type":"WebSite","@id":"https:\/\/masquenoticias.mx\/#website","url":"https:\/\/masquenoticias.mx\/","name":"M\u00e1s Que Noticias","description":"Noticias de Colima, M\u00e9xico y el Mundo","publisher":{"@id":"https:\/\/masquenoticias.mx\/#organization"},"potentialAction":[{"@type":"SearchAction","target":{"@type":"EntryPoint","urlTemplate":"https:\/\/masquenoticias.mx\/?s={search_term_string}"},"query-input":{"@type":"PropertyValueSpecification","valueRequired":true,"valueName":"search_term_string"}}],"inLanguage":"es"},{"@type":"Organization","@id":"https:\/\/masquenoticias.mx\/#organization","name":"M\u00e1s Que Noticias","url":"https:\/\/masquenoticias.mx\/","logo":{"@type":"ImageObject","inLanguage":"es","@id":"https:\/\/masquenoticias.mx\/#\/schema\/logo\/image\/","url":"https:\/\/i0.wp.com\/masquenoticias.mx\/wp-content\/uploads\/2024\/04\/IMG_0004.png?fit=2560%2C1656&ssl=1","contentUrl":"https:\/\/i0.wp.com\/masquenoticias.mx\/wp-content\/uploads\/2024\/04\/IMG_0004.png?fit=2560%2C1656&ssl=1","width":2560,"height":1656,"caption":"M\u00e1s Que Noticias"},"image":{"@id":"https:\/\/masquenoticias.mx\/#\/schema\/logo\/image\/"},"sameAs":["https:\/\/www.facebook.com\/masquenoticiascolima","https:\/\/x.com\/edgartove","https:\/\/www.instagram.com\/masquenoticiascolima\/"]},{"@type":"Person","@id":"https:\/\/masquenoticias.mx\/#\/schema\/person\/544d19989ef23d34615f691f7a96e622","name":"Redacci\u00f3n","image":{"@type":"ImageObject","inLanguage":"es","@id":"https:\/\/masquenoticias.mx\/#\/schema\/person\/image\/","url":"https:\/\/secure.gravatar.com\/avatar\/7fcc926d5b058d3f3d52d95b4d05dd58?s=96&d=mm&r=g","contentUrl":"https:\/\/secure.gravatar.com\/avatar\/7fcc926d5b058d3f3d52d95b4d05dd58?s=96&d=mm&r=g","caption":"Redacci\u00f3n"},"sameAs":["http:\/\/masquenoticias.mx"],"url":"https:\/\/masquenoticias.mx\/index.php\/author\/edgartovegmail-com\/"}]}},"jetpack_featured_media_url":"https:\/\/i0.wp.com\/masquenoticias.mx\/wp-content\/uploads\/2025\/02\/f410a7ef-bd58-4175-8afb-a0923fc55d5d-1.jpg?fit=2000%2C1335&ssl=1","blog_post_layout_featured_media_urls":{"thumbnail":["https:\/\/i0.wp.com\/masquenoticias.mx\/wp-content\/uploads\/2025\/02\/f410a7ef-bd58-4175-8afb-a0923fc55d5d-1.jpg?resize=150%2C150&ssl=1",150,150,true],"full":["https:\/\/i0.wp.com\/masquenoticias.mx\/wp-content\/uploads\/2025\/02\/f410a7ef-bd58-4175-8afb-a0923fc55d5d-1.jpg?fit=2000%2C1335&ssl=1",2000,1335,false]},"categories_names":{"28":{"name":"Municipios","link":"https:\/\/masquenoticias.mx\/index.php\/category\/municipios\/"}},"tags_names":{"41":{"name":"Colima","link":"https:\/\/masquenoticias.mx\/index.php\/tag\/colima\/"},"142":{"name":"Riult Rivera","link":"https:\/\/masquenoticias.mx\/index.php\/tag\/riult-rivera\/"}},"comments_number":"0","wpmagazine_modules_lite_featured_media_urls":{"thumbnail":["https:\/\/i0.wp.com\/masquenoticias.mx\/wp-content\/uploads\/2025\/02\/f410a7ef-bd58-4175-8afb-a0923fc55d5d-1.jpg?resize=150%2C150&ssl=1",150,150,true],"cvmm-medium":["https:\/\/i0.wp.com\/masquenoticias.mx\/wp-content\/uploads\/2025\/02\/f410a7ef-bd58-4175-8afb-a0923fc55d5d-1.jpg?resize=300%2C300&ssl=1",300,300,true],"cvmm-medium-plus":["https:\/\/i0.wp.com\/masquenoticias.mx\/wp-content\/uploads\/2025\/02\/f410a7ef-bd58-4175-8afb-a0923fc55d5d-1.jpg?resize=305%2C207&ssl=1",305,207,true],"cvmm-portrait":["https:\/\/i0.wp.com\/masquenoticias.mx\/wp-content\/uploads\/2025\/02\/f410a7ef-bd58-4175-8afb-a0923fc55d5d-1.jpg?resize=400%2C600&ssl=1",400,600,true],"cvmm-medium-square":["https:\/\/i0.wp.com\/masquenoticias.mx\/wp-content\/uploads\/2025\/02\/f410a7ef-bd58-4175-8afb-a0923fc55d5d-1.jpg?resize=600%2C600&ssl=1",600,600,true],"cvmm-large":["https:\/\/i0.wp.com\/masquenoticias.mx\/wp-content\/uploads\/2025\/02\/f410a7ef-bd58-4175-8afb-a0923fc55d5d-1.jpg?resize=1024%2C1024&ssl=1",1024,1024,true],"cvmm-small":["https:\/\/i0.wp.com\/masquenoticias.mx\/wp-content\/uploads\/2025\/02\/f410a7ef-bd58-4175-8afb-a0923fc55d5d-1.jpg?resize=130%2C95&ssl=1",130,95,true],"full":["https:\/\/i0.wp.com\/masquenoticias.mx\/wp-content\/uploads\/2025\/02\/f410a7ef-bd58-4175-8afb-a0923fc55d5d-1.jpg?fit=2000%2C1335&ssl=1",2000,1335,false]},"jetpack-related-posts":[],"jetpack_sharing_enabled":true,"jetpack_likes_enabled":true,"jetpack_shortlink":"https:\/\/wp.me\/pf7pkt-3BK","_links":{"self":[{"href":"https:\/\/masquenoticias.mx\/index.php\/wp-json\/wp\/v2\/posts\/13872","targetHints":{"allow":["GET"]}}],"collection":[{"href":"https:\/\/masquenoticias.mx\/index.php\/wp-json\/wp\/v2\/posts"}],"about":[{"href":"https:\/\/masquenoticias.mx\/index.php\/wp-json\/wp\/v2\/types\/post"}],"author":[{"embeddable":true,"href":"https:\/\/masquenoticias.mx\/index.php\/wp-json\/wp\/v2\/users\/1"}],"replies":[{"embeddable":true,"href":"https:\/\/masquenoticias.mx\/index.php\/wp-json\/wp\/v2\/comments?post=13872"}],"version-history":[{"count":1,"href":"https:\/\/masquenoticias.mx\/index.php\/wp-json\/wp\/v2\/posts\/13872\/revisions"}],"predecessor-version":[{"id":13873,"href":"https:\/\/masquenoticias.mx\/index.php\/wp-json\/wp\/v2\/posts\/13872\/revisions\/13873"}],"wp:featuredmedia":[{"embeddable":true,"href":"https:\/\/masquenoticias.mx\/index.php\/wp-json\/wp\/v2\/media\/13871"}],"wp:attachment":[{"href":"https:\/\/masquenoticias.mx\/index.php\/wp-json\/wp\/v2\/media?parent=13872"}],"wp:term":[{"taxonomy":"category","embeddable":true,"href":"https:\/\/masquenoticias.mx\/index.php\/wp-json\/wp\/v2\/categories?post=13872"},{"taxonomy":"post_tag","embeddable":true,"href":"https:\/\/masquenoticias.mx\/index.php\/wp-json\/wp\/v2\/tags?post=13872"}],"curies":[{"name":"wp","href":"https:\/\/api.w.org\/{rel}","templated":true}]}}