{"id":13723,"date":"2025-01-29T20:11:45","date_gmt":"2025-01-30T02:11:45","guid":{"rendered":"https:\/\/masquenoticias.mx\/?p=13723"},"modified":"2025-01-29T20:11:45","modified_gmt":"2025-01-30T02:11:45","slug":"todo-lo-que-realizamos-es-para-construir-otro-colima-mas-humano-y-mas-justo-riult-rivera","status":"publish","type":"post","link":"https:\/\/masquenoticias.mx\/index.php\/2025\/01\/29\/todo-lo-que-realizamos-es-para-construir-otro-colima-mas-humano-y-mas-justo-riult-rivera\/","title":{"rendered":"Todo lo que realizamos es para construir Otro Colima m\u00e1s humano y m\u00e1s justo: Riult Rivera"},"content":{"rendered":"<p>&nbsp;<\/p>\n<p>El presidente municipal de Colima, Riult Rivera Guti\u00e9rrez, anunci\u00f3 la realizaci\u00f3n del performance &#8220;La higuera reverdecida&#8221;, un evento cultural con el que el Ayuntamiento de Colima y la Di\u00f3cesis de Colima conmemorar\u00e1n el 428 aniversario del sacrificio de San Felipe de Jes\u00fas, patrono de la ciudad, que se llevar\u00e1 a cabo el pr\u00f3ximo 5 de febrero, a partir de las 20:30 horas en la Rinconada del Cura Hidalgo, en el centro de la ciudad de Colima.<\/p>\n<p>Este evento hist\u00f3rico, art\u00edstico y cultural, contar\u00e1 con la colaboraci\u00f3n de la Di\u00f3cesis de Colima, tiene como objetivo el rescate de una tradici\u00f3n de la ciudad, as\u00ed como la difusi\u00f3n de la vida y obra de San Felipe de Jes\u00fas, el primer m\u00e1rtir mexicano.<\/p>\n<p>Lo anterior fue anunciado en conferencia de prensa por el presidente Riult Rivera Guti\u00e9rrez, quien estuvo acompa\u00f1ado por el Obispo de la Di\u00f3cesis de Colima, Monse\u00f1or Gerardo D\u00edaz V\u00e1zquez, destac\u00f3 la importancia de este evento, se\u00f1alando que se trata de una historia que refleja el proceso de discernimiento entre lo que una persona busca para su vida y lo que Dios le pide, adem\u00e1s de ser una oportunidad para conocer m\u00e1s a fondo el martirio y testimonio de San Felipe de Jes\u00fas.<\/p>\n<p>En la representaci\u00f3n teatral participar\u00e1n alrededor de 70 personas, quienes forman parte de grupos art\u00edsticos locales.<br \/>\nDurante su intervenci\u00f3n, el presidente municipal expres\u00f3 su satisfacci\u00f3n por el evento y coment\u00f3 sobre la importancia de este tipo de actividades para fortalecer la identidad y los valores de la sociedad colimense.<\/p>\n<p>\u201cTodo lo que estamos realizando tiene como fin construir Otro Colima, m\u00e1s humano, m\u00e1s justo, menos discriminante, y con la firme intenci\u00f3n de mejorar la calidad de vida de todas las familias colimenses\u201d, se\u00f1al\u00f3 el alcalde.<\/p>\n<p>Subray\u00f3 que este evento tambi\u00e9n representa una parte fundamental de la cultura e identidad de la ciudad, que hist\u00f3ricamente San Felipe de Jes\u00fas, ha protegido a los colimenses de fen\u00f3menos naturales y ha sido un pilar en la construcci\u00f3n de una sociedad m\u00e1s unida, \u00e9tica y respetuosa.<\/p>\n<p>El presidente tambi\u00e9n hizo \u00e9nfasis en la importancia de seguir fortaleciendo la identidad de los habitantes del municipio, trabajando en una sociedad m\u00e1s empoderada y respetuosa, en la que se eliminen las brechas de discriminaci\u00f3n.<\/p>\n<p>Por su parte, el Obispo de la Di\u00f3cesis de Colima, Monse\u00f1or Gerardo D\u00edaz V\u00e1zquez, record\u00f3 un pasaje significativo de la vida de San Felipe de Jes\u00fas, en el que, seg\u00fan la tradici\u00f3n, la nana del santo le predijo su vocaci\u00f3n religiosa al decir: &#8220;Cuando florezca la higuera, t\u00fa ser\u00e1s religioso&#8221;. Esta historia simboliza el momento en que San Felipe descubre su verdadera vocaci\u00f3n, entreg\u00e1ndose plenamente a una causa superior.<\/p>\n<p>El Obispo de Colima, Monse\u00f1or D\u00edaz V\u00e1zquez expres\u00f3 que este evento ser\u00e1 una gran oportunidad para que los colimenses se reencuentren con su historia y agradeci\u00f3 al presidente municipal Riult Rivera, por organizar una conmemoraci\u00f3n tan significativa. &#8220;Es un evento que tiene fondo, que tiene contenido. Conocer la vida de San Felipe de Jes\u00fas, primer m\u00e1rtir mexicano, es un motivo de orgullo para todos los colimenses&#8221;, se\u00f1al\u00f3.<\/p>\n<p>Finalmente, el presidente Riult Rivera agradeci\u00f3 el apoyo de la poblaci\u00f3n y reafirm\u00f3 su compromiso por seguir trabajando para construir Otro Colima m\u00e1s unido y en donde el ser humano sea el centro de todo esfuerzo.<\/p>\n","protected":false},"excerpt":{"rendered":"<p>&nbsp; El presidente municipal de Colima, Riult Rivera Guti\u00e9rrez, anunci\u00f3 la realizaci\u00f3n del performance &#8220;La higuera reverdecida&#8221;, un evento cultural con el que el Ayuntamiento de Colima y la Di\u00f3cesis de Colima conmemorar\u00e1n el 428 aniversario del sacrificio de San Felipe de Jes\u00fas, patrono de la ciudad, que se llevar\u00e1 a cabo el pr\u00f3ximo 5 [&hellip;]<\/p>\n","protected":false},"author":1,"featured_media":13724,"comment_status":"open","ping_status":"open","sticky":false,"template":"","format":"standard","meta":{"_jetpack_memberships_contains_paid_content":false,"footnotes":""},"categories":[28],"tags":[41,142],"class_list":["post-13723","post","type-post","status-publish","format-standard","has-post-thumbnail","hentry","category-municipios","tag-colima","tag-riult-rivera"],"yoast_head":"<!-- This site is optimized with the Yoast SEO plugin v26.6 - https:\/\/yoast.com\/wordpress\/plugins\/seo\/ -->\n<title>Todo lo que realizamos es para construir Otro Colima m\u00e1s humano y m\u00e1s justo: Riult Rivera - M\u00e1s Que Noticias<\/title>\n<meta name=\"robots\" content=\"index, follow, max-snippet:-1, max-image-preview:large, max-video-preview:-1\" \/>\n<link rel=\"canonical\" href=\"https:\/\/masquenoticias.mx\/index.php\/2025\/01\/29\/todo-lo-que-realizamos-es-para-construir-otro-colima-mas-humano-y-mas-justo-riult-rivera\/\" \/>\n<meta property=\"og:locale\" content=\"es_MX\" \/>\n<meta property=\"og:type\" content=\"article\" \/>\n<meta property=\"og:title\" content=\"Todo lo que realizamos es para construir Otro Colima m\u00e1s humano y m\u00e1s justo: Riult Rivera - M\u00e1s Que Noticias\" \/>\n<meta property=\"og:description\" content=\"&nbsp; El presidente municipal de Colima, Riult Rivera Guti\u00e9rrez, anunci\u00f3 la realizaci\u00f3n del performance &#8220;La higuera reverdecida&#8221;, un evento cultural con el que el Ayuntamiento de Colima y la Di\u00f3cesis de Colima conmemorar\u00e1n el 428 aniversario del sacrificio de San Felipe de Jes\u00fas, patrono de la ciudad, que se llevar\u00e1 a cabo el pr\u00f3ximo 5 [&hellip;]\" \/>\n<meta property=\"og:url\" content=\"https:\/\/masquenoticias.mx\/index.php\/2025\/01\/29\/todo-lo-que-realizamos-es-para-construir-otro-colima-mas-humano-y-mas-justo-riult-rivera\/\" \/>\n<meta property=\"og:site_name\" content=\"M\u00e1s Que Noticias\" \/>\n<meta property=\"article:publisher\" content=\"https:\/\/www.facebook.com\/masquenoticiascolima\" \/>\n<meta property=\"article:published_time\" content=\"2025-01-30T02:11:45+00:00\" \/>\n<meta property=\"og:image\" content=\"https:\/\/masquenoticias.mx\/wp-content\/uploads\/2025\/01\/WhatsApp-Image-2025-01-29-at-4.11.55-PM-scaled.jpeg\" \/>\n\t<meta property=\"og:image:width\" content=\"2560\" \/>\n\t<meta property=\"og:image:height\" content=\"1709\" \/>\n\t<meta property=\"og:image:type\" content=\"image\/jpeg\" \/>\n<meta name=\"author\" content=\"Redacci\u00f3n\" \/>\n<meta name=\"twitter:card\" content=\"summary_large_image\" \/>\n<meta name=\"twitter:creator\" content=\"@edgartove\" \/>\n<meta name=\"twitter:site\" content=\"@edgartove\" \/>\n<meta name=\"twitter:label1\" content=\"Escrito por\" \/>\n\t<meta name=\"twitter:data1\" content=\"Redacci\u00f3n\" \/>\n\t<meta name=\"twitter:label2\" content=\"Tiempo de lectura\" \/>\n\t<meta name=\"twitter:data2\" content=\"3 minutos\" \/>\n<script type=\"application\/ld+json\" class=\"yoast-schema-graph\">{\"@context\":\"https:\/\/schema.org\",\"@graph\":[{\"@type\":\"Article\",\"@id\":\"https:\/\/masquenoticias.mx\/index.php\/2025\/01\/29\/todo-lo-que-realizamos-es-para-construir-otro-colima-mas-humano-y-mas-justo-riult-rivera\/#article\",\"isPartOf\":{\"@id\":\"https:\/\/masquenoticias.mx\/index.php\/2025\/01\/29\/todo-lo-que-realizamos-es-para-construir-otro-colima-mas-humano-y-mas-justo-riult-rivera\/\"},\"author\":{\"name\":\"Redacci\u00f3n\",\"@id\":\"https:\/\/masquenoticias.mx\/#\/schema\/person\/544d19989ef23d34615f691f7a96e622\"},\"headline\":\"Todo lo que realizamos es para construir Otro Colima m\u00e1s humano y m\u00e1s justo: Riult Rivera\",\"datePublished\":\"2025-01-30T02:11:45+00:00\",\"mainEntityOfPage\":{\"@id\":\"https:\/\/masquenoticias.mx\/index.php\/2025\/01\/29\/todo-lo-que-realizamos-es-para-construir-otro-colima-mas-humano-y-mas-justo-riult-rivera\/\"},\"wordCount\":618,\"commentCount\":0,\"publisher\":{\"@id\":\"https:\/\/masquenoticias.mx\/#organization\"},\"image\":{\"@id\":\"https:\/\/masquenoticias.mx\/index.php\/2025\/01\/29\/todo-lo-que-realizamos-es-para-construir-otro-colima-mas-humano-y-mas-justo-riult-rivera\/#primaryimage\"},\"thumbnailUrl\":\"https:\/\/i0.wp.com\/masquenoticias.mx\/wp-content\/uploads\/2025\/01\/WhatsApp-Image-2025-01-29-at-4.11.55-PM-scaled.jpeg?fit=2560%2C1709&ssl=1\",\"keywords\":[\"Colima\",\"Riult Rivera\"],\"articleSection\":[\"Municipios\"],\"inLanguage\":\"es\",\"potentialAction\":[{\"@type\":\"CommentAction\",\"name\":\"Comment\",\"target\":[\"https:\/\/masquenoticias.mx\/index.php\/2025\/01\/29\/todo-lo-que-realizamos-es-para-construir-otro-colima-mas-humano-y-mas-justo-riult-rivera\/#respond\"]}]},{\"@type\":\"WebPage\",\"@id\":\"https:\/\/masquenoticias.mx\/index.php\/2025\/01\/29\/todo-lo-que-realizamos-es-para-construir-otro-colima-mas-humano-y-mas-justo-riult-rivera\/\",\"url\":\"https:\/\/masquenoticias.mx\/index.php\/2025\/01\/29\/todo-lo-que-realizamos-es-para-construir-otro-colima-mas-humano-y-mas-justo-riult-rivera\/\",\"name\":\"Todo lo que realizamos es para construir Otro Colima m\u00e1s humano y m\u00e1s justo: Riult Rivera - M\u00e1s Que Noticias\",\"isPartOf\":{\"@id\":\"https:\/\/masquenoticias.mx\/#website\"},\"primaryImageOfPage\":{\"@id\":\"https:\/\/masquenoticias.mx\/index.php\/2025\/01\/29\/todo-lo-que-realizamos-es-para-construir-otro-colima-mas-humano-y-mas-justo-riult-rivera\/#primaryimage\"},\"image\":{\"@id\":\"https:\/\/masquenoticias.mx\/index.php\/2025\/01\/29\/todo-lo-que-realizamos-es-para-construir-otro-colima-mas-humano-y-mas-justo-riult-rivera\/#primaryimage\"},\"thumbnailUrl\":\"https:\/\/i0.wp.com\/masquenoticias.mx\/wp-content\/uploads\/2025\/01\/WhatsApp-Image-2025-01-29-at-4.11.55-PM-scaled.jpeg?fit=2560%2C1709&ssl=1\",\"datePublished\":\"2025-01-30T02:11:45+00:00\",\"breadcrumb\":{\"@id\":\"https:\/\/masquenoticias.mx\/index.php\/2025\/01\/29\/todo-lo-que-realizamos-es-para-construir-otro-colima-mas-humano-y-mas-justo-riult-rivera\/#breadcrumb\"},\"inLanguage\":\"es\",\"potentialAction\":[{\"@type\":\"ReadAction\",\"target\":[\"https:\/\/masquenoticias.mx\/index.php\/2025\/01\/29\/todo-lo-que-realizamos-es-para-construir-otro-colima-mas-humano-y-mas-justo-riult-rivera\/\"]}]},{\"@type\":\"ImageObject\",\"inLanguage\":\"es\",\"@id\":\"https:\/\/masquenoticias.mx\/index.php\/2025\/01\/29\/todo-lo-que-realizamos-es-para-construir-otro-colima-mas-humano-y-mas-justo-riult-rivera\/#primaryimage\",\"url\":\"https:\/\/i0.wp.com\/masquenoticias.mx\/wp-content\/uploads\/2025\/01\/WhatsApp-Image-2025-01-29-at-4.11.55-PM-scaled.jpeg?fit=2560%2C1709&ssl=1\",\"contentUrl\":\"https:\/\/i0.wp.com\/masquenoticias.mx\/wp-content\/uploads\/2025\/01\/WhatsApp-Image-2025-01-29-at-4.11.55-PM-scaled.jpeg?fit=2560%2C1709&ssl=1\",\"width\":2560,\"height\":1709},{\"@type\":\"BreadcrumbList\",\"@id\":\"https:\/\/masquenoticias.mx\/index.php\/2025\/01\/29\/todo-lo-que-realizamos-es-para-construir-otro-colima-mas-humano-y-mas-justo-riult-rivera\/#breadcrumb\",\"itemListElement\":[{\"@type\":\"ListItem\",\"position\":1,\"name\":\"Inicio\",\"item\":\"https:\/\/masquenoticias.mx\/\"},{\"@type\":\"ListItem\",\"position\":2,\"name\":\"Todo lo que realizamos es para construir Otro Colima m\u00e1s humano y m\u00e1s justo: Riult Rivera\"}]},{\"@type\":\"WebSite\",\"@id\":\"https:\/\/masquenoticias.mx\/#website\",\"url\":\"https:\/\/masquenoticias.mx\/\",\"name\":\"M\u00e1s Que Noticias\",\"description\":\"Noticias de Colima, M\u00e9xico y el Mundo\",\"publisher\":{\"@id\":\"https:\/\/masquenoticias.mx\/#organization\"},\"potentialAction\":[{\"@type\":\"SearchAction\",\"target\":{\"@type\":\"EntryPoint\",\"urlTemplate\":\"https:\/\/masquenoticias.mx\/?s={search_term_string}\"},\"query-input\":{\"@type\":\"PropertyValueSpecification\",\"valueRequired\":true,\"valueName\":\"search_term_string\"}}],\"inLanguage\":\"es\"},{\"@type\":\"Organization\",\"@id\":\"https:\/\/masquenoticias.mx\/#organization\",\"name\":\"M\u00e1s Que Noticias\",\"url\":\"https:\/\/masquenoticias.mx\/\",\"logo\":{\"@type\":\"ImageObject\",\"inLanguage\":\"es\",\"@id\":\"https:\/\/masquenoticias.mx\/#\/schema\/logo\/image\/\",\"url\":\"https:\/\/i0.wp.com\/masquenoticias.mx\/wp-content\/uploads\/2024\/04\/IMG_0004.png?fit=2560%2C1656&ssl=1\",\"contentUrl\":\"https:\/\/i0.wp.com\/masquenoticias.mx\/wp-content\/uploads\/2024\/04\/IMG_0004.png?fit=2560%2C1656&ssl=1\",\"width\":2560,\"height\":1656,\"caption\":\"M\u00e1s Que Noticias\"},\"image\":{\"@id\":\"https:\/\/masquenoticias.mx\/#\/schema\/logo\/image\/\"},\"sameAs\":[\"https:\/\/www.facebook.com\/masquenoticiascolima\",\"https:\/\/x.com\/edgartove\",\"https:\/\/www.instagram.com\/masquenoticiascolima\/\"]},{\"@type\":\"Person\",\"@id\":\"https:\/\/masquenoticias.mx\/#\/schema\/person\/544d19989ef23d34615f691f7a96e622\",\"name\":\"Redacci\u00f3n\",\"image\":{\"@type\":\"ImageObject\",\"inLanguage\":\"es\",\"@id\":\"https:\/\/masquenoticias.mx\/#\/schema\/person\/image\/\",\"url\":\"https:\/\/secure.gravatar.com\/avatar\/7fcc926d5b058d3f3d52d95b4d05dd58?s=96&d=mm&r=g\",\"contentUrl\":\"https:\/\/secure.gravatar.com\/avatar\/7fcc926d5b058d3f3d52d95b4d05dd58?s=96&d=mm&r=g\",\"caption\":\"Redacci\u00f3n\"},\"sameAs\":[\"http:\/\/masquenoticias.mx\"],\"url\":\"https:\/\/masquenoticias.mx\/index.php\/author\/edgartovegmail-com\/\"}]}<\/script>\n<!-- \/ Yoast SEO plugin. -->","yoast_head_json":{"title":"Todo lo que realizamos es para construir Otro Colima m\u00e1s humano y m\u00e1s justo: Riult Rivera - M\u00e1s Que Noticias","robots":{"index":"index","follow":"follow","max-snippet":"max-snippet:-1","max-image-preview":"max-image-preview:large","max-video-preview":"max-video-preview:-1"},"canonical":"https:\/\/masquenoticias.mx\/index.php\/2025\/01\/29\/todo-lo-que-realizamos-es-para-construir-otro-colima-mas-humano-y-mas-justo-riult-rivera\/","og_locale":"es_MX","og_type":"article","og_title":"Todo lo que realizamos es para construir Otro Colima m\u00e1s humano y m\u00e1s justo: Riult Rivera - M\u00e1s Que Noticias","og_description":"&nbsp; El presidente municipal de Colima, Riult Rivera Guti\u00e9rrez, anunci\u00f3 la realizaci\u00f3n del performance &#8220;La higuera reverdecida&#8221;, un evento cultural con el que el Ayuntamiento de Colima y la Di\u00f3cesis de Colima conmemorar\u00e1n el 428 aniversario del sacrificio de San Felipe de Jes\u00fas, patrono de la ciudad, que se llevar\u00e1 a cabo el pr\u00f3ximo 5 [&hellip;]","og_url":"https:\/\/masquenoticias.mx\/index.php\/2025\/01\/29\/todo-lo-que-realizamos-es-para-construir-otro-colima-mas-humano-y-mas-justo-riult-rivera\/","og_site_name":"M\u00e1s Que Noticias","article_publisher":"https:\/\/www.facebook.com\/masquenoticiascolima","article_published_time":"2025-01-30T02:11:45+00:00","og_image":[{"width":2560,"height":1709,"url":"https:\/\/masquenoticias.mx\/wp-content\/uploads\/2025\/01\/WhatsApp-Image-2025-01-29-at-4.11.55-PM-scaled.jpeg","type":"image\/jpeg"}],"author":"Redacci\u00f3n","twitter_card":"summary_large_image","twitter_creator":"@edgartove","twitter_site":"@edgartove","twitter_misc":{"Escrito por":"Redacci\u00f3n","Tiempo de lectura":"3 minutos"},"schema":{"@context":"https:\/\/schema.org","@graph":[{"@type":"Article","@id":"https:\/\/masquenoticias.mx\/index.php\/2025\/01\/29\/todo-lo-que-realizamos-es-para-construir-otro-colima-mas-humano-y-mas-justo-riult-rivera\/#article","isPartOf":{"@id":"https:\/\/masquenoticias.mx\/index.php\/2025\/01\/29\/todo-lo-que-realizamos-es-para-construir-otro-colima-mas-humano-y-mas-justo-riult-rivera\/"},"author":{"name":"Redacci\u00f3n","@id":"https:\/\/masquenoticias.mx\/#\/schema\/person\/544d19989ef23d34615f691f7a96e622"},"headline":"Todo lo que realizamos es para construir Otro Colima m\u00e1s humano y m\u00e1s justo: Riult Rivera","datePublished":"2025-01-30T02:11:45+00:00","mainEntityOfPage":{"@id":"https:\/\/masquenoticias.mx\/index.php\/2025\/01\/29\/todo-lo-que-realizamos-es-para-construir-otro-colima-mas-humano-y-mas-justo-riult-rivera\/"},"wordCount":618,"commentCount":0,"publisher":{"@id":"https:\/\/masquenoticias.mx\/#organization"},"image":{"@id":"https:\/\/masquenoticias.mx\/index.php\/2025\/01\/29\/todo-lo-que-realizamos-es-para-construir-otro-colima-mas-humano-y-mas-justo-riult-rivera\/#primaryimage"},"thumbnailUrl":"https:\/\/i0.wp.com\/masquenoticias.mx\/wp-content\/uploads\/2025\/01\/WhatsApp-Image-2025-01-29-at-4.11.55-PM-scaled.jpeg?fit=2560%2C1709&ssl=1","keywords":["Colima","Riult Rivera"],"articleSection":["Municipios"],"inLanguage":"es","potentialAction":[{"@type":"CommentAction","name":"Comment","target":["https:\/\/masquenoticias.mx\/index.php\/2025\/01\/29\/todo-lo-que-realizamos-es-para-construir-otro-colima-mas-humano-y-mas-justo-riult-rivera\/#respond"]}]},{"@type":"WebPage","@id":"https:\/\/masquenoticias.mx\/index.php\/2025\/01\/29\/todo-lo-que-realizamos-es-para-construir-otro-colima-mas-humano-y-mas-justo-riult-rivera\/","url":"https:\/\/masquenoticias.mx\/index.php\/2025\/01\/29\/todo-lo-que-realizamos-es-para-construir-otro-colima-mas-humano-y-mas-justo-riult-rivera\/","name":"Todo lo que realizamos es para construir Otro Colima m\u00e1s humano y m\u00e1s justo: Riult Rivera - M\u00e1s Que Noticias","isPartOf":{"@id":"https:\/\/masquenoticias.mx\/#website"},"primaryImageOfPage":{"@id":"https:\/\/masquenoticias.mx\/index.php\/2025\/01\/29\/todo-lo-que-realizamos-es-para-construir-otro-colima-mas-humano-y-mas-justo-riult-rivera\/#primaryimage"},"image":{"@id":"https:\/\/masquenoticias.mx\/index.php\/2025\/01\/29\/todo-lo-que-realizamos-es-para-construir-otro-colima-mas-humano-y-mas-justo-riult-rivera\/#primaryimage"},"thumbnailUrl":"https:\/\/i0.wp.com\/masquenoticias.mx\/wp-content\/uploads\/2025\/01\/WhatsApp-Image-2025-01-29-at-4.11.55-PM-scaled.jpeg?fit=2560%2C1709&ssl=1","datePublished":"2025-01-30T02:11:45+00:00","breadcrumb":{"@id":"https:\/\/masquenoticias.mx\/index.php\/2025\/01\/29\/todo-lo-que-realizamos-es-para-construir-otro-colima-mas-humano-y-mas-justo-riult-rivera\/#breadcrumb"},"inLanguage":"es","potentialAction":[{"@type":"ReadAction","target":["https:\/\/masquenoticias.mx\/index.php\/2025\/01\/29\/todo-lo-que-realizamos-es-para-construir-otro-colima-mas-humano-y-mas-justo-riult-rivera\/"]}]},{"@type":"ImageObject","inLanguage":"es","@id":"https:\/\/masquenoticias.mx\/index.php\/2025\/01\/29\/todo-lo-que-realizamos-es-para-construir-otro-colima-mas-humano-y-mas-justo-riult-rivera\/#primaryimage","url":"https:\/\/i0.wp.com\/masquenoticias.mx\/wp-content\/uploads\/2025\/01\/WhatsApp-Image-2025-01-29-at-4.11.55-PM-scaled.jpeg?fit=2560%2C1709&ssl=1","contentUrl":"https:\/\/i0.wp.com\/masquenoticias.mx\/wp-content\/uploads\/2025\/01\/WhatsApp-Image-2025-01-29-at-4.11.55-PM-scaled.jpeg?fit=2560%2C1709&ssl=1","width":2560,"height":1709},{"@type":"BreadcrumbList","@id":"https:\/\/masquenoticias.mx\/index.php\/2025\/01\/29\/todo-lo-que-realizamos-es-para-construir-otro-colima-mas-humano-y-mas-justo-riult-rivera\/#breadcrumb","itemListElement":[{"@type":"ListItem","position":1,"name":"Inicio","item":"https:\/\/masquenoticias.mx\/"},{"@type":"ListItem","position":2,"name":"Todo lo que realizamos es para construir Otro Colima m\u00e1s humano y m\u00e1s justo: Riult Rivera"}]},{"@type":"WebSite","@id":"https:\/\/masquenoticias.mx\/#website","url":"https:\/\/masquenoticias.mx\/","name":"M\u00e1s Que Noticias","description":"Noticias de Colima, M\u00e9xico y el Mundo","publisher":{"@id":"https:\/\/masquenoticias.mx\/#organization"},"potentialAction":[{"@type":"SearchAction","target":{"@type":"EntryPoint","urlTemplate":"https:\/\/masquenoticias.mx\/?s={search_term_string}"},"query-input":{"@type":"PropertyValueSpecification","valueRequired":true,"valueName":"search_term_string"}}],"inLanguage":"es"},{"@type":"Organization","@id":"https:\/\/masquenoticias.mx\/#organization","name":"M\u00e1s Que Noticias","url":"https:\/\/masquenoticias.mx\/","logo":{"@type":"ImageObject","inLanguage":"es","@id":"https:\/\/masquenoticias.mx\/#\/schema\/logo\/image\/","url":"https:\/\/i0.wp.com\/masquenoticias.mx\/wp-content\/uploads\/2024\/04\/IMG_0004.png?fit=2560%2C1656&ssl=1","contentUrl":"https:\/\/i0.wp.com\/masquenoticias.mx\/wp-content\/uploads\/2024\/04\/IMG_0004.png?fit=2560%2C1656&ssl=1","width":2560,"height":1656,"caption":"M\u00e1s Que Noticias"},"image":{"@id":"https:\/\/masquenoticias.mx\/#\/schema\/logo\/image\/"},"sameAs":["https:\/\/www.facebook.com\/masquenoticiascolima","https:\/\/x.com\/edgartove","https:\/\/www.instagram.com\/masquenoticiascolima\/"]},{"@type":"Person","@id":"https:\/\/masquenoticias.mx\/#\/schema\/person\/544d19989ef23d34615f691f7a96e622","name":"Redacci\u00f3n","image":{"@type":"ImageObject","inLanguage":"es","@id":"https:\/\/masquenoticias.mx\/#\/schema\/person\/image\/","url":"https:\/\/secure.gravatar.com\/avatar\/7fcc926d5b058d3f3d52d95b4d05dd58?s=96&d=mm&r=g","contentUrl":"https:\/\/secure.gravatar.com\/avatar\/7fcc926d5b058d3f3d52d95b4d05dd58?s=96&d=mm&r=g","caption":"Redacci\u00f3n"},"sameAs":["http:\/\/masquenoticias.mx"],"url":"https:\/\/masquenoticias.mx\/index.php\/author\/edgartovegmail-com\/"}]}},"jetpack_featured_media_url":"https:\/\/i0.wp.com\/masquenoticias.mx\/wp-content\/uploads\/2025\/01\/WhatsApp-Image-2025-01-29-at-4.11.55-PM-scaled.jpeg?fit=2560%2C1709&ssl=1","blog_post_layout_featured_media_urls":{"thumbnail":["https:\/\/i0.wp.com\/masquenoticias.mx\/wp-content\/uploads\/2025\/01\/WhatsApp-Image-2025-01-29-at-4.11.55-PM-scaled.jpeg?resize=150%2C150&ssl=1",150,150,true],"full":["https:\/\/i0.wp.com\/masquenoticias.mx\/wp-content\/uploads\/2025\/01\/WhatsApp-Image-2025-01-29-at-4.11.55-PM-scaled.jpeg?fit=2560%2C1709&ssl=1",2560,1709,false]},"categories_names":{"28":{"name":"Municipios","link":"https:\/\/masquenoticias.mx\/index.php\/category\/municipios\/"}},"tags_names":{"41":{"name":"Colima","link":"https:\/\/masquenoticias.mx\/index.php\/tag\/colima\/"},"142":{"name":"Riult Rivera","link":"https:\/\/masquenoticias.mx\/index.php\/tag\/riult-rivera\/"}},"comments_number":"0","wpmagazine_modules_lite_featured_media_urls":{"thumbnail":["https:\/\/i0.wp.com\/masquenoticias.mx\/wp-content\/uploads\/2025\/01\/WhatsApp-Image-2025-01-29-at-4.11.55-PM-scaled.jpeg?resize=150%2C150&ssl=1",150,150,true],"cvmm-medium":["https:\/\/i0.wp.com\/masquenoticias.mx\/wp-content\/uploads\/2025\/01\/WhatsApp-Image-2025-01-29-at-4.11.55-PM-scaled.jpeg?resize=300%2C300&ssl=1",300,300,true],"cvmm-medium-plus":["https:\/\/i0.wp.com\/masquenoticias.mx\/wp-content\/uploads\/2025\/01\/WhatsApp-Image-2025-01-29-at-4.11.55-PM-scaled.jpeg?resize=305%2C207&ssl=1",305,207,true],"cvmm-portrait":["https:\/\/i0.wp.com\/masquenoticias.mx\/wp-content\/uploads\/2025\/01\/WhatsApp-Image-2025-01-29-at-4.11.55-PM-scaled.jpeg?resize=400%2C600&ssl=1",400,600,true],"cvmm-medium-square":["https:\/\/i0.wp.com\/masquenoticias.mx\/wp-content\/uploads\/2025\/01\/WhatsApp-Image-2025-01-29-at-4.11.55-PM-scaled.jpeg?resize=600%2C600&ssl=1",600,600,true],"cvmm-large":["https:\/\/i0.wp.com\/masquenoticias.mx\/wp-content\/uploads\/2025\/01\/WhatsApp-Image-2025-01-29-at-4.11.55-PM-scaled.jpeg?resize=1024%2C1024&ssl=1",1024,1024,true],"cvmm-small":["https:\/\/i0.wp.com\/masquenoticias.mx\/wp-content\/uploads\/2025\/01\/WhatsApp-Image-2025-01-29-at-4.11.55-PM-scaled.jpeg?resize=130%2C95&ssl=1",130,95,true],"full":["https:\/\/i0.wp.com\/masquenoticias.mx\/wp-content\/uploads\/2025\/01\/WhatsApp-Image-2025-01-29-at-4.11.55-PM-scaled.jpeg?fit=2560%2C1709&ssl=1",2560,1709,false]},"jetpack-related-posts":[],"jetpack_sharing_enabled":true,"jetpack_likes_enabled":true,"jetpack_shortlink":"https:\/\/wp.me\/pf7pkt-3zl","_links":{"self":[{"href":"https:\/\/masquenoticias.mx\/index.php\/wp-json\/wp\/v2\/posts\/13723","targetHints":{"allow":["GET"]}}],"collection":[{"href":"https:\/\/masquenoticias.mx\/index.php\/wp-json\/wp\/v2\/posts"}],"about":[{"href":"https:\/\/masquenoticias.mx\/index.php\/wp-json\/wp\/v2\/types\/post"}],"author":[{"embeddable":true,"href":"https:\/\/masquenoticias.mx\/index.php\/wp-json\/wp\/v2\/users\/1"}],"replies":[{"embeddable":true,"href":"https:\/\/masquenoticias.mx\/index.php\/wp-json\/wp\/v2\/comments?post=13723"}],"version-history":[{"count":1,"href":"https:\/\/masquenoticias.mx\/index.php\/wp-json\/wp\/v2\/posts\/13723\/revisions"}],"predecessor-version":[{"id":13725,"href":"https:\/\/masquenoticias.mx\/index.php\/wp-json\/wp\/v2\/posts\/13723\/revisions\/13725"}],"wp:featuredmedia":[{"embeddable":true,"href":"https:\/\/masquenoticias.mx\/index.php\/wp-json\/wp\/v2\/media\/13724"}],"wp:attachment":[{"href":"https:\/\/masquenoticias.mx\/index.php\/wp-json\/wp\/v2\/media?parent=13723"}],"wp:term":[{"taxonomy":"category","embeddable":true,"href":"https:\/\/masquenoticias.mx\/index.php\/wp-json\/wp\/v2\/categories?post=13723"},{"taxonomy":"post_tag","embeddable":true,"href":"https:\/\/masquenoticias.mx\/index.php\/wp-json\/wp\/v2\/tags?post=13723"}],"curies":[{"name":"wp","href":"https:\/\/api.w.org\/{rel}","templated":true}]}}