{"id":13637,"date":"2025-01-28T14:59:00","date_gmt":"2025-01-28T20:59:00","guid":{"rendered":"https:\/\/masquenoticias.mx\/?p=13637"},"modified":"2025-01-28T14:59:00","modified_gmt":"2025-01-28T20:59:00","slug":"familias-de-coquimatlan-agradecen-a-la-gobernadora-indira-por-obras-en-la-presa-el-zapote","status":"publish","type":"post","link":"https:\/\/masquenoticias.mx\/index.php\/2025\/01\/28\/familias-de-coquimatlan-agradecen-a-la-gobernadora-indira-por-obras-en-la-presa-el-zapote\/","title":{"rendered":"Familias de Coquimatl\u00e1n agradecen a la gobernadora Indira por obras en la presa &#8216;El Zapote&#8217;"},"content":{"rendered":"<p>&nbsp;<\/p>\n<p>El Gobierno del Estado de Colima, a trav\u00e9s de la Subsecretar\u00eda de Desarrollo Rural (Subseder), en coordinaci\u00f3n con la Comisi\u00f3n Nacional del Agua (Conagua) y usuarios, entreg\u00f3 obras de rehabilitaci\u00f3n de la infraestructura hidroagr\u00edcola en la presa El Zapote, en el ejido El Algodonal, municipio de Coquimatl\u00e1n.<\/p>\n<p>Las acciones que se realizaron consisten en el desazolve y confirmaci\u00f3n de bordos laterales, as\u00ed como en el suministro e instalaci\u00f3n de compuertas. Estas obras benefician a familias de la comunidad El Algodonal que se cultivan tamarindo, lim\u00f3n y ma\u00edz, adem\u00e1s de dedicarse a la ganader\u00eda.<\/p>\n<p>El titular de la Subseder, El\u00edas Antonio Lozano Ochoa, celebr\u00f3 la rehabilitaci\u00f3n de dicha infraestructura, que garantizar\u00e1 agua para el uso agr\u00edcola y pecuario, principalmente durante la \u00e9poca de estiaje.<\/p>\n<p>Las productoras y los productores que se benefician de la presa \u2018El Zapote\u2019, agradecieron el apoyo de la administraci\u00f3n estatal que encabeza la gobernadora Indira Vizca\u00edno Silva, por su respaldo para estas obras de rehabilitaci\u00f3n, tan necesarias para la poblaci\u00f3n.<\/p>\n","protected":false},"excerpt":{"rendered":"<p>&nbsp; El Gobierno del Estado de Colima, a trav\u00e9s de la Subsecretar\u00eda de Desarrollo Rural (Subseder), en coordinaci\u00f3n con la Comisi\u00f3n Nacional del Agua (Conagua) y usuarios, entreg\u00f3 obras de rehabilitaci\u00f3n de la infraestructura hidroagr\u00edcola en la presa El Zapote, en el ejido El Algodonal, municipio de Coquimatl\u00e1n. Las acciones que se realizaron consisten en [&hellip;]<\/p>\n","protected":false},"author":1,"featured_media":13638,"comment_status":"open","ping_status":"open","sticky":false,"template":"","format":"standard","meta":{"_jetpack_memberships_contains_paid_content":false,"footnotes":""},"categories":[28],"tags":[212],"class_list":["post-13637","post","type-post","status-publish","format-standard","has-post-thumbnail","hentry","category-municipios","tag-coquimatlan"],"yoast_head":"<!-- This site is optimized with the Yoast SEO plugin v26.6 - https:\/\/yoast.com\/wordpress\/plugins\/seo\/ -->\n<title>Familias de Coquimatl\u00e1n agradecen a la gobernadora Indira por obras en la presa &#039;El Zapote&#039; - M\u00e1s Que Noticias<\/title>\n<meta name=\"robots\" content=\"index, follow, max-snippet:-1, max-image-preview:large, max-video-preview:-1\" \/>\n<link rel=\"canonical\" href=\"https:\/\/masquenoticias.mx\/index.php\/2025\/01\/28\/familias-de-coquimatlan-agradecen-a-la-gobernadora-indira-por-obras-en-la-presa-el-zapote\/\" \/>\n<meta property=\"og:locale\" content=\"es_MX\" \/>\n<meta property=\"og:type\" content=\"article\" \/>\n<meta property=\"og:title\" content=\"Familias de Coquimatl\u00e1n agradecen a la gobernadora Indira por obras en la presa &#039;El Zapote&#039; - M\u00e1s Que Noticias\" \/>\n<meta property=\"og:description\" content=\"&nbsp; El Gobierno del Estado de Colima, a trav\u00e9s de la Subsecretar\u00eda de Desarrollo Rural (Subseder), en coordinaci\u00f3n con la Comisi\u00f3n Nacional del Agua (Conagua) y usuarios, entreg\u00f3 obras de rehabilitaci\u00f3n de la infraestructura hidroagr\u00edcola en la presa El Zapote, en el ejido El Algodonal, municipio de Coquimatl\u00e1n. Las acciones que se realizaron consisten en [&hellip;]\" \/>\n<meta property=\"og:url\" content=\"https:\/\/masquenoticias.mx\/index.php\/2025\/01\/28\/familias-de-coquimatlan-agradecen-a-la-gobernadora-indira-por-obras-en-la-presa-el-zapote\/\" \/>\n<meta property=\"og:site_name\" content=\"M\u00e1s Que Noticias\" \/>\n<meta property=\"article:publisher\" content=\"https:\/\/www.facebook.com\/masquenoticiascolima\" \/>\n<meta property=\"article:published_time\" content=\"2025-01-28T20:59:00+00:00\" \/>\n<meta property=\"og:image\" content=\"https:\/\/masquenoticias.mx\/wp-content\/uploads\/2025\/01\/WhatsApp-Image-2025-01-28-at-1.18.20-PM.jpeg\" \/>\n\t<meta property=\"og:image:width\" content=\"1280\" \/>\n\t<meta property=\"og:image:height\" content=\"853\" \/>\n\t<meta property=\"og:image:type\" content=\"image\/jpeg\" \/>\n<meta name=\"author\" content=\"Redacci\u00f3n\" \/>\n<meta name=\"twitter:card\" content=\"summary_large_image\" \/>\n<meta name=\"twitter:creator\" content=\"@edgartove\" \/>\n<meta name=\"twitter:site\" content=\"@edgartove\" \/>\n<meta name=\"twitter:label1\" content=\"Escrito por\" \/>\n\t<meta name=\"twitter:data1\" content=\"Redacci\u00f3n\" \/>\n\t<meta name=\"twitter:label2\" content=\"Tiempo de lectura\" \/>\n\t<meta name=\"twitter:data2\" content=\"1 minuto\" \/>\n<script type=\"application\/ld+json\" class=\"yoast-schema-graph\">{\"@context\":\"https:\/\/schema.org\",\"@graph\":[{\"@type\":\"Article\",\"@id\":\"https:\/\/masquenoticias.mx\/index.php\/2025\/01\/28\/familias-de-coquimatlan-agradecen-a-la-gobernadora-indira-por-obras-en-la-presa-el-zapote\/#article\",\"isPartOf\":{\"@id\":\"https:\/\/masquenoticias.mx\/index.php\/2025\/01\/28\/familias-de-coquimatlan-agradecen-a-la-gobernadora-indira-por-obras-en-la-presa-el-zapote\/\"},\"author\":{\"name\":\"Redacci\u00f3n\",\"@id\":\"https:\/\/masquenoticias.mx\/#\/schema\/person\/544d19989ef23d34615f691f7a96e622\"},\"headline\":\"Familias de Coquimatl\u00e1n agradecen a la gobernadora Indira por obras en la presa &#8216;El Zapote&#8217;\",\"datePublished\":\"2025-01-28T20:59:00+00:00\",\"mainEntityOfPage\":{\"@id\":\"https:\/\/masquenoticias.mx\/index.php\/2025\/01\/28\/familias-de-coquimatlan-agradecen-a-la-gobernadora-indira-por-obras-en-la-presa-el-zapote\/\"},\"wordCount\":200,\"commentCount\":0,\"publisher\":{\"@id\":\"https:\/\/masquenoticias.mx\/#organization\"},\"image\":{\"@id\":\"https:\/\/masquenoticias.mx\/index.php\/2025\/01\/28\/familias-de-coquimatlan-agradecen-a-la-gobernadora-indira-por-obras-en-la-presa-el-zapote\/#primaryimage\"},\"thumbnailUrl\":\"https:\/\/i0.wp.com\/masquenoticias.mx\/wp-content\/uploads\/2025\/01\/WhatsApp-Image-2025-01-28-at-1.18.20-PM.jpeg?fit=1280%2C853&ssl=1\",\"keywords\":[\"Coquimatl\u00e1n\"],\"articleSection\":[\"Municipios\"],\"inLanguage\":\"es\",\"potentialAction\":[{\"@type\":\"CommentAction\",\"name\":\"Comment\",\"target\":[\"https:\/\/masquenoticias.mx\/index.php\/2025\/01\/28\/familias-de-coquimatlan-agradecen-a-la-gobernadora-indira-por-obras-en-la-presa-el-zapote\/#respond\"]}]},{\"@type\":\"WebPage\",\"@id\":\"https:\/\/masquenoticias.mx\/index.php\/2025\/01\/28\/familias-de-coquimatlan-agradecen-a-la-gobernadora-indira-por-obras-en-la-presa-el-zapote\/\",\"url\":\"https:\/\/masquenoticias.mx\/index.php\/2025\/01\/28\/familias-de-coquimatlan-agradecen-a-la-gobernadora-indira-por-obras-en-la-presa-el-zapote\/\",\"name\":\"Familias de Coquimatl\u00e1n agradecen a la gobernadora Indira por obras en la presa 'El Zapote' - M\u00e1s Que Noticias\",\"isPartOf\":{\"@id\":\"https:\/\/masquenoticias.mx\/#website\"},\"primaryImageOfPage\":{\"@id\":\"https:\/\/masquenoticias.mx\/index.php\/2025\/01\/28\/familias-de-coquimatlan-agradecen-a-la-gobernadora-indira-por-obras-en-la-presa-el-zapote\/#primaryimage\"},\"image\":{\"@id\":\"https:\/\/masquenoticias.mx\/index.php\/2025\/01\/28\/familias-de-coquimatlan-agradecen-a-la-gobernadora-indira-por-obras-en-la-presa-el-zapote\/#primaryimage\"},\"thumbnailUrl\":\"https:\/\/i0.wp.com\/masquenoticias.mx\/wp-content\/uploads\/2025\/01\/WhatsApp-Image-2025-01-28-at-1.18.20-PM.jpeg?fit=1280%2C853&ssl=1\",\"datePublished\":\"2025-01-28T20:59:00+00:00\",\"breadcrumb\":{\"@id\":\"https:\/\/masquenoticias.mx\/index.php\/2025\/01\/28\/familias-de-coquimatlan-agradecen-a-la-gobernadora-indira-por-obras-en-la-presa-el-zapote\/#breadcrumb\"},\"inLanguage\":\"es\",\"potentialAction\":[{\"@type\":\"ReadAction\",\"target\":[\"https:\/\/masquenoticias.mx\/index.php\/2025\/01\/28\/familias-de-coquimatlan-agradecen-a-la-gobernadora-indira-por-obras-en-la-presa-el-zapote\/\"]}]},{\"@type\":\"ImageObject\",\"inLanguage\":\"es\",\"@id\":\"https:\/\/masquenoticias.mx\/index.php\/2025\/01\/28\/familias-de-coquimatlan-agradecen-a-la-gobernadora-indira-por-obras-en-la-presa-el-zapote\/#primaryimage\",\"url\":\"https:\/\/i0.wp.com\/masquenoticias.mx\/wp-content\/uploads\/2025\/01\/WhatsApp-Image-2025-01-28-at-1.18.20-PM.jpeg?fit=1280%2C853&ssl=1\",\"contentUrl\":\"https:\/\/i0.wp.com\/masquenoticias.mx\/wp-content\/uploads\/2025\/01\/WhatsApp-Image-2025-01-28-at-1.18.20-PM.jpeg?fit=1280%2C853&ssl=1\",\"width\":1280,\"height\":853},{\"@type\":\"BreadcrumbList\",\"@id\":\"https:\/\/masquenoticias.mx\/index.php\/2025\/01\/28\/familias-de-coquimatlan-agradecen-a-la-gobernadora-indira-por-obras-en-la-presa-el-zapote\/#breadcrumb\",\"itemListElement\":[{\"@type\":\"ListItem\",\"position\":1,\"name\":\"Inicio\",\"item\":\"https:\/\/masquenoticias.mx\/\"},{\"@type\":\"ListItem\",\"position\":2,\"name\":\"Familias de Coquimatl\u00e1n agradecen a la gobernadora Indira por obras en la presa &#8216;El Zapote&#8217;\"}]},{\"@type\":\"WebSite\",\"@id\":\"https:\/\/masquenoticias.mx\/#website\",\"url\":\"https:\/\/masquenoticias.mx\/\",\"name\":\"M\u00e1s Que Noticias\",\"description\":\"Noticias de Colima, M\u00e9xico y el Mundo\",\"publisher\":{\"@id\":\"https:\/\/masquenoticias.mx\/#organization\"},\"potentialAction\":[{\"@type\":\"SearchAction\",\"target\":{\"@type\":\"EntryPoint\",\"urlTemplate\":\"https:\/\/masquenoticias.mx\/?s={search_term_string}\"},\"query-input\":{\"@type\":\"PropertyValueSpecification\",\"valueRequired\":true,\"valueName\":\"search_term_string\"}}],\"inLanguage\":\"es\"},{\"@type\":\"Organization\",\"@id\":\"https:\/\/masquenoticias.mx\/#organization\",\"name\":\"M\u00e1s Que Noticias\",\"url\":\"https:\/\/masquenoticias.mx\/\",\"logo\":{\"@type\":\"ImageObject\",\"inLanguage\":\"es\",\"@id\":\"https:\/\/masquenoticias.mx\/#\/schema\/logo\/image\/\",\"url\":\"https:\/\/i0.wp.com\/masquenoticias.mx\/wp-content\/uploads\/2024\/04\/IMG_0004.png?fit=2560%2C1656&ssl=1\",\"contentUrl\":\"https:\/\/i0.wp.com\/masquenoticias.mx\/wp-content\/uploads\/2024\/04\/IMG_0004.png?fit=2560%2C1656&ssl=1\",\"width\":2560,\"height\":1656,\"caption\":\"M\u00e1s Que Noticias\"},\"image\":{\"@id\":\"https:\/\/masquenoticias.mx\/#\/schema\/logo\/image\/\"},\"sameAs\":[\"https:\/\/www.facebook.com\/masquenoticiascolima\",\"https:\/\/x.com\/edgartove\",\"https:\/\/www.instagram.com\/masquenoticiascolima\/\"]},{\"@type\":\"Person\",\"@id\":\"https:\/\/masquenoticias.mx\/#\/schema\/person\/544d19989ef23d34615f691f7a96e622\",\"name\":\"Redacci\u00f3n\",\"image\":{\"@type\":\"ImageObject\",\"inLanguage\":\"es\",\"@id\":\"https:\/\/masquenoticias.mx\/#\/schema\/person\/image\/\",\"url\":\"https:\/\/secure.gravatar.com\/avatar\/7fcc926d5b058d3f3d52d95b4d05dd58?s=96&d=mm&r=g\",\"contentUrl\":\"https:\/\/secure.gravatar.com\/avatar\/7fcc926d5b058d3f3d52d95b4d05dd58?s=96&d=mm&r=g\",\"caption\":\"Redacci\u00f3n\"},\"sameAs\":[\"http:\/\/masquenoticias.mx\"],\"url\":\"https:\/\/masquenoticias.mx\/index.php\/author\/edgartovegmail-com\/\"}]}<\/script>\n<!-- \/ Yoast SEO plugin. -->","yoast_head_json":{"title":"Familias de Coquimatl\u00e1n agradecen a la gobernadora Indira por obras en la presa 'El Zapote' - M\u00e1s Que Noticias","robots":{"index":"index","follow":"follow","max-snippet":"max-snippet:-1","max-image-preview":"max-image-preview:large","max-video-preview":"max-video-preview:-1"},"canonical":"https:\/\/masquenoticias.mx\/index.php\/2025\/01\/28\/familias-de-coquimatlan-agradecen-a-la-gobernadora-indira-por-obras-en-la-presa-el-zapote\/","og_locale":"es_MX","og_type":"article","og_title":"Familias de Coquimatl\u00e1n agradecen a la gobernadora Indira por obras en la presa 'El Zapote' - M\u00e1s Que Noticias","og_description":"&nbsp; El Gobierno del Estado de Colima, a trav\u00e9s de la Subsecretar\u00eda de Desarrollo Rural (Subseder), en coordinaci\u00f3n con la Comisi\u00f3n Nacional del Agua (Conagua) y usuarios, entreg\u00f3 obras de rehabilitaci\u00f3n de la infraestructura hidroagr\u00edcola en la presa El Zapote, en el ejido El Algodonal, municipio de Coquimatl\u00e1n. Las acciones que se realizaron consisten en [&hellip;]","og_url":"https:\/\/masquenoticias.mx\/index.php\/2025\/01\/28\/familias-de-coquimatlan-agradecen-a-la-gobernadora-indira-por-obras-en-la-presa-el-zapote\/","og_site_name":"M\u00e1s Que Noticias","article_publisher":"https:\/\/www.facebook.com\/masquenoticiascolima","article_published_time":"2025-01-28T20:59:00+00:00","og_image":[{"width":1280,"height":853,"url":"https:\/\/masquenoticias.mx\/wp-content\/uploads\/2025\/01\/WhatsApp-Image-2025-01-28-at-1.18.20-PM.jpeg","type":"image\/jpeg"}],"author":"Redacci\u00f3n","twitter_card":"summary_large_image","twitter_creator":"@edgartove","twitter_site":"@edgartove","twitter_misc":{"Escrito por":"Redacci\u00f3n","Tiempo de lectura":"1 minuto"},"schema":{"@context":"https:\/\/schema.org","@graph":[{"@type":"Article","@id":"https:\/\/masquenoticias.mx\/index.php\/2025\/01\/28\/familias-de-coquimatlan-agradecen-a-la-gobernadora-indira-por-obras-en-la-presa-el-zapote\/#article","isPartOf":{"@id":"https:\/\/masquenoticias.mx\/index.php\/2025\/01\/28\/familias-de-coquimatlan-agradecen-a-la-gobernadora-indira-por-obras-en-la-presa-el-zapote\/"},"author":{"name":"Redacci\u00f3n","@id":"https:\/\/masquenoticias.mx\/#\/schema\/person\/544d19989ef23d34615f691f7a96e622"},"headline":"Familias de Coquimatl\u00e1n agradecen a la gobernadora Indira por obras en la presa &#8216;El Zapote&#8217;","datePublished":"2025-01-28T20:59:00+00:00","mainEntityOfPage":{"@id":"https:\/\/masquenoticias.mx\/index.php\/2025\/01\/28\/familias-de-coquimatlan-agradecen-a-la-gobernadora-indira-por-obras-en-la-presa-el-zapote\/"},"wordCount":200,"commentCount":0,"publisher":{"@id":"https:\/\/masquenoticias.mx\/#organization"},"image":{"@id":"https:\/\/masquenoticias.mx\/index.php\/2025\/01\/28\/familias-de-coquimatlan-agradecen-a-la-gobernadora-indira-por-obras-en-la-presa-el-zapote\/#primaryimage"},"thumbnailUrl":"https:\/\/i0.wp.com\/masquenoticias.mx\/wp-content\/uploads\/2025\/01\/WhatsApp-Image-2025-01-28-at-1.18.20-PM.jpeg?fit=1280%2C853&ssl=1","keywords":["Coquimatl\u00e1n"],"articleSection":["Municipios"],"inLanguage":"es","potentialAction":[{"@type":"CommentAction","name":"Comment","target":["https:\/\/masquenoticias.mx\/index.php\/2025\/01\/28\/familias-de-coquimatlan-agradecen-a-la-gobernadora-indira-por-obras-en-la-presa-el-zapote\/#respond"]}]},{"@type":"WebPage","@id":"https:\/\/masquenoticias.mx\/index.php\/2025\/01\/28\/familias-de-coquimatlan-agradecen-a-la-gobernadora-indira-por-obras-en-la-presa-el-zapote\/","url":"https:\/\/masquenoticias.mx\/index.php\/2025\/01\/28\/familias-de-coquimatlan-agradecen-a-la-gobernadora-indira-por-obras-en-la-presa-el-zapote\/","name":"Familias de Coquimatl\u00e1n agradecen a la gobernadora Indira por obras en la presa 'El Zapote' - M\u00e1s Que Noticias","isPartOf":{"@id":"https:\/\/masquenoticias.mx\/#website"},"primaryImageOfPage":{"@id":"https:\/\/masquenoticias.mx\/index.php\/2025\/01\/28\/familias-de-coquimatlan-agradecen-a-la-gobernadora-indira-por-obras-en-la-presa-el-zapote\/#primaryimage"},"image":{"@id":"https:\/\/masquenoticias.mx\/index.php\/2025\/01\/28\/familias-de-coquimatlan-agradecen-a-la-gobernadora-indira-por-obras-en-la-presa-el-zapote\/#primaryimage"},"thumbnailUrl":"https:\/\/i0.wp.com\/masquenoticias.mx\/wp-content\/uploads\/2025\/01\/WhatsApp-Image-2025-01-28-at-1.18.20-PM.jpeg?fit=1280%2C853&ssl=1","datePublished":"2025-01-28T20:59:00+00:00","breadcrumb":{"@id":"https:\/\/masquenoticias.mx\/index.php\/2025\/01\/28\/familias-de-coquimatlan-agradecen-a-la-gobernadora-indira-por-obras-en-la-presa-el-zapote\/#breadcrumb"},"inLanguage":"es","potentialAction":[{"@type":"ReadAction","target":["https:\/\/masquenoticias.mx\/index.php\/2025\/01\/28\/familias-de-coquimatlan-agradecen-a-la-gobernadora-indira-por-obras-en-la-presa-el-zapote\/"]}]},{"@type":"ImageObject","inLanguage":"es","@id":"https:\/\/masquenoticias.mx\/index.php\/2025\/01\/28\/familias-de-coquimatlan-agradecen-a-la-gobernadora-indira-por-obras-en-la-presa-el-zapote\/#primaryimage","url":"https:\/\/i0.wp.com\/masquenoticias.mx\/wp-content\/uploads\/2025\/01\/WhatsApp-Image-2025-01-28-at-1.18.20-PM.jpeg?fit=1280%2C853&ssl=1","contentUrl":"https:\/\/i0.wp.com\/masquenoticias.mx\/wp-content\/uploads\/2025\/01\/WhatsApp-Image-2025-01-28-at-1.18.20-PM.jpeg?fit=1280%2C853&ssl=1","width":1280,"height":853},{"@type":"BreadcrumbList","@id":"https:\/\/masquenoticias.mx\/index.php\/2025\/01\/28\/familias-de-coquimatlan-agradecen-a-la-gobernadora-indira-por-obras-en-la-presa-el-zapote\/#breadcrumb","itemListElement":[{"@type":"ListItem","position":1,"name":"Inicio","item":"https:\/\/masquenoticias.mx\/"},{"@type":"ListItem","position":2,"name":"Familias de Coquimatl\u00e1n agradecen a la gobernadora Indira por obras en la presa &#8216;El Zapote&#8217;"}]},{"@type":"WebSite","@id":"https:\/\/masquenoticias.mx\/#website","url":"https:\/\/masquenoticias.mx\/","name":"M\u00e1s Que Noticias","description":"Noticias de Colima, M\u00e9xico y el Mundo","publisher":{"@id":"https:\/\/masquenoticias.mx\/#organization"},"potentialAction":[{"@type":"SearchAction","target":{"@type":"EntryPoint","urlTemplate":"https:\/\/masquenoticias.mx\/?s={search_term_string}"},"query-input":{"@type":"PropertyValueSpecification","valueRequired":true,"valueName":"search_term_string"}}],"inLanguage":"es"},{"@type":"Organization","@id":"https:\/\/masquenoticias.mx\/#organization","name":"M\u00e1s Que Noticias","url":"https:\/\/masquenoticias.mx\/","logo":{"@type":"ImageObject","inLanguage":"es","@id":"https:\/\/masquenoticias.mx\/#\/schema\/logo\/image\/","url":"https:\/\/i0.wp.com\/masquenoticias.mx\/wp-content\/uploads\/2024\/04\/IMG_0004.png?fit=2560%2C1656&ssl=1","contentUrl":"https:\/\/i0.wp.com\/masquenoticias.mx\/wp-content\/uploads\/2024\/04\/IMG_0004.png?fit=2560%2C1656&ssl=1","width":2560,"height":1656,"caption":"M\u00e1s Que Noticias"},"image":{"@id":"https:\/\/masquenoticias.mx\/#\/schema\/logo\/image\/"},"sameAs":["https:\/\/www.facebook.com\/masquenoticiascolima","https:\/\/x.com\/edgartove","https:\/\/www.instagram.com\/masquenoticiascolima\/"]},{"@type":"Person","@id":"https:\/\/masquenoticias.mx\/#\/schema\/person\/544d19989ef23d34615f691f7a96e622","name":"Redacci\u00f3n","image":{"@type":"ImageObject","inLanguage":"es","@id":"https:\/\/masquenoticias.mx\/#\/schema\/person\/image\/","url":"https:\/\/secure.gravatar.com\/avatar\/7fcc926d5b058d3f3d52d95b4d05dd58?s=96&d=mm&r=g","contentUrl":"https:\/\/secure.gravatar.com\/avatar\/7fcc926d5b058d3f3d52d95b4d05dd58?s=96&d=mm&r=g","caption":"Redacci\u00f3n"},"sameAs":["http:\/\/masquenoticias.mx"],"url":"https:\/\/masquenoticias.mx\/index.php\/author\/edgartovegmail-com\/"}]}},"jetpack_featured_media_url":"https:\/\/i0.wp.com\/masquenoticias.mx\/wp-content\/uploads\/2025\/01\/WhatsApp-Image-2025-01-28-at-1.18.20-PM.jpeg?fit=1280%2C853&ssl=1","blog_post_layout_featured_media_urls":{"thumbnail":["https:\/\/i0.wp.com\/masquenoticias.mx\/wp-content\/uploads\/2025\/01\/WhatsApp-Image-2025-01-28-at-1.18.20-PM.jpeg?resize=150%2C150&ssl=1",150,150,true],"full":["https:\/\/i0.wp.com\/masquenoticias.mx\/wp-content\/uploads\/2025\/01\/WhatsApp-Image-2025-01-28-at-1.18.20-PM.jpeg?fit=1280%2C853&ssl=1",1280,853,false]},"categories_names":{"28":{"name":"Municipios","link":"https:\/\/masquenoticias.mx\/index.php\/category\/municipios\/"}},"tags_names":{"212":{"name":"Coquimatl\u00e1n","link":"https:\/\/masquenoticias.mx\/index.php\/tag\/coquimatlan\/"}},"comments_number":"0","wpmagazine_modules_lite_featured_media_urls":{"thumbnail":["https:\/\/i0.wp.com\/masquenoticias.mx\/wp-content\/uploads\/2025\/01\/WhatsApp-Image-2025-01-28-at-1.18.20-PM.jpeg?resize=150%2C150&ssl=1",150,150,true],"cvmm-medium":["https:\/\/i0.wp.com\/masquenoticias.mx\/wp-content\/uploads\/2025\/01\/WhatsApp-Image-2025-01-28-at-1.18.20-PM.jpeg?resize=300%2C300&ssl=1",300,300,true],"cvmm-medium-plus":["https:\/\/i0.wp.com\/masquenoticias.mx\/wp-content\/uploads\/2025\/01\/WhatsApp-Image-2025-01-28-at-1.18.20-PM.jpeg?resize=305%2C207&ssl=1",305,207,true],"cvmm-portrait":["https:\/\/i0.wp.com\/masquenoticias.mx\/wp-content\/uploads\/2025\/01\/WhatsApp-Image-2025-01-28-at-1.18.20-PM.jpeg?resize=400%2C600&ssl=1",400,600,true],"cvmm-medium-square":["https:\/\/i0.wp.com\/masquenoticias.mx\/wp-content\/uploads\/2025\/01\/WhatsApp-Image-2025-01-28-at-1.18.20-PM.jpeg?resize=600%2C600&ssl=1",600,600,true],"cvmm-large":["https:\/\/i0.wp.com\/masquenoticias.mx\/wp-content\/uploads\/2025\/01\/WhatsApp-Image-2025-01-28-at-1.18.20-PM.jpeg?resize=1024%2C853&ssl=1",1024,853,true],"cvmm-small":["https:\/\/i0.wp.com\/masquenoticias.mx\/wp-content\/uploads\/2025\/01\/WhatsApp-Image-2025-01-28-at-1.18.20-PM.jpeg?resize=130%2C95&ssl=1",130,95,true],"full":["https:\/\/i0.wp.com\/masquenoticias.mx\/wp-content\/uploads\/2025\/01\/WhatsApp-Image-2025-01-28-at-1.18.20-PM.jpeg?fit=1280%2C853&ssl=1",1280,853,false]},"jetpack-related-posts":[],"jetpack_sharing_enabled":true,"jetpack_likes_enabled":true,"jetpack_shortlink":"https:\/\/wp.me\/pf7pkt-3xX","_links":{"self":[{"href":"https:\/\/masquenoticias.mx\/index.php\/wp-json\/wp\/v2\/posts\/13637","targetHints":{"allow":["GET"]}}],"collection":[{"href":"https:\/\/masquenoticias.mx\/index.php\/wp-json\/wp\/v2\/posts"}],"about":[{"href":"https:\/\/masquenoticias.mx\/index.php\/wp-json\/wp\/v2\/types\/post"}],"author":[{"embeddable":true,"href":"https:\/\/masquenoticias.mx\/index.php\/wp-json\/wp\/v2\/users\/1"}],"replies":[{"embeddable":true,"href":"https:\/\/masquenoticias.mx\/index.php\/wp-json\/wp\/v2\/comments?post=13637"}],"version-history":[{"count":1,"href":"https:\/\/masquenoticias.mx\/index.php\/wp-json\/wp\/v2\/posts\/13637\/revisions"}],"predecessor-version":[{"id":13639,"href":"https:\/\/masquenoticias.mx\/index.php\/wp-json\/wp\/v2\/posts\/13637\/revisions\/13639"}],"wp:featuredmedia":[{"embeddable":true,"href":"https:\/\/masquenoticias.mx\/index.php\/wp-json\/wp\/v2\/media\/13638"}],"wp:attachment":[{"href":"https:\/\/masquenoticias.mx\/index.php\/wp-json\/wp\/v2\/media?parent=13637"}],"wp:term":[{"taxonomy":"category","embeddable":true,"href":"https:\/\/masquenoticias.mx\/index.php\/wp-json\/wp\/v2\/categories?post=13637"},{"taxonomy":"post_tag","embeddable":true,"href":"https:\/\/masquenoticias.mx\/index.php\/wp-json\/wp\/v2\/tags?post=13637"}],"curies":[{"name":"wp","href":"https:\/\/api.w.org\/{rel}","templated":true}]}}