{"id":13634,"date":"2025-01-28T14:21:04","date_gmt":"2025-01-28T20:21:04","guid":{"rendered":"https:\/\/masquenoticias.mx\/?p=13634"},"modified":"2025-01-28T14:21:04","modified_gmt":"2025-01-28T20:21:04","slug":"toman-protesta-a-comite-de-evaluacion-del-legislativo-para-eleccion-judicial","status":"publish","type":"post","link":"https:\/\/masquenoticias.mx\/index.php\/2025\/01\/28\/toman-protesta-a-comite-de-evaluacion-del-legislativo-para-eleccion-judicial\/","title":{"rendered":"Toman protesta a Comit\u00e9 de Evaluaci\u00f3n del Legislativo para Elecci\u00f3n Judicial"},"content":{"rendered":"<p>En espacio solemne, la LXI Legislatura del Congreso del Estado de Colima, tom\u00f3 protesta a las cinco personas que integran el Comit\u00e9 de Evaluaci\u00f3n del Poder Legislativo para la elecci\u00f3n extraordinaria del Poder Judicial.<\/p>\n<p>Las y los integrantes del Comit\u00e9 son: Jos\u00e9 Manuel Vega Z\u00fa\u00f1iga; Esperanza Ram\u00edrez Vela; Paulina Alejandra Urz\u00faa G\u00f3mez; Gilberto Garc\u00eda Nava; y Mar\u00eda Vannesa Flores Llerenas.<\/p>\n<p>Este comit\u00e9 recibir\u00e1 los perfiles y seleccionar\u00e1 a las y los candidatos a los cargos de elecci\u00f3n popular del Poder Judicial del Estado de Colima, mediante el procedimiento que establecen la Constituci\u00f3n Pol\u00edtica de los Estados Unidos Mexicanos y la Constituci\u00f3n Pol\u00edtica del Estado Libre y Soberano de Colima, as\u00ed como las leyes electorales generales y locales vigentes, acuerdos generarles del Instituto Nacional Electoral y del Instituto Electoral del Estado de Colima y conforme a los respectivos lineamientos que a su vez expidan.<\/p>\n<p>Durante la discusi\u00f3n, el coordinador de Movimiento Ciudadano Israel Gonz\u00e1lez Mendoza, dijo que votar\u00edan en contra, mientras que las y los diputados del PRI y el PAN justificaron su ausencia en la sesi\u00f3n, por lo que la aprobaci\u00f3n para la toma de protesta qued\u00f3 con 17 votos a favor y 2 en contra.<\/p>\n","protected":false},"excerpt":{"rendered":"<p>En espacio solemne, la LXI Legislatura del Congreso del Estado de Colima, tom\u00f3 protesta a las cinco personas que integran el Comit\u00e9 de Evaluaci\u00f3n del Poder Legislativo para la elecci\u00f3n extraordinaria del Poder Judicial. Las y los integrantes del Comit\u00e9 son: Jos\u00e9 Manuel Vega Z\u00fa\u00f1iga; Esperanza Ram\u00edrez Vela; Paulina Alejandra Urz\u00faa G\u00f3mez; Gilberto Garc\u00eda Nava; [&hellip;]<\/p>\n","protected":false},"author":1,"featured_media":13635,"comment_status":"open","ping_status":"open","sticky":false,"template":"","format":"standard","meta":{"_jetpack_memberships_contains_paid_content":false,"footnotes":""},"categories":[32],"tags":[628],"class_list":["post-13634","post","type-post","status-publish","format-standard","has-post-thumbnail","hentry","category-politica","tag-congreso-colima"],"yoast_head":"<!-- This site is optimized with the Yoast SEO plugin v26.6 - https:\/\/yoast.com\/wordpress\/plugins\/seo\/ -->\n<title>Toman protesta a Comit\u00e9 de Evaluaci\u00f3n del Legislativo para Elecci\u00f3n Judicial - M\u00e1s Que Noticias<\/title>\n<meta name=\"robots\" content=\"index, follow, max-snippet:-1, max-image-preview:large, max-video-preview:-1\" \/>\n<link rel=\"canonical\" href=\"https:\/\/masquenoticias.mx\/index.php\/2025\/01\/28\/toman-protesta-a-comite-de-evaluacion-del-legislativo-para-eleccion-judicial\/\" \/>\n<meta property=\"og:locale\" content=\"es_MX\" \/>\n<meta property=\"og:type\" content=\"article\" \/>\n<meta property=\"og:title\" content=\"Toman protesta a Comit\u00e9 de Evaluaci\u00f3n del Legislativo para Elecci\u00f3n Judicial - M\u00e1s Que Noticias\" \/>\n<meta property=\"og:description\" content=\"En espacio solemne, la LXI Legislatura del Congreso del Estado de Colima, tom\u00f3 protesta a las cinco personas que integran el Comit\u00e9 de Evaluaci\u00f3n del Poder Legislativo para la elecci\u00f3n extraordinaria del Poder Judicial. Las y los integrantes del Comit\u00e9 son: Jos\u00e9 Manuel Vega Z\u00fa\u00f1iga; Esperanza Ram\u00edrez Vela; Paulina Alejandra Urz\u00faa G\u00f3mez; Gilberto Garc\u00eda Nava; [&hellip;]\" \/>\n<meta property=\"og:url\" content=\"https:\/\/masquenoticias.mx\/index.php\/2025\/01\/28\/toman-protesta-a-comite-de-evaluacion-del-legislativo-para-eleccion-judicial\/\" \/>\n<meta property=\"og:site_name\" content=\"M\u00e1s Que Noticias\" \/>\n<meta property=\"article:publisher\" content=\"https:\/\/www.facebook.com\/masquenoticiascolima\" \/>\n<meta property=\"article:published_time\" content=\"2025-01-28T20:21:04+00:00\" \/>\n<meta property=\"og:image\" content=\"https:\/\/masquenoticias.mx\/wp-content\/uploads\/2025\/01\/Comite-seleccion.jpeg\" \/>\n\t<meta property=\"og:image:width\" content=\"1280\" \/>\n\t<meta property=\"og:image:height\" content=\"853\" \/>\n\t<meta property=\"og:image:type\" content=\"image\/jpeg\" \/>\n<meta name=\"author\" content=\"Redacci\u00f3n\" \/>\n<meta name=\"twitter:card\" content=\"summary_large_image\" \/>\n<meta name=\"twitter:creator\" content=\"@edgartove\" \/>\n<meta name=\"twitter:site\" content=\"@edgartove\" \/>\n<meta name=\"twitter:label1\" content=\"Escrito por\" \/>\n\t<meta name=\"twitter:data1\" content=\"Redacci\u00f3n\" \/>\n\t<meta name=\"twitter:label2\" content=\"Tiempo de lectura\" \/>\n\t<meta name=\"twitter:data2\" content=\"2 minutos\" \/>\n<script type=\"application\/ld+json\" class=\"yoast-schema-graph\">{\"@context\":\"https:\/\/schema.org\",\"@graph\":[{\"@type\":\"Article\",\"@id\":\"https:\/\/masquenoticias.mx\/index.php\/2025\/01\/28\/toman-protesta-a-comite-de-evaluacion-del-legislativo-para-eleccion-judicial\/#article\",\"isPartOf\":{\"@id\":\"https:\/\/masquenoticias.mx\/index.php\/2025\/01\/28\/toman-protesta-a-comite-de-evaluacion-del-legislativo-para-eleccion-judicial\/\"},\"author\":{\"name\":\"Redacci\u00f3n\",\"@id\":\"https:\/\/masquenoticias.mx\/#\/schema\/person\/544d19989ef23d34615f691f7a96e622\"},\"headline\":\"Toman protesta a Comit\u00e9 de Evaluaci\u00f3n del Legislativo para Elecci\u00f3n Judicial\",\"datePublished\":\"2025-01-28T20:21:04+00:00\",\"mainEntityOfPage\":{\"@id\":\"https:\/\/masquenoticias.mx\/index.php\/2025\/01\/28\/toman-protesta-a-comite-de-evaluacion-del-legislativo-para-eleccion-judicial\/\"},\"wordCount\":225,\"commentCount\":0,\"publisher\":{\"@id\":\"https:\/\/masquenoticias.mx\/#organization\"},\"image\":{\"@id\":\"https:\/\/masquenoticias.mx\/index.php\/2025\/01\/28\/toman-protesta-a-comite-de-evaluacion-del-legislativo-para-eleccion-judicial\/#primaryimage\"},\"thumbnailUrl\":\"https:\/\/i0.wp.com\/masquenoticias.mx\/wp-content\/uploads\/2025\/01\/Comite-seleccion.jpeg?fit=1280%2C853&ssl=1\",\"keywords\":[\"Congreso Colima\"],\"articleSection\":[\"Pol\u00edtica\"],\"inLanguage\":\"es\",\"potentialAction\":[{\"@type\":\"CommentAction\",\"name\":\"Comment\",\"target\":[\"https:\/\/masquenoticias.mx\/index.php\/2025\/01\/28\/toman-protesta-a-comite-de-evaluacion-del-legislativo-para-eleccion-judicial\/#respond\"]}]},{\"@type\":\"WebPage\",\"@id\":\"https:\/\/masquenoticias.mx\/index.php\/2025\/01\/28\/toman-protesta-a-comite-de-evaluacion-del-legislativo-para-eleccion-judicial\/\",\"url\":\"https:\/\/masquenoticias.mx\/index.php\/2025\/01\/28\/toman-protesta-a-comite-de-evaluacion-del-legislativo-para-eleccion-judicial\/\",\"name\":\"Toman protesta a Comit\u00e9 de Evaluaci\u00f3n del Legislativo para Elecci\u00f3n Judicial - M\u00e1s Que Noticias\",\"isPartOf\":{\"@id\":\"https:\/\/masquenoticias.mx\/#website\"},\"primaryImageOfPage\":{\"@id\":\"https:\/\/masquenoticias.mx\/index.php\/2025\/01\/28\/toman-protesta-a-comite-de-evaluacion-del-legislativo-para-eleccion-judicial\/#primaryimage\"},\"image\":{\"@id\":\"https:\/\/masquenoticias.mx\/index.php\/2025\/01\/28\/toman-protesta-a-comite-de-evaluacion-del-legislativo-para-eleccion-judicial\/#primaryimage\"},\"thumbnailUrl\":\"https:\/\/i0.wp.com\/masquenoticias.mx\/wp-content\/uploads\/2025\/01\/Comite-seleccion.jpeg?fit=1280%2C853&ssl=1\",\"datePublished\":\"2025-01-28T20:21:04+00:00\",\"breadcrumb\":{\"@id\":\"https:\/\/masquenoticias.mx\/index.php\/2025\/01\/28\/toman-protesta-a-comite-de-evaluacion-del-legislativo-para-eleccion-judicial\/#breadcrumb\"},\"inLanguage\":\"es\",\"potentialAction\":[{\"@type\":\"ReadAction\",\"target\":[\"https:\/\/masquenoticias.mx\/index.php\/2025\/01\/28\/toman-protesta-a-comite-de-evaluacion-del-legislativo-para-eleccion-judicial\/\"]}]},{\"@type\":\"ImageObject\",\"inLanguage\":\"es\",\"@id\":\"https:\/\/masquenoticias.mx\/index.php\/2025\/01\/28\/toman-protesta-a-comite-de-evaluacion-del-legislativo-para-eleccion-judicial\/#primaryimage\",\"url\":\"https:\/\/i0.wp.com\/masquenoticias.mx\/wp-content\/uploads\/2025\/01\/Comite-seleccion.jpeg?fit=1280%2C853&ssl=1\",\"contentUrl\":\"https:\/\/i0.wp.com\/masquenoticias.mx\/wp-content\/uploads\/2025\/01\/Comite-seleccion.jpeg?fit=1280%2C853&ssl=1\",\"width\":1280,\"height\":853},{\"@type\":\"BreadcrumbList\",\"@id\":\"https:\/\/masquenoticias.mx\/index.php\/2025\/01\/28\/toman-protesta-a-comite-de-evaluacion-del-legislativo-para-eleccion-judicial\/#breadcrumb\",\"itemListElement\":[{\"@type\":\"ListItem\",\"position\":1,\"name\":\"Inicio\",\"item\":\"https:\/\/masquenoticias.mx\/\"},{\"@type\":\"ListItem\",\"position\":2,\"name\":\"Toman protesta a Comit\u00e9 de Evaluaci\u00f3n del Legislativo para Elecci\u00f3n Judicial\"}]},{\"@type\":\"WebSite\",\"@id\":\"https:\/\/masquenoticias.mx\/#website\",\"url\":\"https:\/\/masquenoticias.mx\/\",\"name\":\"M\u00e1s Que Noticias\",\"description\":\"Noticias de Colima, M\u00e9xico y el Mundo\",\"publisher\":{\"@id\":\"https:\/\/masquenoticias.mx\/#organization\"},\"potentialAction\":[{\"@type\":\"SearchAction\",\"target\":{\"@type\":\"EntryPoint\",\"urlTemplate\":\"https:\/\/masquenoticias.mx\/?s={search_term_string}\"},\"query-input\":{\"@type\":\"PropertyValueSpecification\",\"valueRequired\":true,\"valueName\":\"search_term_string\"}}],\"inLanguage\":\"es\"},{\"@type\":\"Organization\",\"@id\":\"https:\/\/masquenoticias.mx\/#organization\",\"name\":\"M\u00e1s Que Noticias\",\"url\":\"https:\/\/masquenoticias.mx\/\",\"logo\":{\"@type\":\"ImageObject\",\"inLanguage\":\"es\",\"@id\":\"https:\/\/masquenoticias.mx\/#\/schema\/logo\/image\/\",\"url\":\"https:\/\/i0.wp.com\/masquenoticias.mx\/wp-content\/uploads\/2024\/04\/IMG_0004.png?fit=2560%2C1656&ssl=1\",\"contentUrl\":\"https:\/\/i0.wp.com\/masquenoticias.mx\/wp-content\/uploads\/2024\/04\/IMG_0004.png?fit=2560%2C1656&ssl=1\",\"width\":2560,\"height\":1656,\"caption\":\"M\u00e1s Que Noticias\"},\"image\":{\"@id\":\"https:\/\/masquenoticias.mx\/#\/schema\/logo\/image\/\"},\"sameAs\":[\"https:\/\/www.facebook.com\/masquenoticiascolima\",\"https:\/\/x.com\/edgartove\",\"https:\/\/www.instagram.com\/masquenoticiascolima\/\"]},{\"@type\":\"Person\",\"@id\":\"https:\/\/masquenoticias.mx\/#\/schema\/person\/544d19989ef23d34615f691f7a96e622\",\"name\":\"Redacci\u00f3n\",\"image\":{\"@type\":\"ImageObject\",\"inLanguage\":\"es\",\"@id\":\"https:\/\/masquenoticias.mx\/#\/schema\/person\/image\/\",\"url\":\"https:\/\/secure.gravatar.com\/avatar\/7fcc926d5b058d3f3d52d95b4d05dd58?s=96&d=mm&r=g\",\"contentUrl\":\"https:\/\/secure.gravatar.com\/avatar\/7fcc926d5b058d3f3d52d95b4d05dd58?s=96&d=mm&r=g\",\"caption\":\"Redacci\u00f3n\"},\"sameAs\":[\"http:\/\/masquenoticias.mx\"],\"url\":\"https:\/\/masquenoticias.mx\/index.php\/author\/edgartovegmail-com\/\"}]}<\/script>\n<!-- \/ Yoast SEO plugin. -->","yoast_head_json":{"title":"Toman protesta a Comit\u00e9 de Evaluaci\u00f3n del Legislativo para Elecci\u00f3n Judicial - M\u00e1s Que Noticias","robots":{"index":"index","follow":"follow","max-snippet":"max-snippet:-1","max-image-preview":"max-image-preview:large","max-video-preview":"max-video-preview:-1"},"canonical":"https:\/\/masquenoticias.mx\/index.php\/2025\/01\/28\/toman-protesta-a-comite-de-evaluacion-del-legislativo-para-eleccion-judicial\/","og_locale":"es_MX","og_type":"article","og_title":"Toman protesta a Comit\u00e9 de Evaluaci\u00f3n del Legislativo para Elecci\u00f3n Judicial - M\u00e1s Que Noticias","og_description":"En espacio solemne, la LXI Legislatura del Congreso del Estado de Colima, tom\u00f3 protesta a las cinco personas que integran el Comit\u00e9 de Evaluaci\u00f3n del Poder Legislativo para la elecci\u00f3n extraordinaria del Poder Judicial. Las y los integrantes del Comit\u00e9 son: Jos\u00e9 Manuel Vega Z\u00fa\u00f1iga; Esperanza Ram\u00edrez Vela; Paulina Alejandra Urz\u00faa G\u00f3mez; Gilberto Garc\u00eda Nava; [&hellip;]","og_url":"https:\/\/masquenoticias.mx\/index.php\/2025\/01\/28\/toman-protesta-a-comite-de-evaluacion-del-legislativo-para-eleccion-judicial\/","og_site_name":"M\u00e1s Que Noticias","article_publisher":"https:\/\/www.facebook.com\/masquenoticiascolima","article_published_time":"2025-01-28T20:21:04+00:00","og_image":[{"width":1280,"height":853,"url":"https:\/\/masquenoticias.mx\/wp-content\/uploads\/2025\/01\/Comite-seleccion.jpeg","type":"image\/jpeg"}],"author":"Redacci\u00f3n","twitter_card":"summary_large_image","twitter_creator":"@edgartove","twitter_site":"@edgartove","twitter_misc":{"Escrito por":"Redacci\u00f3n","Tiempo de lectura":"2 minutos"},"schema":{"@context":"https:\/\/schema.org","@graph":[{"@type":"Article","@id":"https:\/\/masquenoticias.mx\/index.php\/2025\/01\/28\/toman-protesta-a-comite-de-evaluacion-del-legislativo-para-eleccion-judicial\/#article","isPartOf":{"@id":"https:\/\/masquenoticias.mx\/index.php\/2025\/01\/28\/toman-protesta-a-comite-de-evaluacion-del-legislativo-para-eleccion-judicial\/"},"author":{"name":"Redacci\u00f3n","@id":"https:\/\/masquenoticias.mx\/#\/schema\/person\/544d19989ef23d34615f691f7a96e622"},"headline":"Toman protesta a Comit\u00e9 de Evaluaci\u00f3n del Legislativo para Elecci\u00f3n Judicial","datePublished":"2025-01-28T20:21:04+00:00","mainEntityOfPage":{"@id":"https:\/\/masquenoticias.mx\/index.php\/2025\/01\/28\/toman-protesta-a-comite-de-evaluacion-del-legislativo-para-eleccion-judicial\/"},"wordCount":225,"commentCount":0,"publisher":{"@id":"https:\/\/masquenoticias.mx\/#organization"},"image":{"@id":"https:\/\/masquenoticias.mx\/index.php\/2025\/01\/28\/toman-protesta-a-comite-de-evaluacion-del-legislativo-para-eleccion-judicial\/#primaryimage"},"thumbnailUrl":"https:\/\/i0.wp.com\/masquenoticias.mx\/wp-content\/uploads\/2025\/01\/Comite-seleccion.jpeg?fit=1280%2C853&ssl=1","keywords":["Congreso Colima"],"articleSection":["Pol\u00edtica"],"inLanguage":"es","potentialAction":[{"@type":"CommentAction","name":"Comment","target":["https:\/\/masquenoticias.mx\/index.php\/2025\/01\/28\/toman-protesta-a-comite-de-evaluacion-del-legislativo-para-eleccion-judicial\/#respond"]}]},{"@type":"WebPage","@id":"https:\/\/masquenoticias.mx\/index.php\/2025\/01\/28\/toman-protesta-a-comite-de-evaluacion-del-legislativo-para-eleccion-judicial\/","url":"https:\/\/masquenoticias.mx\/index.php\/2025\/01\/28\/toman-protesta-a-comite-de-evaluacion-del-legislativo-para-eleccion-judicial\/","name":"Toman protesta a Comit\u00e9 de Evaluaci\u00f3n del Legislativo para Elecci\u00f3n Judicial - M\u00e1s Que Noticias","isPartOf":{"@id":"https:\/\/masquenoticias.mx\/#website"},"primaryImageOfPage":{"@id":"https:\/\/masquenoticias.mx\/index.php\/2025\/01\/28\/toman-protesta-a-comite-de-evaluacion-del-legislativo-para-eleccion-judicial\/#primaryimage"},"image":{"@id":"https:\/\/masquenoticias.mx\/index.php\/2025\/01\/28\/toman-protesta-a-comite-de-evaluacion-del-legislativo-para-eleccion-judicial\/#primaryimage"},"thumbnailUrl":"https:\/\/i0.wp.com\/masquenoticias.mx\/wp-content\/uploads\/2025\/01\/Comite-seleccion.jpeg?fit=1280%2C853&ssl=1","datePublished":"2025-01-28T20:21:04+00:00","breadcrumb":{"@id":"https:\/\/masquenoticias.mx\/index.php\/2025\/01\/28\/toman-protesta-a-comite-de-evaluacion-del-legislativo-para-eleccion-judicial\/#breadcrumb"},"inLanguage":"es","potentialAction":[{"@type":"ReadAction","target":["https:\/\/masquenoticias.mx\/index.php\/2025\/01\/28\/toman-protesta-a-comite-de-evaluacion-del-legislativo-para-eleccion-judicial\/"]}]},{"@type":"ImageObject","inLanguage":"es","@id":"https:\/\/masquenoticias.mx\/index.php\/2025\/01\/28\/toman-protesta-a-comite-de-evaluacion-del-legislativo-para-eleccion-judicial\/#primaryimage","url":"https:\/\/i0.wp.com\/masquenoticias.mx\/wp-content\/uploads\/2025\/01\/Comite-seleccion.jpeg?fit=1280%2C853&ssl=1","contentUrl":"https:\/\/i0.wp.com\/masquenoticias.mx\/wp-content\/uploads\/2025\/01\/Comite-seleccion.jpeg?fit=1280%2C853&ssl=1","width":1280,"height":853},{"@type":"BreadcrumbList","@id":"https:\/\/masquenoticias.mx\/index.php\/2025\/01\/28\/toman-protesta-a-comite-de-evaluacion-del-legislativo-para-eleccion-judicial\/#breadcrumb","itemListElement":[{"@type":"ListItem","position":1,"name":"Inicio","item":"https:\/\/masquenoticias.mx\/"},{"@type":"ListItem","position":2,"name":"Toman protesta a Comit\u00e9 de Evaluaci\u00f3n del Legislativo para Elecci\u00f3n Judicial"}]},{"@type":"WebSite","@id":"https:\/\/masquenoticias.mx\/#website","url":"https:\/\/masquenoticias.mx\/","name":"M\u00e1s Que Noticias","description":"Noticias de Colima, M\u00e9xico y el Mundo","publisher":{"@id":"https:\/\/masquenoticias.mx\/#organization"},"potentialAction":[{"@type":"SearchAction","target":{"@type":"EntryPoint","urlTemplate":"https:\/\/masquenoticias.mx\/?s={search_term_string}"},"query-input":{"@type":"PropertyValueSpecification","valueRequired":true,"valueName":"search_term_string"}}],"inLanguage":"es"},{"@type":"Organization","@id":"https:\/\/masquenoticias.mx\/#organization","name":"M\u00e1s Que Noticias","url":"https:\/\/masquenoticias.mx\/","logo":{"@type":"ImageObject","inLanguage":"es","@id":"https:\/\/masquenoticias.mx\/#\/schema\/logo\/image\/","url":"https:\/\/i0.wp.com\/masquenoticias.mx\/wp-content\/uploads\/2024\/04\/IMG_0004.png?fit=2560%2C1656&ssl=1","contentUrl":"https:\/\/i0.wp.com\/masquenoticias.mx\/wp-content\/uploads\/2024\/04\/IMG_0004.png?fit=2560%2C1656&ssl=1","width":2560,"height":1656,"caption":"M\u00e1s Que Noticias"},"image":{"@id":"https:\/\/masquenoticias.mx\/#\/schema\/logo\/image\/"},"sameAs":["https:\/\/www.facebook.com\/masquenoticiascolima","https:\/\/x.com\/edgartove","https:\/\/www.instagram.com\/masquenoticiascolima\/"]},{"@type":"Person","@id":"https:\/\/masquenoticias.mx\/#\/schema\/person\/544d19989ef23d34615f691f7a96e622","name":"Redacci\u00f3n","image":{"@type":"ImageObject","inLanguage":"es","@id":"https:\/\/masquenoticias.mx\/#\/schema\/person\/image\/","url":"https:\/\/secure.gravatar.com\/avatar\/7fcc926d5b058d3f3d52d95b4d05dd58?s=96&d=mm&r=g","contentUrl":"https:\/\/secure.gravatar.com\/avatar\/7fcc926d5b058d3f3d52d95b4d05dd58?s=96&d=mm&r=g","caption":"Redacci\u00f3n"},"sameAs":["http:\/\/masquenoticias.mx"],"url":"https:\/\/masquenoticias.mx\/index.php\/author\/edgartovegmail-com\/"}]}},"jetpack_featured_media_url":"https:\/\/i0.wp.com\/masquenoticias.mx\/wp-content\/uploads\/2025\/01\/Comite-seleccion.jpeg?fit=1280%2C853&ssl=1","blog_post_layout_featured_media_urls":{"thumbnail":["https:\/\/i0.wp.com\/masquenoticias.mx\/wp-content\/uploads\/2025\/01\/Comite-seleccion.jpeg?resize=150%2C150&ssl=1",150,150,true],"full":["https:\/\/i0.wp.com\/masquenoticias.mx\/wp-content\/uploads\/2025\/01\/Comite-seleccion.jpeg?fit=1280%2C853&ssl=1",1280,853,false]},"categories_names":{"32":{"name":"Pol\u00edtica","link":"https:\/\/masquenoticias.mx\/index.php\/category\/politica\/"}},"tags_names":{"628":{"name":"Congreso Colima","link":"https:\/\/masquenoticias.mx\/index.php\/tag\/congreso-colima\/"}},"comments_number":"0","wpmagazine_modules_lite_featured_media_urls":{"thumbnail":["https:\/\/i0.wp.com\/masquenoticias.mx\/wp-content\/uploads\/2025\/01\/Comite-seleccion.jpeg?resize=150%2C150&ssl=1",150,150,true],"cvmm-medium":["https:\/\/i0.wp.com\/masquenoticias.mx\/wp-content\/uploads\/2025\/01\/Comite-seleccion.jpeg?resize=300%2C300&ssl=1",300,300,true],"cvmm-medium-plus":["https:\/\/i0.wp.com\/masquenoticias.mx\/wp-content\/uploads\/2025\/01\/Comite-seleccion.jpeg?resize=305%2C207&ssl=1",305,207,true],"cvmm-portrait":["https:\/\/i0.wp.com\/masquenoticias.mx\/wp-content\/uploads\/2025\/01\/Comite-seleccion.jpeg?resize=400%2C600&ssl=1",400,600,true],"cvmm-medium-square":["https:\/\/i0.wp.com\/masquenoticias.mx\/wp-content\/uploads\/2025\/01\/Comite-seleccion.jpeg?resize=600%2C600&ssl=1",600,600,true],"cvmm-large":["https:\/\/i0.wp.com\/masquenoticias.mx\/wp-content\/uploads\/2025\/01\/Comite-seleccion.jpeg?resize=1024%2C853&ssl=1",1024,853,true],"cvmm-small":["https:\/\/i0.wp.com\/masquenoticias.mx\/wp-content\/uploads\/2025\/01\/Comite-seleccion.jpeg?resize=130%2C95&ssl=1",130,95,true],"full":["https:\/\/i0.wp.com\/masquenoticias.mx\/wp-content\/uploads\/2025\/01\/Comite-seleccion.jpeg?fit=1280%2C853&ssl=1",1280,853,false]},"jetpack-related-posts":[],"jetpack_sharing_enabled":true,"jetpack_likes_enabled":true,"jetpack_shortlink":"https:\/\/wp.me\/pf7pkt-3xU","_links":{"self":[{"href":"https:\/\/masquenoticias.mx\/index.php\/wp-json\/wp\/v2\/posts\/13634","targetHints":{"allow":["GET"]}}],"collection":[{"href":"https:\/\/masquenoticias.mx\/index.php\/wp-json\/wp\/v2\/posts"}],"about":[{"href":"https:\/\/masquenoticias.mx\/index.php\/wp-json\/wp\/v2\/types\/post"}],"author":[{"embeddable":true,"href":"https:\/\/masquenoticias.mx\/index.php\/wp-json\/wp\/v2\/users\/1"}],"replies":[{"embeddable":true,"href":"https:\/\/masquenoticias.mx\/index.php\/wp-json\/wp\/v2\/comments?post=13634"}],"version-history":[{"count":1,"href":"https:\/\/masquenoticias.mx\/index.php\/wp-json\/wp\/v2\/posts\/13634\/revisions"}],"predecessor-version":[{"id":13636,"href":"https:\/\/masquenoticias.mx\/index.php\/wp-json\/wp\/v2\/posts\/13634\/revisions\/13636"}],"wp:featuredmedia":[{"embeddable":true,"href":"https:\/\/masquenoticias.mx\/index.php\/wp-json\/wp\/v2\/media\/13635"}],"wp:attachment":[{"href":"https:\/\/masquenoticias.mx\/index.php\/wp-json\/wp\/v2\/media?parent=13634"}],"wp:term":[{"taxonomy":"category","embeddable":true,"href":"https:\/\/masquenoticias.mx\/index.php\/wp-json\/wp\/v2\/categories?post=13634"},{"taxonomy":"post_tag","embeddable":true,"href":"https:\/\/masquenoticias.mx\/index.php\/wp-json\/wp\/v2\/tags?post=13634"}],"curies":[{"name":"wp","href":"https:\/\/api.w.org\/{rel}","templated":true}]}}