{"id":13505,"date":"2025-01-23T14:39:41","date_gmt":"2025-01-23T20:39:41","guid":{"rendered":"https:\/\/masquenoticias.mx\/?p=13505"},"modified":"2025-01-23T14:39:41","modified_gmt":"2025-01-23T20:39:41","slug":"gobierno-colima-y-ciapacov-en-compania-de-secc-39-del-snte-dan-arranque-a-escuelas-guardianas-del-agua-2025-en-villa-de-alvarez","status":"publish","type":"post","link":"https:\/\/masquenoticias.mx\/index.php\/2025\/01\/23\/gobierno-colima-y-ciapacov-en-compania-de-secc-39-del-snte-dan-arranque-a-escuelas-guardianas-del-agua-2025-en-villa-de-alvarez\/","title":{"rendered":"Gobierno Colima y CIAPACOV, en compa\u00f1\u00eda de Secc. 39 del SNTE, dan arranque a \u201cEscuelas Guardianas del Agua 2025\u201d en Villa de \u00c1lvarez"},"content":{"rendered":"<p>Este mi\u00e9rcoles 22 de enero, el Director General de la Comisi\u00f3n Intermunicipal de Agua Potable y Alcantarillado de los municipios de Colima y Villa de \u00c1lvarez (CIAPACOV), Vladimir Parra, dio arranque a la estrategia \u201cEscuelas Guardianas del Agua 2025\u201d con un evento realizado en el Preescolar \u201cIsaura Pamplona&#8221;, ubicada en la colonia Ram\u00f3n Serrano del municipio de Villa de \u00c1lvarez.<\/p>\n<p>Este es el 3er a\u00f1o consecutivo en el que CIAPACOV implementa esta estretegia, con apoyo de la Secretar\u00eda de Educaci\u00f3n del Estado y el Gobierno de Colima, para incentivar la cultura del agua en las escuelas de educaci\u00f3n b\u00e1sica de los municipios de Colima y Villa de \u00c1lvarez, llevando charlas y actividades l\u00fadicas.<\/p>\n<p>Durante su discurso para dar inicio a esta estrategia, Vladimir Parra, resalt\u00f3 la importancia del cuidado del agua y de formar ciudadanos responsables que comprendan y enfrenten las problem\u00e1ticas relacionadas con el agua con sensibilidad y humanismo, en ese sentido pidi\u00f3 a las ni\u00f1as y los ni\u00f1os que ayuden a hacer conciencia con los pap\u00e1s y mam\u00e1s, la familia y los vecinos para ser \u201cGuardianes del Agua\u201d.<\/p>\n<p>\u201c\u00bfCu\u00e1l es el objetivo? Llevar las charlas de cuidado y cultura del agua a las escuelas. La educaci\u00f3n es indispensable para fomentar una visi\u00f3n realista, arm\u00f3nica con la naturaleza, que tenga sesibilidad humana, pues los temas ambientales, son temas complejos y las escuelas, resultan ser importantes n\u00facleos sociales, con comunidades estudiantiles llenas de mentes curiosas y creativas, que son ideales para reflexionar sobre el agua como un elemento esencial para la vida\u201d-mencion\u00f3 Parra.<\/p>\n<p>As\u00ed mismo, recalc\u00f3 la coordinaci\u00f3n con el Gobierno del estado, para hacerlo posible: \u201cSe han visitado m\u00e1s de 100 escuelas en esta administraci\u00f3n, donde llevamos charlas, actividades, juegos, manualidades, donde se puede aprender sobre el ciclo, tratamiento y cuidado del l\u00edquido del agua. Todo esto ha sido gracias al respaldo y visi\u00f3n de nuestra Gobernadora Indira Vizca\u00edno, por lo que se ha buscado que esta estrategia fomente una Cultura de Paz y conciencia sobre el Derecho Humano al Agua, acercando estos temas a las nuevas generaciones\u201d.<\/p>\n<p>Tras la visita, el director General de CIAPACOV, coloc\u00f3 una imagen distintiva de CIAPACOV que indica que la escuela ya se ha incorporado a estas actividades y sus estudiantes ya son Guardianes del Agua.<\/p>\n<p>Por \u00faltimo, Parra Barrag\u00e1n agradeci\u00f3 a la Gobernadora, al Gobierno Colima y al Secretario de Educaci\u00f3n y Cultura, Adolfo N\u00fa\u00f1ez Gonz\u00e1lez , por su apoyo en esta esta estrategia que busca concientizar sobre la importancia y cuidado del agua en los diferentes niveles educativos. As\u00ed mismo, reconoci\u00f3 el esfuerzo y apoyo de los equipos de las direcciones de: Cultura del Agua, encabezada por Sara\u00ed S\u00e1nchez; Comunicaci\u00f3n y Gesti\u00f3n Social de CIAPACOV para llevar a cabo estas actividades.<\/p>\n<p>En el evento estuvieron presentes: Ma. de Jes\u00fas urz\u00faa Plazola,Supervisora de la zona 16 de preescolar en representaci\u00f3n de Adolfo Nu\u00f1ez Gonzalez, Secretario de Educaci\u00f3n; el Mtro. David Hern\u00e1ndez Viera, Secretario General de la Secci\u00f3n 39 de SNTE; la Lic. Iliana Badillo Garc\u00eda, Representante de la Comisi\u00f3n Estatal de Agua; Karla Adriana Navarro Cruz, Directora del plantel educativo preescolar Isaura Pamplona y Vladimir Parra Barrag\u00e1n, Director General de CIAPACOV.<\/p>\n","protected":false},"excerpt":{"rendered":"<p>Este mi\u00e9rcoles 22 de enero, el Director General de la Comisi\u00f3n Intermunicipal de Agua Potable y Alcantarillado de los municipios de Colima y Villa de \u00c1lvarez (CIAPACOV), Vladimir Parra, dio arranque a la estrategia \u201cEscuelas Guardianas del Agua 2025\u201d con un evento realizado en el Preescolar \u201cIsaura Pamplona&#8221;, ubicada en la colonia Ram\u00f3n Serrano del [&hellip;]<\/p>\n","protected":false},"author":1,"featured_media":13506,"comment_status":"open","ping_status":"open","sticky":false,"template":"","format":"standard","meta":{"_jetpack_memberships_contains_paid_content":false,"footnotes":""},"categories":[28],"tags":[76,89],"class_list":["post-13505","post","type-post","status-publish","format-standard","has-post-thumbnail","hentry","category-municipios","tag-ciapacov","tag-snte"],"yoast_head":"<!-- This site is optimized with the Yoast SEO plugin v26.6 - https:\/\/yoast.com\/wordpress\/plugins\/seo\/ -->\n<title>Gobierno Colima y CIAPACOV, en compa\u00f1\u00eda de Secc. 39 del SNTE, dan arranque a \u201cEscuelas Guardianas del Agua 2025\u201d en Villa de \u00c1lvarez - M\u00e1s Que Noticias<\/title>\n<meta name=\"robots\" content=\"index, follow, max-snippet:-1, max-image-preview:large, max-video-preview:-1\" \/>\n<link rel=\"canonical\" href=\"https:\/\/masquenoticias.mx\/index.php\/2025\/01\/23\/gobierno-colima-y-ciapacov-en-compania-de-secc-39-del-snte-dan-arranque-a-escuelas-guardianas-del-agua-2025-en-villa-de-alvarez\/\" \/>\n<meta property=\"og:locale\" content=\"es_MX\" \/>\n<meta property=\"og:type\" content=\"article\" \/>\n<meta property=\"og:title\" content=\"Gobierno Colima y CIAPACOV, en compa\u00f1\u00eda de Secc. 39 del SNTE, dan arranque a \u201cEscuelas Guardianas del Agua 2025\u201d en Villa de \u00c1lvarez - M\u00e1s Que Noticias\" \/>\n<meta property=\"og:description\" content=\"Este mi\u00e9rcoles 22 de enero, el Director General de la Comisi\u00f3n Intermunicipal de Agua Potable y Alcantarillado de los municipios de Colima y Villa de \u00c1lvarez (CIAPACOV), Vladimir Parra, dio arranque a la estrategia \u201cEscuelas Guardianas del Agua 2025\u201d con un evento realizado en el Preescolar \u201cIsaura Pamplona&#8221;, ubicada en la colonia Ram\u00f3n Serrano del [&hellip;]\" \/>\n<meta property=\"og:url\" content=\"https:\/\/masquenoticias.mx\/index.php\/2025\/01\/23\/gobierno-colima-y-ciapacov-en-compania-de-secc-39-del-snte-dan-arranque-a-escuelas-guardianas-del-agua-2025-en-villa-de-alvarez\/\" \/>\n<meta property=\"og:site_name\" content=\"M\u00e1s Que Noticias\" \/>\n<meta property=\"article:publisher\" content=\"https:\/\/www.facebook.com\/masquenoticiascolima\" \/>\n<meta property=\"article:published_time\" content=\"2025-01-23T20:39:41+00:00\" \/>\n<meta property=\"og:image\" content=\"https:\/\/masquenoticias.mx\/wp-content\/uploads\/2025\/01\/Ciapacov.png\" \/>\n\t<meta property=\"og:image:width\" content=\"1280\" \/>\n\t<meta property=\"og:image:height\" content=\"853\" \/>\n\t<meta property=\"og:image:type\" content=\"image\/png\" \/>\n<meta name=\"author\" content=\"Redacci\u00f3n\" \/>\n<meta name=\"twitter:card\" content=\"summary_large_image\" \/>\n<meta name=\"twitter:creator\" content=\"@edgartove\" \/>\n<meta name=\"twitter:site\" content=\"@edgartove\" \/>\n<meta name=\"twitter:label1\" content=\"Escrito por\" \/>\n\t<meta name=\"twitter:data1\" content=\"Redacci\u00f3n\" \/>\n\t<meta name=\"twitter:label2\" content=\"Tiempo de lectura\" \/>\n\t<meta name=\"twitter:data2\" content=\"3 minutos\" \/>\n<script type=\"application\/ld+json\" class=\"yoast-schema-graph\">{\"@context\":\"https:\/\/schema.org\",\"@graph\":[{\"@type\":\"Article\",\"@id\":\"https:\/\/masquenoticias.mx\/index.php\/2025\/01\/23\/gobierno-colima-y-ciapacov-en-compania-de-secc-39-del-snte-dan-arranque-a-escuelas-guardianas-del-agua-2025-en-villa-de-alvarez\/#article\",\"isPartOf\":{\"@id\":\"https:\/\/masquenoticias.mx\/index.php\/2025\/01\/23\/gobierno-colima-y-ciapacov-en-compania-de-secc-39-del-snte-dan-arranque-a-escuelas-guardianas-del-agua-2025-en-villa-de-alvarez\/\"},\"author\":{\"name\":\"Redacci\u00f3n\",\"@id\":\"https:\/\/masquenoticias.mx\/#\/schema\/person\/544d19989ef23d34615f691f7a96e622\"},\"headline\":\"Gobierno Colima y CIAPACOV, en compa\u00f1\u00eda de Secc. 39 del SNTE, dan arranque a \u201cEscuelas Guardianas del Agua 2025\u201d en Villa de \u00c1lvarez\",\"datePublished\":\"2025-01-23T20:39:41+00:00\",\"mainEntityOfPage\":{\"@id\":\"https:\/\/masquenoticias.mx\/index.php\/2025\/01\/23\/gobierno-colima-y-ciapacov-en-compania-de-secc-39-del-snte-dan-arranque-a-escuelas-guardianas-del-agua-2025-en-villa-de-alvarez\/\"},\"wordCount\":579,\"commentCount\":0,\"publisher\":{\"@id\":\"https:\/\/masquenoticias.mx\/#organization\"},\"image\":{\"@id\":\"https:\/\/masquenoticias.mx\/index.php\/2025\/01\/23\/gobierno-colima-y-ciapacov-en-compania-de-secc-39-del-snte-dan-arranque-a-escuelas-guardianas-del-agua-2025-en-villa-de-alvarez\/#primaryimage\"},\"thumbnailUrl\":\"https:\/\/i0.wp.com\/masquenoticias.mx\/wp-content\/uploads\/2025\/01\/Ciapacov.png?fit=1280%2C853&ssl=1\",\"keywords\":[\"Ciapacov\",\"SNTE\"],\"articleSection\":[\"Municipios\"],\"inLanguage\":\"es\",\"potentialAction\":[{\"@type\":\"CommentAction\",\"name\":\"Comment\",\"target\":[\"https:\/\/masquenoticias.mx\/index.php\/2025\/01\/23\/gobierno-colima-y-ciapacov-en-compania-de-secc-39-del-snte-dan-arranque-a-escuelas-guardianas-del-agua-2025-en-villa-de-alvarez\/#respond\"]}]},{\"@type\":\"WebPage\",\"@id\":\"https:\/\/masquenoticias.mx\/index.php\/2025\/01\/23\/gobierno-colima-y-ciapacov-en-compania-de-secc-39-del-snte-dan-arranque-a-escuelas-guardianas-del-agua-2025-en-villa-de-alvarez\/\",\"url\":\"https:\/\/masquenoticias.mx\/index.php\/2025\/01\/23\/gobierno-colima-y-ciapacov-en-compania-de-secc-39-del-snte-dan-arranque-a-escuelas-guardianas-del-agua-2025-en-villa-de-alvarez\/\",\"name\":\"Gobierno Colima y CIAPACOV, en compa\u00f1\u00eda de Secc. 39 del SNTE, dan arranque a \u201cEscuelas Guardianas del Agua 2025\u201d en Villa de \u00c1lvarez - M\u00e1s Que Noticias\",\"isPartOf\":{\"@id\":\"https:\/\/masquenoticias.mx\/#website\"},\"primaryImageOfPage\":{\"@id\":\"https:\/\/masquenoticias.mx\/index.php\/2025\/01\/23\/gobierno-colima-y-ciapacov-en-compania-de-secc-39-del-snte-dan-arranque-a-escuelas-guardianas-del-agua-2025-en-villa-de-alvarez\/#primaryimage\"},\"image\":{\"@id\":\"https:\/\/masquenoticias.mx\/index.php\/2025\/01\/23\/gobierno-colima-y-ciapacov-en-compania-de-secc-39-del-snte-dan-arranque-a-escuelas-guardianas-del-agua-2025-en-villa-de-alvarez\/#primaryimage\"},\"thumbnailUrl\":\"https:\/\/i0.wp.com\/masquenoticias.mx\/wp-content\/uploads\/2025\/01\/Ciapacov.png?fit=1280%2C853&ssl=1\",\"datePublished\":\"2025-01-23T20:39:41+00:00\",\"breadcrumb\":{\"@id\":\"https:\/\/masquenoticias.mx\/index.php\/2025\/01\/23\/gobierno-colima-y-ciapacov-en-compania-de-secc-39-del-snte-dan-arranque-a-escuelas-guardianas-del-agua-2025-en-villa-de-alvarez\/#breadcrumb\"},\"inLanguage\":\"es\",\"potentialAction\":[{\"@type\":\"ReadAction\",\"target\":[\"https:\/\/masquenoticias.mx\/index.php\/2025\/01\/23\/gobierno-colima-y-ciapacov-en-compania-de-secc-39-del-snte-dan-arranque-a-escuelas-guardianas-del-agua-2025-en-villa-de-alvarez\/\"]}]},{\"@type\":\"ImageObject\",\"inLanguage\":\"es\",\"@id\":\"https:\/\/masquenoticias.mx\/index.php\/2025\/01\/23\/gobierno-colima-y-ciapacov-en-compania-de-secc-39-del-snte-dan-arranque-a-escuelas-guardianas-del-agua-2025-en-villa-de-alvarez\/#primaryimage\",\"url\":\"https:\/\/i0.wp.com\/masquenoticias.mx\/wp-content\/uploads\/2025\/01\/Ciapacov.png?fit=1280%2C853&ssl=1\",\"contentUrl\":\"https:\/\/i0.wp.com\/masquenoticias.mx\/wp-content\/uploads\/2025\/01\/Ciapacov.png?fit=1280%2C853&ssl=1\",\"width\":1280,\"height\":853},{\"@type\":\"BreadcrumbList\",\"@id\":\"https:\/\/masquenoticias.mx\/index.php\/2025\/01\/23\/gobierno-colima-y-ciapacov-en-compania-de-secc-39-del-snte-dan-arranque-a-escuelas-guardianas-del-agua-2025-en-villa-de-alvarez\/#breadcrumb\",\"itemListElement\":[{\"@type\":\"ListItem\",\"position\":1,\"name\":\"Inicio\",\"item\":\"https:\/\/masquenoticias.mx\/\"},{\"@type\":\"ListItem\",\"position\":2,\"name\":\"Gobierno Colima y CIAPACOV, en compa\u00f1\u00eda de Secc. 39 del SNTE, dan arranque a \u201cEscuelas Guardianas del Agua 2025\u201d en Villa de \u00c1lvarez\"}]},{\"@type\":\"WebSite\",\"@id\":\"https:\/\/masquenoticias.mx\/#website\",\"url\":\"https:\/\/masquenoticias.mx\/\",\"name\":\"M\u00e1s Que Noticias\",\"description\":\"Noticias de Colima, M\u00e9xico y el Mundo\",\"publisher\":{\"@id\":\"https:\/\/masquenoticias.mx\/#organization\"},\"potentialAction\":[{\"@type\":\"SearchAction\",\"target\":{\"@type\":\"EntryPoint\",\"urlTemplate\":\"https:\/\/masquenoticias.mx\/?s={search_term_string}\"},\"query-input\":{\"@type\":\"PropertyValueSpecification\",\"valueRequired\":true,\"valueName\":\"search_term_string\"}}],\"inLanguage\":\"es\"},{\"@type\":\"Organization\",\"@id\":\"https:\/\/masquenoticias.mx\/#organization\",\"name\":\"M\u00e1s Que Noticias\",\"url\":\"https:\/\/masquenoticias.mx\/\",\"logo\":{\"@type\":\"ImageObject\",\"inLanguage\":\"es\",\"@id\":\"https:\/\/masquenoticias.mx\/#\/schema\/logo\/image\/\",\"url\":\"https:\/\/i0.wp.com\/masquenoticias.mx\/wp-content\/uploads\/2024\/04\/IMG_0004.png?fit=2560%2C1656&ssl=1\",\"contentUrl\":\"https:\/\/i0.wp.com\/masquenoticias.mx\/wp-content\/uploads\/2024\/04\/IMG_0004.png?fit=2560%2C1656&ssl=1\",\"width\":2560,\"height\":1656,\"caption\":\"M\u00e1s Que Noticias\"},\"image\":{\"@id\":\"https:\/\/masquenoticias.mx\/#\/schema\/logo\/image\/\"},\"sameAs\":[\"https:\/\/www.facebook.com\/masquenoticiascolima\",\"https:\/\/x.com\/edgartove\",\"https:\/\/www.instagram.com\/masquenoticiascolima\/\"]},{\"@type\":\"Person\",\"@id\":\"https:\/\/masquenoticias.mx\/#\/schema\/person\/544d19989ef23d34615f691f7a96e622\",\"name\":\"Redacci\u00f3n\",\"image\":{\"@type\":\"ImageObject\",\"inLanguage\":\"es\",\"@id\":\"https:\/\/masquenoticias.mx\/#\/schema\/person\/image\/\",\"url\":\"https:\/\/secure.gravatar.com\/avatar\/7fcc926d5b058d3f3d52d95b4d05dd58?s=96&d=mm&r=g\",\"contentUrl\":\"https:\/\/secure.gravatar.com\/avatar\/7fcc926d5b058d3f3d52d95b4d05dd58?s=96&d=mm&r=g\",\"caption\":\"Redacci\u00f3n\"},\"sameAs\":[\"http:\/\/masquenoticias.mx\"],\"url\":\"https:\/\/masquenoticias.mx\/index.php\/author\/edgartovegmail-com\/\"}]}<\/script>\n<!-- \/ Yoast SEO plugin. -->","yoast_head_json":{"title":"Gobierno Colima y CIAPACOV, en compa\u00f1\u00eda de Secc. 39 del SNTE, dan arranque a \u201cEscuelas Guardianas del Agua 2025\u201d en Villa de \u00c1lvarez - M\u00e1s Que Noticias","robots":{"index":"index","follow":"follow","max-snippet":"max-snippet:-1","max-image-preview":"max-image-preview:large","max-video-preview":"max-video-preview:-1"},"canonical":"https:\/\/masquenoticias.mx\/index.php\/2025\/01\/23\/gobierno-colima-y-ciapacov-en-compania-de-secc-39-del-snte-dan-arranque-a-escuelas-guardianas-del-agua-2025-en-villa-de-alvarez\/","og_locale":"es_MX","og_type":"article","og_title":"Gobierno Colima y CIAPACOV, en compa\u00f1\u00eda de Secc. 39 del SNTE, dan arranque a \u201cEscuelas Guardianas del Agua 2025\u201d en Villa de \u00c1lvarez - M\u00e1s Que Noticias","og_description":"Este mi\u00e9rcoles 22 de enero, el Director General de la Comisi\u00f3n Intermunicipal de Agua Potable y Alcantarillado de los municipios de Colima y Villa de \u00c1lvarez (CIAPACOV), Vladimir Parra, dio arranque a la estrategia \u201cEscuelas Guardianas del Agua 2025\u201d con un evento realizado en el Preescolar \u201cIsaura Pamplona&#8221;, ubicada en la colonia Ram\u00f3n Serrano del [&hellip;]","og_url":"https:\/\/masquenoticias.mx\/index.php\/2025\/01\/23\/gobierno-colima-y-ciapacov-en-compania-de-secc-39-del-snte-dan-arranque-a-escuelas-guardianas-del-agua-2025-en-villa-de-alvarez\/","og_site_name":"M\u00e1s Que Noticias","article_publisher":"https:\/\/www.facebook.com\/masquenoticiascolima","article_published_time":"2025-01-23T20:39:41+00:00","og_image":[{"width":1280,"height":853,"url":"https:\/\/masquenoticias.mx\/wp-content\/uploads\/2025\/01\/Ciapacov.png","type":"image\/png"}],"author":"Redacci\u00f3n","twitter_card":"summary_large_image","twitter_creator":"@edgartove","twitter_site":"@edgartove","twitter_misc":{"Escrito por":"Redacci\u00f3n","Tiempo de lectura":"3 minutos"},"schema":{"@context":"https:\/\/schema.org","@graph":[{"@type":"Article","@id":"https:\/\/masquenoticias.mx\/index.php\/2025\/01\/23\/gobierno-colima-y-ciapacov-en-compania-de-secc-39-del-snte-dan-arranque-a-escuelas-guardianas-del-agua-2025-en-villa-de-alvarez\/#article","isPartOf":{"@id":"https:\/\/masquenoticias.mx\/index.php\/2025\/01\/23\/gobierno-colima-y-ciapacov-en-compania-de-secc-39-del-snte-dan-arranque-a-escuelas-guardianas-del-agua-2025-en-villa-de-alvarez\/"},"author":{"name":"Redacci\u00f3n","@id":"https:\/\/masquenoticias.mx\/#\/schema\/person\/544d19989ef23d34615f691f7a96e622"},"headline":"Gobierno Colima y CIAPACOV, en compa\u00f1\u00eda de Secc. 39 del SNTE, dan arranque a \u201cEscuelas Guardianas del Agua 2025\u201d en Villa de \u00c1lvarez","datePublished":"2025-01-23T20:39:41+00:00","mainEntityOfPage":{"@id":"https:\/\/masquenoticias.mx\/index.php\/2025\/01\/23\/gobierno-colima-y-ciapacov-en-compania-de-secc-39-del-snte-dan-arranque-a-escuelas-guardianas-del-agua-2025-en-villa-de-alvarez\/"},"wordCount":579,"commentCount":0,"publisher":{"@id":"https:\/\/masquenoticias.mx\/#organization"},"image":{"@id":"https:\/\/masquenoticias.mx\/index.php\/2025\/01\/23\/gobierno-colima-y-ciapacov-en-compania-de-secc-39-del-snte-dan-arranque-a-escuelas-guardianas-del-agua-2025-en-villa-de-alvarez\/#primaryimage"},"thumbnailUrl":"https:\/\/i0.wp.com\/masquenoticias.mx\/wp-content\/uploads\/2025\/01\/Ciapacov.png?fit=1280%2C853&ssl=1","keywords":["Ciapacov","SNTE"],"articleSection":["Municipios"],"inLanguage":"es","potentialAction":[{"@type":"CommentAction","name":"Comment","target":["https:\/\/masquenoticias.mx\/index.php\/2025\/01\/23\/gobierno-colima-y-ciapacov-en-compania-de-secc-39-del-snte-dan-arranque-a-escuelas-guardianas-del-agua-2025-en-villa-de-alvarez\/#respond"]}]},{"@type":"WebPage","@id":"https:\/\/masquenoticias.mx\/index.php\/2025\/01\/23\/gobierno-colima-y-ciapacov-en-compania-de-secc-39-del-snte-dan-arranque-a-escuelas-guardianas-del-agua-2025-en-villa-de-alvarez\/","url":"https:\/\/masquenoticias.mx\/index.php\/2025\/01\/23\/gobierno-colima-y-ciapacov-en-compania-de-secc-39-del-snte-dan-arranque-a-escuelas-guardianas-del-agua-2025-en-villa-de-alvarez\/","name":"Gobierno Colima y CIAPACOV, en compa\u00f1\u00eda de Secc. 39 del SNTE, dan arranque a \u201cEscuelas Guardianas del Agua 2025\u201d en Villa de \u00c1lvarez - M\u00e1s Que Noticias","isPartOf":{"@id":"https:\/\/masquenoticias.mx\/#website"},"primaryImageOfPage":{"@id":"https:\/\/masquenoticias.mx\/index.php\/2025\/01\/23\/gobierno-colima-y-ciapacov-en-compania-de-secc-39-del-snte-dan-arranque-a-escuelas-guardianas-del-agua-2025-en-villa-de-alvarez\/#primaryimage"},"image":{"@id":"https:\/\/masquenoticias.mx\/index.php\/2025\/01\/23\/gobierno-colima-y-ciapacov-en-compania-de-secc-39-del-snte-dan-arranque-a-escuelas-guardianas-del-agua-2025-en-villa-de-alvarez\/#primaryimage"},"thumbnailUrl":"https:\/\/i0.wp.com\/masquenoticias.mx\/wp-content\/uploads\/2025\/01\/Ciapacov.png?fit=1280%2C853&ssl=1","datePublished":"2025-01-23T20:39:41+00:00","breadcrumb":{"@id":"https:\/\/masquenoticias.mx\/index.php\/2025\/01\/23\/gobierno-colima-y-ciapacov-en-compania-de-secc-39-del-snte-dan-arranque-a-escuelas-guardianas-del-agua-2025-en-villa-de-alvarez\/#breadcrumb"},"inLanguage":"es","potentialAction":[{"@type":"ReadAction","target":["https:\/\/masquenoticias.mx\/index.php\/2025\/01\/23\/gobierno-colima-y-ciapacov-en-compania-de-secc-39-del-snte-dan-arranque-a-escuelas-guardianas-del-agua-2025-en-villa-de-alvarez\/"]}]},{"@type":"ImageObject","inLanguage":"es","@id":"https:\/\/masquenoticias.mx\/index.php\/2025\/01\/23\/gobierno-colima-y-ciapacov-en-compania-de-secc-39-del-snte-dan-arranque-a-escuelas-guardianas-del-agua-2025-en-villa-de-alvarez\/#primaryimage","url":"https:\/\/i0.wp.com\/masquenoticias.mx\/wp-content\/uploads\/2025\/01\/Ciapacov.png?fit=1280%2C853&ssl=1","contentUrl":"https:\/\/i0.wp.com\/masquenoticias.mx\/wp-content\/uploads\/2025\/01\/Ciapacov.png?fit=1280%2C853&ssl=1","width":1280,"height":853},{"@type":"BreadcrumbList","@id":"https:\/\/masquenoticias.mx\/index.php\/2025\/01\/23\/gobierno-colima-y-ciapacov-en-compania-de-secc-39-del-snte-dan-arranque-a-escuelas-guardianas-del-agua-2025-en-villa-de-alvarez\/#breadcrumb","itemListElement":[{"@type":"ListItem","position":1,"name":"Inicio","item":"https:\/\/masquenoticias.mx\/"},{"@type":"ListItem","position":2,"name":"Gobierno Colima y CIAPACOV, en compa\u00f1\u00eda de Secc. 39 del SNTE, dan arranque a \u201cEscuelas Guardianas del Agua 2025\u201d en Villa de \u00c1lvarez"}]},{"@type":"WebSite","@id":"https:\/\/masquenoticias.mx\/#website","url":"https:\/\/masquenoticias.mx\/","name":"M\u00e1s Que Noticias","description":"Noticias de Colima, M\u00e9xico y el Mundo","publisher":{"@id":"https:\/\/masquenoticias.mx\/#organization"},"potentialAction":[{"@type":"SearchAction","target":{"@type":"EntryPoint","urlTemplate":"https:\/\/masquenoticias.mx\/?s={search_term_string}"},"query-input":{"@type":"PropertyValueSpecification","valueRequired":true,"valueName":"search_term_string"}}],"inLanguage":"es"},{"@type":"Organization","@id":"https:\/\/masquenoticias.mx\/#organization","name":"M\u00e1s Que Noticias","url":"https:\/\/masquenoticias.mx\/","logo":{"@type":"ImageObject","inLanguage":"es","@id":"https:\/\/masquenoticias.mx\/#\/schema\/logo\/image\/","url":"https:\/\/i0.wp.com\/masquenoticias.mx\/wp-content\/uploads\/2024\/04\/IMG_0004.png?fit=2560%2C1656&ssl=1","contentUrl":"https:\/\/i0.wp.com\/masquenoticias.mx\/wp-content\/uploads\/2024\/04\/IMG_0004.png?fit=2560%2C1656&ssl=1","width":2560,"height":1656,"caption":"M\u00e1s Que Noticias"},"image":{"@id":"https:\/\/masquenoticias.mx\/#\/schema\/logo\/image\/"},"sameAs":["https:\/\/www.facebook.com\/masquenoticiascolima","https:\/\/x.com\/edgartove","https:\/\/www.instagram.com\/masquenoticiascolima\/"]},{"@type":"Person","@id":"https:\/\/masquenoticias.mx\/#\/schema\/person\/544d19989ef23d34615f691f7a96e622","name":"Redacci\u00f3n","image":{"@type":"ImageObject","inLanguage":"es","@id":"https:\/\/masquenoticias.mx\/#\/schema\/person\/image\/","url":"https:\/\/secure.gravatar.com\/avatar\/7fcc926d5b058d3f3d52d95b4d05dd58?s=96&d=mm&r=g","contentUrl":"https:\/\/secure.gravatar.com\/avatar\/7fcc926d5b058d3f3d52d95b4d05dd58?s=96&d=mm&r=g","caption":"Redacci\u00f3n"},"sameAs":["http:\/\/masquenoticias.mx"],"url":"https:\/\/masquenoticias.mx\/index.php\/author\/edgartovegmail-com\/"}]}},"jetpack_featured_media_url":"https:\/\/i0.wp.com\/masquenoticias.mx\/wp-content\/uploads\/2025\/01\/Ciapacov.png?fit=1280%2C853&ssl=1","blog_post_layout_featured_media_urls":{"thumbnail":["https:\/\/i0.wp.com\/masquenoticias.mx\/wp-content\/uploads\/2025\/01\/Ciapacov.png?resize=150%2C150&ssl=1",150,150,true],"full":["https:\/\/i0.wp.com\/masquenoticias.mx\/wp-content\/uploads\/2025\/01\/Ciapacov.png?fit=1280%2C853&ssl=1",1280,853,false]},"categories_names":{"28":{"name":"Municipios","link":"https:\/\/masquenoticias.mx\/index.php\/category\/municipios\/"}},"tags_names":{"76":{"name":"Ciapacov","link":"https:\/\/masquenoticias.mx\/index.php\/tag\/ciapacov\/"},"89":{"name":"SNTE","link":"https:\/\/masquenoticias.mx\/index.php\/tag\/snte\/"}},"comments_number":"0","wpmagazine_modules_lite_featured_media_urls":{"thumbnail":["https:\/\/i0.wp.com\/masquenoticias.mx\/wp-content\/uploads\/2025\/01\/Ciapacov.png?resize=150%2C150&ssl=1",150,150,true],"cvmm-medium":["https:\/\/i0.wp.com\/masquenoticias.mx\/wp-content\/uploads\/2025\/01\/Ciapacov.png?resize=300%2C300&ssl=1",300,300,true],"cvmm-medium-plus":["https:\/\/i0.wp.com\/masquenoticias.mx\/wp-content\/uploads\/2025\/01\/Ciapacov.png?resize=305%2C207&ssl=1",305,207,true],"cvmm-portrait":["https:\/\/i0.wp.com\/masquenoticias.mx\/wp-content\/uploads\/2025\/01\/Ciapacov.png?resize=400%2C600&ssl=1",400,600,true],"cvmm-medium-square":["https:\/\/i0.wp.com\/masquenoticias.mx\/wp-content\/uploads\/2025\/01\/Ciapacov.png?resize=600%2C600&ssl=1",600,600,true],"cvmm-large":["https:\/\/i0.wp.com\/masquenoticias.mx\/wp-content\/uploads\/2025\/01\/Ciapacov.png?resize=1024%2C853&ssl=1",1024,853,true],"cvmm-small":["https:\/\/i0.wp.com\/masquenoticias.mx\/wp-content\/uploads\/2025\/01\/Ciapacov.png?resize=130%2C95&ssl=1",130,95,true],"full":["https:\/\/i0.wp.com\/masquenoticias.mx\/wp-content\/uploads\/2025\/01\/Ciapacov.png?fit=1280%2C853&ssl=1",1280,853,false]},"jetpack-related-posts":[],"jetpack_sharing_enabled":true,"jetpack_likes_enabled":true,"jetpack_shortlink":"https:\/\/wp.me\/pf7pkt-3vP","_links":{"self":[{"href":"https:\/\/masquenoticias.mx\/index.php\/wp-json\/wp\/v2\/posts\/13505","targetHints":{"allow":["GET"]}}],"collection":[{"href":"https:\/\/masquenoticias.mx\/index.php\/wp-json\/wp\/v2\/posts"}],"about":[{"href":"https:\/\/masquenoticias.mx\/index.php\/wp-json\/wp\/v2\/types\/post"}],"author":[{"embeddable":true,"href":"https:\/\/masquenoticias.mx\/index.php\/wp-json\/wp\/v2\/users\/1"}],"replies":[{"embeddable":true,"href":"https:\/\/masquenoticias.mx\/index.php\/wp-json\/wp\/v2\/comments?post=13505"}],"version-history":[{"count":1,"href":"https:\/\/masquenoticias.mx\/index.php\/wp-json\/wp\/v2\/posts\/13505\/revisions"}],"predecessor-version":[{"id":13507,"href":"https:\/\/masquenoticias.mx\/index.php\/wp-json\/wp\/v2\/posts\/13505\/revisions\/13507"}],"wp:featuredmedia":[{"embeddable":true,"href":"https:\/\/masquenoticias.mx\/index.php\/wp-json\/wp\/v2\/media\/13506"}],"wp:attachment":[{"href":"https:\/\/masquenoticias.mx\/index.php\/wp-json\/wp\/v2\/media?parent=13505"}],"wp:term":[{"taxonomy":"category","embeddable":true,"href":"https:\/\/masquenoticias.mx\/index.php\/wp-json\/wp\/v2\/categories?post=13505"},{"taxonomy":"post_tag","embeddable":true,"href":"https:\/\/masquenoticias.mx\/index.php\/wp-json\/wp\/v2\/tags?post=13505"}],"curies":[{"name":"wp","href":"https:\/\/api.w.org\/{rel}","templated":true}]}}