{"id":13502,"date":"2025-01-23T14:36:35","date_gmt":"2025-01-23T20:36:35","guid":{"rendered":"https:\/\/masquenoticias.mx\/?p=13502"},"modified":"2025-01-23T14:36:35","modified_gmt":"2025-01-23T20:36:35","slug":"promueven-en-manzanillo-los-festejos-charro-taurinos-de-villa-de-alvarez","status":"publish","type":"post","link":"https:\/\/masquenoticias.mx\/index.php\/2025\/01\/23\/promueven-en-manzanillo-los-festejos-charro-taurinos-de-villa-de-alvarez\/","title":{"rendered":"Promueven en Manzanillo los Festejos Charro Taurinos de Villa de \u00c1lvarez"},"content":{"rendered":"<p>En conferencia de prensa celebrada en la Ciudad y Puerto de Manzanillo, Tey Guti\u00e9rrez Andrade, Presidenta de Villa de \u00c1lvarez, inform\u00f3 el cartel taurino y la variedad art\u00edstica que se presentar\u00e1 en la Edici\u00f3n 168 de los Festejos Charro Taurinos, adem\u00e1s dio a conocer las fechas con las actividades m\u00e1s importantes de la festividad.<\/p>\n<p>Acompa\u00f1ada por Petronilo V\u00e1zquez, Director General del Instituto de Festejos Charro Taurinos y Exposiciones de Villa de \u00c1lvarez, la Alcaldesa anunci\u00f3 que los matadores de toros Uriel Moreno \u2018El Zapata\u2019, Paola San Rom\u00e1n y Paco Ure\u00f1a, adem\u00e1s del rejoneador Guillermo Hermoso, se presentar\u00e1n en La Petatera el martes 11 de febrero, durante la primer corrida formal.<\/p>\n<p>Para la segunda corrida formal, el martes 18 de febrero, la Plaza de Toros La Petatera recibir\u00e1 al rejoneador de Alicante, Andy Cartagena; al matador de toros Juan Pablo S\u00e1nchez; al diestro de Extremadura, Antonio Ferrera, y a Antonio Maga\u00f1a, quien estar\u00e1 tomando esa tarde su alternativa como matador de toros.<\/p>\n<p>Con relaci\u00f3n al cartel art\u00edstico, Guti\u00e9rrez Andrade dijo que el viernes 14 de febrero se presentar\u00e1 en La Petatera la Banda Peque\u00f1os Musical, adem\u00e1s de Los Yonics y Tropa Chicana; el jueves 20 de febrero estar\u00e1n Josi Cuen y Jorge Medina, con su tour \u201cJuntos\u201d, y el viernes 21 de febrero se contar\u00e1 con la presencia de \u00d3scar Mayd\u00f3n y Net\u00f3n Vega.<\/p>\n<p>Apunt\u00f3 que el cinco de febrero ser\u00e1 celebrada en La Petatera la misma en honor al Patrono San Felipe de Jes\u00fas, al que se encomienda la poblaci\u00f3n para ser protegida de terremotos y huracanes, y el viernes 7 de febrero se realizar\u00e1 la develaci\u00f3n de los Mojigangos, el Juramento a San Felipe de Jes\u00fas y la Cabalgata Nocturna, en la que se espera la partici\u00f3n de entre 5 y 7 mil jinetes.<\/p>\n<p>Indic\u00f3 que el 8 de febrero se realizar\u00e1 el Tercer Concurso Elite del Caballo Bailador \u201cCopa el Rey de La Petatera\u201d; el 12 de febrero ser\u00e1 la Cabalgata de la Gasolina; el 13 de febrero, tambi\u00e9n en la Petatera, se celebrar\u00e1n los matrimonios colectivos y el 24 de febrero ser\u00e1 la Despedida del Payaso.<\/p>\n<p>Invit\u00f3 a las y a los manzanillenses a los Festejos, que este 2025 tienen el distintivo de celebrar los 100 a\u00f1os del Sombrero Colimote de Cuatro Pedradas, \u201cpor ello lo honramos y lo promocionamos, para que m\u00e1s gente lo conozca y sepa que, entre otros artesanos, lo elabora desde hace tres generaciones la familia Aguilar\u201d.<\/p>\n<p>Finalmente, Petronilo V\u00e1zquez asegur\u00f3 que los Festejos de Villa de \u00c1lvarez son las fiestas charro taurinas m\u00e1s importantes del Occidente de M\u00e9xico, que el viernes 7 de febrero tendr\u00e1n la Cabalgata m\u00e1s grande del pa\u00eds, en la que participar\u00e1n caballerangos de Colima, la regi\u00f3n y el extranjero, la cual es vista por alrededor de 110 mil personas.<\/p>\n","protected":false},"excerpt":{"rendered":"<p>En conferencia de prensa celebrada en la Ciudad y Puerto de Manzanillo, Tey Guti\u00e9rrez Andrade, Presidenta de Villa de \u00c1lvarez, inform\u00f3 el cartel taurino y la variedad art\u00edstica que se presentar\u00e1 en la Edici\u00f3n 168 de los Festejos Charro Taurinos, adem\u00e1s dio a conocer las fechas con las actividades m\u00e1s importantes de la festividad. Acompa\u00f1ada [&hellip;]<\/p>\n","protected":false},"author":1,"featured_media":13503,"comment_status":"open","ping_status":"open","sticky":false,"template":"","format":"standard","meta":{"_jetpack_memberships_contains_paid_content":false,"footnotes":""},"categories":[28],"tags":[37,630,48],"class_list":["post-13502","post","type-post","status-publish","format-standard","has-post-thumbnail","hentry","category-municipios","tag-manzanillo","tag-petatera","tag-villa-de-alvarez"],"yoast_head":"<!-- This site is optimized with the Yoast SEO plugin v26.6 - https:\/\/yoast.com\/wordpress\/plugins\/seo\/ -->\n<title>Promueven en Manzanillo los Festejos Charro Taurinos de Villa de \u00c1lvarez - M\u00e1s Que Noticias<\/title>\n<meta name=\"robots\" content=\"index, follow, max-snippet:-1, max-image-preview:large, max-video-preview:-1\" \/>\n<link rel=\"canonical\" href=\"https:\/\/masquenoticias.mx\/index.php\/2025\/01\/23\/promueven-en-manzanillo-los-festejos-charro-taurinos-de-villa-de-alvarez\/\" \/>\n<meta property=\"og:locale\" content=\"es_MX\" \/>\n<meta property=\"og:type\" content=\"article\" \/>\n<meta property=\"og:title\" content=\"Promueven en Manzanillo los Festejos Charro Taurinos de Villa de \u00c1lvarez - M\u00e1s Que Noticias\" \/>\n<meta property=\"og:description\" content=\"En conferencia de prensa celebrada en la Ciudad y Puerto de Manzanillo, Tey Guti\u00e9rrez Andrade, Presidenta de Villa de \u00c1lvarez, inform\u00f3 el cartel taurino y la variedad art\u00edstica que se presentar\u00e1 en la Edici\u00f3n 168 de los Festejos Charro Taurinos, adem\u00e1s dio a conocer las fechas con las actividades m\u00e1s importantes de la festividad. Acompa\u00f1ada [&hellip;]\" \/>\n<meta property=\"og:url\" content=\"https:\/\/masquenoticias.mx\/index.php\/2025\/01\/23\/promueven-en-manzanillo-los-festejos-charro-taurinos-de-villa-de-alvarez\/\" \/>\n<meta property=\"og:site_name\" content=\"M\u00e1s Que Noticias\" \/>\n<meta property=\"article:publisher\" content=\"https:\/\/www.facebook.com\/masquenoticiascolima\" \/>\n<meta property=\"article:published_time\" content=\"2025-01-23T20:36:35+00:00\" \/>\n<meta property=\"og:image\" content=\"https:\/\/masquenoticias.mx\/wp-content\/uploads\/2025\/01\/plaza-de-toros-la-petatera.jpeg\" \/>\n\t<meta property=\"og:image:width\" content=\"900\" \/>\n\t<meta property=\"og:image:height\" content=\"500\" \/>\n\t<meta property=\"og:image:type\" content=\"image\/jpeg\" \/>\n<meta name=\"author\" content=\"Redacci\u00f3n\" \/>\n<meta name=\"twitter:card\" content=\"summary_large_image\" \/>\n<meta name=\"twitter:creator\" content=\"@edgartove\" \/>\n<meta name=\"twitter:site\" content=\"@edgartove\" \/>\n<meta name=\"twitter:label1\" content=\"Escrito por\" \/>\n\t<meta name=\"twitter:data1\" content=\"Redacci\u00f3n\" \/>\n\t<meta name=\"twitter:label2\" content=\"Tiempo de lectura\" \/>\n\t<meta name=\"twitter:data2\" content=\"3 minutos\" \/>\n<script type=\"application\/ld+json\" class=\"yoast-schema-graph\">{\"@context\":\"https:\/\/schema.org\",\"@graph\":[{\"@type\":\"Article\",\"@id\":\"https:\/\/masquenoticias.mx\/index.php\/2025\/01\/23\/promueven-en-manzanillo-los-festejos-charro-taurinos-de-villa-de-alvarez\/#article\",\"isPartOf\":{\"@id\":\"https:\/\/masquenoticias.mx\/index.php\/2025\/01\/23\/promueven-en-manzanillo-los-festejos-charro-taurinos-de-villa-de-alvarez\/\"},\"author\":{\"name\":\"Redacci\u00f3n\",\"@id\":\"https:\/\/masquenoticias.mx\/#\/schema\/person\/544d19989ef23d34615f691f7a96e622\"},\"headline\":\"Promueven en Manzanillo los Festejos Charro Taurinos de Villa de \u00c1lvarez\",\"datePublished\":\"2025-01-23T20:36:35+00:00\",\"mainEntityOfPage\":{\"@id\":\"https:\/\/masquenoticias.mx\/index.php\/2025\/01\/23\/promueven-en-manzanillo-los-festejos-charro-taurinos-de-villa-de-alvarez\/\"},\"wordCount\":493,\"commentCount\":0,\"publisher\":{\"@id\":\"https:\/\/masquenoticias.mx\/#organization\"},\"image\":{\"@id\":\"https:\/\/masquenoticias.mx\/index.php\/2025\/01\/23\/promueven-en-manzanillo-los-festejos-charro-taurinos-de-villa-de-alvarez\/#primaryimage\"},\"thumbnailUrl\":\"https:\/\/i0.wp.com\/masquenoticias.mx\/wp-content\/uploads\/2025\/01\/plaza-de-toros-la-petatera.jpeg?fit=900%2C500&ssl=1\",\"keywords\":[\"Manzanillo\",\"Petatera\",\"Villa de \u00c1lvarez\"],\"articleSection\":[\"Municipios\"],\"inLanguage\":\"es\",\"potentialAction\":[{\"@type\":\"CommentAction\",\"name\":\"Comment\",\"target\":[\"https:\/\/masquenoticias.mx\/index.php\/2025\/01\/23\/promueven-en-manzanillo-los-festejos-charro-taurinos-de-villa-de-alvarez\/#respond\"]}]},{\"@type\":\"WebPage\",\"@id\":\"https:\/\/masquenoticias.mx\/index.php\/2025\/01\/23\/promueven-en-manzanillo-los-festejos-charro-taurinos-de-villa-de-alvarez\/\",\"url\":\"https:\/\/masquenoticias.mx\/index.php\/2025\/01\/23\/promueven-en-manzanillo-los-festejos-charro-taurinos-de-villa-de-alvarez\/\",\"name\":\"Promueven en Manzanillo los Festejos Charro Taurinos de Villa de \u00c1lvarez - M\u00e1s Que Noticias\",\"isPartOf\":{\"@id\":\"https:\/\/masquenoticias.mx\/#website\"},\"primaryImageOfPage\":{\"@id\":\"https:\/\/masquenoticias.mx\/index.php\/2025\/01\/23\/promueven-en-manzanillo-los-festejos-charro-taurinos-de-villa-de-alvarez\/#primaryimage\"},\"image\":{\"@id\":\"https:\/\/masquenoticias.mx\/index.php\/2025\/01\/23\/promueven-en-manzanillo-los-festejos-charro-taurinos-de-villa-de-alvarez\/#primaryimage\"},\"thumbnailUrl\":\"https:\/\/i0.wp.com\/masquenoticias.mx\/wp-content\/uploads\/2025\/01\/plaza-de-toros-la-petatera.jpeg?fit=900%2C500&ssl=1\",\"datePublished\":\"2025-01-23T20:36:35+00:00\",\"breadcrumb\":{\"@id\":\"https:\/\/masquenoticias.mx\/index.php\/2025\/01\/23\/promueven-en-manzanillo-los-festejos-charro-taurinos-de-villa-de-alvarez\/#breadcrumb\"},\"inLanguage\":\"es\",\"potentialAction\":[{\"@type\":\"ReadAction\",\"target\":[\"https:\/\/masquenoticias.mx\/index.php\/2025\/01\/23\/promueven-en-manzanillo-los-festejos-charro-taurinos-de-villa-de-alvarez\/\"]}]},{\"@type\":\"ImageObject\",\"inLanguage\":\"es\",\"@id\":\"https:\/\/masquenoticias.mx\/index.php\/2025\/01\/23\/promueven-en-manzanillo-los-festejos-charro-taurinos-de-villa-de-alvarez\/#primaryimage\",\"url\":\"https:\/\/i0.wp.com\/masquenoticias.mx\/wp-content\/uploads\/2025\/01\/plaza-de-toros-la-petatera.jpeg?fit=900%2C500&ssl=1\",\"contentUrl\":\"https:\/\/i0.wp.com\/masquenoticias.mx\/wp-content\/uploads\/2025\/01\/plaza-de-toros-la-petatera.jpeg?fit=900%2C500&ssl=1\",\"width\":900,\"height\":500},{\"@type\":\"BreadcrumbList\",\"@id\":\"https:\/\/masquenoticias.mx\/index.php\/2025\/01\/23\/promueven-en-manzanillo-los-festejos-charro-taurinos-de-villa-de-alvarez\/#breadcrumb\",\"itemListElement\":[{\"@type\":\"ListItem\",\"position\":1,\"name\":\"Inicio\",\"item\":\"https:\/\/masquenoticias.mx\/\"},{\"@type\":\"ListItem\",\"position\":2,\"name\":\"Promueven en Manzanillo los Festejos Charro Taurinos de Villa de \u00c1lvarez\"}]},{\"@type\":\"WebSite\",\"@id\":\"https:\/\/masquenoticias.mx\/#website\",\"url\":\"https:\/\/masquenoticias.mx\/\",\"name\":\"M\u00e1s Que Noticias\",\"description\":\"Noticias de Colima, M\u00e9xico y el Mundo\",\"publisher\":{\"@id\":\"https:\/\/masquenoticias.mx\/#organization\"},\"potentialAction\":[{\"@type\":\"SearchAction\",\"target\":{\"@type\":\"EntryPoint\",\"urlTemplate\":\"https:\/\/masquenoticias.mx\/?s={search_term_string}\"},\"query-input\":{\"@type\":\"PropertyValueSpecification\",\"valueRequired\":true,\"valueName\":\"search_term_string\"}}],\"inLanguage\":\"es\"},{\"@type\":\"Organization\",\"@id\":\"https:\/\/masquenoticias.mx\/#organization\",\"name\":\"M\u00e1s Que Noticias\",\"url\":\"https:\/\/masquenoticias.mx\/\",\"logo\":{\"@type\":\"ImageObject\",\"inLanguage\":\"es\",\"@id\":\"https:\/\/masquenoticias.mx\/#\/schema\/logo\/image\/\",\"url\":\"https:\/\/i0.wp.com\/masquenoticias.mx\/wp-content\/uploads\/2024\/04\/IMG_0004.png?fit=2560%2C1656&ssl=1\",\"contentUrl\":\"https:\/\/i0.wp.com\/masquenoticias.mx\/wp-content\/uploads\/2024\/04\/IMG_0004.png?fit=2560%2C1656&ssl=1\",\"width\":2560,\"height\":1656,\"caption\":\"M\u00e1s Que Noticias\"},\"image\":{\"@id\":\"https:\/\/masquenoticias.mx\/#\/schema\/logo\/image\/\"},\"sameAs\":[\"https:\/\/www.facebook.com\/masquenoticiascolima\",\"https:\/\/x.com\/edgartove\",\"https:\/\/www.instagram.com\/masquenoticiascolima\/\"]},{\"@type\":\"Person\",\"@id\":\"https:\/\/masquenoticias.mx\/#\/schema\/person\/544d19989ef23d34615f691f7a96e622\",\"name\":\"Redacci\u00f3n\",\"image\":{\"@type\":\"ImageObject\",\"inLanguage\":\"es\",\"@id\":\"https:\/\/masquenoticias.mx\/#\/schema\/person\/image\/\",\"url\":\"https:\/\/secure.gravatar.com\/avatar\/7fcc926d5b058d3f3d52d95b4d05dd58?s=96&d=mm&r=g\",\"contentUrl\":\"https:\/\/secure.gravatar.com\/avatar\/7fcc926d5b058d3f3d52d95b4d05dd58?s=96&d=mm&r=g\",\"caption\":\"Redacci\u00f3n\"},\"sameAs\":[\"http:\/\/masquenoticias.mx\"],\"url\":\"https:\/\/masquenoticias.mx\/index.php\/author\/edgartovegmail-com\/\"}]}<\/script>\n<!-- \/ Yoast SEO plugin. -->","yoast_head_json":{"title":"Promueven en Manzanillo los Festejos Charro Taurinos de Villa de \u00c1lvarez - M\u00e1s Que Noticias","robots":{"index":"index","follow":"follow","max-snippet":"max-snippet:-1","max-image-preview":"max-image-preview:large","max-video-preview":"max-video-preview:-1"},"canonical":"https:\/\/masquenoticias.mx\/index.php\/2025\/01\/23\/promueven-en-manzanillo-los-festejos-charro-taurinos-de-villa-de-alvarez\/","og_locale":"es_MX","og_type":"article","og_title":"Promueven en Manzanillo los Festejos Charro Taurinos de Villa de \u00c1lvarez - M\u00e1s Que Noticias","og_description":"En conferencia de prensa celebrada en la Ciudad y Puerto de Manzanillo, Tey Guti\u00e9rrez Andrade, Presidenta de Villa de \u00c1lvarez, inform\u00f3 el cartel taurino y la variedad art\u00edstica que se presentar\u00e1 en la Edici\u00f3n 168 de los Festejos Charro Taurinos, adem\u00e1s dio a conocer las fechas con las actividades m\u00e1s importantes de la festividad. Acompa\u00f1ada [&hellip;]","og_url":"https:\/\/masquenoticias.mx\/index.php\/2025\/01\/23\/promueven-en-manzanillo-los-festejos-charro-taurinos-de-villa-de-alvarez\/","og_site_name":"M\u00e1s Que Noticias","article_publisher":"https:\/\/www.facebook.com\/masquenoticiascolima","article_published_time":"2025-01-23T20:36:35+00:00","og_image":[{"width":900,"height":500,"url":"https:\/\/masquenoticias.mx\/wp-content\/uploads\/2025\/01\/plaza-de-toros-la-petatera.jpeg","type":"image\/jpeg"}],"author":"Redacci\u00f3n","twitter_card":"summary_large_image","twitter_creator":"@edgartove","twitter_site":"@edgartove","twitter_misc":{"Escrito por":"Redacci\u00f3n","Tiempo de lectura":"3 minutos"},"schema":{"@context":"https:\/\/schema.org","@graph":[{"@type":"Article","@id":"https:\/\/masquenoticias.mx\/index.php\/2025\/01\/23\/promueven-en-manzanillo-los-festejos-charro-taurinos-de-villa-de-alvarez\/#article","isPartOf":{"@id":"https:\/\/masquenoticias.mx\/index.php\/2025\/01\/23\/promueven-en-manzanillo-los-festejos-charro-taurinos-de-villa-de-alvarez\/"},"author":{"name":"Redacci\u00f3n","@id":"https:\/\/masquenoticias.mx\/#\/schema\/person\/544d19989ef23d34615f691f7a96e622"},"headline":"Promueven en Manzanillo los Festejos Charro Taurinos de Villa de \u00c1lvarez","datePublished":"2025-01-23T20:36:35+00:00","mainEntityOfPage":{"@id":"https:\/\/masquenoticias.mx\/index.php\/2025\/01\/23\/promueven-en-manzanillo-los-festejos-charro-taurinos-de-villa-de-alvarez\/"},"wordCount":493,"commentCount":0,"publisher":{"@id":"https:\/\/masquenoticias.mx\/#organization"},"image":{"@id":"https:\/\/masquenoticias.mx\/index.php\/2025\/01\/23\/promueven-en-manzanillo-los-festejos-charro-taurinos-de-villa-de-alvarez\/#primaryimage"},"thumbnailUrl":"https:\/\/i0.wp.com\/masquenoticias.mx\/wp-content\/uploads\/2025\/01\/plaza-de-toros-la-petatera.jpeg?fit=900%2C500&ssl=1","keywords":["Manzanillo","Petatera","Villa de \u00c1lvarez"],"articleSection":["Municipios"],"inLanguage":"es","potentialAction":[{"@type":"CommentAction","name":"Comment","target":["https:\/\/masquenoticias.mx\/index.php\/2025\/01\/23\/promueven-en-manzanillo-los-festejos-charro-taurinos-de-villa-de-alvarez\/#respond"]}]},{"@type":"WebPage","@id":"https:\/\/masquenoticias.mx\/index.php\/2025\/01\/23\/promueven-en-manzanillo-los-festejos-charro-taurinos-de-villa-de-alvarez\/","url":"https:\/\/masquenoticias.mx\/index.php\/2025\/01\/23\/promueven-en-manzanillo-los-festejos-charro-taurinos-de-villa-de-alvarez\/","name":"Promueven en Manzanillo los Festejos Charro Taurinos de Villa de \u00c1lvarez - M\u00e1s Que Noticias","isPartOf":{"@id":"https:\/\/masquenoticias.mx\/#website"},"primaryImageOfPage":{"@id":"https:\/\/masquenoticias.mx\/index.php\/2025\/01\/23\/promueven-en-manzanillo-los-festejos-charro-taurinos-de-villa-de-alvarez\/#primaryimage"},"image":{"@id":"https:\/\/masquenoticias.mx\/index.php\/2025\/01\/23\/promueven-en-manzanillo-los-festejos-charro-taurinos-de-villa-de-alvarez\/#primaryimage"},"thumbnailUrl":"https:\/\/i0.wp.com\/masquenoticias.mx\/wp-content\/uploads\/2025\/01\/plaza-de-toros-la-petatera.jpeg?fit=900%2C500&ssl=1","datePublished":"2025-01-23T20:36:35+00:00","breadcrumb":{"@id":"https:\/\/masquenoticias.mx\/index.php\/2025\/01\/23\/promueven-en-manzanillo-los-festejos-charro-taurinos-de-villa-de-alvarez\/#breadcrumb"},"inLanguage":"es","potentialAction":[{"@type":"ReadAction","target":["https:\/\/masquenoticias.mx\/index.php\/2025\/01\/23\/promueven-en-manzanillo-los-festejos-charro-taurinos-de-villa-de-alvarez\/"]}]},{"@type":"ImageObject","inLanguage":"es","@id":"https:\/\/masquenoticias.mx\/index.php\/2025\/01\/23\/promueven-en-manzanillo-los-festejos-charro-taurinos-de-villa-de-alvarez\/#primaryimage","url":"https:\/\/i0.wp.com\/masquenoticias.mx\/wp-content\/uploads\/2025\/01\/plaza-de-toros-la-petatera.jpeg?fit=900%2C500&ssl=1","contentUrl":"https:\/\/i0.wp.com\/masquenoticias.mx\/wp-content\/uploads\/2025\/01\/plaza-de-toros-la-petatera.jpeg?fit=900%2C500&ssl=1","width":900,"height":500},{"@type":"BreadcrumbList","@id":"https:\/\/masquenoticias.mx\/index.php\/2025\/01\/23\/promueven-en-manzanillo-los-festejos-charro-taurinos-de-villa-de-alvarez\/#breadcrumb","itemListElement":[{"@type":"ListItem","position":1,"name":"Inicio","item":"https:\/\/masquenoticias.mx\/"},{"@type":"ListItem","position":2,"name":"Promueven en Manzanillo los Festejos Charro Taurinos de Villa de \u00c1lvarez"}]},{"@type":"WebSite","@id":"https:\/\/masquenoticias.mx\/#website","url":"https:\/\/masquenoticias.mx\/","name":"M\u00e1s Que Noticias","description":"Noticias de Colima, M\u00e9xico y el Mundo","publisher":{"@id":"https:\/\/masquenoticias.mx\/#organization"},"potentialAction":[{"@type":"SearchAction","target":{"@type":"EntryPoint","urlTemplate":"https:\/\/masquenoticias.mx\/?s={search_term_string}"},"query-input":{"@type":"PropertyValueSpecification","valueRequired":true,"valueName":"search_term_string"}}],"inLanguage":"es"},{"@type":"Organization","@id":"https:\/\/masquenoticias.mx\/#organization","name":"M\u00e1s Que Noticias","url":"https:\/\/masquenoticias.mx\/","logo":{"@type":"ImageObject","inLanguage":"es","@id":"https:\/\/masquenoticias.mx\/#\/schema\/logo\/image\/","url":"https:\/\/i0.wp.com\/masquenoticias.mx\/wp-content\/uploads\/2024\/04\/IMG_0004.png?fit=2560%2C1656&ssl=1","contentUrl":"https:\/\/i0.wp.com\/masquenoticias.mx\/wp-content\/uploads\/2024\/04\/IMG_0004.png?fit=2560%2C1656&ssl=1","width":2560,"height":1656,"caption":"M\u00e1s Que Noticias"},"image":{"@id":"https:\/\/masquenoticias.mx\/#\/schema\/logo\/image\/"},"sameAs":["https:\/\/www.facebook.com\/masquenoticiascolima","https:\/\/x.com\/edgartove","https:\/\/www.instagram.com\/masquenoticiascolima\/"]},{"@type":"Person","@id":"https:\/\/masquenoticias.mx\/#\/schema\/person\/544d19989ef23d34615f691f7a96e622","name":"Redacci\u00f3n","image":{"@type":"ImageObject","inLanguage":"es","@id":"https:\/\/masquenoticias.mx\/#\/schema\/person\/image\/","url":"https:\/\/secure.gravatar.com\/avatar\/7fcc926d5b058d3f3d52d95b4d05dd58?s=96&d=mm&r=g","contentUrl":"https:\/\/secure.gravatar.com\/avatar\/7fcc926d5b058d3f3d52d95b4d05dd58?s=96&d=mm&r=g","caption":"Redacci\u00f3n"},"sameAs":["http:\/\/masquenoticias.mx"],"url":"https:\/\/masquenoticias.mx\/index.php\/author\/edgartovegmail-com\/"}]}},"jetpack_featured_media_url":"https:\/\/i0.wp.com\/masquenoticias.mx\/wp-content\/uploads\/2025\/01\/plaza-de-toros-la-petatera.jpeg?fit=900%2C500&ssl=1","blog_post_layout_featured_media_urls":{"thumbnail":["https:\/\/i0.wp.com\/masquenoticias.mx\/wp-content\/uploads\/2025\/01\/plaza-de-toros-la-petatera.jpeg?resize=150%2C150&ssl=1",150,150,true],"full":["https:\/\/i0.wp.com\/masquenoticias.mx\/wp-content\/uploads\/2025\/01\/plaza-de-toros-la-petatera.jpeg?fit=900%2C500&ssl=1",900,500,false]},"categories_names":{"28":{"name":"Municipios","link":"https:\/\/masquenoticias.mx\/index.php\/category\/municipios\/"}},"tags_names":{"37":{"name":"Manzanillo","link":"https:\/\/masquenoticias.mx\/index.php\/tag\/manzanillo\/"},"630":{"name":"Petatera","link":"https:\/\/masquenoticias.mx\/index.php\/tag\/petatera\/"},"48":{"name":"Villa de \u00c1lvarez","link":"https:\/\/masquenoticias.mx\/index.php\/tag\/villa-de-alvarez\/"}},"comments_number":"0","wpmagazine_modules_lite_featured_media_urls":{"thumbnail":["https:\/\/i0.wp.com\/masquenoticias.mx\/wp-content\/uploads\/2025\/01\/plaza-de-toros-la-petatera.jpeg?resize=150%2C150&ssl=1",150,150,true],"cvmm-medium":["https:\/\/i0.wp.com\/masquenoticias.mx\/wp-content\/uploads\/2025\/01\/plaza-de-toros-la-petatera.jpeg?resize=300%2C300&ssl=1",300,300,true],"cvmm-medium-plus":["https:\/\/i0.wp.com\/masquenoticias.mx\/wp-content\/uploads\/2025\/01\/plaza-de-toros-la-petatera.jpeg?resize=305%2C207&ssl=1",305,207,true],"cvmm-portrait":["https:\/\/i0.wp.com\/masquenoticias.mx\/wp-content\/uploads\/2025\/01\/plaza-de-toros-la-petatera.jpeg?resize=400%2C500&ssl=1",400,500,true],"cvmm-medium-square":["https:\/\/i0.wp.com\/masquenoticias.mx\/wp-content\/uploads\/2025\/01\/plaza-de-toros-la-petatera.jpeg?resize=600%2C500&ssl=1",600,500,true],"cvmm-large":["https:\/\/i0.wp.com\/masquenoticias.mx\/wp-content\/uploads\/2025\/01\/plaza-de-toros-la-petatera.jpeg?resize=900%2C500&ssl=1",900,500,true],"cvmm-small":["https:\/\/i0.wp.com\/masquenoticias.mx\/wp-content\/uploads\/2025\/01\/plaza-de-toros-la-petatera.jpeg?resize=130%2C95&ssl=1",130,95,true],"full":["https:\/\/i0.wp.com\/masquenoticias.mx\/wp-content\/uploads\/2025\/01\/plaza-de-toros-la-petatera.jpeg?fit=900%2C500&ssl=1",900,500,false]},"jetpack-related-posts":[],"jetpack_sharing_enabled":true,"jetpack_likes_enabled":true,"jetpack_shortlink":"https:\/\/wp.me\/pf7pkt-3vM","_links":{"self":[{"href":"https:\/\/masquenoticias.mx\/index.php\/wp-json\/wp\/v2\/posts\/13502","targetHints":{"allow":["GET"]}}],"collection":[{"href":"https:\/\/masquenoticias.mx\/index.php\/wp-json\/wp\/v2\/posts"}],"about":[{"href":"https:\/\/masquenoticias.mx\/index.php\/wp-json\/wp\/v2\/types\/post"}],"author":[{"embeddable":true,"href":"https:\/\/masquenoticias.mx\/index.php\/wp-json\/wp\/v2\/users\/1"}],"replies":[{"embeddable":true,"href":"https:\/\/masquenoticias.mx\/index.php\/wp-json\/wp\/v2\/comments?post=13502"}],"version-history":[{"count":1,"href":"https:\/\/masquenoticias.mx\/index.php\/wp-json\/wp\/v2\/posts\/13502\/revisions"}],"predecessor-version":[{"id":13504,"href":"https:\/\/masquenoticias.mx\/index.php\/wp-json\/wp\/v2\/posts\/13502\/revisions\/13504"}],"wp:featuredmedia":[{"embeddable":true,"href":"https:\/\/masquenoticias.mx\/index.php\/wp-json\/wp\/v2\/media\/13503"}],"wp:attachment":[{"href":"https:\/\/masquenoticias.mx\/index.php\/wp-json\/wp\/v2\/media?parent=13502"}],"wp:term":[{"taxonomy":"category","embeddable":true,"href":"https:\/\/masquenoticias.mx\/index.php\/wp-json\/wp\/v2\/categories?post=13502"},{"taxonomy":"post_tag","embeddable":true,"href":"https:\/\/masquenoticias.mx\/index.php\/wp-json\/wp\/v2\/tags?post=13502"}],"curies":[{"name":"wp","href":"https:\/\/api.w.org\/{rel}","templated":true}]}}