{"id":13460,"date":"2025-01-23T13:20:49","date_gmt":"2025-01-23T19:20:49","guid":{"rendered":"https:\/\/masquenoticias.mx\/?p=13460"},"modified":"2025-01-23T13:20:49","modified_gmt":"2025-01-23T19:20:49","slug":"gobernadora-de-colima-entrega-equipos-a-policias-municipales-de-ixtlahuacan-y-cuauhtemoc","status":"publish","type":"post","link":"https:\/\/masquenoticias.mx\/index.php\/2025\/01\/23\/gobernadora-de-colima-entrega-equipos-a-policias-municipales-de-ixtlahuacan-y-cuauhtemoc\/","title":{"rendered":"Gobernadora de Colima entrega equipos a Polic\u00edas Municipales de Ixtlahuac\u00e1n y Cuauht\u00e9moc"},"content":{"rendered":"<p>La gobernadora de Colima, Indira Vizca\u00edno Silva, continu\u00f3 este jueves la entrega de uniformes y equipamiento a corporaciones policiacas en el estado y correspondi\u00f3 a Ixtlahuac\u00e1n y Cuauht\u00e9moc, donde ante el alcalde Alexis Rafael Verduzco Mendoza y la alcaldesa Ma Guadalupe Sol\u00eds Ram\u00edrez, junto sus respectivos directores de la Polic\u00eda Municipal, otorg\u00f3 estos apoyos con una inversi\u00f3n por m\u00e1s de un mill\u00f3n de pesos, en ambos municipios.<\/p>\n<p>Indira se dijo contenta por el gran compromiso que ha asumido la Presidenta Claudia Sheinbaum Pardo, en este tema con el estado de Colima; \u201ctenemos todo el respaldo del Gobierno de M\u00e9xico, desde con el presidente Andr\u00e9s Manuel, con las fuerzas federales \u2013Semar, Sedena, Guardia Nacional- y ahora ese acompa\u00f1amiento se mantiene y fortalece; eso debe darles la confianza de que somos un solo equipo desde el Gobierno de M\u00e9xico, el Gobierno del Estado y con toda la disposici\u00f3n (\u2026); sepan que vamos a estar muy pendientes; no est\u00e1n solas ni solos\u201d.<\/p>\n<p>A\u00f1adi\u00f3 que hace unos d\u00edas tuvo oportunidad de estar en el Gabinete de Seguridad Federal que encabeza la Presidenta de M\u00e9xico y regres\u00f3 completamente esperanzada de la Estrategia Nacional de Seguridad, por el compromiso que se tiene con Colima y el acompa\u00f1amiento que existe; \u201cese acompa\u00f1amiento no es para m\u00ed, es para todas y todos ustedes\u201d, les dijo la mandataria estatal a las y los integrantes de las corporaciones policiacas.<\/p>\n<p>Vizca\u00edno Silva asegur\u00f3 que para su administraci\u00f3n es importante reiterarles a las y los polic\u00edas el compromiso y disposici\u00f3n que tiene para hacer un trabajo conjunto entre Gobierno del Estado y los municipios en este tema \u2013la seguridad- que es tan importante para la gente; \u201cnosotros insistimos que donde est\u00e1n las prioridades de la sociedad, ah\u00ed deben estar las prioridades de los gobiernos\u201d.<\/p>\n<p>Subray\u00f3 que en Ixtlahuac\u00e1n se tienen los \u00edndices m\u00e1s bajos en los diferentes delitos que se pueden cometer \u2013patrimoniales o contra las personas-; \u201cel reto es contener y garantizar que Ixtlahuac\u00e1n siga siendo un municipio tranquilo (\u2026); hemos contado con ustedes, se han entregado en cuerpo y alma con su energ\u00eda, capacidades y disposici\u00f3n para atender a la gente de Ixtlahuac\u00e1n y por eso es muy importante decirles que lo vemos, lo reconocemos y se los agradecemos\u201d.<\/p>\n<p><strong>11 MDP PARA LA POLIC\u00cdA MUNICIPAL DE CUAUHT\u00c9MOC<\/strong><\/p>\n<p>En Cuauht\u00e9moc, la titular del Poder Ejecutivo dijo que es muy importante acudir a cada municipio para llevar a las y los polic\u00edas el mensaje de total disposici\u00f3n para hacer un trabajo conjunto y coordinado con los ayuntamientos, sean del origen partidario que sean; \u201casumimos que la seguridad p\u00fablica es un tema que est\u00e1 mucho m\u00e1s all\u00e1 de intereses pol\u00edticos o partidistas y desde que arranc\u00f3 la administraci\u00f3n del estado se han generado beneficios a las diez corporaciones de polic\u00edas municipales y Cuauht\u00e9moc no es la excepci\u00f3n\u201d.<\/p>\n<p>Reiter\u00f3 que la primera acci\u00f3n de su gobierno, fue la adquisici\u00f3n a nivel estatal de 157 patrullas, de las cuales tres se entregaron en Cuauht\u00e9moc y hace unos d\u00edas se entreg\u00f3 una cuarta patrulla nueva; \u201cen estos tres a\u00f1os les hemos entregado s\u00f3lo al municipio de Cuauht\u00e9moc cuatro patrullas equipadas para la corporaci\u00f3n municipal y ahora estos uniformes y equipamiento; es decir m\u00e1s de 11 millones de pesos solamente en la Polic\u00eda Municipal de Cuauht\u00e9moc y eso es una manera de decirles que estamos con ustedes\u201d, dijo Indira.<\/p>\n<p>Indira reiter\u00f3 que \u201cnuestra principal responsabilidad es estar para las y los colimenses de bien, para las y los cuauhtemenses de bien; y quienes desempe\u00f1an su trabajo de la manera adecuada y honrada tambi\u00e9n tienen el reconocimiento de la gente (\u2026); s\u00ed hay por parte del Gobierno del Estado, de una servidora, de las y los cuauhtemenses, un reconocimiento genuino a quienes hacen su labor de la mejor manera posible por el bien de las y los colimenses y eso yo se los agradezco a cada una y a cada uno de ustedes\u201d, dijo la gobernadora.<\/p>\n<p>La mandataria, acompa\u00f1ada del secretario general de Gobierno, Eloy Garc\u00eda Alcaraz; el secretario de Seguridad P\u00fablica, H\u00e9ctor Alfredo Castillo B\u00e1ez; el fiscal general Bryant Alejandro Garc\u00eda Ram\u00edrez, y la secretaria ejecutiva del Sistema Estatal de Seguridad P\u00fablica, Pamela Caldera Caldera, entreg\u00f3 en Ixtlahuac\u00e1n 25 pares de botas, 50 camisas, 50 gorras, 25 cinturones, 50 pantalones, 50 insignias, 25 fornituras, 14 l\u00e1mparas t\u00e1cticas, dos computadoras y doce bastones retr\u00e1ctiles, con inversi\u00f3n de 433 mil pesos; mientras en Cuauht\u00e9moc, fueron 35 pares de botas, 70 camisas, 35 cinturones, 70 gorras, 70 pantalones, 70 insignias, 35 fornituras, 25 l\u00e1mparas t\u00e1cticas, 3 computadoras y 12 bastones retr\u00e1ctiles con una inversi\u00f3n de 619 mil pesos.<\/p>\n<p>Previamente, tanto la presidenta de Cuauht\u00e9moc, Ma Guadalupe Sol\u00eds Ram\u00edrez, como el alcalde de Ixtlahuac\u00e1n, Alexis Rafael Verduzco Mendoza, acompa\u00f1ados por sus respectivos directores de Polic\u00eda Municipal Capit\u00e1n \u00d3scar Manuel Cejudo Gonz\u00e1lez y Eduardo Jurado Milanez, agradecieron a la gobernadora Indira Vizca\u00edno por todos los apoyos en patrullas, equipamiento y uniformes a sus respectivas corporaciones policiacas municipales, que contribuyen a mejorar la seguridad p\u00fablica de la poblaci\u00f3n.<\/p>\n","protected":false},"excerpt":{"rendered":"<p>La gobernadora de Colima, Indira Vizca\u00edno Silva, continu\u00f3 este jueves la entrega de uniformes y equipamiento a corporaciones policiacas en el estado y correspondi\u00f3 a Ixtlahuac\u00e1n y Cuauht\u00e9moc, donde ante el alcalde Alexis Rafael Verduzco Mendoza y la alcaldesa Ma Guadalupe Sol\u00eds Ram\u00edrez, junto sus respectivos directores de la Polic\u00eda Municipal, otorg\u00f3 estos apoyos con [&hellip;]<\/p>\n","protected":false},"author":1,"featured_media":13461,"comment_status":"open","ping_status":"open","sticky":false,"template":"","format":"standard","meta":{"_jetpack_memberships_contains_paid_content":false,"footnotes":""},"categories":[24],"tags":[26,77],"class_list":["post-13460","post","type-post","status-publish","format-standard","has-post-thumbnail","hentry","category-estado","tag-indira-vizcaino","tag-ixtlahuacan"],"yoast_head":"<!-- This site is optimized with the Yoast SEO plugin v26.6 - https:\/\/yoast.com\/wordpress\/plugins\/seo\/ -->\n<title>Gobernadora de Colima entrega equipos a Polic\u00edas Municipales de Ixtlahuac\u00e1n y Cuauht\u00e9moc - M\u00e1s Que Noticias<\/title>\n<meta name=\"robots\" content=\"index, follow, max-snippet:-1, max-image-preview:large, max-video-preview:-1\" \/>\n<link rel=\"canonical\" href=\"https:\/\/masquenoticias.mx\/index.php\/2025\/01\/23\/gobernadora-de-colima-entrega-equipos-a-policias-municipales-de-ixtlahuacan-y-cuauhtemoc\/\" \/>\n<meta property=\"og:locale\" content=\"es_MX\" \/>\n<meta property=\"og:type\" content=\"article\" \/>\n<meta property=\"og:title\" content=\"Gobernadora de Colima entrega equipos a Polic\u00edas Municipales de Ixtlahuac\u00e1n y Cuauht\u00e9moc - M\u00e1s Que Noticias\" \/>\n<meta property=\"og:description\" content=\"La gobernadora de Colima, Indira Vizca\u00edno Silva, continu\u00f3 este jueves la entrega de uniformes y equipamiento a corporaciones policiacas en el estado y correspondi\u00f3 a Ixtlahuac\u00e1n y Cuauht\u00e9moc, donde ante el alcalde Alexis Rafael Verduzco Mendoza y la alcaldesa Ma Guadalupe Sol\u00eds Ram\u00edrez, junto sus respectivos directores de la Polic\u00eda Municipal, otorg\u00f3 estos apoyos con [&hellip;]\" \/>\n<meta property=\"og:url\" content=\"https:\/\/masquenoticias.mx\/index.php\/2025\/01\/23\/gobernadora-de-colima-entrega-equipos-a-policias-municipales-de-ixtlahuacan-y-cuauhtemoc\/\" \/>\n<meta property=\"og:site_name\" content=\"M\u00e1s Que Noticias\" \/>\n<meta property=\"article:publisher\" content=\"https:\/\/www.facebook.com\/masquenoticiascolima\" \/>\n<meta property=\"article:published_time\" content=\"2025-01-23T19:20:49+00:00\" \/>\n<meta property=\"og:image\" content=\"https:\/\/masquenoticias.mx\/wp-content\/uploads\/2025\/01\/WhatsApp-Image-2025-01-23-at-11.22.35-AM-1.jpeg\" \/>\n\t<meta property=\"og:image:width\" content=\"1280\" \/>\n\t<meta property=\"og:image:height\" content=\"853\" \/>\n\t<meta property=\"og:image:type\" content=\"image\/jpeg\" \/>\n<meta name=\"author\" content=\"Redacci\u00f3n\" \/>\n<meta name=\"twitter:card\" content=\"summary_large_image\" \/>\n<meta name=\"twitter:creator\" content=\"@edgartove\" \/>\n<meta name=\"twitter:site\" content=\"@edgartove\" \/>\n<meta name=\"twitter:label1\" content=\"Escrito por\" \/>\n\t<meta name=\"twitter:data1\" content=\"Redacci\u00f3n\" \/>\n\t<meta name=\"twitter:label2\" content=\"Tiempo de lectura\" \/>\n\t<meta name=\"twitter:data2\" content=\"4 minutos\" \/>\n<script type=\"application\/ld+json\" class=\"yoast-schema-graph\">{\"@context\":\"https:\/\/schema.org\",\"@graph\":[{\"@type\":\"Article\",\"@id\":\"https:\/\/masquenoticias.mx\/index.php\/2025\/01\/23\/gobernadora-de-colima-entrega-equipos-a-policias-municipales-de-ixtlahuacan-y-cuauhtemoc\/#article\",\"isPartOf\":{\"@id\":\"https:\/\/masquenoticias.mx\/index.php\/2025\/01\/23\/gobernadora-de-colima-entrega-equipos-a-policias-municipales-de-ixtlahuacan-y-cuauhtemoc\/\"},\"author\":{\"name\":\"Redacci\u00f3n\",\"@id\":\"https:\/\/masquenoticias.mx\/#\/schema\/person\/544d19989ef23d34615f691f7a96e622\"},\"headline\":\"Gobernadora de Colima entrega equipos a Polic\u00edas Municipales de Ixtlahuac\u00e1n y Cuauht\u00e9moc\",\"datePublished\":\"2025-01-23T19:20:49+00:00\",\"mainEntityOfPage\":{\"@id\":\"https:\/\/masquenoticias.mx\/index.php\/2025\/01\/23\/gobernadora-de-colima-entrega-equipos-a-policias-municipales-de-ixtlahuacan-y-cuauhtemoc\/\"},\"wordCount\":899,\"commentCount\":0,\"publisher\":{\"@id\":\"https:\/\/masquenoticias.mx\/#organization\"},\"image\":{\"@id\":\"https:\/\/masquenoticias.mx\/index.php\/2025\/01\/23\/gobernadora-de-colima-entrega-equipos-a-policias-municipales-de-ixtlahuacan-y-cuauhtemoc\/#primaryimage\"},\"thumbnailUrl\":\"https:\/\/i0.wp.com\/masquenoticias.mx\/wp-content\/uploads\/2025\/01\/WhatsApp-Image-2025-01-23-at-11.22.35-AM-1.jpeg?fit=1280%2C853&ssl=1\",\"keywords\":[\"Indira Vizca\u00edno\",\"Ixtlahuac\u00e1n\"],\"articleSection\":[\"Estado\"],\"inLanguage\":\"es\",\"potentialAction\":[{\"@type\":\"CommentAction\",\"name\":\"Comment\",\"target\":[\"https:\/\/masquenoticias.mx\/index.php\/2025\/01\/23\/gobernadora-de-colima-entrega-equipos-a-policias-municipales-de-ixtlahuacan-y-cuauhtemoc\/#respond\"]}]},{\"@type\":\"WebPage\",\"@id\":\"https:\/\/masquenoticias.mx\/index.php\/2025\/01\/23\/gobernadora-de-colima-entrega-equipos-a-policias-municipales-de-ixtlahuacan-y-cuauhtemoc\/\",\"url\":\"https:\/\/masquenoticias.mx\/index.php\/2025\/01\/23\/gobernadora-de-colima-entrega-equipos-a-policias-municipales-de-ixtlahuacan-y-cuauhtemoc\/\",\"name\":\"Gobernadora de Colima entrega equipos a Polic\u00edas Municipales de Ixtlahuac\u00e1n y Cuauht\u00e9moc - M\u00e1s Que Noticias\",\"isPartOf\":{\"@id\":\"https:\/\/masquenoticias.mx\/#website\"},\"primaryImageOfPage\":{\"@id\":\"https:\/\/masquenoticias.mx\/index.php\/2025\/01\/23\/gobernadora-de-colima-entrega-equipos-a-policias-municipales-de-ixtlahuacan-y-cuauhtemoc\/#primaryimage\"},\"image\":{\"@id\":\"https:\/\/masquenoticias.mx\/index.php\/2025\/01\/23\/gobernadora-de-colima-entrega-equipos-a-policias-municipales-de-ixtlahuacan-y-cuauhtemoc\/#primaryimage\"},\"thumbnailUrl\":\"https:\/\/i0.wp.com\/masquenoticias.mx\/wp-content\/uploads\/2025\/01\/WhatsApp-Image-2025-01-23-at-11.22.35-AM-1.jpeg?fit=1280%2C853&ssl=1\",\"datePublished\":\"2025-01-23T19:20:49+00:00\",\"breadcrumb\":{\"@id\":\"https:\/\/masquenoticias.mx\/index.php\/2025\/01\/23\/gobernadora-de-colima-entrega-equipos-a-policias-municipales-de-ixtlahuacan-y-cuauhtemoc\/#breadcrumb\"},\"inLanguage\":\"es\",\"potentialAction\":[{\"@type\":\"ReadAction\",\"target\":[\"https:\/\/masquenoticias.mx\/index.php\/2025\/01\/23\/gobernadora-de-colima-entrega-equipos-a-policias-municipales-de-ixtlahuacan-y-cuauhtemoc\/\"]}]},{\"@type\":\"ImageObject\",\"inLanguage\":\"es\",\"@id\":\"https:\/\/masquenoticias.mx\/index.php\/2025\/01\/23\/gobernadora-de-colima-entrega-equipos-a-policias-municipales-de-ixtlahuacan-y-cuauhtemoc\/#primaryimage\",\"url\":\"https:\/\/i0.wp.com\/masquenoticias.mx\/wp-content\/uploads\/2025\/01\/WhatsApp-Image-2025-01-23-at-11.22.35-AM-1.jpeg?fit=1280%2C853&ssl=1\",\"contentUrl\":\"https:\/\/i0.wp.com\/masquenoticias.mx\/wp-content\/uploads\/2025\/01\/WhatsApp-Image-2025-01-23-at-11.22.35-AM-1.jpeg?fit=1280%2C853&ssl=1\",\"width\":1280,\"height\":853},{\"@type\":\"BreadcrumbList\",\"@id\":\"https:\/\/masquenoticias.mx\/index.php\/2025\/01\/23\/gobernadora-de-colima-entrega-equipos-a-policias-municipales-de-ixtlahuacan-y-cuauhtemoc\/#breadcrumb\",\"itemListElement\":[{\"@type\":\"ListItem\",\"position\":1,\"name\":\"Inicio\",\"item\":\"https:\/\/masquenoticias.mx\/\"},{\"@type\":\"ListItem\",\"position\":2,\"name\":\"Gobernadora de Colima entrega equipos a Polic\u00edas Municipales de Ixtlahuac\u00e1n y Cuauht\u00e9moc\"}]},{\"@type\":\"WebSite\",\"@id\":\"https:\/\/masquenoticias.mx\/#website\",\"url\":\"https:\/\/masquenoticias.mx\/\",\"name\":\"M\u00e1s Que Noticias\",\"description\":\"Noticias de Colima, M\u00e9xico y el Mundo\",\"publisher\":{\"@id\":\"https:\/\/masquenoticias.mx\/#organization\"},\"potentialAction\":[{\"@type\":\"SearchAction\",\"target\":{\"@type\":\"EntryPoint\",\"urlTemplate\":\"https:\/\/masquenoticias.mx\/?s={search_term_string}\"},\"query-input\":{\"@type\":\"PropertyValueSpecification\",\"valueRequired\":true,\"valueName\":\"search_term_string\"}}],\"inLanguage\":\"es\"},{\"@type\":\"Organization\",\"@id\":\"https:\/\/masquenoticias.mx\/#organization\",\"name\":\"M\u00e1s Que Noticias\",\"url\":\"https:\/\/masquenoticias.mx\/\",\"logo\":{\"@type\":\"ImageObject\",\"inLanguage\":\"es\",\"@id\":\"https:\/\/masquenoticias.mx\/#\/schema\/logo\/image\/\",\"url\":\"https:\/\/i0.wp.com\/masquenoticias.mx\/wp-content\/uploads\/2024\/04\/IMG_0004.png?fit=2560%2C1656&ssl=1\",\"contentUrl\":\"https:\/\/i0.wp.com\/masquenoticias.mx\/wp-content\/uploads\/2024\/04\/IMG_0004.png?fit=2560%2C1656&ssl=1\",\"width\":2560,\"height\":1656,\"caption\":\"M\u00e1s Que Noticias\"},\"image\":{\"@id\":\"https:\/\/masquenoticias.mx\/#\/schema\/logo\/image\/\"},\"sameAs\":[\"https:\/\/www.facebook.com\/masquenoticiascolima\",\"https:\/\/x.com\/edgartove\",\"https:\/\/www.instagram.com\/masquenoticiascolima\/\"]},{\"@type\":\"Person\",\"@id\":\"https:\/\/masquenoticias.mx\/#\/schema\/person\/544d19989ef23d34615f691f7a96e622\",\"name\":\"Redacci\u00f3n\",\"image\":{\"@type\":\"ImageObject\",\"inLanguage\":\"es\",\"@id\":\"https:\/\/masquenoticias.mx\/#\/schema\/person\/image\/\",\"url\":\"https:\/\/secure.gravatar.com\/avatar\/7fcc926d5b058d3f3d52d95b4d05dd58?s=96&d=mm&r=g\",\"contentUrl\":\"https:\/\/secure.gravatar.com\/avatar\/7fcc926d5b058d3f3d52d95b4d05dd58?s=96&d=mm&r=g\",\"caption\":\"Redacci\u00f3n\"},\"sameAs\":[\"http:\/\/masquenoticias.mx\"],\"url\":\"https:\/\/masquenoticias.mx\/index.php\/author\/edgartovegmail-com\/\"}]}<\/script>\n<!-- \/ Yoast SEO plugin. -->","yoast_head_json":{"title":"Gobernadora de Colima entrega equipos a Polic\u00edas Municipales de Ixtlahuac\u00e1n y Cuauht\u00e9moc - M\u00e1s Que Noticias","robots":{"index":"index","follow":"follow","max-snippet":"max-snippet:-1","max-image-preview":"max-image-preview:large","max-video-preview":"max-video-preview:-1"},"canonical":"https:\/\/masquenoticias.mx\/index.php\/2025\/01\/23\/gobernadora-de-colima-entrega-equipos-a-policias-municipales-de-ixtlahuacan-y-cuauhtemoc\/","og_locale":"es_MX","og_type":"article","og_title":"Gobernadora de Colima entrega equipos a Polic\u00edas Municipales de Ixtlahuac\u00e1n y Cuauht\u00e9moc - M\u00e1s Que Noticias","og_description":"La gobernadora de Colima, Indira Vizca\u00edno Silva, continu\u00f3 este jueves la entrega de uniformes y equipamiento a corporaciones policiacas en el estado y correspondi\u00f3 a Ixtlahuac\u00e1n y Cuauht\u00e9moc, donde ante el alcalde Alexis Rafael Verduzco Mendoza y la alcaldesa Ma Guadalupe Sol\u00eds Ram\u00edrez, junto sus respectivos directores de la Polic\u00eda Municipal, otorg\u00f3 estos apoyos con [&hellip;]","og_url":"https:\/\/masquenoticias.mx\/index.php\/2025\/01\/23\/gobernadora-de-colima-entrega-equipos-a-policias-municipales-de-ixtlahuacan-y-cuauhtemoc\/","og_site_name":"M\u00e1s Que Noticias","article_publisher":"https:\/\/www.facebook.com\/masquenoticiascolima","article_published_time":"2025-01-23T19:20:49+00:00","og_image":[{"width":1280,"height":853,"url":"https:\/\/masquenoticias.mx\/wp-content\/uploads\/2025\/01\/WhatsApp-Image-2025-01-23-at-11.22.35-AM-1.jpeg","type":"image\/jpeg"}],"author":"Redacci\u00f3n","twitter_card":"summary_large_image","twitter_creator":"@edgartove","twitter_site":"@edgartove","twitter_misc":{"Escrito por":"Redacci\u00f3n","Tiempo de lectura":"4 minutos"},"schema":{"@context":"https:\/\/schema.org","@graph":[{"@type":"Article","@id":"https:\/\/masquenoticias.mx\/index.php\/2025\/01\/23\/gobernadora-de-colima-entrega-equipos-a-policias-municipales-de-ixtlahuacan-y-cuauhtemoc\/#article","isPartOf":{"@id":"https:\/\/masquenoticias.mx\/index.php\/2025\/01\/23\/gobernadora-de-colima-entrega-equipos-a-policias-municipales-de-ixtlahuacan-y-cuauhtemoc\/"},"author":{"name":"Redacci\u00f3n","@id":"https:\/\/masquenoticias.mx\/#\/schema\/person\/544d19989ef23d34615f691f7a96e622"},"headline":"Gobernadora de Colima entrega equipos a Polic\u00edas Municipales de Ixtlahuac\u00e1n y Cuauht\u00e9moc","datePublished":"2025-01-23T19:20:49+00:00","mainEntityOfPage":{"@id":"https:\/\/masquenoticias.mx\/index.php\/2025\/01\/23\/gobernadora-de-colima-entrega-equipos-a-policias-municipales-de-ixtlahuacan-y-cuauhtemoc\/"},"wordCount":899,"commentCount":0,"publisher":{"@id":"https:\/\/masquenoticias.mx\/#organization"},"image":{"@id":"https:\/\/masquenoticias.mx\/index.php\/2025\/01\/23\/gobernadora-de-colima-entrega-equipos-a-policias-municipales-de-ixtlahuacan-y-cuauhtemoc\/#primaryimage"},"thumbnailUrl":"https:\/\/i0.wp.com\/masquenoticias.mx\/wp-content\/uploads\/2025\/01\/WhatsApp-Image-2025-01-23-at-11.22.35-AM-1.jpeg?fit=1280%2C853&ssl=1","keywords":["Indira Vizca\u00edno","Ixtlahuac\u00e1n"],"articleSection":["Estado"],"inLanguage":"es","potentialAction":[{"@type":"CommentAction","name":"Comment","target":["https:\/\/masquenoticias.mx\/index.php\/2025\/01\/23\/gobernadora-de-colima-entrega-equipos-a-policias-municipales-de-ixtlahuacan-y-cuauhtemoc\/#respond"]}]},{"@type":"WebPage","@id":"https:\/\/masquenoticias.mx\/index.php\/2025\/01\/23\/gobernadora-de-colima-entrega-equipos-a-policias-municipales-de-ixtlahuacan-y-cuauhtemoc\/","url":"https:\/\/masquenoticias.mx\/index.php\/2025\/01\/23\/gobernadora-de-colima-entrega-equipos-a-policias-municipales-de-ixtlahuacan-y-cuauhtemoc\/","name":"Gobernadora de Colima entrega equipos a Polic\u00edas Municipales de Ixtlahuac\u00e1n y Cuauht\u00e9moc - M\u00e1s Que Noticias","isPartOf":{"@id":"https:\/\/masquenoticias.mx\/#website"},"primaryImageOfPage":{"@id":"https:\/\/masquenoticias.mx\/index.php\/2025\/01\/23\/gobernadora-de-colima-entrega-equipos-a-policias-municipales-de-ixtlahuacan-y-cuauhtemoc\/#primaryimage"},"image":{"@id":"https:\/\/masquenoticias.mx\/index.php\/2025\/01\/23\/gobernadora-de-colima-entrega-equipos-a-policias-municipales-de-ixtlahuacan-y-cuauhtemoc\/#primaryimage"},"thumbnailUrl":"https:\/\/i0.wp.com\/masquenoticias.mx\/wp-content\/uploads\/2025\/01\/WhatsApp-Image-2025-01-23-at-11.22.35-AM-1.jpeg?fit=1280%2C853&ssl=1","datePublished":"2025-01-23T19:20:49+00:00","breadcrumb":{"@id":"https:\/\/masquenoticias.mx\/index.php\/2025\/01\/23\/gobernadora-de-colima-entrega-equipos-a-policias-municipales-de-ixtlahuacan-y-cuauhtemoc\/#breadcrumb"},"inLanguage":"es","potentialAction":[{"@type":"ReadAction","target":["https:\/\/masquenoticias.mx\/index.php\/2025\/01\/23\/gobernadora-de-colima-entrega-equipos-a-policias-municipales-de-ixtlahuacan-y-cuauhtemoc\/"]}]},{"@type":"ImageObject","inLanguage":"es","@id":"https:\/\/masquenoticias.mx\/index.php\/2025\/01\/23\/gobernadora-de-colima-entrega-equipos-a-policias-municipales-de-ixtlahuacan-y-cuauhtemoc\/#primaryimage","url":"https:\/\/i0.wp.com\/masquenoticias.mx\/wp-content\/uploads\/2025\/01\/WhatsApp-Image-2025-01-23-at-11.22.35-AM-1.jpeg?fit=1280%2C853&ssl=1","contentUrl":"https:\/\/i0.wp.com\/masquenoticias.mx\/wp-content\/uploads\/2025\/01\/WhatsApp-Image-2025-01-23-at-11.22.35-AM-1.jpeg?fit=1280%2C853&ssl=1","width":1280,"height":853},{"@type":"BreadcrumbList","@id":"https:\/\/masquenoticias.mx\/index.php\/2025\/01\/23\/gobernadora-de-colima-entrega-equipos-a-policias-municipales-de-ixtlahuacan-y-cuauhtemoc\/#breadcrumb","itemListElement":[{"@type":"ListItem","position":1,"name":"Inicio","item":"https:\/\/masquenoticias.mx\/"},{"@type":"ListItem","position":2,"name":"Gobernadora de Colima entrega equipos a Polic\u00edas Municipales de Ixtlahuac\u00e1n y Cuauht\u00e9moc"}]},{"@type":"WebSite","@id":"https:\/\/masquenoticias.mx\/#website","url":"https:\/\/masquenoticias.mx\/","name":"M\u00e1s Que Noticias","description":"Noticias de Colima, M\u00e9xico y el Mundo","publisher":{"@id":"https:\/\/masquenoticias.mx\/#organization"},"potentialAction":[{"@type":"SearchAction","target":{"@type":"EntryPoint","urlTemplate":"https:\/\/masquenoticias.mx\/?s={search_term_string}"},"query-input":{"@type":"PropertyValueSpecification","valueRequired":true,"valueName":"search_term_string"}}],"inLanguage":"es"},{"@type":"Organization","@id":"https:\/\/masquenoticias.mx\/#organization","name":"M\u00e1s Que Noticias","url":"https:\/\/masquenoticias.mx\/","logo":{"@type":"ImageObject","inLanguage":"es","@id":"https:\/\/masquenoticias.mx\/#\/schema\/logo\/image\/","url":"https:\/\/i0.wp.com\/masquenoticias.mx\/wp-content\/uploads\/2024\/04\/IMG_0004.png?fit=2560%2C1656&ssl=1","contentUrl":"https:\/\/i0.wp.com\/masquenoticias.mx\/wp-content\/uploads\/2024\/04\/IMG_0004.png?fit=2560%2C1656&ssl=1","width":2560,"height":1656,"caption":"M\u00e1s Que Noticias"},"image":{"@id":"https:\/\/masquenoticias.mx\/#\/schema\/logo\/image\/"},"sameAs":["https:\/\/www.facebook.com\/masquenoticiascolima","https:\/\/x.com\/edgartove","https:\/\/www.instagram.com\/masquenoticiascolima\/"]},{"@type":"Person","@id":"https:\/\/masquenoticias.mx\/#\/schema\/person\/544d19989ef23d34615f691f7a96e622","name":"Redacci\u00f3n","image":{"@type":"ImageObject","inLanguage":"es","@id":"https:\/\/masquenoticias.mx\/#\/schema\/person\/image\/","url":"https:\/\/secure.gravatar.com\/avatar\/7fcc926d5b058d3f3d52d95b4d05dd58?s=96&d=mm&r=g","contentUrl":"https:\/\/secure.gravatar.com\/avatar\/7fcc926d5b058d3f3d52d95b4d05dd58?s=96&d=mm&r=g","caption":"Redacci\u00f3n"},"sameAs":["http:\/\/masquenoticias.mx"],"url":"https:\/\/masquenoticias.mx\/index.php\/author\/edgartovegmail-com\/"}]}},"jetpack_featured_media_url":"https:\/\/i0.wp.com\/masquenoticias.mx\/wp-content\/uploads\/2025\/01\/WhatsApp-Image-2025-01-23-at-11.22.35-AM-1.jpeg?fit=1280%2C853&ssl=1","blog_post_layout_featured_media_urls":{"thumbnail":["https:\/\/i0.wp.com\/masquenoticias.mx\/wp-content\/uploads\/2025\/01\/WhatsApp-Image-2025-01-23-at-11.22.35-AM-1.jpeg?resize=150%2C150&ssl=1",150,150,true],"full":["https:\/\/i0.wp.com\/masquenoticias.mx\/wp-content\/uploads\/2025\/01\/WhatsApp-Image-2025-01-23-at-11.22.35-AM-1.jpeg?fit=1280%2C853&ssl=1",1280,853,false]},"categories_names":{"24":{"name":"Estado","link":"https:\/\/masquenoticias.mx\/index.php\/category\/estado\/"}},"tags_names":{"26":{"name":"Indira Vizca\u00edno","link":"https:\/\/masquenoticias.mx\/index.php\/tag\/indira-vizcaino\/"},"77":{"name":"Ixtlahuac\u00e1n","link":"https:\/\/masquenoticias.mx\/index.php\/tag\/ixtlahuacan\/"}},"comments_number":"0","wpmagazine_modules_lite_featured_media_urls":{"thumbnail":["https:\/\/i0.wp.com\/masquenoticias.mx\/wp-content\/uploads\/2025\/01\/WhatsApp-Image-2025-01-23-at-11.22.35-AM-1.jpeg?resize=150%2C150&ssl=1",150,150,true],"cvmm-medium":["https:\/\/i0.wp.com\/masquenoticias.mx\/wp-content\/uploads\/2025\/01\/WhatsApp-Image-2025-01-23-at-11.22.35-AM-1.jpeg?resize=300%2C300&ssl=1",300,300,true],"cvmm-medium-plus":["https:\/\/i0.wp.com\/masquenoticias.mx\/wp-content\/uploads\/2025\/01\/WhatsApp-Image-2025-01-23-at-11.22.35-AM-1.jpeg?resize=305%2C207&ssl=1",305,207,true],"cvmm-portrait":["https:\/\/i0.wp.com\/masquenoticias.mx\/wp-content\/uploads\/2025\/01\/WhatsApp-Image-2025-01-23-at-11.22.35-AM-1.jpeg?resize=400%2C600&ssl=1",400,600,true],"cvmm-medium-square":["https:\/\/i0.wp.com\/masquenoticias.mx\/wp-content\/uploads\/2025\/01\/WhatsApp-Image-2025-01-23-at-11.22.35-AM-1.jpeg?resize=600%2C600&ssl=1",600,600,true],"cvmm-large":["https:\/\/i0.wp.com\/masquenoticias.mx\/wp-content\/uploads\/2025\/01\/WhatsApp-Image-2025-01-23-at-11.22.35-AM-1.jpeg?resize=1024%2C853&ssl=1",1024,853,true],"cvmm-small":["https:\/\/i0.wp.com\/masquenoticias.mx\/wp-content\/uploads\/2025\/01\/WhatsApp-Image-2025-01-23-at-11.22.35-AM-1.jpeg?resize=130%2C95&ssl=1",130,95,true],"full":["https:\/\/i0.wp.com\/masquenoticias.mx\/wp-content\/uploads\/2025\/01\/WhatsApp-Image-2025-01-23-at-11.22.35-AM-1.jpeg?fit=1280%2C853&ssl=1",1280,853,false]},"jetpack-related-posts":[],"jetpack_sharing_enabled":true,"jetpack_likes_enabled":true,"jetpack_shortlink":"https:\/\/wp.me\/pf7pkt-3v6","_links":{"self":[{"href":"https:\/\/masquenoticias.mx\/index.php\/wp-json\/wp\/v2\/posts\/13460","targetHints":{"allow":["GET"]}}],"collection":[{"href":"https:\/\/masquenoticias.mx\/index.php\/wp-json\/wp\/v2\/posts"}],"about":[{"href":"https:\/\/masquenoticias.mx\/index.php\/wp-json\/wp\/v2\/types\/post"}],"author":[{"embeddable":true,"href":"https:\/\/masquenoticias.mx\/index.php\/wp-json\/wp\/v2\/users\/1"}],"replies":[{"embeddable":true,"href":"https:\/\/masquenoticias.mx\/index.php\/wp-json\/wp\/v2\/comments?post=13460"}],"version-history":[{"count":1,"href":"https:\/\/masquenoticias.mx\/index.php\/wp-json\/wp\/v2\/posts\/13460\/revisions"}],"predecessor-version":[{"id":13462,"href":"https:\/\/masquenoticias.mx\/index.php\/wp-json\/wp\/v2\/posts\/13460\/revisions\/13462"}],"wp:featuredmedia":[{"embeddable":true,"href":"https:\/\/masquenoticias.mx\/index.php\/wp-json\/wp\/v2\/media\/13461"}],"wp:attachment":[{"href":"https:\/\/masquenoticias.mx\/index.php\/wp-json\/wp\/v2\/media?parent=13460"}],"wp:term":[{"taxonomy":"category","embeddable":true,"href":"https:\/\/masquenoticias.mx\/index.php\/wp-json\/wp\/v2\/categories?post=13460"},{"taxonomy":"post_tag","embeddable":true,"href":"https:\/\/masquenoticias.mx\/index.php\/wp-json\/wp\/v2\/tags?post=13460"}],"curies":[{"name":"wp","href":"https:\/\/api.w.org\/{rel}","templated":true}]}}