{"id":13417,"date":"2025-01-22T13:19:57","date_gmt":"2025-01-22T19:19:57","guid":{"rendered":"https:\/\/masquenoticias.mx\/?p=13417"},"modified":"2025-01-22T13:19:57","modified_gmt":"2025-01-22T19:19:57","slug":"invita-riult-rivera-a-participar-en-la-ceremonia-colectiva-de-matrimonios-si-acepto-por-ti","status":"publish","type":"post","link":"https:\/\/masquenoticias.mx\/index.php\/2025\/01\/22\/invita-riult-rivera-a-participar-en-la-ceremonia-colectiva-de-matrimonios-si-acepto-por-ti\/","title":{"rendered":"Invita Riult Rivera a participar en la ceremonia colectiva de matrimonios \u201cS\u00ed acepto por ti\u201d"},"content":{"rendered":"<p>El Presidente Municipal de Colima, Riult Rivera Guti\u00e9rrez, dio a conocer la celebraci\u00f3n de la ceremonia colectiva de matrimonios la cual ha sido denominado \u201cS\u00ed acepto, por ti\u201d, la cual est\u00e1 siendo organizada por el Ayuntamiento de Colima, que se desarrollar\u00e1 el pr\u00f3ximo 14 de febrero.<\/p>\n<p>En conferencia de prensa, el alcalde Riult Rivera, acompa\u00f1ado de la presidenta del DIF municipal Colima, Quetzal\u00edn Rivera Guti\u00e9rrez y la Directora del Registro Civil del Ayuntamiento, Jocelyn Gonz\u00e1lez Padilla, dio a conocer que el prop\u00f3sito de esta jornada colectiva de matrimonios busca regularizar el estado civil de aquellas parejas que por distintas circunstancias se encuentran en uni\u00f3n libre.<\/p>\n<p>Destac\u00f3 Rivera Guti\u00e9rrez, que la ceremonia colectiva de matrimonios se desarrollar\u00e1 el 14 de febrero a las 18:00 horas, teniendo como escenario la ex hacienda Santa B\u00e1rbara.<\/p>\n<p>Las parejas interesadas en participar en esa ceremonia colectiva, pueden acercarse a las oficinas del DF Municipal Colima, o a las oficinas del Registro Civil, ya sea a solicitar mayor informaci\u00f3n, o a entregar los documentos que se requieren y un vez, debidamente integrados los expedientes, puedan contraer matrimonio en la ex hacienda Santa B\u00e1rbara.<\/p>\n<p>La recepci\u00f3n de documentos puede realizarse desde este momento, teniendo como fecha l\u00edmite el 10 de febrero, destacando el alcalde capitalino que buscando apoyar a las parejas de los nuevos contrayentes, todos los tr\u00e1mites municipales ser\u00e1n gratuitos.<\/p>\n<p>Indic\u00f3 Riult Rivera, que a trav\u00e9s de la Direcci\u00f3n del Registro Civil, se les expedir\u00e1n las constancias de solter\u00eda, actas de nacimiento, las pl\u00e1ticas prenupciales, que ser\u00e1n impartidas en el DIF municipal, as\u00ed como los an\u00e1lisis cl\u00ednicos correr\u00e1n por cuenta del DIF municipal.<\/p>\n<p>El alcalde capitalino destac\u00f3 que gir\u00f3 instrucciones a la Direcci\u00f3n del Registro Civil, para que todos los tr\u00e1mites se agilicen a fin de que el mismo d\u00eda puedan realizar el tr\u00e1mite, es decir, que en una sola visita puedan regularizar todo y queden debidamente integrados los expedientes de los futuros contrayentes.<\/p>\n<p>Riult Rivera dijo que tanto el DIF municipal, como la Direcci\u00f3n del Registro Civil, estar\u00e1n trabajando de manera coordinada, reiterando que los documentos que se entregar\u00e1n de manera gratuita, ser\u00e1n las copias de acta de nacimiento, las constancias de solter\u00eda a nivel municipio, as\u00ed como a aquellas personas que se encuentren divorciadas, se les estar\u00e1n brindando las actas de divorcio.<\/p>\n<p>En los casos de que haya personas que sean viudas o viudos, se les estar\u00e1n entregando copias de las actas de defunci\u00f3n, y por supuesto el acta de matrimonio que se levantar\u00e1, ser\u00e1 totalmente gratuita.<\/p>\n<p>Riult Rivera dijo que lo que se busca con esta ceremonia colectiva de matrimonios, lo que busca el Ayuntamiento de Colima es dar certeza jur\u00eddica a la uni\u00f3n matrimonial entre las parejas y a sus descendientes y que si bien esta uni\u00f3n genera derechos y obligaciones, lo primordial es que se generan familias, que es la parte m\u00e1s importante de esta actividad.<\/p>\n<p>El presidente municipal de Colima dijo que la actual administraci\u00f3n lo que busca es motivar la uni\u00f3n entre parejas y que se vayan construyendo familias s\u00f3lidas.<\/p>\n<p>El edil capitalino se\u00f1al\u00f3 que el 14 de febrero, luego de la ceremonia donde se habr\u00e1n de legalizar los enlaces matrimoniales, en el mismo eventos que ser\u00e1 en la ex Hacienda Santa B\u00e1rbara, se incluir\u00e1 la fiesta para las parejas contrayentes, y se les ofrecer\u00e1 una cena para quienes participen en estos enlaces matrimoniales, y para algunos de sus invitados, pues se est\u00e1 contemplando que puedan hacerse acompa\u00f1ar de algunos familiares, o amigas o amigos, en esta decisi\u00f3n que tomar\u00e1 cada pareja y que compartan este importante momento con sus seres queridos esa alegr\u00eda del matrimonio.<\/p>\n<p>El alcalde de Colima, dijo que durante el evento habr\u00e1 m\u00fasica para alegrar y ambientar la ceremonia t que la pasen muy bien todos los contrayentes, se\u00f1alando que asimismo se tiene previsto entregar regalos a los matrimonios.<\/p>\n<p>Antes de concluir, el presidente municipal de Colima, hizo una invitaci\u00f3n a todas aquellas parejas, incluidas de otros municipios, que quieran legalizar su estado civil, destacando que con este tipo de ceremonias se fortalece el tejido social a partir de la consolidaci\u00f3n de la familia.<\/p>\n","protected":false},"excerpt":{"rendered":"<p>El Presidente Municipal de Colima, Riult Rivera Guti\u00e9rrez, dio a conocer la celebraci\u00f3n de la ceremonia colectiva de matrimonios la cual ha sido denominado \u201cS\u00ed acepto, por ti\u201d, la cual est\u00e1 siendo organizada por el Ayuntamiento de Colima, que se desarrollar\u00e1 el pr\u00f3ximo 14 de febrero. En conferencia de prensa, el alcalde Riult Rivera, acompa\u00f1ado [&hellip;]<\/p>\n","protected":false},"author":1,"featured_media":13418,"comment_status":"open","ping_status":"open","sticky":false,"template":"","format":"standard","meta":{"_jetpack_memberships_contains_paid_content":false,"footnotes":""},"categories":[28],"tags":[41,142],"class_list":["post-13417","post","type-post","status-publish","format-standard","has-post-thumbnail","hentry","category-municipios","tag-colima","tag-riult-rivera"],"yoast_head":"<!-- This site is optimized with the Yoast SEO plugin v26.6 - https:\/\/yoast.com\/wordpress\/plugins\/seo\/ -->\n<title>Invita Riult Rivera a participar en la ceremonia colectiva de matrimonios \u201cS\u00ed acepto por ti\u201d - M\u00e1s Que Noticias<\/title>\n<meta name=\"robots\" content=\"index, follow, max-snippet:-1, max-image-preview:large, max-video-preview:-1\" \/>\n<link rel=\"canonical\" href=\"https:\/\/masquenoticias.mx\/index.php\/2025\/01\/22\/invita-riult-rivera-a-participar-en-la-ceremonia-colectiva-de-matrimonios-si-acepto-por-ti\/\" \/>\n<meta property=\"og:locale\" content=\"es_MX\" \/>\n<meta property=\"og:type\" content=\"article\" \/>\n<meta property=\"og:title\" content=\"Invita Riult Rivera a participar en la ceremonia colectiva de matrimonios \u201cS\u00ed acepto por ti\u201d - M\u00e1s Que Noticias\" \/>\n<meta property=\"og:description\" content=\"El Presidente Municipal de Colima, Riult Rivera Guti\u00e9rrez, dio a conocer la celebraci\u00f3n de la ceremonia colectiva de matrimonios la cual ha sido denominado \u201cS\u00ed acepto, por ti\u201d, la cual est\u00e1 siendo organizada por el Ayuntamiento de Colima, que se desarrollar\u00e1 el pr\u00f3ximo 14 de febrero. En conferencia de prensa, el alcalde Riult Rivera, acompa\u00f1ado [&hellip;]\" \/>\n<meta property=\"og:url\" content=\"https:\/\/masquenoticias.mx\/index.php\/2025\/01\/22\/invita-riult-rivera-a-participar-en-la-ceremonia-colectiva-de-matrimonios-si-acepto-por-ti\/\" \/>\n<meta property=\"og:site_name\" content=\"M\u00e1s Que Noticias\" \/>\n<meta property=\"article:publisher\" content=\"https:\/\/www.facebook.com\/masquenoticiascolima\" \/>\n<meta property=\"article:published_time\" content=\"2025-01-22T19:19:57+00:00\" \/>\n<meta property=\"og:image\" content=\"https:\/\/masquenoticias.mx\/wp-content\/uploads\/2025\/01\/WhatsApp-Image-2025-01-21-at-4.57.40-PM-scaled.jpeg\" \/>\n\t<meta property=\"og:image:width\" content=\"2560\" \/>\n\t<meta property=\"og:image:height\" content=\"1710\" \/>\n\t<meta property=\"og:image:type\" content=\"image\/jpeg\" \/>\n<meta name=\"author\" content=\"Redacci\u00f3n\" \/>\n<meta name=\"twitter:card\" content=\"summary_large_image\" \/>\n<meta name=\"twitter:creator\" content=\"@edgartove\" \/>\n<meta name=\"twitter:site\" content=\"@edgartove\" \/>\n<meta name=\"twitter:label1\" content=\"Escrito por\" \/>\n\t<meta name=\"twitter:data1\" content=\"Redacci\u00f3n\" \/>\n\t<meta name=\"twitter:label2\" content=\"Tiempo de lectura\" \/>\n\t<meta name=\"twitter:data2\" content=\"4 minutos\" \/>\n<script type=\"application\/ld+json\" class=\"yoast-schema-graph\">{\"@context\":\"https:\/\/schema.org\",\"@graph\":[{\"@type\":\"Article\",\"@id\":\"https:\/\/masquenoticias.mx\/index.php\/2025\/01\/22\/invita-riult-rivera-a-participar-en-la-ceremonia-colectiva-de-matrimonios-si-acepto-por-ti\/#article\",\"isPartOf\":{\"@id\":\"https:\/\/masquenoticias.mx\/index.php\/2025\/01\/22\/invita-riult-rivera-a-participar-en-la-ceremonia-colectiva-de-matrimonios-si-acepto-por-ti\/\"},\"author\":{\"name\":\"Redacci\u00f3n\",\"@id\":\"https:\/\/masquenoticias.mx\/#\/schema\/person\/544d19989ef23d34615f691f7a96e622\"},\"headline\":\"Invita Riult Rivera a participar en la ceremonia colectiva de matrimonios \u201cS\u00ed acepto por ti\u201d\",\"datePublished\":\"2025-01-22T19:19:57+00:00\",\"mainEntityOfPage\":{\"@id\":\"https:\/\/masquenoticias.mx\/index.php\/2025\/01\/22\/invita-riult-rivera-a-participar-en-la-ceremonia-colectiva-de-matrimonios-si-acepto-por-ti\/\"},\"wordCount\":744,\"commentCount\":0,\"publisher\":{\"@id\":\"https:\/\/masquenoticias.mx\/#organization\"},\"image\":{\"@id\":\"https:\/\/masquenoticias.mx\/index.php\/2025\/01\/22\/invita-riult-rivera-a-participar-en-la-ceremonia-colectiva-de-matrimonios-si-acepto-por-ti\/#primaryimage\"},\"thumbnailUrl\":\"https:\/\/i0.wp.com\/masquenoticias.mx\/wp-content\/uploads\/2025\/01\/WhatsApp-Image-2025-01-21-at-4.57.40-PM-scaled.jpeg?fit=2560%2C1710&ssl=1\",\"keywords\":[\"Colima\",\"Riult Rivera\"],\"articleSection\":[\"Municipios\"],\"inLanguage\":\"es\",\"potentialAction\":[{\"@type\":\"CommentAction\",\"name\":\"Comment\",\"target\":[\"https:\/\/masquenoticias.mx\/index.php\/2025\/01\/22\/invita-riult-rivera-a-participar-en-la-ceremonia-colectiva-de-matrimonios-si-acepto-por-ti\/#respond\"]}]},{\"@type\":\"WebPage\",\"@id\":\"https:\/\/masquenoticias.mx\/index.php\/2025\/01\/22\/invita-riult-rivera-a-participar-en-la-ceremonia-colectiva-de-matrimonios-si-acepto-por-ti\/\",\"url\":\"https:\/\/masquenoticias.mx\/index.php\/2025\/01\/22\/invita-riult-rivera-a-participar-en-la-ceremonia-colectiva-de-matrimonios-si-acepto-por-ti\/\",\"name\":\"Invita Riult Rivera a participar en la ceremonia colectiva de matrimonios \u201cS\u00ed acepto por ti\u201d - M\u00e1s Que Noticias\",\"isPartOf\":{\"@id\":\"https:\/\/masquenoticias.mx\/#website\"},\"primaryImageOfPage\":{\"@id\":\"https:\/\/masquenoticias.mx\/index.php\/2025\/01\/22\/invita-riult-rivera-a-participar-en-la-ceremonia-colectiva-de-matrimonios-si-acepto-por-ti\/#primaryimage\"},\"image\":{\"@id\":\"https:\/\/masquenoticias.mx\/index.php\/2025\/01\/22\/invita-riult-rivera-a-participar-en-la-ceremonia-colectiva-de-matrimonios-si-acepto-por-ti\/#primaryimage\"},\"thumbnailUrl\":\"https:\/\/i0.wp.com\/masquenoticias.mx\/wp-content\/uploads\/2025\/01\/WhatsApp-Image-2025-01-21-at-4.57.40-PM-scaled.jpeg?fit=2560%2C1710&ssl=1\",\"datePublished\":\"2025-01-22T19:19:57+00:00\",\"breadcrumb\":{\"@id\":\"https:\/\/masquenoticias.mx\/index.php\/2025\/01\/22\/invita-riult-rivera-a-participar-en-la-ceremonia-colectiva-de-matrimonios-si-acepto-por-ti\/#breadcrumb\"},\"inLanguage\":\"es\",\"potentialAction\":[{\"@type\":\"ReadAction\",\"target\":[\"https:\/\/masquenoticias.mx\/index.php\/2025\/01\/22\/invita-riult-rivera-a-participar-en-la-ceremonia-colectiva-de-matrimonios-si-acepto-por-ti\/\"]}]},{\"@type\":\"ImageObject\",\"inLanguage\":\"es\",\"@id\":\"https:\/\/masquenoticias.mx\/index.php\/2025\/01\/22\/invita-riult-rivera-a-participar-en-la-ceremonia-colectiva-de-matrimonios-si-acepto-por-ti\/#primaryimage\",\"url\":\"https:\/\/i0.wp.com\/masquenoticias.mx\/wp-content\/uploads\/2025\/01\/WhatsApp-Image-2025-01-21-at-4.57.40-PM-scaled.jpeg?fit=2560%2C1710&ssl=1\",\"contentUrl\":\"https:\/\/i0.wp.com\/masquenoticias.mx\/wp-content\/uploads\/2025\/01\/WhatsApp-Image-2025-01-21-at-4.57.40-PM-scaled.jpeg?fit=2560%2C1710&ssl=1\",\"width\":2560,\"height\":1710},{\"@type\":\"BreadcrumbList\",\"@id\":\"https:\/\/masquenoticias.mx\/index.php\/2025\/01\/22\/invita-riult-rivera-a-participar-en-la-ceremonia-colectiva-de-matrimonios-si-acepto-por-ti\/#breadcrumb\",\"itemListElement\":[{\"@type\":\"ListItem\",\"position\":1,\"name\":\"Inicio\",\"item\":\"https:\/\/masquenoticias.mx\/\"},{\"@type\":\"ListItem\",\"position\":2,\"name\":\"Invita Riult Rivera a participar en la ceremonia colectiva de matrimonios \u201cS\u00ed acepto por ti\u201d\"}]},{\"@type\":\"WebSite\",\"@id\":\"https:\/\/masquenoticias.mx\/#website\",\"url\":\"https:\/\/masquenoticias.mx\/\",\"name\":\"M\u00e1s Que Noticias\",\"description\":\"Noticias de Colima, M\u00e9xico y el Mundo\",\"publisher\":{\"@id\":\"https:\/\/masquenoticias.mx\/#organization\"},\"potentialAction\":[{\"@type\":\"SearchAction\",\"target\":{\"@type\":\"EntryPoint\",\"urlTemplate\":\"https:\/\/masquenoticias.mx\/?s={search_term_string}\"},\"query-input\":{\"@type\":\"PropertyValueSpecification\",\"valueRequired\":true,\"valueName\":\"search_term_string\"}}],\"inLanguage\":\"es\"},{\"@type\":\"Organization\",\"@id\":\"https:\/\/masquenoticias.mx\/#organization\",\"name\":\"M\u00e1s Que Noticias\",\"url\":\"https:\/\/masquenoticias.mx\/\",\"logo\":{\"@type\":\"ImageObject\",\"inLanguage\":\"es\",\"@id\":\"https:\/\/masquenoticias.mx\/#\/schema\/logo\/image\/\",\"url\":\"https:\/\/i0.wp.com\/masquenoticias.mx\/wp-content\/uploads\/2024\/04\/IMG_0004.png?fit=2560%2C1656&ssl=1\",\"contentUrl\":\"https:\/\/i0.wp.com\/masquenoticias.mx\/wp-content\/uploads\/2024\/04\/IMG_0004.png?fit=2560%2C1656&ssl=1\",\"width\":2560,\"height\":1656,\"caption\":\"M\u00e1s Que Noticias\"},\"image\":{\"@id\":\"https:\/\/masquenoticias.mx\/#\/schema\/logo\/image\/\"},\"sameAs\":[\"https:\/\/www.facebook.com\/masquenoticiascolima\",\"https:\/\/x.com\/edgartove\",\"https:\/\/www.instagram.com\/masquenoticiascolima\/\"]},{\"@type\":\"Person\",\"@id\":\"https:\/\/masquenoticias.mx\/#\/schema\/person\/544d19989ef23d34615f691f7a96e622\",\"name\":\"Redacci\u00f3n\",\"image\":{\"@type\":\"ImageObject\",\"inLanguage\":\"es\",\"@id\":\"https:\/\/masquenoticias.mx\/#\/schema\/person\/image\/\",\"url\":\"https:\/\/secure.gravatar.com\/avatar\/7fcc926d5b058d3f3d52d95b4d05dd58?s=96&d=mm&r=g\",\"contentUrl\":\"https:\/\/secure.gravatar.com\/avatar\/7fcc926d5b058d3f3d52d95b4d05dd58?s=96&d=mm&r=g\",\"caption\":\"Redacci\u00f3n\"},\"sameAs\":[\"http:\/\/masquenoticias.mx\"],\"url\":\"https:\/\/masquenoticias.mx\/index.php\/author\/edgartovegmail-com\/\"}]}<\/script>\n<!-- \/ Yoast SEO plugin. -->","yoast_head_json":{"title":"Invita Riult Rivera a participar en la ceremonia colectiva de matrimonios \u201cS\u00ed acepto por ti\u201d - M\u00e1s Que Noticias","robots":{"index":"index","follow":"follow","max-snippet":"max-snippet:-1","max-image-preview":"max-image-preview:large","max-video-preview":"max-video-preview:-1"},"canonical":"https:\/\/masquenoticias.mx\/index.php\/2025\/01\/22\/invita-riult-rivera-a-participar-en-la-ceremonia-colectiva-de-matrimonios-si-acepto-por-ti\/","og_locale":"es_MX","og_type":"article","og_title":"Invita Riult Rivera a participar en la ceremonia colectiva de matrimonios \u201cS\u00ed acepto por ti\u201d - M\u00e1s Que Noticias","og_description":"El Presidente Municipal de Colima, Riult Rivera Guti\u00e9rrez, dio a conocer la celebraci\u00f3n de la ceremonia colectiva de matrimonios la cual ha sido denominado \u201cS\u00ed acepto, por ti\u201d, la cual est\u00e1 siendo organizada por el Ayuntamiento de Colima, que se desarrollar\u00e1 el pr\u00f3ximo 14 de febrero. En conferencia de prensa, el alcalde Riult Rivera, acompa\u00f1ado [&hellip;]","og_url":"https:\/\/masquenoticias.mx\/index.php\/2025\/01\/22\/invita-riult-rivera-a-participar-en-la-ceremonia-colectiva-de-matrimonios-si-acepto-por-ti\/","og_site_name":"M\u00e1s Que Noticias","article_publisher":"https:\/\/www.facebook.com\/masquenoticiascolima","article_published_time":"2025-01-22T19:19:57+00:00","og_image":[{"width":2560,"height":1710,"url":"https:\/\/masquenoticias.mx\/wp-content\/uploads\/2025\/01\/WhatsApp-Image-2025-01-21-at-4.57.40-PM-scaled.jpeg","type":"image\/jpeg"}],"author":"Redacci\u00f3n","twitter_card":"summary_large_image","twitter_creator":"@edgartove","twitter_site":"@edgartove","twitter_misc":{"Escrito por":"Redacci\u00f3n","Tiempo de lectura":"4 minutos"},"schema":{"@context":"https:\/\/schema.org","@graph":[{"@type":"Article","@id":"https:\/\/masquenoticias.mx\/index.php\/2025\/01\/22\/invita-riult-rivera-a-participar-en-la-ceremonia-colectiva-de-matrimonios-si-acepto-por-ti\/#article","isPartOf":{"@id":"https:\/\/masquenoticias.mx\/index.php\/2025\/01\/22\/invita-riult-rivera-a-participar-en-la-ceremonia-colectiva-de-matrimonios-si-acepto-por-ti\/"},"author":{"name":"Redacci\u00f3n","@id":"https:\/\/masquenoticias.mx\/#\/schema\/person\/544d19989ef23d34615f691f7a96e622"},"headline":"Invita Riult Rivera a participar en la ceremonia colectiva de matrimonios \u201cS\u00ed acepto por ti\u201d","datePublished":"2025-01-22T19:19:57+00:00","mainEntityOfPage":{"@id":"https:\/\/masquenoticias.mx\/index.php\/2025\/01\/22\/invita-riult-rivera-a-participar-en-la-ceremonia-colectiva-de-matrimonios-si-acepto-por-ti\/"},"wordCount":744,"commentCount":0,"publisher":{"@id":"https:\/\/masquenoticias.mx\/#organization"},"image":{"@id":"https:\/\/masquenoticias.mx\/index.php\/2025\/01\/22\/invita-riult-rivera-a-participar-en-la-ceremonia-colectiva-de-matrimonios-si-acepto-por-ti\/#primaryimage"},"thumbnailUrl":"https:\/\/i0.wp.com\/masquenoticias.mx\/wp-content\/uploads\/2025\/01\/WhatsApp-Image-2025-01-21-at-4.57.40-PM-scaled.jpeg?fit=2560%2C1710&ssl=1","keywords":["Colima","Riult Rivera"],"articleSection":["Municipios"],"inLanguage":"es","potentialAction":[{"@type":"CommentAction","name":"Comment","target":["https:\/\/masquenoticias.mx\/index.php\/2025\/01\/22\/invita-riult-rivera-a-participar-en-la-ceremonia-colectiva-de-matrimonios-si-acepto-por-ti\/#respond"]}]},{"@type":"WebPage","@id":"https:\/\/masquenoticias.mx\/index.php\/2025\/01\/22\/invita-riult-rivera-a-participar-en-la-ceremonia-colectiva-de-matrimonios-si-acepto-por-ti\/","url":"https:\/\/masquenoticias.mx\/index.php\/2025\/01\/22\/invita-riult-rivera-a-participar-en-la-ceremonia-colectiva-de-matrimonios-si-acepto-por-ti\/","name":"Invita Riult Rivera a participar en la ceremonia colectiva de matrimonios \u201cS\u00ed acepto por ti\u201d - M\u00e1s Que Noticias","isPartOf":{"@id":"https:\/\/masquenoticias.mx\/#website"},"primaryImageOfPage":{"@id":"https:\/\/masquenoticias.mx\/index.php\/2025\/01\/22\/invita-riult-rivera-a-participar-en-la-ceremonia-colectiva-de-matrimonios-si-acepto-por-ti\/#primaryimage"},"image":{"@id":"https:\/\/masquenoticias.mx\/index.php\/2025\/01\/22\/invita-riult-rivera-a-participar-en-la-ceremonia-colectiva-de-matrimonios-si-acepto-por-ti\/#primaryimage"},"thumbnailUrl":"https:\/\/i0.wp.com\/masquenoticias.mx\/wp-content\/uploads\/2025\/01\/WhatsApp-Image-2025-01-21-at-4.57.40-PM-scaled.jpeg?fit=2560%2C1710&ssl=1","datePublished":"2025-01-22T19:19:57+00:00","breadcrumb":{"@id":"https:\/\/masquenoticias.mx\/index.php\/2025\/01\/22\/invita-riult-rivera-a-participar-en-la-ceremonia-colectiva-de-matrimonios-si-acepto-por-ti\/#breadcrumb"},"inLanguage":"es","potentialAction":[{"@type":"ReadAction","target":["https:\/\/masquenoticias.mx\/index.php\/2025\/01\/22\/invita-riult-rivera-a-participar-en-la-ceremonia-colectiva-de-matrimonios-si-acepto-por-ti\/"]}]},{"@type":"ImageObject","inLanguage":"es","@id":"https:\/\/masquenoticias.mx\/index.php\/2025\/01\/22\/invita-riult-rivera-a-participar-en-la-ceremonia-colectiva-de-matrimonios-si-acepto-por-ti\/#primaryimage","url":"https:\/\/i0.wp.com\/masquenoticias.mx\/wp-content\/uploads\/2025\/01\/WhatsApp-Image-2025-01-21-at-4.57.40-PM-scaled.jpeg?fit=2560%2C1710&ssl=1","contentUrl":"https:\/\/i0.wp.com\/masquenoticias.mx\/wp-content\/uploads\/2025\/01\/WhatsApp-Image-2025-01-21-at-4.57.40-PM-scaled.jpeg?fit=2560%2C1710&ssl=1","width":2560,"height":1710},{"@type":"BreadcrumbList","@id":"https:\/\/masquenoticias.mx\/index.php\/2025\/01\/22\/invita-riult-rivera-a-participar-en-la-ceremonia-colectiva-de-matrimonios-si-acepto-por-ti\/#breadcrumb","itemListElement":[{"@type":"ListItem","position":1,"name":"Inicio","item":"https:\/\/masquenoticias.mx\/"},{"@type":"ListItem","position":2,"name":"Invita Riult Rivera a participar en la ceremonia colectiva de matrimonios \u201cS\u00ed acepto por ti\u201d"}]},{"@type":"WebSite","@id":"https:\/\/masquenoticias.mx\/#website","url":"https:\/\/masquenoticias.mx\/","name":"M\u00e1s Que Noticias","description":"Noticias de Colima, M\u00e9xico y el Mundo","publisher":{"@id":"https:\/\/masquenoticias.mx\/#organization"},"potentialAction":[{"@type":"SearchAction","target":{"@type":"EntryPoint","urlTemplate":"https:\/\/masquenoticias.mx\/?s={search_term_string}"},"query-input":{"@type":"PropertyValueSpecification","valueRequired":true,"valueName":"search_term_string"}}],"inLanguage":"es"},{"@type":"Organization","@id":"https:\/\/masquenoticias.mx\/#organization","name":"M\u00e1s Que Noticias","url":"https:\/\/masquenoticias.mx\/","logo":{"@type":"ImageObject","inLanguage":"es","@id":"https:\/\/masquenoticias.mx\/#\/schema\/logo\/image\/","url":"https:\/\/i0.wp.com\/masquenoticias.mx\/wp-content\/uploads\/2024\/04\/IMG_0004.png?fit=2560%2C1656&ssl=1","contentUrl":"https:\/\/i0.wp.com\/masquenoticias.mx\/wp-content\/uploads\/2024\/04\/IMG_0004.png?fit=2560%2C1656&ssl=1","width":2560,"height":1656,"caption":"M\u00e1s Que Noticias"},"image":{"@id":"https:\/\/masquenoticias.mx\/#\/schema\/logo\/image\/"},"sameAs":["https:\/\/www.facebook.com\/masquenoticiascolima","https:\/\/x.com\/edgartove","https:\/\/www.instagram.com\/masquenoticiascolima\/"]},{"@type":"Person","@id":"https:\/\/masquenoticias.mx\/#\/schema\/person\/544d19989ef23d34615f691f7a96e622","name":"Redacci\u00f3n","image":{"@type":"ImageObject","inLanguage":"es","@id":"https:\/\/masquenoticias.mx\/#\/schema\/person\/image\/","url":"https:\/\/secure.gravatar.com\/avatar\/7fcc926d5b058d3f3d52d95b4d05dd58?s=96&d=mm&r=g","contentUrl":"https:\/\/secure.gravatar.com\/avatar\/7fcc926d5b058d3f3d52d95b4d05dd58?s=96&d=mm&r=g","caption":"Redacci\u00f3n"},"sameAs":["http:\/\/masquenoticias.mx"],"url":"https:\/\/masquenoticias.mx\/index.php\/author\/edgartovegmail-com\/"}]}},"jetpack_featured_media_url":"https:\/\/i0.wp.com\/masquenoticias.mx\/wp-content\/uploads\/2025\/01\/WhatsApp-Image-2025-01-21-at-4.57.40-PM-scaled.jpeg?fit=2560%2C1710&ssl=1","blog_post_layout_featured_media_urls":{"thumbnail":["https:\/\/i0.wp.com\/masquenoticias.mx\/wp-content\/uploads\/2025\/01\/WhatsApp-Image-2025-01-21-at-4.57.40-PM-scaled.jpeg?resize=150%2C150&ssl=1",150,150,true],"full":["https:\/\/i0.wp.com\/masquenoticias.mx\/wp-content\/uploads\/2025\/01\/WhatsApp-Image-2025-01-21-at-4.57.40-PM-scaled.jpeg?fit=2560%2C1710&ssl=1",2560,1710,false]},"categories_names":{"28":{"name":"Municipios","link":"https:\/\/masquenoticias.mx\/index.php\/category\/municipios\/"}},"tags_names":{"41":{"name":"Colima","link":"https:\/\/masquenoticias.mx\/index.php\/tag\/colima\/"},"142":{"name":"Riult Rivera","link":"https:\/\/masquenoticias.mx\/index.php\/tag\/riult-rivera\/"}},"comments_number":"0","wpmagazine_modules_lite_featured_media_urls":{"thumbnail":["https:\/\/i0.wp.com\/masquenoticias.mx\/wp-content\/uploads\/2025\/01\/WhatsApp-Image-2025-01-21-at-4.57.40-PM-scaled.jpeg?resize=150%2C150&ssl=1",150,150,true],"cvmm-medium":["https:\/\/i0.wp.com\/masquenoticias.mx\/wp-content\/uploads\/2025\/01\/WhatsApp-Image-2025-01-21-at-4.57.40-PM-scaled.jpeg?resize=300%2C300&ssl=1",300,300,true],"cvmm-medium-plus":["https:\/\/i0.wp.com\/masquenoticias.mx\/wp-content\/uploads\/2025\/01\/WhatsApp-Image-2025-01-21-at-4.57.40-PM-scaled.jpeg?resize=305%2C207&ssl=1",305,207,true],"cvmm-portrait":["https:\/\/i0.wp.com\/masquenoticias.mx\/wp-content\/uploads\/2025\/01\/WhatsApp-Image-2025-01-21-at-4.57.40-PM-scaled.jpeg?resize=400%2C600&ssl=1",400,600,true],"cvmm-medium-square":["https:\/\/i0.wp.com\/masquenoticias.mx\/wp-content\/uploads\/2025\/01\/WhatsApp-Image-2025-01-21-at-4.57.40-PM-scaled.jpeg?resize=600%2C600&ssl=1",600,600,true],"cvmm-large":["https:\/\/i0.wp.com\/masquenoticias.mx\/wp-content\/uploads\/2025\/01\/WhatsApp-Image-2025-01-21-at-4.57.40-PM-scaled.jpeg?resize=1024%2C1024&ssl=1",1024,1024,true],"cvmm-small":["https:\/\/i0.wp.com\/masquenoticias.mx\/wp-content\/uploads\/2025\/01\/WhatsApp-Image-2025-01-21-at-4.57.40-PM-scaled.jpeg?resize=130%2C95&ssl=1",130,95,true],"full":["https:\/\/i0.wp.com\/masquenoticias.mx\/wp-content\/uploads\/2025\/01\/WhatsApp-Image-2025-01-21-at-4.57.40-PM-scaled.jpeg?fit=2560%2C1710&ssl=1",2560,1710,false]},"jetpack-related-posts":[],"jetpack_sharing_enabled":true,"jetpack_likes_enabled":true,"jetpack_shortlink":"https:\/\/wp.me\/pf7pkt-3up","_links":{"self":[{"href":"https:\/\/masquenoticias.mx\/index.php\/wp-json\/wp\/v2\/posts\/13417","targetHints":{"allow":["GET"]}}],"collection":[{"href":"https:\/\/masquenoticias.mx\/index.php\/wp-json\/wp\/v2\/posts"}],"about":[{"href":"https:\/\/masquenoticias.mx\/index.php\/wp-json\/wp\/v2\/types\/post"}],"author":[{"embeddable":true,"href":"https:\/\/masquenoticias.mx\/index.php\/wp-json\/wp\/v2\/users\/1"}],"replies":[{"embeddable":true,"href":"https:\/\/masquenoticias.mx\/index.php\/wp-json\/wp\/v2\/comments?post=13417"}],"version-history":[{"count":1,"href":"https:\/\/masquenoticias.mx\/index.php\/wp-json\/wp\/v2\/posts\/13417\/revisions"}],"predecessor-version":[{"id":13419,"href":"https:\/\/masquenoticias.mx\/index.php\/wp-json\/wp\/v2\/posts\/13417\/revisions\/13419"}],"wp:featuredmedia":[{"embeddable":true,"href":"https:\/\/masquenoticias.mx\/index.php\/wp-json\/wp\/v2\/media\/13418"}],"wp:attachment":[{"href":"https:\/\/masquenoticias.mx\/index.php\/wp-json\/wp\/v2\/media?parent=13417"}],"wp:term":[{"taxonomy":"category","embeddable":true,"href":"https:\/\/masquenoticias.mx\/index.php\/wp-json\/wp\/v2\/categories?post=13417"},{"taxonomy":"post_tag","embeddable":true,"href":"https:\/\/masquenoticias.mx\/index.php\/wp-json\/wp\/v2\/tags?post=13417"}],"curies":[{"name":"wp","href":"https:\/\/api.w.org\/{rel}","templated":true}]}}