{"id":13324,"date":"2025-01-20T09:54:02","date_gmt":"2025-01-20T15:54:02","guid":{"rendered":"https:\/\/masquenoticias.mx\/?p=13324"},"modified":"2025-01-20T09:54:02","modified_gmt":"2025-01-20T15:54:02","slug":"salud-colima-continua-la-fumigacion-contra-el-dengue-en-el-estado","status":"publish","type":"post","link":"https:\/\/masquenoticias.mx\/index.php\/2025\/01\/20\/salud-colima-continua-la-fumigacion-contra-el-dengue-en-el-estado\/","title":{"rendered":"Salud Colima contin\u00faa la fumigaci\u00f3n contra el dengue en el estado"},"content":{"rendered":"\n<p><\/p>\n\n\n\n<p>Con el objetivo de disminuir la presencia del mosco transmisor y, por tanto, reducir el riesgo de que la poblaci\u00f3n enferme, la Secretar\u00eda de Salud del Gobierno del Estado de Colima informa que durante esta semana llevar\u00e1 a cabo los operativos de fumigaci\u00f3n contra el dengue, zika y chikungunya en los municipios de riesgo de la entidad.<\/p>\n\n\n\n<p>En esta ocasi\u00f3n se fumigar\u00e1 del lunes 20 al viernes 24 de enero en los municipios de Colima, Manzanillo y Villa de \u00c1lvarez, seg\u00fan el resultado de la lectura que reportaron las ovitrampas que est\u00e1n instaladas en el estado.<\/p>\n\n\n\n<p>Este lunes se nebuliza en las colonias Las Torres y Revoluci\u00f3n, del municipio capitalino, as\u00ed como en las colonias Terraplena, La Joya I, Deportiva y Paseo del Mar, en el municipio de Manzanillo.<\/p>\n\n\n\n<p>Para este martes 21 de enero se fumigar\u00e1 en la colonia La Virgencita (Colima) y en las mismas colonias de Manzanillo mencionadas anteriormente, donde se repetir\u00e1 la fumigaci\u00f3n.<\/p>\n\n\n\n<p>La dependencia estatal record\u00f3 que para conocer el calendario completo con el nombre de la colonia y\/o la localidad donde se llevar\u00e1n las rutas de nebulizaci\u00f3n, se debe ingresar al sitio en internet https:\/\/bit.ly\/nebulizacion-20ene24ene.<\/p>\n\n\n\n<p>Se exhorta a la poblaci\u00f3n a abrir puertas y ventanas de sus viviendas u oficinas al paso de la unidad fumigadora, as\u00ed como alejar del \u00e1rea de fumigaci\u00f3n a menores de edad y personas adultas mayores, adem\u00e1s de pasar a las mascotas al traspatio de la vivienda.<\/p>\n","protected":false},"excerpt":{"rendered":"<p>Con el objetivo de disminuir la presencia del mosco transmisor y, por tanto, reducir el riesgo de que la poblaci\u00f3n enferme, la Secretar\u00eda de Salud del Gobierno del Estado de Colima informa que durante esta semana llevar\u00e1 a cabo los operativos de fumigaci\u00f3n contra el dengue, zika y chikungunya en los municipios de riesgo de [&hellip;]<\/p>\n","protected":false},"author":1,"featured_media":13323,"comment_status":"closed","ping_status":"open","sticky":false,"template":"","format":"standard","meta":{"_jetpack_memberships_contains_paid_content":false,"footnotes":""},"categories":[28],"tags":[41,63],"class_list":["post-13324","post","type-post","status-publish","format-standard","has-post-thumbnail","hentry","category-municipios","tag-colima","tag-salud"],"yoast_head":"<!-- This site is optimized with the Yoast SEO plugin v26.6 - https:\/\/yoast.com\/wordpress\/plugins\/seo\/ -->\n<title>Salud Colima contin\u00faa la fumigaci\u00f3n contra el dengue en el estado - M\u00e1s Que Noticias<\/title>\n<meta name=\"robots\" content=\"index, follow, max-snippet:-1, max-image-preview:large, max-video-preview:-1\" \/>\n<link rel=\"canonical\" href=\"https:\/\/masquenoticias.mx\/index.php\/2025\/01\/20\/salud-colima-continua-la-fumigacion-contra-el-dengue-en-el-estado\/\" \/>\n<meta property=\"og:locale\" content=\"es_MX\" \/>\n<meta property=\"og:type\" content=\"article\" \/>\n<meta property=\"og:title\" content=\"Salud Colima contin\u00faa la fumigaci\u00f3n contra el dengue en el estado - M\u00e1s Que Noticias\" \/>\n<meta property=\"og:description\" content=\"Con el objetivo de disminuir la presencia del mosco transmisor y, por tanto, reducir el riesgo de que la poblaci\u00f3n enferme, la Secretar\u00eda de Salud del Gobierno del Estado de Colima informa que durante esta semana llevar\u00e1 a cabo los operativos de fumigaci\u00f3n contra el dengue, zika y chikungunya en los municipios de riesgo de [&hellip;]\" \/>\n<meta property=\"og:url\" content=\"https:\/\/masquenoticias.mx\/index.php\/2025\/01\/20\/salud-colima-continua-la-fumigacion-contra-el-dengue-en-el-estado\/\" \/>\n<meta property=\"og:site_name\" content=\"M\u00e1s Que Noticias\" \/>\n<meta property=\"article:publisher\" content=\"https:\/\/www.facebook.com\/masquenoticiascolima\" \/>\n<meta property=\"article:published_time\" content=\"2025-01-20T15:54:02+00:00\" \/>\n<meta property=\"og:image\" content=\"https:\/\/i0.wp.com\/masquenoticias.mx\/wp-content\/uploads\/2025\/01\/fc7c49c2-4daf-411b-8b84-6ebe404d1908-1.jpg?fit=1280%2C960&ssl=1\" \/>\n\t<meta property=\"og:image:width\" content=\"1280\" \/>\n\t<meta property=\"og:image:height\" content=\"960\" \/>\n\t<meta property=\"og:image:type\" content=\"image\/jpeg\" \/>\n<meta name=\"author\" content=\"Redacci\u00f3n\" \/>\n<meta name=\"twitter:card\" content=\"summary_large_image\" \/>\n<meta name=\"twitter:creator\" content=\"@edgartove\" \/>\n<meta name=\"twitter:site\" content=\"@edgartove\" \/>\n<meta name=\"twitter:label1\" content=\"Escrito por\" \/>\n\t<meta name=\"twitter:data1\" content=\"Redacci\u00f3n\" \/>\n\t<meta name=\"twitter:label2\" content=\"Tiempo de lectura\" \/>\n\t<meta name=\"twitter:data2\" content=\"1 minuto\" \/>\n<script type=\"application\/ld+json\" class=\"yoast-schema-graph\">{\"@context\":\"https:\/\/schema.org\",\"@graph\":[{\"@type\":\"Article\",\"@id\":\"https:\/\/masquenoticias.mx\/index.php\/2025\/01\/20\/salud-colima-continua-la-fumigacion-contra-el-dengue-en-el-estado\/#article\",\"isPartOf\":{\"@id\":\"https:\/\/masquenoticias.mx\/index.php\/2025\/01\/20\/salud-colima-continua-la-fumigacion-contra-el-dengue-en-el-estado\/\"},\"author\":{\"name\":\"Redacci\u00f3n\",\"@id\":\"https:\/\/masquenoticias.mx\/#\/schema\/person\/544d19989ef23d34615f691f7a96e622\"},\"headline\":\"Salud Colima contin\u00faa la fumigaci\u00f3n contra el dengue en el estado\",\"datePublished\":\"2025-01-20T15:54:02+00:00\",\"mainEntityOfPage\":{\"@id\":\"https:\/\/masquenoticias.mx\/index.php\/2025\/01\/20\/salud-colima-continua-la-fumigacion-contra-el-dengue-en-el-estado\/\"},\"wordCount\":267,\"publisher\":{\"@id\":\"https:\/\/masquenoticias.mx\/#organization\"},\"image\":{\"@id\":\"https:\/\/masquenoticias.mx\/index.php\/2025\/01\/20\/salud-colima-continua-la-fumigacion-contra-el-dengue-en-el-estado\/#primaryimage\"},\"thumbnailUrl\":\"https:\/\/i0.wp.com\/masquenoticias.mx\/wp-content\/uploads\/2025\/01\/fc7c49c2-4daf-411b-8b84-6ebe404d1908-1.jpg?fit=1280%2C960&ssl=1\",\"keywords\":[\"Colima\",\"Salud\"],\"articleSection\":[\"Municipios\"],\"inLanguage\":\"es\"},{\"@type\":\"WebPage\",\"@id\":\"https:\/\/masquenoticias.mx\/index.php\/2025\/01\/20\/salud-colima-continua-la-fumigacion-contra-el-dengue-en-el-estado\/\",\"url\":\"https:\/\/masquenoticias.mx\/index.php\/2025\/01\/20\/salud-colima-continua-la-fumigacion-contra-el-dengue-en-el-estado\/\",\"name\":\"Salud Colima contin\u00faa la fumigaci\u00f3n contra el dengue en el estado - M\u00e1s Que Noticias\",\"isPartOf\":{\"@id\":\"https:\/\/masquenoticias.mx\/#website\"},\"primaryImageOfPage\":{\"@id\":\"https:\/\/masquenoticias.mx\/index.php\/2025\/01\/20\/salud-colima-continua-la-fumigacion-contra-el-dengue-en-el-estado\/#primaryimage\"},\"image\":{\"@id\":\"https:\/\/masquenoticias.mx\/index.php\/2025\/01\/20\/salud-colima-continua-la-fumigacion-contra-el-dengue-en-el-estado\/#primaryimage\"},\"thumbnailUrl\":\"https:\/\/i0.wp.com\/masquenoticias.mx\/wp-content\/uploads\/2025\/01\/fc7c49c2-4daf-411b-8b84-6ebe404d1908-1.jpg?fit=1280%2C960&ssl=1\",\"datePublished\":\"2025-01-20T15:54:02+00:00\",\"breadcrumb\":{\"@id\":\"https:\/\/masquenoticias.mx\/index.php\/2025\/01\/20\/salud-colima-continua-la-fumigacion-contra-el-dengue-en-el-estado\/#breadcrumb\"},\"inLanguage\":\"es\",\"potentialAction\":[{\"@type\":\"ReadAction\",\"target\":[\"https:\/\/masquenoticias.mx\/index.php\/2025\/01\/20\/salud-colima-continua-la-fumigacion-contra-el-dengue-en-el-estado\/\"]}]},{\"@type\":\"ImageObject\",\"inLanguage\":\"es\",\"@id\":\"https:\/\/masquenoticias.mx\/index.php\/2025\/01\/20\/salud-colima-continua-la-fumigacion-contra-el-dengue-en-el-estado\/#primaryimage\",\"url\":\"https:\/\/i0.wp.com\/masquenoticias.mx\/wp-content\/uploads\/2025\/01\/fc7c49c2-4daf-411b-8b84-6ebe404d1908-1.jpg?fit=1280%2C960&ssl=1\",\"contentUrl\":\"https:\/\/i0.wp.com\/masquenoticias.mx\/wp-content\/uploads\/2025\/01\/fc7c49c2-4daf-411b-8b84-6ebe404d1908-1.jpg?fit=1280%2C960&ssl=1\",\"width\":1280,\"height\":960},{\"@type\":\"BreadcrumbList\",\"@id\":\"https:\/\/masquenoticias.mx\/index.php\/2025\/01\/20\/salud-colima-continua-la-fumigacion-contra-el-dengue-en-el-estado\/#breadcrumb\",\"itemListElement\":[{\"@type\":\"ListItem\",\"position\":1,\"name\":\"Inicio\",\"item\":\"https:\/\/masquenoticias.mx\/\"},{\"@type\":\"ListItem\",\"position\":2,\"name\":\"Salud Colima contin\u00faa la fumigaci\u00f3n contra el dengue en el estado\"}]},{\"@type\":\"WebSite\",\"@id\":\"https:\/\/masquenoticias.mx\/#website\",\"url\":\"https:\/\/masquenoticias.mx\/\",\"name\":\"M\u00e1s Que Noticias\",\"description\":\"Noticias de Colima, M\u00e9xico y el Mundo\",\"publisher\":{\"@id\":\"https:\/\/masquenoticias.mx\/#organization\"},\"potentialAction\":[{\"@type\":\"SearchAction\",\"target\":{\"@type\":\"EntryPoint\",\"urlTemplate\":\"https:\/\/masquenoticias.mx\/?s={search_term_string}\"},\"query-input\":{\"@type\":\"PropertyValueSpecification\",\"valueRequired\":true,\"valueName\":\"search_term_string\"}}],\"inLanguage\":\"es\"},{\"@type\":\"Organization\",\"@id\":\"https:\/\/masquenoticias.mx\/#organization\",\"name\":\"M\u00e1s Que Noticias\",\"url\":\"https:\/\/masquenoticias.mx\/\",\"logo\":{\"@type\":\"ImageObject\",\"inLanguage\":\"es\",\"@id\":\"https:\/\/masquenoticias.mx\/#\/schema\/logo\/image\/\",\"url\":\"https:\/\/i0.wp.com\/masquenoticias.mx\/wp-content\/uploads\/2024\/04\/IMG_0004.png?fit=2560%2C1656&ssl=1\",\"contentUrl\":\"https:\/\/i0.wp.com\/masquenoticias.mx\/wp-content\/uploads\/2024\/04\/IMG_0004.png?fit=2560%2C1656&ssl=1\",\"width\":2560,\"height\":1656,\"caption\":\"M\u00e1s Que Noticias\"},\"image\":{\"@id\":\"https:\/\/masquenoticias.mx\/#\/schema\/logo\/image\/\"},\"sameAs\":[\"https:\/\/www.facebook.com\/masquenoticiascolima\",\"https:\/\/x.com\/edgartove\",\"https:\/\/www.instagram.com\/masquenoticiascolima\/\"]},{\"@type\":\"Person\",\"@id\":\"https:\/\/masquenoticias.mx\/#\/schema\/person\/544d19989ef23d34615f691f7a96e622\",\"name\":\"Redacci\u00f3n\",\"image\":{\"@type\":\"ImageObject\",\"inLanguage\":\"es\",\"@id\":\"https:\/\/masquenoticias.mx\/#\/schema\/person\/image\/\",\"url\":\"https:\/\/secure.gravatar.com\/avatar\/7fcc926d5b058d3f3d52d95b4d05dd58?s=96&d=mm&r=g\",\"contentUrl\":\"https:\/\/secure.gravatar.com\/avatar\/7fcc926d5b058d3f3d52d95b4d05dd58?s=96&d=mm&r=g\",\"caption\":\"Redacci\u00f3n\"},\"sameAs\":[\"http:\/\/masquenoticias.mx\"],\"url\":\"https:\/\/masquenoticias.mx\/index.php\/author\/edgartovegmail-com\/\"}]}<\/script>\n<!-- \/ Yoast SEO plugin. -->","yoast_head_json":{"title":"Salud Colima contin\u00faa la fumigaci\u00f3n contra el dengue en el estado - M\u00e1s Que Noticias","robots":{"index":"index","follow":"follow","max-snippet":"max-snippet:-1","max-image-preview":"max-image-preview:large","max-video-preview":"max-video-preview:-1"},"canonical":"https:\/\/masquenoticias.mx\/index.php\/2025\/01\/20\/salud-colima-continua-la-fumigacion-contra-el-dengue-en-el-estado\/","og_locale":"es_MX","og_type":"article","og_title":"Salud Colima contin\u00faa la fumigaci\u00f3n contra el dengue en el estado - M\u00e1s Que Noticias","og_description":"Con el objetivo de disminuir la presencia del mosco transmisor y, por tanto, reducir el riesgo de que la poblaci\u00f3n enferme, la Secretar\u00eda de Salud del Gobierno del Estado de Colima informa que durante esta semana llevar\u00e1 a cabo los operativos de fumigaci\u00f3n contra el dengue, zika y chikungunya en los municipios de riesgo de [&hellip;]","og_url":"https:\/\/masquenoticias.mx\/index.php\/2025\/01\/20\/salud-colima-continua-la-fumigacion-contra-el-dengue-en-el-estado\/","og_site_name":"M\u00e1s Que Noticias","article_publisher":"https:\/\/www.facebook.com\/masquenoticiascolima","article_published_time":"2025-01-20T15:54:02+00:00","og_image":[{"width":1280,"height":960,"url":"https:\/\/i0.wp.com\/masquenoticias.mx\/wp-content\/uploads\/2025\/01\/fc7c49c2-4daf-411b-8b84-6ebe404d1908-1.jpg?fit=1280%2C960&ssl=1","type":"image\/jpeg"}],"author":"Redacci\u00f3n","twitter_card":"summary_large_image","twitter_creator":"@edgartove","twitter_site":"@edgartove","twitter_misc":{"Escrito por":"Redacci\u00f3n","Tiempo de lectura":"1 minuto"},"schema":{"@context":"https:\/\/schema.org","@graph":[{"@type":"Article","@id":"https:\/\/masquenoticias.mx\/index.php\/2025\/01\/20\/salud-colima-continua-la-fumigacion-contra-el-dengue-en-el-estado\/#article","isPartOf":{"@id":"https:\/\/masquenoticias.mx\/index.php\/2025\/01\/20\/salud-colima-continua-la-fumigacion-contra-el-dengue-en-el-estado\/"},"author":{"name":"Redacci\u00f3n","@id":"https:\/\/masquenoticias.mx\/#\/schema\/person\/544d19989ef23d34615f691f7a96e622"},"headline":"Salud Colima contin\u00faa la fumigaci\u00f3n contra el dengue en el estado","datePublished":"2025-01-20T15:54:02+00:00","mainEntityOfPage":{"@id":"https:\/\/masquenoticias.mx\/index.php\/2025\/01\/20\/salud-colima-continua-la-fumigacion-contra-el-dengue-en-el-estado\/"},"wordCount":267,"publisher":{"@id":"https:\/\/masquenoticias.mx\/#organization"},"image":{"@id":"https:\/\/masquenoticias.mx\/index.php\/2025\/01\/20\/salud-colima-continua-la-fumigacion-contra-el-dengue-en-el-estado\/#primaryimage"},"thumbnailUrl":"https:\/\/i0.wp.com\/masquenoticias.mx\/wp-content\/uploads\/2025\/01\/fc7c49c2-4daf-411b-8b84-6ebe404d1908-1.jpg?fit=1280%2C960&ssl=1","keywords":["Colima","Salud"],"articleSection":["Municipios"],"inLanguage":"es"},{"@type":"WebPage","@id":"https:\/\/masquenoticias.mx\/index.php\/2025\/01\/20\/salud-colima-continua-la-fumigacion-contra-el-dengue-en-el-estado\/","url":"https:\/\/masquenoticias.mx\/index.php\/2025\/01\/20\/salud-colima-continua-la-fumigacion-contra-el-dengue-en-el-estado\/","name":"Salud Colima contin\u00faa la fumigaci\u00f3n contra el dengue en el estado - M\u00e1s Que Noticias","isPartOf":{"@id":"https:\/\/masquenoticias.mx\/#website"},"primaryImageOfPage":{"@id":"https:\/\/masquenoticias.mx\/index.php\/2025\/01\/20\/salud-colima-continua-la-fumigacion-contra-el-dengue-en-el-estado\/#primaryimage"},"image":{"@id":"https:\/\/masquenoticias.mx\/index.php\/2025\/01\/20\/salud-colima-continua-la-fumigacion-contra-el-dengue-en-el-estado\/#primaryimage"},"thumbnailUrl":"https:\/\/i0.wp.com\/masquenoticias.mx\/wp-content\/uploads\/2025\/01\/fc7c49c2-4daf-411b-8b84-6ebe404d1908-1.jpg?fit=1280%2C960&ssl=1","datePublished":"2025-01-20T15:54:02+00:00","breadcrumb":{"@id":"https:\/\/masquenoticias.mx\/index.php\/2025\/01\/20\/salud-colima-continua-la-fumigacion-contra-el-dengue-en-el-estado\/#breadcrumb"},"inLanguage":"es","potentialAction":[{"@type":"ReadAction","target":["https:\/\/masquenoticias.mx\/index.php\/2025\/01\/20\/salud-colima-continua-la-fumigacion-contra-el-dengue-en-el-estado\/"]}]},{"@type":"ImageObject","inLanguage":"es","@id":"https:\/\/masquenoticias.mx\/index.php\/2025\/01\/20\/salud-colima-continua-la-fumigacion-contra-el-dengue-en-el-estado\/#primaryimage","url":"https:\/\/i0.wp.com\/masquenoticias.mx\/wp-content\/uploads\/2025\/01\/fc7c49c2-4daf-411b-8b84-6ebe404d1908-1.jpg?fit=1280%2C960&ssl=1","contentUrl":"https:\/\/i0.wp.com\/masquenoticias.mx\/wp-content\/uploads\/2025\/01\/fc7c49c2-4daf-411b-8b84-6ebe404d1908-1.jpg?fit=1280%2C960&ssl=1","width":1280,"height":960},{"@type":"BreadcrumbList","@id":"https:\/\/masquenoticias.mx\/index.php\/2025\/01\/20\/salud-colima-continua-la-fumigacion-contra-el-dengue-en-el-estado\/#breadcrumb","itemListElement":[{"@type":"ListItem","position":1,"name":"Inicio","item":"https:\/\/masquenoticias.mx\/"},{"@type":"ListItem","position":2,"name":"Salud Colima contin\u00faa la fumigaci\u00f3n contra el dengue en el estado"}]},{"@type":"WebSite","@id":"https:\/\/masquenoticias.mx\/#website","url":"https:\/\/masquenoticias.mx\/","name":"M\u00e1s Que Noticias","description":"Noticias de Colima, M\u00e9xico y el Mundo","publisher":{"@id":"https:\/\/masquenoticias.mx\/#organization"},"potentialAction":[{"@type":"SearchAction","target":{"@type":"EntryPoint","urlTemplate":"https:\/\/masquenoticias.mx\/?s={search_term_string}"},"query-input":{"@type":"PropertyValueSpecification","valueRequired":true,"valueName":"search_term_string"}}],"inLanguage":"es"},{"@type":"Organization","@id":"https:\/\/masquenoticias.mx\/#organization","name":"M\u00e1s Que Noticias","url":"https:\/\/masquenoticias.mx\/","logo":{"@type":"ImageObject","inLanguage":"es","@id":"https:\/\/masquenoticias.mx\/#\/schema\/logo\/image\/","url":"https:\/\/i0.wp.com\/masquenoticias.mx\/wp-content\/uploads\/2024\/04\/IMG_0004.png?fit=2560%2C1656&ssl=1","contentUrl":"https:\/\/i0.wp.com\/masquenoticias.mx\/wp-content\/uploads\/2024\/04\/IMG_0004.png?fit=2560%2C1656&ssl=1","width":2560,"height":1656,"caption":"M\u00e1s Que Noticias"},"image":{"@id":"https:\/\/masquenoticias.mx\/#\/schema\/logo\/image\/"},"sameAs":["https:\/\/www.facebook.com\/masquenoticiascolima","https:\/\/x.com\/edgartove","https:\/\/www.instagram.com\/masquenoticiascolima\/"]},{"@type":"Person","@id":"https:\/\/masquenoticias.mx\/#\/schema\/person\/544d19989ef23d34615f691f7a96e622","name":"Redacci\u00f3n","image":{"@type":"ImageObject","inLanguage":"es","@id":"https:\/\/masquenoticias.mx\/#\/schema\/person\/image\/","url":"https:\/\/secure.gravatar.com\/avatar\/7fcc926d5b058d3f3d52d95b4d05dd58?s=96&d=mm&r=g","contentUrl":"https:\/\/secure.gravatar.com\/avatar\/7fcc926d5b058d3f3d52d95b4d05dd58?s=96&d=mm&r=g","caption":"Redacci\u00f3n"},"sameAs":["http:\/\/masquenoticias.mx"],"url":"https:\/\/masquenoticias.mx\/index.php\/author\/edgartovegmail-com\/"}]}},"jetpack_featured_media_url":"https:\/\/i0.wp.com\/masquenoticias.mx\/wp-content\/uploads\/2025\/01\/fc7c49c2-4daf-411b-8b84-6ebe404d1908-1.jpg?fit=1280%2C960&ssl=1","blog_post_layout_featured_media_urls":{"thumbnail":["https:\/\/i0.wp.com\/masquenoticias.mx\/wp-content\/uploads\/2025\/01\/fc7c49c2-4daf-411b-8b84-6ebe404d1908-1.jpg?resize=150%2C150&ssl=1",150,150,true],"full":["https:\/\/i0.wp.com\/masquenoticias.mx\/wp-content\/uploads\/2025\/01\/fc7c49c2-4daf-411b-8b84-6ebe404d1908-1.jpg?fit=1280%2C960&ssl=1",1280,960,false]},"categories_names":{"28":{"name":"Municipios","link":"https:\/\/masquenoticias.mx\/index.php\/category\/municipios\/"}},"tags_names":{"41":{"name":"Colima","link":"https:\/\/masquenoticias.mx\/index.php\/tag\/colima\/"},"63":{"name":"Salud","link":"https:\/\/masquenoticias.mx\/index.php\/tag\/salud\/"}},"comments_number":"0","wpmagazine_modules_lite_featured_media_urls":{"thumbnail":["https:\/\/i0.wp.com\/masquenoticias.mx\/wp-content\/uploads\/2025\/01\/fc7c49c2-4daf-411b-8b84-6ebe404d1908-1.jpg?resize=150%2C150&ssl=1",150,150,true],"cvmm-medium":["https:\/\/i0.wp.com\/masquenoticias.mx\/wp-content\/uploads\/2025\/01\/fc7c49c2-4daf-411b-8b84-6ebe404d1908-1.jpg?resize=300%2C300&ssl=1",300,300,true],"cvmm-medium-plus":["https:\/\/i0.wp.com\/masquenoticias.mx\/wp-content\/uploads\/2025\/01\/fc7c49c2-4daf-411b-8b84-6ebe404d1908-1.jpg?resize=305%2C207&ssl=1",305,207,true],"cvmm-portrait":["https:\/\/i0.wp.com\/masquenoticias.mx\/wp-content\/uploads\/2025\/01\/fc7c49c2-4daf-411b-8b84-6ebe404d1908-1.jpg?resize=400%2C600&ssl=1",400,600,true],"cvmm-medium-square":["https:\/\/i0.wp.com\/masquenoticias.mx\/wp-content\/uploads\/2025\/01\/fc7c49c2-4daf-411b-8b84-6ebe404d1908-1.jpg?resize=600%2C600&ssl=1",600,600,true],"cvmm-large":["https:\/\/i0.wp.com\/masquenoticias.mx\/wp-content\/uploads\/2025\/01\/fc7c49c2-4daf-411b-8b84-6ebe404d1908-1.jpg?resize=1024%2C960&ssl=1",1024,960,true],"cvmm-small":["https:\/\/i0.wp.com\/masquenoticias.mx\/wp-content\/uploads\/2025\/01\/fc7c49c2-4daf-411b-8b84-6ebe404d1908-1.jpg?resize=130%2C95&ssl=1",130,95,true],"full":["https:\/\/i0.wp.com\/masquenoticias.mx\/wp-content\/uploads\/2025\/01\/fc7c49c2-4daf-411b-8b84-6ebe404d1908-1.jpg?fit=1280%2C960&ssl=1",1280,960,false]},"jetpack-related-posts":[],"jetpack_sharing_enabled":true,"jetpack_likes_enabled":true,"jetpack_shortlink":"https:\/\/wp.me\/pf7pkt-3sU","_links":{"self":[{"href":"https:\/\/masquenoticias.mx\/index.php\/wp-json\/wp\/v2\/posts\/13324","targetHints":{"allow":["GET"]}}],"collection":[{"href":"https:\/\/masquenoticias.mx\/index.php\/wp-json\/wp\/v2\/posts"}],"about":[{"href":"https:\/\/masquenoticias.mx\/index.php\/wp-json\/wp\/v2\/types\/post"}],"author":[{"embeddable":true,"href":"https:\/\/masquenoticias.mx\/index.php\/wp-json\/wp\/v2\/users\/1"}],"replies":[{"embeddable":true,"href":"https:\/\/masquenoticias.mx\/index.php\/wp-json\/wp\/v2\/comments?post=13324"}],"version-history":[{"count":1,"href":"https:\/\/masquenoticias.mx\/index.php\/wp-json\/wp\/v2\/posts\/13324\/revisions"}],"predecessor-version":[{"id":13325,"href":"https:\/\/masquenoticias.mx\/index.php\/wp-json\/wp\/v2\/posts\/13324\/revisions\/13325"}],"wp:featuredmedia":[{"embeddable":true,"href":"https:\/\/masquenoticias.mx\/index.php\/wp-json\/wp\/v2\/media\/13323"}],"wp:attachment":[{"href":"https:\/\/masquenoticias.mx\/index.php\/wp-json\/wp\/v2\/media?parent=13324"}],"wp:term":[{"taxonomy":"category","embeddable":true,"href":"https:\/\/masquenoticias.mx\/index.php\/wp-json\/wp\/v2\/categories?post=13324"},{"taxonomy":"post_tag","embeddable":true,"href":"https:\/\/masquenoticias.mx\/index.php\/wp-json\/wp\/v2\/tags?post=13324"}],"curies":[{"name":"wp","href":"https:\/\/api.w.org\/{rel}","templated":true}]}}