{"id":12370,"date":"2024-12-04T15:38:23","date_gmt":"2024-12-04T21:38:23","guid":{"rendered":"https:\/\/masquenoticias.mx\/?p=12370"},"modified":"2024-12-04T15:38:23","modified_gmt":"2024-12-04T21:38:23","slug":"gobernadora-asiste-a-la-jornada-latinoamericana-de-donacion-altruista-de-sangre","status":"publish","type":"post","link":"https:\/\/masquenoticias.mx\/index.php\/2024\/12\/04\/gobernadora-asiste-a-la-jornada-latinoamericana-de-donacion-altruista-de-sangre\/","title":{"rendered":"Gobernadora asiste a la Jornada Latinoamericana de Donaci\u00f3n Altruista de Sangre"},"content":{"rendered":"<p>Muy temprano este mi\u00e9rcoles, la gobernadora Indira Vizca\u00edno Silva asisti\u00f3 a la IV Jornada Latinoamericana de Donaci\u00f3n Altruista de Sangre, en el Centro de Convenciones de Colima, donde se\u00f1al\u00f3 que el objetivo de su administraci\u00f3n es ser autosuficientes para quien necesite este proceso.<\/p>\n<p>&#8220;Nuestro objetivo es ser autosuficientes, que lleguemos al punto, en que cualquiera que vaya a necesitar alguna atenci\u00f3n m\u00e9dica y que requiera sangre, no tenga que andar buscando personas donadoras en ese momento con toda la preocupaci\u00f3n que adem\u00e1s carga por la propia enfermedad o proceso quir\u00fargico por el que pasa&#8221;, a\u00f1adi\u00f3.<\/p>\n<p>La mandataria estatal explic\u00f3 que, para llegar a esa situaci\u00f3n, se necesita que haya muchas personas donadoras altruistas, que las mujeres tengan la costumbre de estarlo haciendo cada cuatro meses y los hombres cada tres meses: &#8220;ojal\u00e1 se nos vaya haciendo costumbre (&#8230;) que lo asumamos como parte de nuestro d\u00eda a d\u00eda y del compromiso que podamos tener para entregarle un poquito de nosotras y nosotros a la sociedad&#8221;.<\/p>\n<p>Indira Vizca\u00edno agreg\u00f3 que se han incrementado las campa\u00f1as de donaci\u00f3n de sangre, llegando a m\u00e1s del triple por a\u00f1o, lo que ha permitido subir el porcentaje a nivel nacional, siendo Colima uno de los estados que m\u00e1s donaci\u00f3n altruista est\u00e1 recibiendo por parte de la poblaci\u00f3n.<\/p>\n<p>Sigi Pablo Pineda, presidente de la organizaci\u00f3n Donadores Compulsivos, manifest\u00f3 que las campa\u00f1as externas de donaci\u00f3n han aumentado; mientras en el sexenio pasado se realizaban 8 al a\u00f1o, ahora se hacen dos o tres por mes; es decir, m\u00e1s del triple; &#8220;con esto ha crecido la donaci\u00f3n altruista, todav\u00eda no es suficiente, pero vamos por buenos pasos&#8221;.<\/p>\n<p>Record\u00f3 que el 14 de junio se inform\u00f3 que ning\u00fan paciente de cancerolog\u00eda necesita preocuparse por tener que llevar donadores, por lo que invita a seguir donando; &#8220;porque si no donamos, ya no va a ser posible que los pacientes con c\u00e1ncer tengan este apoyo. Se trata de que m\u00e1s gente tenga apoyo y para eso vamos a seguir uniendo esfuerzos con Gobierno de Colima para seguir aumentando la donaci\u00f3n&#8221;.<\/p>\n","protected":false},"excerpt":{"rendered":"<p>Muy temprano este mi\u00e9rcoles, la gobernadora Indira Vizca\u00edno Silva asisti\u00f3 a la IV Jornada Latinoamericana de Donaci\u00f3n Altruista de Sangre, en el Centro de Convenciones de Colima, donde se\u00f1al\u00f3 que el objetivo de su administraci\u00f3n es ser autosuficientes para quien necesite este proceso. &#8220;Nuestro objetivo es ser autosuficientes, que lleguemos al punto, en que cualquiera [&hellip;]<\/p>\n","protected":false},"author":1,"featured_media":12371,"comment_status":"open","ping_status":"open","sticky":false,"template":"","format":"standard","meta":{"_jetpack_memberships_contains_paid_content":false,"footnotes":""},"categories":[24],"tags":[250,26],"class_list":["post-12370","post","type-post","status-publish","format-standard","has-post-thumbnail","hentry","category-estado","tag-donadores-compulsivos","tag-indira-vizcaino"],"yoast_head":"<!-- This site is optimized with the Yoast SEO plugin v26.6 - https:\/\/yoast.com\/wordpress\/plugins\/seo\/ -->\n<title>Gobernadora asiste a la Jornada Latinoamericana de Donaci\u00f3n Altruista de Sangre - M\u00e1s Que Noticias<\/title>\n<meta name=\"robots\" content=\"index, follow, max-snippet:-1, max-image-preview:large, max-video-preview:-1\" \/>\n<link rel=\"canonical\" href=\"https:\/\/masquenoticias.mx\/index.php\/2024\/12\/04\/gobernadora-asiste-a-la-jornada-latinoamericana-de-donacion-altruista-de-sangre\/\" \/>\n<meta property=\"og:locale\" content=\"es_MX\" \/>\n<meta property=\"og:type\" content=\"article\" \/>\n<meta property=\"og:title\" content=\"Gobernadora asiste a la Jornada Latinoamericana de Donaci\u00f3n Altruista de Sangre - M\u00e1s Que Noticias\" \/>\n<meta property=\"og:description\" content=\"Muy temprano este mi\u00e9rcoles, la gobernadora Indira Vizca\u00edno Silva asisti\u00f3 a la IV Jornada Latinoamericana de Donaci\u00f3n Altruista de Sangre, en el Centro de Convenciones de Colima, donde se\u00f1al\u00f3 que el objetivo de su administraci\u00f3n es ser autosuficientes para quien necesite este proceso. &#8220;Nuestro objetivo es ser autosuficientes, que lleguemos al punto, en que cualquiera [&hellip;]\" \/>\n<meta property=\"og:url\" content=\"https:\/\/masquenoticias.mx\/index.php\/2024\/12\/04\/gobernadora-asiste-a-la-jornada-latinoamericana-de-donacion-altruista-de-sangre\/\" \/>\n<meta property=\"og:site_name\" content=\"M\u00e1s Que Noticias\" \/>\n<meta property=\"article:publisher\" content=\"https:\/\/www.facebook.com\/masquenoticiascolima\" \/>\n<meta property=\"article:published_time\" content=\"2024-12-04T21:38:23+00:00\" \/>\n<meta property=\"og:image\" content=\"https:\/\/masquenoticias.mx\/wp-content\/uploads\/2024\/12\/WhatsApp-Image-2024-12-04-at-9.53.33-AM.jpeg\" \/>\n\t<meta property=\"og:image:width\" content=\"1280\" \/>\n\t<meta property=\"og:image:height\" content=\"853\" \/>\n\t<meta property=\"og:image:type\" content=\"image\/jpeg\" \/>\n<meta name=\"author\" content=\"Redacci\u00f3n\" \/>\n<meta name=\"twitter:card\" content=\"summary_large_image\" \/>\n<meta name=\"twitter:creator\" content=\"@edgartove\" \/>\n<meta name=\"twitter:site\" content=\"@edgartove\" \/>\n<meta name=\"twitter:label1\" content=\"Escrito por\" \/>\n\t<meta name=\"twitter:data1\" content=\"Redacci\u00f3n\" \/>\n\t<meta name=\"twitter:label2\" content=\"Tiempo de lectura\" \/>\n\t<meta name=\"twitter:data2\" content=\"2 minutos\" \/>\n<script type=\"application\/ld+json\" class=\"yoast-schema-graph\">{\"@context\":\"https:\/\/schema.org\",\"@graph\":[{\"@type\":\"Article\",\"@id\":\"https:\/\/masquenoticias.mx\/index.php\/2024\/12\/04\/gobernadora-asiste-a-la-jornada-latinoamericana-de-donacion-altruista-de-sangre\/#article\",\"isPartOf\":{\"@id\":\"https:\/\/masquenoticias.mx\/index.php\/2024\/12\/04\/gobernadora-asiste-a-la-jornada-latinoamericana-de-donacion-altruista-de-sangre\/\"},\"author\":{\"name\":\"Redacci\u00f3n\",\"@id\":\"https:\/\/masquenoticias.mx\/#\/schema\/person\/544d19989ef23d34615f691f7a96e622\"},\"headline\":\"Gobernadora asiste a la Jornada Latinoamericana de Donaci\u00f3n Altruista de Sangre\",\"datePublished\":\"2024-12-04T21:38:23+00:00\",\"mainEntityOfPage\":{\"@id\":\"https:\/\/masquenoticias.mx\/index.php\/2024\/12\/04\/gobernadora-asiste-a-la-jornada-latinoamericana-de-donacion-altruista-de-sangre\/\"},\"wordCount\":382,\"commentCount\":0,\"publisher\":{\"@id\":\"https:\/\/masquenoticias.mx\/#organization\"},\"image\":{\"@id\":\"https:\/\/masquenoticias.mx\/index.php\/2024\/12\/04\/gobernadora-asiste-a-la-jornada-latinoamericana-de-donacion-altruista-de-sangre\/#primaryimage\"},\"thumbnailUrl\":\"https:\/\/i0.wp.com\/masquenoticias.mx\/wp-content\/uploads\/2024\/12\/WhatsApp-Image-2024-12-04-at-9.53.33-AM.jpeg?fit=1280%2C853&ssl=1\",\"keywords\":[\"Donadores compulsivos\",\"Indira Vizca\u00edno\"],\"articleSection\":[\"Estado\"],\"inLanguage\":\"es\",\"potentialAction\":[{\"@type\":\"CommentAction\",\"name\":\"Comment\",\"target\":[\"https:\/\/masquenoticias.mx\/index.php\/2024\/12\/04\/gobernadora-asiste-a-la-jornada-latinoamericana-de-donacion-altruista-de-sangre\/#respond\"]}]},{\"@type\":\"WebPage\",\"@id\":\"https:\/\/masquenoticias.mx\/index.php\/2024\/12\/04\/gobernadora-asiste-a-la-jornada-latinoamericana-de-donacion-altruista-de-sangre\/\",\"url\":\"https:\/\/masquenoticias.mx\/index.php\/2024\/12\/04\/gobernadora-asiste-a-la-jornada-latinoamericana-de-donacion-altruista-de-sangre\/\",\"name\":\"Gobernadora asiste a la Jornada Latinoamericana de Donaci\u00f3n Altruista de Sangre - M\u00e1s Que Noticias\",\"isPartOf\":{\"@id\":\"https:\/\/masquenoticias.mx\/#website\"},\"primaryImageOfPage\":{\"@id\":\"https:\/\/masquenoticias.mx\/index.php\/2024\/12\/04\/gobernadora-asiste-a-la-jornada-latinoamericana-de-donacion-altruista-de-sangre\/#primaryimage\"},\"image\":{\"@id\":\"https:\/\/masquenoticias.mx\/index.php\/2024\/12\/04\/gobernadora-asiste-a-la-jornada-latinoamericana-de-donacion-altruista-de-sangre\/#primaryimage\"},\"thumbnailUrl\":\"https:\/\/i0.wp.com\/masquenoticias.mx\/wp-content\/uploads\/2024\/12\/WhatsApp-Image-2024-12-04-at-9.53.33-AM.jpeg?fit=1280%2C853&ssl=1\",\"datePublished\":\"2024-12-04T21:38:23+00:00\",\"breadcrumb\":{\"@id\":\"https:\/\/masquenoticias.mx\/index.php\/2024\/12\/04\/gobernadora-asiste-a-la-jornada-latinoamericana-de-donacion-altruista-de-sangre\/#breadcrumb\"},\"inLanguage\":\"es\",\"potentialAction\":[{\"@type\":\"ReadAction\",\"target\":[\"https:\/\/masquenoticias.mx\/index.php\/2024\/12\/04\/gobernadora-asiste-a-la-jornada-latinoamericana-de-donacion-altruista-de-sangre\/\"]}]},{\"@type\":\"ImageObject\",\"inLanguage\":\"es\",\"@id\":\"https:\/\/masquenoticias.mx\/index.php\/2024\/12\/04\/gobernadora-asiste-a-la-jornada-latinoamericana-de-donacion-altruista-de-sangre\/#primaryimage\",\"url\":\"https:\/\/i0.wp.com\/masquenoticias.mx\/wp-content\/uploads\/2024\/12\/WhatsApp-Image-2024-12-04-at-9.53.33-AM.jpeg?fit=1280%2C853&ssl=1\",\"contentUrl\":\"https:\/\/i0.wp.com\/masquenoticias.mx\/wp-content\/uploads\/2024\/12\/WhatsApp-Image-2024-12-04-at-9.53.33-AM.jpeg?fit=1280%2C853&ssl=1\",\"width\":1280,\"height\":853},{\"@type\":\"BreadcrumbList\",\"@id\":\"https:\/\/masquenoticias.mx\/index.php\/2024\/12\/04\/gobernadora-asiste-a-la-jornada-latinoamericana-de-donacion-altruista-de-sangre\/#breadcrumb\",\"itemListElement\":[{\"@type\":\"ListItem\",\"position\":1,\"name\":\"Inicio\",\"item\":\"https:\/\/masquenoticias.mx\/\"},{\"@type\":\"ListItem\",\"position\":2,\"name\":\"Gobernadora asiste a la Jornada Latinoamericana de Donaci\u00f3n Altruista de Sangre\"}]},{\"@type\":\"WebSite\",\"@id\":\"https:\/\/masquenoticias.mx\/#website\",\"url\":\"https:\/\/masquenoticias.mx\/\",\"name\":\"M\u00e1s Que Noticias\",\"description\":\"Noticias de Colima, M\u00e9xico y el Mundo\",\"publisher\":{\"@id\":\"https:\/\/masquenoticias.mx\/#organization\"},\"potentialAction\":[{\"@type\":\"SearchAction\",\"target\":{\"@type\":\"EntryPoint\",\"urlTemplate\":\"https:\/\/masquenoticias.mx\/?s={search_term_string}\"},\"query-input\":{\"@type\":\"PropertyValueSpecification\",\"valueRequired\":true,\"valueName\":\"search_term_string\"}}],\"inLanguage\":\"es\"},{\"@type\":\"Organization\",\"@id\":\"https:\/\/masquenoticias.mx\/#organization\",\"name\":\"M\u00e1s Que Noticias\",\"url\":\"https:\/\/masquenoticias.mx\/\",\"logo\":{\"@type\":\"ImageObject\",\"inLanguage\":\"es\",\"@id\":\"https:\/\/masquenoticias.mx\/#\/schema\/logo\/image\/\",\"url\":\"https:\/\/i0.wp.com\/masquenoticias.mx\/wp-content\/uploads\/2024\/04\/IMG_0004.png?fit=2560%2C1656&ssl=1\",\"contentUrl\":\"https:\/\/i0.wp.com\/masquenoticias.mx\/wp-content\/uploads\/2024\/04\/IMG_0004.png?fit=2560%2C1656&ssl=1\",\"width\":2560,\"height\":1656,\"caption\":\"M\u00e1s Que Noticias\"},\"image\":{\"@id\":\"https:\/\/masquenoticias.mx\/#\/schema\/logo\/image\/\"},\"sameAs\":[\"https:\/\/www.facebook.com\/masquenoticiascolima\",\"https:\/\/x.com\/edgartove\",\"https:\/\/www.instagram.com\/masquenoticiascolima\/\"]},{\"@type\":\"Person\",\"@id\":\"https:\/\/masquenoticias.mx\/#\/schema\/person\/544d19989ef23d34615f691f7a96e622\",\"name\":\"Redacci\u00f3n\",\"image\":{\"@type\":\"ImageObject\",\"inLanguage\":\"es\",\"@id\":\"https:\/\/masquenoticias.mx\/#\/schema\/person\/image\/\",\"url\":\"https:\/\/secure.gravatar.com\/avatar\/7fcc926d5b058d3f3d52d95b4d05dd58?s=96&d=mm&r=g\",\"contentUrl\":\"https:\/\/secure.gravatar.com\/avatar\/7fcc926d5b058d3f3d52d95b4d05dd58?s=96&d=mm&r=g\",\"caption\":\"Redacci\u00f3n\"},\"sameAs\":[\"http:\/\/masquenoticias.mx\"],\"url\":\"https:\/\/masquenoticias.mx\/index.php\/author\/edgartovegmail-com\/\"}]}<\/script>\n<!-- \/ Yoast SEO plugin. -->","yoast_head_json":{"title":"Gobernadora asiste a la Jornada Latinoamericana de Donaci\u00f3n Altruista de Sangre - M\u00e1s Que Noticias","robots":{"index":"index","follow":"follow","max-snippet":"max-snippet:-1","max-image-preview":"max-image-preview:large","max-video-preview":"max-video-preview:-1"},"canonical":"https:\/\/masquenoticias.mx\/index.php\/2024\/12\/04\/gobernadora-asiste-a-la-jornada-latinoamericana-de-donacion-altruista-de-sangre\/","og_locale":"es_MX","og_type":"article","og_title":"Gobernadora asiste a la Jornada Latinoamericana de Donaci\u00f3n Altruista de Sangre - M\u00e1s Que Noticias","og_description":"Muy temprano este mi\u00e9rcoles, la gobernadora Indira Vizca\u00edno Silva asisti\u00f3 a la IV Jornada Latinoamericana de Donaci\u00f3n Altruista de Sangre, en el Centro de Convenciones de Colima, donde se\u00f1al\u00f3 que el objetivo de su administraci\u00f3n es ser autosuficientes para quien necesite este proceso. &#8220;Nuestro objetivo es ser autosuficientes, que lleguemos al punto, en que cualquiera [&hellip;]","og_url":"https:\/\/masquenoticias.mx\/index.php\/2024\/12\/04\/gobernadora-asiste-a-la-jornada-latinoamericana-de-donacion-altruista-de-sangre\/","og_site_name":"M\u00e1s Que Noticias","article_publisher":"https:\/\/www.facebook.com\/masquenoticiascolima","article_published_time":"2024-12-04T21:38:23+00:00","og_image":[{"width":1280,"height":853,"url":"https:\/\/masquenoticias.mx\/wp-content\/uploads\/2024\/12\/WhatsApp-Image-2024-12-04-at-9.53.33-AM.jpeg","type":"image\/jpeg"}],"author":"Redacci\u00f3n","twitter_card":"summary_large_image","twitter_creator":"@edgartove","twitter_site":"@edgartove","twitter_misc":{"Escrito por":"Redacci\u00f3n","Tiempo de lectura":"2 minutos"},"schema":{"@context":"https:\/\/schema.org","@graph":[{"@type":"Article","@id":"https:\/\/masquenoticias.mx\/index.php\/2024\/12\/04\/gobernadora-asiste-a-la-jornada-latinoamericana-de-donacion-altruista-de-sangre\/#article","isPartOf":{"@id":"https:\/\/masquenoticias.mx\/index.php\/2024\/12\/04\/gobernadora-asiste-a-la-jornada-latinoamericana-de-donacion-altruista-de-sangre\/"},"author":{"name":"Redacci\u00f3n","@id":"https:\/\/masquenoticias.mx\/#\/schema\/person\/544d19989ef23d34615f691f7a96e622"},"headline":"Gobernadora asiste a la Jornada Latinoamericana de Donaci\u00f3n Altruista de Sangre","datePublished":"2024-12-04T21:38:23+00:00","mainEntityOfPage":{"@id":"https:\/\/masquenoticias.mx\/index.php\/2024\/12\/04\/gobernadora-asiste-a-la-jornada-latinoamericana-de-donacion-altruista-de-sangre\/"},"wordCount":382,"commentCount":0,"publisher":{"@id":"https:\/\/masquenoticias.mx\/#organization"},"image":{"@id":"https:\/\/masquenoticias.mx\/index.php\/2024\/12\/04\/gobernadora-asiste-a-la-jornada-latinoamericana-de-donacion-altruista-de-sangre\/#primaryimage"},"thumbnailUrl":"https:\/\/i0.wp.com\/masquenoticias.mx\/wp-content\/uploads\/2024\/12\/WhatsApp-Image-2024-12-04-at-9.53.33-AM.jpeg?fit=1280%2C853&ssl=1","keywords":["Donadores compulsivos","Indira Vizca\u00edno"],"articleSection":["Estado"],"inLanguage":"es","potentialAction":[{"@type":"CommentAction","name":"Comment","target":["https:\/\/masquenoticias.mx\/index.php\/2024\/12\/04\/gobernadora-asiste-a-la-jornada-latinoamericana-de-donacion-altruista-de-sangre\/#respond"]}]},{"@type":"WebPage","@id":"https:\/\/masquenoticias.mx\/index.php\/2024\/12\/04\/gobernadora-asiste-a-la-jornada-latinoamericana-de-donacion-altruista-de-sangre\/","url":"https:\/\/masquenoticias.mx\/index.php\/2024\/12\/04\/gobernadora-asiste-a-la-jornada-latinoamericana-de-donacion-altruista-de-sangre\/","name":"Gobernadora asiste a la Jornada Latinoamericana de Donaci\u00f3n Altruista de Sangre - M\u00e1s Que Noticias","isPartOf":{"@id":"https:\/\/masquenoticias.mx\/#website"},"primaryImageOfPage":{"@id":"https:\/\/masquenoticias.mx\/index.php\/2024\/12\/04\/gobernadora-asiste-a-la-jornada-latinoamericana-de-donacion-altruista-de-sangre\/#primaryimage"},"image":{"@id":"https:\/\/masquenoticias.mx\/index.php\/2024\/12\/04\/gobernadora-asiste-a-la-jornada-latinoamericana-de-donacion-altruista-de-sangre\/#primaryimage"},"thumbnailUrl":"https:\/\/i0.wp.com\/masquenoticias.mx\/wp-content\/uploads\/2024\/12\/WhatsApp-Image-2024-12-04-at-9.53.33-AM.jpeg?fit=1280%2C853&ssl=1","datePublished":"2024-12-04T21:38:23+00:00","breadcrumb":{"@id":"https:\/\/masquenoticias.mx\/index.php\/2024\/12\/04\/gobernadora-asiste-a-la-jornada-latinoamericana-de-donacion-altruista-de-sangre\/#breadcrumb"},"inLanguage":"es","potentialAction":[{"@type":"ReadAction","target":["https:\/\/masquenoticias.mx\/index.php\/2024\/12\/04\/gobernadora-asiste-a-la-jornada-latinoamericana-de-donacion-altruista-de-sangre\/"]}]},{"@type":"ImageObject","inLanguage":"es","@id":"https:\/\/masquenoticias.mx\/index.php\/2024\/12\/04\/gobernadora-asiste-a-la-jornada-latinoamericana-de-donacion-altruista-de-sangre\/#primaryimage","url":"https:\/\/i0.wp.com\/masquenoticias.mx\/wp-content\/uploads\/2024\/12\/WhatsApp-Image-2024-12-04-at-9.53.33-AM.jpeg?fit=1280%2C853&ssl=1","contentUrl":"https:\/\/i0.wp.com\/masquenoticias.mx\/wp-content\/uploads\/2024\/12\/WhatsApp-Image-2024-12-04-at-9.53.33-AM.jpeg?fit=1280%2C853&ssl=1","width":1280,"height":853},{"@type":"BreadcrumbList","@id":"https:\/\/masquenoticias.mx\/index.php\/2024\/12\/04\/gobernadora-asiste-a-la-jornada-latinoamericana-de-donacion-altruista-de-sangre\/#breadcrumb","itemListElement":[{"@type":"ListItem","position":1,"name":"Inicio","item":"https:\/\/masquenoticias.mx\/"},{"@type":"ListItem","position":2,"name":"Gobernadora asiste a la Jornada Latinoamericana de Donaci\u00f3n Altruista de Sangre"}]},{"@type":"WebSite","@id":"https:\/\/masquenoticias.mx\/#website","url":"https:\/\/masquenoticias.mx\/","name":"M\u00e1s Que Noticias","description":"Noticias de Colima, M\u00e9xico y el Mundo","publisher":{"@id":"https:\/\/masquenoticias.mx\/#organization"},"potentialAction":[{"@type":"SearchAction","target":{"@type":"EntryPoint","urlTemplate":"https:\/\/masquenoticias.mx\/?s={search_term_string}"},"query-input":{"@type":"PropertyValueSpecification","valueRequired":true,"valueName":"search_term_string"}}],"inLanguage":"es"},{"@type":"Organization","@id":"https:\/\/masquenoticias.mx\/#organization","name":"M\u00e1s Que Noticias","url":"https:\/\/masquenoticias.mx\/","logo":{"@type":"ImageObject","inLanguage":"es","@id":"https:\/\/masquenoticias.mx\/#\/schema\/logo\/image\/","url":"https:\/\/i0.wp.com\/masquenoticias.mx\/wp-content\/uploads\/2024\/04\/IMG_0004.png?fit=2560%2C1656&ssl=1","contentUrl":"https:\/\/i0.wp.com\/masquenoticias.mx\/wp-content\/uploads\/2024\/04\/IMG_0004.png?fit=2560%2C1656&ssl=1","width":2560,"height":1656,"caption":"M\u00e1s Que Noticias"},"image":{"@id":"https:\/\/masquenoticias.mx\/#\/schema\/logo\/image\/"},"sameAs":["https:\/\/www.facebook.com\/masquenoticiascolima","https:\/\/x.com\/edgartove","https:\/\/www.instagram.com\/masquenoticiascolima\/"]},{"@type":"Person","@id":"https:\/\/masquenoticias.mx\/#\/schema\/person\/544d19989ef23d34615f691f7a96e622","name":"Redacci\u00f3n","image":{"@type":"ImageObject","inLanguage":"es","@id":"https:\/\/masquenoticias.mx\/#\/schema\/person\/image\/","url":"https:\/\/secure.gravatar.com\/avatar\/7fcc926d5b058d3f3d52d95b4d05dd58?s=96&d=mm&r=g","contentUrl":"https:\/\/secure.gravatar.com\/avatar\/7fcc926d5b058d3f3d52d95b4d05dd58?s=96&d=mm&r=g","caption":"Redacci\u00f3n"},"sameAs":["http:\/\/masquenoticias.mx"],"url":"https:\/\/masquenoticias.mx\/index.php\/author\/edgartovegmail-com\/"}]}},"jetpack_featured_media_url":"https:\/\/i0.wp.com\/masquenoticias.mx\/wp-content\/uploads\/2024\/12\/WhatsApp-Image-2024-12-04-at-9.53.33-AM.jpeg?fit=1280%2C853&ssl=1","blog_post_layout_featured_media_urls":{"thumbnail":["https:\/\/i0.wp.com\/masquenoticias.mx\/wp-content\/uploads\/2024\/12\/WhatsApp-Image-2024-12-04-at-9.53.33-AM.jpeg?resize=150%2C150&ssl=1",150,150,true],"full":["https:\/\/i0.wp.com\/masquenoticias.mx\/wp-content\/uploads\/2024\/12\/WhatsApp-Image-2024-12-04-at-9.53.33-AM.jpeg?fit=1280%2C853&ssl=1",1280,853,false]},"categories_names":{"24":{"name":"Estado","link":"https:\/\/masquenoticias.mx\/index.php\/category\/estado\/"}},"tags_names":{"250":{"name":"Donadores compulsivos","link":"https:\/\/masquenoticias.mx\/index.php\/tag\/donadores-compulsivos\/"},"26":{"name":"Indira Vizca\u00edno","link":"https:\/\/masquenoticias.mx\/index.php\/tag\/indira-vizcaino\/"}},"comments_number":"0","wpmagazine_modules_lite_featured_media_urls":{"thumbnail":["https:\/\/i0.wp.com\/masquenoticias.mx\/wp-content\/uploads\/2024\/12\/WhatsApp-Image-2024-12-04-at-9.53.33-AM.jpeg?resize=150%2C150&ssl=1",150,150,true],"cvmm-medium":["https:\/\/i0.wp.com\/masquenoticias.mx\/wp-content\/uploads\/2024\/12\/WhatsApp-Image-2024-12-04-at-9.53.33-AM.jpeg?resize=300%2C300&ssl=1",300,300,true],"cvmm-medium-plus":["https:\/\/i0.wp.com\/masquenoticias.mx\/wp-content\/uploads\/2024\/12\/WhatsApp-Image-2024-12-04-at-9.53.33-AM.jpeg?resize=305%2C207&ssl=1",305,207,true],"cvmm-portrait":["https:\/\/i0.wp.com\/masquenoticias.mx\/wp-content\/uploads\/2024\/12\/WhatsApp-Image-2024-12-04-at-9.53.33-AM.jpeg?resize=400%2C600&ssl=1",400,600,true],"cvmm-medium-square":["https:\/\/i0.wp.com\/masquenoticias.mx\/wp-content\/uploads\/2024\/12\/WhatsApp-Image-2024-12-04-at-9.53.33-AM.jpeg?resize=600%2C600&ssl=1",600,600,true],"cvmm-large":["https:\/\/i0.wp.com\/masquenoticias.mx\/wp-content\/uploads\/2024\/12\/WhatsApp-Image-2024-12-04-at-9.53.33-AM.jpeg?resize=1024%2C853&ssl=1",1024,853,true],"cvmm-small":["https:\/\/i0.wp.com\/masquenoticias.mx\/wp-content\/uploads\/2024\/12\/WhatsApp-Image-2024-12-04-at-9.53.33-AM.jpeg?resize=130%2C95&ssl=1",130,95,true],"full":["https:\/\/i0.wp.com\/masquenoticias.mx\/wp-content\/uploads\/2024\/12\/WhatsApp-Image-2024-12-04-at-9.53.33-AM.jpeg?fit=1280%2C853&ssl=1",1280,853,false]},"jetpack-related-posts":[],"jetpack_sharing_enabled":true,"jetpack_likes_enabled":true,"jetpack_shortlink":"https:\/\/wp.me\/pf7pkt-3dw","_links":{"self":[{"href":"https:\/\/masquenoticias.mx\/index.php\/wp-json\/wp\/v2\/posts\/12370","targetHints":{"allow":["GET"]}}],"collection":[{"href":"https:\/\/masquenoticias.mx\/index.php\/wp-json\/wp\/v2\/posts"}],"about":[{"href":"https:\/\/masquenoticias.mx\/index.php\/wp-json\/wp\/v2\/types\/post"}],"author":[{"embeddable":true,"href":"https:\/\/masquenoticias.mx\/index.php\/wp-json\/wp\/v2\/users\/1"}],"replies":[{"embeddable":true,"href":"https:\/\/masquenoticias.mx\/index.php\/wp-json\/wp\/v2\/comments?post=12370"}],"version-history":[{"count":1,"href":"https:\/\/masquenoticias.mx\/index.php\/wp-json\/wp\/v2\/posts\/12370\/revisions"}],"predecessor-version":[{"id":12372,"href":"https:\/\/masquenoticias.mx\/index.php\/wp-json\/wp\/v2\/posts\/12370\/revisions\/12372"}],"wp:featuredmedia":[{"embeddable":true,"href":"https:\/\/masquenoticias.mx\/index.php\/wp-json\/wp\/v2\/media\/12371"}],"wp:attachment":[{"href":"https:\/\/masquenoticias.mx\/index.php\/wp-json\/wp\/v2\/media?parent=12370"}],"wp:term":[{"taxonomy":"category","embeddable":true,"href":"https:\/\/masquenoticias.mx\/index.php\/wp-json\/wp\/v2\/categories?post=12370"},{"taxonomy":"post_tag","embeddable":true,"href":"https:\/\/masquenoticias.mx\/index.php\/wp-json\/wp\/v2\/tags?post=12370"}],"curies":[{"name":"wp","href":"https:\/\/api.w.org\/{rel}","templated":true}]}}