{"id":12290,"date":"2024-12-02T14:56:28","date_gmt":"2024-12-02T20:56:28","guid":{"rendered":"https:\/\/masquenoticias.mx\/?p=12290"},"modified":"2024-12-02T14:56:28","modified_gmt":"2024-12-02T20:56:28","slug":"mas-de-2-millones-de-visitas-registro-la-feria-de-colima-destaca-el-saldo-blanco","status":"publish","type":"post","link":"https:\/\/masquenoticias.mx\/index.php\/2024\/12\/02\/mas-de-2-millones-de-visitas-registro-la-feria-de-colima-destaca-el-saldo-blanco\/","title":{"rendered":"M\u00e1s de 2 millones de visitas registr\u00f3 la Feria de Colima; destaca el saldo blanco"},"content":{"rendered":"<p>La edici\u00f3n 85 de la Feria de Todos los Santos Colima 2024 super\u00f3 las expectativas con m\u00e1s de dos millones de visitas durante los 18 d\u00edas -del 31 de octubre al 17 de noviembre-, en los que se ofreci\u00f3 gran variedad de actividades y eventos gratuitos para todas las personas, inform\u00f3 Rodolfo Aguilar D\u00e1valos, director del Instituto de Fomento de Ferias y Exposiciones del Estado de Colima (Iffecol).<\/p>\n<p>Agradeci\u00f3 la confianza y apoyo de la gobernadora Indira Vizca\u00edno Silva, para que los objetivos se cumplieran, garantizando que las y los visitantes tuvieran libre acceso a las instalaciones, que los eventos fueron pensados en todos los sectores de la poblaci\u00f3n y personas con alguna discapacidad recibieran trato preferencial, para disfrutar al m\u00e1ximo cada una de las actividades y eventos.<\/p>\n<p>Resalt\u00f3 que, durante m\u00e1s de dos semanas, las familias colimenses, de otras entidades e incluso del extranjero, pudieron disfrutar los diversos espacios que fueron dise\u00f1ados para disfrute de las y los asistentes al m\u00e1ximo festejo de las y los colimenses. Los protocolos de atenci\u00f3n coordinados con diferentes dependencias de seguridad fueron un \u00e9xito, teniendo como resultado saldo blanco.<\/p>\n<p>Mientras que en el Foro Principal se realizaron seis conciertos gratuitos, logrando as\u00ed que alrededor de 200 mil personas disfrutaran las presentaciones de Yuridia, Banda Maguey, Mi Banda El Mexicano de Germ\u00e1n Rom\u00e1n, Drake Bell, Mario Bautista, cerrando los festejos con la Banda MS.<\/p>\n<p>En el Teatro del Pueblo \u2018Emigdio Salgado Mares\u2019 se realizaron m\u00e1s de cien eventos art\u00edsticos y culturales, se cont\u00f3 con la participaci\u00f3n de 5 mil 400 artistas que demostraron su talento, y se busc\u00f3 el bienestar de dichos artistas para sus presentaciones, por lo que contaron con transporte de excelente calidad, agua y cena, todo gratis.<\/p>\n<p><strong>FERIA INCLUYENTE, SEGURA, LIMPIA Y ORDENADA<\/strong><\/p>\n<p>El \u2018Teatro del Caballo\u2019 privilegi\u00f3 el inter\u00e9s del p\u00fablico por los equinos, apreciando eventos de talla internacional; donde destacaron los concursos morfol\u00f3gicos, exhibiciones de caballos, espect\u00e1culos de escaramuzas, muestras, entre otros eventos.<\/p>\n<p>Tambi\u00e9n se logr\u00f3 la consolidaci\u00f3n de las zonas Arbolada y Picnic como opci\u00f3n para disfrutar ritmos latinos, vers\u00e1til, rock y DJ\u2019s, as\u00ed como diferentes comercios de comida. Se tuvo la presentaci\u00f3n de una nueva zona Plaza Bohemia como un espacio tranquilo y agradable, con m\u00fasica en vivo y diferentes tipos de snacks, siendo un espacio familiar y de disfrute para todas y todos los asistentes.<\/p>\n<p>El titular de Iffecol agradeci\u00f3 la confianza de las y los colimenses, y de todas y todos los visitantes de la regi\u00f3n que disfrutaron durante los 18 d\u00edas de feria, consumiendo los distintos productos, contratando servicios y coadyuvando a que se generar\u00e1 una importante derrama econ\u00f3mica en los m\u00e1s de 1,100 establecimientos que se instalaron en la edici\u00f3n 85 y en donde sin duda alguna las y los comerciantes se sumaron para que la Feria de Todos los Santos Colima 2024 contar\u00e1 con una gran variedad de art\u00edculos, puntos de venta de comida y bebidas, etc.<\/p>\n<p>Finalmente, Rodolfo Aguilar se\u00f1al\u00f3 que a\u00f1o con a\u00f1o, Iffecol busca dar un importante impulso a nuestras tradiciones y en esta edici\u00f3n 85 no fue la excepci\u00f3n. Por \u00faltimo, desea que la verdadera esencia del m\u00e1ximo festejo anual siga prevaleciendo en cada una de las familias.<\/p>\n","protected":false},"excerpt":{"rendered":"<p>La edici\u00f3n 85 de la Feria de Todos los Santos Colima 2024 super\u00f3 las expectativas con m\u00e1s de dos millones de visitas durante los 18 d\u00edas -del 31 de octubre al 17 de noviembre-, en los que se ofreci\u00f3 gran variedad de actividades y eventos gratuitos para todas las personas, inform\u00f3 Rodolfo Aguilar D\u00e1valos, director [&hellip;]<\/p>\n","protected":false},"author":1,"featured_media":12291,"comment_status":"open","ping_status":"open","sticky":false,"template":"","format":"standard","meta":{"_jetpack_memberships_contains_paid_content":false,"footnotes":""},"categories":[24],"tags":[196],"class_list":["post-12290","post","type-post","status-publish","format-standard","has-post-thumbnail","hentry","category-estado","tag-iffecol"],"yoast_head":"<!-- This site is optimized with the Yoast SEO plugin v26.6 - https:\/\/yoast.com\/wordpress\/plugins\/seo\/ -->\n<title>M\u00e1s de 2 millones de visitas registr\u00f3 la Feria de Colima; destaca el saldo blanco - M\u00e1s Que Noticias<\/title>\n<meta name=\"robots\" content=\"index, follow, max-snippet:-1, max-image-preview:large, max-video-preview:-1\" \/>\n<link rel=\"canonical\" href=\"https:\/\/masquenoticias.mx\/index.php\/2024\/12\/02\/mas-de-2-millones-de-visitas-registro-la-feria-de-colima-destaca-el-saldo-blanco\/\" \/>\n<meta property=\"og:locale\" content=\"es_MX\" \/>\n<meta property=\"og:type\" content=\"article\" \/>\n<meta property=\"og:title\" content=\"M\u00e1s de 2 millones de visitas registr\u00f3 la Feria de Colima; destaca el saldo blanco - M\u00e1s Que Noticias\" \/>\n<meta property=\"og:description\" content=\"La edici\u00f3n 85 de la Feria de Todos los Santos Colima 2024 super\u00f3 las expectativas con m\u00e1s de dos millones de visitas durante los 18 d\u00edas -del 31 de octubre al 17 de noviembre-, en los que se ofreci\u00f3 gran variedad de actividades y eventos gratuitos para todas las personas, inform\u00f3 Rodolfo Aguilar D\u00e1valos, director [&hellip;]\" \/>\n<meta property=\"og:url\" content=\"https:\/\/masquenoticias.mx\/index.php\/2024\/12\/02\/mas-de-2-millones-de-visitas-registro-la-feria-de-colima-destaca-el-saldo-blanco\/\" \/>\n<meta property=\"og:site_name\" content=\"M\u00e1s Que Noticias\" \/>\n<meta property=\"article:publisher\" content=\"https:\/\/www.facebook.com\/masquenoticiascolima\" \/>\n<meta property=\"article:published_time\" content=\"2024-12-02T20:56:28+00:00\" \/>\n<meta property=\"og:image\" content=\"https:\/\/masquenoticias.mx\/wp-content\/uploads\/2024\/12\/WhatsApp-Image-2024-12-02-at-1.57.29-PM.jpeg\" \/>\n\t<meta property=\"og:image:width\" content=\"1280\" \/>\n\t<meta property=\"og:image:height\" content=\"852\" \/>\n\t<meta property=\"og:image:type\" content=\"image\/jpeg\" \/>\n<meta name=\"author\" content=\"Redacci\u00f3n\" \/>\n<meta name=\"twitter:card\" content=\"summary_large_image\" \/>\n<meta name=\"twitter:creator\" content=\"@edgartove\" \/>\n<meta name=\"twitter:site\" content=\"@edgartove\" \/>\n<meta name=\"twitter:label1\" content=\"Escrito por\" \/>\n\t<meta name=\"twitter:data1\" content=\"Redacci\u00f3n\" \/>\n\t<meta name=\"twitter:label2\" content=\"Tiempo de lectura\" \/>\n\t<meta name=\"twitter:data2\" content=\"3 minutos\" \/>\n<script type=\"application\/ld+json\" class=\"yoast-schema-graph\">{\"@context\":\"https:\/\/schema.org\",\"@graph\":[{\"@type\":\"Article\",\"@id\":\"https:\/\/masquenoticias.mx\/index.php\/2024\/12\/02\/mas-de-2-millones-de-visitas-registro-la-feria-de-colima-destaca-el-saldo-blanco\/#article\",\"isPartOf\":{\"@id\":\"https:\/\/masquenoticias.mx\/index.php\/2024\/12\/02\/mas-de-2-millones-de-visitas-registro-la-feria-de-colima-destaca-el-saldo-blanco\/\"},\"author\":{\"name\":\"Redacci\u00f3n\",\"@id\":\"https:\/\/masquenoticias.mx\/#\/schema\/person\/544d19989ef23d34615f691f7a96e622\"},\"headline\":\"M\u00e1s de 2 millones de visitas registr\u00f3 la Feria de Colima; destaca el saldo blanco\",\"datePublished\":\"2024-12-02T20:56:28+00:00\",\"mainEntityOfPage\":{\"@id\":\"https:\/\/masquenoticias.mx\/index.php\/2024\/12\/02\/mas-de-2-millones-de-visitas-registro-la-feria-de-colima-destaca-el-saldo-blanco\/\"},\"wordCount\":571,\"commentCount\":0,\"publisher\":{\"@id\":\"https:\/\/masquenoticias.mx\/#organization\"},\"image\":{\"@id\":\"https:\/\/masquenoticias.mx\/index.php\/2024\/12\/02\/mas-de-2-millones-de-visitas-registro-la-feria-de-colima-destaca-el-saldo-blanco\/#primaryimage\"},\"thumbnailUrl\":\"https:\/\/i0.wp.com\/masquenoticias.mx\/wp-content\/uploads\/2024\/12\/WhatsApp-Image-2024-12-02-at-1.57.29-PM.jpeg?fit=1280%2C852&ssl=1\",\"keywords\":[\"Iffecol\"],\"articleSection\":[\"Estado\"],\"inLanguage\":\"es\",\"potentialAction\":[{\"@type\":\"CommentAction\",\"name\":\"Comment\",\"target\":[\"https:\/\/masquenoticias.mx\/index.php\/2024\/12\/02\/mas-de-2-millones-de-visitas-registro-la-feria-de-colima-destaca-el-saldo-blanco\/#respond\"]}]},{\"@type\":\"WebPage\",\"@id\":\"https:\/\/masquenoticias.mx\/index.php\/2024\/12\/02\/mas-de-2-millones-de-visitas-registro-la-feria-de-colima-destaca-el-saldo-blanco\/\",\"url\":\"https:\/\/masquenoticias.mx\/index.php\/2024\/12\/02\/mas-de-2-millones-de-visitas-registro-la-feria-de-colima-destaca-el-saldo-blanco\/\",\"name\":\"M\u00e1s de 2 millones de visitas registr\u00f3 la Feria de Colima; destaca el saldo blanco - M\u00e1s Que Noticias\",\"isPartOf\":{\"@id\":\"https:\/\/masquenoticias.mx\/#website\"},\"primaryImageOfPage\":{\"@id\":\"https:\/\/masquenoticias.mx\/index.php\/2024\/12\/02\/mas-de-2-millones-de-visitas-registro-la-feria-de-colima-destaca-el-saldo-blanco\/#primaryimage\"},\"image\":{\"@id\":\"https:\/\/masquenoticias.mx\/index.php\/2024\/12\/02\/mas-de-2-millones-de-visitas-registro-la-feria-de-colima-destaca-el-saldo-blanco\/#primaryimage\"},\"thumbnailUrl\":\"https:\/\/i0.wp.com\/masquenoticias.mx\/wp-content\/uploads\/2024\/12\/WhatsApp-Image-2024-12-02-at-1.57.29-PM.jpeg?fit=1280%2C852&ssl=1\",\"datePublished\":\"2024-12-02T20:56:28+00:00\",\"breadcrumb\":{\"@id\":\"https:\/\/masquenoticias.mx\/index.php\/2024\/12\/02\/mas-de-2-millones-de-visitas-registro-la-feria-de-colima-destaca-el-saldo-blanco\/#breadcrumb\"},\"inLanguage\":\"es\",\"potentialAction\":[{\"@type\":\"ReadAction\",\"target\":[\"https:\/\/masquenoticias.mx\/index.php\/2024\/12\/02\/mas-de-2-millones-de-visitas-registro-la-feria-de-colima-destaca-el-saldo-blanco\/\"]}]},{\"@type\":\"ImageObject\",\"inLanguage\":\"es\",\"@id\":\"https:\/\/masquenoticias.mx\/index.php\/2024\/12\/02\/mas-de-2-millones-de-visitas-registro-la-feria-de-colima-destaca-el-saldo-blanco\/#primaryimage\",\"url\":\"https:\/\/i0.wp.com\/masquenoticias.mx\/wp-content\/uploads\/2024\/12\/WhatsApp-Image-2024-12-02-at-1.57.29-PM.jpeg?fit=1280%2C852&ssl=1\",\"contentUrl\":\"https:\/\/i0.wp.com\/masquenoticias.mx\/wp-content\/uploads\/2024\/12\/WhatsApp-Image-2024-12-02-at-1.57.29-PM.jpeg?fit=1280%2C852&ssl=1\",\"width\":1280,\"height\":852},{\"@type\":\"BreadcrumbList\",\"@id\":\"https:\/\/masquenoticias.mx\/index.php\/2024\/12\/02\/mas-de-2-millones-de-visitas-registro-la-feria-de-colima-destaca-el-saldo-blanco\/#breadcrumb\",\"itemListElement\":[{\"@type\":\"ListItem\",\"position\":1,\"name\":\"Inicio\",\"item\":\"https:\/\/masquenoticias.mx\/\"},{\"@type\":\"ListItem\",\"position\":2,\"name\":\"M\u00e1s de 2 millones de visitas registr\u00f3 la Feria de Colima; destaca el saldo blanco\"}]},{\"@type\":\"WebSite\",\"@id\":\"https:\/\/masquenoticias.mx\/#website\",\"url\":\"https:\/\/masquenoticias.mx\/\",\"name\":\"M\u00e1s Que Noticias\",\"description\":\"Noticias de Colima, M\u00e9xico y el Mundo\",\"publisher\":{\"@id\":\"https:\/\/masquenoticias.mx\/#organization\"},\"potentialAction\":[{\"@type\":\"SearchAction\",\"target\":{\"@type\":\"EntryPoint\",\"urlTemplate\":\"https:\/\/masquenoticias.mx\/?s={search_term_string}\"},\"query-input\":{\"@type\":\"PropertyValueSpecification\",\"valueRequired\":true,\"valueName\":\"search_term_string\"}}],\"inLanguage\":\"es\"},{\"@type\":\"Organization\",\"@id\":\"https:\/\/masquenoticias.mx\/#organization\",\"name\":\"M\u00e1s Que Noticias\",\"url\":\"https:\/\/masquenoticias.mx\/\",\"logo\":{\"@type\":\"ImageObject\",\"inLanguage\":\"es\",\"@id\":\"https:\/\/masquenoticias.mx\/#\/schema\/logo\/image\/\",\"url\":\"https:\/\/i0.wp.com\/masquenoticias.mx\/wp-content\/uploads\/2024\/04\/IMG_0004.png?fit=2560%2C1656&ssl=1\",\"contentUrl\":\"https:\/\/i0.wp.com\/masquenoticias.mx\/wp-content\/uploads\/2024\/04\/IMG_0004.png?fit=2560%2C1656&ssl=1\",\"width\":2560,\"height\":1656,\"caption\":\"M\u00e1s Que Noticias\"},\"image\":{\"@id\":\"https:\/\/masquenoticias.mx\/#\/schema\/logo\/image\/\"},\"sameAs\":[\"https:\/\/www.facebook.com\/masquenoticiascolima\",\"https:\/\/x.com\/edgartove\",\"https:\/\/www.instagram.com\/masquenoticiascolima\/\"]},{\"@type\":\"Person\",\"@id\":\"https:\/\/masquenoticias.mx\/#\/schema\/person\/544d19989ef23d34615f691f7a96e622\",\"name\":\"Redacci\u00f3n\",\"image\":{\"@type\":\"ImageObject\",\"inLanguage\":\"es\",\"@id\":\"https:\/\/masquenoticias.mx\/#\/schema\/person\/image\/\",\"url\":\"https:\/\/secure.gravatar.com\/avatar\/7fcc926d5b058d3f3d52d95b4d05dd58?s=96&d=mm&r=g\",\"contentUrl\":\"https:\/\/secure.gravatar.com\/avatar\/7fcc926d5b058d3f3d52d95b4d05dd58?s=96&d=mm&r=g\",\"caption\":\"Redacci\u00f3n\"},\"sameAs\":[\"http:\/\/masquenoticias.mx\"],\"url\":\"https:\/\/masquenoticias.mx\/index.php\/author\/edgartovegmail-com\/\"}]}<\/script>\n<!-- \/ Yoast SEO plugin. -->","yoast_head_json":{"title":"M\u00e1s de 2 millones de visitas registr\u00f3 la Feria de Colima; destaca el saldo blanco - M\u00e1s Que Noticias","robots":{"index":"index","follow":"follow","max-snippet":"max-snippet:-1","max-image-preview":"max-image-preview:large","max-video-preview":"max-video-preview:-1"},"canonical":"https:\/\/masquenoticias.mx\/index.php\/2024\/12\/02\/mas-de-2-millones-de-visitas-registro-la-feria-de-colima-destaca-el-saldo-blanco\/","og_locale":"es_MX","og_type":"article","og_title":"M\u00e1s de 2 millones de visitas registr\u00f3 la Feria de Colima; destaca el saldo blanco - M\u00e1s Que Noticias","og_description":"La edici\u00f3n 85 de la Feria de Todos los Santos Colima 2024 super\u00f3 las expectativas con m\u00e1s de dos millones de visitas durante los 18 d\u00edas -del 31 de octubre al 17 de noviembre-, en los que se ofreci\u00f3 gran variedad de actividades y eventos gratuitos para todas las personas, inform\u00f3 Rodolfo Aguilar D\u00e1valos, director [&hellip;]","og_url":"https:\/\/masquenoticias.mx\/index.php\/2024\/12\/02\/mas-de-2-millones-de-visitas-registro-la-feria-de-colima-destaca-el-saldo-blanco\/","og_site_name":"M\u00e1s Que Noticias","article_publisher":"https:\/\/www.facebook.com\/masquenoticiascolima","article_published_time":"2024-12-02T20:56:28+00:00","og_image":[{"width":1280,"height":852,"url":"https:\/\/masquenoticias.mx\/wp-content\/uploads\/2024\/12\/WhatsApp-Image-2024-12-02-at-1.57.29-PM.jpeg","type":"image\/jpeg"}],"author":"Redacci\u00f3n","twitter_card":"summary_large_image","twitter_creator":"@edgartove","twitter_site":"@edgartove","twitter_misc":{"Escrito por":"Redacci\u00f3n","Tiempo de lectura":"3 minutos"},"schema":{"@context":"https:\/\/schema.org","@graph":[{"@type":"Article","@id":"https:\/\/masquenoticias.mx\/index.php\/2024\/12\/02\/mas-de-2-millones-de-visitas-registro-la-feria-de-colima-destaca-el-saldo-blanco\/#article","isPartOf":{"@id":"https:\/\/masquenoticias.mx\/index.php\/2024\/12\/02\/mas-de-2-millones-de-visitas-registro-la-feria-de-colima-destaca-el-saldo-blanco\/"},"author":{"name":"Redacci\u00f3n","@id":"https:\/\/masquenoticias.mx\/#\/schema\/person\/544d19989ef23d34615f691f7a96e622"},"headline":"M\u00e1s de 2 millones de visitas registr\u00f3 la Feria de Colima; destaca el saldo blanco","datePublished":"2024-12-02T20:56:28+00:00","mainEntityOfPage":{"@id":"https:\/\/masquenoticias.mx\/index.php\/2024\/12\/02\/mas-de-2-millones-de-visitas-registro-la-feria-de-colima-destaca-el-saldo-blanco\/"},"wordCount":571,"commentCount":0,"publisher":{"@id":"https:\/\/masquenoticias.mx\/#organization"},"image":{"@id":"https:\/\/masquenoticias.mx\/index.php\/2024\/12\/02\/mas-de-2-millones-de-visitas-registro-la-feria-de-colima-destaca-el-saldo-blanco\/#primaryimage"},"thumbnailUrl":"https:\/\/i0.wp.com\/masquenoticias.mx\/wp-content\/uploads\/2024\/12\/WhatsApp-Image-2024-12-02-at-1.57.29-PM.jpeg?fit=1280%2C852&ssl=1","keywords":["Iffecol"],"articleSection":["Estado"],"inLanguage":"es","potentialAction":[{"@type":"CommentAction","name":"Comment","target":["https:\/\/masquenoticias.mx\/index.php\/2024\/12\/02\/mas-de-2-millones-de-visitas-registro-la-feria-de-colima-destaca-el-saldo-blanco\/#respond"]}]},{"@type":"WebPage","@id":"https:\/\/masquenoticias.mx\/index.php\/2024\/12\/02\/mas-de-2-millones-de-visitas-registro-la-feria-de-colima-destaca-el-saldo-blanco\/","url":"https:\/\/masquenoticias.mx\/index.php\/2024\/12\/02\/mas-de-2-millones-de-visitas-registro-la-feria-de-colima-destaca-el-saldo-blanco\/","name":"M\u00e1s de 2 millones de visitas registr\u00f3 la Feria de Colima; destaca el saldo blanco - M\u00e1s Que Noticias","isPartOf":{"@id":"https:\/\/masquenoticias.mx\/#website"},"primaryImageOfPage":{"@id":"https:\/\/masquenoticias.mx\/index.php\/2024\/12\/02\/mas-de-2-millones-de-visitas-registro-la-feria-de-colima-destaca-el-saldo-blanco\/#primaryimage"},"image":{"@id":"https:\/\/masquenoticias.mx\/index.php\/2024\/12\/02\/mas-de-2-millones-de-visitas-registro-la-feria-de-colima-destaca-el-saldo-blanco\/#primaryimage"},"thumbnailUrl":"https:\/\/i0.wp.com\/masquenoticias.mx\/wp-content\/uploads\/2024\/12\/WhatsApp-Image-2024-12-02-at-1.57.29-PM.jpeg?fit=1280%2C852&ssl=1","datePublished":"2024-12-02T20:56:28+00:00","breadcrumb":{"@id":"https:\/\/masquenoticias.mx\/index.php\/2024\/12\/02\/mas-de-2-millones-de-visitas-registro-la-feria-de-colima-destaca-el-saldo-blanco\/#breadcrumb"},"inLanguage":"es","potentialAction":[{"@type":"ReadAction","target":["https:\/\/masquenoticias.mx\/index.php\/2024\/12\/02\/mas-de-2-millones-de-visitas-registro-la-feria-de-colima-destaca-el-saldo-blanco\/"]}]},{"@type":"ImageObject","inLanguage":"es","@id":"https:\/\/masquenoticias.mx\/index.php\/2024\/12\/02\/mas-de-2-millones-de-visitas-registro-la-feria-de-colima-destaca-el-saldo-blanco\/#primaryimage","url":"https:\/\/i0.wp.com\/masquenoticias.mx\/wp-content\/uploads\/2024\/12\/WhatsApp-Image-2024-12-02-at-1.57.29-PM.jpeg?fit=1280%2C852&ssl=1","contentUrl":"https:\/\/i0.wp.com\/masquenoticias.mx\/wp-content\/uploads\/2024\/12\/WhatsApp-Image-2024-12-02-at-1.57.29-PM.jpeg?fit=1280%2C852&ssl=1","width":1280,"height":852},{"@type":"BreadcrumbList","@id":"https:\/\/masquenoticias.mx\/index.php\/2024\/12\/02\/mas-de-2-millones-de-visitas-registro-la-feria-de-colima-destaca-el-saldo-blanco\/#breadcrumb","itemListElement":[{"@type":"ListItem","position":1,"name":"Inicio","item":"https:\/\/masquenoticias.mx\/"},{"@type":"ListItem","position":2,"name":"M\u00e1s de 2 millones de visitas registr\u00f3 la Feria de Colima; destaca el saldo blanco"}]},{"@type":"WebSite","@id":"https:\/\/masquenoticias.mx\/#website","url":"https:\/\/masquenoticias.mx\/","name":"M\u00e1s Que Noticias","description":"Noticias de Colima, M\u00e9xico y el Mundo","publisher":{"@id":"https:\/\/masquenoticias.mx\/#organization"},"potentialAction":[{"@type":"SearchAction","target":{"@type":"EntryPoint","urlTemplate":"https:\/\/masquenoticias.mx\/?s={search_term_string}"},"query-input":{"@type":"PropertyValueSpecification","valueRequired":true,"valueName":"search_term_string"}}],"inLanguage":"es"},{"@type":"Organization","@id":"https:\/\/masquenoticias.mx\/#organization","name":"M\u00e1s Que Noticias","url":"https:\/\/masquenoticias.mx\/","logo":{"@type":"ImageObject","inLanguage":"es","@id":"https:\/\/masquenoticias.mx\/#\/schema\/logo\/image\/","url":"https:\/\/i0.wp.com\/masquenoticias.mx\/wp-content\/uploads\/2024\/04\/IMG_0004.png?fit=2560%2C1656&ssl=1","contentUrl":"https:\/\/i0.wp.com\/masquenoticias.mx\/wp-content\/uploads\/2024\/04\/IMG_0004.png?fit=2560%2C1656&ssl=1","width":2560,"height":1656,"caption":"M\u00e1s Que Noticias"},"image":{"@id":"https:\/\/masquenoticias.mx\/#\/schema\/logo\/image\/"},"sameAs":["https:\/\/www.facebook.com\/masquenoticiascolima","https:\/\/x.com\/edgartove","https:\/\/www.instagram.com\/masquenoticiascolima\/"]},{"@type":"Person","@id":"https:\/\/masquenoticias.mx\/#\/schema\/person\/544d19989ef23d34615f691f7a96e622","name":"Redacci\u00f3n","image":{"@type":"ImageObject","inLanguage":"es","@id":"https:\/\/masquenoticias.mx\/#\/schema\/person\/image\/","url":"https:\/\/secure.gravatar.com\/avatar\/7fcc926d5b058d3f3d52d95b4d05dd58?s=96&d=mm&r=g","contentUrl":"https:\/\/secure.gravatar.com\/avatar\/7fcc926d5b058d3f3d52d95b4d05dd58?s=96&d=mm&r=g","caption":"Redacci\u00f3n"},"sameAs":["http:\/\/masquenoticias.mx"],"url":"https:\/\/masquenoticias.mx\/index.php\/author\/edgartovegmail-com\/"}]}},"jetpack_featured_media_url":"https:\/\/i0.wp.com\/masquenoticias.mx\/wp-content\/uploads\/2024\/12\/WhatsApp-Image-2024-12-02-at-1.57.29-PM.jpeg?fit=1280%2C852&ssl=1","blog_post_layout_featured_media_urls":{"thumbnail":["https:\/\/i0.wp.com\/masquenoticias.mx\/wp-content\/uploads\/2024\/12\/WhatsApp-Image-2024-12-02-at-1.57.29-PM.jpeg?resize=150%2C150&ssl=1",150,150,true],"full":["https:\/\/i0.wp.com\/masquenoticias.mx\/wp-content\/uploads\/2024\/12\/WhatsApp-Image-2024-12-02-at-1.57.29-PM.jpeg?fit=1280%2C852&ssl=1",1280,852,false]},"categories_names":{"24":{"name":"Estado","link":"https:\/\/masquenoticias.mx\/index.php\/category\/estado\/"}},"tags_names":{"196":{"name":"Iffecol","link":"https:\/\/masquenoticias.mx\/index.php\/tag\/iffecol\/"}},"comments_number":"0","wpmagazine_modules_lite_featured_media_urls":{"thumbnail":["https:\/\/i0.wp.com\/masquenoticias.mx\/wp-content\/uploads\/2024\/12\/WhatsApp-Image-2024-12-02-at-1.57.29-PM.jpeg?resize=150%2C150&ssl=1",150,150,true],"cvmm-medium":["https:\/\/i0.wp.com\/masquenoticias.mx\/wp-content\/uploads\/2024\/12\/WhatsApp-Image-2024-12-02-at-1.57.29-PM.jpeg?resize=300%2C300&ssl=1",300,300,true],"cvmm-medium-plus":["https:\/\/i0.wp.com\/masquenoticias.mx\/wp-content\/uploads\/2024\/12\/WhatsApp-Image-2024-12-02-at-1.57.29-PM.jpeg?resize=305%2C207&ssl=1",305,207,true],"cvmm-portrait":["https:\/\/i0.wp.com\/masquenoticias.mx\/wp-content\/uploads\/2024\/12\/WhatsApp-Image-2024-12-02-at-1.57.29-PM.jpeg?resize=400%2C600&ssl=1",400,600,true],"cvmm-medium-square":["https:\/\/i0.wp.com\/masquenoticias.mx\/wp-content\/uploads\/2024\/12\/WhatsApp-Image-2024-12-02-at-1.57.29-PM.jpeg?resize=600%2C600&ssl=1",600,600,true],"cvmm-large":["https:\/\/i0.wp.com\/masquenoticias.mx\/wp-content\/uploads\/2024\/12\/WhatsApp-Image-2024-12-02-at-1.57.29-PM.jpeg?resize=1024%2C852&ssl=1",1024,852,true],"cvmm-small":["https:\/\/i0.wp.com\/masquenoticias.mx\/wp-content\/uploads\/2024\/12\/WhatsApp-Image-2024-12-02-at-1.57.29-PM.jpeg?resize=130%2C95&ssl=1",130,95,true],"full":["https:\/\/i0.wp.com\/masquenoticias.mx\/wp-content\/uploads\/2024\/12\/WhatsApp-Image-2024-12-02-at-1.57.29-PM.jpeg?fit=1280%2C852&ssl=1",1280,852,false]},"jetpack-related-posts":[],"jetpack_sharing_enabled":true,"jetpack_likes_enabled":true,"jetpack_shortlink":"https:\/\/wp.me\/pf7pkt-3ce","_links":{"self":[{"href":"https:\/\/masquenoticias.mx\/index.php\/wp-json\/wp\/v2\/posts\/12290","targetHints":{"allow":["GET"]}}],"collection":[{"href":"https:\/\/masquenoticias.mx\/index.php\/wp-json\/wp\/v2\/posts"}],"about":[{"href":"https:\/\/masquenoticias.mx\/index.php\/wp-json\/wp\/v2\/types\/post"}],"author":[{"embeddable":true,"href":"https:\/\/masquenoticias.mx\/index.php\/wp-json\/wp\/v2\/users\/1"}],"replies":[{"embeddable":true,"href":"https:\/\/masquenoticias.mx\/index.php\/wp-json\/wp\/v2\/comments?post=12290"}],"version-history":[{"count":1,"href":"https:\/\/masquenoticias.mx\/index.php\/wp-json\/wp\/v2\/posts\/12290\/revisions"}],"predecessor-version":[{"id":12292,"href":"https:\/\/masquenoticias.mx\/index.php\/wp-json\/wp\/v2\/posts\/12290\/revisions\/12292"}],"wp:featuredmedia":[{"embeddable":true,"href":"https:\/\/masquenoticias.mx\/index.php\/wp-json\/wp\/v2\/media\/12291"}],"wp:attachment":[{"href":"https:\/\/masquenoticias.mx\/index.php\/wp-json\/wp\/v2\/media?parent=12290"}],"wp:term":[{"taxonomy":"category","embeddable":true,"href":"https:\/\/masquenoticias.mx\/index.php\/wp-json\/wp\/v2\/categories?post=12290"},{"taxonomy":"post_tag","embeddable":true,"href":"https:\/\/masquenoticias.mx\/index.php\/wp-json\/wp\/v2\/tags?post=12290"}],"curies":[{"name":"wp","href":"https:\/\/api.w.org\/{rel}","templated":true}]}}