{"id":11901,"date":"2024-11-16T07:22:20","date_gmt":"2024-11-16T13:22:20","guid":{"rendered":"https:\/\/masquenoticias.mx\/?p=11901"},"modified":"2024-11-16T07:22:20","modified_gmt":"2024-11-16T13:22:20","slug":"drake-bell-es-aclamado-tras-el-concierto-gratuito-en-la-feria-de-colima","status":"publish","type":"post","link":"https:\/\/masquenoticias.mx\/index.php\/2024\/11\/16\/drake-bell-es-aclamado-tras-el-concierto-gratuito-en-la-feria-de-colima\/","title":{"rendered":"Drake Bell es aclamado tras el concierto gratuito en la Feria de Colima"},"content":{"rendered":"\n<p><\/p>\n\n\n\n<p>Espectacular noche de viernes vivieron miles de asistentes al &#8216;Foro Principal&#8217; en la Feria de Todos los Santos 2024, para disfrutar el concierto gratuito que ofreci\u00f3 el Gobierno del Estado de Colima con el cantante de origen norteamericano Drake Bell, quien hizo estremecer el escenario al interpretar sus grandes \u00e9xitos en ingl\u00e9s y en espa\u00f1ol.<\/p>\n\n\n\n<p>Su gran carisma y sencillez hizo que el cantante estadounidense se robara los corazones de quienes disfrutaron el gran repertorio musical, combinando \u00e9xitos como &#8216;Found a Way&#8217; y sus m\u00e1s recientes producciones.<\/p>\n\n\n\n<p>El cantante, muy querido en M\u00e9xico, ofreci\u00f3 un espect\u00e1culo inolvidable para las y los colimenses e hizo revivir la infancia y juventud de muchos de las y los asistentes, demostrando el gran talento musical, influenciado por el rock cl\u00e1sico.<\/p>\n\n\n\n<p>Cabe mencionar que el cantante sorprendi\u00f3 a sus fans con el lanzamiento de su nuevo sencillo &#8216;Te Desenamoraste&#8217;, interpretada en espa\u00f1ol y que ha alcanzado m\u00e1s de 3 millones de visitas en tiempo r\u00e9cord.<\/p>\n\n\n\n<p>Drake Bell est\u00e1 trabajando en su nueva pel\u00edcula \u00b4Love Translated\u00b4, rodaje de comedia rom\u00e1ntica ambientada en M\u00e9xico, como muestra de su amor y agradecimiento por el apoyo que ha recibido de nuestro pa\u00eds.<\/p>\n\n\n\n<p>\u00c9ste es el cuarto concierto gratuito que ofrece la administraci\u00f3n estatal que encabeza la gobernadora Indira Vizca\u00edno Silva, en el marco de la edici\u00f3n 85 del m\u00e1ximo festejo anual, que culminar\u00e1 este pr\u00f3ximo domingo 17 de noviembre, quedando a\u00fan dos conciertos gratuitos m\u00e1s: Mario Bautista este s\u00e1bado 16 y para el domingo 17 la Banda MS.<\/p>\n","protected":false},"excerpt":{"rendered":"<p>Espectacular noche de viernes vivieron miles de asistentes al &#8216;Foro Principal&#8217; en la Feria de Todos los Santos 2024, para disfrutar el concierto gratuito que ofreci\u00f3 el Gobierno del Estado de Colima con el cantante de origen norteamericano Drake Bell, quien hizo estremecer el escenario al interpretar sus grandes \u00e9xitos en ingl\u00e9s y en espa\u00f1ol. [&hellip;]<\/p>\n","protected":false},"author":1,"featured_media":11900,"comment_status":"closed","ping_status":"open","sticky":false,"template":"","format":"standard","meta":{"_jetpack_memberships_contains_paid_content":false,"footnotes":""},"categories":[24],"tags":[196],"class_list":["post-11901","post","type-post","status-publish","format-standard","has-post-thumbnail","hentry","category-estado","tag-iffecol"],"yoast_head":"<!-- This site is optimized with the Yoast SEO plugin v26.6 - https:\/\/yoast.com\/wordpress\/plugins\/seo\/ -->\n<title>Drake Bell es aclamado tras el concierto gratuito en la Feria de Colima - M\u00e1s Que Noticias<\/title>\n<meta name=\"robots\" content=\"index, follow, max-snippet:-1, max-image-preview:large, max-video-preview:-1\" \/>\n<link rel=\"canonical\" href=\"https:\/\/masquenoticias.mx\/index.php\/2024\/11\/16\/drake-bell-es-aclamado-tras-el-concierto-gratuito-en-la-feria-de-colima\/\" \/>\n<meta property=\"og:locale\" content=\"es_MX\" \/>\n<meta property=\"og:type\" content=\"article\" \/>\n<meta property=\"og:title\" content=\"Drake Bell es aclamado tras el concierto gratuito en la Feria de Colima - M\u00e1s Que Noticias\" \/>\n<meta property=\"og:description\" content=\"Espectacular noche de viernes vivieron miles de asistentes al &#8216;Foro Principal&#8217; en la Feria de Todos los Santos 2024, para disfrutar el concierto gratuito que ofreci\u00f3 el Gobierno del Estado de Colima con el cantante de origen norteamericano Drake Bell, quien hizo estremecer el escenario al interpretar sus grandes \u00e9xitos en ingl\u00e9s y en espa\u00f1ol. [&hellip;]\" \/>\n<meta property=\"og:url\" content=\"https:\/\/masquenoticias.mx\/index.php\/2024\/11\/16\/drake-bell-es-aclamado-tras-el-concierto-gratuito-en-la-feria-de-colima\/\" \/>\n<meta property=\"og:site_name\" content=\"M\u00e1s Que Noticias\" \/>\n<meta property=\"article:publisher\" content=\"https:\/\/www.facebook.com\/masquenoticiascolima\" \/>\n<meta property=\"article:published_time\" content=\"2024-11-16T13:22:20+00:00\" \/>\n<meta property=\"og:image\" content=\"https:\/\/i0.wp.com\/masquenoticias.mx\/wp-content\/uploads\/2024\/11\/c7dc65e4-2ba1-41b7-b84b-5d8784a8e60d-1.jpg?fit=1600%2C1066&ssl=1\" \/>\n\t<meta property=\"og:image:width\" content=\"1600\" \/>\n\t<meta property=\"og:image:height\" content=\"1066\" \/>\n\t<meta property=\"og:image:type\" content=\"image\/jpeg\" \/>\n<meta name=\"author\" content=\"Redacci\u00f3n\" \/>\n<meta name=\"twitter:card\" content=\"summary_large_image\" \/>\n<meta name=\"twitter:creator\" content=\"@edgartove\" \/>\n<meta name=\"twitter:site\" content=\"@edgartove\" \/>\n<meta name=\"twitter:label1\" content=\"Escrito por\" \/>\n\t<meta name=\"twitter:data1\" content=\"Redacci\u00f3n\" \/>\n\t<meta name=\"twitter:label2\" content=\"Tiempo de lectura\" \/>\n\t<meta name=\"twitter:data2\" content=\"1 minuto\" \/>\n<script type=\"application\/ld+json\" class=\"yoast-schema-graph\">{\"@context\":\"https:\/\/schema.org\",\"@graph\":[{\"@type\":\"Article\",\"@id\":\"https:\/\/masquenoticias.mx\/index.php\/2024\/11\/16\/drake-bell-es-aclamado-tras-el-concierto-gratuito-en-la-feria-de-colima\/#article\",\"isPartOf\":{\"@id\":\"https:\/\/masquenoticias.mx\/index.php\/2024\/11\/16\/drake-bell-es-aclamado-tras-el-concierto-gratuito-en-la-feria-de-colima\/\"},\"author\":{\"name\":\"Redacci\u00f3n\",\"@id\":\"https:\/\/masquenoticias.mx\/#\/schema\/person\/544d19989ef23d34615f691f7a96e622\"},\"headline\":\"Drake Bell es aclamado tras el concierto gratuito en la Feria de Colima\",\"datePublished\":\"2024-11-16T13:22:20+00:00\",\"mainEntityOfPage\":{\"@id\":\"https:\/\/masquenoticias.mx\/index.php\/2024\/11\/16\/drake-bell-es-aclamado-tras-el-concierto-gratuito-en-la-feria-de-colima\/\"},\"wordCount\":277,\"publisher\":{\"@id\":\"https:\/\/masquenoticias.mx\/#organization\"},\"image\":{\"@id\":\"https:\/\/masquenoticias.mx\/index.php\/2024\/11\/16\/drake-bell-es-aclamado-tras-el-concierto-gratuito-en-la-feria-de-colima\/#primaryimage\"},\"thumbnailUrl\":\"https:\/\/i0.wp.com\/masquenoticias.mx\/wp-content\/uploads\/2024\/11\/c7dc65e4-2ba1-41b7-b84b-5d8784a8e60d-1.jpg?fit=1600%2C1066&ssl=1\",\"keywords\":[\"Iffecol\"],\"articleSection\":[\"Estado\"],\"inLanguage\":\"es\"},{\"@type\":\"WebPage\",\"@id\":\"https:\/\/masquenoticias.mx\/index.php\/2024\/11\/16\/drake-bell-es-aclamado-tras-el-concierto-gratuito-en-la-feria-de-colima\/\",\"url\":\"https:\/\/masquenoticias.mx\/index.php\/2024\/11\/16\/drake-bell-es-aclamado-tras-el-concierto-gratuito-en-la-feria-de-colima\/\",\"name\":\"Drake Bell es aclamado tras el concierto gratuito en la Feria de Colima - M\u00e1s Que Noticias\",\"isPartOf\":{\"@id\":\"https:\/\/masquenoticias.mx\/#website\"},\"primaryImageOfPage\":{\"@id\":\"https:\/\/masquenoticias.mx\/index.php\/2024\/11\/16\/drake-bell-es-aclamado-tras-el-concierto-gratuito-en-la-feria-de-colima\/#primaryimage\"},\"image\":{\"@id\":\"https:\/\/masquenoticias.mx\/index.php\/2024\/11\/16\/drake-bell-es-aclamado-tras-el-concierto-gratuito-en-la-feria-de-colima\/#primaryimage\"},\"thumbnailUrl\":\"https:\/\/i0.wp.com\/masquenoticias.mx\/wp-content\/uploads\/2024\/11\/c7dc65e4-2ba1-41b7-b84b-5d8784a8e60d-1.jpg?fit=1600%2C1066&ssl=1\",\"datePublished\":\"2024-11-16T13:22:20+00:00\",\"breadcrumb\":{\"@id\":\"https:\/\/masquenoticias.mx\/index.php\/2024\/11\/16\/drake-bell-es-aclamado-tras-el-concierto-gratuito-en-la-feria-de-colima\/#breadcrumb\"},\"inLanguage\":\"es\",\"potentialAction\":[{\"@type\":\"ReadAction\",\"target\":[\"https:\/\/masquenoticias.mx\/index.php\/2024\/11\/16\/drake-bell-es-aclamado-tras-el-concierto-gratuito-en-la-feria-de-colima\/\"]}]},{\"@type\":\"ImageObject\",\"inLanguage\":\"es\",\"@id\":\"https:\/\/masquenoticias.mx\/index.php\/2024\/11\/16\/drake-bell-es-aclamado-tras-el-concierto-gratuito-en-la-feria-de-colima\/#primaryimage\",\"url\":\"https:\/\/i0.wp.com\/masquenoticias.mx\/wp-content\/uploads\/2024\/11\/c7dc65e4-2ba1-41b7-b84b-5d8784a8e60d-1.jpg?fit=1600%2C1066&ssl=1\",\"contentUrl\":\"https:\/\/i0.wp.com\/masquenoticias.mx\/wp-content\/uploads\/2024\/11\/c7dc65e4-2ba1-41b7-b84b-5d8784a8e60d-1.jpg?fit=1600%2C1066&ssl=1\",\"width\":1600,\"height\":1066},{\"@type\":\"BreadcrumbList\",\"@id\":\"https:\/\/masquenoticias.mx\/index.php\/2024\/11\/16\/drake-bell-es-aclamado-tras-el-concierto-gratuito-en-la-feria-de-colima\/#breadcrumb\",\"itemListElement\":[{\"@type\":\"ListItem\",\"position\":1,\"name\":\"Inicio\",\"item\":\"https:\/\/masquenoticias.mx\/\"},{\"@type\":\"ListItem\",\"position\":2,\"name\":\"Drake Bell es aclamado tras el concierto gratuito en la Feria de Colima\"}]},{\"@type\":\"WebSite\",\"@id\":\"https:\/\/masquenoticias.mx\/#website\",\"url\":\"https:\/\/masquenoticias.mx\/\",\"name\":\"M\u00e1s Que Noticias\",\"description\":\"Noticias de Colima, M\u00e9xico y el Mundo\",\"publisher\":{\"@id\":\"https:\/\/masquenoticias.mx\/#organization\"},\"potentialAction\":[{\"@type\":\"SearchAction\",\"target\":{\"@type\":\"EntryPoint\",\"urlTemplate\":\"https:\/\/masquenoticias.mx\/?s={search_term_string}\"},\"query-input\":{\"@type\":\"PropertyValueSpecification\",\"valueRequired\":true,\"valueName\":\"search_term_string\"}}],\"inLanguage\":\"es\"},{\"@type\":\"Organization\",\"@id\":\"https:\/\/masquenoticias.mx\/#organization\",\"name\":\"M\u00e1s Que Noticias\",\"url\":\"https:\/\/masquenoticias.mx\/\",\"logo\":{\"@type\":\"ImageObject\",\"inLanguage\":\"es\",\"@id\":\"https:\/\/masquenoticias.mx\/#\/schema\/logo\/image\/\",\"url\":\"https:\/\/i0.wp.com\/masquenoticias.mx\/wp-content\/uploads\/2024\/04\/IMG_0004.png?fit=2560%2C1656&ssl=1\",\"contentUrl\":\"https:\/\/i0.wp.com\/masquenoticias.mx\/wp-content\/uploads\/2024\/04\/IMG_0004.png?fit=2560%2C1656&ssl=1\",\"width\":2560,\"height\":1656,\"caption\":\"M\u00e1s Que Noticias\"},\"image\":{\"@id\":\"https:\/\/masquenoticias.mx\/#\/schema\/logo\/image\/\"},\"sameAs\":[\"https:\/\/www.facebook.com\/masquenoticiascolima\",\"https:\/\/x.com\/edgartove\",\"https:\/\/www.instagram.com\/masquenoticiascolima\/\"]},{\"@type\":\"Person\",\"@id\":\"https:\/\/masquenoticias.mx\/#\/schema\/person\/544d19989ef23d34615f691f7a96e622\",\"name\":\"Redacci\u00f3n\",\"image\":{\"@type\":\"ImageObject\",\"inLanguage\":\"es\",\"@id\":\"https:\/\/masquenoticias.mx\/#\/schema\/person\/image\/\",\"url\":\"https:\/\/secure.gravatar.com\/avatar\/7fcc926d5b058d3f3d52d95b4d05dd58?s=96&d=mm&r=g\",\"contentUrl\":\"https:\/\/secure.gravatar.com\/avatar\/7fcc926d5b058d3f3d52d95b4d05dd58?s=96&d=mm&r=g\",\"caption\":\"Redacci\u00f3n\"},\"sameAs\":[\"http:\/\/masquenoticias.mx\"],\"url\":\"https:\/\/masquenoticias.mx\/index.php\/author\/edgartovegmail-com\/\"}]}<\/script>\n<!-- \/ Yoast SEO plugin. -->","yoast_head_json":{"title":"Drake Bell es aclamado tras el concierto gratuito en la Feria de Colima - M\u00e1s Que Noticias","robots":{"index":"index","follow":"follow","max-snippet":"max-snippet:-1","max-image-preview":"max-image-preview:large","max-video-preview":"max-video-preview:-1"},"canonical":"https:\/\/masquenoticias.mx\/index.php\/2024\/11\/16\/drake-bell-es-aclamado-tras-el-concierto-gratuito-en-la-feria-de-colima\/","og_locale":"es_MX","og_type":"article","og_title":"Drake Bell es aclamado tras el concierto gratuito en la Feria de Colima - M\u00e1s Que Noticias","og_description":"Espectacular noche de viernes vivieron miles de asistentes al &#8216;Foro Principal&#8217; en la Feria de Todos los Santos 2024, para disfrutar el concierto gratuito que ofreci\u00f3 el Gobierno del Estado de Colima con el cantante de origen norteamericano Drake Bell, quien hizo estremecer el escenario al interpretar sus grandes \u00e9xitos en ingl\u00e9s y en espa\u00f1ol. [&hellip;]","og_url":"https:\/\/masquenoticias.mx\/index.php\/2024\/11\/16\/drake-bell-es-aclamado-tras-el-concierto-gratuito-en-la-feria-de-colima\/","og_site_name":"M\u00e1s Que Noticias","article_publisher":"https:\/\/www.facebook.com\/masquenoticiascolima","article_published_time":"2024-11-16T13:22:20+00:00","og_image":[{"width":1600,"height":1066,"url":"https:\/\/i0.wp.com\/masquenoticias.mx\/wp-content\/uploads\/2024\/11\/c7dc65e4-2ba1-41b7-b84b-5d8784a8e60d-1.jpg?fit=1600%2C1066&ssl=1","type":"image\/jpeg"}],"author":"Redacci\u00f3n","twitter_card":"summary_large_image","twitter_creator":"@edgartove","twitter_site":"@edgartove","twitter_misc":{"Escrito por":"Redacci\u00f3n","Tiempo de lectura":"1 minuto"},"schema":{"@context":"https:\/\/schema.org","@graph":[{"@type":"Article","@id":"https:\/\/masquenoticias.mx\/index.php\/2024\/11\/16\/drake-bell-es-aclamado-tras-el-concierto-gratuito-en-la-feria-de-colima\/#article","isPartOf":{"@id":"https:\/\/masquenoticias.mx\/index.php\/2024\/11\/16\/drake-bell-es-aclamado-tras-el-concierto-gratuito-en-la-feria-de-colima\/"},"author":{"name":"Redacci\u00f3n","@id":"https:\/\/masquenoticias.mx\/#\/schema\/person\/544d19989ef23d34615f691f7a96e622"},"headline":"Drake Bell es aclamado tras el concierto gratuito en la Feria de Colima","datePublished":"2024-11-16T13:22:20+00:00","mainEntityOfPage":{"@id":"https:\/\/masquenoticias.mx\/index.php\/2024\/11\/16\/drake-bell-es-aclamado-tras-el-concierto-gratuito-en-la-feria-de-colima\/"},"wordCount":277,"publisher":{"@id":"https:\/\/masquenoticias.mx\/#organization"},"image":{"@id":"https:\/\/masquenoticias.mx\/index.php\/2024\/11\/16\/drake-bell-es-aclamado-tras-el-concierto-gratuito-en-la-feria-de-colima\/#primaryimage"},"thumbnailUrl":"https:\/\/i0.wp.com\/masquenoticias.mx\/wp-content\/uploads\/2024\/11\/c7dc65e4-2ba1-41b7-b84b-5d8784a8e60d-1.jpg?fit=1600%2C1066&ssl=1","keywords":["Iffecol"],"articleSection":["Estado"],"inLanguage":"es"},{"@type":"WebPage","@id":"https:\/\/masquenoticias.mx\/index.php\/2024\/11\/16\/drake-bell-es-aclamado-tras-el-concierto-gratuito-en-la-feria-de-colima\/","url":"https:\/\/masquenoticias.mx\/index.php\/2024\/11\/16\/drake-bell-es-aclamado-tras-el-concierto-gratuito-en-la-feria-de-colima\/","name":"Drake Bell es aclamado tras el concierto gratuito en la Feria de Colima - M\u00e1s Que Noticias","isPartOf":{"@id":"https:\/\/masquenoticias.mx\/#website"},"primaryImageOfPage":{"@id":"https:\/\/masquenoticias.mx\/index.php\/2024\/11\/16\/drake-bell-es-aclamado-tras-el-concierto-gratuito-en-la-feria-de-colima\/#primaryimage"},"image":{"@id":"https:\/\/masquenoticias.mx\/index.php\/2024\/11\/16\/drake-bell-es-aclamado-tras-el-concierto-gratuito-en-la-feria-de-colima\/#primaryimage"},"thumbnailUrl":"https:\/\/i0.wp.com\/masquenoticias.mx\/wp-content\/uploads\/2024\/11\/c7dc65e4-2ba1-41b7-b84b-5d8784a8e60d-1.jpg?fit=1600%2C1066&ssl=1","datePublished":"2024-11-16T13:22:20+00:00","breadcrumb":{"@id":"https:\/\/masquenoticias.mx\/index.php\/2024\/11\/16\/drake-bell-es-aclamado-tras-el-concierto-gratuito-en-la-feria-de-colima\/#breadcrumb"},"inLanguage":"es","potentialAction":[{"@type":"ReadAction","target":["https:\/\/masquenoticias.mx\/index.php\/2024\/11\/16\/drake-bell-es-aclamado-tras-el-concierto-gratuito-en-la-feria-de-colima\/"]}]},{"@type":"ImageObject","inLanguage":"es","@id":"https:\/\/masquenoticias.mx\/index.php\/2024\/11\/16\/drake-bell-es-aclamado-tras-el-concierto-gratuito-en-la-feria-de-colima\/#primaryimage","url":"https:\/\/i0.wp.com\/masquenoticias.mx\/wp-content\/uploads\/2024\/11\/c7dc65e4-2ba1-41b7-b84b-5d8784a8e60d-1.jpg?fit=1600%2C1066&ssl=1","contentUrl":"https:\/\/i0.wp.com\/masquenoticias.mx\/wp-content\/uploads\/2024\/11\/c7dc65e4-2ba1-41b7-b84b-5d8784a8e60d-1.jpg?fit=1600%2C1066&ssl=1","width":1600,"height":1066},{"@type":"BreadcrumbList","@id":"https:\/\/masquenoticias.mx\/index.php\/2024\/11\/16\/drake-bell-es-aclamado-tras-el-concierto-gratuito-en-la-feria-de-colima\/#breadcrumb","itemListElement":[{"@type":"ListItem","position":1,"name":"Inicio","item":"https:\/\/masquenoticias.mx\/"},{"@type":"ListItem","position":2,"name":"Drake Bell es aclamado tras el concierto gratuito en la Feria de Colima"}]},{"@type":"WebSite","@id":"https:\/\/masquenoticias.mx\/#website","url":"https:\/\/masquenoticias.mx\/","name":"M\u00e1s Que Noticias","description":"Noticias de Colima, M\u00e9xico y el Mundo","publisher":{"@id":"https:\/\/masquenoticias.mx\/#organization"},"potentialAction":[{"@type":"SearchAction","target":{"@type":"EntryPoint","urlTemplate":"https:\/\/masquenoticias.mx\/?s={search_term_string}"},"query-input":{"@type":"PropertyValueSpecification","valueRequired":true,"valueName":"search_term_string"}}],"inLanguage":"es"},{"@type":"Organization","@id":"https:\/\/masquenoticias.mx\/#organization","name":"M\u00e1s Que Noticias","url":"https:\/\/masquenoticias.mx\/","logo":{"@type":"ImageObject","inLanguage":"es","@id":"https:\/\/masquenoticias.mx\/#\/schema\/logo\/image\/","url":"https:\/\/i0.wp.com\/masquenoticias.mx\/wp-content\/uploads\/2024\/04\/IMG_0004.png?fit=2560%2C1656&ssl=1","contentUrl":"https:\/\/i0.wp.com\/masquenoticias.mx\/wp-content\/uploads\/2024\/04\/IMG_0004.png?fit=2560%2C1656&ssl=1","width":2560,"height":1656,"caption":"M\u00e1s Que Noticias"},"image":{"@id":"https:\/\/masquenoticias.mx\/#\/schema\/logo\/image\/"},"sameAs":["https:\/\/www.facebook.com\/masquenoticiascolima","https:\/\/x.com\/edgartove","https:\/\/www.instagram.com\/masquenoticiascolima\/"]},{"@type":"Person","@id":"https:\/\/masquenoticias.mx\/#\/schema\/person\/544d19989ef23d34615f691f7a96e622","name":"Redacci\u00f3n","image":{"@type":"ImageObject","inLanguage":"es","@id":"https:\/\/masquenoticias.mx\/#\/schema\/person\/image\/","url":"https:\/\/secure.gravatar.com\/avatar\/7fcc926d5b058d3f3d52d95b4d05dd58?s=96&d=mm&r=g","contentUrl":"https:\/\/secure.gravatar.com\/avatar\/7fcc926d5b058d3f3d52d95b4d05dd58?s=96&d=mm&r=g","caption":"Redacci\u00f3n"},"sameAs":["http:\/\/masquenoticias.mx"],"url":"https:\/\/masquenoticias.mx\/index.php\/author\/edgartovegmail-com\/"}]}},"jetpack_featured_media_url":"https:\/\/i0.wp.com\/masquenoticias.mx\/wp-content\/uploads\/2024\/11\/c7dc65e4-2ba1-41b7-b84b-5d8784a8e60d-1.jpg?fit=1600%2C1066&ssl=1","blog_post_layout_featured_media_urls":{"thumbnail":["https:\/\/i0.wp.com\/masquenoticias.mx\/wp-content\/uploads\/2024\/11\/c7dc65e4-2ba1-41b7-b84b-5d8784a8e60d-1.jpg?resize=150%2C150&ssl=1",150,150,true],"full":["https:\/\/i0.wp.com\/masquenoticias.mx\/wp-content\/uploads\/2024\/11\/c7dc65e4-2ba1-41b7-b84b-5d8784a8e60d-1.jpg?fit=1600%2C1066&ssl=1",1600,1066,false]},"categories_names":{"24":{"name":"Estado","link":"https:\/\/masquenoticias.mx\/index.php\/category\/estado\/"}},"tags_names":{"196":{"name":"Iffecol","link":"https:\/\/masquenoticias.mx\/index.php\/tag\/iffecol\/"}},"comments_number":"0","wpmagazine_modules_lite_featured_media_urls":{"thumbnail":["https:\/\/i0.wp.com\/masquenoticias.mx\/wp-content\/uploads\/2024\/11\/c7dc65e4-2ba1-41b7-b84b-5d8784a8e60d-1.jpg?resize=150%2C150&ssl=1",150,150,true],"cvmm-medium":["https:\/\/i0.wp.com\/masquenoticias.mx\/wp-content\/uploads\/2024\/11\/c7dc65e4-2ba1-41b7-b84b-5d8784a8e60d-1.jpg?resize=300%2C300&ssl=1",300,300,true],"cvmm-medium-plus":["https:\/\/i0.wp.com\/masquenoticias.mx\/wp-content\/uploads\/2024\/11\/c7dc65e4-2ba1-41b7-b84b-5d8784a8e60d-1.jpg?resize=305%2C207&ssl=1",305,207,true],"cvmm-portrait":["https:\/\/i0.wp.com\/masquenoticias.mx\/wp-content\/uploads\/2024\/11\/c7dc65e4-2ba1-41b7-b84b-5d8784a8e60d-1.jpg?resize=400%2C600&ssl=1",400,600,true],"cvmm-medium-square":["https:\/\/i0.wp.com\/masquenoticias.mx\/wp-content\/uploads\/2024\/11\/c7dc65e4-2ba1-41b7-b84b-5d8784a8e60d-1.jpg?resize=600%2C600&ssl=1",600,600,true],"cvmm-large":["https:\/\/i0.wp.com\/masquenoticias.mx\/wp-content\/uploads\/2024\/11\/c7dc65e4-2ba1-41b7-b84b-5d8784a8e60d-1.jpg?resize=1024%2C1024&ssl=1",1024,1024,true],"cvmm-small":["https:\/\/i0.wp.com\/masquenoticias.mx\/wp-content\/uploads\/2024\/11\/c7dc65e4-2ba1-41b7-b84b-5d8784a8e60d-1.jpg?resize=130%2C95&ssl=1",130,95,true],"full":["https:\/\/i0.wp.com\/masquenoticias.mx\/wp-content\/uploads\/2024\/11\/c7dc65e4-2ba1-41b7-b84b-5d8784a8e60d-1.jpg?fit=1600%2C1066&ssl=1",1600,1066,false]},"jetpack-related-posts":[],"jetpack_sharing_enabled":true,"jetpack_likes_enabled":true,"jetpack_shortlink":"https:\/\/wp.me\/pf7pkt-35X","_links":{"self":[{"href":"https:\/\/masquenoticias.mx\/index.php\/wp-json\/wp\/v2\/posts\/11901","targetHints":{"allow":["GET"]}}],"collection":[{"href":"https:\/\/masquenoticias.mx\/index.php\/wp-json\/wp\/v2\/posts"}],"about":[{"href":"https:\/\/masquenoticias.mx\/index.php\/wp-json\/wp\/v2\/types\/post"}],"author":[{"embeddable":true,"href":"https:\/\/masquenoticias.mx\/index.php\/wp-json\/wp\/v2\/users\/1"}],"replies":[{"embeddable":true,"href":"https:\/\/masquenoticias.mx\/index.php\/wp-json\/wp\/v2\/comments?post=11901"}],"version-history":[{"count":1,"href":"https:\/\/masquenoticias.mx\/index.php\/wp-json\/wp\/v2\/posts\/11901\/revisions"}],"predecessor-version":[{"id":11902,"href":"https:\/\/masquenoticias.mx\/index.php\/wp-json\/wp\/v2\/posts\/11901\/revisions\/11902"}],"wp:featuredmedia":[{"embeddable":true,"href":"https:\/\/masquenoticias.mx\/index.php\/wp-json\/wp\/v2\/media\/11900"}],"wp:attachment":[{"href":"https:\/\/masquenoticias.mx\/index.php\/wp-json\/wp\/v2\/media?parent=11901"}],"wp:term":[{"taxonomy":"category","embeddable":true,"href":"https:\/\/masquenoticias.mx\/index.php\/wp-json\/wp\/v2\/categories?post=11901"},{"taxonomy":"post_tag","embeddable":true,"href":"https:\/\/masquenoticias.mx\/index.php\/wp-json\/wp\/v2\/tags?post=11901"}],"curies":[{"name":"wp","href":"https:\/\/api.w.org\/{rel}","templated":true}]}}