{"id":1190,"date":"2023-05-16T18:19:07","date_gmt":"2023-05-17T00:19:07","guid":{"rendered":"https:\/\/masquenoticias.mx\/?p=1190"},"modified":"2023-05-16T18:19:07","modified_gmt":"2023-05-17T00:19:07","slug":"indira-queremos-trabajar-con-el-sector-privado-que-busca-el-bien-de-colima","status":"publish","type":"post","link":"https:\/\/masquenoticias.mx\/index.php\/2023\/05\/16\/indira-queremos-trabajar-con-el-sector-privado-que-busca-el-bien-de-colima\/","title":{"rendered":"Indira: queremos trabajar con el sector privado que busca el bien de Colima"},"content":{"rendered":"<p>La tarde de este martes, la gobernadora Indira Vizca\u00edno Silva particip\u00f3 en el Cuarto Encuentro Empresarial AFIRME, donde reiter\u00f3 todo el respaldo de su administraci\u00f3n para quienes integran el sector privado, particularmente con aquellas empresarias y empresarios que buscan hacer el bien al estado de Colima.<\/p>\n<p>Durante el encuentro, cuyo objetivo fue actualizar a las y los empresarios sobre las perspectivas econ\u00f3micas para 2023 a nivel local como global, la mandataria resalt\u00f3 que Banca AFIRME se ha convertido en aliada del Gobierno del Estado en el prop\u00f3sito de diversificar la banca, para llegar cada vez a m\u00e1s personas, como tambi\u00e9n ha hecho el Gobierno de M\u00e9xico al crear el Banco del Bienestar.<\/p>\n<p>\u201cComo en todos los casos que tengan que ver con el sector empresarial, con inversi\u00f3n privada, siempre vamos a insistir que son aliadas y aliados de Colima y nosotros como Gobierno del Estado, queremos ser aliados de las empresas particulares y que el capital privado vea con buenos ojos a Colima, de estos buenos y buenas empresarias que generan cosas para que Colima siga creciendo y se siga desarrollando\u201d, puntualiz\u00f3 Indira.<\/p>\n<p>Agreg\u00f3 que esa alianza se ha podido encontrar con Banca AFIRME, en el desarrollo que han buscado hacer desde la perspectiva de crecimiento de su propia empresa, pero tambi\u00e9n al generar mejores condiciones a quienes recurren a la misma; \u201cpara nosotros eso es muy importante, porque queremos trabajar con el sector privado, particularmente con quienes buscan hacer el bien a nuestro estado\u201d.<\/p>\n<p>Vizca\u00edno Silva destac\u00f3 la importancia que tiene para Colima contar con el puerto de Manzanillo y record\u00f3 que se est\u00e1 a la espera de su posible ampliaci\u00f3n, lo que significar\u00e1 diversos retos no s\u00f3lo en infraestructura, sino tambi\u00e9n en t\u00e9rminos de mano de obra.<\/p>\n<p>Sobre el proyecto que present\u00f3 uno de los socios de AFIRME, para construir un hospital privado de segundo nivel en Manzanillo, Indira ofreci\u00f3 todo el respaldo que requieran, pues dijo que esto vendr\u00eda a fortalecer al estado y al municipio, no s\u00f3lo al puerto, sino tambi\u00e9n en lo relacionado con el turismo; \u201clo vemos con muy buenos ojos, creo que va a ser bien recibido por la poblaci\u00f3n de Manzanillo y por el estado mismo\u201d.<\/p>\n<p>La titular del Poder Ejecutivo estatal agradeci\u00f3 la invitaci\u00f3n a participar en este encuentro, en el que adem\u00e1s de hablar de la importancia de AFIRME en el estado, de la promoci\u00f3n y confianza que ha tenido en muchas de las empresas colimenses para que sigan creciendo y apostando a Colima, da tambi\u00e9n la oportunidad de conocer toda la disposici\u00f3n y el ingenio que tiene el sector empresarial para seguir dando lo mejor de s\u00ed en favor de Colima<\/p>\n<p>Carlos Alberto Pedraza Espinoza, director divisional de Occidente de AFIRME, adem\u00e1s de agradecer a la gobernadora por asistir a este encuentro, le ofreci\u00f3 en nombre de las y los presentes, todo el respaldo necesario para que todos sus proyectos tengan buen fin y puedan llevarse a cabo, en beneficio de Colima y de la poblaci\u00f3n colimense.<\/p>\n","protected":false},"excerpt":{"rendered":"<p>La tarde de este martes, la gobernadora Indira Vizca\u00edno Silva particip\u00f3 en el Cuarto Encuentro Empresarial AFIRME, donde reiter\u00f3 todo el respaldo de su administraci\u00f3n para quienes integran el sector privado, particularmente con aquellas empresarias y empresarios que buscan hacer el bien al estado de Colima. Durante el encuentro, cuyo objetivo fue actualizar a las [&hellip;]<\/p>\n","protected":false},"author":1,"featured_media":1191,"comment_status":"open","ping_status":"open","sticky":false,"template":"","format":"standard","meta":{"_jetpack_memberships_contains_paid_content":false,"footnotes":""},"categories":[24],"tags":[72,26],"class_list":["post-1190","post","type-post","status-publish","format-standard","has-post-thumbnail","hentry","category-estado","tag-gobierno","tag-indira-vizcaino"],"yoast_head":"<!-- This site is optimized with the Yoast SEO plugin v26.6 - https:\/\/yoast.com\/wordpress\/plugins\/seo\/ -->\n<title>Indira: queremos trabajar con el sector privado que busca el bien de Colima - M\u00e1s Que Noticias<\/title>\n<meta name=\"robots\" content=\"index, follow, max-snippet:-1, max-image-preview:large, max-video-preview:-1\" \/>\n<link rel=\"canonical\" href=\"https:\/\/masquenoticias.mx\/index.php\/2023\/05\/16\/indira-queremos-trabajar-con-el-sector-privado-que-busca-el-bien-de-colima\/\" \/>\n<meta property=\"og:locale\" content=\"es_MX\" \/>\n<meta property=\"og:type\" content=\"article\" \/>\n<meta property=\"og:title\" content=\"Indira: queremos trabajar con el sector privado que busca el bien de Colima - M\u00e1s Que Noticias\" \/>\n<meta property=\"og:description\" content=\"La tarde de este martes, la gobernadora Indira Vizca\u00edno Silva particip\u00f3 en el Cuarto Encuentro Empresarial AFIRME, donde reiter\u00f3 todo el respaldo de su administraci\u00f3n para quienes integran el sector privado, particularmente con aquellas empresarias y empresarios que buscan hacer el bien al estado de Colima. Durante el encuentro, cuyo objetivo fue actualizar a las [&hellip;]\" \/>\n<meta property=\"og:url\" content=\"https:\/\/masquenoticias.mx\/index.php\/2023\/05\/16\/indira-queremos-trabajar-con-el-sector-privado-que-busca-el-bien-de-colima\/\" \/>\n<meta property=\"og:site_name\" content=\"M\u00e1s Que Noticias\" \/>\n<meta property=\"article:publisher\" content=\"https:\/\/www.facebook.com\/masquenoticiascolima\" \/>\n<meta property=\"article:published_time\" content=\"2023-05-17T00:19:07+00:00\" \/>\n<meta property=\"og:image\" content=\"https:\/\/i0.wp.com\/masquenoticias.mx\/wp-content\/uploads\/2023\/05\/Indira-reunion-empresarios-2.jpeg?fit=1280%2C853&ssl=1\" \/>\n\t<meta property=\"og:image:width\" content=\"1280\" \/>\n\t<meta property=\"og:image:height\" content=\"853\" \/>\n\t<meta property=\"og:image:type\" content=\"image\/jpeg\" \/>\n<meta name=\"author\" content=\"Redacci\u00f3n\" \/>\n<meta name=\"twitter:card\" content=\"summary_large_image\" \/>\n<meta name=\"twitter:creator\" content=\"@edgartove\" \/>\n<meta name=\"twitter:site\" content=\"@edgartove\" \/>\n<meta name=\"twitter:label1\" content=\"Escrito por\" \/>\n\t<meta name=\"twitter:data1\" content=\"Redacci\u00f3n\" \/>\n\t<meta name=\"twitter:label2\" content=\"Tiempo de lectura\" \/>\n\t<meta name=\"twitter:data2\" content=\"3 minutos\" \/>\n<script type=\"application\/ld+json\" class=\"yoast-schema-graph\">{\"@context\":\"https:\/\/schema.org\",\"@graph\":[{\"@type\":\"Article\",\"@id\":\"https:\/\/masquenoticias.mx\/index.php\/2023\/05\/16\/indira-queremos-trabajar-con-el-sector-privado-que-busca-el-bien-de-colima\/#article\",\"isPartOf\":{\"@id\":\"https:\/\/masquenoticias.mx\/index.php\/2023\/05\/16\/indira-queremos-trabajar-con-el-sector-privado-que-busca-el-bien-de-colima\/\"},\"author\":{\"name\":\"Redacci\u00f3n\",\"@id\":\"https:\/\/masquenoticias.mx\/#\/schema\/person\/544d19989ef23d34615f691f7a96e622\"},\"headline\":\"Indira: queremos trabajar con el sector privado que busca el bien de Colima\",\"datePublished\":\"2023-05-17T00:19:07+00:00\",\"mainEntityOfPage\":{\"@id\":\"https:\/\/masquenoticias.mx\/index.php\/2023\/05\/16\/indira-queremos-trabajar-con-el-sector-privado-que-busca-el-bien-de-colima\/\"},\"wordCount\":535,\"commentCount\":0,\"publisher\":{\"@id\":\"https:\/\/masquenoticias.mx\/#organization\"},\"image\":{\"@id\":\"https:\/\/masquenoticias.mx\/index.php\/2023\/05\/16\/indira-queremos-trabajar-con-el-sector-privado-que-busca-el-bien-de-colima\/#primaryimage\"},\"thumbnailUrl\":\"https:\/\/i0.wp.com\/masquenoticias.mx\/wp-content\/uploads\/2023\/05\/Indira-reunion-empresarios-2.jpeg?fit=1280%2C853&ssl=1\",\"keywords\":[\"Gobierno\",\"Indira Vizca\u00edno\"],\"articleSection\":[\"Estado\"],\"inLanguage\":\"es\",\"potentialAction\":[{\"@type\":\"CommentAction\",\"name\":\"Comment\",\"target\":[\"https:\/\/masquenoticias.mx\/index.php\/2023\/05\/16\/indira-queremos-trabajar-con-el-sector-privado-que-busca-el-bien-de-colima\/#respond\"]}]},{\"@type\":\"WebPage\",\"@id\":\"https:\/\/masquenoticias.mx\/index.php\/2023\/05\/16\/indira-queremos-trabajar-con-el-sector-privado-que-busca-el-bien-de-colima\/\",\"url\":\"https:\/\/masquenoticias.mx\/index.php\/2023\/05\/16\/indira-queremos-trabajar-con-el-sector-privado-que-busca-el-bien-de-colima\/\",\"name\":\"Indira: queremos trabajar con el sector privado que busca el bien de Colima - M\u00e1s Que Noticias\",\"isPartOf\":{\"@id\":\"https:\/\/masquenoticias.mx\/#website\"},\"primaryImageOfPage\":{\"@id\":\"https:\/\/masquenoticias.mx\/index.php\/2023\/05\/16\/indira-queremos-trabajar-con-el-sector-privado-que-busca-el-bien-de-colima\/#primaryimage\"},\"image\":{\"@id\":\"https:\/\/masquenoticias.mx\/index.php\/2023\/05\/16\/indira-queremos-trabajar-con-el-sector-privado-que-busca-el-bien-de-colima\/#primaryimage\"},\"thumbnailUrl\":\"https:\/\/i0.wp.com\/masquenoticias.mx\/wp-content\/uploads\/2023\/05\/Indira-reunion-empresarios-2.jpeg?fit=1280%2C853&ssl=1\",\"datePublished\":\"2023-05-17T00:19:07+00:00\",\"breadcrumb\":{\"@id\":\"https:\/\/masquenoticias.mx\/index.php\/2023\/05\/16\/indira-queremos-trabajar-con-el-sector-privado-que-busca-el-bien-de-colima\/#breadcrumb\"},\"inLanguage\":\"es\",\"potentialAction\":[{\"@type\":\"ReadAction\",\"target\":[\"https:\/\/masquenoticias.mx\/index.php\/2023\/05\/16\/indira-queremos-trabajar-con-el-sector-privado-que-busca-el-bien-de-colima\/\"]}]},{\"@type\":\"ImageObject\",\"inLanguage\":\"es\",\"@id\":\"https:\/\/masquenoticias.mx\/index.php\/2023\/05\/16\/indira-queremos-trabajar-con-el-sector-privado-que-busca-el-bien-de-colima\/#primaryimage\",\"url\":\"https:\/\/i0.wp.com\/masquenoticias.mx\/wp-content\/uploads\/2023\/05\/Indira-reunion-empresarios-2.jpeg?fit=1280%2C853&ssl=1\",\"contentUrl\":\"https:\/\/i0.wp.com\/masquenoticias.mx\/wp-content\/uploads\/2023\/05\/Indira-reunion-empresarios-2.jpeg?fit=1280%2C853&ssl=1\",\"width\":1280,\"height\":853},{\"@type\":\"BreadcrumbList\",\"@id\":\"https:\/\/masquenoticias.mx\/index.php\/2023\/05\/16\/indira-queremos-trabajar-con-el-sector-privado-que-busca-el-bien-de-colima\/#breadcrumb\",\"itemListElement\":[{\"@type\":\"ListItem\",\"position\":1,\"name\":\"Inicio\",\"item\":\"https:\/\/masquenoticias.mx\/\"},{\"@type\":\"ListItem\",\"position\":2,\"name\":\"Indira: queremos trabajar con el sector privado que busca el bien de Colima\"}]},{\"@type\":\"WebSite\",\"@id\":\"https:\/\/masquenoticias.mx\/#website\",\"url\":\"https:\/\/masquenoticias.mx\/\",\"name\":\"M\u00e1s Que Noticias\",\"description\":\"Noticias de Colima, M\u00e9xico y el Mundo\",\"publisher\":{\"@id\":\"https:\/\/masquenoticias.mx\/#organization\"},\"potentialAction\":[{\"@type\":\"SearchAction\",\"target\":{\"@type\":\"EntryPoint\",\"urlTemplate\":\"https:\/\/masquenoticias.mx\/?s={search_term_string}\"},\"query-input\":{\"@type\":\"PropertyValueSpecification\",\"valueRequired\":true,\"valueName\":\"search_term_string\"}}],\"inLanguage\":\"es\"},{\"@type\":\"Organization\",\"@id\":\"https:\/\/masquenoticias.mx\/#organization\",\"name\":\"M\u00e1s Que Noticias\",\"url\":\"https:\/\/masquenoticias.mx\/\",\"logo\":{\"@type\":\"ImageObject\",\"inLanguage\":\"es\",\"@id\":\"https:\/\/masquenoticias.mx\/#\/schema\/logo\/image\/\",\"url\":\"https:\/\/i0.wp.com\/masquenoticias.mx\/wp-content\/uploads\/2024\/04\/IMG_0004.png?fit=2560%2C1656&ssl=1\",\"contentUrl\":\"https:\/\/i0.wp.com\/masquenoticias.mx\/wp-content\/uploads\/2024\/04\/IMG_0004.png?fit=2560%2C1656&ssl=1\",\"width\":2560,\"height\":1656,\"caption\":\"M\u00e1s Que Noticias\"},\"image\":{\"@id\":\"https:\/\/masquenoticias.mx\/#\/schema\/logo\/image\/\"},\"sameAs\":[\"https:\/\/www.facebook.com\/masquenoticiascolima\",\"https:\/\/x.com\/edgartove\",\"https:\/\/www.instagram.com\/masquenoticiascolima\/\"]},{\"@type\":\"Person\",\"@id\":\"https:\/\/masquenoticias.mx\/#\/schema\/person\/544d19989ef23d34615f691f7a96e622\",\"name\":\"Redacci\u00f3n\",\"image\":{\"@type\":\"ImageObject\",\"inLanguage\":\"es\",\"@id\":\"https:\/\/masquenoticias.mx\/#\/schema\/person\/image\/\",\"url\":\"https:\/\/secure.gravatar.com\/avatar\/7fcc926d5b058d3f3d52d95b4d05dd58?s=96&d=mm&r=g\",\"contentUrl\":\"https:\/\/secure.gravatar.com\/avatar\/7fcc926d5b058d3f3d52d95b4d05dd58?s=96&d=mm&r=g\",\"caption\":\"Redacci\u00f3n\"},\"sameAs\":[\"http:\/\/masquenoticias.mx\"],\"url\":\"https:\/\/masquenoticias.mx\/index.php\/author\/edgartovegmail-com\/\"}]}<\/script>\n<!-- \/ Yoast SEO plugin. -->","yoast_head_json":{"title":"Indira: queremos trabajar con el sector privado que busca el bien de Colima - M\u00e1s Que Noticias","robots":{"index":"index","follow":"follow","max-snippet":"max-snippet:-1","max-image-preview":"max-image-preview:large","max-video-preview":"max-video-preview:-1"},"canonical":"https:\/\/masquenoticias.mx\/index.php\/2023\/05\/16\/indira-queremos-trabajar-con-el-sector-privado-que-busca-el-bien-de-colima\/","og_locale":"es_MX","og_type":"article","og_title":"Indira: queremos trabajar con el sector privado que busca el bien de Colima - M\u00e1s Que Noticias","og_description":"La tarde de este martes, la gobernadora Indira Vizca\u00edno Silva particip\u00f3 en el Cuarto Encuentro Empresarial AFIRME, donde reiter\u00f3 todo el respaldo de su administraci\u00f3n para quienes integran el sector privado, particularmente con aquellas empresarias y empresarios que buscan hacer el bien al estado de Colima. Durante el encuentro, cuyo objetivo fue actualizar a las [&hellip;]","og_url":"https:\/\/masquenoticias.mx\/index.php\/2023\/05\/16\/indira-queremos-trabajar-con-el-sector-privado-que-busca-el-bien-de-colima\/","og_site_name":"M\u00e1s Que Noticias","article_publisher":"https:\/\/www.facebook.com\/masquenoticiascolima","article_published_time":"2023-05-17T00:19:07+00:00","og_image":[{"width":1280,"height":853,"url":"https:\/\/i0.wp.com\/masquenoticias.mx\/wp-content\/uploads\/2023\/05\/Indira-reunion-empresarios-2.jpeg?fit=1280%2C853&ssl=1","type":"image\/jpeg"}],"author":"Redacci\u00f3n","twitter_card":"summary_large_image","twitter_creator":"@edgartove","twitter_site":"@edgartove","twitter_misc":{"Escrito por":"Redacci\u00f3n","Tiempo de lectura":"3 minutos"},"schema":{"@context":"https:\/\/schema.org","@graph":[{"@type":"Article","@id":"https:\/\/masquenoticias.mx\/index.php\/2023\/05\/16\/indira-queremos-trabajar-con-el-sector-privado-que-busca-el-bien-de-colima\/#article","isPartOf":{"@id":"https:\/\/masquenoticias.mx\/index.php\/2023\/05\/16\/indira-queremos-trabajar-con-el-sector-privado-que-busca-el-bien-de-colima\/"},"author":{"name":"Redacci\u00f3n","@id":"https:\/\/masquenoticias.mx\/#\/schema\/person\/544d19989ef23d34615f691f7a96e622"},"headline":"Indira: queremos trabajar con el sector privado que busca el bien de Colima","datePublished":"2023-05-17T00:19:07+00:00","mainEntityOfPage":{"@id":"https:\/\/masquenoticias.mx\/index.php\/2023\/05\/16\/indira-queremos-trabajar-con-el-sector-privado-que-busca-el-bien-de-colima\/"},"wordCount":535,"commentCount":0,"publisher":{"@id":"https:\/\/masquenoticias.mx\/#organization"},"image":{"@id":"https:\/\/masquenoticias.mx\/index.php\/2023\/05\/16\/indira-queremos-trabajar-con-el-sector-privado-que-busca-el-bien-de-colima\/#primaryimage"},"thumbnailUrl":"https:\/\/i0.wp.com\/masquenoticias.mx\/wp-content\/uploads\/2023\/05\/Indira-reunion-empresarios-2.jpeg?fit=1280%2C853&ssl=1","keywords":["Gobierno","Indira Vizca\u00edno"],"articleSection":["Estado"],"inLanguage":"es","potentialAction":[{"@type":"CommentAction","name":"Comment","target":["https:\/\/masquenoticias.mx\/index.php\/2023\/05\/16\/indira-queremos-trabajar-con-el-sector-privado-que-busca-el-bien-de-colima\/#respond"]}]},{"@type":"WebPage","@id":"https:\/\/masquenoticias.mx\/index.php\/2023\/05\/16\/indira-queremos-trabajar-con-el-sector-privado-que-busca-el-bien-de-colima\/","url":"https:\/\/masquenoticias.mx\/index.php\/2023\/05\/16\/indira-queremos-trabajar-con-el-sector-privado-que-busca-el-bien-de-colima\/","name":"Indira: queremos trabajar con el sector privado que busca el bien de Colima - M\u00e1s Que Noticias","isPartOf":{"@id":"https:\/\/masquenoticias.mx\/#website"},"primaryImageOfPage":{"@id":"https:\/\/masquenoticias.mx\/index.php\/2023\/05\/16\/indira-queremos-trabajar-con-el-sector-privado-que-busca-el-bien-de-colima\/#primaryimage"},"image":{"@id":"https:\/\/masquenoticias.mx\/index.php\/2023\/05\/16\/indira-queremos-trabajar-con-el-sector-privado-que-busca-el-bien-de-colima\/#primaryimage"},"thumbnailUrl":"https:\/\/i0.wp.com\/masquenoticias.mx\/wp-content\/uploads\/2023\/05\/Indira-reunion-empresarios-2.jpeg?fit=1280%2C853&ssl=1","datePublished":"2023-05-17T00:19:07+00:00","breadcrumb":{"@id":"https:\/\/masquenoticias.mx\/index.php\/2023\/05\/16\/indira-queremos-trabajar-con-el-sector-privado-que-busca-el-bien-de-colima\/#breadcrumb"},"inLanguage":"es","potentialAction":[{"@type":"ReadAction","target":["https:\/\/masquenoticias.mx\/index.php\/2023\/05\/16\/indira-queremos-trabajar-con-el-sector-privado-que-busca-el-bien-de-colima\/"]}]},{"@type":"ImageObject","inLanguage":"es","@id":"https:\/\/masquenoticias.mx\/index.php\/2023\/05\/16\/indira-queremos-trabajar-con-el-sector-privado-que-busca-el-bien-de-colima\/#primaryimage","url":"https:\/\/i0.wp.com\/masquenoticias.mx\/wp-content\/uploads\/2023\/05\/Indira-reunion-empresarios-2.jpeg?fit=1280%2C853&ssl=1","contentUrl":"https:\/\/i0.wp.com\/masquenoticias.mx\/wp-content\/uploads\/2023\/05\/Indira-reunion-empresarios-2.jpeg?fit=1280%2C853&ssl=1","width":1280,"height":853},{"@type":"BreadcrumbList","@id":"https:\/\/masquenoticias.mx\/index.php\/2023\/05\/16\/indira-queremos-trabajar-con-el-sector-privado-que-busca-el-bien-de-colima\/#breadcrumb","itemListElement":[{"@type":"ListItem","position":1,"name":"Inicio","item":"https:\/\/masquenoticias.mx\/"},{"@type":"ListItem","position":2,"name":"Indira: queremos trabajar con el sector privado que busca el bien de Colima"}]},{"@type":"WebSite","@id":"https:\/\/masquenoticias.mx\/#website","url":"https:\/\/masquenoticias.mx\/","name":"M\u00e1s Que Noticias","description":"Noticias de Colima, M\u00e9xico y el Mundo","publisher":{"@id":"https:\/\/masquenoticias.mx\/#organization"},"potentialAction":[{"@type":"SearchAction","target":{"@type":"EntryPoint","urlTemplate":"https:\/\/masquenoticias.mx\/?s={search_term_string}"},"query-input":{"@type":"PropertyValueSpecification","valueRequired":true,"valueName":"search_term_string"}}],"inLanguage":"es"},{"@type":"Organization","@id":"https:\/\/masquenoticias.mx\/#organization","name":"M\u00e1s Que Noticias","url":"https:\/\/masquenoticias.mx\/","logo":{"@type":"ImageObject","inLanguage":"es","@id":"https:\/\/masquenoticias.mx\/#\/schema\/logo\/image\/","url":"https:\/\/i0.wp.com\/masquenoticias.mx\/wp-content\/uploads\/2024\/04\/IMG_0004.png?fit=2560%2C1656&ssl=1","contentUrl":"https:\/\/i0.wp.com\/masquenoticias.mx\/wp-content\/uploads\/2024\/04\/IMG_0004.png?fit=2560%2C1656&ssl=1","width":2560,"height":1656,"caption":"M\u00e1s Que Noticias"},"image":{"@id":"https:\/\/masquenoticias.mx\/#\/schema\/logo\/image\/"},"sameAs":["https:\/\/www.facebook.com\/masquenoticiascolima","https:\/\/x.com\/edgartove","https:\/\/www.instagram.com\/masquenoticiascolima\/"]},{"@type":"Person","@id":"https:\/\/masquenoticias.mx\/#\/schema\/person\/544d19989ef23d34615f691f7a96e622","name":"Redacci\u00f3n","image":{"@type":"ImageObject","inLanguage":"es","@id":"https:\/\/masquenoticias.mx\/#\/schema\/person\/image\/","url":"https:\/\/secure.gravatar.com\/avatar\/7fcc926d5b058d3f3d52d95b4d05dd58?s=96&d=mm&r=g","contentUrl":"https:\/\/secure.gravatar.com\/avatar\/7fcc926d5b058d3f3d52d95b4d05dd58?s=96&d=mm&r=g","caption":"Redacci\u00f3n"},"sameAs":["http:\/\/masquenoticias.mx"],"url":"https:\/\/masquenoticias.mx\/index.php\/author\/edgartovegmail-com\/"}]}},"jetpack_featured_media_url":"https:\/\/i0.wp.com\/masquenoticias.mx\/wp-content\/uploads\/2023\/05\/Indira-reunion-empresarios-2.jpeg?fit=1280%2C853&ssl=1","blog_post_layout_featured_media_urls":{"thumbnail":["https:\/\/i0.wp.com\/masquenoticias.mx\/wp-content\/uploads\/2023\/05\/Indira-reunion-empresarios-2.jpeg?resize=150%2C150&ssl=1",150,150,true],"full":["https:\/\/i0.wp.com\/masquenoticias.mx\/wp-content\/uploads\/2023\/05\/Indira-reunion-empresarios-2.jpeg?fit=1280%2C853&ssl=1",1280,853,false]},"categories_names":{"24":{"name":"Estado","link":"https:\/\/masquenoticias.mx\/index.php\/category\/estado\/"}},"tags_names":{"72":{"name":"Gobierno","link":"https:\/\/masquenoticias.mx\/index.php\/tag\/gobierno\/"},"26":{"name":"Indira Vizca\u00edno","link":"https:\/\/masquenoticias.mx\/index.php\/tag\/indira-vizcaino\/"}},"comments_number":"0","wpmagazine_modules_lite_featured_media_urls":{"thumbnail":["https:\/\/i0.wp.com\/masquenoticias.mx\/wp-content\/uploads\/2023\/05\/Indira-reunion-empresarios-2.jpeg?resize=150%2C150&ssl=1",150,150,true],"cvmm-medium":["https:\/\/i0.wp.com\/masquenoticias.mx\/wp-content\/uploads\/2023\/05\/Indira-reunion-empresarios-2.jpeg?resize=300%2C300&ssl=1",300,300,true],"cvmm-medium-plus":["https:\/\/i0.wp.com\/masquenoticias.mx\/wp-content\/uploads\/2023\/05\/Indira-reunion-empresarios-2.jpeg?resize=305%2C207&ssl=1",305,207,true],"cvmm-portrait":["https:\/\/i0.wp.com\/masquenoticias.mx\/wp-content\/uploads\/2023\/05\/Indira-reunion-empresarios-2.jpeg?resize=400%2C600&ssl=1",400,600,true],"cvmm-medium-square":["https:\/\/i0.wp.com\/masquenoticias.mx\/wp-content\/uploads\/2023\/05\/Indira-reunion-empresarios-2.jpeg?resize=600%2C600&ssl=1",600,600,true],"cvmm-large":["https:\/\/i0.wp.com\/masquenoticias.mx\/wp-content\/uploads\/2023\/05\/Indira-reunion-empresarios-2.jpeg?resize=1024%2C853&ssl=1",1024,853,true],"cvmm-small":["https:\/\/i0.wp.com\/masquenoticias.mx\/wp-content\/uploads\/2023\/05\/Indira-reunion-empresarios-2.jpeg?resize=130%2C95&ssl=1",130,95,true],"full":["https:\/\/i0.wp.com\/masquenoticias.mx\/wp-content\/uploads\/2023\/05\/Indira-reunion-empresarios-2.jpeg?fit=1280%2C853&ssl=1",1280,853,false]},"jetpack-related-posts":[],"jetpack_sharing_enabled":true,"jetpack_likes_enabled":true,"jetpack_shortlink":"https:\/\/wp.me\/pf7pkt-jc","_links":{"self":[{"href":"https:\/\/masquenoticias.mx\/index.php\/wp-json\/wp\/v2\/posts\/1190","targetHints":{"allow":["GET"]}}],"collection":[{"href":"https:\/\/masquenoticias.mx\/index.php\/wp-json\/wp\/v2\/posts"}],"about":[{"href":"https:\/\/masquenoticias.mx\/index.php\/wp-json\/wp\/v2\/types\/post"}],"author":[{"embeddable":true,"href":"https:\/\/masquenoticias.mx\/index.php\/wp-json\/wp\/v2\/users\/1"}],"replies":[{"embeddable":true,"href":"https:\/\/masquenoticias.mx\/index.php\/wp-json\/wp\/v2\/comments?post=1190"}],"version-history":[{"count":0,"href":"https:\/\/masquenoticias.mx\/index.php\/wp-json\/wp\/v2\/posts\/1190\/revisions"}],"wp:featuredmedia":[{"embeddable":true,"href":"https:\/\/masquenoticias.mx\/index.php\/wp-json\/wp\/v2\/media\/1191"}],"wp:attachment":[{"href":"https:\/\/masquenoticias.mx\/index.php\/wp-json\/wp\/v2\/media?parent=1190"}],"wp:term":[{"taxonomy":"category","embeddable":true,"href":"https:\/\/masquenoticias.mx\/index.php\/wp-json\/wp\/v2\/categories?post=1190"},{"taxonomy":"post_tag","embeddable":true,"href":"https:\/\/masquenoticias.mx\/index.php\/wp-json\/wp\/v2\/tags?post=1190"}],"curies":[{"name":"wp","href":"https:\/\/api.w.org\/{rel}","templated":true}]}}