{"id":10799,"date":"2024-10-07T12:08:38","date_gmt":"2024-10-07T18:08:38","guid":{"rendered":"https:\/\/masquenoticias.mx\/?p=10799"},"modified":"2024-10-07T12:08:38","modified_gmt":"2024-10-07T18:08:38","slug":"gobierno-de-colima-participa-en-foro-internacional-impactos-del-cambio-climatico-en-los-oceanos-en-taiwan","status":"publish","type":"post","link":"https:\/\/masquenoticias.mx\/index.php\/2024\/10\/07\/gobierno-de-colima-participa-en-foro-internacional-impactos-del-cambio-climatico-en-los-oceanos-en-taiwan\/","title":{"rendered":"Gobierno de Colima participa en Foro Internacional Impactos del Cambio Clim\u00e1tico en los Oc\u00e9anos, en Taiw\u00e1n"},"content":{"rendered":"<p>El Gobierno del Estado de Colima, a trav\u00e9s del Instituto para el Medio Ambiente y Desarrollo Sustentable (Imades), participa del Foro Internacional sobre los Impactos del Cambio Clim\u00e1tico en los Oc\u00e9anos, organizado por el Marco Global de Cooperaci\u00f3n y Capacitaci\u00f3n (GCTF) en Taiw\u00e1n. El evento reuni\u00f3 a expertos internacionales con el objetivo de intercambiar perspectivas y mecanismos de cooperaci\u00f3n en la lucha contra el cambio clim\u00e1tico que afecta a los oc\u00e9anos del mundo.<\/p>\n<p>La directora general del Imades, Ang\u00e9lica Lizeth Jim\u00e9nez Hern\u00e1ndez, expuso los esfuerzos realizados por el Gobierno de Colima en la mitigaci\u00f3n y adaptaci\u00f3n al cambio clim\u00e1tico, donde subray\u00f3 la creaci\u00f3n de nuevas \u00e1reas de conservaci\u00f3n como parte de una estrategia integral para proteger los ecosistemas locales. Destac\u00f3 que la colaboraci\u00f3n entre gobiernos es esencial para enfrentar estos desaf\u00edos globales.<\/p>\n<p>Durante el foro, la representante de Colima sostuvo acercamientos con el Gobierno de Belice, explorando oportunidades en la generaci\u00f3n de cr\u00e9ditos de carbono, as\u00ed como con autoridades de Taiw\u00e1n, quienes manifestaron su inter\u00e9s en colaborar en la conservaci\u00f3n de la Laguna de Cuyutl\u00e1n, con un enfoque especial en la protecci\u00f3n de los manglares.<\/p>\n<p>Adem\u00e1s, se establecieron di\u00e1logos con el gobierno de Baja California para generar alianzas en torno a las cargas fiscales por carbono, y se consolid\u00f3 un compromiso con la Secretar\u00eda de Marina (Semar) para fortalecer la conservaci\u00f3n de las aves en el Archipi\u00e9lago de Revillagigedo.<\/p>\n<p>El evento, auspiciado por el GCTF -plataforma integrada por Jap\u00f3n, Australia, Estados Unidos y Taiw\u00e1n-, brind\u00f3 una oportunidad \u00fanica para fortalecer las relaciones internacionales y explorar nuevas formas de cooperaci\u00f3n en la protecci\u00f3n de los oc\u00e9anos.<\/p>\n<p>Es importante destacar que los organizadores cubrieron costos de transporte, hospedaje y alimentaci\u00f3n de las y los participantes, lo que permiti\u00f3 una participaci\u00f3n fluida y eficaz de las delegaciones.<\/p>\n","protected":false},"excerpt":{"rendered":"<p>El Gobierno del Estado de Colima, a trav\u00e9s del Instituto para el Medio Ambiente y Desarrollo Sustentable (Imades), participa del Foro Internacional sobre los Impactos del Cambio Clim\u00e1tico en los Oc\u00e9anos, organizado por el Marco Global de Cooperaci\u00f3n y Capacitaci\u00f3n (GCTF) en Taiw\u00e1n. El evento reuni\u00f3 a expertos internacionales con el objetivo de intercambiar perspectivas [&hellip;]<\/p>\n","protected":false},"author":1,"featured_media":10800,"comment_status":"open","ping_status":"open","sticky":false,"template":"","format":"standard","meta":{"_jetpack_memberships_contains_paid_content":false,"footnotes":""},"categories":[24],"tags":[92],"class_list":["post-10799","post","type-post","status-publish","format-standard","has-post-thumbnail","hentry","category-estado","tag-imades"],"yoast_head":"<!-- This site is optimized with the Yoast SEO plugin v26.6 - https:\/\/yoast.com\/wordpress\/plugins\/seo\/ -->\n<title>Gobierno de Colima participa en Foro Internacional Impactos del Cambio Clim\u00e1tico en los Oc\u00e9anos, en Taiw\u00e1n - M\u00e1s Que Noticias<\/title>\n<meta name=\"robots\" content=\"index, follow, max-snippet:-1, max-image-preview:large, max-video-preview:-1\" \/>\n<link rel=\"canonical\" href=\"https:\/\/masquenoticias.mx\/index.php\/2024\/10\/07\/gobierno-de-colima-participa-en-foro-internacional-impactos-del-cambio-climatico-en-los-oceanos-en-taiwan\/\" \/>\n<meta property=\"og:locale\" content=\"es_MX\" \/>\n<meta property=\"og:type\" content=\"article\" \/>\n<meta property=\"og:title\" content=\"Gobierno de Colima participa en Foro Internacional Impactos del Cambio Clim\u00e1tico en los Oc\u00e9anos, en Taiw\u00e1n - M\u00e1s Que Noticias\" \/>\n<meta property=\"og:description\" content=\"El Gobierno del Estado de Colima, a trav\u00e9s del Instituto para el Medio Ambiente y Desarrollo Sustentable (Imades), participa del Foro Internacional sobre los Impactos del Cambio Clim\u00e1tico en los Oc\u00e9anos, organizado por el Marco Global de Cooperaci\u00f3n y Capacitaci\u00f3n (GCTF) en Taiw\u00e1n. El evento reuni\u00f3 a expertos internacionales con el objetivo de intercambiar perspectivas [&hellip;]\" \/>\n<meta property=\"og:url\" content=\"https:\/\/masquenoticias.mx\/index.php\/2024\/10\/07\/gobierno-de-colima-participa-en-foro-internacional-impactos-del-cambio-climatico-en-los-oceanos-en-taiwan\/\" \/>\n<meta property=\"og:site_name\" content=\"M\u00e1s Que Noticias\" \/>\n<meta property=\"article:publisher\" content=\"https:\/\/www.facebook.com\/masquenoticiascolima\" \/>\n<meta property=\"article:published_time\" content=\"2024-10-07T18:08:38+00:00\" \/>\n<meta property=\"og:image\" content=\"https:\/\/masquenoticias.mx\/wp-content\/uploads\/2024\/10\/WhatsApp-Image-2024-10-07-at-10.42.25-AM-1.jpeg\" \/>\n\t<meta property=\"og:image:width\" content=\"1280\" \/>\n\t<meta property=\"og:image:height\" content=\"960\" \/>\n\t<meta property=\"og:image:type\" content=\"image\/jpeg\" \/>\n<meta name=\"author\" content=\"Redacci\u00f3n\" \/>\n<meta name=\"twitter:card\" content=\"summary_large_image\" \/>\n<meta name=\"twitter:creator\" content=\"@edgartove\" \/>\n<meta name=\"twitter:site\" content=\"@edgartove\" \/>\n<meta name=\"twitter:label1\" content=\"Escrito por\" \/>\n\t<meta name=\"twitter:data1\" content=\"Redacci\u00f3n\" \/>\n\t<meta name=\"twitter:label2\" content=\"Tiempo de lectura\" \/>\n\t<meta name=\"twitter:data2\" content=\"2 minutos\" \/>\n<script type=\"application\/ld+json\" class=\"yoast-schema-graph\">{\"@context\":\"https:\/\/schema.org\",\"@graph\":[{\"@type\":\"Article\",\"@id\":\"https:\/\/masquenoticias.mx\/index.php\/2024\/10\/07\/gobierno-de-colima-participa-en-foro-internacional-impactos-del-cambio-climatico-en-los-oceanos-en-taiwan\/#article\",\"isPartOf\":{\"@id\":\"https:\/\/masquenoticias.mx\/index.php\/2024\/10\/07\/gobierno-de-colima-participa-en-foro-internacional-impactos-del-cambio-climatico-en-los-oceanos-en-taiwan\/\"},\"author\":{\"name\":\"Redacci\u00f3n\",\"@id\":\"https:\/\/masquenoticias.mx\/#\/schema\/person\/544d19989ef23d34615f691f7a96e622\"},\"headline\":\"Gobierno de Colima participa en Foro Internacional Impactos del Cambio Clim\u00e1tico en los Oc\u00e9anos, en Taiw\u00e1n\",\"datePublished\":\"2024-10-07T18:08:38+00:00\",\"mainEntityOfPage\":{\"@id\":\"https:\/\/masquenoticias.mx\/index.php\/2024\/10\/07\/gobierno-de-colima-participa-en-foro-internacional-impactos-del-cambio-climatico-en-los-oceanos-en-taiwan\/\"},\"wordCount\":351,\"commentCount\":0,\"publisher\":{\"@id\":\"https:\/\/masquenoticias.mx\/#organization\"},\"image\":{\"@id\":\"https:\/\/masquenoticias.mx\/index.php\/2024\/10\/07\/gobierno-de-colima-participa-en-foro-internacional-impactos-del-cambio-climatico-en-los-oceanos-en-taiwan\/#primaryimage\"},\"thumbnailUrl\":\"https:\/\/i0.wp.com\/masquenoticias.mx\/wp-content\/uploads\/2024\/10\/WhatsApp-Image-2024-10-07-at-10.42.25-AM-1.jpeg?fit=1280%2C960&ssl=1\",\"keywords\":[\"Imades\"],\"articleSection\":[\"Estado\"],\"inLanguage\":\"es\",\"potentialAction\":[{\"@type\":\"CommentAction\",\"name\":\"Comment\",\"target\":[\"https:\/\/masquenoticias.mx\/index.php\/2024\/10\/07\/gobierno-de-colima-participa-en-foro-internacional-impactos-del-cambio-climatico-en-los-oceanos-en-taiwan\/#respond\"]}]},{\"@type\":\"WebPage\",\"@id\":\"https:\/\/masquenoticias.mx\/index.php\/2024\/10\/07\/gobierno-de-colima-participa-en-foro-internacional-impactos-del-cambio-climatico-en-los-oceanos-en-taiwan\/\",\"url\":\"https:\/\/masquenoticias.mx\/index.php\/2024\/10\/07\/gobierno-de-colima-participa-en-foro-internacional-impactos-del-cambio-climatico-en-los-oceanos-en-taiwan\/\",\"name\":\"Gobierno de Colima participa en Foro Internacional Impactos del Cambio Clim\u00e1tico en los Oc\u00e9anos, en Taiw\u00e1n - M\u00e1s Que Noticias\",\"isPartOf\":{\"@id\":\"https:\/\/masquenoticias.mx\/#website\"},\"primaryImageOfPage\":{\"@id\":\"https:\/\/masquenoticias.mx\/index.php\/2024\/10\/07\/gobierno-de-colima-participa-en-foro-internacional-impactos-del-cambio-climatico-en-los-oceanos-en-taiwan\/#primaryimage\"},\"image\":{\"@id\":\"https:\/\/masquenoticias.mx\/index.php\/2024\/10\/07\/gobierno-de-colima-participa-en-foro-internacional-impactos-del-cambio-climatico-en-los-oceanos-en-taiwan\/#primaryimage\"},\"thumbnailUrl\":\"https:\/\/i0.wp.com\/masquenoticias.mx\/wp-content\/uploads\/2024\/10\/WhatsApp-Image-2024-10-07-at-10.42.25-AM-1.jpeg?fit=1280%2C960&ssl=1\",\"datePublished\":\"2024-10-07T18:08:38+00:00\",\"breadcrumb\":{\"@id\":\"https:\/\/masquenoticias.mx\/index.php\/2024\/10\/07\/gobierno-de-colima-participa-en-foro-internacional-impactos-del-cambio-climatico-en-los-oceanos-en-taiwan\/#breadcrumb\"},\"inLanguage\":\"es\",\"potentialAction\":[{\"@type\":\"ReadAction\",\"target\":[\"https:\/\/masquenoticias.mx\/index.php\/2024\/10\/07\/gobierno-de-colima-participa-en-foro-internacional-impactos-del-cambio-climatico-en-los-oceanos-en-taiwan\/\"]}]},{\"@type\":\"ImageObject\",\"inLanguage\":\"es\",\"@id\":\"https:\/\/masquenoticias.mx\/index.php\/2024\/10\/07\/gobierno-de-colima-participa-en-foro-internacional-impactos-del-cambio-climatico-en-los-oceanos-en-taiwan\/#primaryimage\",\"url\":\"https:\/\/i0.wp.com\/masquenoticias.mx\/wp-content\/uploads\/2024\/10\/WhatsApp-Image-2024-10-07-at-10.42.25-AM-1.jpeg?fit=1280%2C960&ssl=1\",\"contentUrl\":\"https:\/\/i0.wp.com\/masquenoticias.mx\/wp-content\/uploads\/2024\/10\/WhatsApp-Image-2024-10-07-at-10.42.25-AM-1.jpeg?fit=1280%2C960&ssl=1\",\"width\":1280,\"height\":960},{\"@type\":\"BreadcrumbList\",\"@id\":\"https:\/\/masquenoticias.mx\/index.php\/2024\/10\/07\/gobierno-de-colima-participa-en-foro-internacional-impactos-del-cambio-climatico-en-los-oceanos-en-taiwan\/#breadcrumb\",\"itemListElement\":[{\"@type\":\"ListItem\",\"position\":1,\"name\":\"Inicio\",\"item\":\"https:\/\/masquenoticias.mx\/\"},{\"@type\":\"ListItem\",\"position\":2,\"name\":\"Gobierno de Colima participa en Foro Internacional Impactos del Cambio Clim\u00e1tico en los Oc\u00e9anos, en Taiw\u00e1n\"}]},{\"@type\":\"WebSite\",\"@id\":\"https:\/\/masquenoticias.mx\/#website\",\"url\":\"https:\/\/masquenoticias.mx\/\",\"name\":\"M\u00e1s Que Noticias\",\"description\":\"Noticias de Colima, M\u00e9xico y el Mundo\",\"publisher\":{\"@id\":\"https:\/\/masquenoticias.mx\/#organization\"},\"potentialAction\":[{\"@type\":\"SearchAction\",\"target\":{\"@type\":\"EntryPoint\",\"urlTemplate\":\"https:\/\/masquenoticias.mx\/?s={search_term_string}\"},\"query-input\":{\"@type\":\"PropertyValueSpecification\",\"valueRequired\":true,\"valueName\":\"search_term_string\"}}],\"inLanguage\":\"es\"},{\"@type\":\"Organization\",\"@id\":\"https:\/\/masquenoticias.mx\/#organization\",\"name\":\"M\u00e1s Que Noticias\",\"url\":\"https:\/\/masquenoticias.mx\/\",\"logo\":{\"@type\":\"ImageObject\",\"inLanguage\":\"es\",\"@id\":\"https:\/\/masquenoticias.mx\/#\/schema\/logo\/image\/\",\"url\":\"https:\/\/i0.wp.com\/masquenoticias.mx\/wp-content\/uploads\/2024\/04\/IMG_0004.png?fit=2560%2C1656&ssl=1\",\"contentUrl\":\"https:\/\/i0.wp.com\/masquenoticias.mx\/wp-content\/uploads\/2024\/04\/IMG_0004.png?fit=2560%2C1656&ssl=1\",\"width\":2560,\"height\":1656,\"caption\":\"M\u00e1s Que Noticias\"},\"image\":{\"@id\":\"https:\/\/masquenoticias.mx\/#\/schema\/logo\/image\/\"},\"sameAs\":[\"https:\/\/www.facebook.com\/masquenoticiascolima\",\"https:\/\/x.com\/edgartove\",\"https:\/\/www.instagram.com\/masquenoticiascolima\/\"]},{\"@type\":\"Person\",\"@id\":\"https:\/\/masquenoticias.mx\/#\/schema\/person\/544d19989ef23d34615f691f7a96e622\",\"name\":\"Redacci\u00f3n\",\"image\":{\"@type\":\"ImageObject\",\"inLanguage\":\"es\",\"@id\":\"https:\/\/masquenoticias.mx\/#\/schema\/person\/image\/\",\"url\":\"https:\/\/secure.gravatar.com\/avatar\/7fcc926d5b058d3f3d52d95b4d05dd58?s=96&d=mm&r=g\",\"contentUrl\":\"https:\/\/secure.gravatar.com\/avatar\/7fcc926d5b058d3f3d52d95b4d05dd58?s=96&d=mm&r=g\",\"caption\":\"Redacci\u00f3n\"},\"sameAs\":[\"http:\/\/masquenoticias.mx\"],\"url\":\"https:\/\/masquenoticias.mx\/index.php\/author\/edgartovegmail-com\/\"}]}<\/script>\n<!-- \/ Yoast SEO plugin. -->","yoast_head_json":{"title":"Gobierno de Colima participa en Foro Internacional Impactos del Cambio Clim\u00e1tico en los Oc\u00e9anos, en Taiw\u00e1n - M\u00e1s Que Noticias","robots":{"index":"index","follow":"follow","max-snippet":"max-snippet:-1","max-image-preview":"max-image-preview:large","max-video-preview":"max-video-preview:-1"},"canonical":"https:\/\/masquenoticias.mx\/index.php\/2024\/10\/07\/gobierno-de-colima-participa-en-foro-internacional-impactos-del-cambio-climatico-en-los-oceanos-en-taiwan\/","og_locale":"es_MX","og_type":"article","og_title":"Gobierno de Colima participa en Foro Internacional Impactos del Cambio Clim\u00e1tico en los Oc\u00e9anos, en Taiw\u00e1n - M\u00e1s Que Noticias","og_description":"El Gobierno del Estado de Colima, a trav\u00e9s del Instituto para el Medio Ambiente y Desarrollo Sustentable (Imades), participa del Foro Internacional sobre los Impactos del Cambio Clim\u00e1tico en los Oc\u00e9anos, organizado por el Marco Global de Cooperaci\u00f3n y Capacitaci\u00f3n (GCTF) en Taiw\u00e1n. El evento reuni\u00f3 a expertos internacionales con el objetivo de intercambiar perspectivas [&hellip;]","og_url":"https:\/\/masquenoticias.mx\/index.php\/2024\/10\/07\/gobierno-de-colima-participa-en-foro-internacional-impactos-del-cambio-climatico-en-los-oceanos-en-taiwan\/","og_site_name":"M\u00e1s Que Noticias","article_publisher":"https:\/\/www.facebook.com\/masquenoticiascolima","article_published_time":"2024-10-07T18:08:38+00:00","og_image":[{"width":1280,"height":960,"url":"https:\/\/masquenoticias.mx\/wp-content\/uploads\/2024\/10\/WhatsApp-Image-2024-10-07-at-10.42.25-AM-1.jpeg","type":"image\/jpeg"}],"author":"Redacci\u00f3n","twitter_card":"summary_large_image","twitter_creator":"@edgartove","twitter_site":"@edgartove","twitter_misc":{"Escrito por":"Redacci\u00f3n","Tiempo de lectura":"2 minutos"},"schema":{"@context":"https:\/\/schema.org","@graph":[{"@type":"Article","@id":"https:\/\/masquenoticias.mx\/index.php\/2024\/10\/07\/gobierno-de-colima-participa-en-foro-internacional-impactos-del-cambio-climatico-en-los-oceanos-en-taiwan\/#article","isPartOf":{"@id":"https:\/\/masquenoticias.mx\/index.php\/2024\/10\/07\/gobierno-de-colima-participa-en-foro-internacional-impactos-del-cambio-climatico-en-los-oceanos-en-taiwan\/"},"author":{"name":"Redacci\u00f3n","@id":"https:\/\/masquenoticias.mx\/#\/schema\/person\/544d19989ef23d34615f691f7a96e622"},"headline":"Gobierno de Colima participa en Foro Internacional Impactos del Cambio Clim\u00e1tico en los Oc\u00e9anos, en Taiw\u00e1n","datePublished":"2024-10-07T18:08:38+00:00","mainEntityOfPage":{"@id":"https:\/\/masquenoticias.mx\/index.php\/2024\/10\/07\/gobierno-de-colima-participa-en-foro-internacional-impactos-del-cambio-climatico-en-los-oceanos-en-taiwan\/"},"wordCount":351,"commentCount":0,"publisher":{"@id":"https:\/\/masquenoticias.mx\/#organization"},"image":{"@id":"https:\/\/masquenoticias.mx\/index.php\/2024\/10\/07\/gobierno-de-colima-participa-en-foro-internacional-impactos-del-cambio-climatico-en-los-oceanos-en-taiwan\/#primaryimage"},"thumbnailUrl":"https:\/\/i0.wp.com\/masquenoticias.mx\/wp-content\/uploads\/2024\/10\/WhatsApp-Image-2024-10-07-at-10.42.25-AM-1.jpeg?fit=1280%2C960&ssl=1","keywords":["Imades"],"articleSection":["Estado"],"inLanguage":"es","potentialAction":[{"@type":"CommentAction","name":"Comment","target":["https:\/\/masquenoticias.mx\/index.php\/2024\/10\/07\/gobierno-de-colima-participa-en-foro-internacional-impactos-del-cambio-climatico-en-los-oceanos-en-taiwan\/#respond"]}]},{"@type":"WebPage","@id":"https:\/\/masquenoticias.mx\/index.php\/2024\/10\/07\/gobierno-de-colima-participa-en-foro-internacional-impactos-del-cambio-climatico-en-los-oceanos-en-taiwan\/","url":"https:\/\/masquenoticias.mx\/index.php\/2024\/10\/07\/gobierno-de-colima-participa-en-foro-internacional-impactos-del-cambio-climatico-en-los-oceanos-en-taiwan\/","name":"Gobierno de Colima participa en Foro Internacional Impactos del Cambio Clim\u00e1tico en los Oc\u00e9anos, en Taiw\u00e1n - M\u00e1s Que Noticias","isPartOf":{"@id":"https:\/\/masquenoticias.mx\/#website"},"primaryImageOfPage":{"@id":"https:\/\/masquenoticias.mx\/index.php\/2024\/10\/07\/gobierno-de-colima-participa-en-foro-internacional-impactos-del-cambio-climatico-en-los-oceanos-en-taiwan\/#primaryimage"},"image":{"@id":"https:\/\/masquenoticias.mx\/index.php\/2024\/10\/07\/gobierno-de-colima-participa-en-foro-internacional-impactos-del-cambio-climatico-en-los-oceanos-en-taiwan\/#primaryimage"},"thumbnailUrl":"https:\/\/i0.wp.com\/masquenoticias.mx\/wp-content\/uploads\/2024\/10\/WhatsApp-Image-2024-10-07-at-10.42.25-AM-1.jpeg?fit=1280%2C960&ssl=1","datePublished":"2024-10-07T18:08:38+00:00","breadcrumb":{"@id":"https:\/\/masquenoticias.mx\/index.php\/2024\/10\/07\/gobierno-de-colima-participa-en-foro-internacional-impactos-del-cambio-climatico-en-los-oceanos-en-taiwan\/#breadcrumb"},"inLanguage":"es","potentialAction":[{"@type":"ReadAction","target":["https:\/\/masquenoticias.mx\/index.php\/2024\/10\/07\/gobierno-de-colima-participa-en-foro-internacional-impactos-del-cambio-climatico-en-los-oceanos-en-taiwan\/"]}]},{"@type":"ImageObject","inLanguage":"es","@id":"https:\/\/masquenoticias.mx\/index.php\/2024\/10\/07\/gobierno-de-colima-participa-en-foro-internacional-impactos-del-cambio-climatico-en-los-oceanos-en-taiwan\/#primaryimage","url":"https:\/\/i0.wp.com\/masquenoticias.mx\/wp-content\/uploads\/2024\/10\/WhatsApp-Image-2024-10-07-at-10.42.25-AM-1.jpeg?fit=1280%2C960&ssl=1","contentUrl":"https:\/\/i0.wp.com\/masquenoticias.mx\/wp-content\/uploads\/2024\/10\/WhatsApp-Image-2024-10-07-at-10.42.25-AM-1.jpeg?fit=1280%2C960&ssl=1","width":1280,"height":960},{"@type":"BreadcrumbList","@id":"https:\/\/masquenoticias.mx\/index.php\/2024\/10\/07\/gobierno-de-colima-participa-en-foro-internacional-impactos-del-cambio-climatico-en-los-oceanos-en-taiwan\/#breadcrumb","itemListElement":[{"@type":"ListItem","position":1,"name":"Inicio","item":"https:\/\/masquenoticias.mx\/"},{"@type":"ListItem","position":2,"name":"Gobierno de Colima participa en Foro Internacional Impactos del Cambio Clim\u00e1tico en los Oc\u00e9anos, en Taiw\u00e1n"}]},{"@type":"WebSite","@id":"https:\/\/masquenoticias.mx\/#website","url":"https:\/\/masquenoticias.mx\/","name":"M\u00e1s Que Noticias","description":"Noticias de Colima, M\u00e9xico y el Mundo","publisher":{"@id":"https:\/\/masquenoticias.mx\/#organization"},"potentialAction":[{"@type":"SearchAction","target":{"@type":"EntryPoint","urlTemplate":"https:\/\/masquenoticias.mx\/?s={search_term_string}"},"query-input":{"@type":"PropertyValueSpecification","valueRequired":true,"valueName":"search_term_string"}}],"inLanguage":"es"},{"@type":"Organization","@id":"https:\/\/masquenoticias.mx\/#organization","name":"M\u00e1s Que Noticias","url":"https:\/\/masquenoticias.mx\/","logo":{"@type":"ImageObject","inLanguage":"es","@id":"https:\/\/masquenoticias.mx\/#\/schema\/logo\/image\/","url":"https:\/\/i0.wp.com\/masquenoticias.mx\/wp-content\/uploads\/2024\/04\/IMG_0004.png?fit=2560%2C1656&ssl=1","contentUrl":"https:\/\/i0.wp.com\/masquenoticias.mx\/wp-content\/uploads\/2024\/04\/IMG_0004.png?fit=2560%2C1656&ssl=1","width":2560,"height":1656,"caption":"M\u00e1s Que Noticias"},"image":{"@id":"https:\/\/masquenoticias.mx\/#\/schema\/logo\/image\/"},"sameAs":["https:\/\/www.facebook.com\/masquenoticiascolima","https:\/\/x.com\/edgartove","https:\/\/www.instagram.com\/masquenoticiascolima\/"]},{"@type":"Person","@id":"https:\/\/masquenoticias.mx\/#\/schema\/person\/544d19989ef23d34615f691f7a96e622","name":"Redacci\u00f3n","image":{"@type":"ImageObject","inLanguage":"es","@id":"https:\/\/masquenoticias.mx\/#\/schema\/person\/image\/","url":"https:\/\/secure.gravatar.com\/avatar\/7fcc926d5b058d3f3d52d95b4d05dd58?s=96&d=mm&r=g","contentUrl":"https:\/\/secure.gravatar.com\/avatar\/7fcc926d5b058d3f3d52d95b4d05dd58?s=96&d=mm&r=g","caption":"Redacci\u00f3n"},"sameAs":["http:\/\/masquenoticias.mx"],"url":"https:\/\/masquenoticias.mx\/index.php\/author\/edgartovegmail-com\/"}]}},"jetpack_featured_media_url":"https:\/\/i0.wp.com\/masquenoticias.mx\/wp-content\/uploads\/2024\/10\/WhatsApp-Image-2024-10-07-at-10.42.25-AM-1.jpeg?fit=1280%2C960&ssl=1","blog_post_layout_featured_media_urls":{"thumbnail":["https:\/\/i0.wp.com\/masquenoticias.mx\/wp-content\/uploads\/2024\/10\/WhatsApp-Image-2024-10-07-at-10.42.25-AM-1.jpeg?resize=150%2C150&ssl=1",150,150,true],"full":["https:\/\/i0.wp.com\/masquenoticias.mx\/wp-content\/uploads\/2024\/10\/WhatsApp-Image-2024-10-07-at-10.42.25-AM-1.jpeg?fit=1280%2C960&ssl=1",1280,960,false]},"categories_names":{"24":{"name":"Estado","link":"https:\/\/masquenoticias.mx\/index.php\/category\/estado\/"}},"tags_names":{"92":{"name":"Imades","link":"https:\/\/masquenoticias.mx\/index.php\/tag\/imades\/"}},"comments_number":"0","wpmagazine_modules_lite_featured_media_urls":{"thumbnail":["https:\/\/i0.wp.com\/masquenoticias.mx\/wp-content\/uploads\/2024\/10\/WhatsApp-Image-2024-10-07-at-10.42.25-AM-1.jpeg?resize=150%2C150&ssl=1",150,150,true],"cvmm-medium":["https:\/\/i0.wp.com\/masquenoticias.mx\/wp-content\/uploads\/2024\/10\/WhatsApp-Image-2024-10-07-at-10.42.25-AM-1.jpeg?resize=300%2C300&ssl=1",300,300,true],"cvmm-medium-plus":["https:\/\/i0.wp.com\/masquenoticias.mx\/wp-content\/uploads\/2024\/10\/WhatsApp-Image-2024-10-07-at-10.42.25-AM-1.jpeg?resize=305%2C207&ssl=1",305,207,true],"cvmm-portrait":["https:\/\/i0.wp.com\/masquenoticias.mx\/wp-content\/uploads\/2024\/10\/WhatsApp-Image-2024-10-07-at-10.42.25-AM-1.jpeg?resize=400%2C600&ssl=1",400,600,true],"cvmm-medium-square":["https:\/\/i0.wp.com\/masquenoticias.mx\/wp-content\/uploads\/2024\/10\/WhatsApp-Image-2024-10-07-at-10.42.25-AM-1.jpeg?resize=600%2C600&ssl=1",600,600,true],"cvmm-large":["https:\/\/i0.wp.com\/masquenoticias.mx\/wp-content\/uploads\/2024\/10\/WhatsApp-Image-2024-10-07-at-10.42.25-AM-1.jpeg?resize=1024%2C960&ssl=1",1024,960,true],"cvmm-small":["https:\/\/i0.wp.com\/masquenoticias.mx\/wp-content\/uploads\/2024\/10\/WhatsApp-Image-2024-10-07-at-10.42.25-AM-1.jpeg?resize=130%2C95&ssl=1",130,95,true],"full":["https:\/\/i0.wp.com\/masquenoticias.mx\/wp-content\/uploads\/2024\/10\/WhatsApp-Image-2024-10-07-at-10.42.25-AM-1.jpeg?fit=1280%2C960&ssl=1",1280,960,false]},"jetpack-related-posts":[],"jetpack_sharing_enabled":true,"jetpack_likes_enabled":true,"jetpack_shortlink":"https:\/\/wp.me\/pf7pkt-2Ob","_links":{"self":[{"href":"https:\/\/masquenoticias.mx\/index.php\/wp-json\/wp\/v2\/posts\/10799","targetHints":{"allow":["GET"]}}],"collection":[{"href":"https:\/\/masquenoticias.mx\/index.php\/wp-json\/wp\/v2\/posts"}],"about":[{"href":"https:\/\/masquenoticias.mx\/index.php\/wp-json\/wp\/v2\/types\/post"}],"author":[{"embeddable":true,"href":"https:\/\/masquenoticias.mx\/index.php\/wp-json\/wp\/v2\/users\/1"}],"replies":[{"embeddable":true,"href":"https:\/\/masquenoticias.mx\/index.php\/wp-json\/wp\/v2\/comments?post=10799"}],"version-history":[{"count":1,"href":"https:\/\/masquenoticias.mx\/index.php\/wp-json\/wp\/v2\/posts\/10799\/revisions"}],"predecessor-version":[{"id":10801,"href":"https:\/\/masquenoticias.mx\/index.php\/wp-json\/wp\/v2\/posts\/10799\/revisions\/10801"}],"wp:featuredmedia":[{"embeddable":true,"href":"https:\/\/masquenoticias.mx\/index.php\/wp-json\/wp\/v2\/media\/10800"}],"wp:attachment":[{"href":"https:\/\/masquenoticias.mx\/index.php\/wp-json\/wp\/v2\/media?parent=10799"}],"wp:term":[{"taxonomy":"category","embeddable":true,"href":"https:\/\/masquenoticias.mx\/index.php\/wp-json\/wp\/v2\/categories?post=10799"},{"taxonomy":"post_tag","embeddable":true,"href":"https:\/\/masquenoticias.mx\/index.php\/wp-json\/wp\/v2\/tags?post=10799"}],"curies":[{"name":"wp","href":"https:\/\/api.w.org\/{rel}","templated":true}]}}