{"id":10796,"date":"2024-10-07T12:06:04","date_gmt":"2024-10-07T18:06:04","guid":{"rendered":"https:\/\/masquenoticias.mx\/?p=10796"},"modified":"2024-10-07T12:06:04","modified_gmt":"2024-10-07T18:06:04","slug":"convoca-la-cdhec-al-premio-estatal-en-derechos-humanos-2024-eleanor-roosevelt","status":"publish","type":"post","link":"https:\/\/masquenoticias.mx\/index.php\/2024\/10\/07\/convoca-la-cdhec-al-premio-estatal-en-derechos-humanos-2024-eleanor-roosevelt\/","title":{"rendered":"Convoca la CDHEC al \u201cPremio Estatal en Derechos Humanos 2024 Eleanor Roosevelt\u201d"},"content":{"rendered":"<p>La Comisi\u00f3n de Derechos Humanos del Estado de Colima (CDHEC) convoca al p\u00fablico en general, instituciones acad\u00e9micas, organismos no gubernamentales, agrupaciones, colectivos y asociaciones civiles; para que propongan a quien o a quienes estimen se hayan destacado por su trayectoria, en la promoci\u00f3n efectiva y la construcci\u00f3n de una cultura del respeto, protecci\u00f3n y defensa de los Derechos Humanos en el Estado de Colima y obtener el \u201cPremio Estatal en Derechos humanos 2024 Eleanor Roosevelt\u201d.<\/p>\n<p>En la edici\u00f3n 2024, se otorgar\u00e1 un premio por categor\u00eda, el cual consistir\u00e1 en una medalla y reconocimiento; as\u00ed como un est\u00edmulo econ\u00f3mico de 10 mil pesos.<br \/>\nPodr\u00e1 participar cualquier persona en las categor\u00edas f\u00edsica o moral y deber\u00e1 presentarse de forma personal, en la direcci\u00f3n de las oficinas de la Comisi\u00f3n, ubicadas en calle Aniceto Castellanos 410 A, Colonia San Pablo, ciudad de Colima, Colima o enviar a la direcci\u00f3n electr\u00f3nica cdhcolima@cdhcolima.org.mx., teniendo como plazo para la presentaci\u00f3n de las propuestas hasta el d\u00eda 21 de noviembre del a\u00f1o 2024, a las 23:59 horas.<\/p>\n<p>Para la selecci\u00f3n de la propuesta ganadora, se integrar\u00e1 un Comit\u00e9 T\u00e9cnico de Selecci\u00f3n en el que participar\u00e1n tres integrantes del Honorable Consejo Consultivo del Organismo Defensor y cuatro personas de la sociedad colimense.<\/p>\n<p>La entrega del premio ser\u00e1 a trav\u00e9s de un acto p\u00fablico, en el marco de la celebraci\u00f3n de la Declaraci\u00f3n Universal de los Derechos Humanos. La convocatoria completa ya est\u00e1 disponible en la p\u00e1gina del Organismo Defensor, cdhcolima.org.mx., y redes sociales oficiales para su debida consulta.<\/p>\n","protected":false},"excerpt":{"rendered":"<p>La Comisi\u00f3n de Derechos Humanos del Estado de Colima (CDHEC) convoca al p\u00fablico en general, instituciones acad\u00e9micas, organismos no gubernamentales, agrupaciones, colectivos y asociaciones civiles; para que propongan a quien o a quienes estimen se hayan destacado por su trayectoria, en la promoci\u00f3n efectiva y la construcci\u00f3n de una cultura del respeto, protecci\u00f3n y defensa [&hellip;]<\/p>\n","protected":false},"author":1,"featured_media":10797,"comment_status":"open","ping_status":"open","sticky":false,"template":"","format":"standard","meta":{"_jetpack_memberships_contains_paid_content":false,"footnotes":""},"categories":[469,24],"tags":[106],"class_list":["post-10796","post","type-post","status-publish","format-standard","has-post-thumbnail","hentry","category-cdhec","category-estado","tag-derechos-humanos"],"yoast_head":"<!-- This site is optimized with the Yoast SEO plugin v26.6 - https:\/\/yoast.com\/wordpress\/plugins\/seo\/ -->\n<title>Convoca la CDHEC al \u201cPremio Estatal en Derechos Humanos 2024 Eleanor Roosevelt\u201d - M\u00e1s Que Noticias<\/title>\n<meta name=\"robots\" content=\"index, follow, max-snippet:-1, max-image-preview:large, max-video-preview:-1\" \/>\n<link rel=\"canonical\" href=\"https:\/\/masquenoticias.mx\/index.php\/2024\/10\/07\/convoca-la-cdhec-al-premio-estatal-en-derechos-humanos-2024-eleanor-roosevelt\/\" \/>\n<meta property=\"og:locale\" content=\"es_MX\" \/>\n<meta property=\"og:type\" content=\"article\" \/>\n<meta property=\"og:title\" content=\"Convoca la CDHEC al \u201cPremio Estatal en Derechos Humanos 2024 Eleanor Roosevelt\u201d - M\u00e1s Que Noticias\" \/>\n<meta property=\"og:description\" content=\"La Comisi\u00f3n de Derechos Humanos del Estado de Colima (CDHEC) convoca al p\u00fablico en general, instituciones acad\u00e9micas, organismos no gubernamentales, agrupaciones, colectivos y asociaciones civiles; para que propongan a quien o a quienes estimen se hayan destacado por su trayectoria, en la promoci\u00f3n efectiva y la construcci\u00f3n de una cultura del respeto, protecci\u00f3n y defensa [&hellip;]\" \/>\n<meta property=\"og:url\" content=\"https:\/\/masquenoticias.mx\/index.php\/2024\/10\/07\/convoca-la-cdhec-al-premio-estatal-en-derechos-humanos-2024-eleanor-roosevelt\/\" \/>\n<meta property=\"og:site_name\" content=\"M\u00e1s Que Noticias\" \/>\n<meta property=\"article:publisher\" content=\"https:\/\/www.facebook.com\/masquenoticiascolima\" \/>\n<meta property=\"article:published_time\" content=\"2024-10-07T18:06:04+00:00\" \/>\n<meta property=\"og:image\" content=\"https:\/\/masquenoticias.mx\/wp-content\/uploads\/2024\/10\/WhatsApp-Image-2024-10-04-at-1.12.22-PM.jpeg\" \/>\n\t<meta property=\"og:image:width\" content=\"1600\" \/>\n\t<meta property=\"og:image:height\" content=\"1029\" \/>\n\t<meta property=\"og:image:type\" content=\"image\/jpeg\" \/>\n<meta name=\"author\" content=\"Redacci\u00f3n\" \/>\n<meta name=\"twitter:card\" content=\"summary_large_image\" \/>\n<meta name=\"twitter:creator\" content=\"@edgartove\" \/>\n<meta name=\"twitter:site\" content=\"@edgartove\" \/>\n<meta name=\"twitter:label1\" content=\"Escrito por\" \/>\n\t<meta name=\"twitter:data1\" content=\"Redacci\u00f3n\" \/>\n\t<meta name=\"twitter:label2\" content=\"Tiempo de lectura\" \/>\n\t<meta name=\"twitter:data2\" content=\"2 minutos\" \/>\n<script type=\"application\/ld+json\" class=\"yoast-schema-graph\">{\"@context\":\"https:\/\/schema.org\",\"@graph\":[{\"@type\":\"Article\",\"@id\":\"https:\/\/masquenoticias.mx\/index.php\/2024\/10\/07\/convoca-la-cdhec-al-premio-estatal-en-derechos-humanos-2024-eleanor-roosevelt\/#article\",\"isPartOf\":{\"@id\":\"https:\/\/masquenoticias.mx\/index.php\/2024\/10\/07\/convoca-la-cdhec-al-premio-estatal-en-derechos-humanos-2024-eleanor-roosevelt\/\"},\"author\":{\"name\":\"Redacci\u00f3n\",\"@id\":\"https:\/\/masquenoticias.mx\/#\/schema\/person\/544d19989ef23d34615f691f7a96e622\"},\"headline\":\"Convoca la CDHEC al \u201cPremio Estatal en Derechos Humanos 2024 Eleanor Roosevelt\u201d\",\"datePublished\":\"2024-10-07T18:06:04+00:00\",\"mainEntityOfPage\":{\"@id\":\"https:\/\/masquenoticias.mx\/index.php\/2024\/10\/07\/convoca-la-cdhec-al-premio-estatal-en-derechos-humanos-2024-eleanor-roosevelt\/\"},\"wordCount\":287,\"commentCount\":0,\"publisher\":{\"@id\":\"https:\/\/masquenoticias.mx\/#organization\"},\"image\":{\"@id\":\"https:\/\/masquenoticias.mx\/index.php\/2024\/10\/07\/convoca-la-cdhec-al-premio-estatal-en-derechos-humanos-2024-eleanor-roosevelt\/#primaryimage\"},\"thumbnailUrl\":\"https:\/\/i0.wp.com\/masquenoticias.mx\/wp-content\/uploads\/2024\/10\/WhatsApp-Image-2024-10-04-at-1.12.22-PM.jpeg?fit=1600%2C1029&ssl=1\",\"keywords\":[\"Derechos Humanos\"],\"articleSection\":[\"CDHEC\",\"Estado\"],\"inLanguage\":\"es\",\"potentialAction\":[{\"@type\":\"CommentAction\",\"name\":\"Comment\",\"target\":[\"https:\/\/masquenoticias.mx\/index.php\/2024\/10\/07\/convoca-la-cdhec-al-premio-estatal-en-derechos-humanos-2024-eleanor-roosevelt\/#respond\"]}]},{\"@type\":\"WebPage\",\"@id\":\"https:\/\/masquenoticias.mx\/index.php\/2024\/10\/07\/convoca-la-cdhec-al-premio-estatal-en-derechos-humanos-2024-eleanor-roosevelt\/\",\"url\":\"https:\/\/masquenoticias.mx\/index.php\/2024\/10\/07\/convoca-la-cdhec-al-premio-estatal-en-derechos-humanos-2024-eleanor-roosevelt\/\",\"name\":\"Convoca la CDHEC al \u201cPremio Estatal en Derechos Humanos 2024 Eleanor Roosevelt\u201d - M\u00e1s Que Noticias\",\"isPartOf\":{\"@id\":\"https:\/\/masquenoticias.mx\/#website\"},\"primaryImageOfPage\":{\"@id\":\"https:\/\/masquenoticias.mx\/index.php\/2024\/10\/07\/convoca-la-cdhec-al-premio-estatal-en-derechos-humanos-2024-eleanor-roosevelt\/#primaryimage\"},\"image\":{\"@id\":\"https:\/\/masquenoticias.mx\/index.php\/2024\/10\/07\/convoca-la-cdhec-al-premio-estatal-en-derechos-humanos-2024-eleanor-roosevelt\/#primaryimage\"},\"thumbnailUrl\":\"https:\/\/i0.wp.com\/masquenoticias.mx\/wp-content\/uploads\/2024\/10\/WhatsApp-Image-2024-10-04-at-1.12.22-PM.jpeg?fit=1600%2C1029&ssl=1\",\"datePublished\":\"2024-10-07T18:06:04+00:00\",\"breadcrumb\":{\"@id\":\"https:\/\/masquenoticias.mx\/index.php\/2024\/10\/07\/convoca-la-cdhec-al-premio-estatal-en-derechos-humanos-2024-eleanor-roosevelt\/#breadcrumb\"},\"inLanguage\":\"es\",\"potentialAction\":[{\"@type\":\"ReadAction\",\"target\":[\"https:\/\/masquenoticias.mx\/index.php\/2024\/10\/07\/convoca-la-cdhec-al-premio-estatal-en-derechos-humanos-2024-eleanor-roosevelt\/\"]}]},{\"@type\":\"ImageObject\",\"inLanguage\":\"es\",\"@id\":\"https:\/\/masquenoticias.mx\/index.php\/2024\/10\/07\/convoca-la-cdhec-al-premio-estatal-en-derechos-humanos-2024-eleanor-roosevelt\/#primaryimage\",\"url\":\"https:\/\/i0.wp.com\/masquenoticias.mx\/wp-content\/uploads\/2024\/10\/WhatsApp-Image-2024-10-04-at-1.12.22-PM.jpeg?fit=1600%2C1029&ssl=1\",\"contentUrl\":\"https:\/\/i0.wp.com\/masquenoticias.mx\/wp-content\/uploads\/2024\/10\/WhatsApp-Image-2024-10-04-at-1.12.22-PM.jpeg?fit=1600%2C1029&ssl=1\",\"width\":1600,\"height\":1029},{\"@type\":\"BreadcrumbList\",\"@id\":\"https:\/\/masquenoticias.mx\/index.php\/2024\/10\/07\/convoca-la-cdhec-al-premio-estatal-en-derechos-humanos-2024-eleanor-roosevelt\/#breadcrumb\",\"itemListElement\":[{\"@type\":\"ListItem\",\"position\":1,\"name\":\"Inicio\",\"item\":\"https:\/\/masquenoticias.mx\/\"},{\"@type\":\"ListItem\",\"position\":2,\"name\":\"Convoca la CDHEC al \u201cPremio Estatal en Derechos Humanos 2024 Eleanor Roosevelt\u201d\"}]},{\"@type\":\"WebSite\",\"@id\":\"https:\/\/masquenoticias.mx\/#website\",\"url\":\"https:\/\/masquenoticias.mx\/\",\"name\":\"M\u00e1s Que Noticias\",\"description\":\"Noticias de Colima, M\u00e9xico y el Mundo\",\"publisher\":{\"@id\":\"https:\/\/masquenoticias.mx\/#organization\"},\"potentialAction\":[{\"@type\":\"SearchAction\",\"target\":{\"@type\":\"EntryPoint\",\"urlTemplate\":\"https:\/\/masquenoticias.mx\/?s={search_term_string}\"},\"query-input\":{\"@type\":\"PropertyValueSpecification\",\"valueRequired\":true,\"valueName\":\"search_term_string\"}}],\"inLanguage\":\"es\"},{\"@type\":\"Organization\",\"@id\":\"https:\/\/masquenoticias.mx\/#organization\",\"name\":\"M\u00e1s Que Noticias\",\"url\":\"https:\/\/masquenoticias.mx\/\",\"logo\":{\"@type\":\"ImageObject\",\"inLanguage\":\"es\",\"@id\":\"https:\/\/masquenoticias.mx\/#\/schema\/logo\/image\/\",\"url\":\"https:\/\/i0.wp.com\/masquenoticias.mx\/wp-content\/uploads\/2024\/04\/IMG_0004.png?fit=2560%2C1656&ssl=1\",\"contentUrl\":\"https:\/\/i0.wp.com\/masquenoticias.mx\/wp-content\/uploads\/2024\/04\/IMG_0004.png?fit=2560%2C1656&ssl=1\",\"width\":2560,\"height\":1656,\"caption\":\"M\u00e1s Que Noticias\"},\"image\":{\"@id\":\"https:\/\/masquenoticias.mx\/#\/schema\/logo\/image\/\"},\"sameAs\":[\"https:\/\/www.facebook.com\/masquenoticiascolima\",\"https:\/\/x.com\/edgartove\",\"https:\/\/www.instagram.com\/masquenoticiascolima\/\"]},{\"@type\":\"Person\",\"@id\":\"https:\/\/masquenoticias.mx\/#\/schema\/person\/544d19989ef23d34615f691f7a96e622\",\"name\":\"Redacci\u00f3n\",\"image\":{\"@type\":\"ImageObject\",\"inLanguage\":\"es\",\"@id\":\"https:\/\/masquenoticias.mx\/#\/schema\/person\/image\/\",\"url\":\"https:\/\/secure.gravatar.com\/avatar\/7fcc926d5b058d3f3d52d95b4d05dd58?s=96&d=mm&r=g\",\"contentUrl\":\"https:\/\/secure.gravatar.com\/avatar\/7fcc926d5b058d3f3d52d95b4d05dd58?s=96&d=mm&r=g\",\"caption\":\"Redacci\u00f3n\"},\"sameAs\":[\"http:\/\/masquenoticias.mx\"],\"url\":\"https:\/\/masquenoticias.mx\/index.php\/author\/edgartovegmail-com\/\"}]}<\/script>\n<!-- \/ Yoast SEO plugin. -->","yoast_head_json":{"title":"Convoca la CDHEC al \u201cPremio Estatal en Derechos Humanos 2024 Eleanor Roosevelt\u201d - M\u00e1s Que Noticias","robots":{"index":"index","follow":"follow","max-snippet":"max-snippet:-1","max-image-preview":"max-image-preview:large","max-video-preview":"max-video-preview:-1"},"canonical":"https:\/\/masquenoticias.mx\/index.php\/2024\/10\/07\/convoca-la-cdhec-al-premio-estatal-en-derechos-humanos-2024-eleanor-roosevelt\/","og_locale":"es_MX","og_type":"article","og_title":"Convoca la CDHEC al \u201cPremio Estatal en Derechos Humanos 2024 Eleanor Roosevelt\u201d - M\u00e1s Que Noticias","og_description":"La Comisi\u00f3n de Derechos Humanos del Estado de Colima (CDHEC) convoca al p\u00fablico en general, instituciones acad\u00e9micas, organismos no gubernamentales, agrupaciones, colectivos y asociaciones civiles; para que propongan a quien o a quienes estimen se hayan destacado por su trayectoria, en la promoci\u00f3n efectiva y la construcci\u00f3n de una cultura del respeto, protecci\u00f3n y defensa [&hellip;]","og_url":"https:\/\/masquenoticias.mx\/index.php\/2024\/10\/07\/convoca-la-cdhec-al-premio-estatal-en-derechos-humanos-2024-eleanor-roosevelt\/","og_site_name":"M\u00e1s Que Noticias","article_publisher":"https:\/\/www.facebook.com\/masquenoticiascolima","article_published_time":"2024-10-07T18:06:04+00:00","og_image":[{"width":1600,"height":1029,"url":"https:\/\/masquenoticias.mx\/wp-content\/uploads\/2024\/10\/WhatsApp-Image-2024-10-04-at-1.12.22-PM.jpeg","type":"image\/jpeg"}],"author":"Redacci\u00f3n","twitter_card":"summary_large_image","twitter_creator":"@edgartove","twitter_site":"@edgartove","twitter_misc":{"Escrito por":"Redacci\u00f3n","Tiempo de lectura":"2 minutos"},"schema":{"@context":"https:\/\/schema.org","@graph":[{"@type":"Article","@id":"https:\/\/masquenoticias.mx\/index.php\/2024\/10\/07\/convoca-la-cdhec-al-premio-estatal-en-derechos-humanos-2024-eleanor-roosevelt\/#article","isPartOf":{"@id":"https:\/\/masquenoticias.mx\/index.php\/2024\/10\/07\/convoca-la-cdhec-al-premio-estatal-en-derechos-humanos-2024-eleanor-roosevelt\/"},"author":{"name":"Redacci\u00f3n","@id":"https:\/\/masquenoticias.mx\/#\/schema\/person\/544d19989ef23d34615f691f7a96e622"},"headline":"Convoca la CDHEC al \u201cPremio Estatal en Derechos Humanos 2024 Eleanor Roosevelt\u201d","datePublished":"2024-10-07T18:06:04+00:00","mainEntityOfPage":{"@id":"https:\/\/masquenoticias.mx\/index.php\/2024\/10\/07\/convoca-la-cdhec-al-premio-estatal-en-derechos-humanos-2024-eleanor-roosevelt\/"},"wordCount":287,"commentCount":0,"publisher":{"@id":"https:\/\/masquenoticias.mx\/#organization"},"image":{"@id":"https:\/\/masquenoticias.mx\/index.php\/2024\/10\/07\/convoca-la-cdhec-al-premio-estatal-en-derechos-humanos-2024-eleanor-roosevelt\/#primaryimage"},"thumbnailUrl":"https:\/\/i0.wp.com\/masquenoticias.mx\/wp-content\/uploads\/2024\/10\/WhatsApp-Image-2024-10-04-at-1.12.22-PM.jpeg?fit=1600%2C1029&ssl=1","keywords":["Derechos Humanos"],"articleSection":["CDHEC","Estado"],"inLanguage":"es","potentialAction":[{"@type":"CommentAction","name":"Comment","target":["https:\/\/masquenoticias.mx\/index.php\/2024\/10\/07\/convoca-la-cdhec-al-premio-estatal-en-derechos-humanos-2024-eleanor-roosevelt\/#respond"]}]},{"@type":"WebPage","@id":"https:\/\/masquenoticias.mx\/index.php\/2024\/10\/07\/convoca-la-cdhec-al-premio-estatal-en-derechos-humanos-2024-eleanor-roosevelt\/","url":"https:\/\/masquenoticias.mx\/index.php\/2024\/10\/07\/convoca-la-cdhec-al-premio-estatal-en-derechos-humanos-2024-eleanor-roosevelt\/","name":"Convoca la CDHEC al \u201cPremio Estatal en Derechos Humanos 2024 Eleanor Roosevelt\u201d - M\u00e1s Que Noticias","isPartOf":{"@id":"https:\/\/masquenoticias.mx\/#website"},"primaryImageOfPage":{"@id":"https:\/\/masquenoticias.mx\/index.php\/2024\/10\/07\/convoca-la-cdhec-al-premio-estatal-en-derechos-humanos-2024-eleanor-roosevelt\/#primaryimage"},"image":{"@id":"https:\/\/masquenoticias.mx\/index.php\/2024\/10\/07\/convoca-la-cdhec-al-premio-estatal-en-derechos-humanos-2024-eleanor-roosevelt\/#primaryimage"},"thumbnailUrl":"https:\/\/i0.wp.com\/masquenoticias.mx\/wp-content\/uploads\/2024\/10\/WhatsApp-Image-2024-10-04-at-1.12.22-PM.jpeg?fit=1600%2C1029&ssl=1","datePublished":"2024-10-07T18:06:04+00:00","breadcrumb":{"@id":"https:\/\/masquenoticias.mx\/index.php\/2024\/10\/07\/convoca-la-cdhec-al-premio-estatal-en-derechos-humanos-2024-eleanor-roosevelt\/#breadcrumb"},"inLanguage":"es","potentialAction":[{"@type":"ReadAction","target":["https:\/\/masquenoticias.mx\/index.php\/2024\/10\/07\/convoca-la-cdhec-al-premio-estatal-en-derechos-humanos-2024-eleanor-roosevelt\/"]}]},{"@type":"ImageObject","inLanguage":"es","@id":"https:\/\/masquenoticias.mx\/index.php\/2024\/10\/07\/convoca-la-cdhec-al-premio-estatal-en-derechos-humanos-2024-eleanor-roosevelt\/#primaryimage","url":"https:\/\/i0.wp.com\/masquenoticias.mx\/wp-content\/uploads\/2024\/10\/WhatsApp-Image-2024-10-04-at-1.12.22-PM.jpeg?fit=1600%2C1029&ssl=1","contentUrl":"https:\/\/i0.wp.com\/masquenoticias.mx\/wp-content\/uploads\/2024\/10\/WhatsApp-Image-2024-10-04-at-1.12.22-PM.jpeg?fit=1600%2C1029&ssl=1","width":1600,"height":1029},{"@type":"BreadcrumbList","@id":"https:\/\/masquenoticias.mx\/index.php\/2024\/10\/07\/convoca-la-cdhec-al-premio-estatal-en-derechos-humanos-2024-eleanor-roosevelt\/#breadcrumb","itemListElement":[{"@type":"ListItem","position":1,"name":"Inicio","item":"https:\/\/masquenoticias.mx\/"},{"@type":"ListItem","position":2,"name":"Convoca la CDHEC al \u201cPremio Estatal en Derechos Humanos 2024 Eleanor Roosevelt\u201d"}]},{"@type":"WebSite","@id":"https:\/\/masquenoticias.mx\/#website","url":"https:\/\/masquenoticias.mx\/","name":"M\u00e1s Que Noticias","description":"Noticias de Colima, M\u00e9xico y el Mundo","publisher":{"@id":"https:\/\/masquenoticias.mx\/#organization"},"potentialAction":[{"@type":"SearchAction","target":{"@type":"EntryPoint","urlTemplate":"https:\/\/masquenoticias.mx\/?s={search_term_string}"},"query-input":{"@type":"PropertyValueSpecification","valueRequired":true,"valueName":"search_term_string"}}],"inLanguage":"es"},{"@type":"Organization","@id":"https:\/\/masquenoticias.mx\/#organization","name":"M\u00e1s Que Noticias","url":"https:\/\/masquenoticias.mx\/","logo":{"@type":"ImageObject","inLanguage":"es","@id":"https:\/\/masquenoticias.mx\/#\/schema\/logo\/image\/","url":"https:\/\/i0.wp.com\/masquenoticias.mx\/wp-content\/uploads\/2024\/04\/IMG_0004.png?fit=2560%2C1656&ssl=1","contentUrl":"https:\/\/i0.wp.com\/masquenoticias.mx\/wp-content\/uploads\/2024\/04\/IMG_0004.png?fit=2560%2C1656&ssl=1","width":2560,"height":1656,"caption":"M\u00e1s Que Noticias"},"image":{"@id":"https:\/\/masquenoticias.mx\/#\/schema\/logo\/image\/"},"sameAs":["https:\/\/www.facebook.com\/masquenoticiascolima","https:\/\/x.com\/edgartove","https:\/\/www.instagram.com\/masquenoticiascolima\/"]},{"@type":"Person","@id":"https:\/\/masquenoticias.mx\/#\/schema\/person\/544d19989ef23d34615f691f7a96e622","name":"Redacci\u00f3n","image":{"@type":"ImageObject","inLanguage":"es","@id":"https:\/\/masquenoticias.mx\/#\/schema\/person\/image\/","url":"https:\/\/secure.gravatar.com\/avatar\/7fcc926d5b058d3f3d52d95b4d05dd58?s=96&d=mm&r=g","contentUrl":"https:\/\/secure.gravatar.com\/avatar\/7fcc926d5b058d3f3d52d95b4d05dd58?s=96&d=mm&r=g","caption":"Redacci\u00f3n"},"sameAs":["http:\/\/masquenoticias.mx"],"url":"https:\/\/masquenoticias.mx\/index.php\/author\/edgartovegmail-com\/"}]}},"jetpack_featured_media_url":"https:\/\/i0.wp.com\/masquenoticias.mx\/wp-content\/uploads\/2024\/10\/WhatsApp-Image-2024-10-04-at-1.12.22-PM.jpeg?fit=1600%2C1029&ssl=1","blog_post_layout_featured_media_urls":{"thumbnail":["https:\/\/i0.wp.com\/masquenoticias.mx\/wp-content\/uploads\/2024\/10\/WhatsApp-Image-2024-10-04-at-1.12.22-PM.jpeg?resize=150%2C150&ssl=1",150,150,true],"full":["https:\/\/i0.wp.com\/masquenoticias.mx\/wp-content\/uploads\/2024\/10\/WhatsApp-Image-2024-10-04-at-1.12.22-PM.jpeg?fit=1600%2C1029&ssl=1",1600,1029,false]},"categories_names":{"469":{"name":"CDHEC","link":"https:\/\/masquenoticias.mx\/index.php\/category\/estado\/cdhec\/"},"24":{"name":"Estado","link":"https:\/\/masquenoticias.mx\/index.php\/category\/estado\/"}},"tags_names":{"106":{"name":"Derechos Humanos","link":"https:\/\/masquenoticias.mx\/index.php\/tag\/derechos-humanos\/"}},"comments_number":"0","wpmagazine_modules_lite_featured_media_urls":{"thumbnail":["https:\/\/i0.wp.com\/masquenoticias.mx\/wp-content\/uploads\/2024\/10\/WhatsApp-Image-2024-10-04-at-1.12.22-PM.jpeg?resize=150%2C150&ssl=1",150,150,true],"cvmm-medium":["https:\/\/i0.wp.com\/masquenoticias.mx\/wp-content\/uploads\/2024\/10\/WhatsApp-Image-2024-10-04-at-1.12.22-PM.jpeg?resize=300%2C300&ssl=1",300,300,true],"cvmm-medium-plus":["https:\/\/i0.wp.com\/masquenoticias.mx\/wp-content\/uploads\/2024\/10\/WhatsApp-Image-2024-10-04-at-1.12.22-PM.jpeg?resize=305%2C207&ssl=1",305,207,true],"cvmm-portrait":["https:\/\/i0.wp.com\/masquenoticias.mx\/wp-content\/uploads\/2024\/10\/WhatsApp-Image-2024-10-04-at-1.12.22-PM.jpeg?resize=400%2C600&ssl=1",400,600,true],"cvmm-medium-square":["https:\/\/i0.wp.com\/masquenoticias.mx\/wp-content\/uploads\/2024\/10\/WhatsApp-Image-2024-10-04-at-1.12.22-PM.jpeg?resize=600%2C600&ssl=1",600,600,true],"cvmm-large":["https:\/\/i0.wp.com\/masquenoticias.mx\/wp-content\/uploads\/2024\/10\/WhatsApp-Image-2024-10-04-at-1.12.22-PM.jpeg?resize=1024%2C1024&ssl=1",1024,1024,true],"cvmm-small":["https:\/\/i0.wp.com\/masquenoticias.mx\/wp-content\/uploads\/2024\/10\/WhatsApp-Image-2024-10-04-at-1.12.22-PM.jpeg?resize=130%2C95&ssl=1",130,95,true],"full":["https:\/\/i0.wp.com\/masquenoticias.mx\/wp-content\/uploads\/2024\/10\/WhatsApp-Image-2024-10-04-at-1.12.22-PM.jpeg?fit=1600%2C1029&ssl=1",1600,1029,false]},"jetpack-related-posts":[],"jetpack_sharing_enabled":true,"jetpack_likes_enabled":true,"jetpack_shortlink":"https:\/\/wp.me\/pf7pkt-2O8","_links":{"self":[{"href":"https:\/\/masquenoticias.mx\/index.php\/wp-json\/wp\/v2\/posts\/10796","targetHints":{"allow":["GET"]}}],"collection":[{"href":"https:\/\/masquenoticias.mx\/index.php\/wp-json\/wp\/v2\/posts"}],"about":[{"href":"https:\/\/masquenoticias.mx\/index.php\/wp-json\/wp\/v2\/types\/post"}],"author":[{"embeddable":true,"href":"https:\/\/masquenoticias.mx\/index.php\/wp-json\/wp\/v2\/users\/1"}],"replies":[{"embeddable":true,"href":"https:\/\/masquenoticias.mx\/index.php\/wp-json\/wp\/v2\/comments?post=10796"}],"version-history":[{"count":1,"href":"https:\/\/masquenoticias.mx\/index.php\/wp-json\/wp\/v2\/posts\/10796\/revisions"}],"predecessor-version":[{"id":10798,"href":"https:\/\/masquenoticias.mx\/index.php\/wp-json\/wp\/v2\/posts\/10796\/revisions\/10798"}],"wp:featuredmedia":[{"embeddable":true,"href":"https:\/\/masquenoticias.mx\/index.php\/wp-json\/wp\/v2\/media\/10797"}],"wp:attachment":[{"href":"https:\/\/masquenoticias.mx\/index.php\/wp-json\/wp\/v2\/media?parent=10796"}],"wp:term":[{"taxonomy":"category","embeddable":true,"href":"https:\/\/masquenoticias.mx\/index.php\/wp-json\/wp\/v2\/categories?post=10796"},{"taxonomy":"post_tag","embeddable":true,"href":"https:\/\/masquenoticias.mx\/index.php\/wp-json\/wp\/v2\/tags?post=10796"}],"curies":[{"name":"wp","href":"https:\/\/api.w.org\/{rel}","templated":true}]}}