{"id":10793,"date":"2024-10-07T12:02:56","date_gmt":"2024-10-07T18:02:56","guid":{"rendered":"https:\/\/masquenoticias.mx\/?p=10793"},"modified":"2024-10-07T12:02:56","modified_gmt":"2024-10-07T18:02:56","slug":"salud-colima-fumiga-contra-el-dengue-este-lunes-en-5-municipios-y-el-martes-en-seis","status":"publish","type":"post","link":"https:\/\/masquenoticias.mx\/index.php\/2024\/10\/07\/salud-colima-fumiga-contra-el-dengue-este-lunes-en-5-municipios-y-el-martes-en-seis\/","title":{"rendered":"Salud Colima fumiga contra el dengue este lunes en 5 municipios y el martes en seis"},"content":{"rendered":"<p>La Secretar\u00eda de Salud del Gobierno del Estado de Colima inform\u00f3 que este lunes 7 de octubre realizar\u00e1 la fumigaci\u00f3n contra el dengue, zika y chikungunya en 30 colonias y\/o localidades y comunidades de cinco municipios, as\u00ed como en la zona centro de Comala y Tecom\u00e1n, mientras que el martes 8 de octubre se fumigar\u00e1 en 37 colonias, localidades y comunidades de seis municipios.<\/p>\n<p>Esta fumigaci\u00f3n para disminuir la densidad del mosco transmisor y el riesgo de infectar a la poblaci\u00f3n inicia este lunes en la colonia Milenio y La Estancia en Colima, as\u00ed como el centro de la cabecera municipal de Comala y en las comunidades de Cofrad\u00eda de Suchitl\u00e1n y La Caja. Tambi\u00e9n se fumigar\u00e1 en las colonias Manuel M. Di\u00e9guez y Villas Colim\u00e1n, de Villa de \u00c1lvarez, en zona centro y colonia San Isidro, de Tecom\u00e1n.<\/p>\n<p>En Manzanillo ser\u00e1 en la zona centro, en Flotilla Naval, los sectores 1, 2, 3, 4 y 5, Barrio San Jos\u00e9, La Pedregoza, Chamizal, Bonanza, Unidad Padre Hidalgo, Alameda, Las Negrita, el centro de Tapeixtles, Lomas de Gregorio, San Carlos, Loma Alta, Indeco, Barrios 1, 2 y 3, Residencial Las Gaviotas, Ejido Pac\u00edfico, Conjunto Primaveras, La Esperanza, Lomas del Valle, Camotl\u00e1n de Miraflores y Punta de Agua de Camotl\u00e1n.<\/p>\n<p>Este martes se fumigar\u00e1 en la colonia Tabachines de Villa de \u00c1lvarez; Queser\u00eda, en Cuauht\u00e9moc; as\u00ed como las colonias Mirador de la Cumbre 1, 2 y 3, Gustavo V\u00e1zquez Montes y Francisco Villa 1, 2 y 3, de Colima; adem\u00e1s la comunidad de Tecolapa y la colonia El\u00edas Zamora Verduzco, de Tecom\u00e1n.<\/p>\n<p>Adem\u00e1s, se fumigar\u00e1 en El Poblado (Benito Ju\u00e1rez Pe\u00f1a Colorada) y la cabecera municipal de Minatitl\u00e1n, y en 28 colonias y los siguientes fraccionamientos de Manzanillo: Nuevo Salagua, Punta Arena, Puerta Dorada, Mar de Plata, El Dorado, Arboledas y Lomas del Carmen, Vidaire, Agua Azul, Marimar 1, 2 y 3, Las Perlas 1 y 2, Cantalegre, Belona, La Joya 1, Hacienda Santa Clara, Natura Pac\u00edfico, Terraplena, Vista del Mar, Perla de Occidente, Bah\u00eda Azul, El Jabal\u00ed, Porfirio Gayt\u00e1n, San Isidro, La Cruz, Barrio Nuevo Santiago, Francisco Villa y Obradores.<\/p>\n<p>Salud Colima recuerda que para conocer el calendario completo con el nombre de la colonia y\/o la localidad donde se llevar\u00e1n las rutas de nebulizaci\u00f3n, se debe ingresar al sitio <a href=\"https:\/\/bit.ly\/nebulizacion-07oct11oct\">https:\/\/bit.ly\/nebulizacion-07oct11oct<\/a><\/p>\n<p>La dependencia estatal exhorta a toda la poblaci\u00f3n a abrir las puertas y ventanas de sus viviendas u oficinas al paso de la unidad fumigadora, as\u00ed como alejar del \u00e1rea de fumigaci\u00f3n a menores de edad y personas adultas mayores y pasar a las mascotas al traspatio de la vivienda.<\/p>\n","protected":false},"excerpt":{"rendered":"<p>La Secretar\u00eda de Salud del Gobierno del Estado de Colima inform\u00f3 que este lunes 7 de octubre realizar\u00e1 la fumigaci\u00f3n contra el dengue, zika y chikungunya en 30 colonias y\/o localidades y comunidades de cinco municipios, as\u00ed como en la zona centro de Comala y Tecom\u00e1n, mientras que el martes 8 de octubre se fumigar\u00e1 [&hellip;]<\/p>\n","protected":false},"author":1,"featured_media":10794,"comment_status":"open","ping_status":"open","sticky":false,"template":"","format":"standard","meta":{"_jetpack_memberships_contains_paid_content":false,"footnotes":""},"categories":[24],"tags":[152,63],"class_list":["post-10793","post","type-post","status-publish","format-standard","has-post-thumbnail","hentry","category-estado","tag-dengue","tag-salud"],"yoast_head":"<!-- This site is optimized with the Yoast SEO plugin v26.6 - https:\/\/yoast.com\/wordpress\/plugins\/seo\/ -->\n<title>Salud Colima fumiga contra el dengue este lunes en 5 municipios y el martes en seis - M\u00e1s Que Noticias<\/title>\n<meta name=\"robots\" content=\"index, follow, max-snippet:-1, max-image-preview:large, max-video-preview:-1\" \/>\n<link rel=\"canonical\" href=\"https:\/\/masquenoticias.mx\/index.php\/2024\/10\/07\/salud-colima-fumiga-contra-el-dengue-este-lunes-en-5-municipios-y-el-martes-en-seis\/\" \/>\n<meta property=\"og:locale\" content=\"es_MX\" \/>\n<meta property=\"og:type\" content=\"article\" \/>\n<meta property=\"og:title\" content=\"Salud Colima fumiga contra el dengue este lunes en 5 municipios y el martes en seis - M\u00e1s Que Noticias\" \/>\n<meta property=\"og:description\" content=\"La Secretar\u00eda de Salud del Gobierno del Estado de Colima inform\u00f3 que este lunes 7 de octubre realizar\u00e1 la fumigaci\u00f3n contra el dengue, zika y chikungunya en 30 colonias y\/o localidades y comunidades de cinco municipios, as\u00ed como en la zona centro de Comala y Tecom\u00e1n, mientras que el martes 8 de octubre se fumigar\u00e1 [&hellip;]\" \/>\n<meta property=\"og:url\" content=\"https:\/\/masquenoticias.mx\/index.php\/2024\/10\/07\/salud-colima-fumiga-contra-el-dengue-este-lunes-en-5-municipios-y-el-martes-en-seis\/\" \/>\n<meta property=\"og:site_name\" content=\"M\u00e1s Que Noticias\" \/>\n<meta property=\"article:publisher\" content=\"https:\/\/www.facebook.com\/masquenoticiascolima\" \/>\n<meta property=\"article:published_time\" content=\"2024-10-07T18:02:56+00:00\" \/>\n<meta property=\"og:image\" content=\"https:\/\/masquenoticias.mx\/wp-content\/uploads\/2024\/10\/WhatsApp-Image-2024-10-07-at-10.18.19-AM.jpeg\" \/>\n\t<meta property=\"og:image:width\" content=\"1280\" \/>\n\t<meta property=\"og:image:height\" content=\"853\" \/>\n\t<meta property=\"og:image:type\" content=\"image\/jpeg\" \/>\n<meta name=\"author\" content=\"Redacci\u00f3n\" \/>\n<meta name=\"twitter:card\" content=\"summary_large_image\" \/>\n<meta name=\"twitter:creator\" content=\"@edgartove\" \/>\n<meta name=\"twitter:site\" content=\"@edgartove\" \/>\n<meta name=\"twitter:label1\" content=\"Escrito por\" \/>\n\t<meta name=\"twitter:data1\" content=\"Redacci\u00f3n\" \/>\n\t<meta name=\"twitter:label2\" content=\"Tiempo de lectura\" \/>\n\t<meta name=\"twitter:data2\" content=\"3 minutos\" \/>\n<script type=\"application\/ld+json\" class=\"yoast-schema-graph\">{\"@context\":\"https:\/\/schema.org\",\"@graph\":[{\"@type\":\"Article\",\"@id\":\"https:\/\/masquenoticias.mx\/index.php\/2024\/10\/07\/salud-colima-fumiga-contra-el-dengue-este-lunes-en-5-municipios-y-el-martes-en-seis\/#article\",\"isPartOf\":{\"@id\":\"https:\/\/masquenoticias.mx\/index.php\/2024\/10\/07\/salud-colima-fumiga-contra-el-dengue-este-lunes-en-5-municipios-y-el-martes-en-seis\/\"},\"author\":{\"name\":\"Redacci\u00f3n\",\"@id\":\"https:\/\/masquenoticias.mx\/#\/schema\/person\/544d19989ef23d34615f691f7a96e622\"},\"headline\":\"Salud Colima fumiga contra el dengue este lunes en 5 municipios y el martes en seis\",\"datePublished\":\"2024-10-07T18:02:56+00:00\",\"mainEntityOfPage\":{\"@id\":\"https:\/\/masquenoticias.mx\/index.php\/2024\/10\/07\/salud-colima-fumiga-contra-el-dengue-este-lunes-en-5-municipios-y-el-martes-en-seis\/\"},\"wordCount\":458,\"commentCount\":0,\"publisher\":{\"@id\":\"https:\/\/masquenoticias.mx\/#organization\"},\"image\":{\"@id\":\"https:\/\/masquenoticias.mx\/index.php\/2024\/10\/07\/salud-colima-fumiga-contra-el-dengue-este-lunes-en-5-municipios-y-el-martes-en-seis\/#primaryimage\"},\"thumbnailUrl\":\"https:\/\/i0.wp.com\/masquenoticias.mx\/wp-content\/uploads\/2024\/10\/WhatsApp-Image-2024-10-07-at-10.18.19-AM.jpeg?fit=1280%2C853&ssl=1\",\"keywords\":[\"Dengue\",\"Salud\"],\"articleSection\":[\"Estado\"],\"inLanguage\":\"es\",\"potentialAction\":[{\"@type\":\"CommentAction\",\"name\":\"Comment\",\"target\":[\"https:\/\/masquenoticias.mx\/index.php\/2024\/10\/07\/salud-colima-fumiga-contra-el-dengue-este-lunes-en-5-municipios-y-el-martes-en-seis\/#respond\"]}]},{\"@type\":\"WebPage\",\"@id\":\"https:\/\/masquenoticias.mx\/index.php\/2024\/10\/07\/salud-colima-fumiga-contra-el-dengue-este-lunes-en-5-municipios-y-el-martes-en-seis\/\",\"url\":\"https:\/\/masquenoticias.mx\/index.php\/2024\/10\/07\/salud-colima-fumiga-contra-el-dengue-este-lunes-en-5-municipios-y-el-martes-en-seis\/\",\"name\":\"Salud Colima fumiga contra el dengue este lunes en 5 municipios y el martes en seis - M\u00e1s Que Noticias\",\"isPartOf\":{\"@id\":\"https:\/\/masquenoticias.mx\/#website\"},\"primaryImageOfPage\":{\"@id\":\"https:\/\/masquenoticias.mx\/index.php\/2024\/10\/07\/salud-colima-fumiga-contra-el-dengue-este-lunes-en-5-municipios-y-el-martes-en-seis\/#primaryimage\"},\"image\":{\"@id\":\"https:\/\/masquenoticias.mx\/index.php\/2024\/10\/07\/salud-colima-fumiga-contra-el-dengue-este-lunes-en-5-municipios-y-el-martes-en-seis\/#primaryimage\"},\"thumbnailUrl\":\"https:\/\/i0.wp.com\/masquenoticias.mx\/wp-content\/uploads\/2024\/10\/WhatsApp-Image-2024-10-07-at-10.18.19-AM.jpeg?fit=1280%2C853&ssl=1\",\"datePublished\":\"2024-10-07T18:02:56+00:00\",\"breadcrumb\":{\"@id\":\"https:\/\/masquenoticias.mx\/index.php\/2024\/10\/07\/salud-colima-fumiga-contra-el-dengue-este-lunes-en-5-municipios-y-el-martes-en-seis\/#breadcrumb\"},\"inLanguage\":\"es\",\"potentialAction\":[{\"@type\":\"ReadAction\",\"target\":[\"https:\/\/masquenoticias.mx\/index.php\/2024\/10\/07\/salud-colima-fumiga-contra-el-dengue-este-lunes-en-5-municipios-y-el-martes-en-seis\/\"]}]},{\"@type\":\"ImageObject\",\"inLanguage\":\"es\",\"@id\":\"https:\/\/masquenoticias.mx\/index.php\/2024\/10\/07\/salud-colima-fumiga-contra-el-dengue-este-lunes-en-5-municipios-y-el-martes-en-seis\/#primaryimage\",\"url\":\"https:\/\/i0.wp.com\/masquenoticias.mx\/wp-content\/uploads\/2024\/10\/WhatsApp-Image-2024-10-07-at-10.18.19-AM.jpeg?fit=1280%2C853&ssl=1\",\"contentUrl\":\"https:\/\/i0.wp.com\/masquenoticias.mx\/wp-content\/uploads\/2024\/10\/WhatsApp-Image-2024-10-07-at-10.18.19-AM.jpeg?fit=1280%2C853&ssl=1\",\"width\":1280,\"height\":853},{\"@type\":\"BreadcrumbList\",\"@id\":\"https:\/\/masquenoticias.mx\/index.php\/2024\/10\/07\/salud-colima-fumiga-contra-el-dengue-este-lunes-en-5-municipios-y-el-martes-en-seis\/#breadcrumb\",\"itemListElement\":[{\"@type\":\"ListItem\",\"position\":1,\"name\":\"Inicio\",\"item\":\"https:\/\/masquenoticias.mx\/\"},{\"@type\":\"ListItem\",\"position\":2,\"name\":\"Salud Colima fumiga contra el dengue este lunes en 5 municipios y el martes en seis\"}]},{\"@type\":\"WebSite\",\"@id\":\"https:\/\/masquenoticias.mx\/#website\",\"url\":\"https:\/\/masquenoticias.mx\/\",\"name\":\"M\u00e1s Que Noticias\",\"description\":\"Noticias de Colima, M\u00e9xico y el Mundo\",\"publisher\":{\"@id\":\"https:\/\/masquenoticias.mx\/#organization\"},\"potentialAction\":[{\"@type\":\"SearchAction\",\"target\":{\"@type\":\"EntryPoint\",\"urlTemplate\":\"https:\/\/masquenoticias.mx\/?s={search_term_string}\"},\"query-input\":{\"@type\":\"PropertyValueSpecification\",\"valueRequired\":true,\"valueName\":\"search_term_string\"}}],\"inLanguage\":\"es\"},{\"@type\":\"Organization\",\"@id\":\"https:\/\/masquenoticias.mx\/#organization\",\"name\":\"M\u00e1s Que Noticias\",\"url\":\"https:\/\/masquenoticias.mx\/\",\"logo\":{\"@type\":\"ImageObject\",\"inLanguage\":\"es\",\"@id\":\"https:\/\/masquenoticias.mx\/#\/schema\/logo\/image\/\",\"url\":\"https:\/\/i0.wp.com\/masquenoticias.mx\/wp-content\/uploads\/2024\/04\/IMG_0004.png?fit=2560%2C1656&ssl=1\",\"contentUrl\":\"https:\/\/i0.wp.com\/masquenoticias.mx\/wp-content\/uploads\/2024\/04\/IMG_0004.png?fit=2560%2C1656&ssl=1\",\"width\":2560,\"height\":1656,\"caption\":\"M\u00e1s Que Noticias\"},\"image\":{\"@id\":\"https:\/\/masquenoticias.mx\/#\/schema\/logo\/image\/\"},\"sameAs\":[\"https:\/\/www.facebook.com\/masquenoticiascolima\",\"https:\/\/x.com\/edgartove\",\"https:\/\/www.instagram.com\/masquenoticiascolima\/\"]},{\"@type\":\"Person\",\"@id\":\"https:\/\/masquenoticias.mx\/#\/schema\/person\/544d19989ef23d34615f691f7a96e622\",\"name\":\"Redacci\u00f3n\",\"image\":{\"@type\":\"ImageObject\",\"inLanguage\":\"es\",\"@id\":\"https:\/\/masquenoticias.mx\/#\/schema\/person\/image\/\",\"url\":\"https:\/\/secure.gravatar.com\/avatar\/7fcc926d5b058d3f3d52d95b4d05dd58?s=96&d=mm&r=g\",\"contentUrl\":\"https:\/\/secure.gravatar.com\/avatar\/7fcc926d5b058d3f3d52d95b4d05dd58?s=96&d=mm&r=g\",\"caption\":\"Redacci\u00f3n\"},\"sameAs\":[\"http:\/\/masquenoticias.mx\"],\"url\":\"https:\/\/masquenoticias.mx\/index.php\/author\/edgartovegmail-com\/\"}]}<\/script>\n<!-- \/ Yoast SEO plugin. -->","yoast_head_json":{"title":"Salud Colima fumiga contra el dengue este lunes en 5 municipios y el martes en seis - M\u00e1s Que Noticias","robots":{"index":"index","follow":"follow","max-snippet":"max-snippet:-1","max-image-preview":"max-image-preview:large","max-video-preview":"max-video-preview:-1"},"canonical":"https:\/\/masquenoticias.mx\/index.php\/2024\/10\/07\/salud-colima-fumiga-contra-el-dengue-este-lunes-en-5-municipios-y-el-martes-en-seis\/","og_locale":"es_MX","og_type":"article","og_title":"Salud Colima fumiga contra el dengue este lunes en 5 municipios y el martes en seis - M\u00e1s Que Noticias","og_description":"La Secretar\u00eda de Salud del Gobierno del Estado de Colima inform\u00f3 que este lunes 7 de octubre realizar\u00e1 la fumigaci\u00f3n contra el dengue, zika y chikungunya en 30 colonias y\/o localidades y comunidades de cinco municipios, as\u00ed como en la zona centro de Comala y Tecom\u00e1n, mientras que el martes 8 de octubre se fumigar\u00e1 [&hellip;]","og_url":"https:\/\/masquenoticias.mx\/index.php\/2024\/10\/07\/salud-colima-fumiga-contra-el-dengue-este-lunes-en-5-municipios-y-el-martes-en-seis\/","og_site_name":"M\u00e1s Que Noticias","article_publisher":"https:\/\/www.facebook.com\/masquenoticiascolima","article_published_time":"2024-10-07T18:02:56+00:00","og_image":[{"width":1280,"height":853,"url":"https:\/\/masquenoticias.mx\/wp-content\/uploads\/2024\/10\/WhatsApp-Image-2024-10-07-at-10.18.19-AM.jpeg","type":"image\/jpeg"}],"author":"Redacci\u00f3n","twitter_card":"summary_large_image","twitter_creator":"@edgartove","twitter_site":"@edgartove","twitter_misc":{"Escrito por":"Redacci\u00f3n","Tiempo de lectura":"3 minutos"},"schema":{"@context":"https:\/\/schema.org","@graph":[{"@type":"Article","@id":"https:\/\/masquenoticias.mx\/index.php\/2024\/10\/07\/salud-colima-fumiga-contra-el-dengue-este-lunes-en-5-municipios-y-el-martes-en-seis\/#article","isPartOf":{"@id":"https:\/\/masquenoticias.mx\/index.php\/2024\/10\/07\/salud-colima-fumiga-contra-el-dengue-este-lunes-en-5-municipios-y-el-martes-en-seis\/"},"author":{"name":"Redacci\u00f3n","@id":"https:\/\/masquenoticias.mx\/#\/schema\/person\/544d19989ef23d34615f691f7a96e622"},"headline":"Salud Colima fumiga contra el dengue este lunes en 5 municipios y el martes en seis","datePublished":"2024-10-07T18:02:56+00:00","mainEntityOfPage":{"@id":"https:\/\/masquenoticias.mx\/index.php\/2024\/10\/07\/salud-colima-fumiga-contra-el-dengue-este-lunes-en-5-municipios-y-el-martes-en-seis\/"},"wordCount":458,"commentCount":0,"publisher":{"@id":"https:\/\/masquenoticias.mx\/#organization"},"image":{"@id":"https:\/\/masquenoticias.mx\/index.php\/2024\/10\/07\/salud-colima-fumiga-contra-el-dengue-este-lunes-en-5-municipios-y-el-martes-en-seis\/#primaryimage"},"thumbnailUrl":"https:\/\/i0.wp.com\/masquenoticias.mx\/wp-content\/uploads\/2024\/10\/WhatsApp-Image-2024-10-07-at-10.18.19-AM.jpeg?fit=1280%2C853&ssl=1","keywords":["Dengue","Salud"],"articleSection":["Estado"],"inLanguage":"es","potentialAction":[{"@type":"CommentAction","name":"Comment","target":["https:\/\/masquenoticias.mx\/index.php\/2024\/10\/07\/salud-colima-fumiga-contra-el-dengue-este-lunes-en-5-municipios-y-el-martes-en-seis\/#respond"]}]},{"@type":"WebPage","@id":"https:\/\/masquenoticias.mx\/index.php\/2024\/10\/07\/salud-colima-fumiga-contra-el-dengue-este-lunes-en-5-municipios-y-el-martes-en-seis\/","url":"https:\/\/masquenoticias.mx\/index.php\/2024\/10\/07\/salud-colima-fumiga-contra-el-dengue-este-lunes-en-5-municipios-y-el-martes-en-seis\/","name":"Salud Colima fumiga contra el dengue este lunes en 5 municipios y el martes en seis - M\u00e1s Que Noticias","isPartOf":{"@id":"https:\/\/masquenoticias.mx\/#website"},"primaryImageOfPage":{"@id":"https:\/\/masquenoticias.mx\/index.php\/2024\/10\/07\/salud-colima-fumiga-contra-el-dengue-este-lunes-en-5-municipios-y-el-martes-en-seis\/#primaryimage"},"image":{"@id":"https:\/\/masquenoticias.mx\/index.php\/2024\/10\/07\/salud-colima-fumiga-contra-el-dengue-este-lunes-en-5-municipios-y-el-martes-en-seis\/#primaryimage"},"thumbnailUrl":"https:\/\/i0.wp.com\/masquenoticias.mx\/wp-content\/uploads\/2024\/10\/WhatsApp-Image-2024-10-07-at-10.18.19-AM.jpeg?fit=1280%2C853&ssl=1","datePublished":"2024-10-07T18:02:56+00:00","breadcrumb":{"@id":"https:\/\/masquenoticias.mx\/index.php\/2024\/10\/07\/salud-colima-fumiga-contra-el-dengue-este-lunes-en-5-municipios-y-el-martes-en-seis\/#breadcrumb"},"inLanguage":"es","potentialAction":[{"@type":"ReadAction","target":["https:\/\/masquenoticias.mx\/index.php\/2024\/10\/07\/salud-colima-fumiga-contra-el-dengue-este-lunes-en-5-municipios-y-el-martes-en-seis\/"]}]},{"@type":"ImageObject","inLanguage":"es","@id":"https:\/\/masquenoticias.mx\/index.php\/2024\/10\/07\/salud-colima-fumiga-contra-el-dengue-este-lunes-en-5-municipios-y-el-martes-en-seis\/#primaryimage","url":"https:\/\/i0.wp.com\/masquenoticias.mx\/wp-content\/uploads\/2024\/10\/WhatsApp-Image-2024-10-07-at-10.18.19-AM.jpeg?fit=1280%2C853&ssl=1","contentUrl":"https:\/\/i0.wp.com\/masquenoticias.mx\/wp-content\/uploads\/2024\/10\/WhatsApp-Image-2024-10-07-at-10.18.19-AM.jpeg?fit=1280%2C853&ssl=1","width":1280,"height":853},{"@type":"BreadcrumbList","@id":"https:\/\/masquenoticias.mx\/index.php\/2024\/10\/07\/salud-colima-fumiga-contra-el-dengue-este-lunes-en-5-municipios-y-el-martes-en-seis\/#breadcrumb","itemListElement":[{"@type":"ListItem","position":1,"name":"Inicio","item":"https:\/\/masquenoticias.mx\/"},{"@type":"ListItem","position":2,"name":"Salud Colima fumiga contra el dengue este lunes en 5 municipios y el martes en seis"}]},{"@type":"WebSite","@id":"https:\/\/masquenoticias.mx\/#website","url":"https:\/\/masquenoticias.mx\/","name":"M\u00e1s Que Noticias","description":"Noticias de Colima, M\u00e9xico y el Mundo","publisher":{"@id":"https:\/\/masquenoticias.mx\/#organization"},"potentialAction":[{"@type":"SearchAction","target":{"@type":"EntryPoint","urlTemplate":"https:\/\/masquenoticias.mx\/?s={search_term_string}"},"query-input":{"@type":"PropertyValueSpecification","valueRequired":true,"valueName":"search_term_string"}}],"inLanguage":"es"},{"@type":"Organization","@id":"https:\/\/masquenoticias.mx\/#organization","name":"M\u00e1s Que Noticias","url":"https:\/\/masquenoticias.mx\/","logo":{"@type":"ImageObject","inLanguage":"es","@id":"https:\/\/masquenoticias.mx\/#\/schema\/logo\/image\/","url":"https:\/\/i0.wp.com\/masquenoticias.mx\/wp-content\/uploads\/2024\/04\/IMG_0004.png?fit=2560%2C1656&ssl=1","contentUrl":"https:\/\/i0.wp.com\/masquenoticias.mx\/wp-content\/uploads\/2024\/04\/IMG_0004.png?fit=2560%2C1656&ssl=1","width":2560,"height":1656,"caption":"M\u00e1s Que Noticias"},"image":{"@id":"https:\/\/masquenoticias.mx\/#\/schema\/logo\/image\/"},"sameAs":["https:\/\/www.facebook.com\/masquenoticiascolima","https:\/\/x.com\/edgartove","https:\/\/www.instagram.com\/masquenoticiascolima\/"]},{"@type":"Person","@id":"https:\/\/masquenoticias.mx\/#\/schema\/person\/544d19989ef23d34615f691f7a96e622","name":"Redacci\u00f3n","image":{"@type":"ImageObject","inLanguage":"es","@id":"https:\/\/masquenoticias.mx\/#\/schema\/person\/image\/","url":"https:\/\/secure.gravatar.com\/avatar\/7fcc926d5b058d3f3d52d95b4d05dd58?s=96&d=mm&r=g","contentUrl":"https:\/\/secure.gravatar.com\/avatar\/7fcc926d5b058d3f3d52d95b4d05dd58?s=96&d=mm&r=g","caption":"Redacci\u00f3n"},"sameAs":["http:\/\/masquenoticias.mx"],"url":"https:\/\/masquenoticias.mx\/index.php\/author\/edgartovegmail-com\/"}]}},"jetpack_featured_media_url":"https:\/\/i0.wp.com\/masquenoticias.mx\/wp-content\/uploads\/2024\/10\/WhatsApp-Image-2024-10-07-at-10.18.19-AM.jpeg?fit=1280%2C853&ssl=1","blog_post_layout_featured_media_urls":{"thumbnail":["https:\/\/i0.wp.com\/masquenoticias.mx\/wp-content\/uploads\/2024\/10\/WhatsApp-Image-2024-10-07-at-10.18.19-AM.jpeg?resize=150%2C150&ssl=1",150,150,true],"full":["https:\/\/i0.wp.com\/masquenoticias.mx\/wp-content\/uploads\/2024\/10\/WhatsApp-Image-2024-10-07-at-10.18.19-AM.jpeg?fit=1280%2C853&ssl=1",1280,853,false]},"categories_names":{"24":{"name":"Estado","link":"https:\/\/masquenoticias.mx\/index.php\/category\/estado\/"}},"tags_names":{"152":{"name":"Dengue","link":"https:\/\/masquenoticias.mx\/index.php\/tag\/dengue\/"},"63":{"name":"Salud","link":"https:\/\/masquenoticias.mx\/index.php\/tag\/salud\/"}},"comments_number":"0","wpmagazine_modules_lite_featured_media_urls":{"thumbnail":["https:\/\/i0.wp.com\/masquenoticias.mx\/wp-content\/uploads\/2024\/10\/WhatsApp-Image-2024-10-07-at-10.18.19-AM.jpeg?resize=150%2C150&ssl=1",150,150,true],"cvmm-medium":["https:\/\/i0.wp.com\/masquenoticias.mx\/wp-content\/uploads\/2024\/10\/WhatsApp-Image-2024-10-07-at-10.18.19-AM.jpeg?resize=300%2C300&ssl=1",300,300,true],"cvmm-medium-plus":["https:\/\/i0.wp.com\/masquenoticias.mx\/wp-content\/uploads\/2024\/10\/WhatsApp-Image-2024-10-07-at-10.18.19-AM.jpeg?resize=305%2C207&ssl=1",305,207,true],"cvmm-portrait":["https:\/\/i0.wp.com\/masquenoticias.mx\/wp-content\/uploads\/2024\/10\/WhatsApp-Image-2024-10-07-at-10.18.19-AM.jpeg?resize=400%2C600&ssl=1",400,600,true],"cvmm-medium-square":["https:\/\/i0.wp.com\/masquenoticias.mx\/wp-content\/uploads\/2024\/10\/WhatsApp-Image-2024-10-07-at-10.18.19-AM.jpeg?resize=600%2C600&ssl=1",600,600,true],"cvmm-large":["https:\/\/i0.wp.com\/masquenoticias.mx\/wp-content\/uploads\/2024\/10\/WhatsApp-Image-2024-10-07-at-10.18.19-AM.jpeg?resize=1024%2C853&ssl=1",1024,853,true],"cvmm-small":["https:\/\/i0.wp.com\/masquenoticias.mx\/wp-content\/uploads\/2024\/10\/WhatsApp-Image-2024-10-07-at-10.18.19-AM.jpeg?resize=130%2C95&ssl=1",130,95,true],"full":["https:\/\/i0.wp.com\/masquenoticias.mx\/wp-content\/uploads\/2024\/10\/WhatsApp-Image-2024-10-07-at-10.18.19-AM.jpeg?fit=1280%2C853&ssl=1",1280,853,false]},"jetpack-related-posts":[],"jetpack_sharing_enabled":true,"jetpack_likes_enabled":true,"jetpack_shortlink":"https:\/\/wp.me\/pf7pkt-2O5","_links":{"self":[{"href":"https:\/\/masquenoticias.mx\/index.php\/wp-json\/wp\/v2\/posts\/10793","targetHints":{"allow":["GET"]}}],"collection":[{"href":"https:\/\/masquenoticias.mx\/index.php\/wp-json\/wp\/v2\/posts"}],"about":[{"href":"https:\/\/masquenoticias.mx\/index.php\/wp-json\/wp\/v2\/types\/post"}],"author":[{"embeddable":true,"href":"https:\/\/masquenoticias.mx\/index.php\/wp-json\/wp\/v2\/users\/1"}],"replies":[{"embeddable":true,"href":"https:\/\/masquenoticias.mx\/index.php\/wp-json\/wp\/v2\/comments?post=10793"}],"version-history":[{"count":1,"href":"https:\/\/masquenoticias.mx\/index.php\/wp-json\/wp\/v2\/posts\/10793\/revisions"}],"predecessor-version":[{"id":10795,"href":"https:\/\/masquenoticias.mx\/index.php\/wp-json\/wp\/v2\/posts\/10793\/revisions\/10795"}],"wp:featuredmedia":[{"embeddable":true,"href":"https:\/\/masquenoticias.mx\/index.php\/wp-json\/wp\/v2\/media\/10794"}],"wp:attachment":[{"href":"https:\/\/masquenoticias.mx\/index.php\/wp-json\/wp\/v2\/media?parent=10793"}],"wp:term":[{"taxonomy":"category","embeddable":true,"href":"https:\/\/masquenoticias.mx\/index.php\/wp-json\/wp\/v2\/categories?post=10793"},{"taxonomy":"post_tag","embeddable":true,"href":"https:\/\/masquenoticias.mx\/index.php\/wp-json\/wp\/v2\/tags?post=10793"}],"curies":[{"name":"wp","href":"https:\/\/api.w.org\/{rel}","templated":true}]}}