{"id":10790,"date":"2024-10-07T11:52:22","date_gmt":"2024-10-07T17:52:22","guid":{"rendered":"https:\/\/masquenoticias.mx\/?p=10790"},"modified":"2024-10-07T11:52:22","modified_gmt":"2024-10-07T17:52:22","slug":"inicia-en-colima-el-registro-a-la-pension-para-el-bienestar-de-mujeres-de-60-a-64-anos","status":"publish","type":"post","link":"https:\/\/masquenoticias.mx\/index.php\/2024\/10\/07\/inicia-en-colima-el-registro-a-la-pension-para-el-bienestar-de-mujeres-de-60-a-64-anos\/","title":{"rendered":"Inicia en Colima el registro a la pensi\u00f3n para el Bienestar de mujeres de 60 a 64 a\u00f1os"},"content":{"rendered":"<p>La Delegaci\u00f3n de Programas para el Bienestar en Colima informa que a partir de este lunes 7 de octubre y hasta el 30 de noviembre se realizar\u00e1 el registro a la Pensi\u00f3n Mujeres Bienestar de 60 a 64 a\u00f1os en los M\u00f3dulos de Bienestar; iniciar\u00e1 con todas las mujeres de 63 a 64 a\u00f1os y mujeres de 60 a 64 a\u00f1os que vivan en municipios ind\u00edgenas o afromexicanos.<\/p>\n<p>La pensi\u00f3n reconoce el trabajo de las mujeres de 60 a 64 a\u00f1os, su aportaci\u00f3n en la construcci\u00f3n de M\u00e9xico y contribuye a su autonom\u00eda econ\u00f3mica para alcanzar el bienestar; la pensi\u00f3n es de 3 mil pesos bimestrales y se entregar\u00e1 a partir de enero de manera directa a trav\u00e9s de la tarjeta del Banco del<br \/>\nBienestar.<\/p>\n<p>Recordar que todos los programas de Bienestar se entregan de manera directa y sin intermediarios, por lo cual se recomienda estar atenta a la informaci\u00f3n oficial de la secretaria de Bienestar a trav\u00e9s de su p\u00e1gina web y de sus redes oficiales.<\/p>\n<p>A partir de hoy y durante las pr\u00f3ximas ocho semanas, de lunes a s\u00e1bado de 10:00 a 16:00 horas en los M\u00f3dulos de Bienestar las mujeres podr\u00e1n acudir para su registro; por lo que no es necesario presentarse desde la primera semana, ya que la atenci\u00f3n est\u00e1 garantizada con base en el siguiente calendario:Av. San Fernando 458, Col. Centro, CP. 28000, Colima, Colima Tel: 312 314 8950 <a href=\"http:\/\/www.gob.mx\/bienestar\">www.gob.mx\/bienestar<\/a><\/p>\n<p><strong>Calendario:<\/strong><br \/>\nA, B, C lunes;<br \/>\nD, E, F, G, H martes;<br \/>\nI, J, K, L, M mi\u00e9rcoles; N, \u00d1, O, P, Q, R jueves; S, T, U, V, W, X, Y, Z viernes; y s\u00e1bado todas las letras.<\/p>\n<p><strong>Para el registro debe presentar los siguientes documentos en original y copia:<\/strong><br \/>\n* Identificaci\u00f3n oficial vigente con fotograf\u00eda (pasaporte, credencial de elector, c\u00e9dula profesional, credencial Inapam, carta de identidad).<br \/>\n* Acta de nacimiento legible.<br \/>\n* CURP (impresi\u00f3n reciente).<br \/>\n* Comprobante de domicilio (no mayor a seis meses: tel\u00e9fono, luz, agua, predio).<br \/>\n* Tel\u00e9fono de contacto (celular y casa).<br \/>\n* Llenar Formato de Bienestar (es totalmente gratuito, se entrega directamente en el M\u00f3dulo de Bienestar).<\/p>\n<p>En el estado de Colima hay dispuestos 10 m\u00f3dulos para atenci\u00f3n, uno en cada municipio de la entidad, y para ubicar el M\u00f3dulo de Bienestar m\u00e1s cercano a su domicilio es necesario ingresar a la p\u00e1gina oficial de la Secretar\u00eda de Bienestar: <a href=\"http:\/\/www.gob.mx\/bienestar\">gob.mx\/bienestar<\/a>.<\/p>\n","protected":false},"excerpt":{"rendered":"<p>La Delegaci\u00f3n de Programas para el Bienestar en Colima informa que a partir de este lunes 7 de octubre y hasta el 30 de noviembre se realizar\u00e1 el registro a la Pensi\u00f3n Mujeres Bienestar de 60 a 64 a\u00f1os en los M\u00f3dulos de Bienestar; iniciar\u00e1 con todas las mujeres de 63 a 64 a\u00f1os y [&hellip;]<\/p>\n","protected":false},"author":1,"featured_media":10791,"comment_status":"open","ping_status":"open","sticky":false,"template":"","format":"standard","meta":{"_jetpack_memberships_contains_paid_content":false,"footnotes":""},"categories":[24],"tags":[56],"class_list":["post-10790","post","type-post","status-publish","format-standard","has-post-thumbnail","hentry","category-estado","tag-bienestar"],"yoast_head":"<!-- This site is optimized with the Yoast SEO plugin v26.6 - https:\/\/yoast.com\/wordpress\/plugins\/seo\/ -->\n<title>Inicia en Colima el registro a la pensi\u00f3n para el Bienestar de mujeres de 60 a 64 a\u00f1os - M\u00e1s Que Noticias<\/title>\n<meta name=\"robots\" content=\"index, follow, max-snippet:-1, max-image-preview:large, max-video-preview:-1\" \/>\n<link rel=\"canonical\" href=\"https:\/\/masquenoticias.mx\/index.php\/2024\/10\/07\/inicia-en-colima-el-registro-a-la-pension-para-el-bienestar-de-mujeres-de-60-a-64-anos\/\" \/>\n<meta property=\"og:locale\" content=\"es_MX\" \/>\n<meta property=\"og:type\" content=\"article\" \/>\n<meta property=\"og:title\" content=\"Inicia en Colima el registro a la pensi\u00f3n para el Bienestar de mujeres de 60 a 64 a\u00f1os - M\u00e1s Que Noticias\" \/>\n<meta property=\"og:description\" content=\"La Delegaci\u00f3n de Programas para el Bienestar en Colima informa que a partir de este lunes 7 de octubre y hasta el 30 de noviembre se realizar\u00e1 el registro a la Pensi\u00f3n Mujeres Bienestar de 60 a 64 a\u00f1os en los M\u00f3dulos de Bienestar; iniciar\u00e1 con todas las mujeres de 63 a 64 a\u00f1os y [&hellip;]\" \/>\n<meta property=\"og:url\" content=\"https:\/\/masquenoticias.mx\/index.php\/2024\/10\/07\/inicia-en-colima-el-registro-a-la-pension-para-el-bienestar-de-mujeres-de-60-a-64-anos\/\" \/>\n<meta property=\"og:site_name\" content=\"M\u00e1s Que Noticias\" \/>\n<meta property=\"article:publisher\" content=\"https:\/\/www.facebook.com\/masquenoticiascolima\" \/>\n<meta property=\"article:published_time\" content=\"2024-10-07T17:52:22+00:00\" \/>\n<meta name=\"author\" content=\"Redacci\u00f3n\" \/>\n<meta name=\"twitter:card\" content=\"summary_large_image\" \/>\n<meta name=\"twitter:creator\" content=\"@edgartove\" \/>\n<meta name=\"twitter:site\" content=\"@edgartove\" \/>\n<meta name=\"twitter:label1\" content=\"Escrito por\" \/>\n\t<meta name=\"twitter:data1\" content=\"Redacci\u00f3n\" \/>\n\t<meta name=\"twitter:label2\" content=\"Tiempo de lectura\" \/>\n\t<meta name=\"twitter:data2\" content=\"2 minutos\" \/>\n<script type=\"application\/ld+json\" class=\"yoast-schema-graph\">{\"@context\":\"https:\/\/schema.org\",\"@graph\":[{\"@type\":\"Article\",\"@id\":\"https:\/\/masquenoticias.mx\/index.php\/2024\/10\/07\/inicia-en-colima-el-registro-a-la-pension-para-el-bienestar-de-mujeres-de-60-a-64-anos\/#article\",\"isPartOf\":{\"@id\":\"https:\/\/masquenoticias.mx\/index.php\/2024\/10\/07\/inicia-en-colima-el-registro-a-la-pension-para-el-bienestar-de-mujeres-de-60-a-64-anos\/\"},\"author\":{\"name\":\"Redacci\u00f3n\",\"@id\":\"https:\/\/masquenoticias.mx\/#\/schema\/person\/544d19989ef23d34615f691f7a96e622\"},\"headline\":\"Inicia en Colima el registro a la pensi\u00f3n para el Bienestar de mujeres de 60 a 64 a\u00f1os\",\"datePublished\":\"2024-10-07T17:52:22+00:00\",\"mainEntityOfPage\":{\"@id\":\"https:\/\/masquenoticias.mx\/index.php\/2024\/10\/07\/inicia-en-colima-el-registro-a-la-pension-para-el-bienestar-de-mujeres-de-60-a-64-anos\/\"},\"wordCount\":427,\"commentCount\":0,\"publisher\":{\"@id\":\"https:\/\/masquenoticias.mx\/#organization\"},\"image\":{\"@id\":\"https:\/\/masquenoticias.mx\/index.php\/2024\/10\/07\/inicia-en-colima-el-registro-a-la-pension-para-el-bienestar-de-mujeres-de-60-a-64-anos\/#primaryimage\"},\"thumbnailUrl\":\"https:\/\/masquenoticias.mx\/wp-content\/uploads\/2024\/10\/pensionmujeres.avif\",\"keywords\":[\"Bienestar\"],\"articleSection\":[\"Estado\"],\"inLanguage\":\"es\",\"potentialAction\":[{\"@type\":\"CommentAction\",\"name\":\"Comment\",\"target\":[\"https:\/\/masquenoticias.mx\/index.php\/2024\/10\/07\/inicia-en-colima-el-registro-a-la-pension-para-el-bienestar-de-mujeres-de-60-a-64-anos\/#respond\"]}]},{\"@type\":\"WebPage\",\"@id\":\"https:\/\/masquenoticias.mx\/index.php\/2024\/10\/07\/inicia-en-colima-el-registro-a-la-pension-para-el-bienestar-de-mujeres-de-60-a-64-anos\/\",\"url\":\"https:\/\/masquenoticias.mx\/index.php\/2024\/10\/07\/inicia-en-colima-el-registro-a-la-pension-para-el-bienestar-de-mujeres-de-60-a-64-anos\/\",\"name\":\"Inicia en Colima el registro a la pensi\u00f3n para el Bienestar de mujeres de 60 a 64 a\u00f1os - M\u00e1s Que Noticias\",\"isPartOf\":{\"@id\":\"https:\/\/masquenoticias.mx\/#website\"},\"primaryImageOfPage\":{\"@id\":\"https:\/\/masquenoticias.mx\/index.php\/2024\/10\/07\/inicia-en-colima-el-registro-a-la-pension-para-el-bienestar-de-mujeres-de-60-a-64-anos\/#primaryimage\"},\"image\":{\"@id\":\"https:\/\/masquenoticias.mx\/index.php\/2024\/10\/07\/inicia-en-colima-el-registro-a-la-pension-para-el-bienestar-de-mujeres-de-60-a-64-anos\/#primaryimage\"},\"thumbnailUrl\":\"https:\/\/masquenoticias.mx\/wp-content\/uploads\/2024\/10\/pensionmujeres.avif\",\"datePublished\":\"2024-10-07T17:52:22+00:00\",\"breadcrumb\":{\"@id\":\"https:\/\/masquenoticias.mx\/index.php\/2024\/10\/07\/inicia-en-colima-el-registro-a-la-pension-para-el-bienestar-de-mujeres-de-60-a-64-anos\/#breadcrumb\"},\"inLanguage\":\"es\",\"potentialAction\":[{\"@type\":\"ReadAction\",\"target\":[\"https:\/\/masquenoticias.mx\/index.php\/2024\/10\/07\/inicia-en-colima-el-registro-a-la-pension-para-el-bienestar-de-mujeres-de-60-a-64-anos\/\"]}]},{\"@type\":\"ImageObject\",\"inLanguage\":\"es\",\"@id\":\"https:\/\/masquenoticias.mx\/index.php\/2024\/10\/07\/inicia-en-colima-el-registro-a-la-pension-para-el-bienestar-de-mujeres-de-60-a-64-anos\/#primaryimage\",\"url\":\"https:\/\/masquenoticias.mx\/wp-content\/uploads\/2024\/10\/pensionmujeres.avif\",\"contentUrl\":\"https:\/\/masquenoticias.mx\/wp-content\/uploads\/2024\/10\/pensionmujeres.avif\",\"width\":1100,\"height\":666},{\"@type\":\"BreadcrumbList\",\"@id\":\"https:\/\/masquenoticias.mx\/index.php\/2024\/10\/07\/inicia-en-colima-el-registro-a-la-pension-para-el-bienestar-de-mujeres-de-60-a-64-anos\/#breadcrumb\",\"itemListElement\":[{\"@type\":\"ListItem\",\"position\":1,\"name\":\"Inicio\",\"item\":\"https:\/\/masquenoticias.mx\/\"},{\"@type\":\"ListItem\",\"position\":2,\"name\":\"Inicia en Colima el registro a la pensi\u00f3n para el Bienestar de mujeres de 60 a 64 a\u00f1os\"}]},{\"@type\":\"WebSite\",\"@id\":\"https:\/\/masquenoticias.mx\/#website\",\"url\":\"https:\/\/masquenoticias.mx\/\",\"name\":\"M\u00e1s Que Noticias\",\"description\":\"Noticias de Colima, M\u00e9xico y el Mundo\",\"publisher\":{\"@id\":\"https:\/\/masquenoticias.mx\/#organization\"},\"potentialAction\":[{\"@type\":\"SearchAction\",\"target\":{\"@type\":\"EntryPoint\",\"urlTemplate\":\"https:\/\/masquenoticias.mx\/?s={search_term_string}\"},\"query-input\":{\"@type\":\"PropertyValueSpecification\",\"valueRequired\":true,\"valueName\":\"search_term_string\"}}],\"inLanguage\":\"es\"},{\"@type\":\"Organization\",\"@id\":\"https:\/\/masquenoticias.mx\/#organization\",\"name\":\"M\u00e1s Que Noticias\",\"url\":\"https:\/\/masquenoticias.mx\/\",\"logo\":{\"@type\":\"ImageObject\",\"inLanguage\":\"es\",\"@id\":\"https:\/\/masquenoticias.mx\/#\/schema\/logo\/image\/\",\"url\":\"https:\/\/i0.wp.com\/masquenoticias.mx\/wp-content\/uploads\/2024\/04\/IMG_0004.png?fit=2560%2C1656&ssl=1\",\"contentUrl\":\"https:\/\/i0.wp.com\/masquenoticias.mx\/wp-content\/uploads\/2024\/04\/IMG_0004.png?fit=2560%2C1656&ssl=1\",\"width\":2560,\"height\":1656,\"caption\":\"M\u00e1s Que Noticias\"},\"image\":{\"@id\":\"https:\/\/masquenoticias.mx\/#\/schema\/logo\/image\/\"},\"sameAs\":[\"https:\/\/www.facebook.com\/masquenoticiascolima\",\"https:\/\/x.com\/edgartove\",\"https:\/\/www.instagram.com\/masquenoticiascolima\/\"]},{\"@type\":\"Person\",\"@id\":\"https:\/\/masquenoticias.mx\/#\/schema\/person\/544d19989ef23d34615f691f7a96e622\",\"name\":\"Redacci\u00f3n\",\"image\":{\"@type\":\"ImageObject\",\"inLanguage\":\"es\",\"@id\":\"https:\/\/masquenoticias.mx\/#\/schema\/person\/image\/\",\"url\":\"https:\/\/secure.gravatar.com\/avatar\/7fcc926d5b058d3f3d52d95b4d05dd58?s=96&d=mm&r=g\",\"contentUrl\":\"https:\/\/secure.gravatar.com\/avatar\/7fcc926d5b058d3f3d52d95b4d05dd58?s=96&d=mm&r=g\",\"caption\":\"Redacci\u00f3n\"},\"sameAs\":[\"http:\/\/masquenoticias.mx\"],\"url\":\"https:\/\/masquenoticias.mx\/index.php\/author\/edgartovegmail-com\/\"}]}<\/script>\n<!-- \/ Yoast SEO plugin. -->","yoast_head_json":{"title":"Inicia en Colima el registro a la pensi\u00f3n para el Bienestar de mujeres de 60 a 64 a\u00f1os - M\u00e1s Que Noticias","robots":{"index":"index","follow":"follow","max-snippet":"max-snippet:-1","max-image-preview":"max-image-preview:large","max-video-preview":"max-video-preview:-1"},"canonical":"https:\/\/masquenoticias.mx\/index.php\/2024\/10\/07\/inicia-en-colima-el-registro-a-la-pension-para-el-bienestar-de-mujeres-de-60-a-64-anos\/","og_locale":"es_MX","og_type":"article","og_title":"Inicia en Colima el registro a la pensi\u00f3n para el Bienestar de mujeres de 60 a 64 a\u00f1os - M\u00e1s Que Noticias","og_description":"La Delegaci\u00f3n de Programas para el Bienestar en Colima informa que a partir de este lunes 7 de octubre y hasta el 30 de noviembre se realizar\u00e1 el registro a la Pensi\u00f3n Mujeres Bienestar de 60 a 64 a\u00f1os en los M\u00f3dulos de Bienestar; iniciar\u00e1 con todas las mujeres de 63 a 64 a\u00f1os y [&hellip;]","og_url":"https:\/\/masquenoticias.mx\/index.php\/2024\/10\/07\/inicia-en-colima-el-registro-a-la-pension-para-el-bienestar-de-mujeres-de-60-a-64-anos\/","og_site_name":"M\u00e1s Que Noticias","article_publisher":"https:\/\/www.facebook.com\/masquenoticiascolima","article_published_time":"2024-10-07T17:52:22+00:00","author":"Redacci\u00f3n","twitter_card":"summary_large_image","twitter_creator":"@edgartove","twitter_site":"@edgartove","twitter_misc":{"Escrito por":"Redacci\u00f3n","Tiempo de lectura":"2 minutos"},"schema":{"@context":"https:\/\/schema.org","@graph":[{"@type":"Article","@id":"https:\/\/masquenoticias.mx\/index.php\/2024\/10\/07\/inicia-en-colima-el-registro-a-la-pension-para-el-bienestar-de-mujeres-de-60-a-64-anos\/#article","isPartOf":{"@id":"https:\/\/masquenoticias.mx\/index.php\/2024\/10\/07\/inicia-en-colima-el-registro-a-la-pension-para-el-bienestar-de-mujeres-de-60-a-64-anos\/"},"author":{"name":"Redacci\u00f3n","@id":"https:\/\/masquenoticias.mx\/#\/schema\/person\/544d19989ef23d34615f691f7a96e622"},"headline":"Inicia en Colima el registro a la pensi\u00f3n para el Bienestar de mujeres de 60 a 64 a\u00f1os","datePublished":"2024-10-07T17:52:22+00:00","mainEntityOfPage":{"@id":"https:\/\/masquenoticias.mx\/index.php\/2024\/10\/07\/inicia-en-colima-el-registro-a-la-pension-para-el-bienestar-de-mujeres-de-60-a-64-anos\/"},"wordCount":427,"commentCount":0,"publisher":{"@id":"https:\/\/masquenoticias.mx\/#organization"},"image":{"@id":"https:\/\/masquenoticias.mx\/index.php\/2024\/10\/07\/inicia-en-colima-el-registro-a-la-pension-para-el-bienestar-de-mujeres-de-60-a-64-anos\/#primaryimage"},"thumbnailUrl":"https:\/\/masquenoticias.mx\/wp-content\/uploads\/2024\/10\/pensionmujeres.avif","keywords":["Bienestar"],"articleSection":["Estado"],"inLanguage":"es","potentialAction":[{"@type":"CommentAction","name":"Comment","target":["https:\/\/masquenoticias.mx\/index.php\/2024\/10\/07\/inicia-en-colima-el-registro-a-la-pension-para-el-bienestar-de-mujeres-de-60-a-64-anos\/#respond"]}]},{"@type":"WebPage","@id":"https:\/\/masquenoticias.mx\/index.php\/2024\/10\/07\/inicia-en-colima-el-registro-a-la-pension-para-el-bienestar-de-mujeres-de-60-a-64-anos\/","url":"https:\/\/masquenoticias.mx\/index.php\/2024\/10\/07\/inicia-en-colima-el-registro-a-la-pension-para-el-bienestar-de-mujeres-de-60-a-64-anos\/","name":"Inicia en Colima el registro a la pensi\u00f3n para el Bienestar de mujeres de 60 a 64 a\u00f1os - M\u00e1s Que Noticias","isPartOf":{"@id":"https:\/\/masquenoticias.mx\/#website"},"primaryImageOfPage":{"@id":"https:\/\/masquenoticias.mx\/index.php\/2024\/10\/07\/inicia-en-colima-el-registro-a-la-pension-para-el-bienestar-de-mujeres-de-60-a-64-anos\/#primaryimage"},"image":{"@id":"https:\/\/masquenoticias.mx\/index.php\/2024\/10\/07\/inicia-en-colima-el-registro-a-la-pension-para-el-bienestar-de-mujeres-de-60-a-64-anos\/#primaryimage"},"thumbnailUrl":"https:\/\/masquenoticias.mx\/wp-content\/uploads\/2024\/10\/pensionmujeres.avif","datePublished":"2024-10-07T17:52:22+00:00","breadcrumb":{"@id":"https:\/\/masquenoticias.mx\/index.php\/2024\/10\/07\/inicia-en-colima-el-registro-a-la-pension-para-el-bienestar-de-mujeres-de-60-a-64-anos\/#breadcrumb"},"inLanguage":"es","potentialAction":[{"@type":"ReadAction","target":["https:\/\/masquenoticias.mx\/index.php\/2024\/10\/07\/inicia-en-colima-el-registro-a-la-pension-para-el-bienestar-de-mujeres-de-60-a-64-anos\/"]}]},{"@type":"ImageObject","inLanguage":"es","@id":"https:\/\/masquenoticias.mx\/index.php\/2024\/10\/07\/inicia-en-colima-el-registro-a-la-pension-para-el-bienestar-de-mujeres-de-60-a-64-anos\/#primaryimage","url":"https:\/\/masquenoticias.mx\/wp-content\/uploads\/2024\/10\/pensionmujeres.avif","contentUrl":"https:\/\/masquenoticias.mx\/wp-content\/uploads\/2024\/10\/pensionmujeres.avif","width":1100,"height":666},{"@type":"BreadcrumbList","@id":"https:\/\/masquenoticias.mx\/index.php\/2024\/10\/07\/inicia-en-colima-el-registro-a-la-pension-para-el-bienestar-de-mujeres-de-60-a-64-anos\/#breadcrumb","itemListElement":[{"@type":"ListItem","position":1,"name":"Inicio","item":"https:\/\/masquenoticias.mx\/"},{"@type":"ListItem","position":2,"name":"Inicia en Colima el registro a la pensi\u00f3n para el Bienestar de mujeres de 60 a 64 a\u00f1os"}]},{"@type":"WebSite","@id":"https:\/\/masquenoticias.mx\/#website","url":"https:\/\/masquenoticias.mx\/","name":"M\u00e1s Que Noticias","description":"Noticias de Colima, M\u00e9xico y el Mundo","publisher":{"@id":"https:\/\/masquenoticias.mx\/#organization"},"potentialAction":[{"@type":"SearchAction","target":{"@type":"EntryPoint","urlTemplate":"https:\/\/masquenoticias.mx\/?s={search_term_string}"},"query-input":{"@type":"PropertyValueSpecification","valueRequired":true,"valueName":"search_term_string"}}],"inLanguage":"es"},{"@type":"Organization","@id":"https:\/\/masquenoticias.mx\/#organization","name":"M\u00e1s Que Noticias","url":"https:\/\/masquenoticias.mx\/","logo":{"@type":"ImageObject","inLanguage":"es","@id":"https:\/\/masquenoticias.mx\/#\/schema\/logo\/image\/","url":"https:\/\/i0.wp.com\/masquenoticias.mx\/wp-content\/uploads\/2024\/04\/IMG_0004.png?fit=2560%2C1656&ssl=1","contentUrl":"https:\/\/i0.wp.com\/masquenoticias.mx\/wp-content\/uploads\/2024\/04\/IMG_0004.png?fit=2560%2C1656&ssl=1","width":2560,"height":1656,"caption":"M\u00e1s Que Noticias"},"image":{"@id":"https:\/\/masquenoticias.mx\/#\/schema\/logo\/image\/"},"sameAs":["https:\/\/www.facebook.com\/masquenoticiascolima","https:\/\/x.com\/edgartove","https:\/\/www.instagram.com\/masquenoticiascolima\/"]},{"@type":"Person","@id":"https:\/\/masquenoticias.mx\/#\/schema\/person\/544d19989ef23d34615f691f7a96e622","name":"Redacci\u00f3n","image":{"@type":"ImageObject","inLanguage":"es","@id":"https:\/\/masquenoticias.mx\/#\/schema\/person\/image\/","url":"https:\/\/secure.gravatar.com\/avatar\/7fcc926d5b058d3f3d52d95b4d05dd58?s=96&d=mm&r=g","contentUrl":"https:\/\/secure.gravatar.com\/avatar\/7fcc926d5b058d3f3d52d95b4d05dd58?s=96&d=mm&r=g","caption":"Redacci\u00f3n"},"sameAs":["http:\/\/masquenoticias.mx"],"url":"https:\/\/masquenoticias.mx\/index.php\/author\/edgartovegmail-com\/"}]}},"jetpack_featured_media_url":"https:\/\/masquenoticias.mx\/wp-content\/uploads\/2024\/10\/pensionmujeres.avif","blog_post_layout_featured_media_urls":{"thumbnail":["https:\/\/masquenoticias.mx\/wp-content\/uploads\/2024\/10\/pensionmujeres-150x150.avif",150,150,true],"full":["https:\/\/masquenoticias.mx\/wp-content\/uploads\/2024\/10\/pensionmujeres.avif",1100,666,false]},"categories_names":{"24":{"name":"Estado","link":"https:\/\/masquenoticias.mx\/index.php\/category\/estado\/"}},"tags_names":{"56":{"name":"Bienestar","link":"https:\/\/masquenoticias.mx\/index.php\/tag\/bienestar\/"}},"comments_number":"0","wpmagazine_modules_lite_featured_media_urls":{"thumbnail":["https:\/\/masquenoticias.mx\/wp-content\/uploads\/2024\/10\/pensionmujeres-150x150.avif",150,150,true],"cvmm-medium":["https:\/\/masquenoticias.mx\/wp-content\/uploads\/2024\/10\/pensionmujeres-300x300.avif",300,300,true],"cvmm-medium-plus":["https:\/\/masquenoticias.mx\/wp-content\/uploads\/2024\/10\/pensionmujeres-305x207.avif",305,207,true],"cvmm-portrait":["https:\/\/masquenoticias.mx\/wp-content\/uploads\/2024\/10\/pensionmujeres-400x600.avif",400,600,true],"cvmm-medium-square":["https:\/\/masquenoticias.mx\/wp-content\/uploads\/2024\/10\/pensionmujeres-600x600.avif",600,600,true],"cvmm-large":["https:\/\/masquenoticias.mx\/wp-content\/uploads\/2024\/10\/pensionmujeres-1024x666.avif",1024,666,true],"cvmm-small":["https:\/\/masquenoticias.mx\/wp-content\/uploads\/2024\/10\/pensionmujeres-130x95.avif",130,95,true],"full":["https:\/\/masquenoticias.mx\/wp-content\/uploads\/2024\/10\/pensionmujeres.avif",1100,666,false]},"jetpack-related-posts":[],"jetpack_sharing_enabled":true,"jetpack_likes_enabled":true,"jetpack_shortlink":"https:\/\/wp.me\/pf7pkt-2O2","_links":{"self":[{"href":"https:\/\/masquenoticias.mx\/index.php\/wp-json\/wp\/v2\/posts\/10790","targetHints":{"allow":["GET"]}}],"collection":[{"href":"https:\/\/masquenoticias.mx\/index.php\/wp-json\/wp\/v2\/posts"}],"about":[{"href":"https:\/\/masquenoticias.mx\/index.php\/wp-json\/wp\/v2\/types\/post"}],"author":[{"embeddable":true,"href":"https:\/\/masquenoticias.mx\/index.php\/wp-json\/wp\/v2\/users\/1"}],"replies":[{"embeddable":true,"href":"https:\/\/masquenoticias.mx\/index.php\/wp-json\/wp\/v2\/comments?post=10790"}],"version-history":[{"count":1,"href":"https:\/\/masquenoticias.mx\/index.php\/wp-json\/wp\/v2\/posts\/10790\/revisions"}],"predecessor-version":[{"id":10792,"href":"https:\/\/masquenoticias.mx\/index.php\/wp-json\/wp\/v2\/posts\/10790\/revisions\/10792"}],"wp:featuredmedia":[{"embeddable":true,"href":"https:\/\/masquenoticias.mx\/index.php\/wp-json\/wp\/v2\/media\/10791"}],"wp:attachment":[{"href":"https:\/\/masquenoticias.mx\/index.php\/wp-json\/wp\/v2\/media?parent=10790"}],"wp:term":[{"taxonomy":"category","embeddable":true,"href":"https:\/\/masquenoticias.mx\/index.php\/wp-json\/wp\/v2\/categories?post=10790"},{"taxonomy":"post_tag","embeddable":true,"href":"https:\/\/masquenoticias.mx\/index.php\/wp-json\/wp\/v2\/tags?post=10790"}],"curies":[{"name":"wp","href":"https:\/\/api.w.org\/{rel}","templated":true}]}}