{"id":1069,"date":"2023-05-04T11:15:09","date_gmt":"2023-05-04T17:15:09","guid":{"rendered":"https:\/\/masquenoticias.mx\/?p=1069"},"modified":"2023-05-04T11:15:09","modified_gmt":"2023-05-04T17:15:09","slug":"gobernadora-anuncia-programas-y-acciones-para-apoyar-a-la-economia-de-las-y-los-colimenses","status":"publish","type":"post","link":"https:\/\/masquenoticias.mx\/index.php\/2023\/05\/04\/gobernadora-anuncia-programas-y-acciones-para-apoyar-a-la-economia-de-las-y-los-colimenses\/","title":{"rendered":"Gobernadora anuncia programas y acciones para apoyar a la econom\u00eda de las y los colimenses"},"content":{"rendered":"<p>La tarde de este mi\u00e9rcoles, la gobernadora Indira Vizca\u00edno Silva, acompa\u00f1ada del subsecretario de Desarrollo Rural (Subseder), Jaime Enrique Sotelo Garc\u00eda y Alberto Cortez Mart\u00ednez, director general de Ingresos en la Secretar\u00eda de Planeaci\u00f3n, Finanzas y Administraci\u00f3n (Seplafina), informaron en Di\u00e1logos por la Transformaci\u00f3n, diversos programas y acciones que realiza el gobierno estatal para apoyar a la econom\u00eda de las y los colimenses.<\/p>\n<p>Sobre lo expuesto por el titular de Subseder, Indira refiri\u00f3 que son \u201cprogramas de apoyo al campo que estamos lanzando y ser\u00e1n de gran utilidad para detonar la actividad econ\u00f3mica en este importante sector\u201d; mientras que la Seplafina cuenta con beneficios fiscales para el pago de tenencia y holograma vehicular, recientemente aprobados en el Congreso local, ante una iniciativa enviada por el Poder Ejecutivo estatal.<\/p>\n<p>TRANSFORMACI\u00d3N DEL CAMPO COLIMENSE<\/p>\n<p>Sotelo Garc\u00eda detall\u00f3 que, gracias al convenio con una empresa colimense, reconocida a nivel nacional por la calidad de sus productos, se pondr\u00e1n a disposici\u00f3n de las y los productores, fertilizantes a precios preferenciales; tal es el caso de la urea granular con costo de 8 mil 120 pesos la tonelada; la tonelada de sulfato de amonio est\u00e1ndar a 4 mil 420 pesos y la tonelada de mezcla plata a 12 mil 560 pesos. Estos fertilizantes y precios ser\u00e1n puestos a disposici\u00f3n en cada municipio. Otro convenio con Uni\u00f3n Ganadera para poner a disposici\u00f3n del sector quintales de alambre y malla borreguera a bajo costo. 0<\/p>\n<p>Agreg\u00f3 que la acuacultura ofrece amplias posibilidades para mejorar el abasto de alimento barato y rico en prote\u00ednas, para mejorar la dieta de las familias y que Colima cuenta con una gran diversidad de bordos y estanques para incentivar esta actividad, por lo que se pone a disposici\u00f3n un mill\u00f3n de alevines (cr\u00edas de pescado) para repoblar estanques y bordos. Se trata, dijo, de alevines de tilapia hormonada, para garantizar su adecuado crecimiento.<\/p>\n<p>A trav\u00e9s del Programa para la renovaci\u00f3n y rehabilitaci\u00f3n del cultivo del caf\u00e9, cuya poblaci\u00f3n objetivo son productores de caf\u00e9 de peque\u00f1a escala, de Comala, Cuauht\u00e9moc, Minatitl\u00e1n, Villa de \u00c1lvarez y Manzanillo, se beneficiar\u00e1 a por lo menos 80 productores y sus familias, sumando un total de 160 hect\u00e1reas, entre nueva superficie y renovaci\u00f3n de parcelas viejas.<\/p>\n<p>Destaca la renovaci\u00f3n de parcelas de caf\u00e9 y nuevas plantaciones de caf\u00e9 con variedades resistentes a la roya que les permita mantener y aumentar rendimientos; mientras que las metas son 400 mil plantas de caf\u00e9 Oro Azteca para 2024; 80 productores beneficiados con planta para dos hect\u00e1reas.; 160 hect\u00e1reas (renovaci\u00f3n y hect\u00e1reas nuevas); as\u00ed como la creaci\u00f3n de m\u00e1s de 200 empleos directa e indirectamente.<\/p>\n<p>EST\u00cdMULOS FISCALES TEMPORALES<\/p>\n<p>Alberto Cortez Mart\u00ednez, director general de Ingresos, expuso que el Gobierno de Colima, por conducto de Seplafina, present\u00f3 una iniciativa que fue aprobada por el Poder Legislativo, para otorgar est\u00edmulos fiscales temporales en Impuesto sobre Tenencia, calcoman\u00eda fiscal vehicular, recargos y multas a fin de apoyar la econom\u00eda de las y los colimenses.<\/p>\n<p>El decreto est\u00e1 integrado por tres partes: subsidio a la tenencia correspondiente al Ejercicio Fiscal 2023, que ser\u00e1 del 80% en el mes de mayo, 70% en junio, 60% en julio, 50% en agosto, 40% en septiembre y 30% en octubre; descuento en pago de Impuesto a la Tenencia, calcoman\u00eda vehicular del ejercicio 2022 y a\u00f1os anteriores, que ser\u00e1 de 50% en mayo y junio; y descuento en pago de recargos y multas sobre Impuesto a la Tenencia, calcoman\u00eda vehicular del ejercicio 2022 y a\u00f1os anteriores, que ser\u00e1 del 80% durante mayo y junio.<\/p>\n<p>Los pagos se pueden realizar en las Coordinaciones de Asistencia al Contribuyente, ubicadas en las oficinas de la Subsecretar\u00eda de Movilidad (Subsemov) de Colima, Manzanillo, Tecom\u00e1n y Villa de \u00c1lvarez; oficinas de Receptor\u00eda de Rentas de Manzanillo, Tecom\u00e1n y Villa de \u00c1lvarez; en kioscos de Servicios y Tr\u00e1mites del Gobierno del Estado; en m\u00f3dulos de asistencia al Contribuyente del Complejo Administrativo; a trav\u00e9s del portal de Internet www.col.gob.mx\/finanzas; en las oficinas de Telecomm, tiendas de conveniencia Kiosko y ventanillas bancarias (previa orden de pago).<\/p>\n<p>A\u00f1adi\u00f3 que para tener un acercamiento con la ciudadan\u00eda en comunidades y\/o poblaciones y para facilitar el pago de sus impuestos y\/o derechos, se implement\u00f3 una caravana de acercamiento que est\u00e1 visitando algunas comunidades de los diez municipios de la entidad.<\/p>\n<p>Para obtener m\u00e1s informaci\u00f3n al respecto, las personas interesadas se pueden comunicar a los tel\u00e9fonos 312-316-2000, Ext. 21327 y 21304; por medio de la p\u00e1gina web <a href=\"http:\/\/www.col.gob.mx\/finanzas\">www.col.gob.mx\/finanzas<\/a> o por las redes sociales de la Secretar\u00eda de Planeaci\u00f3n, Finanzas y Administraci\u00f3n Colima.<\/p>\n","protected":false},"excerpt":{"rendered":"<p>La tarde de este mi\u00e9rcoles, la gobernadora Indira Vizca\u00edno Silva, acompa\u00f1ada del subsecretario de Desarrollo Rural (Subseder), Jaime Enrique Sotelo Garc\u00eda y Alberto Cortez Mart\u00ednez, director general de Ingresos en la Secretar\u00eda de Planeaci\u00f3n, Finanzas y Administraci\u00f3n (Seplafina), informaron en Di\u00e1logos por la Transformaci\u00f3n, diversos programas y acciones que realiza el gobierno estatal para apoyar [&hellip;]<\/p>\n","protected":false},"author":1,"featured_media":1070,"comment_status":"open","ping_status":"open","sticky":false,"template":"","format":"standard","meta":{"_jetpack_memberships_contains_paid_content":false,"footnotes":""},"categories":[24],"tags":[25,72,26],"class_list":["post-1069","post","type-post","status-publish","format-standard","has-post-thumbnail","hentry","category-estado","tag-estado","tag-gobierno","tag-indira-vizcaino"],"yoast_head":"<!-- This site is optimized with the Yoast SEO plugin v26.6 - https:\/\/yoast.com\/wordpress\/plugins\/seo\/ -->\n<title>Gobernadora anuncia programas y acciones para apoyar a la econom\u00eda de las y los colimenses - M\u00e1s Que Noticias<\/title>\n<meta name=\"robots\" content=\"index, follow, max-snippet:-1, max-image-preview:large, max-video-preview:-1\" \/>\n<link rel=\"canonical\" href=\"https:\/\/masquenoticias.mx\/index.php\/2023\/05\/04\/gobernadora-anuncia-programas-y-acciones-para-apoyar-a-la-economia-de-las-y-los-colimenses\/\" \/>\n<meta property=\"og:locale\" content=\"es_MX\" \/>\n<meta property=\"og:type\" content=\"article\" \/>\n<meta property=\"og:title\" content=\"Gobernadora anuncia programas y acciones para apoyar a la econom\u00eda de las y los colimenses - M\u00e1s Que Noticias\" \/>\n<meta property=\"og:description\" content=\"La tarde de este mi\u00e9rcoles, la gobernadora Indira Vizca\u00edno Silva, acompa\u00f1ada del subsecretario de Desarrollo Rural (Subseder), Jaime Enrique Sotelo Garc\u00eda y Alberto Cortez Mart\u00ednez, director general de Ingresos en la Secretar\u00eda de Planeaci\u00f3n, Finanzas y Administraci\u00f3n (Seplafina), informaron en Di\u00e1logos por la Transformaci\u00f3n, diversos programas y acciones que realiza el gobierno estatal para apoyar [&hellip;]\" \/>\n<meta property=\"og:url\" content=\"https:\/\/masquenoticias.mx\/index.php\/2023\/05\/04\/gobernadora-anuncia-programas-y-acciones-para-apoyar-a-la-economia-de-las-y-los-colimenses\/\" \/>\n<meta property=\"og:site_name\" content=\"M\u00e1s Que Noticias\" \/>\n<meta property=\"article:publisher\" content=\"https:\/\/www.facebook.com\/masquenoticiascolima\" \/>\n<meta property=\"article:published_time\" content=\"2023-05-04T17:15:09+00:00\" \/>\n<meta property=\"og:image\" content=\"https:\/\/i0.wp.com\/masquenoticias.mx\/wp-content\/uploads\/2023\/05\/Dialogos-por-la-Transformacion.jpeg?fit=1280%2C853&ssl=1\" \/>\n\t<meta property=\"og:image:width\" content=\"1280\" \/>\n\t<meta property=\"og:image:height\" content=\"853\" \/>\n\t<meta property=\"og:image:type\" content=\"image\/jpeg\" \/>\n<meta name=\"author\" content=\"Redacci\u00f3n\" \/>\n<meta name=\"twitter:card\" content=\"summary_large_image\" \/>\n<meta name=\"twitter:creator\" content=\"@edgartove\" \/>\n<meta name=\"twitter:site\" content=\"@edgartove\" \/>\n<meta name=\"twitter:label1\" content=\"Escrito por\" \/>\n\t<meta name=\"twitter:data1\" content=\"Redacci\u00f3n\" \/>\n\t<meta name=\"twitter:label2\" content=\"Tiempo de lectura\" \/>\n\t<meta name=\"twitter:data2\" content=\"4 minutos\" \/>\n<script type=\"application\/ld+json\" class=\"yoast-schema-graph\">{\"@context\":\"https:\/\/schema.org\",\"@graph\":[{\"@type\":\"Article\",\"@id\":\"https:\/\/masquenoticias.mx\/index.php\/2023\/05\/04\/gobernadora-anuncia-programas-y-acciones-para-apoyar-a-la-economia-de-las-y-los-colimenses\/#article\",\"isPartOf\":{\"@id\":\"https:\/\/masquenoticias.mx\/index.php\/2023\/05\/04\/gobernadora-anuncia-programas-y-acciones-para-apoyar-a-la-economia-de-las-y-los-colimenses\/\"},\"author\":{\"name\":\"Redacci\u00f3n\",\"@id\":\"https:\/\/masquenoticias.mx\/#\/schema\/person\/544d19989ef23d34615f691f7a96e622\"},\"headline\":\"Gobernadora anuncia programas y acciones para apoyar a la econom\u00eda de las y los colimenses\",\"datePublished\":\"2023-05-04T17:15:09+00:00\",\"mainEntityOfPage\":{\"@id\":\"https:\/\/masquenoticias.mx\/index.php\/2023\/05\/04\/gobernadora-anuncia-programas-y-acciones-para-apoyar-a-la-economia-de-las-y-los-colimenses\/\"},\"wordCount\":816,\"commentCount\":0,\"publisher\":{\"@id\":\"https:\/\/masquenoticias.mx\/#organization\"},\"image\":{\"@id\":\"https:\/\/masquenoticias.mx\/index.php\/2023\/05\/04\/gobernadora-anuncia-programas-y-acciones-para-apoyar-a-la-economia-de-las-y-los-colimenses\/#primaryimage\"},\"thumbnailUrl\":\"https:\/\/i0.wp.com\/masquenoticias.mx\/wp-content\/uploads\/2023\/05\/Dialogos-por-la-Transformacion.jpeg?fit=1280%2C853&ssl=1\",\"keywords\":[\"Estado\",\"Gobierno\",\"Indira Vizca\u00edno\"],\"articleSection\":[\"Estado\"],\"inLanguage\":\"es\",\"potentialAction\":[{\"@type\":\"CommentAction\",\"name\":\"Comment\",\"target\":[\"https:\/\/masquenoticias.mx\/index.php\/2023\/05\/04\/gobernadora-anuncia-programas-y-acciones-para-apoyar-a-la-economia-de-las-y-los-colimenses\/#respond\"]}]},{\"@type\":\"WebPage\",\"@id\":\"https:\/\/masquenoticias.mx\/index.php\/2023\/05\/04\/gobernadora-anuncia-programas-y-acciones-para-apoyar-a-la-economia-de-las-y-los-colimenses\/\",\"url\":\"https:\/\/masquenoticias.mx\/index.php\/2023\/05\/04\/gobernadora-anuncia-programas-y-acciones-para-apoyar-a-la-economia-de-las-y-los-colimenses\/\",\"name\":\"Gobernadora anuncia programas y acciones para apoyar a la econom\u00eda de las y los colimenses - M\u00e1s Que Noticias\",\"isPartOf\":{\"@id\":\"https:\/\/masquenoticias.mx\/#website\"},\"primaryImageOfPage\":{\"@id\":\"https:\/\/masquenoticias.mx\/index.php\/2023\/05\/04\/gobernadora-anuncia-programas-y-acciones-para-apoyar-a-la-economia-de-las-y-los-colimenses\/#primaryimage\"},\"image\":{\"@id\":\"https:\/\/masquenoticias.mx\/index.php\/2023\/05\/04\/gobernadora-anuncia-programas-y-acciones-para-apoyar-a-la-economia-de-las-y-los-colimenses\/#primaryimage\"},\"thumbnailUrl\":\"https:\/\/i0.wp.com\/masquenoticias.mx\/wp-content\/uploads\/2023\/05\/Dialogos-por-la-Transformacion.jpeg?fit=1280%2C853&ssl=1\",\"datePublished\":\"2023-05-04T17:15:09+00:00\",\"breadcrumb\":{\"@id\":\"https:\/\/masquenoticias.mx\/index.php\/2023\/05\/04\/gobernadora-anuncia-programas-y-acciones-para-apoyar-a-la-economia-de-las-y-los-colimenses\/#breadcrumb\"},\"inLanguage\":\"es\",\"potentialAction\":[{\"@type\":\"ReadAction\",\"target\":[\"https:\/\/masquenoticias.mx\/index.php\/2023\/05\/04\/gobernadora-anuncia-programas-y-acciones-para-apoyar-a-la-economia-de-las-y-los-colimenses\/\"]}]},{\"@type\":\"ImageObject\",\"inLanguage\":\"es\",\"@id\":\"https:\/\/masquenoticias.mx\/index.php\/2023\/05\/04\/gobernadora-anuncia-programas-y-acciones-para-apoyar-a-la-economia-de-las-y-los-colimenses\/#primaryimage\",\"url\":\"https:\/\/i0.wp.com\/masquenoticias.mx\/wp-content\/uploads\/2023\/05\/Dialogos-por-la-Transformacion.jpeg?fit=1280%2C853&ssl=1\",\"contentUrl\":\"https:\/\/i0.wp.com\/masquenoticias.mx\/wp-content\/uploads\/2023\/05\/Dialogos-por-la-Transformacion.jpeg?fit=1280%2C853&ssl=1\",\"width\":1280,\"height\":853},{\"@type\":\"BreadcrumbList\",\"@id\":\"https:\/\/masquenoticias.mx\/index.php\/2023\/05\/04\/gobernadora-anuncia-programas-y-acciones-para-apoyar-a-la-economia-de-las-y-los-colimenses\/#breadcrumb\",\"itemListElement\":[{\"@type\":\"ListItem\",\"position\":1,\"name\":\"Inicio\",\"item\":\"https:\/\/masquenoticias.mx\/\"},{\"@type\":\"ListItem\",\"position\":2,\"name\":\"Gobernadora anuncia programas y acciones para apoyar a la econom\u00eda de las y los colimenses\"}]},{\"@type\":\"WebSite\",\"@id\":\"https:\/\/masquenoticias.mx\/#website\",\"url\":\"https:\/\/masquenoticias.mx\/\",\"name\":\"M\u00e1s Que Noticias\",\"description\":\"Noticias de Colima, M\u00e9xico y el Mundo\",\"publisher\":{\"@id\":\"https:\/\/masquenoticias.mx\/#organization\"},\"potentialAction\":[{\"@type\":\"SearchAction\",\"target\":{\"@type\":\"EntryPoint\",\"urlTemplate\":\"https:\/\/masquenoticias.mx\/?s={search_term_string}\"},\"query-input\":{\"@type\":\"PropertyValueSpecification\",\"valueRequired\":true,\"valueName\":\"search_term_string\"}}],\"inLanguage\":\"es\"},{\"@type\":\"Organization\",\"@id\":\"https:\/\/masquenoticias.mx\/#organization\",\"name\":\"M\u00e1s Que Noticias\",\"url\":\"https:\/\/masquenoticias.mx\/\",\"logo\":{\"@type\":\"ImageObject\",\"inLanguage\":\"es\",\"@id\":\"https:\/\/masquenoticias.mx\/#\/schema\/logo\/image\/\",\"url\":\"https:\/\/i0.wp.com\/masquenoticias.mx\/wp-content\/uploads\/2024\/04\/IMG_0004.png?fit=2560%2C1656&ssl=1\",\"contentUrl\":\"https:\/\/i0.wp.com\/masquenoticias.mx\/wp-content\/uploads\/2024\/04\/IMG_0004.png?fit=2560%2C1656&ssl=1\",\"width\":2560,\"height\":1656,\"caption\":\"M\u00e1s Que Noticias\"},\"image\":{\"@id\":\"https:\/\/masquenoticias.mx\/#\/schema\/logo\/image\/\"},\"sameAs\":[\"https:\/\/www.facebook.com\/masquenoticiascolima\",\"https:\/\/x.com\/edgartove\",\"https:\/\/www.instagram.com\/masquenoticiascolima\/\"]},{\"@type\":\"Person\",\"@id\":\"https:\/\/masquenoticias.mx\/#\/schema\/person\/544d19989ef23d34615f691f7a96e622\",\"name\":\"Redacci\u00f3n\",\"image\":{\"@type\":\"ImageObject\",\"inLanguage\":\"es\",\"@id\":\"https:\/\/masquenoticias.mx\/#\/schema\/person\/image\/\",\"url\":\"https:\/\/secure.gravatar.com\/avatar\/7fcc926d5b058d3f3d52d95b4d05dd58?s=96&d=mm&r=g\",\"contentUrl\":\"https:\/\/secure.gravatar.com\/avatar\/7fcc926d5b058d3f3d52d95b4d05dd58?s=96&d=mm&r=g\",\"caption\":\"Redacci\u00f3n\"},\"sameAs\":[\"http:\/\/masquenoticias.mx\"],\"url\":\"https:\/\/masquenoticias.mx\/index.php\/author\/edgartovegmail-com\/\"}]}<\/script>\n<!-- \/ Yoast SEO plugin. -->","yoast_head_json":{"title":"Gobernadora anuncia programas y acciones para apoyar a la econom\u00eda de las y los colimenses - M\u00e1s Que Noticias","robots":{"index":"index","follow":"follow","max-snippet":"max-snippet:-1","max-image-preview":"max-image-preview:large","max-video-preview":"max-video-preview:-1"},"canonical":"https:\/\/masquenoticias.mx\/index.php\/2023\/05\/04\/gobernadora-anuncia-programas-y-acciones-para-apoyar-a-la-economia-de-las-y-los-colimenses\/","og_locale":"es_MX","og_type":"article","og_title":"Gobernadora anuncia programas y acciones para apoyar a la econom\u00eda de las y los colimenses - M\u00e1s Que Noticias","og_description":"La tarde de este mi\u00e9rcoles, la gobernadora Indira Vizca\u00edno Silva, acompa\u00f1ada del subsecretario de Desarrollo Rural (Subseder), Jaime Enrique Sotelo Garc\u00eda y Alberto Cortez Mart\u00ednez, director general de Ingresos en la Secretar\u00eda de Planeaci\u00f3n, Finanzas y Administraci\u00f3n (Seplafina), informaron en Di\u00e1logos por la Transformaci\u00f3n, diversos programas y acciones que realiza el gobierno estatal para apoyar [&hellip;]","og_url":"https:\/\/masquenoticias.mx\/index.php\/2023\/05\/04\/gobernadora-anuncia-programas-y-acciones-para-apoyar-a-la-economia-de-las-y-los-colimenses\/","og_site_name":"M\u00e1s Que Noticias","article_publisher":"https:\/\/www.facebook.com\/masquenoticiascolima","article_published_time":"2023-05-04T17:15:09+00:00","og_image":[{"width":1280,"height":853,"url":"https:\/\/i0.wp.com\/masquenoticias.mx\/wp-content\/uploads\/2023\/05\/Dialogos-por-la-Transformacion.jpeg?fit=1280%2C853&ssl=1","type":"image\/jpeg"}],"author":"Redacci\u00f3n","twitter_card":"summary_large_image","twitter_creator":"@edgartove","twitter_site":"@edgartove","twitter_misc":{"Escrito por":"Redacci\u00f3n","Tiempo de lectura":"4 minutos"},"schema":{"@context":"https:\/\/schema.org","@graph":[{"@type":"Article","@id":"https:\/\/masquenoticias.mx\/index.php\/2023\/05\/04\/gobernadora-anuncia-programas-y-acciones-para-apoyar-a-la-economia-de-las-y-los-colimenses\/#article","isPartOf":{"@id":"https:\/\/masquenoticias.mx\/index.php\/2023\/05\/04\/gobernadora-anuncia-programas-y-acciones-para-apoyar-a-la-economia-de-las-y-los-colimenses\/"},"author":{"name":"Redacci\u00f3n","@id":"https:\/\/masquenoticias.mx\/#\/schema\/person\/544d19989ef23d34615f691f7a96e622"},"headline":"Gobernadora anuncia programas y acciones para apoyar a la econom\u00eda de las y los colimenses","datePublished":"2023-05-04T17:15:09+00:00","mainEntityOfPage":{"@id":"https:\/\/masquenoticias.mx\/index.php\/2023\/05\/04\/gobernadora-anuncia-programas-y-acciones-para-apoyar-a-la-economia-de-las-y-los-colimenses\/"},"wordCount":816,"commentCount":0,"publisher":{"@id":"https:\/\/masquenoticias.mx\/#organization"},"image":{"@id":"https:\/\/masquenoticias.mx\/index.php\/2023\/05\/04\/gobernadora-anuncia-programas-y-acciones-para-apoyar-a-la-economia-de-las-y-los-colimenses\/#primaryimage"},"thumbnailUrl":"https:\/\/i0.wp.com\/masquenoticias.mx\/wp-content\/uploads\/2023\/05\/Dialogos-por-la-Transformacion.jpeg?fit=1280%2C853&ssl=1","keywords":["Estado","Gobierno","Indira Vizca\u00edno"],"articleSection":["Estado"],"inLanguage":"es","potentialAction":[{"@type":"CommentAction","name":"Comment","target":["https:\/\/masquenoticias.mx\/index.php\/2023\/05\/04\/gobernadora-anuncia-programas-y-acciones-para-apoyar-a-la-economia-de-las-y-los-colimenses\/#respond"]}]},{"@type":"WebPage","@id":"https:\/\/masquenoticias.mx\/index.php\/2023\/05\/04\/gobernadora-anuncia-programas-y-acciones-para-apoyar-a-la-economia-de-las-y-los-colimenses\/","url":"https:\/\/masquenoticias.mx\/index.php\/2023\/05\/04\/gobernadora-anuncia-programas-y-acciones-para-apoyar-a-la-economia-de-las-y-los-colimenses\/","name":"Gobernadora anuncia programas y acciones para apoyar a la econom\u00eda de las y los colimenses - M\u00e1s Que Noticias","isPartOf":{"@id":"https:\/\/masquenoticias.mx\/#website"},"primaryImageOfPage":{"@id":"https:\/\/masquenoticias.mx\/index.php\/2023\/05\/04\/gobernadora-anuncia-programas-y-acciones-para-apoyar-a-la-economia-de-las-y-los-colimenses\/#primaryimage"},"image":{"@id":"https:\/\/masquenoticias.mx\/index.php\/2023\/05\/04\/gobernadora-anuncia-programas-y-acciones-para-apoyar-a-la-economia-de-las-y-los-colimenses\/#primaryimage"},"thumbnailUrl":"https:\/\/i0.wp.com\/masquenoticias.mx\/wp-content\/uploads\/2023\/05\/Dialogos-por-la-Transformacion.jpeg?fit=1280%2C853&ssl=1","datePublished":"2023-05-04T17:15:09+00:00","breadcrumb":{"@id":"https:\/\/masquenoticias.mx\/index.php\/2023\/05\/04\/gobernadora-anuncia-programas-y-acciones-para-apoyar-a-la-economia-de-las-y-los-colimenses\/#breadcrumb"},"inLanguage":"es","potentialAction":[{"@type":"ReadAction","target":["https:\/\/masquenoticias.mx\/index.php\/2023\/05\/04\/gobernadora-anuncia-programas-y-acciones-para-apoyar-a-la-economia-de-las-y-los-colimenses\/"]}]},{"@type":"ImageObject","inLanguage":"es","@id":"https:\/\/masquenoticias.mx\/index.php\/2023\/05\/04\/gobernadora-anuncia-programas-y-acciones-para-apoyar-a-la-economia-de-las-y-los-colimenses\/#primaryimage","url":"https:\/\/i0.wp.com\/masquenoticias.mx\/wp-content\/uploads\/2023\/05\/Dialogos-por-la-Transformacion.jpeg?fit=1280%2C853&ssl=1","contentUrl":"https:\/\/i0.wp.com\/masquenoticias.mx\/wp-content\/uploads\/2023\/05\/Dialogos-por-la-Transformacion.jpeg?fit=1280%2C853&ssl=1","width":1280,"height":853},{"@type":"BreadcrumbList","@id":"https:\/\/masquenoticias.mx\/index.php\/2023\/05\/04\/gobernadora-anuncia-programas-y-acciones-para-apoyar-a-la-economia-de-las-y-los-colimenses\/#breadcrumb","itemListElement":[{"@type":"ListItem","position":1,"name":"Inicio","item":"https:\/\/masquenoticias.mx\/"},{"@type":"ListItem","position":2,"name":"Gobernadora anuncia programas y acciones para apoyar a la econom\u00eda de las y los colimenses"}]},{"@type":"WebSite","@id":"https:\/\/masquenoticias.mx\/#website","url":"https:\/\/masquenoticias.mx\/","name":"M\u00e1s Que Noticias","description":"Noticias de Colima, M\u00e9xico y el Mundo","publisher":{"@id":"https:\/\/masquenoticias.mx\/#organization"},"potentialAction":[{"@type":"SearchAction","target":{"@type":"EntryPoint","urlTemplate":"https:\/\/masquenoticias.mx\/?s={search_term_string}"},"query-input":{"@type":"PropertyValueSpecification","valueRequired":true,"valueName":"search_term_string"}}],"inLanguage":"es"},{"@type":"Organization","@id":"https:\/\/masquenoticias.mx\/#organization","name":"M\u00e1s Que Noticias","url":"https:\/\/masquenoticias.mx\/","logo":{"@type":"ImageObject","inLanguage":"es","@id":"https:\/\/masquenoticias.mx\/#\/schema\/logo\/image\/","url":"https:\/\/i0.wp.com\/masquenoticias.mx\/wp-content\/uploads\/2024\/04\/IMG_0004.png?fit=2560%2C1656&ssl=1","contentUrl":"https:\/\/i0.wp.com\/masquenoticias.mx\/wp-content\/uploads\/2024\/04\/IMG_0004.png?fit=2560%2C1656&ssl=1","width":2560,"height":1656,"caption":"M\u00e1s Que Noticias"},"image":{"@id":"https:\/\/masquenoticias.mx\/#\/schema\/logo\/image\/"},"sameAs":["https:\/\/www.facebook.com\/masquenoticiascolima","https:\/\/x.com\/edgartove","https:\/\/www.instagram.com\/masquenoticiascolima\/"]},{"@type":"Person","@id":"https:\/\/masquenoticias.mx\/#\/schema\/person\/544d19989ef23d34615f691f7a96e622","name":"Redacci\u00f3n","image":{"@type":"ImageObject","inLanguage":"es","@id":"https:\/\/masquenoticias.mx\/#\/schema\/person\/image\/","url":"https:\/\/secure.gravatar.com\/avatar\/7fcc926d5b058d3f3d52d95b4d05dd58?s=96&d=mm&r=g","contentUrl":"https:\/\/secure.gravatar.com\/avatar\/7fcc926d5b058d3f3d52d95b4d05dd58?s=96&d=mm&r=g","caption":"Redacci\u00f3n"},"sameAs":["http:\/\/masquenoticias.mx"],"url":"https:\/\/masquenoticias.mx\/index.php\/author\/edgartovegmail-com\/"}]}},"jetpack_featured_media_url":"https:\/\/i0.wp.com\/masquenoticias.mx\/wp-content\/uploads\/2023\/05\/Dialogos-por-la-Transformacion.jpeg?fit=1280%2C853&ssl=1","blog_post_layout_featured_media_urls":{"thumbnail":["https:\/\/i0.wp.com\/masquenoticias.mx\/wp-content\/uploads\/2023\/05\/Dialogos-por-la-Transformacion.jpeg?resize=150%2C150&ssl=1",150,150,true],"full":["https:\/\/i0.wp.com\/masquenoticias.mx\/wp-content\/uploads\/2023\/05\/Dialogos-por-la-Transformacion.jpeg?fit=1280%2C853&ssl=1",1280,853,false]},"categories_names":{"24":{"name":"Estado","link":"https:\/\/masquenoticias.mx\/index.php\/category\/estado\/"}},"tags_names":{"25":{"name":"Estado","link":"https:\/\/masquenoticias.mx\/index.php\/tag\/estado\/"},"72":{"name":"Gobierno","link":"https:\/\/masquenoticias.mx\/index.php\/tag\/gobierno\/"},"26":{"name":"Indira Vizca\u00edno","link":"https:\/\/masquenoticias.mx\/index.php\/tag\/indira-vizcaino\/"}},"comments_number":"0","wpmagazine_modules_lite_featured_media_urls":{"thumbnail":["https:\/\/i0.wp.com\/masquenoticias.mx\/wp-content\/uploads\/2023\/05\/Dialogos-por-la-Transformacion.jpeg?resize=150%2C150&ssl=1",150,150,true],"cvmm-medium":["https:\/\/i0.wp.com\/masquenoticias.mx\/wp-content\/uploads\/2023\/05\/Dialogos-por-la-Transformacion.jpeg?resize=300%2C300&ssl=1",300,300,true],"cvmm-medium-plus":["https:\/\/i0.wp.com\/masquenoticias.mx\/wp-content\/uploads\/2023\/05\/Dialogos-por-la-Transformacion.jpeg?resize=305%2C207&ssl=1",305,207,true],"cvmm-portrait":["https:\/\/i0.wp.com\/masquenoticias.mx\/wp-content\/uploads\/2023\/05\/Dialogos-por-la-Transformacion.jpeg?resize=400%2C600&ssl=1",400,600,true],"cvmm-medium-square":["https:\/\/i0.wp.com\/masquenoticias.mx\/wp-content\/uploads\/2023\/05\/Dialogos-por-la-Transformacion.jpeg?resize=600%2C600&ssl=1",600,600,true],"cvmm-large":["https:\/\/i0.wp.com\/masquenoticias.mx\/wp-content\/uploads\/2023\/05\/Dialogos-por-la-Transformacion.jpeg?resize=1024%2C853&ssl=1",1024,853,true],"cvmm-small":["https:\/\/i0.wp.com\/masquenoticias.mx\/wp-content\/uploads\/2023\/05\/Dialogos-por-la-Transformacion.jpeg?resize=130%2C95&ssl=1",130,95,true],"full":["https:\/\/i0.wp.com\/masquenoticias.mx\/wp-content\/uploads\/2023\/05\/Dialogos-por-la-Transformacion.jpeg?fit=1280%2C853&ssl=1",1280,853,false]},"jetpack-related-posts":[],"jetpack_sharing_enabled":true,"jetpack_likes_enabled":true,"jetpack_shortlink":"https:\/\/wp.me\/pf7pkt-hf","_links":{"self":[{"href":"https:\/\/masquenoticias.mx\/index.php\/wp-json\/wp\/v2\/posts\/1069","targetHints":{"allow":["GET"]}}],"collection":[{"href":"https:\/\/masquenoticias.mx\/index.php\/wp-json\/wp\/v2\/posts"}],"about":[{"href":"https:\/\/masquenoticias.mx\/index.php\/wp-json\/wp\/v2\/types\/post"}],"author":[{"embeddable":true,"href":"https:\/\/masquenoticias.mx\/index.php\/wp-json\/wp\/v2\/users\/1"}],"replies":[{"embeddable":true,"href":"https:\/\/masquenoticias.mx\/index.php\/wp-json\/wp\/v2\/comments?post=1069"}],"version-history":[{"count":0,"href":"https:\/\/masquenoticias.mx\/index.php\/wp-json\/wp\/v2\/posts\/1069\/revisions"}],"wp:featuredmedia":[{"embeddable":true,"href":"https:\/\/masquenoticias.mx\/index.php\/wp-json\/wp\/v2\/media\/1070"}],"wp:attachment":[{"href":"https:\/\/masquenoticias.mx\/index.php\/wp-json\/wp\/v2\/media?parent=1069"}],"wp:term":[{"taxonomy":"category","embeddable":true,"href":"https:\/\/masquenoticias.mx\/index.php\/wp-json\/wp\/v2\/categories?post=1069"},{"taxonomy":"post_tag","embeddable":true,"href":"https:\/\/masquenoticias.mx\/index.php\/wp-json\/wp\/v2\/tags?post=1069"}],"curies":[{"name":"wp","href":"https:\/\/api.w.org\/{rel}","templated":true}]}}