{"id":10451,"date":"2024-09-19T12:42:25","date_gmt":"2024-09-19T18:42:25","guid":{"rendered":"https:\/\/masquenoticias.mx\/?p=10451"},"modified":"2024-09-19T12:42:25","modified_gmt":"2024-09-19T18:42:25","slug":"capturan-en-la-villa-a-individuo-con-orden-de-aprehension-por-homicidio-en-colima","status":"publish","type":"post","link":"https:\/\/masquenoticias.mx\/index.php\/2024\/09\/19\/capturan-en-la-villa-a-individuo-con-orden-de-aprehension-por-homicidio-en-colima\/","title":{"rendered":"Capturan en la Villa a individuo con orden de aprehensi\u00f3n, por homicidio en Colima"},"content":{"rendered":"<p>Agentes de la Polic\u00eda Estatal Preventiva (PEP) del Gobierno del Estado de Colima, en coordinaci\u00f3n con elementos de Secretar\u00eda de Marina Armada de M\u00e9xico (Semar), realizaron la detenci\u00f3n de un individuo en el municipio de Villa de \u00c1lvarez, el cual ten\u00eda pendiente una orden de aprehensi\u00f3n como presunto responsable por el delito de homicidio.<\/p>\n<p>El detenido fue puesto a disposici\u00f3n de la autoridad ministerial correspondiente para continuar con su proceso legal.<\/p>\n<p>La Secretar\u00eda de Seguridad P\u00fablica (SSP) del Gobierno del Estado de Colima reafirma su compromiso de salvaguardar la paz y seguridad de todas y todos los colimenses e invita a la poblaci\u00f3n a informar a la autoridad sobre cualquier hecho que pudiera constituir un delito o poner en riesgo a la sociedad, ya sea a trav\u00e9s del n\u00famero de emergencias 911 o del n\u00famero 089 para denuncia an\u00f3nima.<\/p>\n","protected":false},"excerpt":{"rendered":"<p>Agentes de la Polic\u00eda Estatal Preventiva (PEP) del Gobierno del Estado de Colima, en coordinaci\u00f3n con elementos de Secretar\u00eda de Marina Armada de M\u00e9xico (Semar), realizaron la detenci\u00f3n de un individuo en el municipio de Villa de \u00c1lvarez, el cual ten\u00eda pendiente una orden de aprehensi\u00f3n como presunto responsable por el delito de homicidio. El [&hellip;]<\/p>\n","protected":false},"author":1,"featured_media":10452,"comment_status":"open","ping_status":"open","sticky":false,"template":"","format":"standard","meta":{"_jetpack_memberships_contains_paid_content":false,"footnotes":""},"categories":[58],"tags":[47],"class_list":["post-10451","post","type-post","status-publish","format-standard","has-post-thumbnail","hentry","category-seguridad","tag-seguridad"],"yoast_head":"<!-- This site is optimized with the Yoast SEO plugin v26.6 - https:\/\/yoast.com\/wordpress\/plugins\/seo\/ -->\n<title>Capturan en la Villa a individuo con orden de aprehensi\u00f3n, por homicidio en Colima - M\u00e1s Que Noticias<\/title>\n<meta name=\"robots\" content=\"index, follow, max-snippet:-1, max-image-preview:large, max-video-preview:-1\" \/>\n<link rel=\"canonical\" href=\"https:\/\/masquenoticias.mx\/index.php\/2024\/09\/19\/capturan-en-la-villa-a-individuo-con-orden-de-aprehension-por-homicidio-en-colima\/\" \/>\n<meta property=\"og:locale\" content=\"es_MX\" \/>\n<meta property=\"og:type\" content=\"article\" \/>\n<meta property=\"og:title\" content=\"Capturan en la Villa a individuo con orden de aprehensi\u00f3n, por homicidio en Colima - M\u00e1s Que Noticias\" \/>\n<meta property=\"og:description\" content=\"Agentes de la Polic\u00eda Estatal Preventiva (PEP) del Gobierno del Estado de Colima, en coordinaci\u00f3n con elementos de Secretar\u00eda de Marina Armada de M\u00e9xico (Semar), realizaron la detenci\u00f3n de un individuo en el municipio de Villa de \u00c1lvarez, el cual ten\u00eda pendiente una orden de aprehensi\u00f3n como presunto responsable por el delito de homicidio. El [&hellip;]\" \/>\n<meta property=\"og:url\" content=\"https:\/\/masquenoticias.mx\/index.php\/2024\/09\/19\/capturan-en-la-villa-a-individuo-con-orden-de-aprehension-por-homicidio-en-colima\/\" \/>\n<meta property=\"og:site_name\" content=\"M\u00e1s Que Noticias\" \/>\n<meta property=\"article:publisher\" content=\"https:\/\/www.facebook.com\/masquenoticiascolima\" \/>\n<meta property=\"article:published_time\" content=\"2024-09-19T18:42:25+00:00\" \/>\n<meta property=\"og:image\" content=\"https:\/\/masquenoticias.mx\/wp-content\/uploads\/2024\/09\/WhatsApp-Image-2024-09-19-at-10.31.00-AM.jpeg\" \/>\n\t<meta property=\"og:image:width\" content=\"652\" \/>\n\t<meta property=\"og:image:height\" content=\"428\" \/>\n\t<meta property=\"og:image:type\" content=\"image\/jpeg\" \/>\n<meta name=\"author\" content=\"Redacci\u00f3n\" \/>\n<meta name=\"twitter:card\" content=\"summary_large_image\" \/>\n<meta name=\"twitter:creator\" content=\"@edgartove\" \/>\n<meta name=\"twitter:site\" content=\"@edgartove\" \/>\n<meta name=\"twitter:label1\" content=\"Escrito por\" \/>\n\t<meta name=\"twitter:data1\" content=\"Redacci\u00f3n\" \/>\n\t<meta name=\"twitter:label2\" content=\"Tiempo de lectura\" \/>\n\t<meta name=\"twitter:data2\" content=\"1 minuto\" \/>\n<script type=\"application\/ld+json\" class=\"yoast-schema-graph\">{\"@context\":\"https:\/\/schema.org\",\"@graph\":[{\"@type\":\"Article\",\"@id\":\"https:\/\/masquenoticias.mx\/index.php\/2024\/09\/19\/capturan-en-la-villa-a-individuo-con-orden-de-aprehension-por-homicidio-en-colima\/#article\",\"isPartOf\":{\"@id\":\"https:\/\/masquenoticias.mx\/index.php\/2024\/09\/19\/capturan-en-la-villa-a-individuo-con-orden-de-aprehension-por-homicidio-en-colima\/\"},\"author\":{\"name\":\"Redacci\u00f3n\",\"@id\":\"https:\/\/masquenoticias.mx\/#\/schema\/person\/544d19989ef23d34615f691f7a96e622\"},\"headline\":\"Capturan en la Villa a individuo con orden de aprehensi\u00f3n, por homicidio en Colima\",\"datePublished\":\"2024-09-19T18:42:25+00:00\",\"mainEntityOfPage\":{\"@id\":\"https:\/\/masquenoticias.mx\/index.php\/2024\/09\/19\/capturan-en-la-villa-a-individuo-con-orden-de-aprehension-por-homicidio-en-colima\/\"},\"wordCount\":167,\"commentCount\":0,\"publisher\":{\"@id\":\"https:\/\/masquenoticias.mx\/#organization\"},\"image\":{\"@id\":\"https:\/\/masquenoticias.mx\/index.php\/2024\/09\/19\/capturan-en-la-villa-a-individuo-con-orden-de-aprehension-por-homicidio-en-colima\/#primaryimage\"},\"thumbnailUrl\":\"https:\/\/i0.wp.com\/masquenoticias.mx\/wp-content\/uploads\/2024\/09\/WhatsApp-Image-2024-09-19-at-10.31.00-AM.jpeg?fit=652%2C428&ssl=1\",\"keywords\":[\"Seguridad\"],\"articleSection\":[\"Seguridad\"],\"inLanguage\":\"es\",\"potentialAction\":[{\"@type\":\"CommentAction\",\"name\":\"Comment\",\"target\":[\"https:\/\/masquenoticias.mx\/index.php\/2024\/09\/19\/capturan-en-la-villa-a-individuo-con-orden-de-aprehension-por-homicidio-en-colima\/#respond\"]}]},{\"@type\":\"WebPage\",\"@id\":\"https:\/\/masquenoticias.mx\/index.php\/2024\/09\/19\/capturan-en-la-villa-a-individuo-con-orden-de-aprehension-por-homicidio-en-colima\/\",\"url\":\"https:\/\/masquenoticias.mx\/index.php\/2024\/09\/19\/capturan-en-la-villa-a-individuo-con-orden-de-aprehension-por-homicidio-en-colima\/\",\"name\":\"Capturan en la Villa a individuo con orden de aprehensi\u00f3n, por homicidio en Colima - M\u00e1s Que Noticias\",\"isPartOf\":{\"@id\":\"https:\/\/masquenoticias.mx\/#website\"},\"primaryImageOfPage\":{\"@id\":\"https:\/\/masquenoticias.mx\/index.php\/2024\/09\/19\/capturan-en-la-villa-a-individuo-con-orden-de-aprehension-por-homicidio-en-colima\/#primaryimage\"},\"image\":{\"@id\":\"https:\/\/masquenoticias.mx\/index.php\/2024\/09\/19\/capturan-en-la-villa-a-individuo-con-orden-de-aprehension-por-homicidio-en-colima\/#primaryimage\"},\"thumbnailUrl\":\"https:\/\/i0.wp.com\/masquenoticias.mx\/wp-content\/uploads\/2024\/09\/WhatsApp-Image-2024-09-19-at-10.31.00-AM.jpeg?fit=652%2C428&ssl=1\",\"datePublished\":\"2024-09-19T18:42:25+00:00\",\"breadcrumb\":{\"@id\":\"https:\/\/masquenoticias.mx\/index.php\/2024\/09\/19\/capturan-en-la-villa-a-individuo-con-orden-de-aprehension-por-homicidio-en-colima\/#breadcrumb\"},\"inLanguage\":\"es\",\"potentialAction\":[{\"@type\":\"ReadAction\",\"target\":[\"https:\/\/masquenoticias.mx\/index.php\/2024\/09\/19\/capturan-en-la-villa-a-individuo-con-orden-de-aprehension-por-homicidio-en-colima\/\"]}]},{\"@type\":\"ImageObject\",\"inLanguage\":\"es\",\"@id\":\"https:\/\/masquenoticias.mx\/index.php\/2024\/09\/19\/capturan-en-la-villa-a-individuo-con-orden-de-aprehension-por-homicidio-en-colima\/#primaryimage\",\"url\":\"https:\/\/i0.wp.com\/masquenoticias.mx\/wp-content\/uploads\/2024\/09\/WhatsApp-Image-2024-09-19-at-10.31.00-AM.jpeg?fit=652%2C428&ssl=1\",\"contentUrl\":\"https:\/\/i0.wp.com\/masquenoticias.mx\/wp-content\/uploads\/2024\/09\/WhatsApp-Image-2024-09-19-at-10.31.00-AM.jpeg?fit=652%2C428&ssl=1\",\"width\":652,\"height\":428},{\"@type\":\"BreadcrumbList\",\"@id\":\"https:\/\/masquenoticias.mx\/index.php\/2024\/09\/19\/capturan-en-la-villa-a-individuo-con-orden-de-aprehension-por-homicidio-en-colima\/#breadcrumb\",\"itemListElement\":[{\"@type\":\"ListItem\",\"position\":1,\"name\":\"Inicio\",\"item\":\"https:\/\/masquenoticias.mx\/\"},{\"@type\":\"ListItem\",\"position\":2,\"name\":\"Capturan en la Villa a individuo con orden de aprehensi\u00f3n, por homicidio en Colima\"}]},{\"@type\":\"WebSite\",\"@id\":\"https:\/\/masquenoticias.mx\/#website\",\"url\":\"https:\/\/masquenoticias.mx\/\",\"name\":\"M\u00e1s Que Noticias\",\"description\":\"Noticias de Colima, M\u00e9xico y el Mundo\",\"publisher\":{\"@id\":\"https:\/\/masquenoticias.mx\/#organization\"},\"potentialAction\":[{\"@type\":\"SearchAction\",\"target\":{\"@type\":\"EntryPoint\",\"urlTemplate\":\"https:\/\/masquenoticias.mx\/?s={search_term_string}\"},\"query-input\":{\"@type\":\"PropertyValueSpecification\",\"valueRequired\":true,\"valueName\":\"search_term_string\"}}],\"inLanguage\":\"es\"},{\"@type\":\"Organization\",\"@id\":\"https:\/\/masquenoticias.mx\/#organization\",\"name\":\"M\u00e1s Que Noticias\",\"url\":\"https:\/\/masquenoticias.mx\/\",\"logo\":{\"@type\":\"ImageObject\",\"inLanguage\":\"es\",\"@id\":\"https:\/\/masquenoticias.mx\/#\/schema\/logo\/image\/\",\"url\":\"https:\/\/i0.wp.com\/masquenoticias.mx\/wp-content\/uploads\/2024\/04\/IMG_0004.png?fit=2560%2C1656&ssl=1\",\"contentUrl\":\"https:\/\/i0.wp.com\/masquenoticias.mx\/wp-content\/uploads\/2024\/04\/IMG_0004.png?fit=2560%2C1656&ssl=1\",\"width\":2560,\"height\":1656,\"caption\":\"M\u00e1s Que Noticias\"},\"image\":{\"@id\":\"https:\/\/masquenoticias.mx\/#\/schema\/logo\/image\/\"},\"sameAs\":[\"https:\/\/www.facebook.com\/masquenoticiascolima\",\"https:\/\/x.com\/edgartove\",\"https:\/\/www.instagram.com\/masquenoticiascolima\/\"]},{\"@type\":\"Person\",\"@id\":\"https:\/\/masquenoticias.mx\/#\/schema\/person\/544d19989ef23d34615f691f7a96e622\",\"name\":\"Redacci\u00f3n\",\"image\":{\"@type\":\"ImageObject\",\"inLanguage\":\"es\",\"@id\":\"https:\/\/masquenoticias.mx\/#\/schema\/person\/image\/\",\"url\":\"https:\/\/secure.gravatar.com\/avatar\/7fcc926d5b058d3f3d52d95b4d05dd58?s=96&d=mm&r=g\",\"contentUrl\":\"https:\/\/secure.gravatar.com\/avatar\/7fcc926d5b058d3f3d52d95b4d05dd58?s=96&d=mm&r=g\",\"caption\":\"Redacci\u00f3n\"},\"sameAs\":[\"http:\/\/masquenoticias.mx\"],\"url\":\"https:\/\/masquenoticias.mx\/index.php\/author\/edgartovegmail-com\/\"}]}<\/script>\n<!-- \/ Yoast SEO plugin. -->","yoast_head_json":{"title":"Capturan en la Villa a individuo con orden de aprehensi\u00f3n, por homicidio en Colima - M\u00e1s Que Noticias","robots":{"index":"index","follow":"follow","max-snippet":"max-snippet:-1","max-image-preview":"max-image-preview:large","max-video-preview":"max-video-preview:-1"},"canonical":"https:\/\/masquenoticias.mx\/index.php\/2024\/09\/19\/capturan-en-la-villa-a-individuo-con-orden-de-aprehension-por-homicidio-en-colima\/","og_locale":"es_MX","og_type":"article","og_title":"Capturan en la Villa a individuo con orden de aprehensi\u00f3n, por homicidio en Colima - M\u00e1s Que Noticias","og_description":"Agentes de la Polic\u00eda Estatal Preventiva (PEP) del Gobierno del Estado de Colima, en coordinaci\u00f3n con elementos de Secretar\u00eda de Marina Armada de M\u00e9xico (Semar), realizaron la detenci\u00f3n de un individuo en el municipio de Villa de \u00c1lvarez, el cual ten\u00eda pendiente una orden de aprehensi\u00f3n como presunto responsable por el delito de homicidio. El [&hellip;]","og_url":"https:\/\/masquenoticias.mx\/index.php\/2024\/09\/19\/capturan-en-la-villa-a-individuo-con-orden-de-aprehension-por-homicidio-en-colima\/","og_site_name":"M\u00e1s Que Noticias","article_publisher":"https:\/\/www.facebook.com\/masquenoticiascolima","article_published_time":"2024-09-19T18:42:25+00:00","og_image":[{"width":652,"height":428,"url":"https:\/\/masquenoticias.mx\/wp-content\/uploads\/2024\/09\/WhatsApp-Image-2024-09-19-at-10.31.00-AM.jpeg","type":"image\/jpeg"}],"author":"Redacci\u00f3n","twitter_card":"summary_large_image","twitter_creator":"@edgartove","twitter_site":"@edgartove","twitter_misc":{"Escrito por":"Redacci\u00f3n","Tiempo de lectura":"1 minuto"},"schema":{"@context":"https:\/\/schema.org","@graph":[{"@type":"Article","@id":"https:\/\/masquenoticias.mx\/index.php\/2024\/09\/19\/capturan-en-la-villa-a-individuo-con-orden-de-aprehension-por-homicidio-en-colima\/#article","isPartOf":{"@id":"https:\/\/masquenoticias.mx\/index.php\/2024\/09\/19\/capturan-en-la-villa-a-individuo-con-orden-de-aprehension-por-homicidio-en-colima\/"},"author":{"name":"Redacci\u00f3n","@id":"https:\/\/masquenoticias.mx\/#\/schema\/person\/544d19989ef23d34615f691f7a96e622"},"headline":"Capturan en la Villa a individuo con orden de aprehensi\u00f3n, por homicidio en Colima","datePublished":"2024-09-19T18:42:25+00:00","mainEntityOfPage":{"@id":"https:\/\/masquenoticias.mx\/index.php\/2024\/09\/19\/capturan-en-la-villa-a-individuo-con-orden-de-aprehension-por-homicidio-en-colima\/"},"wordCount":167,"commentCount":0,"publisher":{"@id":"https:\/\/masquenoticias.mx\/#organization"},"image":{"@id":"https:\/\/masquenoticias.mx\/index.php\/2024\/09\/19\/capturan-en-la-villa-a-individuo-con-orden-de-aprehension-por-homicidio-en-colima\/#primaryimage"},"thumbnailUrl":"https:\/\/i0.wp.com\/masquenoticias.mx\/wp-content\/uploads\/2024\/09\/WhatsApp-Image-2024-09-19-at-10.31.00-AM.jpeg?fit=652%2C428&ssl=1","keywords":["Seguridad"],"articleSection":["Seguridad"],"inLanguage":"es","potentialAction":[{"@type":"CommentAction","name":"Comment","target":["https:\/\/masquenoticias.mx\/index.php\/2024\/09\/19\/capturan-en-la-villa-a-individuo-con-orden-de-aprehension-por-homicidio-en-colima\/#respond"]}]},{"@type":"WebPage","@id":"https:\/\/masquenoticias.mx\/index.php\/2024\/09\/19\/capturan-en-la-villa-a-individuo-con-orden-de-aprehension-por-homicidio-en-colima\/","url":"https:\/\/masquenoticias.mx\/index.php\/2024\/09\/19\/capturan-en-la-villa-a-individuo-con-orden-de-aprehension-por-homicidio-en-colima\/","name":"Capturan en la Villa a individuo con orden de aprehensi\u00f3n, por homicidio en Colima - M\u00e1s Que Noticias","isPartOf":{"@id":"https:\/\/masquenoticias.mx\/#website"},"primaryImageOfPage":{"@id":"https:\/\/masquenoticias.mx\/index.php\/2024\/09\/19\/capturan-en-la-villa-a-individuo-con-orden-de-aprehension-por-homicidio-en-colima\/#primaryimage"},"image":{"@id":"https:\/\/masquenoticias.mx\/index.php\/2024\/09\/19\/capturan-en-la-villa-a-individuo-con-orden-de-aprehension-por-homicidio-en-colima\/#primaryimage"},"thumbnailUrl":"https:\/\/i0.wp.com\/masquenoticias.mx\/wp-content\/uploads\/2024\/09\/WhatsApp-Image-2024-09-19-at-10.31.00-AM.jpeg?fit=652%2C428&ssl=1","datePublished":"2024-09-19T18:42:25+00:00","breadcrumb":{"@id":"https:\/\/masquenoticias.mx\/index.php\/2024\/09\/19\/capturan-en-la-villa-a-individuo-con-orden-de-aprehension-por-homicidio-en-colima\/#breadcrumb"},"inLanguage":"es","potentialAction":[{"@type":"ReadAction","target":["https:\/\/masquenoticias.mx\/index.php\/2024\/09\/19\/capturan-en-la-villa-a-individuo-con-orden-de-aprehension-por-homicidio-en-colima\/"]}]},{"@type":"ImageObject","inLanguage":"es","@id":"https:\/\/masquenoticias.mx\/index.php\/2024\/09\/19\/capturan-en-la-villa-a-individuo-con-orden-de-aprehension-por-homicidio-en-colima\/#primaryimage","url":"https:\/\/i0.wp.com\/masquenoticias.mx\/wp-content\/uploads\/2024\/09\/WhatsApp-Image-2024-09-19-at-10.31.00-AM.jpeg?fit=652%2C428&ssl=1","contentUrl":"https:\/\/i0.wp.com\/masquenoticias.mx\/wp-content\/uploads\/2024\/09\/WhatsApp-Image-2024-09-19-at-10.31.00-AM.jpeg?fit=652%2C428&ssl=1","width":652,"height":428},{"@type":"BreadcrumbList","@id":"https:\/\/masquenoticias.mx\/index.php\/2024\/09\/19\/capturan-en-la-villa-a-individuo-con-orden-de-aprehension-por-homicidio-en-colima\/#breadcrumb","itemListElement":[{"@type":"ListItem","position":1,"name":"Inicio","item":"https:\/\/masquenoticias.mx\/"},{"@type":"ListItem","position":2,"name":"Capturan en la Villa a individuo con orden de aprehensi\u00f3n, por homicidio en Colima"}]},{"@type":"WebSite","@id":"https:\/\/masquenoticias.mx\/#website","url":"https:\/\/masquenoticias.mx\/","name":"M\u00e1s Que Noticias","description":"Noticias de Colima, M\u00e9xico y el Mundo","publisher":{"@id":"https:\/\/masquenoticias.mx\/#organization"},"potentialAction":[{"@type":"SearchAction","target":{"@type":"EntryPoint","urlTemplate":"https:\/\/masquenoticias.mx\/?s={search_term_string}"},"query-input":{"@type":"PropertyValueSpecification","valueRequired":true,"valueName":"search_term_string"}}],"inLanguage":"es"},{"@type":"Organization","@id":"https:\/\/masquenoticias.mx\/#organization","name":"M\u00e1s Que Noticias","url":"https:\/\/masquenoticias.mx\/","logo":{"@type":"ImageObject","inLanguage":"es","@id":"https:\/\/masquenoticias.mx\/#\/schema\/logo\/image\/","url":"https:\/\/i0.wp.com\/masquenoticias.mx\/wp-content\/uploads\/2024\/04\/IMG_0004.png?fit=2560%2C1656&ssl=1","contentUrl":"https:\/\/i0.wp.com\/masquenoticias.mx\/wp-content\/uploads\/2024\/04\/IMG_0004.png?fit=2560%2C1656&ssl=1","width":2560,"height":1656,"caption":"M\u00e1s Que Noticias"},"image":{"@id":"https:\/\/masquenoticias.mx\/#\/schema\/logo\/image\/"},"sameAs":["https:\/\/www.facebook.com\/masquenoticiascolima","https:\/\/x.com\/edgartove","https:\/\/www.instagram.com\/masquenoticiascolima\/"]},{"@type":"Person","@id":"https:\/\/masquenoticias.mx\/#\/schema\/person\/544d19989ef23d34615f691f7a96e622","name":"Redacci\u00f3n","image":{"@type":"ImageObject","inLanguage":"es","@id":"https:\/\/masquenoticias.mx\/#\/schema\/person\/image\/","url":"https:\/\/secure.gravatar.com\/avatar\/7fcc926d5b058d3f3d52d95b4d05dd58?s=96&d=mm&r=g","contentUrl":"https:\/\/secure.gravatar.com\/avatar\/7fcc926d5b058d3f3d52d95b4d05dd58?s=96&d=mm&r=g","caption":"Redacci\u00f3n"},"sameAs":["http:\/\/masquenoticias.mx"],"url":"https:\/\/masquenoticias.mx\/index.php\/author\/edgartovegmail-com\/"}]}},"jetpack_featured_media_url":"https:\/\/i0.wp.com\/masquenoticias.mx\/wp-content\/uploads\/2024\/09\/WhatsApp-Image-2024-09-19-at-10.31.00-AM.jpeg?fit=652%2C428&ssl=1","blog_post_layout_featured_media_urls":{"thumbnail":["https:\/\/i0.wp.com\/masquenoticias.mx\/wp-content\/uploads\/2024\/09\/WhatsApp-Image-2024-09-19-at-10.31.00-AM.jpeg?resize=150%2C150&ssl=1",150,150,true],"full":["https:\/\/i0.wp.com\/masquenoticias.mx\/wp-content\/uploads\/2024\/09\/WhatsApp-Image-2024-09-19-at-10.31.00-AM.jpeg?fit=652%2C428&ssl=1",652,428,false]},"categories_names":{"58":{"name":"Seguridad","link":"https:\/\/masquenoticias.mx\/index.php\/category\/seguridad\/"}},"tags_names":{"47":{"name":"Seguridad","link":"https:\/\/masquenoticias.mx\/index.php\/tag\/seguridad\/"}},"comments_number":"0","wpmagazine_modules_lite_featured_media_urls":{"thumbnail":["https:\/\/i0.wp.com\/masquenoticias.mx\/wp-content\/uploads\/2024\/09\/WhatsApp-Image-2024-09-19-at-10.31.00-AM.jpeg?resize=150%2C150&ssl=1",150,150,true],"cvmm-medium":["https:\/\/i0.wp.com\/masquenoticias.mx\/wp-content\/uploads\/2024\/09\/WhatsApp-Image-2024-09-19-at-10.31.00-AM.jpeg?resize=300%2C300&ssl=1",300,300,true],"cvmm-medium-plus":["https:\/\/i0.wp.com\/masquenoticias.mx\/wp-content\/uploads\/2024\/09\/WhatsApp-Image-2024-09-19-at-10.31.00-AM.jpeg?resize=305%2C207&ssl=1",305,207,true],"cvmm-portrait":["https:\/\/i0.wp.com\/masquenoticias.mx\/wp-content\/uploads\/2024\/09\/WhatsApp-Image-2024-09-19-at-10.31.00-AM.jpeg?resize=400%2C428&ssl=1",400,428,true],"cvmm-medium-square":["https:\/\/i0.wp.com\/masquenoticias.mx\/wp-content\/uploads\/2024\/09\/WhatsApp-Image-2024-09-19-at-10.31.00-AM.jpeg?resize=600%2C428&ssl=1",600,428,true],"cvmm-large":["https:\/\/i0.wp.com\/masquenoticias.mx\/wp-content\/uploads\/2024\/09\/WhatsApp-Image-2024-09-19-at-10.31.00-AM.jpeg?resize=652%2C428&ssl=1",652,428,true],"cvmm-small":["https:\/\/i0.wp.com\/masquenoticias.mx\/wp-content\/uploads\/2024\/09\/WhatsApp-Image-2024-09-19-at-10.31.00-AM.jpeg?resize=130%2C95&ssl=1",130,95,true],"full":["https:\/\/i0.wp.com\/masquenoticias.mx\/wp-content\/uploads\/2024\/09\/WhatsApp-Image-2024-09-19-at-10.31.00-AM.jpeg?fit=652%2C428&ssl=1",652,428,false]},"jetpack-related-posts":[],"jetpack_sharing_enabled":true,"jetpack_likes_enabled":true,"jetpack_shortlink":"https:\/\/wp.me\/pf7pkt-2Iz","_links":{"self":[{"href":"https:\/\/masquenoticias.mx\/index.php\/wp-json\/wp\/v2\/posts\/10451","targetHints":{"allow":["GET"]}}],"collection":[{"href":"https:\/\/masquenoticias.mx\/index.php\/wp-json\/wp\/v2\/posts"}],"about":[{"href":"https:\/\/masquenoticias.mx\/index.php\/wp-json\/wp\/v2\/types\/post"}],"author":[{"embeddable":true,"href":"https:\/\/masquenoticias.mx\/index.php\/wp-json\/wp\/v2\/users\/1"}],"replies":[{"embeddable":true,"href":"https:\/\/masquenoticias.mx\/index.php\/wp-json\/wp\/v2\/comments?post=10451"}],"version-history":[{"count":1,"href":"https:\/\/masquenoticias.mx\/index.php\/wp-json\/wp\/v2\/posts\/10451\/revisions"}],"predecessor-version":[{"id":10453,"href":"https:\/\/masquenoticias.mx\/index.php\/wp-json\/wp\/v2\/posts\/10451\/revisions\/10453"}],"wp:featuredmedia":[{"embeddable":true,"href":"https:\/\/masquenoticias.mx\/index.php\/wp-json\/wp\/v2\/media\/10452"}],"wp:attachment":[{"href":"https:\/\/masquenoticias.mx\/index.php\/wp-json\/wp\/v2\/media?parent=10451"}],"wp:term":[{"taxonomy":"category","embeddable":true,"href":"https:\/\/masquenoticias.mx\/index.php\/wp-json\/wp\/v2\/categories?post=10451"},{"taxonomy":"post_tag","embeddable":true,"href":"https:\/\/masquenoticias.mx\/index.php\/wp-json\/wp\/v2\/tags?post=10451"}],"curies":[{"name":"wp","href":"https:\/\/api.w.org\/{rel}","templated":true}]}}