{"id":1023,"date":"2023-05-02T00:01:50","date_gmt":"2023-05-02T06:01:50","guid":{"rendered":"https:\/\/masquenoticias.mx\/?p=1023"},"modified":"2023-05-02T00:01:50","modified_gmt":"2023-05-02T06:01:50","slug":"preocupa-a-clase-trabajadora-recesion-economica-del-pais","status":"publish","type":"post","link":"https:\/\/masquenoticias.mx\/index.php\/2023\/05\/02\/preocupa-a-clase-trabajadora-recesion-economica-del-pais\/","title":{"rendered":"Preocupa a clase trabajadora &#8220;recesi\u00f3n econ\u00f3mica&#8221; del pa\u00eds"},"content":{"rendered":"<p>El sector obrero del Estado y nacional \u201cve con preocupaci\u00f3n la recesi\u00f3n que est\u00e1 sufriendo la econom\u00eda de nuestro de pa\u00eds y de Colima. No existe obra p\u00fablica, se est\u00e1n perdiendo fuentes de empleo, se observa la falta de apoyo a las peque\u00f1as y medianas empresas, que son las que generan una cantidad considerable de empleos\u201d, se\u00f1al\u00f3 el secretario general substituto de la Federaci\u00f3n de Trabajadores del Estado de Colima (FTEC-CTM), Alberto Medina Urgel, durante la Conmemoraci\u00f3n del D\u00eda Internacional del Trabajo celebrada en las instalaciones de la CTM Colima.<\/p>\n<p>El l\u00edder de los cetemistas de Manzanillo, a nombre del sector obrero colimense que preside Graciela Larios Rivas, dijo que \u201cno se ven estrategias gubernamentales que mejoren la econom\u00eda de nuestro pa\u00eds, pues existe una inflaci\u00f3n acelerada\u201d que no se ten\u00eda desde hace m\u00e1s de 20 a\u00f1os.<\/p>\n<p>Ante la presencia de las presidentas municipales priistas de Colima y Villa de \u00c1lvarez, Margarita Moreno y Tey Guti\u00e9rrez, respectivamente, as\u00ed como de la dirigencia estatal del PRI, encabezada por Arnoldo Ochoa Gonz\u00e1lez, del dirigente del sector popular Hugo Ch\u00e1vez R\u00edos, ex gobernadores, regidores y m\u00e1s de 600 dirigentes obreros de la entidad, Medina Urgel dijo que estas pol\u00edticas econ\u00f3micas del Gobierno Federal han tra\u00eddo como consecuencia el encarecimiento de los productores de primera necesidad, \u201cEs muy dif\u00edcil que el salario alcance y se observa el impacto en la calidad de vida de las familias\u201d.<\/p>\n<p>Dijo el cetemista que \u201cel momento es propicio para enviar una en\u00e9rgica protesta al Gobierno Federal y Estatal por la falta de visi\u00f3n y estrat\u00e9gica en beneficio de los trabajadores\u201d, agregando que de: \u201cde qu\u00e9 nos sirve un incremento al salario m\u00ednimo si estamos perdiendo los empleos, de qu\u00e9 sirve un sistema de salud que tiene un enorme desabasto de medicamentos, falta de m\u00e9dicos y los servicio de atenci\u00f3n son deficientes para los trabajadores y sus familias. Es lamentable el camino por el que est\u00e1n conduciendo al pa\u00eds\u201d, dijo.<\/p>\n<p>Agreg\u00f3 que al conmemorarse este lunes el D\u00eda Internacional del Trabajo, la CTM sigue generando confianza, seriedad y responsabilidad, por mantener un criterio de equilibrio entre los factores de la producci\u00f3n, lo que ha hecho posible la instalaci\u00f3n de nuevos centros de trabajo en el territorio nacional. \u201cHemos sido el instrumento que da certeza al inversionista y protege y garantiza los derechos de los trabajadores.<\/p>\n<p>\u201cHan sido a\u00f1os de lucha constante que no debemos olvidar\u201d, dijo.<\/p>\n<p>Afirm\u00f3 que ser sindicalista \u201cnunca ha sido f\u00e1cil\u201d, m\u00e1s en estos tiempos. Nadie nos regal\u00f3 nada, cada logro sindical siempre tuvo un costo, muchas veces la vida de trabajadores\u201d, dijo.<\/p>\n<p>Dijo que es obligaci\u00f3n de los cetemistas \u201cdefender, ense\u00f1ar y compartir con los j\u00f3venes el costo que ha tenido la estabilidad laboral en M\u00e9xico. Eso celebramos hoy y seguiremos gritando que somos los motores de la productividad y el crecimiento econ\u00f3mico de nuestro estado y de este pa\u00eds\u201d.<\/p>\n<p>Para terminar con su mensaje a nombre de la CTM, Alberto Medina convoc\u00f3 al sector obrero a \u201ctrabajar unidos, cada uno desde su trinchera, exigiendo el respeto a nuestra autonom\u00eda sindical, honrando el compromiso del dialogo y el buen acuerdo en beneficio de las trabajadora\u201d.<\/p>\n<p><strong>GUARDIAS DE HONOR<\/strong><\/p>\n<p>Previo a esta Asamblea Estatal de la Federaci\u00f3n de Trabajadores del Estado de Colima (FTEC-CTM) se realizaron Guardias de Honor ante el monumento a Jos\u00e9 Pimentel Llerenas, donde los presentes colocaron ofrendas florales, y en cuyo acto estuvieron presentes dirigentes priistas, y sus sectores.<\/p>\n","protected":false},"excerpt":{"rendered":"<p>El sector obrero del Estado y nacional \u201cve con preocupaci\u00f3n la recesi\u00f3n que est\u00e1 sufriendo la econom\u00eda de nuestro de pa\u00eds y de Colima. No existe obra p\u00fablica, se est\u00e1n perdiendo fuentes de empleo, se observa la falta de apoyo a las peque\u00f1as y medianas empresas, que son las que generan una cantidad considerable de [&hellip;]<\/p>\n","protected":false},"author":1,"featured_media":1024,"comment_status":"open","ping_status":"open","sticky":false,"template":"","format":"standard","meta":{"_jetpack_memberships_contains_paid_content":false,"footnotes":""},"categories":[32],"tags":[109,110,38],"class_list":["post-1023","post","type-post","status-publish","format-standard","has-post-thumbnail","hentry","category-politica","tag-ctm","tag-dia-del-trabajo","tag-politica"],"yoast_head":"<!-- This site is optimized with the Yoast SEO plugin v26.6 - https:\/\/yoast.com\/wordpress\/plugins\/seo\/ -->\n<title>Preocupa a clase trabajadora &quot;recesi\u00f3n econ\u00f3mica&quot; del pa\u00eds - M\u00e1s Que Noticias<\/title>\n<meta name=\"robots\" content=\"index, follow, max-snippet:-1, max-image-preview:large, max-video-preview:-1\" \/>\n<link rel=\"canonical\" href=\"https:\/\/masquenoticias.mx\/index.php\/2023\/05\/02\/preocupa-a-clase-trabajadora-recesion-economica-del-pais\/\" \/>\n<meta property=\"og:locale\" content=\"es_MX\" \/>\n<meta property=\"og:type\" content=\"article\" \/>\n<meta property=\"og:title\" content=\"Preocupa a clase trabajadora &quot;recesi\u00f3n econ\u00f3mica&quot; del pa\u00eds - M\u00e1s Que Noticias\" \/>\n<meta property=\"og:description\" content=\"El sector obrero del Estado y nacional \u201cve con preocupaci\u00f3n la recesi\u00f3n que est\u00e1 sufriendo la econom\u00eda de nuestro de pa\u00eds y de Colima. No existe obra p\u00fablica, se est\u00e1n perdiendo fuentes de empleo, se observa la falta de apoyo a las peque\u00f1as y medianas empresas, que son las que generan una cantidad considerable de [&hellip;]\" \/>\n<meta property=\"og:url\" content=\"https:\/\/masquenoticias.mx\/index.php\/2023\/05\/02\/preocupa-a-clase-trabajadora-recesion-economica-del-pais\/\" \/>\n<meta property=\"og:site_name\" content=\"M\u00e1s Que Noticias\" \/>\n<meta property=\"article:publisher\" content=\"https:\/\/www.facebook.com\/masquenoticiascolima\" \/>\n<meta property=\"article:published_time\" content=\"2023-05-02T06:01:50+00:00\" \/>\n<meta property=\"og:image\" content=\"https:\/\/i0.wp.com\/masquenoticias.mx\/wp-content\/uploads\/2023\/05\/WhatsApp-Image-2023-05-01-at-2.14.53-PM.jpeg?fit=1600%2C739&ssl=1\" \/>\n\t<meta property=\"og:image:width\" content=\"1600\" \/>\n\t<meta property=\"og:image:height\" content=\"739\" \/>\n\t<meta property=\"og:image:type\" content=\"image\/jpeg\" \/>\n<meta name=\"author\" content=\"Redacci\u00f3n\" \/>\n<meta name=\"twitter:card\" content=\"summary_large_image\" \/>\n<meta name=\"twitter:creator\" content=\"@edgartove\" \/>\n<meta name=\"twitter:site\" content=\"@edgartove\" \/>\n<meta name=\"twitter:label1\" content=\"Escrito por\" \/>\n\t<meta name=\"twitter:data1\" content=\"Redacci\u00f3n\" \/>\n\t<meta name=\"twitter:label2\" content=\"Tiempo de lectura\" \/>\n\t<meta name=\"twitter:data2\" content=\"3 minutos\" \/>\n<script type=\"application\/ld+json\" class=\"yoast-schema-graph\">{\"@context\":\"https:\/\/schema.org\",\"@graph\":[{\"@type\":\"Article\",\"@id\":\"https:\/\/masquenoticias.mx\/index.php\/2023\/05\/02\/preocupa-a-clase-trabajadora-recesion-economica-del-pais\/#article\",\"isPartOf\":{\"@id\":\"https:\/\/masquenoticias.mx\/index.php\/2023\/05\/02\/preocupa-a-clase-trabajadora-recesion-economica-del-pais\/\"},\"author\":{\"name\":\"Redacci\u00f3n\",\"@id\":\"https:\/\/masquenoticias.mx\/#\/schema\/person\/544d19989ef23d34615f691f7a96e622\"},\"headline\":\"Preocupa a clase trabajadora &#8220;recesi\u00f3n econ\u00f3mica&#8221; del pa\u00eds\",\"datePublished\":\"2023-05-02T06:01:50+00:00\",\"mainEntityOfPage\":{\"@id\":\"https:\/\/masquenoticias.mx\/index.php\/2023\/05\/02\/preocupa-a-clase-trabajadora-recesion-economica-del-pais\/\"},\"wordCount\":625,\"commentCount\":0,\"publisher\":{\"@id\":\"https:\/\/masquenoticias.mx\/#organization\"},\"image\":{\"@id\":\"https:\/\/masquenoticias.mx\/index.php\/2023\/05\/02\/preocupa-a-clase-trabajadora-recesion-economica-del-pais\/#primaryimage\"},\"thumbnailUrl\":\"https:\/\/i0.wp.com\/masquenoticias.mx\/wp-content\/uploads\/2023\/05\/WhatsApp-Image-2023-05-01-at-2.14.53-PM.jpeg?fit=1600%2C739&ssl=1\",\"keywords\":[\"CTM\",\"D\u00eda del Trabajo\",\"Pol\u00edtica\"],\"articleSection\":[\"Pol\u00edtica\"],\"inLanguage\":\"es\",\"potentialAction\":[{\"@type\":\"CommentAction\",\"name\":\"Comment\",\"target\":[\"https:\/\/masquenoticias.mx\/index.php\/2023\/05\/02\/preocupa-a-clase-trabajadora-recesion-economica-del-pais\/#respond\"]}]},{\"@type\":\"WebPage\",\"@id\":\"https:\/\/masquenoticias.mx\/index.php\/2023\/05\/02\/preocupa-a-clase-trabajadora-recesion-economica-del-pais\/\",\"url\":\"https:\/\/masquenoticias.mx\/index.php\/2023\/05\/02\/preocupa-a-clase-trabajadora-recesion-economica-del-pais\/\",\"name\":\"Preocupa a clase trabajadora \\\"recesi\u00f3n econ\u00f3mica\\\" del pa\u00eds - M\u00e1s Que Noticias\",\"isPartOf\":{\"@id\":\"https:\/\/masquenoticias.mx\/#website\"},\"primaryImageOfPage\":{\"@id\":\"https:\/\/masquenoticias.mx\/index.php\/2023\/05\/02\/preocupa-a-clase-trabajadora-recesion-economica-del-pais\/#primaryimage\"},\"image\":{\"@id\":\"https:\/\/masquenoticias.mx\/index.php\/2023\/05\/02\/preocupa-a-clase-trabajadora-recesion-economica-del-pais\/#primaryimage\"},\"thumbnailUrl\":\"https:\/\/i0.wp.com\/masquenoticias.mx\/wp-content\/uploads\/2023\/05\/WhatsApp-Image-2023-05-01-at-2.14.53-PM.jpeg?fit=1600%2C739&ssl=1\",\"datePublished\":\"2023-05-02T06:01:50+00:00\",\"breadcrumb\":{\"@id\":\"https:\/\/masquenoticias.mx\/index.php\/2023\/05\/02\/preocupa-a-clase-trabajadora-recesion-economica-del-pais\/#breadcrumb\"},\"inLanguage\":\"es\",\"potentialAction\":[{\"@type\":\"ReadAction\",\"target\":[\"https:\/\/masquenoticias.mx\/index.php\/2023\/05\/02\/preocupa-a-clase-trabajadora-recesion-economica-del-pais\/\"]}]},{\"@type\":\"ImageObject\",\"inLanguage\":\"es\",\"@id\":\"https:\/\/masquenoticias.mx\/index.php\/2023\/05\/02\/preocupa-a-clase-trabajadora-recesion-economica-del-pais\/#primaryimage\",\"url\":\"https:\/\/i0.wp.com\/masquenoticias.mx\/wp-content\/uploads\/2023\/05\/WhatsApp-Image-2023-05-01-at-2.14.53-PM.jpeg?fit=1600%2C739&ssl=1\",\"contentUrl\":\"https:\/\/i0.wp.com\/masquenoticias.mx\/wp-content\/uploads\/2023\/05\/WhatsApp-Image-2023-05-01-at-2.14.53-PM.jpeg?fit=1600%2C739&ssl=1\",\"width\":1600,\"height\":739},{\"@type\":\"BreadcrumbList\",\"@id\":\"https:\/\/masquenoticias.mx\/index.php\/2023\/05\/02\/preocupa-a-clase-trabajadora-recesion-economica-del-pais\/#breadcrumb\",\"itemListElement\":[{\"@type\":\"ListItem\",\"position\":1,\"name\":\"Inicio\",\"item\":\"https:\/\/masquenoticias.mx\/\"},{\"@type\":\"ListItem\",\"position\":2,\"name\":\"Preocupa a clase trabajadora &#8220;recesi\u00f3n econ\u00f3mica&#8221; del pa\u00eds\"}]},{\"@type\":\"WebSite\",\"@id\":\"https:\/\/masquenoticias.mx\/#website\",\"url\":\"https:\/\/masquenoticias.mx\/\",\"name\":\"M\u00e1s Que Noticias\",\"description\":\"Noticias de Colima, M\u00e9xico y el Mundo\",\"publisher\":{\"@id\":\"https:\/\/masquenoticias.mx\/#organization\"},\"potentialAction\":[{\"@type\":\"SearchAction\",\"target\":{\"@type\":\"EntryPoint\",\"urlTemplate\":\"https:\/\/masquenoticias.mx\/?s={search_term_string}\"},\"query-input\":{\"@type\":\"PropertyValueSpecification\",\"valueRequired\":true,\"valueName\":\"search_term_string\"}}],\"inLanguage\":\"es\"},{\"@type\":\"Organization\",\"@id\":\"https:\/\/masquenoticias.mx\/#organization\",\"name\":\"M\u00e1s Que Noticias\",\"url\":\"https:\/\/masquenoticias.mx\/\",\"logo\":{\"@type\":\"ImageObject\",\"inLanguage\":\"es\",\"@id\":\"https:\/\/masquenoticias.mx\/#\/schema\/logo\/image\/\",\"url\":\"https:\/\/i0.wp.com\/masquenoticias.mx\/wp-content\/uploads\/2024\/04\/IMG_0004.png?fit=2560%2C1656&ssl=1\",\"contentUrl\":\"https:\/\/i0.wp.com\/masquenoticias.mx\/wp-content\/uploads\/2024\/04\/IMG_0004.png?fit=2560%2C1656&ssl=1\",\"width\":2560,\"height\":1656,\"caption\":\"M\u00e1s Que Noticias\"},\"image\":{\"@id\":\"https:\/\/masquenoticias.mx\/#\/schema\/logo\/image\/\"},\"sameAs\":[\"https:\/\/www.facebook.com\/masquenoticiascolima\",\"https:\/\/x.com\/edgartove\",\"https:\/\/www.instagram.com\/masquenoticiascolima\/\"]},{\"@type\":\"Person\",\"@id\":\"https:\/\/masquenoticias.mx\/#\/schema\/person\/544d19989ef23d34615f691f7a96e622\",\"name\":\"Redacci\u00f3n\",\"image\":{\"@type\":\"ImageObject\",\"inLanguage\":\"es\",\"@id\":\"https:\/\/masquenoticias.mx\/#\/schema\/person\/image\/\",\"url\":\"https:\/\/secure.gravatar.com\/avatar\/7fcc926d5b058d3f3d52d95b4d05dd58?s=96&d=mm&r=g\",\"contentUrl\":\"https:\/\/secure.gravatar.com\/avatar\/7fcc926d5b058d3f3d52d95b4d05dd58?s=96&d=mm&r=g\",\"caption\":\"Redacci\u00f3n\"},\"sameAs\":[\"http:\/\/masquenoticias.mx\"],\"url\":\"https:\/\/masquenoticias.mx\/index.php\/author\/edgartovegmail-com\/\"}]}<\/script>\n<!-- \/ Yoast SEO plugin. -->","yoast_head_json":{"title":"Preocupa a clase trabajadora \"recesi\u00f3n econ\u00f3mica\" del pa\u00eds - M\u00e1s Que Noticias","robots":{"index":"index","follow":"follow","max-snippet":"max-snippet:-1","max-image-preview":"max-image-preview:large","max-video-preview":"max-video-preview:-1"},"canonical":"https:\/\/masquenoticias.mx\/index.php\/2023\/05\/02\/preocupa-a-clase-trabajadora-recesion-economica-del-pais\/","og_locale":"es_MX","og_type":"article","og_title":"Preocupa a clase trabajadora \"recesi\u00f3n econ\u00f3mica\" del pa\u00eds - M\u00e1s Que Noticias","og_description":"El sector obrero del Estado y nacional \u201cve con preocupaci\u00f3n la recesi\u00f3n que est\u00e1 sufriendo la econom\u00eda de nuestro de pa\u00eds y de Colima. No existe obra p\u00fablica, se est\u00e1n perdiendo fuentes de empleo, se observa la falta de apoyo a las peque\u00f1as y medianas empresas, que son las que generan una cantidad considerable de [&hellip;]","og_url":"https:\/\/masquenoticias.mx\/index.php\/2023\/05\/02\/preocupa-a-clase-trabajadora-recesion-economica-del-pais\/","og_site_name":"M\u00e1s Que Noticias","article_publisher":"https:\/\/www.facebook.com\/masquenoticiascolima","article_published_time":"2023-05-02T06:01:50+00:00","og_image":[{"width":1600,"height":739,"url":"https:\/\/i0.wp.com\/masquenoticias.mx\/wp-content\/uploads\/2023\/05\/WhatsApp-Image-2023-05-01-at-2.14.53-PM.jpeg?fit=1600%2C739&ssl=1","type":"image\/jpeg"}],"author":"Redacci\u00f3n","twitter_card":"summary_large_image","twitter_creator":"@edgartove","twitter_site":"@edgartove","twitter_misc":{"Escrito por":"Redacci\u00f3n","Tiempo de lectura":"3 minutos"},"schema":{"@context":"https:\/\/schema.org","@graph":[{"@type":"Article","@id":"https:\/\/masquenoticias.mx\/index.php\/2023\/05\/02\/preocupa-a-clase-trabajadora-recesion-economica-del-pais\/#article","isPartOf":{"@id":"https:\/\/masquenoticias.mx\/index.php\/2023\/05\/02\/preocupa-a-clase-trabajadora-recesion-economica-del-pais\/"},"author":{"name":"Redacci\u00f3n","@id":"https:\/\/masquenoticias.mx\/#\/schema\/person\/544d19989ef23d34615f691f7a96e622"},"headline":"Preocupa a clase trabajadora &#8220;recesi\u00f3n econ\u00f3mica&#8221; del pa\u00eds","datePublished":"2023-05-02T06:01:50+00:00","mainEntityOfPage":{"@id":"https:\/\/masquenoticias.mx\/index.php\/2023\/05\/02\/preocupa-a-clase-trabajadora-recesion-economica-del-pais\/"},"wordCount":625,"commentCount":0,"publisher":{"@id":"https:\/\/masquenoticias.mx\/#organization"},"image":{"@id":"https:\/\/masquenoticias.mx\/index.php\/2023\/05\/02\/preocupa-a-clase-trabajadora-recesion-economica-del-pais\/#primaryimage"},"thumbnailUrl":"https:\/\/i0.wp.com\/masquenoticias.mx\/wp-content\/uploads\/2023\/05\/WhatsApp-Image-2023-05-01-at-2.14.53-PM.jpeg?fit=1600%2C739&ssl=1","keywords":["CTM","D\u00eda del Trabajo","Pol\u00edtica"],"articleSection":["Pol\u00edtica"],"inLanguage":"es","potentialAction":[{"@type":"CommentAction","name":"Comment","target":["https:\/\/masquenoticias.mx\/index.php\/2023\/05\/02\/preocupa-a-clase-trabajadora-recesion-economica-del-pais\/#respond"]}]},{"@type":"WebPage","@id":"https:\/\/masquenoticias.mx\/index.php\/2023\/05\/02\/preocupa-a-clase-trabajadora-recesion-economica-del-pais\/","url":"https:\/\/masquenoticias.mx\/index.php\/2023\/05\/02\/preocupa-a-clase-trabajadora-recesion-economica-del-pais\/","name":"Preocupa a clase trabajadora \"recesi\u00f3n econ\u00f3mica\" del pa\u00eds - M\u00e1s Que Noticias","isPartOf":{"@id":"https:\/\/masquenoticias.mx\/#website"},"primaryImageOfPage":{"@id":"https:\/\/masquenoticias.mx\/index.php\/2023\/05\/02\/preocupa-a-clase-trabajadora-recesion-economica-del-pais\/#primaryimage"},"image":{"@id":"https:\/\/masquenoticias.mx\/index.php\/2023\/05\/02\/preocupa-a-clase-trabajadora-recesion-economica-del-pais\/#primaryimage"},"thumbnailUrl":"https:\/\/i0.wp.com\/masquenoticias.mx\/wp-content\/uploads\/2023\/05\/WhatsApp-Image-2023-05-01-at-2.14.53-PM.jpeg?fit=1600%2C739&ssl=1","datePublished":"2023-05-02T06:01:50+00:00","breadcrumb":{"@id":"https:\/\/masquenoticias.mx\/index.php\/2023\/05\/02\/preocupa-a-clase-trabajadora-recesion-economica-del-pais\/#breadcrumb"},"inLanguage":"es","potentialAction":[{"@type":"ReadAction","target":["https:\/\/masquenoticias.mx\/index.php\/2023\/05\/02\/preocupa-a-clase-trabajadora-recesion-economica-del-pais\/"]}]},{"@type":"ImageObject","inLanguage":"es","@id":"https:\/\/masquenoticias.mx\/index.php\/2023\/05\/02\/preocupa-a-clase-trabajadora-recesion-economica-del-pais\/#primaryimage","url":"https:\/\/i0.wp.com\/masquenoticias.mx\/wp-content\/uploads\/2023\/05\/WhatsApp-Image-2023-05-01-at-2.14.53-PM.jpeg?fit=1600%2C739&ssl=1","contentUrl":"https:\/\/i0.wp.com\/masquenoticias.mx\/wp-content\/uploads\/2023\/05\/WhatsApp-Image-2023-05-01-at-2.14.53-PM.jpeg?fit=1600%2C739&ssl=1","width":1600,"height":739},{"@type":"BreadcrumbList","@id":"https:\/\/masquenoticias.mx\/index.php\/2023\/05\/02\/preocupa-a-clase-trabajadora-recesion-economica-del-pais\/#breadcrumb","itemListElement":[{"@type":"ListItem","position":1,"name":"Inicio","item":"https:\/\/masquenoticias.mx\/"},{"@type":"ListItem","position":2,"name":"Preocupa a clase trabajadora &#8220;recesi\u00f3n econ\u00f3mica&#8221; del pa\u00eds"}]},{"@type":"WebSite","@id":"https:\/\/masquenoticias.mx\/#website","url":"https:\/\/masquenoticias.mx\/","name":"M\u00e1s Que Noticias","description":"Noticias de Colima, M\u00e9xico y el Mundo","publisher":{"@id":"https:\/\/masquenoticias.mx\/#organization"},"potentialAction":[{"@type":"SearchAction","target":{"@type":"EntryPoint","urlTemplate":"https:\/\/masquenoticias.mx\/?s={search_term_string}"},"query-input":{"@type":"PropertyValueSpecification","valueRequired":true,"valueName":"search_term_string"}}],"inLanguage":"es"},{"@type":"Organization","@id":"https:\/\/masquenoticias.mx\/#organization","name":"M\u00e1s Que Noticias","url":"https:\/\/masquenoticias.mx\/","logo":{"@type":"ImageObject","inLanguage":"es","@id":"https:\/\/masquenoticias.mx\/#\/schema\/logo\/image\/","url":"https:\/\/i0.wp.com\/masquenoticias.mx\/wp-content\/uploads\/2024\/04\/IMG_0004.png?fit=2560%2C1656&ssl=1","contentUrl":"https:\/\/i0.wp.com\/masquenoticias.mx\/wp-content\/uploads\/2024\/04\/IMG_0004.png?fit=2560%2C1656&ssl=1","width":2560,"height":1656,"caption":"M\u00e1s Que Noticias"},"image":{"@id":"https:\/\/masquenoticias.mx\/#\/schema\/logo\/image\/"},"sameAs":["https:\/\/www.facebook.com\/masquenoticiascolima","https:\/\/x.com\/edgartove","https:\/\/www.instagram.com\/masquenoticiascolima\/"]},{"@type":"Person","@id":"https:\/\/masquenoticias.mx\/#\/schema\/person\/544d19989ef23d34615f691f7a96e622","name":"Redacci\u00f3n","image":{"@type":"ImageObject","inLanguage":"es","@id":"https:\/\/masquenoticias.mx\/#\/schema\/person\/image\/","url":"https:\/\/secure.gravatar.com\/avatar\/7fcc926d5b058d3f3d52d95b4d05dd58?s=96&d=mm&r=g","contentUrl":"https:\/\/secure.gravatar.com\/avatar\/7fcc926d5b058d3f3d52d95b4d05dd58?s=96&d=mm&r=g","caption":"Redacci\u00f3n"},"sameAs":["http:\/\/masquenoticias.mx"],"url":"https:\/\/masquenoticias.mx\/index.php\/author\/edgartovegmail-com\/"}]}},"jetpack_featured_media_url":"https:\/\/i0.wp.com\/masquenoticias.mx\/wp-content\/uploads\/2023\/05\/WhatsApp-Image-2023-05-01-at-2.14.53-PM.jpeg?fit=1600%2C739&ssl=1","blog_post_layout_featured_media_urls":{"thumbnail":["https:\/\/i0.wp.com\/masquenoticias.mx\/wp-content\/uploads\/2023\/05\/WhatsApp-Image-2023-05-01-at-2.14.53-PM.jpeg?resize=150%2C150&ssl=1",150,150,true],"full":["https:\/\/i0.wp.com\/masquenoticias.mx\/wp-content\/uploads\/2023\/05\/WhatsApp-Image-2023-05-01-at-2.14.53-PM.jpeg?fit=1600%2C739&ssl=1",1600,739,false]},"categories_names":{"32":{"name":"Pol\u00edtica","link":"https:\/\/masquenoticias.mx\/index.php\/category\/politica\/"}},"tags_names":{"109":{"name":"CTM","link":"https:\/\/masquenoticias.mx\/index.php\/tag\/ctm\/"},"110":{"name":"D\u00eda del Trabajo","link":"https:\/\/masquenoticias.mx\/index.php\/tag\/dia-del-trabajo\/"},"38":{"name":"Pol\u00edtica","link":"https:\/\/masquenoticias.mx\/index.php\/tag\/politica\/"}},"comments_number":"0","wpmagazine_modules_lite_featured_media_urls":{"thumbnail":["https:\/\/i0.wp.com\/masquenoticias.mx\/wp-content\/uploads\/2023\/05\/WhatsApp-Image-2023-05-01-at-2.14.53-PM.jpeg?resize=150%2C150&ssl=1",150,150,true],"cvmm-medium":["https:\/\/i0.wp.com\/masquenoticias.mx\/wp-content\/uploads\/2023\/05\/WhatsApp-Image-2023-05-01-at-2.14.53-PM.jpeg?resize=300%2C300&ssl=1",300,300,true],"cvmm-medium-plus":["https:\/\/i0.wp.com\/masquenoticias.mx\/wp-content\/uploads\/2023\/05\/WhatsApp-Image-2023-05-01-at-2.14.53-PM.jpeg?resize=305%2C207&ssl=1",305,207,true],"cvmm-portrait":["https:\/\/i0.wp.com\/masquenoticias.mx\/wp-content\/uploads\/2023\/05\/WhatsApp-Image-2023-05-01-at-2.14.53-PM.jpeg?resize=400%2C600&ssl=1",400,600,true],"cvmm-medium-square":["https:\/\/i0.wp.com\/masquenoticias.mx\/wp-content\/uploads\/2023\/05\/WhatsApp-Image-2023-05-01-at-2.14.53-PM.jpeg?resize=600%2C600&ssl=1",600,600,true],"cvmm-large":["https:\/\/i0.wp.com\/masquenoticias.mx\/wp-content\/uploads\/2023\/05\/WhatsApp-Image-2023-05-01-at-2.14.53-PM.jpeg?resize=1024%2C739&ssl=1",1024,739,true],"cvmm-small":["https:\/\/i0.wp.com\/masquenoticias.mx\/wp-content\/uploads\/2023\/05\/WhatsApp-Image-2023-05-01-at-2.14.53-PM.jpeg?resize=130%2C95&ssl=1",130,95,true],"full":["https:\/\/i0.wp.com\/masquenoticias.mx\/wp-content\/uploads\/2023\/05\/WhatsApp-Image-2023-05-01-at-2.14.53-PM.jpeg?fit=1600%2C739&ssl=1",1600,739,false]},"jetpack-related-posts":[],"jetpack_sharing_enabled":true,"jetpack_likes_enabled":true,"jetpack_shortlink":"https:\/\/wp.me\/pf7pkt-gv","_links":{"self":[{"href":"https:\/\/masquenoticias.mx\/index.php\/wp-json\/wp\/v2\/posts\/1023","targetHints":{"allow":["GET"]}}],"collection":[{"href":"https:\/\/masquenoticias.mx\/index.php\/wp-json\/wp\/v2\/posts"}],"about":[{"href":"https:\/\/masquenoticias.mx\/index.php\/wp-json\/wp\/v2\/types\/post"}],"author":[{"embeddable":true,"href":"https:\/\/masquenoticias.mx\/index.php\/wp-json\/wp\/v2\/users\/1"}],"replies":[{"embeddable":true,"href":"https:\/\/masquenoticias.mx\/index.php\/wp-json\/wp\/v2\/comments?post=1023"}],"version-history":[{"count":0,"href":"https:\/\/masquenoticias.mx\/index.php\/wp-json\/wp\/v2\/posts\/1023\/revisions"}],"wp:featuredmedia":[{"embeddable":true,"href":"https:\/\/masquenoticias.mx\/index.php\/wp-json\/wp\/v2\/media\/1024"}],"wp:attachment":[{"href":"https:\/\/masquenoticias.mx\/index.php\/wp-json\/wp\/v2\/media?parent=1023"}],"wp:term":[{"taxonomy":"category","embeddable":true,"href":"https:\/\/masquenoticias.mx\/index.php\/wp-json\/wp\/v2\/categories?post=1023"},{"taxonomy":"post_tag","embeddable":true,"href":"https:\/\/masquenoticias.mx\/index.php\/wp-json\/wp\/v2\/tags?post=1023"}],"curies":[{"name":"wp","href":"https:\/\/api.w.org\/{rel}","templated":true}]}}