{"id":10203,"date":"2024-09-08T08:24:46","date_gmt":"2024-09-08T14:24:46","guid":{"rendered":"https:\/\/masquenoticias.mx\/?p=10203"},"modified":"2024-09-08T08:24:46","modified_gmt":"2024-09-08T14:24:46","slug":"rescatan-a-53-personas-atrapadas-por-socavon-formado-en-el-mixcuate","status":"publish","type":"post","link":"https:\/\/masquenoticias.mx\/index.php\/2024\/09\/08\/rescatan-a-53-personas-atrapadas-por-socavon-formado-en-el-mixcuate\/","title":{"rendered":"Rescatan a 53 personas atrapadas por socav\u00f3n formado en El Mixcuate"},"content":{"rendered":"<p>Villa de \u00c1lvarez, Col.- La lluvia torrencial qu\u00e9 cay\u00f3 la tarde del s\u00e1bado 07 de septiembre, provoc\u00f3 que 53 personas quedar\u00e1n incomunicadas en la comunidad de El Mixcuate, al crearse un socavon sobre uno de los vados que se encuentran en la vialidad que conecta a esa comunidad con la zona de granjas de pescado.<\/p>\n<p>Ante el llamado de auxilio por parte del comisario de la comunidad, elementos de Protecci\u00f3n Civil Municipal de Villa de \u00c1lvarez, Guardia Nacional, SEDENA y Protecci\u00f3n Civil Estatal, se dieron a la tarea de realizar un operativo conjunto de rescate de las personas atrapadas, logrando con \u00e9xito salvaguardar la integridad f\u00edsica de todas y todos los afectados, quienes fueron trasladados a viviendas propias o de familiares en \u00e1reas m\u00e1s seguras, a petici\u00f3n de ellos mismos.<\/p>\n<p>Los rescatados fueron 17 de Villa de \u00c1lvarez, 11 de Colima, 14 de Jalisco, 4 de Minatitl\u00e1n, 4 de Comala y 3 de Cuauht\u00e9moc.<\/p>\n<p>Se reitera el llamado a la poblaci\u00f3n en general a mantenerse informada por las v\u00edas oficiales y medios de comunicaci\u00f3n sobre las medidas preventivas a seguir en este temporal de lluvias.<\/p>\n<p>En caso de alguna emergencia, favor de llamar: Tr\u00e1nsito Municipal: 3123131716, Polic\u00eda Municipal: 3123145193 y Protecci\u00f3n Civil: 3123162729.<\/p>\n","protected":false},"excerpt":{"rendered":"<p>Villa de \u00c1lvarez, Col.- La lluvia torrencial qu\u00e9 cay\u00f3 la tarde del s\u00e1bado 07 de septiembre, provoc\u00f3 que 53 personas quedar\u00e1n incomunicadas en la comunidad de El Mixcuate, al crearse un socavon sobre uno de los vados que se encuentran en la vialidad que conecta a esa comunidad con la zona de granjas de pescado. [&hellip;]<\/p>\n","protected":false},"author":1,"featured_media":10204,"comment_status":"open","ping_status":"open","sticky":false,"template":"","format":"standard","meta":{"_jetpack_memberships_contains_paid_content":false,"footnotes":""},"categories":[28],"tags":[48],"class_list":["post-10203","post","type-post","status-publish","format-standard","has-post-thumbnail","hentry","category-municipios","tag-villa-de-alvarez"],"yoast_head":"<!-- This site is optimized with the Yoast SEO plugin v26.6 - https:\/\/yoast.com\/wordpress\/plugins\/seo\/ -->\n<title>Rescatan a 53 personas atrapadas por socav\u00f3n formado en El Mixcuate - M\u00e1s Que Noticias<\/title>\n<meta name=\"robots\" content=\"index, follow, max-snippet:-1, max-image-preview:large, max-video-preview:-1\" \/>\n<link rel=\"canonical\" href=\"https:\/\/masquenoticias.mx\/index.php\/2024\/09\/08\/rescatan-a-53-personas-atrapadas-por-socavon-formado-en-el-mixcuate\/\" \/>\n<meta property=\"og:locale\" content=\"es_MX\" \/>\n<meta property=\"og:type\" content=\"article\" \/>\n<meta property=\"og:title\" content=\"Rescatan a 53 personas atrapadas por socav\u00f3n formado en El Mixcuate - M\u00e1s Que Noticias\" \/>\n<meta property=\"og:description\" content=\"Villa de \u00c1lvarez, Col.- La lluvia torrencial qu\u00e9 cay\u00f3 la tarde del s\u00e1bado 07 de septiembre, provoc\u00f3 que 53 personas quedar\u00e1n incomunicadas en la comunidad de El Mixcuate, al crearse un socavon sobre uno de los vados que se encuentran en la vialidad que conecta a esa comunidad con la zona de granjas de pescado. [&hellip;]\" \/>\n<meta property=\"og:url\" content=\"https:\/\/masquenoticias.mx\/index.php\/2024\/09\/08\/rescatan-a-53-personas-atrapadas-por-socavon-formado-en-el-mixcuate\/\" \/>\n<meta property=\"og:site_name\" content=\"M\u00e1s Que Noticias\" \/>\n<meta property=\"article:publisher\" content=\"https:\/\/www.facebook.com\/masquenoticiascolima\" \/>\n<meta property=\"article:published_time\" content=\"2024-09-08T14:24:46+00:00\" \/>\n<meta property=\"og:image\" content=\"https:\/\/masquenoticias.mx\/wp-content\/uploads\/2024\/09\/WhatsApp-Image-2024-09-08-at-6.57.34-AM.jpeg\" \/>\n\t<meta property=\"og:image:width\" content=\"1072\" \/>\n\t<meta property=\"og:image:height\" content=\"797\" \/>\n\t<meta property=\"og:image:type\" content=\"image\/jpeg\" \/>\n<meta name=\"author\" content=\"Redacci\u00f3n\" \/>\n<meta name=\"twitter:card\" content=\"summary_large_image\" \/>\n<meta name=\"twitter:creator\" content=\"@edgartove\" \/>\n<meta name=\"twitter:site\" content=\"@edgartove\" \/>\n<meta name=\"twitter:label1\" content=\"Escrito por\" \/>\n\t<meta name=\"twitter:data1\" content=\"Redacci\u00f3n\" \/>\n\t<meta name=\"twitter:label2\" content=\"Tiempo de lectura\" \/>\n\t<meta name=\"twitter:data2\" content=\"2 minutos\" \/>\n<script type=\"application\/ld+json\" class=\"yoast-schema-graph\">{\"@context\":\"https:\/\/schema.org\",\"@graph\":[{\"@type\":\"Article\",\"@id\":\"https:\/\/masquenoticias.mx\/index.php\/2024\/09\/08\/rescatan-a-53-personas-atrapadas-por-socavon-formado-en-el-mixcuate\/#article\",\"isPartOf\":{\"@id\":\"https:\/\/masquenoticias.mx\/index.php\/2024\/09\/08\/rescatan-a-53-personas-atrapadas-por-socavon-formado-en-el-mixcuate\/\"},\"author\":{\"name\":\"Redacci\u00f3n\",\"@id\":\"https:\/\/masquenoticias.mx\/#\/schema\/person\/544d19989ef23d34615f691f7a96e622\"},\"headline\":\"Rescatan a 53 personas atrapadas por socav\u00f3n formado en El Mixcuate\",\"datePublished\":\"2024-09-08T14:24:46+00:00\",\"mainEntityOfPage\":{\"@id\":\"https:\/\/masquenoticias.mx\/index.php\/2024\/09\/08\/rescatan-a-53-personas-atrapadas-por-socavon-formado-en-el-mixcuate\/\"},\"wordCount\":219,\"commentCount\":0,\"publisher\":{\"@id\":\"https:\/\/masquenoticias.mx\/#organization\"},\"image\":{\"@id\":\"https:\/\/masquenoticias.mx\/index.php\/2024\/09\/08\/rescatan-a-53-personas-atrapadas-por-socavon-formado-en-el-mixcuate\/#primaryimage\"},\"thumbnailUrl\":\"https:\/\/i0.wp.com\/masquenoticias.mx\/wp-content\/uploads\/2024\/09\/WhatsApp-Image-2024-09-08-at-6.57.34-AM.jpeg?fit=1072%2C797&ssl=1\",\"keywords\":[\"Villa de \u00c1lvarez\"],\"articleSection\":[\"Municipios\"],\"inLanguage\":\"es\",\"potentialAction\":[{\"@type\":\"CommentAction\",\"name\":\"Comment\",\"target\":[\"https:\/\/masquenoticias.mx\/index.php\/2024\/09\/08\/rescatan-a-53-personas-atrapadas-por-socavon-formado-en-el-mixcuate\/#respond\"]}]},{\"@type\":\"WebPage\",\"@id\":\"https:\/\/masquenoticias.mx\/index.php\/2024\/09\/08\/rescatan-a-53-personas-atrapadas-por-socavon-formado-en-el-mixcuate\/\",\"url\":\"https:\/\/masquenoticias.mx\/index.php\/2024\/09\/08\/rescatan-a-53-personas-atrapadas-por-socavon-formado-en-el-mixcuate\/\",\"name\":\"Rescatan a 53 personas atrapadas por socav\u00f3n formado en El Mixcuate - M\u00e1s Que Noticias\",\"isPartOf\":{\"@id\":\"https:\/\/masquenoticias.mx\/#website\"},\"primaryImageOfPage\":{\"@id\":\"https:\/\/masquenoticias.mx\/index.php\/2024\/09\/08\/rescatan-a-53-personas-atrapadas-por-socavon-formado-en-el-mixcuate\/#primaryimage\"},\"image\":{\"@id\":\"https:\/\/masquenoticias.mx\/index.php\/2024\/09\/08\/rescatan-a-53-personas-atrapadas-por-socavon-formado-en-el-mixcuate\/#primaryimage\"},\"thumbnailUrl\":\"https:\/\/i0.wp.com\/masquenoticias.mx\/wp-content\/uploads\/2024\/09\/WhatsApp-Image-2024-09-08-at-6.57.34-AM.jpeg?fit=1072%2C797&ssl=1\",\"datePublished\":\"2024-09-08T14:24:46+00:00\",\"breadcrumb\":{\"@id\":\"https:\/\/masquenoticias.mx\/index.php\/2024\/09\/08\/rescatan-a-53-personas-atrapadas-por-socavon-formado-en-el-mixcuate\/#breadcrumb\"},\"inLanguage\":\"es\",\"potentialAction\":[{\"@type\":\"ReadAction\",\"target\":[\"https:\/\/masquenoticias.mx\/index.php\/2024\/09\/08\/rescatan-a-53-personas-atrapadas-por-socavon-formado-en-el-mixcuate\/\"]}]},{\"@type\":\"ImageObject\",\"inLanguage\":\"es\",\"@id\":\"https:\/\/masquenoticias.mx\/index.php\/2024\/09\/08\/rescatan-a-53-personas-atrapadas-por-socavon-formado-en-el-mixcuate\/#primaryimage\",\"url\":\"https:\/\/i0.wp.com\/masquenoticias.mx\/wp-content\/uploads\/2024\/09\/WhatsApp-Image-2024-09-08-at-6.57.34-AM.jpeg?fit=1072%2C797&ssl=1\",\"contentUrl\":\"https:\/\/i0.wp.com\/masquenoticias.mx\/wp-content\/uploads\/2024\/09\/WhatsApp-Image-2024-09-08-at-6.57.34-AM.jpeg?fit=1072%2C797&ssl=1\",\"width\":1072,\"height\":797},{\"@type\":\"BreadcrumbList\",\"@id\":\"https:\/\/masquenoticias.mx\/index.php\/2024\/09\/08\/rescatan-a-53-personas-atrapadas-por-socavon-formado-en-el-mixcuate\/#breadcrumb\",\"itemListElement\":[{\"@type\":\"ListItem\",\"position\":1,\"name\":\"Inicio\",\"item\":\"https:\/\/masquenoticias.mx\/\"},{\"@type\":\"ListItem\",\"position\":2,\"name\":\"Rescatan a 53 personas atrapadas por socav\u00f3n formado en El Mixcuate\"}]},{\"@type\":\"WebSite\",\"@id\":\"https:\/\/masquenoticias.mx\/#website\",\"url\":\"https:\/\/masquenoticias.mx\/\",\"name\":\"M\u00e1s Que Noticias\",\"description\":\"Noticias de Colima, M\u00e9xico y el Mundo\",\"publisher\":{\"@id\":\"https:\/\/masquenoticias.mx\/#organization\"},\"potentialAction\":[{\"@type\":\"SearchAction\",\"target\":{\"@type\":\"EntryPoint\",\"urlTemplate\":\"https:\/\/masquenoticias.mx\/?s={search_term_string}\"},\"query-input\":{\"@type\":\"PropertyValueSpecification\",\"valueRequired\":true,\"valueName\":\"search_term_string\"}}],\"inLanguage\":\"es\"},{\"@type\":\"Organization\",\"@id\":\"https:\/\/masquenoticias.mx\/#organization\",\"name\":\"M\u00e1s Que Noticias\",\"url\":\"https:\/\/masquenoticias.mx\/\",\"logo\":{\"@type\":\"ImageObject\",\"inLanguage\":\"es\",\"@id\":\"https:\/\/masquenoticias.mx\/#\/schema\/logo\/image\/\",\"url\":\"https:\/\/i0.wp.com\/masquenoticias.mx\/wp-content\/uploads\/2024\/04\/IMG_0004.png?fit=2560%2C1656&ssl=1\",\"contentUrl\":\"https:\/\/i0.wp.com\/masquenoticias.mx\/wp-content\/uploads\/2024\/04\/IMG_0004.png?fit=2560%2C1656&ssl=1\",\"width\":2560,\"height\":1656,\"caption\":\"M\u00e1s Que Noticias\"},\"image\":{\"@id\":\"https:\/\/masquenoticias.mx\/#\/schema\/logo\/image\/\"},\"sameAs\":[\"https:\/\/www.facebook.com\/masquenoticiascolima\",\"https:\/\/x.com\/edgartove\",\"https:\/\/www.instagram.com\/masquenoticiascolima\/\"]},{\"@type\":\"Person\",\"@id\":\"https:\/\/masquenoticias.mx\/#\/schema\/person\/544d19989ef23d34615f691f7a96e622\",\"name\":\"Redacci\u00f3n\",\"image\":{\"@type\":\"ImageObject\",\"inLanguage\":\"es\",\"@id\":\"https:\/\/masquenoticias.mx\/#\/schema\/person\/image\/\",\"url\":\"https:\/\/secure.gravatar.com\/avatar\/7fcc926d5b058d3f3d52d95b4d05dd58?s=96&d=mm&r=g\",\"contentUrl\":\"https:\/\/secure.gravatar.com\/avatar\/7fcc926d5b058d3f3d52d95b4d05dd58?s=96&d=mm&r=g\",\"caption\":\"Redacci\u00f3n\"},\"sameAs\":[\"http:\/\/masquenoticias.mx\"],\"url\":\"https:\/\/masquenoticias.mx\/index.php\/author\/edgartovegmail-com\/\"}]}<\/script>\n<!-- \/ Yoast SEO plugin. -->","yoast_head_json":{"title":"Rescatan a 53 personas atrapadas por socav\u00f3n formado en El Mixcuate - M\u00e1s Que Noticias","robots":{"index":"index","follow":"follow","max-snippet":"max-snippet:-1","max-image-preview":"max-image-preview:large","max-video-preview":"max-video-preview:-1"},"canonical":"https:\/\/masquenoticias.mx\/index.php\/2024\/09\/08\/rescatan-a-53-personas-atrapadas-por-socavon-formado-en-el-mixcuate\/","og_locale":"es_MX","og_type":"article","og_title":"Rescatan a 53 personas atrapadas por socav\u00f3n formado en El Mixcuate - M\u00e1s Que Noticias","og_description":"Villa de \u00c1lvarez, Col.- La lluvia torrencial qu\u00e9 cay\u00f3 la tarde del s\u00e1bado 07 de septiembre, provoc\u00f3 que 53 personas quedar\u00e1n incomunicadas en la comunidad de El Mixcuate, al crearse un socavon sobre uno de los vados que se encuentran en la vialidad que conecta a esa comunidad con la zona de granjas de pescado. [&hellip;]","og_url":"https:\/\/masquenoticias.mx\/index.php\/2024\/09\/08\/rescatan-a-53-personas-atrapadas-por-socavon-formado-en-el-mixcuate\/","og_site_name":"M\u00e1s Que Noticias","article_publisher":"https:\/\/www.facebook.com\/masquenoticiascolima","article_published_time":"2024-09-08T14:24:46+00:00","og_image":[{"width":1072,"height":797,"url":"https:\/\/masquenoticias.mx\/wp-content\/uploads\/2024\/09\/WhatsApp-Image-2024-09-08-at-6.57.34-AM.jpeg","type":"image\/jpeg"}],"author":"Redacci\u00f3n","twitter_card":"summary_large_image","twitter_creator":"@edgartove","twitter_site":"@edgartove","twitter_misc":{"Escrito por":"Redacci\u00f3n","Tiempo de lectura":"2 minutos"},"schema":{"@context":"https:\/\/schema.org","@graph":[{"@type":"Article","@id":"https:\/\/masquenoticias.mx\/index.php\/2024\/09\/08\/rescatan-a-53-personas-atrapadas-por-socavon-formado-en-el-mixcuate\/#article","isPartOf":{"@id":"https:\/\/masquenoticias.mx\/index.php\/2024\/09\/08\/rescatan-a-53-personas-atrapadas-por-socavon-formado-en-el-mixcuate\/"},"author":{"name":"Redacci\u00f3n","@id":"https:\/\/masquenoticias.mx\/#\/schema\/person\/544d19989ef23d34615f691f7a96e622"},"headline":"Rescatan a 53 personas atrapadas por socav\u00f3n formado en El Mixcuate","datePublished":"2024-09-08T14:24:46+00:00","mainEntityOfPage":{"@id":"https:\/\/masquenoticias.mx\/index.php\/2024\/09\/08\/rescatan-a-53-personas-atrapadas-por-socavon-formado-en-el-mixcuate\/"},"wordCount":219,"commentCount":0,"publisher":{"@id":"https:\/\/masquenoticias.mx\/#organization"},"image":{"@id":"https:\/\/masquenoticias.mx\/index.php\/2024\/09\/08\/rescatan-a-53-personas-atrapadas-por-socavon-formado-en-el-mixcuate\/#primaryimage"},"thumbnailUrl":"https:\/\/i0.wp.com\/masquenoticias.mx\/wp-content\/uploads\/2024\/09\/WhatsApp-Image-2024-09-08-at-6.57.34-AM.jpeg?fit=1072%2C797&ssl=1","keywords":["Villa de \u00c1lvarez"],"articleSection":["Municipios"],"inLanguage":"es","potentialAction":[{"@type":"CommentAction","name":"Comment","target":["https:\/\/masquenoticias.mx\/index.php\/2024\/09\/08\/rescatan-a-53-personas-atrapadas-por-socavon-formado-en-el-mixcuate\/#respond"]}]},{"@type":"WebPage","@id":"https:\/\/masquenoticias.mx\/index.php\/2024\/09\/08\/rescatan-a-53-personas-atrapadas-por-socavon-formado-en-el-mixcuate\/","url":"https:\/\/masquenoticias.mx\/index.php\/2024\/09\/08\/rescatan-a-53-personas-atrapadas-por-socavon-formado-en-el-mixcuate\/","name":"Rescatan a 53 personas atrapadas por socav\u00f3n formado en El Mixcuate - M\u00e1s Que Noticias","isPartOf":{"@id":"https:\/\/masquenoticias.mx\/#website"},"primaryImageOfPage":{"@id":"https:\/\/masquenoticias.mx\/index.php\/2024\/09\/08\/rescatan-a-53-personas-atrapadas-por-socavon-formado-en-el-mixcuate\/#primaryimage"},"image":{"@id":"https:\/\/masquenoticias.mx\/index.php\/2024\/09\/08\/rescatan-a-53-personas-atrapadas-por-socavon-formado-en-el-mixcuate\/#primaryimage"},"thumbnailUrl":"https:\/\/i0.wp.com\/masquenoticias.mx\/wp-content\/uploads\/2024\/09\/WhatsApp-Image-2024-09-08-at-6.57.34-AM.jpeg?fit=1072%2C797&ssl=1","datePublished":"2024-09-08T14:24:46+00:00","breadcrumb":{"@id":"https:\/\/masquenoticias.mx\/index.php\/2024\/09\/08\/rescatan-a-53-personas-atrapadas-por-socavon-formado-en-el-mixcuate\/#breadcrumb"},"inLanguage":"es","potentialAction":[{"@type":"ReadAction","target":["https:\/\/masquenoticias.mx\/index.php\/2024\/09\/08\/rescatan-a-53-personas-atrapadas-por-socavon-formado-en-el-mixcuate\/"]}]},{"@type":"ImageObject","inLanguage":"es","@id":"https:\/\/masquenoticias.mx\/index.php\/2024\/09\/08\/rescatan-a-53-personas-atrapadas-por-socavon-formado-en-el-mixcuate\/#primaryimage","url":"https:\/\/i0.wp.com\/masquenoticias.mx\/wp-content\/uploads\/2024\/09\/WhatsApp-Image-2024-09-08-at-6.57.34-AM.jpeg?fit=1072%2C797&ssl=1","contentUrl":"https:\/\/i0.wp.com\/masquenoticias.mx\/wp-content\/uploads\/2024\/09\/WhatsApp-Image-2024-09-08-at-6.57.34-AM.jpeg?fit=1072%2C797&ssl=1","width":1072,"height":797},{"@type":"BreadcrumbList","@id":"https:\/\/masquenoticias.mx\/index.php\/2024\/09\/08\/rescatan-a-53-personas-atrapadas-por-socavon-formado-en-el-mixcuate\/#breadcrumb","itemListElement":[{"@type":"ListItem","position":1,"name":"Inicio","item":"https:\/\/masquenoticias.mx\/"},{"@type":"ListItem","position":2,"name":"Rescatan a 53 personas atrapadas por socav\u00f3n formado en El Mixcuate"}]},{"@type":"WebSite","@id":"https:\/\/masquenoticias.mx\/#website","url":"https:\/\/masquenoticias.mx\/","name":"M\u00e1s Que Noticias","description":"Noticias de Colima, M\u00e9xico y el Mundo","publisher":{"@id":"https:\/\/masquenoticias.mx\/#organization"},"potentialAction":[{"@type":"SearchAction","target":{"@type":"EntryPoint","urlTemplate":"https:\/\/masquenoticias.mx\/?s={search_term_string}"},"query-input":{"@type":"PropertyValueSpecification","valueRequired":true,"valueName":"search_term_string"}}],"inLanguage":"es"},{"@type":"Organization","@id":"https:\/\/masquenoticias.mx\/#organization","name":"M\u00e1s Que Noticias","url":"https:\/\/masquenoticias.mx\/","logo":{"@type":"ImageObject","inLanguage":"es","@id":"https:\/\/masquenoticias.mx\/#\/schema\/logo\/image\/","url":"https:\/\/i0.wp.com\/masquenoticias.mx\/wp-content\/uploads\/2024\/04\/IMG_0004.png?fit=2560%2C1656&ssl=1","contentUrl":"https:\/\/i0.wp.com\/masquenoticias.mx\/wp-content\/uploads\/2024\/04\/IMG_0004.png?fit=2560%2C1656&ssl=1","width":2560,"height":1656,"caption":"M\u00e1s Que Noticias"},"image":{"@id":"https:\/\/masquenoticias.mx\/#\/schema\/logo\/image\/"},"sameAs":["https:\/\/www.facebook.com\/masquenoticiascolima","https:\/\/x.com\/edgartove","https:\/\/www.instagram.com\/masquenoticiascolima\/"]},{"@type":"Person","@id":"https:\/\/masquenoticias.mx\/#\/schema\/person\/544d19989ef23d34615f691f7a96e622","name":"Redacci\u00f3n","image":{"@type":"ImageObject","inLanguage":"es","@id":"https:\/\/masquenoticias.mx\/#\/schema\/person\/image\/","url":"https:\/\/secure.gravatar.com\/avatar\/7fcc926d5b058d3f3d52d95b4d05dd58?s=96&d=mm&r=g","contentUrl":"https:\/\/secure.gravatar.com\/avatar\/7fcc926d5b058d3f3d52d95b4d05dd58?s=96&d=mm&r=g","caption":"Redacci\u00f3n"},"sameAs":["http:\/\/masquenoticias.mx"],"url":"https:\/\/masquenoticias.mx\/index.php\/author\/edgartovegmail-com\/"}]}},"jetpack_featured_media_url":"https:\/\/i0.wp.com\/masquenoticias.mx\/wp-content\/uploads\/2024\/09\/WhatsApp-Image-2024-09-08-at-6.57.34-AM.jpeg?fit=1072%2C797&ssl=1","blog_post_layout_featured_media_urls":{"thumbnail":["https:\/\/i0.wp.com\/masquenoticias.mx\/wp-content\/uploads\/2024\/09\/WhatsApp-Image-2024-09-08-at-6.57.34-AM.jpeg?resize=150%2C150&ssl=1",150,150,true],"full":["https:\/\/i0.wp.com\/masquenoticias.mx\/wp-content\/uploads\/2024\/09\/WhatsApp-Image-2024-09-08-at-6.57.34-AM.jpeg?fit=1072%2C797&ssl=1",1072,797,false]},"categories_names":{"28":{"name":"Municipios","link":"https:\/\/masquenoticias.mx\/index.php\/category\/municipios\/"}},"tags_names":{"48":{"name":"Villa de \u00c1lvarez","link":"https:\/\/masquenoticias.mx\/index.php\/tag\/villa-de-alvarez\/"}},"comments_number":"0","wpmagazine_modules_lite_featured_media_urls":{"thumbnail":["https:\/\/i0.wp.com\/masquenoticias.mx\/wp-content\/uploads\/2024\/09\/WhatsApp-Image-2024-09-08-at-6.57.34-AM.jpeg?resize=150%2C150&ssl=1",150,150,true],"cvmm-medium":["https:\/\/i0.wp.com\/masquenoticias.mx\/wp-content\/uploads\/2024\/09\/WhatsApp-Image-2024-09-08-at-6.57.34-AM.jpeg?resize=300%2C300&ssl=1",300,300,true],"cvmm-medium-plus":["https:\/\/i0.wp.com\/masquenoticias.mx\/wp-content\/uploads\/2024\/09\/WhatsApp-Image-2024-09-08-at-6.57.34-AM.jpeg?resize=305%2C207&ssl=1",305,207,true],"cvmm-portrait":["https:\/\/i0.wp.com\/masquenoticias.mx\/wp-content\/uploads\/2024\/09\/WhatsApp-Image-2024-09-08-at-6.57.34-AM.jpeg?resize=400%2C600&ssl=1",400,600,true],"cvmm-medium-square":["https:\/\/i0.wp.com\/masquenoticias.mx\/wp-content\/uploads\/2024\/09\/WhatsApp-Image-2024-09-08-at-6.57.34-AM.jpeg?resize=600%2C600&ssl=1",600,600,true],"cvmm-large":["https:\/\/i0.wp.com\/masquenoticias.mx\/wp-content\/uploads\/2024\/09\/WhatsApp-Image-2024-09-08-at-6.57.34-AM.jpeg?resize=1024%2C797&ssl=1",1024,797,true],"cvmm-small":["https:\/\/i0.wp.com\/masquenoticias.mx\/wp-content\/uploads\/2024\/09\/WhatsApp-Image-2024-09-08-at-6.57.34-AM.jpeg?resize=130%2C95&ssl=1",130,95,true],"full":["https:\/\/i0.wp.com\/masquenoticias.mx\/wp-content\/uploads\/2024\/09\/WhatsApp-Image-2024-09-08-at-6.57.34-AM.jpeg?fit=1072%2C797&ssl=1",1072,797,false]},"jetpack-related-posts":[],"jetpack_sharing_enabled":true,"jetpack_likes_enabled":true,"jetpack_shortlink":"https:\/\/wp.me\/pf7pkt-2Ez","_links":{"self":[{"href":"https:\/\/masquenoticias.mx\/index.php\/wp-json\/wp\/v2\/posts\/10203","targetHints":{"allow":["GET"]}}],"collection":[{"href":"https:\/\/masquenoticias.mx\/index.php\/wp-json\/wp\/v2\/posts"}],"about":[{"href":"https:\/\/masquenoticias.mx\/index.php\/wp-json\/wp\/v2\/types\/post"}],"author":[{"embeddable":true,"href":"https:\/\/masquenoticias.mx\/index.php\/wp-json\/wp\/v2\/users\/1"}],"replies":[{"embeddable":true,"href":"https:\/\/masquenoticias.mx\/index.php\/wp-json\/wp\/v2\/comments?post=10203"}],"version-history":[{"count":1,"href":"https:\/\/masquenoticias.mx\/index.php\/wp-json\/wp\/v2\/posts\/10203\/revisions"}],"predecessor-version":[{"id":10205,"href":"https:\/\/masquenoticias.mx\/index.php\/wp-json\/wp\/v2\/posts\/10203\/revisions\/10205"}],"wp:featuredmedia":[{"embeddable":true,"href":"https:\/\/masquenoticias.mx\/index.php\/wp-json\/wp\/v2\/media\/10204"}],"wp:attachment":[{"href":"https:\/\/masquenoticias.mx\/index.php\/wp-json\/wp\/v2\/media?parent=10203"}],"wp:term":[{"taxonomy":"category","embeddable":true,"href":"https:\/\/masquenoticias.mx\/index.php\/wp-json\/wp\/v2\/categories?post=10203"},{"taxonomy":"post_tag","embeddable":true,"href":"https:\/\/masquenoticias.mx\/index.php\/wp-json\/wp\/v2\/tags?post=10203"}],"curies":[{"name":"wp","href":"https:\/\/api.w.org\/{rel}","templated":true}]}}